{"id":9975,"date":"2021-08-09T02:50:59","date_gmt":"2021-08-09T02:50:59","guid":{"rendered":"https:\/\/lurdinha.org\/site\/?p=9975"},"modified":"2021-08-09T04:45:06","modified_gmt":"2021-08-09T04:45:06","slug":"encanta-aos-76-anos-o-professor-stelio-lacerda-referencia-em-estudos-sobre-duque-de-caxias","status":"publish","type":"post","link":"https:\/\/lurdinha.org\/site\/encanta-aos-76-anos-o-professor-stelio-lacerda-referencia-em-estudos-sobre-duque-de-caxias\/","title":{"rendered":"Encanta aos 76 anos, o professor St\u00e9lio Lacerda, refer\u00eancia em estudos sobre Duque de Caxias"},"content":{"rendered":"<p><img loading=\"lazy\" decoding=\"async\" class=\"alignnone size-large wp-image-9976\" src=\"https:\/\/lurdinha.org\/site\/wp-content\/uploads\/20210808_233714-610x353.jpg\" alt=\"\" width=\"610\" height=\"353\" srcset=\"https:\/\/lurdinha.org\/site\/wp-content\/uploads\/20210808_233714-610x353.jpg 610w, https:\/\/lurdinha.org\/site\/wp-content\/uploads\/20210808_233714-300x173.jpg 300w, https:\/\/lurdinha.org\/site\/wp-content\/uploads\/20210808_233714-768x444.jpg 768w, https:\/\/lurdinha.org\/site\/wp-content\/uploads\/20210808_233714-1536x888.jpg 1536w, https:\/\/lurdinha.org\/site\/wp-content\/uploads\/20210808_233714-1200x694.jpg 1200w, https:\/\/lurdinha.org\/site\/wp-content\/uploads\/20210808_233714.jpg 1868w\" sizes=\"auto, (max-width: 610px) 100vw, 610px\" \/><\/p>\n<p>A Baixada Fluminense e a cidade de Duque de Caxias perderam um patrim\u00f4nio hist\u00f3rico e mem\u00f3ria viva da regi\u00e3o: falo do professor, historiador e memorialista St\u00e9lio Lacerda, que encantou na manh\u00e3 deste domingo (08\/08), aos 76 anos, de causa n\u00e3o informada pela fam\u00edlia.<\/p>\n<p>St\u00e9lio nasceu em Itaperuna, noroeste fluminense, em 10 de mar\u00e7o de 1945. Chegou em Duque de Caxias, em 1953 trazido por seus pais. Estudou inicialmente no Col\u00e9gio Duque de Caxias, fazendo parte do movimento estudantil. Ingressou no Instituto Governador Roberto Silveira, em 1964, onde liderou o centro acad\u00eamico Euclides da Cunha em prol da regulamenta\u00e7\u00e3o do curso de Pedagogia, hoje incorporado \u00e0 UERJ. No Instituto se licenciouo em Pedagogia e foi seu diretor. Al\u00e9m disso era formado em Hist\u00f3ria pela Sociedade Universit\u00e1ria Augusto Mota.<\/p>\n<p>Na pol\u00edtica foi Chefe de Gabinete do primeiro governo do prefeito Moacyr Rodrigues do Carmo (1967-1970); Secret\u00e1rio de Educa\u00e7\u00e3o e Cultura no governo do prefeito Renato Moreira da Fonseca (1975-1979); e Secret\u00e1rio de Cultura no segundo governo do prefeito Moacyr Rodrigues do Carmo (1993-1996) e no primeiro governo do prefeito Jos\u00e9 Camilo Zito (1996-2000).<\/p>\n<figure id=\"attachment_9977\" aria-describedby=\"caption-attachment-9977\" style=\"width: 350px\" class=\"wp-caption aligncenter\"><img loading=\"lazy\" decoding=\"async\" class=\"wp-image-9977\" src=\"https:\/\/lurdinha.org\/site\/wp-content\/uploads\/Peda__os-155-Gleiby.0.jpg\" alt=\"\" width=\"350\" height=\"241\" \/><figcaption id=\"caption-attachment-9977\" class=\"wp-caption-text\">St\u00e9lio Lacerda (a esquerda) e prefeito Renato Moreira da Fonseca em seu gabinete. Foto: Acervo Martha Rossi<\/figcaption><\/figure>\n<p>No primeiro governo do prefeito Moacyr do Carmo comp\u00f4s a equipe do CPPEM, o qual vai implementar e organizar o sistema p\u00fablico municipal de ensino na cidade.<\/p>\n<p>Em entrevista ao CEPEMHEd no ano de 2007, o professor St\u00e9lio relata detalhes dessa comiss\u00e3o: &#8220;<em>[&#8230;] No ano de 1972, Prof. Hilda do Carmo, que era diretora de educa\u00e7\u00e3o do munic\u00edpio, que que fez? Me convidou para participar de uma comiss\u00e3o chamada Comiss\u00e3o de Pesquisa, Estudos e Planejamento da Educa\u00e7\u00e3o Municipal. Qual era o problema dessa comiss\u00e3o? Como implantar a Reforma do Ensino numa rede escolar que 70% dela funcionava em pr\u00e9dios alugados ou cedidos, sem a menor condi\u00e7\u00e3o. Foi um trabalho de s\u00edsifo, como se diz em Filosofia, \u201cVai subir a montanha, chega l\u00e1 em cima a pedra desce de novo&#8230;\u201d Quer dizer, sem a menor perspectiva, n\u00e3o \u00e9? N\u00e3o tinha recurso. \u00c9ramos ali um&#8230; fazendo fic\u00e7\u00e3o naquela comiss\u00e3o. Estudos que me ajudaram muito como diretor de educa\u00e7\u00e3o. Eu j\u00e1 estava conhecendo a rede p\u00fablica nesse trabalho da Carta Escolar e a\u00ed, naqueles tr\u00eas anos de comiss\u00e3o, conheci muito de perto o problema da rede municipal[&#8230;]&#8221;<\/em><\/p>\n<p>St\u00e9lio Lacerda era funcion\u00e1rio aposentado da Prefeitura Municipal de Duque de Caxias e da SEEDUC-RJ. Deu aulas no curso normal do Instituto de Educa\u00e7\u00e3o Roberto Silveira, no Col\u00e9gio Duque de Caxias (particular), na Escola Municipal Marechal Mallet e em unidades da rede privada.<\/p>\n<p>No campo da leitura, retratou em colunas na Revista Caxias Magazine e Pilares da Hist\u00f3ria, importantes hist\u00f3rias e acontecimentos da cidade de Duque de Caxias. Escreveu diversos livros dentre os quais destaco: &#8220;<em>Tempos de gin\u00e1sio<\/em>&#8220;, &#8220;<em>Uma passagem pela Caxias dos anos 60&#8243;<\/em> e &#8220;<em>Pelos caminhos que a hist\u00f3ria deixou&#8221;<\/em>. Todos esses livros, estudei quando fiz minha gradua\u00e7\u00e3o em Hist\u00f3ria na FEUDUC, nas aulas de Hist\u00f3ria Regional.<\/p>\n<p>A Prefeitura Municipal de Duque de Caxias em decretou luto oficial de tr\u00eas dias e emitiu a seguinte nota: <em>&#8220;A Prefeitura de Duque de Caxias, em nome do prefeito Washington Reis, lamenta profundamente o falecimento do professor, Stelio Lacerda, na manh\u00e3 deste domingo (08\/08). Stelio foi escritor, professor da rede municipal, estadual e particular da cidade. Tamb\u00e9m atuou como secret\u00e1rio de Educa\u00e7\u00e3o e Cultura no munic\u00edpio. O professor prestou diversos servi\u00e7os relevantes deixando um legado importante na hist\u00f3ria da cidade. Neste momento de tristeza, a administra\u00e7\u00e3o municipal se solidariza com familiares e amigos a fim de expressar nossas mais sinceras condol\u00eancias pela perda irrepar\u00e1vel. Pedimos a Deus que conforte a todos neste momento de imensa dor. A PMDC declara luto oficial por tr\u00eas dias no munic\u00edpio&#8221;.<\/em><\/p>\n<p>No c\u00e9u encantado de Duque de Caxias encanta Dalva Lazaroni, Paullo Ramos, Barbosa Leite, Hermes Machado, Daniel Ferreira, Edinha Maia, Jo\u00e3o de Deus, Chiquinho Maciel, Martha Rossi e tantos outros nomes da nossa cultura popular que recepcionam com muito carinho nosso mestre St\u00e9lio.<\/p>\n","protected":false},"excerpt":{"rendered":"<p>A Baixada Fluminense e a cidade de Duque de Caxias perderam um patrim\u00f4nio hist\u00f3rico e&#8230;<\/p>\n","protected":false},"author":69,"featured_media":9976,"comment_status":"open","ping_status":"closed","sticky":false,"template":"","format":"standard","meta":{"footnotes":""},"categories":[14,9],"tags":[],"class_list":["post-9975","post","type-post","status-publish","format-standard","has-post-thumbnail","hentry","category-gente","category-historia"],"yoast_head":"<!-- This site is optimized with the Yoast SEO plugin v27.5 - https:\/\/yoast.com\/product\/yoast-seo-wordpress\/ -->\n<title>Encanta aos 76 anos, o professor St\u00e9lio Lacerda, refer\u00eancia em estudos sobre Duque de Caxias - Lurdinha - Duque de Caxias para Est\u00f4magos Fortes<\/title>\n<meta name=\"robots\" content=\"index, follow, max-snippet:-1, max-image-preview:large, max-video-preview:-1\" \/>\n<link rel=\"canonical\" href=\"https:\/\/lurdinha.org\/site\/encanta-aos-76-anos-o-professor-stelio-lacerda-referencia-em-estudos-sobre-duque-de-caxias\/\" \/>\n<meta property=\"og:locale\" content=\"pt_BR\" \/>\n<meta property=\"og:type\" content=\"article\" \/>\n<meta property=\"og:title\" content=\"Encanta aos 76 anos, o professor St\u00e9lio Lacerda, refer\u00eancia em estudos sobre Duque de Caxias - Lurdinha - Duque de Caxias para Est\u00f4magos Fortes\" \/>\n<meta property=\"og:description\" content=\"A Baixada Fluminense e a cidade de Duque de Caxias perderam um patrim\u00f4nio hist\u00f3rico e...\" \/>\n<meta property=\"og:url\" content=\"https:\/\/lurdinha.org\/site\/encanta-aos-76-anos-o-professor-stelio-lacerda-referencia-em-estudos-sobre-duque-de-caxias\/\" \/>\n<meta property=\"og:site_name\" content=\"Lurdinha - Duque de Caxias para Est\u00f4magos Fortes\" \/>\n<meta property=\"article:publisher\" content=\"https:\/\/www.facebook.com\/LurdinhadeCaxias\" \/>\n<meta property=\"article:author\" content=\"profmarroni\" \/>\n<meta property=\"article:published_time\" content=\"2021-08-09T02:50:59+00:00\" \/>\n<meta property=\"article:modified_time\" content=\"2021-08-09T04:45:06+00:00\" \/>\n<meta property=\"og:image\" content=\"https:\/\/lurdinha.org\/site\/wp-content\/uploads\/20210808_233714.jpg\" \/>\n\t<meta property=\"og:image:width\" content=\"1868\" \/>\n\t<meta property=\"og:image:height\" content=\"1080\" \/>\n\t<meta property=\"og:image:type\" content=\"image\/jpeg\" \/>\n<meta name=\"author\" content=\"Marroni Alves\" \/>\n<meta name=\"twitter:card\" content=\"summary_large_image\" \/>\n<meta name=\"twitter:creator\" content=\"@MarroniAlves\" \/>\n<meta name=\"twitter:label1\" content=\"Escrito por\" \/>\n\t<meta name=\"twitter:data1\" content=\"Marroni Alves\" \/>\n\t<meta name=\"twitter:label2\" content=\"Est. tempo de leitura\" \/>\n\t<meta name=\"twitter:data2\" content=\"4 minutos\" \/>\n<script type=\"application\/ld+json\" class=\"yoast-schema-graph\">{\"@context\":\"https:\\\/\\\/schema.org\",\"@graph\":[{\"@type\":\"Article\",\"@id\":\"https:\\\/\\\/lurdinha.org\\\/site\\\/encanta-aos-76-anos-o-professor-stelio-lacerda-referencia-em-estudos-sobre-duque-de-caxias\\\/#article\",\"isPartOf\":{\"@id\":\"https:\\\/\\\/lurdinha.org\\\/site\\\/encanta-aos-76-anos-o-professor-stelio-lacerda-referencia-em-estudos-sobre-duque-de-caxias\\\/\"},\"author\":{\"name\":\"Marroni Alves\",\"@id\":\"https:\\\/\\\/lurdinha.org\\\/site\\\/#\\\/schema\\\/person\\\/962cc3e1090602931955c4bd427a5b79\"},\"headline\":\"Encanta aos 76 anos, o professor St\u00e9lio Lacerda, refer\u00eancia em estudos sobre Duque de Caxias\",\"datePublished\":\"2021-08-09T02:50:59+00:00\",\"dateModified\":\"2021-08-09T04:45:06+00:00\",\"mainEntityOfPage\":{\"@id\":\"https:\\\/\\\/lurdinha.org\\\/site\\\/encanta-aos-76-anos-o-professor-stelio-lacerda-referencia-em-estudos-sobre-duque-de-caxias\\\/\"},\"wordCount\":736,\"commentCount\":0,\"publisher\":{\"@id\":\"https:\\\/\\\/lurdinha.org\\\/site\\\/#organization\"},\"image\":{\"@id\":\"https:\\\/\\\/lurdinha.org\\\/site\\\/encanta-aos-76-anos-o-professor-stelio-lacerda-referencia-em-estudos-sobre-duque-de-caxias\\\/#primaryimage\"},\"thumbnailUrl\":\"https:\\\/\\\/lurdinha.org\\\/site\\\/wp-content\\\/uploads\\\/20210808_233714.jpg\",\"articleSection\":[\"gente\",\"hist\u00f3ria\"],\"inLanguage\":\"pt-BR\",\"potentialAction\":[{\"@type\":\"CommentAction\",\"name\":\"Comment\",\"target\":[\"https:\\\/\\\/lurdinha.org\\\/site\\\/encanta-aos-76-anos-o-professor-stelio-lacerda-referencia-em-estudos-sobre-duque-de-caxias\\\/#respond\"]}]},{\"@type\":\"WebPage\",\"@id\":\"https:\\\/\\\/lurdinha.org\\\/site\\\/encanta-aos-76-anos-o-professor-stelio-lacerda-referencia-em-estudos-sobre-duque-de-caxias\\\/\",\"url\":\"https:\\\/\\\/lurdinha.org\\\/site\\\/encanta-aos-76-anos-o-professor-stelio-lacerda-referencia-em-estudos-sobre-duque-de-caxias\\\/\",\"name\":\"Encanta aos 76 anos, o professor St\u00e9lio Lacerda, refer\u00eancia em estudos sobre Duque de Caxias - Lurdinha - Duque de Caxias para Est\u00f4magos Fortes\",\"isPartOf\":{\"@id\":\"https:\\\/\\\/lurdinha.org\\\/site\\\/#website\"},\"primaryImageOfPage\":{\"@id\":\"https:\\\/\\\/lurdinha.org\\\/site\\\/encanta-aos-76-anos-o-professor-stelio-lacerda-referencia-em-estudos-sobre-duque-de-caxias\\\/#primaryimage\"},\"image\":{\"@id\":\"https:\\\/\\\/lurdinha.org\\\/site\\\/encanta-aos-76-anos-o-professor-stelio-lacerda-referencia-em-estudos-sobre-duque-de-caxias\\\/#primaryimage\"},\"thumbnailUrl\":\"https:\\\/\\\/lurdinha.org\\\/site\\\/wp-content\\\/uploads\\\/20210808_233714.jpg\",\"datePublished\":\"2021-08-09T02:50:59+00:00\",\"dateModified\":\"2021-08-09T04:45:06+00:00\",\"breadcrumb\":{\"@id\":\"https:\\\/\\\/lurdinha.org\\\/site\\\/encanta-aos-76-anos-o-professor-stelio-lacerda-referencia-em-estudos-sobre-duque-de-caxias\\\/#breadcrumb\"},\"inLanguage\":\"pt-BR\",\"potentialAction\":[{\"@type\":\"ReadAction\",\"target\":[\"https:\\\/\\\/lurdinha.org\\\/site\\\/encanta-aos-76-anos-o-professor-stelio-lacerda-referencia-em-estudos-sobre-duque-de-caxias\\\/\"]}]},{\"@type\":\"ImageObject\",\"inLanguage\":\"pt-BR\",\"@id\":\"https:\\\/\\\/lurdinha.org\\\/site\\\/encanta-aos-76-anos-o-professor-stelio-lacerda-referencia-em-estudos-sobre-duque-de-caxias\\\/#primaryimage\",\"url\":\"https:\\\/\\\/lurdinha.org\\\/site\\\/wp-content\\\/uploads\\\/20210808_233714.jpg\",\"contentUrl\":\"https:\\\/\\\/lurdinha.org\\\/site\\\/wp-content\\\/uploads\\\/20210808_233714.jpg\",\"width\":1868,\"height\":1080},{\"@type\":\"BreadcrumbList\",\"@id\":\"https:\\\/\\\/lurdinha.org\\\/site\\\/encanta-aos-76-anos-o-professor-stelio-lacerda-referencia-em-estudos-sobre-duque-de-caxias\\\/#breadcrumb\",\"itemListElement\":[{\"@type\":\"ListItem\",\"position\":1,\"name\":\"In\u00edcio\",\"item\":\"https:\\\/\\\/lurdinha.org\\\/site\\\/\"},{\"@type\":\"ListItem\",\"position\":2,\"name\":\"Encanta aos 76 anos, o professor St\u00e9lio Lacerda, refer\u00eancia em estudos sobre Duque de Caxias\"}]},{\"@type\":\"WebSite\",\"@id\":\"https:\\\/\\\/lurdinha.org\\\/site\\\/#website\",\"url\":\"https:\\\/\\\/lurdinha.org\\\/site\\\/\",\"name\":\"Lurdinha - Duque de Caxias para Est\u00f4magos Fortes\",\"description\":\"Site sobre Arte, Cultura, Pol\u00edtica, Sociedade e curiosidades da cidade de Duque de Caxias, RJ\",\"publisher\":{\"@id\":\"https:\\\/\\\/lurdinha.org\\\/site\\\/#organization\"},\"alternateName\":\"Lurdinha\",\"potentialAction\":[{\"@type\":\"SearchAction\",\"target\":{\"@type\":\"EntryPoint\",\"urlTemplate\":\"https:\\\/\\\/lurdinha.org\\\/site\\\/?s={search_term_string}\"},\"query-input\":{\"@type\":\"PropertyValueSpecification\",\"valueRequired\":true,\"valueName\":\"search_term_string\"}}],\"inLanguage\":\"pt-BR\"},{\"@type\":\"Organization\",\"@id\":\"https:\\\/\\\/lurdinha.org\\\/site\\\/#organization\",\"name\":\"Lurdinha de Caxias\",\"url\":\"https:\\\/\\\/lurdinha.org\\\/site\\\/\",\"logo\":{\"@type\":\"ImageObject\",\"inLanguage\":\"pt-BR\",\"@id\":\"https:\\\/\\\/lurdinha.org\\\/site\\\/#\\\/schema\\\/logo\\\/image\\\/\",\"url\":\"https:\\\/\\\/lurdinha.org\\\/site\\\/wp-content\\\/uploads\\\/logo-lurdinha.jpg\",\"contentUrl\":\"https:\\\/\\\/lurdinha.org\\\/site\\\/wp-content\\\/uploads\\\/logo-lurdinha.jpg\",\"width\":640,\"height\":60,\"caption\":\"Lurdinha de Caxias\"},\"image\":{\"@id\":\"https:\\\/\\\/lurdinha.org\\\/site\\\/#\\\/schema\\\/logo\\\/image\\\/\"},\"sameAs\":[\"https:\\\/\\\/www.facebook.com\\\/LurdinhadeCaxias\",\"https:\\\/\\\/www.instagram.com\\\/lurdinhadecaxias\"]},{\"@type\":\"Person\",\"@id\":\"https:\\\/\\\/lurdinha.org\\\/site\\\/#\\\/schema\\\/person\\\/962cc3e1090602931955c4bd427a5b79\",\"name\":\"Marroni Alves\",\"image\":{\"@type\":\"ImageObject\",\"inLanguage\":\"pt-BR\",\"@id\":\"https:\\\/\\\/secure.gravatar.com\\\/avatar\\\/1ad3bda8d2f95405271f92b1a014b8c0c906279b4732863ae89fa73c6e251ddf?s=96&d=mm&r=g\",\"url\":\"https:\\\/\\\/secure.gravatar.com\\\/avatar\\\/1ad3bda8d2f95405271f92b1a014b8c0c906279b4732863ae89fa73c6e251ddf?s=96&d=mm&r=g\",\"contentUrl\":\"https:\\\/\\\/secure.gravatar.com\\\/avatar\\\/1ad3bda8d2f95405271f92b1a014b8c0c906279b4732863ae89fa73c6e251ddf?s=96&d=mm&r=g\",\"caption\":\"Marroni Alves\"},\"description\":\"Filho da escola p\u00fablica e de pernambucanos. Nascido no Hospital Duque, mas sempre no Hospital Infantil. Formado em Hist\u00f3ria na FEUDUC, dou aula em pr\u00e9-vestibular comunit\u00e1rio na Vila Ideal, Jardim Gramacho, Complexo da Mangueirinha e Xerem.\",\"sameAs\":[\"profmarroni\",\"https:\\\/\\\/www.instagram.com\\\/marronialves\\\/\",\"https:\\\/\\\/x.com\\\/MarroniAlves\"],\"url\":\"https:\\\/\\\/lurdinha.org\\\/site\\\/author\\\/marroni\\\/\"}]}<\/script>\n<!-- \/ Yoast SEO plugin. -->","yoast_head_json":{"title":"Encanta aos 76 anos, o professor St\u00e9lio Lacerda, refer\u00eancia em estudos sobre Duque de Caxias - Lurdinha - Duque de Caxias para Est\u00f4magos Fortes","robots":{"index":"index","follow":"follow","max-snippet":"max-snippet:-1","max-image-preview":"max-image-preview:large","max-video-preview":"max-video-preview:-1"},"canonical":"https:\/\/lurdinha.org\/site\/encanta-aos-76-anos-o-professor-stelio-lacerda-referencia-em-estudos-sobre-duque-de-caxias\/","og_locale":"pt_BR","og_type":"article","og_title":"Encanta aos 76 anos, o professor St\u00e9lio Lacerda, refer\u00eancia em estudos sobre Duque de Caxias - Lurdinha - Duque de Caxias para Est\u00f4magos Fortes","og_description":"A Baixada Fluminense e a cidade de Duque de Caxias perderam um patrim\u00f4nio hist\u00f3rico e...","og_url":"https:\/\/lurdinha.org\/site\/encanta-aos-76-anos-o-professor-stelio-lacerda-referencia-em-estudos-sobre-duque-de-caxias\/","og_site_name":"Lurdinha - Duque de Caxias para Est\u00f4magos Fortes","article_publisher":"https:\/\/www.facebook.com\/LurdinhadeCaxias","article_author":"profmarroni","article_published_time":"2021-08-09T02:50:59+00:00","article_modified_time":"2021-08-09T04:45:06+00:00","og_image":[{"width":1868,"height":1080,"url":"https:\/\/lurdinha.org\/site\/wp-content\/uploads\/20210808_233714.jpg","type":"image\/jpeg"}],"author":"Marroni Alves","twitter_card":"summary_large_image","twitter_creator":"@MarroniAlves","twitter_misc":{"Escrito por":"Marroni Alves","Est. tempo de leitura":"4 minutos"},"schema":{"@context":"https:\/\/schema.org","@graph":[{"@type":"Article","@id":"https:\/\/lurdinha.org\/site\/encanta-aos-76-anos-o-professor-stelio-lacerda-referencia-em-estudos-sobre-duque-de-caxias\/#article","isPartOf":{"@id":"https:\/\/lurdinha.org\/site\/encanta-aos-76-anos-o-professor-stelio-lacerda-referencia-em-estudos-sobre-duque-de-caxias\/"},"author":{"name":"Marroni Alves","@id":"https:\/\/lurdinha.org\/site\/#\/schema\/person\/962cc3e1090602931955c4bd427a5b79"},"headline":"Encanta aos 76 anos, o professor St\u00e9lio Lacerda, refer\u00eancia em estudos sobre Duque de Caxias","datePublished":"2021-08-09T02:50:59+00:00","dateModified":"2021-08-09T04:45:06+00:00","mainEntityOfPage":{"@id":"https:\/\/lurdinha.org\/site\/encanta-aos-76-anos-o-professor-stelio-lacerda-referencia-em-estudos-sobre-duque-de-caxias\/"},"wordCount":736,"commentCount":0,"publisher":{"@id":"https:\/\/lurdinha.org\/site\/#organization"},"image":{"@id":"https:\/\/lurdinha.org\/site\/encanta-aos-76-anos-o-professor-stelio-lacerda-referencia-em-estudos-sobre-duque-de-caxias\/#primaryimage"},"thumbnailUrl":"https:\/\/lurdinha.org\/site\/wp-content\/uploads\/20210808_233714.jpg","articleSection":["gente","hist\u00f3ria"],"inLanguage":"pt-BR","potentialAction":[{"@type":"CommentAction","name":"Comment","target":["https:\/\/lurdinha.org\/site\/encanta-aos-76-anos-o-professor-stelio-lacerda-referencia-em-estudos-sobre-duque-de-caxias\/#respond"]}]},{"@type":"WebPage","@id":"https:\/\/lurdinha.org\/site\/encanta-aos-76-anos-o-professor-stelio-lacerda-referencia-em-estudos-sobre-duque-de-caxias\/","url":"https:\/\/lurdinha.org\/site\/encanta-aos-76-anos-o-professor-stelio-lacerda-referencia-em-estudos-sobre-duque-de-caxias\/","name":"Encanta aos 76 anos, o professor St\u00e9lio Lacerda, refer\u00eancia em estudos sobre Duque de Caxias - Lurdinha - Duque de Caxias para Est\u00f4magos Fortes","isPartOf":{"@id":"https:\/\/lurdinha.org\/site\/#website"},"primaryImageOfPage":{"@id":"https:\/\/lurdinha.org\/site\/encanta-aos-76-anos-o-professor-stelio-lacerda-referencia-em-estudos-sobre-duque-de-caxias\/#primaryimage"},"image":{"@id":"https:\/\/lurdinha.org\/site\/encanta-aos-76-anos-o-professor-stelio-lacerda-referencia-em-estudos-sobre-duque-de-caxias\/#primaryimage"},"thumbnailUrl":"https:\/\/lurdinha.org\/site\/wp-content\/uploads\/20210808_233714.jpg","datePublished":"2021-08-09T02:50:59+00:00","dateModified":"2021-08-09T04:45:06+00:00","breadcrumb":{"@id":"https:\/\/lurdinha.org\/site\/encanta-aos-76-anos-o-professor-stelio-lacerda-referencia-em-estudos-sobre-duque-de-caxias\/#breadcrumb"},"inLanguage":"pt-BR","potentialAction":[{"@type":"ReadAction","target":["https:\/\/lurdinha.org\/site\/encanta-aos-76-anos-o-professor-stelio-lacerda-referencia-em-estudos-sobre-duque-de-caxias\/"]}]},{"@type":"ImageObject","inLanguage":"pt-BR","@id":"https:\/\/lurdinha.org\/site\/encanta-aos-76-anos-o-professor-stelio-lacerda-referencia-em-estudos-sobre-duque-de-caxias\/#primaryimage","url":"https:\/\/lurdinha.org\/site\/wp-content\/uploads\/20210808_233714.jpg","contentUrl":"https:\/\/lurdinha.org\/site\/wp-content\/uploads\/20210808_233714.jpg","width":1868,"height":1080},{"@type":"BreadcrumbList","@id":"https:\/\/lurdinha.org\/site\/encanta-aos-76-anos-o-professor-stelio-lacerda-referencia-em-estudos-sobre-duque-de-caxias\/#breadcrumb","itemListElement":[{"@type":"ListItem","position":1,"name":"In\u00edcio","item":"https:\/\/lurdinha.org\/site\/"},{"@type":"ListItem","position":2,"name":"Encanta aos 76 anos, o professor St\u00e9lio Lacerda, refer\u00eancia em estudos sobre Duque de Caxias"}]},{"@type":"WebSite","@id":"https:\/\/lurdinha.org\/site\/#website","url":"https:\/\/lurdinha.org\/site\/","name":"Lurdinha - Duque de Caxias para Est\u00f4magos Fortes","description":"Site sobre Arte, Cultura, Pol\u00edtica, Sociedade e curiosidades da cidade de Duque de Caxias, RJ","publisher":{"@id":"https:\/\/lurdinha.org\/site\/#organization"},"alternateName":"Lurdinha","potentialAction":[{"@type":"SearchAction","target":{"@type":"EntryPoint","urlTemplate":"https:\/\/lurdinha.org\/site\/?s={search_term_string}"},"query-input":{"@type":"PropertyValueSpecification","valueRequired":true,"valueName":"search_term_string"}}],"inLanguage":"pt-BR"},{"@type":"Organization","@id":"https:\/\/lurdinha.org\/site\/#organization","name":"Lurdinha de Caxias","url":"https:\/\/lurdinha.org\/site\/","logo":{"@type":"ImageObject","inLanguage":"pt-BR","@id":"https:\/\/lurdinha.org\/site\/#\/schema\/logo\/image\/","url":"https:\/\/lurdinha.org\/site\/wp-content\/uploads\/logo-lurdinha.jpg","contentUrl":"https:\/\/lurdinha.org\/site\/wp-content\/uploads\/logo-lurdinha.jpg","width":640,"height":60,"caption":"Lurdinha de Caxias"},"image":{"@id":"https:\/\/lurdinha.org\/site\/#\/schema\/logo\/image\/"},"sameAs":["https:\/\/www.facebook.com\/LurdinhadeCaxias","https:\/\/www.instagram.com\/lurdinhadecaxias"]},{"@type":"Person","@id":"https:\/\/lurdinha.org\/site\/#\/schema\/person\/962cc3e1090602931955c4bd427a5b79","name":"Marroni Alves","image":{"@type":"ImageObject","inLanguage":"pt-BR","@id":"https:\/\/secure.gravatar.com\/avatar\/1ad3bda8d2f95405271f92b1a014b8c0c906279b4732863ae89fa73c6e251ddf?s=96&d=mm&r=g","url":"https:\/\/secure.gravatar.com\/avatar\/1ad3bda8d2f95405271f92b1a014b8c0c906279b4732863ae89fa73c6e251ddf?s=96&d=mm&r=g","contentUrl":"https:\/\/secure.gravatar.com\/avatar\/1ad3bda8d2f95405271f92b1a014b8c0c906279b4732863ae89fa73c6e251ddf?s=96&d=mm&r=g","caption":"Marroni Alves"},"description":"Filho da escola p\u00fablica e de pernambucanos. Nascido no Hospital Duque, mas sempre no Hospital Infantil. Formado em Hist\u00f3ria na FEUDUC, dou aula em pr\u00e9-vestibular comunit\u00e1rio na Vila Ideal, Jardim Gramacho, Complexo da Mangueirinha e Xerem.","sameAs":["profmarroni","https:\/\/www.instagram.com\/marronialves\/","https:\/\/x.com\/MarroniAlves"],"url":"https:\/\/lurdinha.org\/site\/author\/marroni\/"}]}},"views":2219,"_links":{"self":[{"href":"https:\/\/lurdinha.org\/site\/wp-json\/wp\/v2\/posts\/9975","targetHints":{"allow":["GET"]}}],"collection":[{"href":"https:\/\/lurdinha.org\/site\/wp-json\/wp\/v2\/posts"}],"about":[{"href":"https:\/\/lurdinha.org\/site\/wp-json\/wp\/v2\/types\/post"}],"author":[{"embeddable":true,"href":"https:\/\/lurdinha.org\/site\/wp-json\/wp\/v2\/users\/69"}],"replies":[{"embeddable":true,"href":"https:\/\/lurdinha.org\/site\/wp-json\/wp\/v2\/comments?post=9975"}],"version-history":[{"count":5,"href":"https:\/\/lurdinha.org\/site\/wp-json\/wp\/v2\/posts\/9975\/revisions"}],"predecessor-version":[{"id":9982,"href":"https:\/\/lurdinha.org\/site\/wp-json\/wp\/v2\/posts\/9975\/revisions\/9982"}],"wp:featuredmedia":[{"embeddable":true,"href":"https:\/\/lurdinha.org\/site\/wp-json\/wp\/v2\/media\/9976"}],"wp:attachment":[{"href":"https:\/\/lurdinha.org\/site\/wp-json\/wp\/v2\/media?parent=9975"}],"wp:term":[{"taxonomy":"category","embeddable":true,"href":"https:\/\/lurdinha.org\/site\/wp-json\/wp\/v2\/categories?post=9975"},{"taxonomy":"post_tag","embeddable":true,"href":"https:\/\/lurdinha.org\/site\/wp-json\/wp\/v2\/tags?post=9975"}],"curies":[{"name":"wp","href":"https:\/\/api.w.org\/{rel}","templated":true}]}}