{"id":9946,"date":"2021-07-09T02:54:06","date_gmt":"2021-07-09T02:54:06","guid":{"rendered":"https:\/\/lurdinha.org\/site\/?p=9946"},"modified":"2021-07-12T02:55:41","modified_gmt":"2021-07-12T02:55:41","slug":"dia-13-07-dia-do-rock-vai-ter-roque-fora-bolsonaro","status":"publish","type":"post","link":"https:\/\/lurdinha.org\/site\/dia-13-07-dia-do-rock-vai-ter-roque-fora-bolsonaro\/","title":{"rendered":"Dia 13\/07, Dia do Rock, vai ter Roque Fora Bolsonaro"},"content":{"rendered":"<p><img loading=\"lazy\" decoding=\"async\" class=\"alignnone size-full wp-image-9948\" src=\"https:\/\/lurdinha.org\/site\/wp-content\/uploads\/roque-fora-bolsonaro.jpg\" alt=\"Roque Fora Bolsonaro\" width=\"596\" height=\"540\" srcset=\"https:\/\/lurdinha.org\/site\/wp-content\/uploads\/roque-fora-bolsonaro.jpg 596w, https:\/\/lurdinha.org\/site\/wp-content\/uploads\/roque-fora-bolsonaro-300x272.jpg 300w\" sizes=\"auto, (max-width: 596px) 100vw, 596px\" \/><\/p>\n<p><span style=\"font-size: large;\">S\u00e3o quase 20 anos na pista, mas digamos que voc\u00ea n\u00e3o conhece o Luciano Paz e o Tomarock &#8211; um s\u00edmbolo da resist\u00eancia rock n&#8217; roll da baixada. Bora consertar esse grande equ\u00edvoco? \ud83d\ude0e\ud83d\udc47\u2800<br \/>\n\u2800<br \/>\nO Luciano \u00e9 o respons\u00e1vel pela Tomarock Produ\u00e7\u00f5es, um baita evento realizado em Duque de Caxias h\u00e1 18 anos. De l\u00e1 pra c\u00e1 foram mais de 500 bandas em seus eventos como Sepultura, Matanza, Pitty, Brujeria, Supercombo, Obituary, Terno Rei e muitas outras.\u2800<br \/>\nO Tomarock \u00e9 cria da baixada e leva o rock para tudo que canto: baixada fluminense, zonas norte, sul e oeste! Recentemente criou pol\u00eamica ao confrontar o pensamento retr\u00f3grado e conservador de p\u00fablico e m\u00fasicos da cena underground que apoiam o governo fascista e por comunicar publicamente que roqueiros fascistas n\u00e3o s\u00e3o bem vindos por l\u00e1. E olha a feliz coincid\u00eancia: tamb\u00e9m n\u00e3o s\u00e3o bem-vindos aqui na Roque Pense!, mas isso voc\u00eas j\u00e1 sabem n\u00e9? Imagina o que vai ser essa live&#8230; \ud83d\udd25\ud83d\udd25\u2800<br \/>\nO papo promete, s\u00f3 digo isso!\u2800<br \/>\n\u2800<br \/>\nQueremos ver voc\u00eas nessa live!\u2800<br \/>\n\ud83d\udc49 Vai ser no Dia do Rock, anota ai e salva o cron\u00f4metro:\u2800\u2800<br \/>\n\u2728 Data: ter\u00e7a feira, 13\/07\u2800\u2800<br \/>\n\u2728 Hor\u00e1rio: 19h\u2800\u2800<br \/>\n\u2728 Local: Aqui no Instagram da Roque Pense!\u2800\u2800<br \/>\n\u2800\u2800<br \/>\n\ud83d\udd25 Preparem-se!\u2800<br \/>\n\u2800<br \/>\n<a href=\"https:\/\/www.instagram.com\/explore\/tags\/roquepense\/\">#RoquePense<\/a> <a href=\"https:\/\/www.instagram.com\/explore\/tags\/rp10anos\/\">#RP10anos<\/a> <a href=\"https:\/\/www.instagram.com\/explore\/tags\/festivalrp\/\">#FESTIVALRP<\/a>\u200b <a href=\"https:\/\/www.instagram.com\/explore\/tags\/tomarock\/\">#Tomarock<\/a> <a href=\"https:\/\/www.instagram.com\/explore\/tags\/diadorock\/\">#DiadoRock<\/a> <a href=\"https:\/\/www.instagram.com\/explore\/tags\/roque\/\">#Roque<\/a> <a href=\"https:\/\/www.instagram.com\/explore\/tags\/rocknroll\/\">#Rocknroll<\/a> <a href=\"https:\/\/www.instagram.com\/explore\/tags\/forabolsonaro\/\">#forabolsonaro<\/a><\/span><\/p>\n","protected":false},"excerpt":{"rendered":"<p>S\u00e3o quase 20 anos na pista, mas digamos que voc\u00ea n\u00e3o conhece o Luciano Paz&#8230;<\/p>\n","protected":false},"author":50,"featured_media":9948,"comment_status":"open","ping_status":"closed","sticky":false,"template":"","format":"standard","meta":{"footnotes":""},"categories":[8,7,5],"tags":[1268,759,1267],"class_list":["post-9946","post","type-post","status-publish","format-standard","has-post-thumbnail","hentry","category-evento","category-musica","category-umaboa","tag-luciano-paz","tag-roque-pense","tag-tomarock"],"yoast_head":"<!-- This site is optimized with the Yoast SEO plugin v27.5 - https:\/\/yoast.com\/product\/yoast-seo-wordpress\/ -->\n<title>Dia 13\/07, Dia do Rock, vai ter Roque Fora Bolsonaro - Lurdinha - Duque de Caxias para Est\u00f4magos Fortes<\/title>\n<meta name=\"robots\" content=\"index, follow, max-snippet:-1, max-image-preview:large, max-video-preview:-1\" \/>\n<link rel=\"canonical\" href=\"https:\/\/lurdinha.org\/site\/dia-13-07-dia-do-rock-vai-ter-roque-fora-bolsonaro\/\" \/>\n<meta property=\"og:locale\" content=\"pt_BR\" \/>\n<meta property=\"og:type\" content=\"article\" \/>\n<meta property=\"og:title\" content=\"Dia 13\/07, Dia do Rock, vai ter Roque Fora Bolsonaro - Lurdinha - Duque de Caxias para Est\u00f4magos Fortes\" \/>\n<meta property=\"og:description\" content=\"S\u00e3o quase 20 anos na pista, mas digamos que voc\u00ea n\u00e3o conhece o Luciano Paz...\" \/>\n<meta property=\"og:url\" content=\"https:\/\/lurdinha.org\/site\/dia-13-07-dia-do-rock-vai-ter-roque-fora-bolsonaro\/\" \/>\n<meta property=\"og:site_name\" content=\"Lurdinha - Duque de Caxias para Est\u00f4magos Fortes\" \/>\n<meta property=\"article:publisher\" content=\"https:\/\/www.facebook.com\/LurdinhadeCaxias\" \/>\n<meta property=\"article:published_time\" content=\"2021-07-09T02:54:06+00:00\" \/>\n<meta property=\"article:modified_time\" content=\"2021-07-12T02:55:41+00:00\" \/>\n<meta property=\"og:image\" content=\"https:\/\/lurdinha.org\/site\/wp-content\/uploads\/roque-fora-bolsonaro.jpg\" \/>\n\t<meta property=\"og:image:width\" content=\"596\" \/>\n\t<meta property=\"og:image:height\" content=\"540\" \/>\n\t<meta property=\"og:image:type\" content=\"image\/jpeg\" \/>\n<meta name=\"author\" content=\"Giordana Moreira\" \/>\n<meta name=\"twitter:card\" content=\"summary_large_image\" \/>\n<meta name=\"twitter:label1\" content=\"Escrito por\" \/>\n\t<meta name=\"twitter:data1\" content=\"Giordana Moreira\" \/>\n\t<meta name=\"twitter:label2\" content=\"Est. tempo de leitura\" \/>\n\t<meta name=\"twitter:data2\" content=\"1 minuto\" \/>\n<script type=\"application\/ld+json\" class=\"yoast-schema-graph\">{\"@context\":\"https:\\\/\\\/schema.org\",\"@graph\":[{\"@type\":\"Article\",\"@id\":\"https:\\\/\\\/lurdinha.org\\\/site\\\/dia-13-07-dia-do-rock-vai-ter-roque-fora-bolsonaro\\\/#article\",\"isPartOf\":{\"@id\":\"https:\\\/\\\/lurdinha.org\\\/site\\\/dia-13-07-dia-do-rock-vai-ter-roque-fora-bolsonaro\\\/\"},\"author\":{\"name\":\"Giordana Moreira\",\"@id\":\"https:\\\/\\\/lurdinha.org\\\/site\\\/#\\\/schema\\\/person\\\/8b9bc11c30db80b08c3a50b5638d7051\"},\"headline\":\"Dia 13\\\/07, Dia do Rock, vai ter Roque Fora Bolsonaro\",\"datePublished\":\"2021-07-09T02:54:06+00:00\",\"dateModified\":\"2021-07-12T02:55:41+00:00\",\"mainEntityOfPage\":{\"@id\":\"https:\\\/\\\/lurdinha.org\\\/site\\\/dia-13-07-dia-do-rock-vai-ter-roque-fora-bolsonaro\\\/\"},\"wordCount\":229,\"commentCount\":0,\"publisher\":{\"@id\":\"https:\\\/\\\/lurdinha.org\\\/site\\\/#organization\"},\"image\":{\"@id\":\"https:\\\/\\\/lurdinha.org\\\/site\\\/dia-13-07-dia-do-rock-vai-ter-roque-fora-bolsonaro\\\/#primaryimage\"},\"thumbnailUrl\":\"https:\\\/\\\/lurdinha.org\\\/site\\\/wp-content\\\/uploads\\\/roque-fora-bolsonaro.jpg\",\"keywords\":[\"luciano paz\",\"roque pense\",\"tomarock\"],\"articleSection\":[\"evento\",\"m\u00fasica\",\"uma boa\"],\"inLanguage\":\"pt-BR\",\"potentialAction\":[{\"@type\":\"CommentAction\",\"name\":\"Comment\",\"target\":[\"https:\\\/\\\/lurdinha.org\\\/site\\\/dia-13-07-dia-do-rock-vai-ter-roque-fora-bolsonaro\\\/#respond\"]}]},{\"@type\":\"WebPage\",\"@id\":\"https:\\\/\\\/lurdinha.org\\\/site\\\/dia-13-07-dia-do-rock-vai-ter-roque-fora-bolsonaro\\\/\",\"url\":\"https:\\\/\\\/lurdinha.org\\\/site\\\/dia-13-07-dia-do-rock-vai-ter-roque-fora-bolsonaro\\\/\",\"name\":\"Dia 13\\\/07, Dia do Rock, vai ter Roque Fora Bolsonaro - Lurdinha - Duque de Caxias para Est\u00f4magos Fortes\",\"isPartOf\":{\"@id\":\"https:\\\/\\\/lurdinha.org\\\/site\\\/#website\"},\"primaryImageOfPage\":{\"@id\":\"https:\\\/\\\/lurdinha.org\\\/site\\\/dia-13-07-dia-do-rock-vai-ter-roque-fora-bolsonaro\\\/#primaryimage\"},\"image\":{\"@id\":\"https:\\\/\\\/lurdinha.org\\\/site\\\/dia-13-07-dia-do-rock-vai-ter-roque-fora-bolsonaro\\\/#primaryimage\"},\"thumbnailUrl\":\"https:\\\/\\\/lurdinha.org\\\/site\\\/wp-content\\\/uploads\\\/roque-fora-bolsonaro.jpg\",\"datePublished\":\"2021-07-09T02:54:06+00:00\",\"dateModified\":\"2021-07-12T02:55:41+00:00\",\"breadcrumb\":{\"@id\":\"https:\\\/\\\/lurdinha.org\\\/site\\\/dia-13-07-dia-do-rock-vai-ter-roque-fora-bolsonaro\\\/#breadcrumb\"},\"inLanguage\":\"pt-BR\",\"potentialAction\":[{\"@type\":\"ReadAction\",\"target\":[\"https:\\\/\\\/lurdinha.org\\\/site\\\/dia-13-07-dia-do-rock-vai-ter-roque-fora-bolsonaro\\\/\"]}]},{\"@type\":\"ImageObject\",\"inLanguage\":\"pt-BR\",\"@id\":\"https:\\\/\\\/lurdinha.org\\\/site\\\/dia-13-07-dia-do-rock-vai-ter-roque-fora-bolsonaro\\\/#primaryimage\",\"url\":\"https:\\\/\\\/lurdinha.org\\\/site\\\/wp-content\\\/uploads\\\/roque-fora-bolsonaro.jpg\",\"contentUrl\":\"https:\\\/\\\/lurdinha.org\\\/site\\\/wp-content\\\/uploads\\\/roque-fora-bolsonaro.jpg\",\"width\":596,\"height\":540,\"caption\":\"Roque Fora Bolsonaro\"},{\"@type\":\"BreadcrumbList\",\"@id\":\"https:\\\/\\\/lurdinha.org\\\/site\\\/dia-13-07-dia-do-rock-vai-ter-roque-fora-bolsonaro\\\/#breadcrumb\",\"itemListElement\":[{\"@type\":\"ListItem\",\"position\":1,\"name\":\"In\u00edcio\",\"item\":\"https:\\\/\\\/lurdinha.org\\\/site\\\/\"},{\"@type\":\"ListItem\",\"position\":2,\"name\":\"Dia 13\\\/07, Dia do Rock, vai ter Roque Fora Bolsonaro\"}]},{\"@type\":\"WebSite\",\"@id\":\"https:\\\/\\\/lurdinha.org\\\/site\\\/#website\",\"url\":\"https:\\\/\\\/lurdinha.org\\\/site\\\/\",\"name\":\"Lurdinha - Duque de Caxias para Est\u00f4magos Fortes\",\"description\":\"Site sobre Arte, Cultura, Pol\u00edtica, Sociedade e curiosidades da cidade de Duque de Caxias, RJ\",\"publisher\":{\"@id\":\"https:\\\/\\\/lurdinha.org\\\/site\\\/#organization\"},\"alternateName\":\"Lurdinha\",\"potentialAction\":[{\"@type\":\"SearchAction\",\"target\":{\"@type\":\"EntryPoint\",\"urlTemplate\":\"https:\\\/\\\/lurdinha.org\\\/site\\\/?s={search_term_string}\"},\"query-input\":{\"@type\":\"PropertyValueSpecification\",\"valueRequired\":true,\"valueName\":\"search_term_string\"}}],\"inLanguage\":\"pt-BR\"},{\"@type\":\"Organization\",\"@id\":\"https:\\\/\\\/lurdinha.org\\\/site\\\/#organization\",\"name\":\"Lurdinha de Caxias\",\"url\":\"https:\\\/\\\/lurdinha.org\\\/site\\\/\",\"logo\":{\"@type\":\"ImageObject\",\"inLanguage\":\"pt-BR\",\"@id\":\"https:\\\/\\\/lurdinha.org\\\/site\\\/#\\\/schema\\\/logo\\\/image\\\/\",\"url\":\"https:\\\/\\\/lurdinha.org\\\/site\\\/wp-content\\\/uploads\\\/logo-lurdinha.jpg\",\"contentUrl\":\"https:\\\/\\\/lurdinha.org\\\/site\\\/wp-content\\\/uploads\\\/logo-lurdinha.jpg\",\"width\":640,\"height\":60,\"caption\":\"Lurdinha de Caxias\"},\"image\":{\"@id\":\"https:\\\/\\\/lurdinha.org\\\/site\\\/#\\\/schema\\\/logo\\\/image\\\/\"},\"sameAs\":[\"https:\\\/\\\/www.facebook.com\\\/LurdinhadeCaxias\",\"https:\\\/\\\/www.instagram.com\\\/lurdinhadecaxias\"]},{\"@type\":\"Person\",\"@id\":\"https:\\\/\\\/lurdinha.org\\\/site\\\/#\\\/schema\\\/person\\\/8b9bc11c30db80b08c3a50b5638d7051\",\"name\":\"Giordana Moreira\",\"image\":{\"@type\":\"ImageObject\",\"inLanguage\":\"pt-BR\",\"@id\":\"https:\\\/\\\/secure.gravatar.com\\\/avatar\\\/e29d426a16fa741bdaa8cd3b6a1ed9c71612634a79535b9e6f8a90b2dbb953a7?s=96&d=mm&r=g\",\"url\":\"https:\\\/\\\/secure.gravatar.com\\\/avatar\\\/e29d426a16fa741bdaa8cd3b6a1ed9c71612634a79535b9e6f8a90b2dbb953a7?s=96&d=mm&r=g\",\"contentUrl\":\"https:\\\/\\\/secure.gravatar.com\\\/avatar\\\/e29d426a16fa741bdaa8cd3b6a1ed9c71612634a79535b9e6f8a90b2dbb953a7?s=96&d=mm&r=g\",\"caption\":\"Giordana Moreira\"},\"description\":\"Produtora Cultural, fundadora da Roque Pense! rede de Mulheres Produtoras Culturais, e cria da Baixada Fluminense de onde faz rock, cultura urbana e feminismos para o mundo.\",\"url\":\"https:\\\/\\\/lurdinha.org\\\/site\\\/author\\\/giordana\\\/\"}]}<\/script>\n<!-- \/ Yoast SEO plugin. -->","yoast_head_json":{"title":"Dia 13\/07, Dia do Rock, vai ter Roque Fora Bolsonaro - Lurdinha - Duque de Caxias para Est\u00f4magos Fortes","robots":{"index":"index","follow":"follow","max-snippet":"max-snippet:-1","max-image-preview":"max-image-preview:large","max-video-preview":"max-video-preview:-1"},"canonical":"https:\/\/lurdinha.org\/site\/dia-13-07-dia-do-rock-vai-ter-roque-fora-bolsonaro\/","og_locale":"pt_BR","og_type":"article","og_title":"Dia 13\/07, Dia do Rock, vai ter Roque Fora Bolsonaro - Lurdinha - Duque de Caxias para Est\u00f4magos Fortes","og_description":"S\u00e3o quase 20 anos na pista, mas digamos que voc\u00ea n\u00e3o conhece o Luciano Paz...","og_url":"https:\/\/lurdinha.org\/site\/dia-13-07-dia-do-rock-vai-ter-roque-fora-bolsonaro\/","og_site_name":"Lurdinha - Duque de Caxias para Est\u00f4magos Fortes","article_publisher":"https:\/\/www.facebook.com\/LurdinhadeCaxias","article_published_time":"2021-07-09T02:54:06+00:00","article_modified_time":"2021-07-12T02:55:41+00:00","og_image":[{"width":596,"height":540,"url":"https:\/\/lurdinha.org\/site\/wp-content\/uploads\/roque-fora-bolsonaro.jpg","type":"image\/jpeg"}],"author":"Giordana Moreira","twitter_card":"summary_large_image","twitter_misc":{"Escrito por":"Giordana Moreira","Est. tempo de leitura":"1 minuto"},"schema":{"@context":"https:\/\/schema.org","@graph":[{"@type":"Article","@id":"https:\/\/lurdinha.org\/site\/dia-13-07-dia-do-rock-vai-ter-roque-fora-bolsonaro\/#article","isPartOf":{"@id":"https:\/\/lurdinha.org\/site\/dia-13-07-dia-do-rock-vai-ter-roque-fora-bolsonaro\/"},"author":{"name":"Giordana Moreira","@id":"https:\/\/lurdinha.org\/site\/#\/schema\/person\/8b9bc11c30db80b08c3a50b5638d7051"},"headline":"Dia 13\/07, Dia do Rock, vai ter Roque Fora Bolsonaro","datePublished":"2021-07-09T02:54:06+00:00","dateModified":"2021-07-12T02:55:41+00:00","mainEntityOfPage":{"@id":"https:\/\/lurdinha.org\/site\/dia-13-07-dia-do-rock-vai-ter-roque-fora-bolsonaro\/"},"wordCount":229,"commentCount":0,"publisher":{"@id":"https:\/\/lurdinha.org\/site\/#organization"},"image":{"@id":"https:\/\/lurdinha.org\/site\/dia-13-07-dia-do-rock-vai-ter-roque-fora-bolsonaro\/#primaryimage"},"thumbnailUrl":"https:\/\/lurdinha.org\/site\/wp-content\/uploads\/roque-fora-bolsonaro.jpg","keywords":["luciano paz","roque pense","tomarock"],"articleSection":["evento","m\u00fasica","uma boa"],"inLanguage":"pt-BR","potentialAction":[{"@type":"CommentAction","name":"Comment","target":["https:\/\/lurdinha.org\/site\/dia-13-07-dia-do-rock-vai-ter-roque-fora-bolsonaro\/#respond"]}]},{"@type":"WebPage","@id":"https:\/\/lurdinha.org\/site\/dia-13-07-dia-do-rock-vai-ter-roque-fora-bolsonaro\/","url":"https:\/\/lurdinha.org\/site\/dia-13-07-dia-do-rock-vai-ter-roque-fora-bolsonaro\/","name":"Dia 13\/07, Dia do Rock, vai ter Roque Fora Bolsonaro - Lurdinha - Duque de Caxias para Est\u00f4magos Fortes","isPartOf":{"@id":"https:\/\/lurdinha.org\/site\/#website"},"primaryImageOfPage":{"@id":"https:\/\/lurdinha.org\/site\/dia-13-07-dia-do-rock-vai-ter-roque-fora-bolsonaro\/#primaryimage"},"image":{"@id":"https:\/\/lurdinha.org\/site\/dia-13-07-dia-do-rock-vai-ter-roque-fora-bolsonaro\/#primaryimage"},"thumbnailUrl":"https:\/\/lurdinha.org\/site\/wp-content\/uploads\/roque-fora-bolsonaro.jpg","datePublished":"2021-07-09T02:54:06+00:00","dateModified":"2021-07-12T02:55:41+00:00","breadcrumb":{"@id":"https:\/\/lurdinha.org\/site\/dia-13-07-dia-do-rock-vai-ter-roque-fora-bolsonaro\/#breadcrumb"},"inLanguage":"pt-BR","potentialAction":[{"@type":"ReadAction","target":["https:\/\/lurdinha.org\/site\/dia-13-07-dia-do-rock-vai-ter-roque-fora-bolsonaro\/"]}]},{"@type":"ImageObject","inLanguage":"pt-BR","@id":"https:\/\/lurdinha.org\/site\/dia-13-07-dia-do-rock-vai-ter-roque-fora-bolsonaro\/#primaryimage","url":"https:\/\/lurdinha.org\/site\/wp-content\/uploads\/roque-fora-bolsonaro.jpg","contentUrl":"https:\/\/lurdinha.org\/site\/wp-content\/uploads\/roque-fora-bolsonaro.jpg","width":596,"height":540,"caption":"Roque Fora Bolsonaro"},{"@type":"BreadcrumbList","@id":"https:\/\/lurdinha.org\/site\/dia-13-07-dia-do-rock-vai-ter-roque-fora-bolsonaro\/#breadcrumb","itemListElement":[{"@type":"ListItem","position":1,"name":"In\u00edcio","item":"https:\/\/lurdinha.org\/site\/"},{"@type":"ListItem","position":2,"name":"Dia 13\/07, Dia do Rock, vai ter Roque Fora Bolsonaro"}]},{"@type":"WebSite","@id":"https:\/\/lurdinha.org\/site\/#website","url":"https:\/\/lurdinha.org\/site\/","name":"Lurdinha - Duque de Caxias para Est\u00f4magos Fortes","description":"Site sobre Arte, Cultura, Pol\u00edtica, Sociedade e curiosidades da cidade de Duque de Caxias, RJ","publisher":{"@id":"https:\/\/lurdinha.org\/site\/#organization"},"alternateName":"Lurdinha","potentialAction":[{"@type":"SearchAction","target":{"@type":"EntryPoint","urlTemplate":"https:\/\/lurdinha.org\/site\/?s={search_term_string}"},"query-input":{"@type":"PropertyValueSpecification","valueRequired":true,"valueName":"search_term_string"}}],"inLanguage":"pt-BR"},{"@type":"Organization","@id":"https:\/\/lurdinha.org\/site\/#organization","name":"Lurdinha de Caxias","url":"https:\/\/lurdinha.org\/site\/","logo":{"@type":"ImageObject","inLanguage":"pt-BR","@id":"https:\/\/lurdinha.org\/site\/#\/schema\/logo\/image\/","url":"https:\/\/lurdinha.org\/site\/wp-content\/uploads\/logo-lurdinha.jpg","contentUrl":"https:\/\/lurdinha.org\/site\/wp-content\/uploads\/logo-lurdinha.jpg","width":640,"height":60,"caption":"Lurdinha de Caxias"},"image":{"@id":"https:\/\/lurdinha.org\/site\/#\/schema\/logo\/image\/"},"sameAs":["https:\/\/www.facebook.com\/LurdinhadeCaxias","https:\/\/www.instagram.com\/lurdinhadecaxias"]},{"@type":"Person","@id":"https:\/\/lurdinha.org\/site\/#\/schema\/person\/8b9bc11c30db80b08c3a50b5638d7051","name":"Giordana Moreira","image":{"@type":"ImageObject","inLanguage":"pt-BR","@id":"https:\/\/secure.gravatar.com\/avatar\/e29d426a16fa741bdaa8cd3b6a1ed9c71612634a79535b9e6f8a90b2dbb953a7?s=96&d=mm&r=g","url":"https:\/\/secure.gravatar.com\/avatar\/e29d426a16fa741bdaa8cd3b6a1ed9c71612634a79535b9e6f8a90b2dbb953a7?s=96&d=mm&r=g","contentUrl":"https:\/\/secure.gravatar.com\/avatar\/e29d426a16fa741bdaa8cd3b6a1ed9c71612634a79535b9e6f8a90b2dbb953a7?s=96&d=mm&r=g","caption":"Giordana Moreira"},"description":"Produtora Cultural, fundadora da Roque Pense! rede de Mulheres Produtoras Culturais, e cria da Baixada Fluminense de onde faz rock, cultura urbana e feminismos para o mundo.","url":"https:\/\/lurdinha.org\/site\/author\/giordana\/"}]}},"views":1300,"_links":{"self":[{"href":"https:\/\/lurdinha.org\/site\/wp-json\/wp\/v2\/posts\/9946","targetHints":{"allow":["GET"]}}],"collection":[{"href":"https:\/\/lurdinha.org\/site\/wp-json\/wp\/v2\/posts"}],"about":[{"href":"https:\/\/lurdinha.org\/site\/wp-json\/wp\/v2\/types\/post"}],"author":[{"embeddable":true,"href":"https:\/\/lurdinha.org\/site\/wp-json\/wp\/v2\/users\/50"}],"replies":[{"embeddable":true,"href":"https:\/\/lurdinha.org\/site\/wp-json\/wp\/v2\/comments?post=9946"}],"version-history":[{"count":1,"href":"https:\/\/lurdinha.org\/site\/wp-json\/wp\/v2\/posts\/9946\/revisions"}],"predecessor-version":[{"id":9949,"href":"https:\/\/lurdinha.org\/site\/wp-json\/wp\/v2\/posts\/9946\/revisions\/9949"}],"wp:featuredmedia":[{"embeddable":true,"href":"https:\/\/lurdinha.org\/site\/wp-json\/wp\/v2\/media\/9948"}],"wp:attachment":[{"href":"https:\/\/lurdinha.org\/site\/wp-json\/wp\/v2\/media?parent=9946"}],"wp:term":[{"taxonomy":"category","embeddable":true,"href":"https:\/\/lurdinha.org\/site\/wp-json\/wp\/v2\/categories?post=9946"},{"taxonomy":"post_tag","embeddable":true,"href":"https:\/\/lurdinha.org\/site\/wp-json\/wp\/v2\/tags?post=9946"}],"curies":[{"name":"wp","href":"https:\/\/api.w.org\/{rel}","templated":true}]}}