{"id":9939,"date":"2021-07-12T02:45:34","date_gmt":"2021-07-12T02:45:34","guid":{"rendered":"https:\/\/lurdinha.org\/site\/?p=9939"},"modified":"2021-07-12T02:46:12","modified_gmt":"2021-07-12T02:46:12","slug":"a-novela-do-central-park-caxias","status":"publish","type":"post","link":"https:\/\/lurdinha.org\/site\/a-novela-do-central-park-caxias\/","title":{"rendered":"A novela do Central Park Caxias"},"content":{"rendered":"<p><em><span style=\"font-size: large;\">A sa\u00edda \u00e9 uma cidade sustent\u00e1vel com participa\u00e7\u00e3o popular \u2013 O meio ambiente resiste e est\u00e1 fazendo a sua parte<\/span><\/em><\/p>\n<p><span style=\"font-size: large;\">Parece que a novela do shopping center, no cora\u00e7\u00e3o de Duque de Caxias, vai ser recome\u00e7ar <\/span><\/p>\n<p><span style=\"font-size: large;\">Duque de Caxias \u00e9 a maior cidade da Baixada Fluminense, com mais de 800 mil habitantes. Na Avenida Leonel de Moura Brizola, uma das principais vias que cruza o centro da cidade, a poucos metros de trens, perto do terminal rodovi\u00e1rio e na conflu\u00eancia das grandes e populosas cal\u00e7adas de pedestres uma grande empresa volta para querer construir um shopping numa \u00e1rea que sofre com a aus\u00eancia de planejamento urbano e que afeta a qualidade de vida dos mun\u00edcipes.<\/span><\/p>\n<p><span style=\"font-size: large;\"> Em 2014, a empresa ALB Shopping iniciou o projeto de construir no centro o Central Park Caxias, um empreendimento audacioso para um espa\u00e7o que agoniza com a falta de infraestrutura. Ningu\u00e9m \u00e9 contra o progresso, desenvolvimento, gera\u00e7\u00e3o de emprego e renda, mas a constru\u00e7\u00e3o de um shopping naquela \u00e1rea come\u00e7ou trazendo s\u00e9rios problemas com a destrui\u00e7\u00e3o do \u00faltimo pulm\u00e3o verde do centro do munic\u00edpio, causando danos graves ao meio ambiente. <\/span><\/p>\n<p><span style=\"font-size: large;\"> Agregado a esse cen\u00e1rio verde, vizinho da Catedral de Santo Ant\u00f4nio, quase colocaram por terra a hist\u00f3ria da Escola Municipal Dr. \u00c1lvaro Alberto, fundada em 1921, com o nome de Escola Regional Merity, \u00fanica institui\u00e7\u00e3o escolar da regi\u00e3o na \u00e9poca, projeto pioneiro de educa\u00e7\u00e3o montessoriana no Brasil, trazendo a ideia de Escola Nova e a primeira a oferecer merenda escolar: \u201cmate com angu\u201d. A Escola hoje foi tombada atrav\u00e9s de legisla\u00e7\u00e3o municipal. <\/span><\/p>\n<p><span style=\"font-size: large;\"> Na \u00e9poca surgiu o FORAS (F\u00f3rum de Oposi\u00e7\u00e3o e Resist\u00eancia ao Shopping), formado por sindicatos, ONGs, associa\u00e7\u00f5es de moradores, a Diocese de Duque de Caxias e S\u00e3o Jo\u00e3o de Meriti, outras religi\u00f5es e segmentos diversos da sociedade duquecaxiense. <\/span><\/p>\n<p><span style=\"font-size: large;\"> A partir do conhecimento de todo o processo de constru\u00e7\u00e3o do shopping, o Foras protocolou pedido de audi\u00eancia p\u00fablica ao poder executivo local evidenciando s\u00e9rios problemas com danos ambientais que seriam causados com o projeto, solicitaram tamb\u00e9m o tombamento da Escola Municipal Dr. \u00c1lvaro Alberto. Um shopping naquele local acarretaria impactos na vizinhan\u00e7a, trazendo consequ\u00eancias no j\u00e1 ca\u00f3tico tr\u00e2nsito local, problemas com saneamento b\u00e1sico, como falta de \u00e1gua, al\u00e9m de comprometer a \u00fanica \u00e1rea verde local. A defesa era de um Parque Natural e que os empreendedores procurassem outra \u00e1rea, sem ter que devastar uma \u00e1rea arborizada. Mas nada disso aconteceu e a empresa respons\u00e1vel pela constru\u00e7\u00e3o do shopping derrubou cerca de 167 \u00e1rvores centen\u00e1rias.<\/span><\/p>\n<p><span style=\"font-size: large;\"> Na gest\u00e3o do ent\u00e3o prefeito Zito, anos depois no comando de Alexandre Cardoso foi autorizado o licenciamento do projeto \u201cCentral Park Caxias\u201d, mesmo com toda a movimenta\u00e7\u00e3o da sociedade civil organizada, que solicitou documentos, licenciamentos ambientais e pareceres, sem sucesso. Foram coletadas mais de 6 mil assinaturas, representa\u00e7\u00f5es junto ao Minist\u00e9rio P\u00fablico Federal e Legislativos Municipal e Estadual. O caso foi aparar at\u00e9 na Delegacia local. <\/span><\/p>\n<p><span style=\"font-size: large;\"> A empresa respons\u00e1vel pelo projeto previu a constru\u00e7\u00e3o de um complexo com duas torres comerciais com seis andares cada uma, um hotel e estacionamento. O recurso previsto na \u00e9poca foi de 220 milh\u00f5es de reais. <\/span><\/p>\n<p><em><strong><span style=\"font-size: large;\">Por S\u00edlvia de Mendon\u00e7a<\/span><\/strong><\/em><\/p>\n<p><img loading=\"lazy\" decoding=\"async\" class=\"alignleft size-full wp-image-9942\" src=\"https:\/\/lurdinha.org\/site\/wp-content\/uploads\/centralpark3.jpeg\" alt=\"\" width=\"1280\" height=\"1134\" srcset=\"https:\/\/lurdinha.org\/site\/wp-content\/uploads\/centralpark3.jpeg 1280w, https:\/\/lurdinha.org\/site\/wp-content\/uploads\/centralpark3-300x266.jpeg 300w, https:\/\/lurdinha.org\/site\/wp-content\/uploads\/centralpark3-610x540.jpeg 610w, https:\/\/lurdinha.org\/site\/wp-content\/uploads\/centralpark3-768x680.jpeg 768w, https:\/\/lurdinha.org\/site\/wp-content\/uploads\/centralpark3-1200x1063.jpeg 1200w\" sizes=\"auto, (max-width: 1280px) 100vw, 1280px\" \/> <img loading=\"lazy\" decoding=\"async\" class=\"alignleft size-full wp-image-9943\" src=\"https:\/\/lurdinha.org\/site\/wp-content\/uploads\/centralpark2.jpeg\" alt=\"\" width=\"1280\" height=\"453\" srcset=\"https:\/\/lurdinha.org\/site\/wp-content\/uploads\/centralpark2.jpeg 1280w, https:\/\/lurdinha.org\/site\/wp-content\/uploads\/centralpark2-300x106.jpeg 300w, https:\/\/lurdinha.org\/site\/wp-content\/uploads\/centralpark2-610x216.jpeg 610w, https:\/\/lurdinha.org\/site\/wp-content\/uploads\/centralpark2-768x272.jpeg 768w, https:\/\/lurdinha.org\/site\/wp-content\/uploads\/centralpark2-1200x425.jpeg 1200w\" sizes=\"auto, (max-width: 1280px) 100vw, 1280px\" \/> <img loading=\"lazy\" decoding=\"async\" class=\"alignleft size-full wp-image-9944\" src=\"https:\/\/lurdinha.org\/site\/wp-content\/uploads\/centralpark1.jpeg\" alt=\"\" width=\"1280\" height=\"441\" srcset=\"https:\/\/lurdinha.org\/site\/wp-content\/uploads\/centralpark1.jpeg 1280w, https:\/\/lurdinha.org\/site\/wp-content\/uploads\/centralpark1-300x103.jpeg 300w, https:\/\/lurdinha.org\/site\/wp-content\/uploads\/centralpark1-610x210.jpeg 610w, https:\/\/lurdinha.org\/site\/wp-content\/uploads\/centralpark1-768x265.jpeg 768w, https:\/\/lurdinha.org\/site\/wp-content\/uploads\/centralpark1-1200x413.jpeg 1200w\" sizes=\"auto, (max-width: 1280px) 100vw, 1280px\" \/><\/p>\n","protected":false},"excerpt":{"rendered":"<p>A sa\u00edda \u00e9 uma cidade sustent\u00e1vel com participa\u00e7\u00e3o popular \u2013 O meio ambiente resiste e&#8230;<\/p>\n","protected":false},"author":72,"featured_media":9942,"comment_status":"open","ping_status":"closed","sticky":false,"template":"","format":"standard","meta":{"footnotes":""},"categories":[9,4],"tags":[],"class_list":["post-9939","post","type-post","status-publish","format-standard","has-post-thumbnail","hentry","category-historia","category-opiniao"],"yoast_head":"<!-- This site is optimized with the Yoast SEO plugin v27.5 - https:\/\/yoast.com\/product\/yoast-seo-wordpress\/ -->\n<title>A novela do Central Park Caxias - Lurdinha - Duque de Caxias para Est\u00f4magos Fortes<\/title>\n<meta name=\"robots\" content=\"index, follow, max-snippet:-1, max-image-preview:large, max-video-preview:-1\" \/>\n<link rel=\"canonical\" href=\"https:\/\/lurdinha.org\/site\/a-novela-do-central-park-caxias\/\" \/>\n<meta property=\"og:locale\" content=\"pt_BR\" \/>\n<meta property=\"og:type\" content=\"article\" \/>\n<meta property=\"og:title\" content=\"A novela do Central Park Caxias - Lurdinha - Duque de Caxias para Est\u00f4magos Fortes\" \/>\n<meta property=\"og:description\" content=\"A sa\u00edda \u00e9 uma cidade sustent\u00e1vel com participa\u00e7\u00e3o popular \u2013 O meio ambiente resiste e...\" \/>\n<meta property=\"og:url\" content=\"https:\/\/lurdinha.org\/site\/a-novela-do-central-park-caxias\/\" \/>\n<meta property=\"og:site_name\" content=\"Lurdinha - Duque de Caxias para Est\u00f4magos Fortes\" \/>\n<meta property=\"article:publisher\" content=\"https:\/\/www.facebook.com\/LurdinhadeCaxias\" \/>\n<meta property=\"article:published_time\" content=\"2021-07-12T02:45:34+00:00\" \/>\n<meta property=\"article:modified_time\" content=\"2021-07-12T02:46:12+00:00\" \/>\n<meta property=\"og:image\" content=\"https:\/\/lurdinha.org\/site\/wp-content\/uploads\/centralpark3.jpeg\" \/>\n\t<meta property=\"og:image:width\" content=\"1280\" \/>\n\t<meta property=\"og:image:height\" content=\"1134\" \/>\n\t<meta property=\"og:image:type\" content=\"image\/jpeg\" \/>\n<meta name=\"author\" content=\"S\u00edlvia de Mendon\u00e7a\" \/>\n<meta name=\"twitter:card\" content=\"summary_large_image\" \/>\n<meta name=\"twitter:label1\" content=\"Escrito por\" \/>\n\t<meta name=\"twitter:data1\" content=\"S\u00edlvia de Mendon\u00e7a\" \/>\n\t<meta name=\"twitter:label2\" content=\"Est. tempo de leitura\" \/>\n\t<meta name=\"twitter:data2\" content=\"3 minutos\" \/>\n<script type=\"application\/ld+json\" class=\"yoast-schema-graph\">{\"@context\":\"https:\\\/\\\/schema.org\",\"@graph\":[{\"@type\":\"Article\",\"@id\":\"https:\\\/\\\/lurdinha.org\\\/site\\\/a-novela-do-central-park-caxias\\\/#article\",\"isPartOf\":{\"@id\":\"https:\\\/\\\/lurdinha.org\\\/site\\\/a-novela-do-central-park-caxias\\\/\"},\"author\":{\"name\":\"S\u00edlvia de Mendon\u00e7a\",\"@id\":\"https:\\\/\\\/lurdinha.org\\\/site\\\/#\\\/schema\\\/person\\\/b96b167df9de3d0730955ed07839768b\"},\"headline\":\"A novela do Central Park Caxias\",\"datePublished\":\"2021-07-12T02:45:34+00:00\",\"dateModified\":\"2021-07-12T02:46:12+00:00\",\"mainEntityOfPage\":{\"@id\":\"https:\\\/\\\/lurdinha.org\\\/site\\\/a-novela-do-central-park-caxias\\\/\"},\"wordCount\":570,\"commentCount\":0,\"publisher\":{\"@id\":\"https:\\\/\\\/lurdinha.org\\\/site\\\/#organization\"},\"image\":{\"@id\":\"https:\\\/\\\/lurdinha.org\\\/site\\\/a-novela-do-central-park-caxias\\\/#primaryimage\"},\"thumbnailUrl\":\"https:\\\/\\\/lurdinha.org\\\/site\\\/wp-content\\\/uploads\\\/centralpark3.jpeg\",\"articleSection\":[\"hist\u00f3ria\",\"uma opini\u00e3o\"],\"inLanguage\":\"pt-BR\",\"potentialAction\":[{\"@type\":\"CommentAction\",\"name\":\"Comment\",\"target\":[\"https:\\\/\\\/lurdinha.org\\\/site\\\/a-novela-do-central-park-caxias\\\/#respond\"]}]},{\"@type\":\"WebPage\",\"@id\":\"https:\\\/\\\/lurdinha.org\\\/site\\\/a-novela-do-central-park-caxias\\\/\",\"url\":\"https:\\\/\\\/lurdinha.org\\\/site\\\/a-novela-do-central-park-caxias\\\/\",\"name\":\"A novela do Central Park Caxias - Lurdinha - Duque de Caxias para Est\u00f4magos Fortes\",\"isPartOf\":{\"@id\":\"https:\\\/\\\/lurdinha.org\\\/site\\\/#website\"},\"primaryImageOfPage\":{\"@id\":\"https:\\\/\\\/lurdinha.org\\\/site\\\/a-novela-do-central-park-caxias\\\/#primaryimage\"},\"image\":{\"@id\":\"https:\\\/\\\/lurdinha.org\\\/site\\\/a-novela-do-central-park-caxias\\\/#primaryimage\"},\"thumbnailUrl\":\"https:\\\/\\\/lurdinha.org\\\/site\\\/wp-content\\\/uploads\\\/centralpark3.jpeg\",\"datePublished\":\"2021-07-12T02:45:34+00:00\",\"dateModified\":\"2021-07-12T02:46:12+00:00\",\"breadcrumb\":{\"@id\":\"https:\\\/\\\/lurdinha.org\\\/site\\\/a-novela-do-central-park-caxias\\\/#breadcrumb\"},\"inLanguage\":\"pt-BR\",\"potentialAction\":[{\"@type\":\"ReadAction\",\"target\":[\"https:\\\/\\\/lurdinha.org\\\/site\\\/a-novela-do-central-park-caxias\\\/\"]}]},{\"@type\":\"ImageObject\",\"inLanguage\":\"pt-BR\",\"@id\":\"https:\\\/\\\/lurdinha.org\\\/site\\\/a-novela-do-central-park-caxias\\\/#primaryimage\",\"url\":\"https:\\\/\\\/lurdinha.org\\\/site\\\/wp-content\\\/uploads\\\/centralpark3.jpeg\",\"contentUrl\":\"https:\\\/\\\/lurdinha.org\\\/site\\\/wp-content\\\/uploads\\\/centralpark3.jpeg\",\"width\":1280,\"height\":1134,\"caption\":\"Silvia de Mendon\u00e7a\"},{\"@type\":\"BreadcrumbList\",\"@id\":\"https:\\\/\\\/lurdinha.org\\\/site\\\/a-novela-do-central-park-caxias\\\/#breadcrumb\",\"itemListElement\":[{\"@type\":\"ListItem\",\"position\":1,\"name\":\"In\u00edcio\",\"item\":\"https:\\\/\\\/lurdinha.org\\\/site\\\/\"},{\"@type\":\"ListItem\",\"position\":2,\"name\":\"A novela do Central Park Caxias\"}]},{\"@type\":\"WebSite\",\"@id\":\"https:\\\/\\\/lurdinha.org\\\/site\\\/#website\",\"url\":\"https:\\\/\\\/lurdinha.org\\\/site\\\/\",\"name\":\"Lurdinha - Duque de Caxias para Est\u00f4magos Fortes\",\"description\":\"Site sobre Arte, Cultura, Pol\u00edtica, Sociedade e curiosidades da cidade de Duque de Caxias, RJ\",\"publisher\":{\"@id\":\"https:\\\/\\\/lurdinha.org\\\/site\\\/#organization\"},\"alternateName\":\"Lurdinha\",\"potentialAction\":[{\"@type\":\"SearchAction\",\"target\":{\"@type\":\"EntryPoint\",\"urlTemplate\":\"https:\\\/\\\/lurdinha.org\\\/site\\\/?s={search_term_string}\"},\"query-input\":{\"@type\":\"PropertyValueSpecification\",\"valueRequired\":true,\"valueName\":\"search_term_string\"}}],\"inLanguage\":\"pt-BR\"},{\"@type\":\"Organization\",\"@id\":\"https:\\\/\\\/lurdinha.org\\\/site\\\/#organization\",\"name\":\"Lurdinha de Caxias\",\"url\":\"https:\\\/\\\/lurdinha.org\\\/site\\\/\",\"logo\":{\"@type\":\"ImageObject\",\"inLanguage\":\"pt-BR\",\"@id\":\"https:\\\/\\\/lurdinha.org\\\/site\\\/#\\\/schema\\\/logo\\\/image\\\/\",\"url\":\"https:\\\/\\\/lurdinha.org\\\/site\\\/wp-content\\\/uploads\\\/logo-lurdinha.jpg\",\"contentUrl\":\"https:\\\/\\\/lurdinha.org\\\/site\\\/wp-content\\\/uploads\\\/logo-lurdinha.jpg\",\"width\":640,\"height\":60,\"caption\":\"Lurdinha de Caxias\"},\"image\":{\"@id\":\"https:\\\/\\\/lurdinha.org\\\/site\\\/#\\\/schema\\\/logo\\\/image\\\/\"},\"sameAs\":[\"https:\\\/\\\/www.facebook.com\\\/LurdinhadeCaxias\",\"https:\\\/\\\/www.instagram.com\\\/lurdinhadecaxias\"]},{\"@type\":\"Person\",\"@id\":\"https:\\\/\\\/lurdinha.org\\\/site\\\/#\\\/schema\\\/person\\\/b96b167df9de3d0730955ed07839768b\",\"name\":\"S\u00edlvia de Mendon\u00e7a\",\"image\":{\"@type\":\"ImageObject\",\"inLanguage\":\"pt-BR\",\"@id\":\"https:\\\/\\\/secure.gravatar.com\\\/avatar\\\/fffbf622b9949890c0b8be45889258aed34024e701a40971792f2a81c1c0e19f?s=96&d=mm&r=g\",\"url\":\"https:\\\/\\\/secure.gravatar.com\\\/avatar\\\/fffbf622b9949890c0b8be45889258aed34024e701a40971792f2a81c1c0e19f?s=96&d=mm&r=g\",\"contentUrl\":\"https:\\\/\\\/secure.gravatar.com\\\/avatar\\\/fffbf622b9949890c0b8be45889258aed34024e701a40971792f2a81c1c0e19f?s=96&d=mm&r=g\",\"caption\":\"S\u00edlvia de Mendon\u00e7a\"},\"description\":\"Formada em jornalismo e produ\u00e7\u00e3o cultural, S\u00edlvia de Mendon\u00e7a tamb\u00e9m \u00e9 atriz e ativista do Movimento Negro Unificado (MNU). Tamb\u00e9m tem presen\u00e7a nas lutas contra intoler\u00e2ncia religiosa, juventude negra e direitos humanos.\",\"url\":\"https:\\\/\\\/lurdinha.org\\\/site\\\/author\\\/silvia\\\/\"}]}<\/script>\n<!-- \/ Yoast SEO plugin. -->","yoast_head_json":{"title":"A novela do Central Park Caxias - Lurdinha - Duque de Caxias para Est\u00f4magos Fortes","robots":{"index":"index","follow":"follow","max-snippet":"max-snippet:-1","max-image-preview":"max-image-preview:large","max-video-preview":"max-video-preview:-1"},"canonical":"https:\/\/lurdinha.org\/site\/a-novela-do-central-park-caxias\/","og_locale":"pt_BR","og_type":"article","og_title":"A novela do Central Park Caxias - Lurdinha - Duque de Caxias para Est\u00f4magos Fortes","og_description":"A sa\u00edda \u00e9 uma cidade sustent\u00e1vel com participa\u00e7\u00e3o popular \u2013 O meio ambiente resiste e...","og_url":"https:\/\/lurdinha.org\/site\/a-novela-do-central-park-caxias\/","og_site_name":"Lurdinha - Duque de Caxias para Est\u00f4magos Fortes","article_publisher":"https:\/\/www.facebook.com\/LurdinhadeCaxias","article_published_time":"2021-07-12T02:45:34+00:00","article_modified_time":"2021-07-12T02:46:12+00:00","og_image":[{"width":1280,"height":1134,"url":"https:\/\/lurdinha.org\/site\/wp-content\/uploads\/centralpark3.jpeg","type":"image\/jpeg"}],"author":"S\u00edlvia de Mendon\u00e7a","twitter_card":"summary_large_image","twitter_misc":{"Escrito por":"S\u00edlvia de Mendon\u00e7a","Est. tempo de leitura":"3 minutos"},"schema":{"@context":"https:\/\/schema.org","@graph":[{"@type":"Article","@id":"https:\/\/lurdinha.org\/site\/a-novela-do-central-park-caxias\/#article","isPartOf":{"@id":"https:\/\/lurdinha.org\/site\/a-novela-do-central-park-caxias\/"},"author":{"name":"S\u00edlvia de Mendon\u00e7a","@id":"https:\/\/lurdinha.org\/site\/#\/schema\/person\/b96b167df9de3d0730955ed07839768b"},"headline":"A novela do Central Park Caxias","datePublished":"2021-07-12T02:45:34+00:00","dateModified":"2021-07-12T02:46:12+00:00","mainEntityOfPage":{"@id":"https:\/\/lurdinha.org\/site\/a-novela-do-central-park-caxias\/"},"wordCount":570,"commentCount":0,"publisher":{"@id":"https:\/\/lurdinha.org\/site\/#organization"},"image":{"@id":"https:\/\/lurdinha.org\/site\/a-novela-do-central-park-caxias\/#primaryimage"},"thumbnailUrl":"https:\/\/lurdinha.org\/site\/wp-content\/uploads\/centralpark3.jpeg","articleSection":["hist\u00f3ria","uma opini\u00e3o"],"inLanguage":"pt-BR","potentialAction":[{"@type":"CommentAction","name":"Comment","target":["https:\/\/lurdinha.org\/site\/a-novela-do-central-park-caxias\/#respond"]}]},{"@type":"WebPage","@id":"https:\/\/lurdinha.org\/site\/a-novela-do-central-park-caxias\/","url":"https:\/\/lurdinha.org\/site\/a-novela-do-central-park-caxias\/","name":"A novela do Central Park Caxias - Lurdinha - Duque de Caxias para Est\u00f4magos Fortes","isPartOf":{"@id":"https:\/\/lurdinha.org\/site\/#website"},"primaryImageOfPage":{"@id":"https:\/\/lurdinha.org\/site\/a-novela-do-central-park-caxias\/#primaryimage"},"image":{"@id":"https:\/\/lurdinha.org\/site\/a-novela-do-central-park-caxias\/#primaryimage"},"thumbnailUrl":"https:\/\/lurdinha.org\/site\/wp-content\/uploads\/centralpark3.jpeg","datePublished":"2021-07-12T02:45:34+00:00","dateModified":"2021-07-12T02:46:12+00:00","breadcrumb":{"@id":"https:\/\/lurdinha.org\/site\/a-novela-do-central-park-caxias\/#breadcrumb"},"inLanguage":"pt-BR","potentialAction":[{"@type":"ReadAction","target":["https:\/\/lurdinha.org\/site\/a-novela-do-central-park-caxias\/"]}]},{"@type":"ImageObject","inLanguage":"pt-BR","@id":"https:\/\/lurdinha.org\/site\/a-novela-do-central-park-caxias\/#primaryimage","url":"https:\/\/lurdinha.org\/site\/wp-content\/uploads\/centralpark3.jpeg","contentUrl":"https:\/\/lurdinha.org\/site\/wp-content\/uploads\/centralpark3.jpeg","width":1280,"height":1134,"caption":"Silvia de Mendon\u00e7a"},{"@type":"BreadcrumbList","@id":"https:\/\/lurdinha.org\/site\/a-novela-do-central-park-caxias\/#breadcrumb","itemListElement":[{"@type":"ListItem","position":1,"name":"In\u00edcio","item":"https:\/\/lurdinha.org\/site\/"},{"@type":"ListItem","position":2,"name":"A novela do Central Park Caxias"}]},{"@type":"WebSite","@id":"https:\/\/lurdinha.org\/site\/#website","url":"https:\/\/lurdinha.org\/site\/","name":"Lurdinha - Duque de Caxias para Est\u00f4magos Fortes","description":"Site sobre Arte, Cultura, Pol\u00edtica, Sociedade e curiosidades da cidade de Duque de Caxias, RJ","publisher":{"@id":"https:\/\/lurdinha.org\/site\/#organization"},"alternateName":"Lurdinha","potentialAction":[{"@type":"SearchAction","target":{"@type":"EntryPoint","urlTemplate":"https:\/\/lurdinha.org\/site\/?s={search_term_string}"},"query-input":{"@type":"PropertyValueSpecification","valueRequired":true,"valueName":"search_term_string"}}],"inLanguage":"pt-BR"},{"@type":"Organization","@id":"https:\/\/lurdinha.org\/site\/#organization","name":"Lurdinha de Caxias","url":"https:\/\/lurdinha.org\/site\/","logo":{"@type":"ImageObject","inLanguage":"pt-BR","@id":"https:\/\/lurdinha.org\/site\/#\/schema\/logo\/image\/","url":"https:\/\/lurdinha.org\/site\/wp-content\/uploads\/logo-lurdinha.jpg","contentUrl":"https:\/\/lurdinha.org\/site\/wp-content\/uploads\/logo-lurdinha.jpg","width":640,"height":60,"caption":"Lurdinha de Caxias"},"image":{"@id":"https:\/\/lurdinha.org\/site\/#\/schema\/logo\/image\/"},"sameAs":["https:\/\/www.facebook.com\/LurdinhadeCaxias","https:\/\/www.instagram.com\/lurdinhadecaxias"]},{"@type":"Person","@id":"https:\/\/lurdinha.org\/site\/#\/schema\/person\/b96b167df9de3d0730955ed07839768b","name":"S\u00edlvia de Mendon\u00e7a","image":{"@type":"ImageObject","inLanguage":"pt-BR","@id":"https:\/\/secure.gravatar.com\/avatar\/fffbf622b9949890c0b8be45889258aed34024e701a40971792f2a81c1c0e19f?s=96&d=mm&r=g","url":"https:\/\/secure.gravatar.com\/avatar\/fffbf622b9949890c0b8be45889258aed34024e701a40971792f2a81c1c0e19f?s=96&d=mm&r=g","contentUrl":"https:\/\/secure.gravatar.com\/avatar\/fffbf622b9949890c0b8be45889258aed34024e701a40971792f2a81c1c0e19f?s=96&d=mm&r=g","caption":"S\u00edlvia de Mendon\u00e7a"},"description":"Formada em jornalismo e produ\u00e7\u00e3o cultural, S\u00edlvia de Mendon\u00e7a tamb\u00e9m \u00e9 atriz e ativista do Movimento Negro Unificado (MNU). Tamb\u00e9m tem presen\u00e7a nas lutas contra intoler\u00e2ncia religiosa, juventude negra e direitos humanos.","url":"https:\/\/lurdinha.org\/site\/author\/silvia\/"}]}},"views":3511,"_links":{"self":[{"href":"https:\/\/lurdinha.org\/site\/wp-json\/wp\/v2\/posts\/9939","targetHints":{"allow":["GET"]}}],"collection":[{"href":"https:\/\/lurdinha.org\/site\/wp-json\/wp\/v2\/posts"}],"about":[{"href":"https:\/\/lurdinha.org\/site\/wp-json\/wp\/v2\/types\/post"}],"author":[{"embeddable":true,"href":"https:\/\/lurdinha.org\/site\/wp-json\/wp\/v2\/users\/72"}],"replies":[{"embeddable":true,"href":"https:\/\/lurdinha.org\/site\/wp-json\/wp\/v2\/comments?post=9939"}],"version-history":[{"count":2,"href":"https:\/\/lurdinha.org\/site\/wp-json\/wp\/v2\/posts\/9939\/revisions"}],"predecessor-version":[{"id":9945,"href":"https:\/\/lurdinha.org\/site\/wp-json\/wp\/v2\/posts\/9939\/revisions\/9945"}],"wp:featuredmedia":[{"embeddable":true,"href":"https:\/\/lurdinha.org\/site\/wp-json\/wp\/v2\/media\/9942"}],"wp:attachment":[{"href":"https:\/\/lurdinha.org\/site\/wp-json\/wp\/v2\/media?parent=9939"}],"wp:term":[{"taxonomy":"category","embeddable":true,"href":"https:\/\/lurdinha.org\/site\/wp-json\/wp\/v2\/categories?post=9939"},{"taxonomy":"post_tag","embeddable":true,"href":"https:\/\/lurdinha.org\/site\/wp-json\/wp\/v2\/tags?post=9939"}],"curies":[{"name":"wp","href":"https:\/\/api.w.org\/{rel}","templated":true}]}}