{"id":9890,"date":"2021-06-17T00:35:57","date_gmt":"2021-06-17T00:35:57","guid":{"rendered":"https:\/\/lurdinha.org\/site\/?p=9890"},"modified":"2023-07-01T19:04:26","modified_gmt":"2023-07-01T19:04:26","slug":"memorial-nossos-passos-vem-de-longe-e-inaugurado-em-caxias-nesse-sabado","status":"publish","type":"post","link":"https:\/\/lurdinha.org\/site\/memorial-nossos-passos-vem-de-longe-e-inaugurado-em-caxias-nesse-sabado\/","title":{"rendered":"Memorial Nossos Passos V\u00eam de Longe \u00e9 inaugurado em Caxias nesse s\u00e1bado"},"content":{"rendered":"<p>A <strong>Iniciativa Direito \u00e0 Mem\u00f3ria e Justi\u00e7a Racial<\/strong> vai inaugurar neste s\u00e1bado o <strong>Memorial Nossos Passos V\u00eam de Longe<\/strong>, homenageando v\u00e1rias mulheres negras de grande import\u00e2ncia para a luta por direitos humanos na Baixada.<\/p>\n<p>Segundo a institui\u00e7\u00e3o a a\u00e7\u00e3o busca promover um sentimento coletivo de reprova\u00e7\u00e3o a qualquer tipo de viola\u00e7\u00e3o, em especial da Viol\u00eancia de Estado, por entender que ao produzir mem\u00f3ria se constr\u00f3i uma justi\u00e7a racial, baseada em repara\u00e7\u00e3o hist\u00f3rica.<\/p>\n<p>A inaugura\u00e7\u00e3o \u00e9 neste s\u00e1bado, 19\/06, \u00e0s 10h, embaixo do viaduto do Centen\u00e1rio em Duque de Caxias.<\/p>\n<p><img loading=\"lazy\" decoding=\"async\" class=\"alignnone size-large wp-image-9895\" src=\"https:\/\/lurdinha.org\/site\/wp-content\/uploads\/memorial-nossos-passos-vem-de-longe-610x610.jpg\" alt=\"Memorial Nossos Passos V\u00eam de Longe\" width=\"610\" height=\"610\" srcset=\"https:\/\/lurdinha.org\/site\/wp-content\/uploads\/memorial-nossos-passos-vem-de-longe-610x610.jpg 610w, https:\/\/lurdinha.org\/site\/wp-content\/uploads\/memorial-nossos-passos-vem-de-longe-300x300.jpg 300w, https:\/\/lurdinha.org\/site\/wp-content\/uploads\/memorial-nossos-passos-vem-de-longe-150x150.jpg 150w, https:\/\/lurdinha.org\/site\/wp-content\/uploads\/memorial-nossos-passos-vem-de-longe-768x768.jpg 768w, https:\/\/lurdinha.org\/site\/wp-content\/uploads\/memorial-nossos-passos-vem-de-longe-550x550.jpg 550w, https:\/\/lurdinha.org\/site\/wp-content\/uploads\/memorial-nossos-passos-vem-de-longe-120x120.jpg 120w, https:\/\/lurdinha.org\/site\/wp-content\/uploads\/memorial-nossos-passos-vem-de-longe.jpg 800w\" sizes=\"auto, (max-width: 610px) 100vw, 610px\" \/><\/p>\n","protected":false},"excerpt":{"rendered":"<p>A Iniciativa Direito \u00e0 Mem\u00f3ria e Justi\u00e7a Racial vai inaugurar neste s\u00e1bado o Memorial Nossos&#8230;<\/p>\n","protected":false},"author":2,"featured_media":9895,"comment_status":"open","ping_status":"closed","sticky":false,"template":"","format":"standard","meta":{"footnotes":""},"categories":[8,9],"tags":[1356,12,1354,1355],"class_list":["post-9890","post","type-post","status-publish","format-standard","has-post-thumbnail","hentry","category-evento","category-historia","tag-ancestralidade","tag-baixada-fluminense","tag-memorial-nossos-passos-vem-de-longe","tag-mulheres-negras"],"yoast_head":"<!-- This site is optimized with the Yoast SEO plugin v27.5 - https:\/\/yoast.com\/product\/yoast-seo-wordpress\/ -->\n<title>Memorial Nossos Passos V\u00eam de Longe \u00e9 inaugurado em Caxias nesse s\u00e1bado - Lurdinha - Duque de Caxias para Est\u00f4magos Fortes<\/title>\n<meta name=\"robots\" content=\"index, follow, max-snippet:-1, max-image-preview:large, max-video-preview:-1\" \/>\n<link rel=\"canonical\" href=\"https:\/\/lurdinha.org\/site\/memorial-nossos-passos-vem-de-longe-e-inaugurado-em-caxias-nesse-sabado\/\" \/>\n<meta property=\"og:locale\" content=\"pt_BR\" \/>\n<meta property=\"og:type\" content=\"article\" \/>\n<meta property=\"og:title\" content=\"Memorial Nossos Passos V\u00eam de Longe \u00e9 inaugurado em Caxias nesse s\u00e1bado - Lurdinha - Duque de Caxias para Est\u00f4magos Fortes\" \/>\n<meta property=\"og:description\" content=\"A Iniciativa Direito \u00e0 Mem\u00f3ria e Justi\u00e7a Racial vai inaugurar neste s\u00e1bado o Memorial Nossos...\" \/>\n<meta property=\"og:url\" content=\"https:\/\/lurdinha.org\/site\/memorial-nossos-passos-vem-de-longe-e-inaugurado-em-caxias-nesse-sabado\/\" \/>\n<meta property=\"og:site_name\" content=\"Lurdinha - Duque de Caxias para Est\u00f4magos Fortes\" \/>\n<meta property=\"article:publisher\" content=\"https:\/\/www.facebook.com\/LurdinhadeCaxias\" \/>\n<meta property=\"article:author\" content=\"botocudo\" \/>\n<meta property=\"article:published_time\" content=\"2021-06-17T00:35:57+00:00\" \/>\n<meta property=\"article:modified_time\" content=\"2023-07-01T19:04:26+00:00\" \/>\n<meta property=\"og:image\" content=\"https:\/\/lurdinha.org\/site\/wp-content\/uploads\/memorial-nossos-passos-vem-de-longe.jpg\" \/>\n\t<meta property=\"og:image:width\" content=\"800\" \/>\n\t<meta property=\"og:image:height\" content=\"800\" \/>\n\t<meta property=\"og:image:type\" content=\"image\/jpeg\" \/>\n<meta name=\"author\" content=\"heraldo hb\" \/>\n<meta name=\"twitter:card\" content=\"summary_large_image\" \/>\n<meta name=\"twitter:label1\" content=\"Escrito por\" \/>\n\t<meta name=\"twitter:data1\" content=\"heraldo hb\" \/>\n\t<meta name=\"twitter:label2\" content=\"Est. tempo de leitura\" \/>\n\t<meta name=\"twitter:data2\" content=\"1 minuto\" \/>\n<script type=\"application\/ld+json\" class=\"yoast-schema-graph\">{\"@context\":\"https:\\\/\\\/schema.org\",\"@graph\":[{\"@type\":\"Article\",\"@id\":\"https:\\\/\\\/lurdinha.org\\\/site\\\/memorial-nossos-passos-vem-de-longe-e-inaugurado-em-caxias-nesse-sabado\\\/#article\",\"isPartOf\":{\"@id\":\"https:\\\/\\\/lurdinha.org\\\/site\\\/memorial-nossos-passos-vem-de-longe-e-inaugurado-em-caxias-nesse-sabado\\\/\"},\"author\":{\"name\":\"heraldo hb\",\"@id\":\"https:\\\/\\\/lurdinha.org\\\/site\\\/#\\\/schema\\\/person\\\/b833bb6a7f82598bf0e95e4c30874251\"},\"headline\":\"Memorial Nossos Passos V\u00eam de Longe \u00e9 inaugurado em Caxias nesse s\u00e1bado\",\"datePublished\":\"2021-06-17T00:35:57+00:00\",\"dateModified\":\"2023-07-01T19:04:26+00:00\",\"mainEntityOfPage\":{\"@id\":\"https:\\\/\\\/lurdinha.org\\\/site\\\/memorial-nossos-passos-vem-de-longe-e-inaugurado-em-caxias-nesse-sabado\\\/\"},\"wordCount\":118,\"commentCount\":0,\"publisher\":{\"@id\":\"https:\\\/\\\/lurdinha.org\\\/site\\\/#organization\"},\"image\":{\"@id\":\"https:\\\/\\\/lurdinha.org\\\/site\\\/memorial-nossos-passos-vem-de-longe-e-inaugurado-em-caxias-nesse-sabado\\\/#primaryimage\"},\"thumbnailUrl\":\"https:\\\/\\\/lurdinha.org\\\/site\\\/wp-content\\\/uploads\\\/memorial-nossos-passos-vem-de-longe.jpg\",\"keywords\":[\"ancestralidade\",\"baixada-fluminense\",\"memorial nossos passos vem de longe\",\"mulheres negras\"],\"articleSection\":[\"evento\",\"hist\u00f3ria\"],\"inLanguage\":\"pt-BR\",\"potentialAction\":[{\"@type\":\"CommentAction\",\"name\":\"Comment\",\"target\":[\"https:\\\/\\\/lurdinha.org\\\/site\\\/memorial-nossos-passos-vem-de-longe-e-inaugurado-em-caxias-nesse-sabado\\\/#respond\"]}]},{\"@type\":\"WebPage\",\"@id\":\"https:\\\/\\\/lurdinha.org\\\/site\\\/memorial-nossos-passos-vem-de-longe-e-inaugurado-em-caxias-nesse-sabado\\\/\",\"url\":\"https:\\\/\\\/lurdinha.org\\\/site\\\/memorial-nossos-passos-vem-de-longe-e-inaugurado-em-caxias-nesse-sabado\\\/\",\"name\":\"Memorial Nossos Passos V\u00eam de Longe \u00e9 inaugurado em Caxias nesse s\u00e1bado - Lurdinha - Duque de Caxias para Est\u00f4magos Fortes\",\"isPartOf\":{\"@id\":\"https:\\\/\\\/lurdinha.org\\\/site\\\/#website\"},\"primaryImageOfPage\":{\"@id\":\"https:\\\/\\\/lurdinha.org\\\/site\\\/memorial-nossos-passos-vem-de-longe-e-inaugurado-em-caxias-nesse-sabado\\\/#primaryimage\"},\"image\":{\"@id\":\"https:\\\/\\\/lurdinha.org\\\/site\\\/memorial-nossos-passos-vem-de-longe-e-inaugurado-em-caxias-nesse-sabado\\\/#primaryimage\"},\"thumbnailUrl\":\"https:\\\/\\\/lurdinha.org\\\/site\\\/wp-content\\\/uploads\\\/memorial-nossos-passos-vem-de-longe.jpg\",\"datePublished\":\"2021-06-17T00:35:57+00:00\",\"dateModified\":\"2023-07-01T19:04:26+00:00\",\"breadcrumb\":{\"@id\":\"https:\\\/\\\/lurdinha.org\\\/site\\\/memorial-nossos-passos-vem-de-longe-e-inaugurado-em-caxias-nesse-sabado\\\/#breadcrumb\"},\"inLanguage\":\"pt-BR\",\"potentialAction\":[{\"@type\":\"ReadAction\",\"target\":[\"https:\\\/\\\/lurdinha.org\\\/site\\\/memorial-nossos-passos-vem-de-longe-e-inaugurado-em-caxias-nesse-sabado\\\/\"]}]},{\"@type\":\"ImageObject\",\"inLanguage\":\"pt-BR\",\"@id\":\"https:\\\/\\\/lurdinha.org\\\/site\\\/memorial-nossos-passos-vem-de-longe-e-inaugurado-em-caxias-nesse-sabado\\\/#primaryimage\",\"url\":\"https:\\\/\\\/lurdinha.org\\\/site\\\/wp-content\\\/uploads\\\/memorial-nossos-passos-vem-de-longe.jpg\",\"contentUrl\":\"https:\\\/\\\/lurdinha.org\\\/site\\\/wp-content\\\/uploads\\\/memorial-nossos-passos-vem-de-longe.jpg\",\"width\":800,\"height\":800,\"caption\":\"Memorial Nossos Passos V\u00eam de Longe\"},{\"@type\":\"BreadcrumbList\",\"@id\":\"https:\\\/\\\/lurdinha.org\\\/site\\\/memorial-nossos-passos-vem-de-longe-e-inaugurado-em-caxias-nesse-sabado\\\/#breadcrumb\",\"itemListElement\":[{\"@type\":\"ListItem\",\"position\":1,\"name\":\"In\u00edcio\",\"item\":\"https:\\\/\\\/lurdinha.org\\\/site\\\/\"},{\"@type\":\"ListItem\",\"position\":2,\"name\":\"Memorial Nossos Passos V\u00eam de Longe \u00e9 inaugurado em Caxias nesse s\u00e1bado\"}]},{\"@type\":\"WebSite\",\"@id\":\"https:\\\/\\\/lurdinha.org\\\/site\\\/#website\",\"url\":\"https:\\\/\\\/lurdinha.org\\\/site\\\/\",\"name\":\"Lurdinha - Duque de Caxias para Est\u00f4magos Fortes\",\"description\":\"Site sobre Arte, Cultura, Pol\u00edtica, Sociedade e curiosidades da cidade de Duque de Caxias, RJ\",\"publisher\":{\"@id\":\"https:\\\/\\\/lurdinha.org\\\/site\\\/#organization\"},\"alternateName\":\"Lurdinha\",\"potentialAction\":[{\"@type\":\"SearchAction\",\"target\":{\"@type\":\"EntryPoint\",\"urlTemplate\":\"https:\\\/\\\/lurdinha.org\\\/site\\\/?s={search_term_string}\"},\"query-input\":{\"@type\":\"PropertyValueSpecification\",\"valueRequired\":true,\"valueName\":\"search_term_string\"}}],\"inLanguage\":\"pt-BR\"},{\"@type\":\"Organization\",\"@id\":\"https:\\\/\\\/lurdinha.org\\\/site\\\/#organization\",\"name\":\"Lurdinha de Caxias\",\"url\":\"https:\\\/\\\/lurdinha.org\\\/site\\\/\",\"logo\":{\"@type\":\"ImageObject\",\"inLanguage\":\"pt-BR\",\"@id\":\"https:\\\/\\\/lurdinha.org\\\/site\\\/#\\\/schema\\\/logo\\\/image\\\/\",\"url\":\"https:\\\/\\\/lurdinha.org\\\/site\\\/wp-content\\\/uploads\\\/logo-lurdinha.jpg\",\"contentUrl\":\"https:\\\/\\\/lurdinha.org\\\/site\\\/wp-content\\\/uploads\\\/logo-lurdinha.jpg\",\"width\":640,\"height\":60,\"caption\":\"Lurdinha de Caxias\"},\"image\":{\"@id\":\"https:\\\/\\\/lurdinha.org\\\/site\\\/#\\\/schema\\\/logo\\\/image\\\/\"},\"sameAs\":[\"https:\\\/\\\/www.facebook.com\\\/LurdinhadeCaxias\",\"https:\\\/\\\/www.instagram.com\\\/lurdinhadecaxias\"]},{\"@type\":\"Person\",\"@id\":\"https:\\\/\\\/lurdinha.org\\\/site\\\/#\\\/schema\\\/person\\\/b833bb6a7f82598bf0e95e4c30874251\",\"name\":\"heraldo hb\",\"image\":{\"@type\":\"ImageObject\",\"inLanguage\":\"pt-BR\",\"@id\":\"https:\\\/\\\/secure.gravatar.com\\\/avatar\\\/5de9fe99c72cb6885bbdaa24b1c5738b0f673d265de18720fae7463d5f47b48d?s=96&d=mm&r=g\",\"url\":\"https:\\\/\\\/secure.gravatar.com\\\/avatar\\\/5de9fe99c72cb6885bbdaa24b1c5738b0f673d265de18720fae7463d5f47b48d?s=96&d=mm&r=g\",\"contentUrl\":\"https:\\\/\\\/secure.gravatar.com\\\/avatar\\\/5de9fe99c72cb6885bbdaa24b1c5738b0f673d265de18720fae7463d5f47b48d?s=96&d=mm&r=g\",\"caption\":\"heraldo hb\"},\"description\":\"Cineasta, animador cultural, escritor e educador nascido no s\u00e9culo XX\",\"sameAs\":[\"http:\\\/\\\/wwww.relinkare.org\",\"botocudo\",\"heraldohb\",\"relinkare\"],\"url\":\"https:\\\/\\\/lurdinha.org\\\/site\\\/author\\\/heraldohb\\\/\"}]}<\/script>\n<!-- \/ Yoast SEO plugin. -->","yoast_head_json":{"title":"Memorial Nossos Passos V\u00eam de Longe \u00e9 inaugurado em Caxias nesse s\u00e1bado - Lurdinha - Duque de Caxias para Est\u00f4magos Fortes","robots":{"index":"index","follow":"follow","max-snippet":"max-snippet:-1","max-image-preview":"max-image-preview:large","max-video-preview":"max-video-preview:-1"},"canonical":"https:\/\/lurdinha.org\/site\/memorial-nossos-passos-vem-de-longe-e-inaugurado-em-caxias-nesse-sabado\/","og_locale":"pt_BR","og_type":"article","og_title":"Memorial Nossos Passos V\u00eam de Longe \u00e9 inaugurado em Caxias nesse s\u00e1bado - Lurdinha - Duque de Caxias para Est\u00f4magos Fortes","og_description":"A Iniciativa Direito \u00e0 Mem\u00f3ria e Justi\u00e7a Racial vai inaugurar neste s\u00e1bado o Memorial Nossos...","og_url":"https:\/\/lurdinha.org\/site\/memorial-nossos-passos-vem-de-longe-e-inaugurado-em-caxias-nesse-sabado\/","og_site_name":"Lurdinha - Duque de Caxias para Est\u00f4magos Fortes","article_publisher":"https:\/\/www.facebook.com\/LurdinhadeCaxias","article_author":"botocudo","article_published_time":"2021-06-17T00:35:57+00:00","article_modified_time":"2023-07-01T19:04:26+00:00","og_image":[{"width":800,"height":800,"url":"https:\/\/lurdinha.org\/site\/wp-content\/uploads\/memorial-nossos-passos-vem-de-longe.jpg","type":"image\/jpeg"}],"author":"heraldo hb","twitter_card":"summary_large_image","twitter_misc":{"Escrito por":"heraldo hb","Est. tempo de leitura":"1 minuto"},"schema":{"@context":"https:\/\/schema.org","@graph":[{"@type":"Article","@id":"https:\/\/lurdinha.org\/site\/memorial-nossos-passos-vem-de-longe-e-inaugurado-em-caxias-nesse-sabado\/#article","isPartOf":{"@id":"https:\/\/lurdinha.org\/site\/memorial-nossos-passos-vem-de-longe-e-inaugurado-em-caxias-nesse-sabado\/"},"author":{"name":"heraldo hb","@id":"https:\/\/lurdinha.org\/site\/#\/schema\/person\/b833bb6a7f82598bf0e95e4c30874251"},"headline":"Memorial Nossos Passos V\u00eam de Longe \u00e9 inaugurado em Caxias nesse s\u00e1bado","datePublished":"2021-06-17T00:35:57+00:00","dateModified":"2023-07-01T19:04:26+00:00","mainEntityOfPage":{"@id":"https:\/\/lurdinha.org\/site\/memorial-nossos-passos-vem-de-longe-e-inaugurado-em-caxias-nesse-sabado\/"},"wordCount":118,"commentCount":0,"publisher":{"@id":"https:\/\/lurdinha.org\/site\/#organization"},"image":{"@id":"https:\/\/lurdinha.org\/site\/memorial-nossos-passos-vem-de-longe-e-inaugurado-em-caxias-nesse-sabado\/#primaryimage"},"thumbnailUrl":"https:\/\/lurdinha.org\/site\/wp-content\/uploads\/memorial-nossos-passos-vem-de-longe.jpg","keywords":["ancestralidade","baixada-fluminense","memorial nossos passos vem de longe","mulheres negras"],"articleSection":["evento","hist\u00f3ria"],"inLanguage":"pt-BR","potentialAction":[{"@type":"CommentAction","name":"Comment","target":["https:\/\/lurdinha.org\/site\/memorial-nossos-passos-vem-de-longe-e-inaugurado-em-caxias-nesse-sabado\/#respond"]}]},{"@type":"WebPage","@id":"https:\/\/lurdinha.org\/site\/memorial-nossos-passos-vem-de-longe-e-inaugurado-em-caxias-nesse-sabado\/","url":"https:\/\/lurdinha.org\/site\/memorial-nossos-passos-vem-de-longe-e-inaugurado-em-caxias-nesse-sabado\/","name":"Memorial Nossos Passos V\u00eam de Longe \u00e9 inaugurado em Caxias nesse s\u00e1bado - Lurdinha - Duque de Caxias para Est\u00f4magos Fortes","isPartOf":{"@id":"https:\/\/lurdinha.org\/site\/#website"},"primaryImageOfPage":{"@id":"https:\/\/lurdinha.org\/site\/memorial-nossos-passos-vem-de-longe-e-inaugurado-em-caxias-nesse-sabado\/#primaryimage"},"image":{"@id":"https:\/\/lurdinha.org\/site\/memorial-nossos-passos-vem-de-longe-e-inaugurado-em-caxias-nesse-sabado\/#primaryimage"},"thumbnailUrl":"https:\/\/lurdinha.org\/site\/wp-content\/uploads\/memorial-nossos-passos-vem-de-longe.jpg","datePublished":"2021-06-17T00:35:57+00:00","dateModified":"2023-07-01T19:04:26+00:00","breadcrumb":{"@id":"https:\/\/lurdinha.org\/site\/memorial-nossos-passos-vem-de-longe-e-inaugurado-em-caxias-nesse-sabado\/#breadcrumb"},"inLanguage":"pt-BR","potentialAction":[{"@type":"ReadAction","target":["https:\/\/lurdinha.org\/site\/memorial-nossos-passos-vem-de-longe-e-inaugurado-em-caxias-nesse-sabado\/"]}]},{"@type":"ImageObject","inLanguage":"pt-BR","@id":"https:\/\/lurdinha.org\/site\/memorial-nossos-passos-vem-de-longe-e-inaugurado-em-caxias-nesse-sabado\/#primaryimage","url":"https:\/\/lurdinha.org\/site\/wp-content\/uploads\/memorial-nossos-passos-vem-de-longe.jpg","contentUrl":"https:\/\/lurdinha.org\/site\/wp-content\/uploads\/memorial-nossos-passos-vem-de-longe.jpg","width":800,"height":800,"caption":"Memorial Nossos Passos V\u00eam de Longe"},{"@type":"BreadcrumbList","@id":"https:\/\/lurdinha.org\/site\/memorial-nossos-passos-vem-de-longe-e-inaugurado-em-caxias-nesse-sabado\/#breadcrumb","itemListElement":[{"@type":"ListItem","position":1,"name":"In\u00edcio","item":"https:\/\/lurdinha.org\/site\/"},{"@type":"ListItem","position":2,"name":"Memorial Nossos Passos V\u00eam de Longe \u00e9 inaugurado em Caxias nesse s\u00e1bado"}]},{"@type":"WebSite","@id":"https:\/\/lurdinha.org\/site\/#website","url":"https:\/\/lurdinha.org\/site\/","name":"Lurdinha - Duque de Caxias para Est\u00f4magos Fortes","description":"Site sobre Arte, Cultura, Pol\u00edtica, Sociedade e curiosidades da cidade de Duque de Caxias, RJ","publisher":{"@id":"https:\/\/lurdinha.org\/site\/#organization"},"alternateName":"Lurdinha","potentialAction":[{"@type":"SearchAction","target":{"@type":"EntryPoint","urlTemplate":"https:\/\/lurdinha.org\/site\/?s={search_term_string}"},"query-input":{"@type":"PropertyValueSpecification","valueRequired":true,"valueName":"search_term_string"}}],"inLanguage":"pt-BR"},{"@type":"Organization","@id":"https:\/\/lurdinha.org\/site\/#organization","name":"Lurdinha de Caxias","url":"https:\/\/lurdinha.org\/site\/","logo":{"@type":"ImageObject","inLanguage":"pt-BR","@id":"https:\/\/lurdinha.org\/site\/#\/schema\/logo\/image\/","url":"https:\/\/lurdinha.org\/site\/wp-content\/uploads\/logo-lurdinha.jpg","contentUrl":"https:\/\/lurdinha.org\/site\/wp-content\/uploads\/logo-lurdinha.jpg","width":640,"height":60,"caption":"Lurdinha de Caxias"},"image":{"@id":"https:\/\/lurdinha.org\/site\/#\/schema\/logo\/image\/"},"sameAs":["https:\/\/www.facebook.com\/LurdinhadeCaxias","https:\/\/www.instagram.com\/lurdinhadecaxias"]},{"@type":"Person","@id":"https:\/\/lurdinha.org\/site\/#\/schema\/person\/b833bb6a7f82598bf0e95e4c30874251","name":"heraldo hb","image":{"@type":"ImageObject","inLanguage":"pt-BR","@id":"https:\/\/secure.gravatar.com\/avatar\/5de9fe99c72cb6885bbdaa24b1c5738b0f673d265de18720fae7463d5f47b48d?s=96&d=mm&r=g","url":"https:\/\/secure.gravatar.com\/avatar\/5de9fe99c72cb6885bbdaa24b1c5738b0f673d265de18720fae7463d5f47b48d?s=96&d=mm&r=g","contentUrl":"https:\/\/secure.gravatar.com\/avatar\/5de9fe99c72cb6885bbdaa24b1c5738b0f673d265de18720fae7463d5f47b48d?s=96&d=mm&r=g","caption":"heraldo hb"},"description":"Cineasta, animador cultural, escritor e educador nascido no s\u00e9culo XX","sameAs":["http:\/\/wwww.relinkare.org","botocudo","heraldohb","relinkare"],"url":"https:\/\/lurdinha.org\/site\/author\/heraldohb\/"}]}},"views":1965,"_links":{"self":[{"href":"https:\/\/lurdinha.org\/site\/wp-json\/wp\/v2\/posts\/9890","targetHints":{"allow":["GET"]}}],"collection":[{"href":"https:\/\/lurdinha.org\/site\/wp-json\/wp\/v2\/posts"}],"about":[{"href":"https:\/\/lurdinha.org\/site\/wp-json\/wp\/v2\/types\/post"}],"author":[{"embeddable":true,"href":"https:\/\/lurdinha.org\/site\/wp-json\/wp\/v2\/users\/2"}],"replies":[{"embeddable":true,"href":"https:\/\/lurdinha.org\/site\/wp-json\/wp\/v2\/comments?post=9890"}],"version-history":[{"count":4,"href":"https:\/\/lurdinha.org\/site\/wp-json\/wp\/v2\/posts\/9890\/revisions"}],"predecessor-version":[{"id":9896,"href":"https:\/\/lurdinha.org\/site\/wp-json\/wp\/v2\/posts\/9890\/revisions\/9896"}],"wp:featuredmedia":[{"embeddable":true,"href":"https:\/\/lurdinha.org\/site\/wp-json\/wp\/v2\/media\/9895"}],"wp:attachment":[{"href":"https:\/\/lurdinha.org\/site\/wp-json\/wp\/v2\/media?parent=9890"}],"wp:term":[{"taxonomy":"category","embeddable":true,"href":"https:\/\/lurdinha.org\/site\/wp-json\/wp\/v2\/categories?post=9890"},{"taxonomy":"post_tag","embeddable":true,"href":"https:\/\/lurdinha.org\/site\/wp-json\/wp\/v2\/tags?post=9890"}],"curies":[{"name":"wp","href":"https:\/\/api.w.org\/{rel}","templated":true}]}}