{"id":9881,"date":"2021-06-14T02:36:19","date_gmt":"2021-06-14T02:36:19","guid":{"rendered":"https:\/\/lurdinha.org\/site\/?p=9881"},"modified":"2021-06-18T16:55:44","modified_gmt":"2021-06-18T16:55:44","slug":"quem-foi-jose-de-alvarenga","status":"publish","type":"post","link":"https:\/\/lurdinha.org\/site\/quem-foi-jose-de-alvarenga\/","title":{"rendered":"Quem foi Jos\u00e9 de Alvarenga?"},"content":{"rendered":"<div>\u00c9 manh\u00e3 ainda quando cruzo a Leonel Brizola andando r\u00e1pido. O povo est\u00e1 nas ruas, normalmente. Uns com m\u00e1scaras outros sem. O caxiense n\u00e3o tem medo. N\u00e3o pega nada. Pandemias, na cidade de Ten\u00f3rio, n\u00e3o assustam quase ningu\u00e9m. O que mete medo mesmo nos nativos caxienses \u00e9 o n\u00edvel do rio Meriti.<\/div>\n<p>Encontro Seu Pedro, um velho conhecido de outrora, com sua camisa tricolor que homenageia a Grande Rio. &#8220;Est\u00e1 frio, hein Pedr\u00e3o!&#8221;, comento saudando-o com um bom dia. &#8220;Que fazes por aqui, menino?&#8221;, me indaga ele, com um sorriso repentino. &#8220;Estou a ir at\u00e9 o Centro, pagar contas. E voc\u00ea?&#8221;<\/p>\n<p>Ele me diz que est\u00e1 indo em S\u00e3o Jo\u00e3o assinar os pap\u00e9is da venda duma casa em S\u00e3o Mateus, para um casal vindo de S\u00e3o Paulo. E que, na volta, precisar\u00e1 passar na Vila S\u00e3o Luiz. &#8220;Ser\u00e1 um dia cheio, menino!&#8221;. Muito cat\u00f3lico, ele faz o sinal da cruz quando passa em frente \u00e0 Igreja Matriz de Santo Ant\u00f4nio.<\/p>\n<p>Entramos pela Nilo Pe\u00e7anha e paramos sob a sombra do busto do Zumbi, onde nos despediremos. Ele ainda avista outro conhecido, que o cumprimenta pelas cores: &#8220;Salve, tricolor!&#8221;. Dois caxienses t\u00edpicos, cheios de <i>caxialidade<\/i>. N\u00e3o temem Covid nem tiroteio, nem nada. S\u00f3 as cheias do rio Meriti.<\/p>\n<p>Despe\u00e7o-me deles, dobro a Jos\u00e9 de Alvarenga andando depressa e atinjo o cora\u00e7\u00e3o comercial da cidade. Um dos retratos mais fieis poss\u00edveis de Duque de Caxias, a rua-cal\u00e7ad\u00e3o se notabiliza por seu com\u00e9rcio pulsante. A mesma \u00e9 famosa at\u00e9 fora do Estado. J\u00e1 o personagem que a nomeia, nem tanto.<\/p>\n<p>Ali\u00e1s, quem foi Jos\u00e9 de Alvarenga? Me pus a pensar, enquanto cruzava o cal\u00e7ad\u00e3o. Acho que ningu\u00e9m que passava naquele momento saberia dizer quem foi ele. Mas a rua, que come\u00e7a na Vila Meriti &#8211; parte da cidade que n\u00e3o enche &#8211; e &#8216;des\u00e1gua&#8217; no Shopping Center (parte que enche), todos sabem aonde fica.<\/p>\n<p>Principalmente o Seu Albuquerque..<\/p>\n<figure id=\"attachment_9883\" aria-describedby=\"caption-attachment-9883\" style=\"width: 639px\" class=\"wp-caption alignnone\"><img loading=\"lazy\" decoding=\"async\" class=\"wp-image-9883 size-full\" src=\"https:\/\/lurdinha.org\/site\/wp-content\/uploads\/foto-AlbertoEllobo.jpg\" alt=\"Rua Jos\u00e9 de Alvarenga - Duque de Caxias - foto Alberto Ellobo\" width=\"639\" height=\"426\" srcset=\"https:\/\/lurdinha.org\/site\/wp-content\/uploads\/foto-AlbertoEllobo.jpg 639w, https:\/\/lurdinha.org\/site\/wp-content\/uploads\/foto-AlbertoEllobo-300x200.jpg 300w, https:\/\/lurdinha.org\/site\/wp-content\/uploads\/foto-AlbertoEllobo-610x407.jpg 610w\" sizes=\"auto, (max-width: 639px) 100vw, 639px\" \/><figcaption id=\"caption-attachment-9883\" class=\"wp-caption-text\">Foto Alberto Ellobo.\/ Cybershot N-2 Sony camera<\/figcaption><\/figure>\n<p>&#8211;<\/p>\n<p><a href=\"https:\/\/lubidigoro.blogspot.com\/\" target=\"_blank\" rel=\"noopener\"><em>https:\/\/lubidigoro.blogspot.com\/\u00a0\u00a0<\/em><\/a><\/p>\n<p class=\"_7UhW9 fKFbl yUEEX KV-D4 fDxYl \"><em>@elloboalberto<\/em><\/p>\n","protected":false},"excerpt":{"rendered":"<p>\u00c9 manh\u00e3 ainda quando cruzo a Leonel Brizola andando r\u00e1pido. O povo est\u00e1 nas ruas,&#8230;<\/p>\n","protected":false},"author":57,"featured_media":9883,"comment_status":"open","ping_status":"closed","sticky":false,"template":"","format":"standard","meta":{"footnotes":""},"categories":[3,9,4],"tags":[11,1260],"class_list":["post-9881","post","type-post","status-publish","format-standard","has-post-thumbnail","hentry","category-clique","category-historia","category-opiniao","tag-duque-de-caxias","tag-jose-de-alvarenga"],"yoast_head":"<!-- This site is optimized with the Yoast SEO plugin v27.5 - https:\/\/yoast.com\/product\/yoast-seo-wordpress\/ -->\n<title>Quem foi Jos\u00e9 de Alvarenga? - Lurdinha - Duque de Caxias para Est\u00f4magos Fortes<\/title>\n<meta name=\"robots\" content=\"index, follow, max-snippet:-1, max-image-preview:large, max-video-preview:-1\" \/>\n<link rel=\"canonical\" href=\"https:\/\/lurdinha.org\/site\/quem-foi-jose-de-alvarenga\/\" \/>\n<meta property=\"og:locale\" content=\"pt_BR\" \/>\n<meta property=\"og:type\" content=\"article\" \/>\n<meta property=\"og:title\" content=\"Quem foi Jos\u00e9 de Alvarenga? - Lurdinha - Duque de Caxias para Est\u00f4magos Fortes\" \/>\n<meta property=\"og:description\" content=\"\u00c9 manh\u00e3 ainda quando cruzo a Leonel Brizola andando r\u00e1pido. O povo est\u00e1 nas ruas,...\" \/>\n<meta property=\"og:url\" content=\"https:\/\/lurdinha.org\/site\/quem-foi-jose-de-alvarenga\/\" \/>\n<meta property=\"og:site_name\" content=\"Lurdinha - Duque de Caxias para Est\u00f4magos Fortes\" \/>\n<meta property=\"article:publisher\" content=\"https:\/\/www.facebook.com\/LurdinhadeCaxias\" \/>\n<meta property=\"article:published_time\" content=\"2021-06-14T02:36:19+00:00\" \/>\n<meta property=\"article:modified_time\" content=\"2021-06-18T16:55:44+00:00\" \/>\n<meta property=\"og:image\" content=\"https:\/\/lurdinha.org\/site\/wp-content\/uploads\/foto-AlbertoEllobo.jpg\" \/>\n\t<meta property=\"og:image:width\" content=\"639\" \/>\n\t<meta property=\"og:image:height\" content=\"426\" \/>\n\t<meta property=\"og:image:type\" content=\"image\/jpeg\" \/>\n<meta name=\"author\" content=\"Alberto Ellobo\" \/>\n<meta name=\"twitter:card\" content=\"summary_large_image\" \/>\n<meta name=\"twitter:label1\" content=\"Escrito por\" \/>\n\t<meta name=\"twitter:data1\" content=\"Alberto Ellobo\" \/>\n\t<meta name=\"twitter:label2\" content=\"Est. tempo de leitura\" \/>\n\t<meta name=\"twitter:data2\" content=\"2 minutos\" \/>\n<script type=\"application\/ld+json\" class=\"yoast-schema-graph\">{\"@context\":\"https:\\\/\\\/schema.org\",\"@graph\":[{\"@type\":\"Article\",\"@id\":\"https:\\\/\\\/lurdinha.org\\\/site\\\/quem-foi-jose-de-alvarenga\\\/#article\",\"isPartOf\":{\"@id\":\"https:\\\/\\\/lurdinha.org\\\/site\\\/quem-foi-jose-de-alvarenga\\\/\"},\"author\":{\"name\":\"Alberto Ellobo\",\"@id\":\"https:\\\/\\\/lurdinha.org\\\/site\\\/#\\\/schema\\\/person\\\/7834c6d13b505352efd31225078fd968\"},\"headline\":\"Quem foi Jos\u00e9 de Alvarenga?\",\"datePublished\":\"2021-06-14T02:36:19+00:00\",\"dateModified\":\"2021-06-18T16:55:44+00:00\",\"mainEntityOfPage\":{\"@id\":\"https:\\\/\\\/lurdinha.org\\\/site\\\/quem-foi-jose-de-alvarenga\\\/\"},\"wordCount\":369,\"commentCount\":2,\"publisher\":{\"@id\":\"https:\\\/\\\/lurdinha.org\\\/site\\\/#organization\"},\"image\":{\"@id\":\"https:\\\/\\\/lurdinha.org\\\/site\\\/quem-foi-jose-de-alvarenga\\\/#primaryimage\"},\"thumbnailUrl\":\"https:\\\/\\\/lurdinha.org\\\/site\\\/wp-content\\\/uploads\\\/foto-AlbertoEllobo.jpg\",\"keywords\":[\"duque-de-caxias\",\"Jos\u00e9 de Alvarenga\"],\"articleSection\":[\"clique\",\"hist\u00f3ria\",\"uma opini\u00e3o\"],\"inLanguage\":\"pt-BR\",\"potentialAction\":[{\"@type\":\"CommentAction\",\"name\":\"Comment\",\"target\":[\"https:\\\/\\\/lurdinha.org\\\/site\\\/quem-foi-jose-de-alvarenga\\\/#respond\"]}]},{\"@type\":\"WebPage\",\"@id\":\"https:\\\/\\\/lurdinha.org\\\/site\\\/quem-foi-jose-de-alvarenga\\\/\",\"url\":\"https:\\\/\\\/lurdinha.org\\\/site\\\/quem-foi-jose-de-alvarenga\\\/\",\"name\":\"Quem foi Jos\u00e9 de Alvarenga? - Lurdinha - Duque de Caxias para Est\u00f4magos Fortes\",\"isPartOf\":{\"@id\":\"https:\\\/\\\/lurdinha.org\\\/site\\\/#website\"},\"primaryImageOfPage\":{\"@id\":\"https:\\\/\\\/lurdinha.org\\\/site\\\/quem-foi-jose-de-alvarenga\\\/#primaryimage\"},\"image\":{\"@id\":\"https:\\\/\\\/lurdinha.org\\\/site\\\/quem-foi-jose-de-alvarenga\\\/#primaryimage\"},\"thumbnailUrl\":\"https:\\\/\\\/lurdinha.org\\\/site\\\/wp-content\\\/uploads\\\/foto-AlbertoEllobo.jpg\",\"datePublished\":\"2021-06-14T02:36:19+00:00\",\"dateModified\":\"2021-06-18T16:55:44+00:00\",\"breadcrumb\":{\"@id\":\"https:\\\/\\\/lurdinha.org\\\/site\\\/quem-foi-jose-de-alvarenga\\\/#breadcrumb\"},\"inLanguage\":\"pt-BR\",\"potentialAction\":[{\"@type\":\"ReadAction\",\"target\":[\"https:\\\/\\\/lurdinha.org\\\/site\\\/quem-foi-jose-de-alvarenga\\\/\"]}]},{\"@type\":\"ImageObject\",\"inLanguage\":\"pt-BR\",\"@id\":\"https:\\\/\\\/lurdinha.org\\\/site\\\/quem-foi-jose-de-alvarenga\\\/#primaryimage\",\"url\":\"https:\\\/\\\/lurdinha.org\\\/site\\\/wp-content\\\/uploads\\\/foto-AlbertoEllobo.jpg\",\"contentUrl\":\"https:\\\/\\\/lurdinha.org\\\/site\\\/wp-content\\\/uploads\\\/foto-AlbertoEllobo.jpg\",\"width\":639,\"height\":426,\"caption\":\"Foto Alberto Ellobo.\\\/ Cybershot N-2 Sony camera\"},{\"@type\":\"BreadcrumbList\",\"@id\":\"https:\\\/\\\/lurdinha.org\\\/site\\\/quem-foi-jose-de-alvarenga\\\/#breadcrumb\",\"itemListElement\":[{\"@type\":\"ListItem\",\"position\":1,\"name\":\"In\u00edcio\",\"item\":\"https:\\\/\\\/lurdinha.org\\\/site\\\/\"},{\"@type\":\"ListItem\",\"position\":2,\"name\":\"Quem foi Jos\u00e9 de Alvarenga?\"}]},{\"@type\":\"WebSite\",\"@id\":\"https:\\\/\\\/lurdinha.org\\\/site\\\/#website\",\"url\":\"https:\\\/\\\/lurdinha.org\\\/site\\\/\",\"name\":\"Lurdinha - Duque de Caxias para Est\u00f4magos Fortes\",\"description\":\"Site sobre Arte, Cultura, Pol\u00edtica, Sociedade e curiosidades da cidade de Duque de Caxias, RJ\",\"publisher\":{\"@id\":\"https:\\\/\\\/lurdinha.org\\\/site\\\/#organization\"},\"alternateName\":\"Lurdinha\",\"potentialAction\":[{\"@type\":\"SearchAction\",\"target\":{\"@type\":\"EntryPoint\",\"urlTemplate\":\"https:\\\/\\\/lurdinha.org\\\/site\\\/?s={search_term_string}\"},\"query-input\":{\"@type\":\"PropertyValueSpecification\",\"valueRequired\":true,\"valueName\":\"search_term_string\"}}],\"inLanguage\":\"pt-BR\"},{\"@type\":\"Organization\",\"@id\":\"https:\\\/\\\/lurdinha.org\\\/site\\\/#organization\",\"name\":\"Lurdinha de Caxias\",\"url\":\"https:\\\/\\\/lurdinha.org\\\/site\\\/\",\"logo\":{\"@type\":\"ImageObject\",\"inLanguage\":\"pt-BR\",\"@id\":\"https:\\\/\\\/lurdinha.org\\\/site\\\/#\\\/schema\\\/logo\\\/image\\\/\",\"url\":\"https:\\\/\\\/lurdinha.org\\\/site\\\/wp-content\\\/uploads\\\/logo-lurdinha.jpg\",\"contentUrl\":\"https:\\\/\\\/lurdinha.org\\\/site\\\/wp-content\\\/uploads\\\/logo-lurdinha.jpg\",\"width\":640,\"height\":60,\"caption\":\"Lurdinha de Caxias\"},\"image\":{\"@id\":\"https:\\\/\\\/lurdinha.org\\\/site\\\/#\\\/schema\\\/logo\\\/image\\\/\"},\"sameAs\":[\"https:\\\/\\\/www.facebook.com\\\/LurdinhadeCaxias\",\"https:\\\/\\\/www.instagram.com\\\/lurdinhadecaxias\"]},{\"@type\":\"Person\",\"@id\":\"https:\\\/\\\/lurdinha.org\\\/site\\\/#\\\/schema\\\/person\\\/7834c6d13b505352efd31225078fd968\",\"name\":\"Alberto Ellobo\",\"image\":{\"@type\":\"ImageObject\",\"inLanguage\":\"pt-BR\",\"@id\":\"https:\\\/\\\/secure.gravatar.com\\\/avatar\\\/d8134d703eea3e21ea5d5228f80f4f7673ad8ed33466be4c2e6ac71a16357670?s=96&d=mm&r=g\",\"url\":\"https:\\\/\\\/secure.gravatar.com\\\/avatar\\\/d8134d703eea3e21ea5d5228f80f4f7673ad8ed33466be4c2e6ac71a16357670?s=96&d=mm&r=g\",\"contentUrl\":\"https:\\\/\\\/secure.gravatar.com\\\/avatar\\\/d8134d703eea3e21ea5d5228f80f4f7673ad8ed33466be4c2e6ac71a16357670?s=96&d=mm&r=g\",\"caption\":\"Alberto Ellobo\"},\"url\":\"https:\\\/\\\/lurdinha.org\\\/site\\\/author\\\/ellobo\\\/\"}]}<\/script>\n<!-- \/ Yoast SEO plugin. -->","yoast_head_json":{"title":"Quem foi Jos\u00e9 de Alvarenga? - Lurdinha - Duque de Caxias para Est\u00f4magos Fortes","robots":{"index":"index","follow":"follow","max-snippet":"max-snippet:-1","max-image-preview":"max-image-preview:large","max-video-preview":"max-video-preview:-1"},"canonical":"https:\/\/lurdinha.org\/site\/quem-foi-jose-de-alvarenga\/","og_locale":"pt_BR","og_type":"article","og_title":"Quem foi Jos\u00e9 de Alvarenga? - Lurdinha - Duque de Caxias para Est\u00f4magos Fortes","og_description":"\u00c9 manh\u00e3 ainda quando cruzo a Leonel Brizola andando r\u00e1pido. O povo est\u00e1 nas ruas,...","og_url":"https:\/\/lurdinha.org\/site\/quem-foi-jose-de-alvarenga\/","og_site_name":"Lurdinha - Duque de Caxias para Est\u00f4magos Fortes","article_publisher":"https:\/\/www.facebook.com\/LurdinhadeCaxias","article_published_time":"2021-06-14T02:36:19+00:00","article_modified_time":"2021-06-18T16:55:44+00:00","og_image":[{"width":639,"height":426,"url":"https:\/\/lurdinha.org\/site\/wp-content\/uploads\/foto-AlbertoEllobo.jpg","type":"image\/jpeg"}],"author":"Alberto Ellobo","twitter_card":"summary_large_image","twitter_misc":{"Escrito por":"Alberto Ellobo","Est. tempo de leitura":"2 minutos"},"schema":{"@context":"https:\/\/schema.org","@graph":[{"@type":"Article","@id":"https:\/\/lurdinha.org\/site\/quem-foi-jose-de-alvarenga\/#article","isPartOf":{"@id":"https:\/\/lurdinha.org\/site\/quem-foi-jose-de-alvarenga\/"},"author":{"name":"Alberto Ellobo","@id":"https:\/\/lurdinha.org\/site\/#\/schema\/person\/7834c6d13b505352efd31225078fd968"},"headline":"Quem foi Jos\u00e9 de Alvarenga?","datePublished":"2021-06-14T02:36:19+00:00","dateModified":"2021-06-18T16:55:44+00:00","mainEntityOfPage":{"@id":"https:\/\/lurdinha.org\/site\/quem-foi-jose-de-alvarenga\/"},"wordCount":369,"commentCount":2,"publisher":{"@id":"https:\/\/lurdinha.org\/site\/#organization"},"image":{"@id":"https:\/\/lurdinha.org\/site\/quem-foi-jose-de-alvarenga\/#primaryimage"},"thumbnailUrl":"https:\/\/lurdinha.org\/site\/wp-content\/uploads\/foto-AlbertoEllobo.jpg","keywords":["duque-de-caxias","Jos\u00e9 de Alvarenga"],"articleSection":["clique","hist\u00f3ria","uma opini\u00e3o"],"inLanguage":"pt-BR","potentialAction":[{"@type":"CommentAction","name":"Comment","target":["https:\/\/lurdinha.org\/site\/quem-foi-jose-de-alvarenga\/#respond"]}]},{"@type":"WebPage","@id":"https:\/\/lurdinha.org\/site\/quem-foi-jose-de-alvarenga\/","url":"https:\/\/lurdinha.org\/site\/quem-foi-jose-de-alvarenga\/","name":"Quem foi Jos\u00e9 de Alvarenga? - Lurdinha - Duque de Caxias para Est\u00f4magos Fortes","isPartOf":{"@id":"https:\/\/lurdinha.org\/site\/#website"},"primaryImageOfPage":{"@id":"https:\/\/lurdinha.org\/site\/quem-foi-jose-de-alvarenga\/#primaryimage"},"image":{"@id":"https:\/\/lurdinha.org\/site\/quem-foi-jose-de-alvarenga\/#primaryimage"},"thumbnailUrl":"https:\/\/lurdinha.org\/site\/wp-content\/uploads\/foto-AlbertoEllobo.jpg","datePublished":"2021-06-14T02:36:19+00:00","dateModified":"2021-06-18T16:55:44+00:00","breadcrumb":{"@id":"https:\/\/lurdinha.org\/site\/quem-foi-jose-de-alvarenga\/#breadcrumb"},"inLanguage":"pt-BR","potentialAction":[{"@type":"ReadAction","target":["https:\/\/lurdinha.org\/site\/quem-foi-jose-de-alvarenga\/"]}]},{"@type":"ImageObject","inLanguage":"pt-BR","@id":"https:\/\/lurdinha.org\/site\/quem-foi-jose-de-alvarenga\/#primaryimage","url":"https:\/\/lurdinha.org\/site\/wp-content\/uploads\/foto-AlbertoEllobo.jpg","contentUrl":"https:\/\/lurdinha.org\/site\/wp-content\/uploads\/foto-AlbertoEllobo.jpg","width":639,"height":426,"caption":"Foto Alberto Ellobo.\/ Cybershot N-2 Sony camera"},{"@type":"BreadcrumbList","@id":"https:\/\/lurdinha.org\/site\/quem-foi-jose-de-alvarenga\/#breadcrumb","itemListElement":[{"@type":"ListItem","position":1,"name":"In\u00edcio","item":"https:\/\/lurdinha.org\/site\/"},{"@type":"ListItem","position":2,"name":"Quem foi Jos\u00e9 de Alvarenga?"}]},{"@type":"WebSite","@id":"https:\/\/lurdinha.org\/site\/#website","url":"https:\/\/lurdinha.org\/site\/","name":"Lurdinha - Duque de Caxias para Est\u00f4magos Fortes","description":"Site sobre Arte, Cultura, Pol\u00edtica, Sociedade e curiosidades da cidade de Duque de Caxias, RJ","publisher":{"@id":"https:\/\/lurdinha.org\/site\/#organization"},"alternateName":"Lurdinha","potentialAction":[{"@type":"SearchAction","target":{"@type":"EntryPoint","urlTemplate":"https:\/\/lurdinha.org\/site\/?s={search_term_string}"},"query-input":{"@type":"PropertyValueSpecification","valueRequired":true,"valueName":"search_term_string"}}],"inLanguage":"pt-BR"},{"@type":"Organization","@id":"https:\/\/lurdinha.org\/site\/#organization","name":"Lurdinha de Caxias","url":"https:\/\/lurdinha.org\/site\/","logo":{"@type":"ImageObject","inLanguage":"pt-BR","@id":"https:\/\/lurdinha.org\/site\/#\/schema\/logo\/image\/","url":"https:\/\/lurdinha.org\/site\/wp-content\/uploads\/logo-lurdinha.jpg","contentUrl":"https:\/\/lurdinha.org\/site\/wp-content\/uploads\/logo-lurdinha.jpg","width":640,"height":60,"caption":"Lurdinha de Caxias"},"image":{"@id":"https:\/\/lurdinha.org\/site\/#\/schema\/logo\/image\/"},"sameAs":["https:\/\/www.facebook.com\/LurdinhadeCaxias","https:\/\/www.instagram.com\/lurdinhadecaxias"]},{"@type":"Person","@id":"https:\/\/lurdinha.org\/site\/#\/schema\/person\/7834c6d13b505352efd31225078fd968","name":"Alberto Ellobo","image":{"@type":"ImageObject","inLanguage":"pt-BR","@id":"https:\/\/secure.gravatar.com\/avatar\/d8134d703eea3e21ea5d5228f80f4f7673ad8ed33466be4c2e6ac71a16357670?s=96&d=mm&r=g","url":"https:\/\/secure.gravatar.com\/avatar\/d8134d703eea3e21ea5d5228f80f4f7673ad8ed33466be4c2e6ac71a16357670?s=96&d=mm&r=g","contentUrl":"https:\/\/secure.gravatar.com\/avatar\/d8134d703eea3e21ea5d5228f80f4f7673ad8ed33466be4c2e6ac71a16357670?s=96&d=mm&r=g","caption":"Alberto Ellobo"},"url":"https:\/\/lurdinha.org\/site\/author\/ellobo\/"}]}},"views":28117,"_links":{"self":[{"href":"https:\/\/lurdinha.org\/site\/wp-json\/wp\/v2\/posts\/9881","targetHints":{"allow":["GET"]}}],"collection":[{"href":"https:\/\/lurdinha.org\/site\/wp-json\/wp\/v2\/posts"}],"about":[{"href":"https:\/\/lurdinha.org\/site\/wp-json\/wp\/v2\/types\/post"}],"author":[{"embeddable":true,"href":"https:\/\/lurdinha.org\/site\/wp-json\/wp\/v2\/users\/57"}],"replies":[{"embeddable":true,"href":"https:\/\/lurdinha.org\/site\/wp-json\/wp\/v2\/comments?post=9881"}],"version-history":[{"count":4,"href":"https:\/\/lurdinha.org\/site\/wp-json\/wp\/v2\/posts\/9881\/revisions"}],"predecessor-version":[{"id":9888,"href":"https:\/\/lurdinha.org\/site\/wp-json\/wp\/v2\/posts\/9881\/revisions\/9888"}],"wp:featuredmedia":[{"embeddable":true,"href":"https:\/\/lurdinha.org\/site\/wp-json\/wp\/v2\/media\/9883"}],"wp:attachment":[{"href":"https:\/\/lurdinha.org\/site\/wp-json\/wp\/v2\/media?parent=9881"}],"wp:term":[{"taxonomy":"category","embeddable":true,"href":"https:\/\/lurdinha.org\/site\/wp-json\/wp\/v2\/categories?post=9881"},{"taxonomy":"post_tag","embeddable":true,"href":"https:\/\/lurdinha.org\/site\/wp-json\/wp\/v2\/tags?post=9881"}],"curies":[{"name":"wp","href":"https:\/\/api.w.org\/{rel}","templated":true}]}}