{"id":9863,"date":"2021-05-13T22:33:06","date_gmt":"2021-05-13T22:33:06","guid":{"rendered":"https:\/\/lurdinha.org\/site\/?p=9863"},"modified":"2021-05-13T22:33:22","modified_gmt":"2021-05-13T22:33:22","slug":"sobre-arte-negritude-e-13-de-maio","status":"publish","type":"post","link":"https:\/\/lurdinha.org\/site\/sobre-arte-negritude-e-13-de-maio\/","title":{"rendered":"Sobre Arte, Negritude e 13 de maio"},"content":{"rendered":"<p>Por ser um artista negro, nascido na Baixada Fluminense, nunca tive muito saco para discutir desigualdade, descrimina\u00e7\u00e3o e racismo com quem s\u00f3 reclama e n\u00e3o traz nenhuma solu\u00e7\u00e3o, por qu\u00ea?<\/p>\n<p>Sempre vivi tudo isso na pele preta que carrego. Quando penso nas atrocidades sofridas pelos nossos antepassados e as impostas a todos noz at\u00e9 hoje, s\u00f3 aceito qualquer debate se for pela busca do direito fundamental \u00e0 \u201cliberdade\u201d.<\/p>\n<p>Somos mais da metade da popula\u00e7\u00e3o do pa\u00eds, e at\u00e9 hoje somos doutrinados a renegar a educa\u00e7\u00e3o e a pol\u00edtica. E sem instru\u00e7\u00e3o, a pol\u00edtica empurra a maioria de n\u00f3s para o voto de cabresto, o subemprego, para a m\u00e3o de obra barata e a doutrina\u00e7\u00e3o de sobreviver e se conformar com as dificuldades da vida de todos que ganham sal\u00e1rio m\u00ednimo.<\/p>\n<p>A Baixada Fluminense, por exemplo, \u00e9 uma regi\u00e3o conhecida como dormit\u00f3rio, a partir das quatro da manh\u00e3 o povo come\u00e7a a se levantar para ir ao trabalho. Trabalhadores subjugados nos transportes p\u00fablicos que os conduz, humilhados e tratados como menores pelos seus empregadores, em sua maioria, de origem negra ou nordestina que vive na regi\u00e3o. Uma regi\u00e3o conhecida em todos os estados do pa\u00eds por fornecer m\u00e3o de obra barata para todo o estado Rio de Janeiro. E por conta da baixa escolaridade, a maioria desconhece a luta e as conquistas de negros que provaram ser t\u00e3o capazes, ou at\u00e9 melhores do que quem os subjugava. Tanto que entraram para a hist\u00f3ria por suas lutas e conquistas.<\/p>\n<p>Zumbi dos Palmares, Luiza Mahin e Luiz Gama, m\u00e3e e filho, uma prova de que, quem sai aos seus n\u00e3o degenera. Jos\u00e9 do Patroc\u00ednio, Cruz e Souza, os irm\u00e3os Ant\u00f4nio e Andr\u00e9 Rebou\u00e7as, Machado de Assis, dentre outros. Todos negros do s\u00e9culo XlX pra tr\u00e1s, que dedicaram suas vidas \u00e0 luta pela emancipa\u00e7\u00e3o e fim da escravid\u00e3o no nosso pa\u00eds, todos negros que se destacaram por sua capacidade intelectual. Nomes que a maioria de n\u00f3s, negros brasileiros que vivem discutindo negritude nas redes sociais, nunca sequer leu um paragrafo sobre eles. Triste realidade de um pa\u00eds sem mem\u00f3ria, principalmente a negra.<\/p>\n<p>Se os negros, principalmente os cariocas tivessem consci\u00eancia de quem foram essas pessoas citadas acima, certamente nesse momento t\u00e3o obscuro que atravessamos, estariam se mobilizando como est\u00e3o fazendo a comunidade negra de S\u00e3o Paulo, com artistas como Emicida uma refer\u00eancia da musica preta do Brasil fazendo um chamado de v\u00eddeo convocando geral para um ato contra os desmandos desse governo fascista contra pretos e pobres brasileiro. Enquanto isso, a consci\u00eancia negra carioca segue calada em meio a esse caos que estamos vivendo discutindo nas redes sociais suas indigna\u00e7\u00f5es contra pretos que namoram brancos ou vice-versa.<\/p>\n<p>Inspirado nesses her\u00f3is, sempre me recusei a me achar menor do que quem quer que seja, pois cada uma dessas pessoas citadas aqui, nunca se colocaram como inferiores, todos tinham consci\u00eancia de que pra fazer valer as suas opini\u00f5es, nunca poderiam se colocar como menores, mas sim como iguais.<\/p>\n<p>Por isso, quando vejo ainda hoje, pretos achando normal outros pretos atirarem em pretos, compreendo a luta travada l\u00e1 atr\u00e1s por cada um deles, e imagino o orgulho de cada um quando se tornaram os primeiros negros brasileiros a se destacarem como engenheiros, advogados, literatos, jornalistas, ativistas, poetas, e guerreiros, como Luiza Mahin e Zumbi dos Palmares, que deram suas vidas \u00e0 luta pelo direito a liberdade, e contra as injusti\u00e7as impostas aos nossos. \u00c9 uma pena que as escolas fundamentais do Brasil escondam a luta desses antepassados. Por isso, para mim, o dia 13 de maio \u00e9 o dia que dedico a minha consci\u00eancia e gratid\u00e3o a cada um deles, que travaram sua luta pessoal em prol do coletivo negro brasileiro.<\/p>\n<p>A minha busca pelo reconhecimento art\u00edstico \u00e9 pessoal, mas minha luta pela emancipa\u00e7\u00e3o art\u00edstica e cultural \u00e9 e sempre ser\u00e1 coletiva.<\/p>\n<p><em><strong>Bira da Vila<\/strong><\/em><\/p>\n<p><img loading=\"lazy\" decoding=\"async\" class=\"alignnone wp-image-9864 size-full\" src=\"https:\/\/lurdinha.org\/site\/wp-content\/uploads\/bira-da-vila-1.jpg\" alt=\"\" width=\"1280\" height=\"956\" srcset=\"https:\/\/lurdinha.org\/site\/wp-content\/uploads\/bira-da-vila-1.jpg 1280w, https:\/\/lurdinha.org\/site\/wp-content\/uploads\/bira-da-vila-1-300x224.jpg 300w, https:\/\/lurdinha.org\/site\/wp-content\/uploads\/bira-da-vila-1-610x456.jpg 610w, https:\/\/lurdinha.org\/site\/wp-content\/uploads\/bira-da-vila-1-768x574.jpg 768w, https:\/\/lurdinha.org\/site\/wp-content\/uploads\/bira-da-vila-1-1200x896.jpg 1200w\" sizes=\"auto, (max-width: 1280px) 100vw, 1280px\" \/><\/p>\n","protected":false},"excerpt":{"rendered":"<p>Por ser um artista negro, nascido na Baixada Fluminense, nunca tive muito saco para discutir&#8230;<\/p>\n","protected":false},"author":77,"featured_media":9864,"comment_status":"open","ping_status":"closed","sticky":false,"template":"","format":"standard","meta":{"footnotes":""},"categories":[4],"tags":[],"class_list":["post-9863","post","type-post","status-publish","format-standard","has-post-thumbnail","hentry","category-opiniao"],"yoast_head":"<!-- This site is optimized with the Yoast SEO plugin v27.5 - https:\/\/yoast.com\/product\/yoast-seo-wordpress\/ -->\n<title>Sobre Arte, Negritude e 13 de maio - Lurdinha - Duque de Caxias para Est\u00f4magos Fortes<\/title>\n<meta name=\"robots\" content=\"index, follow, max-snippet:-1, max-image-preview:large, max-video-preview:-1\" \/>\n<link rel=\"canonical\" href=\"https:\/\/lurdinha.org\/site\/sobre-arte-negritude-e-13-de-maio\/\" \/>\n<meta property=\"og:locale\" content=\"pt_BR\" \/>\n<meta property=\"og:type\" content=\"article\" \/>\n<meta property=\"og:title\" content=\"Sobre Arte, Negritude e 13 de maio - Lurdinha - Duque de Caxias para Est\u00f4magos Fortes\" \/>\n<meta property=\"og:description\" content=\"Por ser um artista negro, nascido na Baixada Fluminense, nunca tive muito saco para discutir...\" \/>\n<meta property=\"og:url\" content=\"https:\/\/lurdinha.org\/site\/sobre-arte-negritude-e-13-de-maio\/\" \/>\n<meta property=\"og:site_name\" content=\"Lurdinha - Duque de Caxias para Est\u00f4magos Fortes\" \/>\n<meta property=\"article:publisher\" content=\"https:\/\/www.facebook.com\/LurdinhadeCaxias\" \/>\n<meta property=\"article:author\" content=\"https:\/\/www.facebook.com\/Pgina-Bira-da-Vila-1266868600029700\" \/>\n<meta property=\"article:published_time\" content=\"2021-05-13T22:33:06+00:00\" \/>\n<meta property=\"article:modified_time\" content=\"2021-05-13T22:33:22+00:00\" \/>\n<meta property=\"og:image\" content=\"https:\/\/lurdinha.org\/site\/wp-content\/uploads\/bira-da-vila-1.jpg\" \/>\n\t<meta property=\"og:image:width\" content=\"1280\" \/>\n\t<meta property=\"og:image:height\" content=\"956\" \/>\n\t<meta property=\"og:image:type\" content=\"image\/jpeg\" \/>\n<meta name=\"author\" content=\"Bira da Vila\" \/>\n<meta name=\"twitter:card\" content=\"summary_large_image\" \/>\n<meta name=\"twitter:label1\" content=\"Escrito por\" \/>\n\t<meta name=\"twitter:data1\" content=\"Bira da Vila\" \/>\n\t<meta name=\"twitter:label2\" content=\"Est. tempo de leitura\" \/>\n\t<meta name=\"twitter:data2\" content=\"3 minutos\" \/>\n<script type=\"application\/ld+json\" class=\"yoast-schema-graph\">{\"@context\":\"https:\\\/\\\/schema.org\",\"@graph\":[{\"@type\":\"Article\",\"@id\":\"https:\\\/\\\/lurdinha.org\\\/site\\\/sobre-arte-negritude-e-13-de-maio\\\/#article\",\"isPartOf\":{\"@id\":\"https:\\\/\\\/lurdinha.org\\\/site\\\/sobre-arte-negritude-e-13-de-maio\\\/\"},\"author\":{\"name\":\"Bira da Vila\",\"@id\":\"https:\\\/\\\/lurdinha.org\\\/site\\\/#\\\/schema\\\/person\\\/19b256074421eff42803be860ac607c5\"},\"headline\":\"Sobre Arte, Negritude e 13 de maio\",\"datePublished\":\"2021-05-13T22:33:06+00:00\",\"dateModified\":\"2021-05-13T22:33:22+00:00\",\"mainEntityOfPage\":{\"@id\":\"https:\\\/\\\/lurdinha.org\\\/site\\\/sobre-arte-negritude-e-13-de-maio\\\/\"},\"wordCount\":691,\"commentCount\":0,\"publisher\":{\"@id\":\"https:\\\/\\\/lurdinha.org\\\/site\\\/#organization\"},\"image\":{\"@id\":\"https:\\\/\\\/lurdinha.org\\\/site\\\/sobre-arte-negritude-e-13-de-maio\\\/#primaryimage\"},\"thumbnailUrl\":\"https:\\\/\\\/lurdinha.org\\\/site\\\/wp-content\\\/uploads\\\/bira-da-vila-1.jpg\",\"articleSection\":[\"uma opini\u00e3o\"],\"inLanguage\":\"pt-BR\",\"potentialAction\":[{\"@type\":\"CommentAction\",\"name\":\"Comment\",\"target\":[\"https:\\\/\\\/lurdinha.org\\\/site\\\/sobre-arte-negritude-e-13-de-maio\\\/#respond\"]}]},{\"@type\":\"WebPage\",\"@id\":\"https:\\\/\\\/lurdinha.org\\\/site\\\/sobre-arte-negritude-e-13-de-maio\\\/\",\"url\":\"https:\\\/\\\/lurdinha.org\\\/site\\\/sobre-arte-negritude-e-13-de-maio\\\/\",\"name\":\"Sobre Arte, Negritude e 13 de maio - Lurdinha - Duque de Caxias para Est\u00f4magos Fortes\",\"isPartOf\":{\"@id\":\"https:\\\/\\\/lurdinha.org\\\/site\\\/#website\"},\"primaryImageOfPage\":{\"@id\":\"https:\\\/\\\/lurdinha.org\\\/site\\\/sobre-arte-negritude-e-13-de-maio\\\/#primaryimage\"},\"image\":{\"@id\":\"https:\\\/\\\/lurdinha.org\\\/site\\\/sobre-arte-negritude-e-13-de-maio\\\/#primaryimage\"},\"thumbnailUrl\":\"https:\\\/\\\/lurdinha.org\\\/site\\\/wp-content\\\/uploads\\\/bira-da-vila-1.jpg\",\"datePublished\":\"2021-05-13T22:33:06+00:00\",\"dateModified\":\"2021-05-13T22:33:22+00:00\",\"breadcrumb\":{\"@id\":\"https:\\\/\\\/lurdinha.org\\\/site\\\/sobre-arte-negritude-e-13-de-maio\\\/#breadcrumb\"},\"inLanguage\":\"pt-BR\",\"potentialAction\":[{\"@type\":\"ReadAction\",\"target\":[\"https:\\\/\\\/lurdinha.org\\\/site\\\/sobre-arte-negritude-e-13-de-maio\\\/\"]}]},{\"@type\":\"ImageObject\",\"inLanguage\":\"pt-BR\",\"@id\":\"https:\\\/\\\/lurdinha.org\\\/site\\\/sobre-arte-negritude-e-13-de-maio\\\/#primaryimage\",\"url\":\"https:\\\/\\\/lurdinha.org\\\/site\\\/wp-content\\\/uploads\\\/bira-da-vila-1.jpg\",\"contentUrl\":\"https:\\\/\\\/lurdinha.org\\\/site\\\/wp-content\\\/uploads\\\/bira-da-vila-1.jpg\",\"width\":1280,\"height\":956,\"caption\":\"Bira da Vila\"},{\"@type\":\"BreadcrumbList\",\"@id\":\"https:\\\/\\\/lurdinha.org\\\/site\\\/sobre-arte-negritude-e-13-de-maio\\\/#breadcrumb\",\"itemListElement\":[{\"@type\":\"ListItem\",\"position\":1,\"name\":\"In\u00edcio\",\"item\":\"https:\\\/\\\/lurdinha.org\\\/site\\\/\"},{\"@type\":\"ListItem\",\"position\":2,\"name\":\"Sobre Arte, Negritude e 13 de maio\"}]},{\"@type\":\"WebSite\",\"@id\":\"https:\\\/\\\/lurdinha.org\\\/site\\\/#website\",\"url\":\"https:\\\/\\\/lurdinha.org\\\/site\\\/\",\"name\":\"Lurdinha - Duque de Caxias para Est\u00f4magos Fortes\",\"description\":\"Site sobre Arte, Cultura, Pol\u00edtica, Sociedade e curiosidades da cidade de Duque de Caxias, RJ\",\"publisher\":{\"@id\":\"https:\\\/\\\/lurdinha.org\\\/site\\\/#organization\"},\"alternateName\":\"Lurdinha\",\"potentialAction\":[{\"@type\":\"SearchAction\",\"target\":{\"@type\":\"EntryPoint\",\"urlTemplate\":\"https:\\\/\\\/lurdinha.org\\\/site\\\/?s={search_term_string}\"},\"query-input\":{\"@type\":\"PropertyValueSpecification\",\"valueRequired\":true,\"valueName\":\"search_term_string\"}}],\"inLanguage\":\"pt-BR\"},{\"@type\":\"Organization\",\"@id\":\"https:\\\/\\\/lurdinha.org\\\/site\\\/#organization\",\"name\":\"Lurdinha de Caxias\",\"url\":\"https:\\\/\\\/lurdinha.org\\\/site\\\/\",\"logo\":{\"@type\":\"ImageObject\",\"inLanguage\":\"pt-BR\",\"@id\":\"https:\\\/\\\/lurdinha.org\\\/site\\\/#\\\/schema\\\/logo\\\/image\\\/\",\"url\":\"https:\\\/\\\/lurdinha.org\\\/site\\\/wp-content\\\/uploads\\\/logo-lurdinha.jpg\",\"contentUrl\":\"https:\\\/\\\/lurdinha.org\\\/site\\\/wp-content\\\/uploads\\\/logo-lurdinha.jpg\",\"width\":640,\"height\":60,\"caption\":\"Lurdinha de Caxias\"},\"image\":{\"@id\":\"https:\\\/\\\/lurdinha.org\\\/site\\\/#\\\/schema\\\/logo\\\/image\\\/\"},\"sameAs\":[\"https:\\\/\\\/www.facebook.com\\\/LurdinhadeCaxias\",\"https:\\\/\\\/www.instagram.com\\\/lurdinhadecaxias\"]},{\"@type\":\"Person\",\"@id\":\"https:\\\/\\\/lurdinha.org\\\/site\\\/#\\\/schema\\\/person\\\/19b256074421eff42803be860ac607c5\",\"name\":\"Bira da Vila\",\"image\":{\"@type\":\"ImageObject\",\"inLanguage\":\"pt-BR\",\"@id\":\"https:\\\/\\\/secure.gravatar.com\\\/avatar\\\/8c51c42e8fd25470e10fa1819d83b772717fc56f2bd0026141e2f23bfb1196af?s=96&d=mm&r=g\",\"url\":\"https:\\\/\\\/secure.gravatar.com\\\/avatar\\\/8c51c42e8fd25470e10fa1819d83b772717fc56f2bd0026141e2f23bfb1196af?s=96&d=mm&r=g\",\"contentUrl\":\"https:\\\/\\\/secure.gravatar.com\\\/avatar\\\/8c51c42e8fd25470e10fa1819d83b772717fc56f2bd0026141e2f23bfb1196af?s=96&d=mm&r=g\",\"caption\":\"Bira da Vila\"},\"description\":\"Compositor e cantor de samba.\",\"sameAs\":[\"https:\\\/\\\/www.facebook.com\\\/Pgina-Bira-da-Vila-1266868600029700\"],\"url\":\"https:\\\/\\\/lurdinha.org\\\/site\\\/author\\\/biradavila\\\/\"}]}<\/script>\n<!-- \/ Yoast SEO plugin. -->","yoast_head_json":{"title":"Sobre Arte, Negritude e 13 de maio - Lurdinha - Duque de Caxias para Est\u00f4magos Fortes","robots":{"index":"index","follow":"follow","max-snippet":"max-snippet:-1","max-image-preview":"max-image-preview:large","max-video-preview":"max-video-preview:-1"},"canonical":"https:\/\/lurdinha.org\/site\/sobre-arte-negritude-e-13-de-maio\/","og_locale":"pt_BR","og_type":"article","og_title":"Sobre Arte, Negritude e 13 de maio - Lurdinha - Duque de Caxias para Est\u00f4magos Fortes","og_description":"Por ser um artista negro, nascido na Baixada Fluminense, nunca tive muito saco para discutir...","og_url":"https:\/\/lurdinha.org\/site\/sobre-arte-negritude-e-13-de-maio\/","og_site_name":"Lurdinha - Duque de Caxias para Est\u00f4magos Fortes","article_publisher":"https:\/\/www.facebook.com\/LurdinhadeCaxias","article_author":"https:\/\/www.facebook.com\/Pgina-Bira-da-Vila-1266868600029700","article_published_time":"2021-05-13T22:33:06+00:00","article_modified_time":"2021-05-13T22:33:22+00:00","og_image":[{"width":1280,"height":956,"url":"https:\/\/lurdinha.org\/site\/wp-content\/uploads\/bira-da-vila-1.jpg","type":"image\/jpeg"}],"author":"Bira da Vila","twitter_card":"summary_large_image","twitter_misc":{"Escrito por":"Bira da Vila","Est. tempo de leitura":"3 minutos"},"schema":{"@context":"https:\/\/schema.org","@graph":[{"@type":"Article","@id":"https:\/\/lurdinha.org\/site\/sobre-arte-negritude-e-13-de-maio\/#article","isPartOf":{"@id":"https:\/\/lurdinha.org\/site\/sobre-arte-negritude-e-13-de-maio\/"},"author":{"name":"Bira da Vila","@id":"https:\/\/lurdinha.org\/site\/#\/schema\/person\/19b256074421eff42803be860ac607c5"},"headline":"Sobre Arte, Negritude e 13 de maio","datePublished":"2021-05-13T22:33:06+00:00","dateModified":"2021-05-13T22:33:22+00:00","mainEntityOfPage":{"@id":"https:\/\/lurdinha.org\/site\/sobre-arte-negritude-e-13-de-maio\/"},"wordCount":691,"commentCount":0,"publisher":{"@id":"https:\/\/lurdinha.org\/site\/#organization"},"image":{"@id":"https:\/\/lurdinha.org\/site\/sobre-arte-negritude-e-13-de-maio\/#primaryimage"},"thumbnailUrl":"https:\/\/lurdinha.org\/site\/wp-content\/uploads\/bira-da-vila-1.jpg","articleSection":["uma opini\u00e3o"],"inLanguage":"pt-BR","potentialAction":[{"@type":"CommentAction","name":"Comment","target":["https:\/\/lurdinha.org\/site\/sobre-arte-negritude-e-13-de-maio\/#respond"]}]},{"@type":"WebPage","@id":"https:\/\/lurdinha.org\/site\/sobre-arte-negritude-e-13-de-maio\/","url":"https:\/\/lurdinha.org\/site\/sobre-arte-negritude-e-13-de-maio\/","name":"Sobre Arte, Negritude e 13 de maio - Lurdinha - Duque de Caxias para Est\u00f4magos Fortes","isPartOf":{"@id":"https:\/\/lurdinha.org\/site\/#website"},"primaryImageOfPage":{"@id":"https:\/\/lurdinha.org\/site\/sobre-arte-negritude-e-13-de-maio\/#primaryimage"},"image":{"@id":"https:\/\/lurdinha.org\/site\/sobre-arte-negritude-e-13-de-maio\/#primaryimage"},"thumbnailUrl":"https:\/\/lurdinha.org\/site\/wp-content\/uploads\/bira-da-vila-1.jpg","datePublished":"2021-05-13T22:33:06+00:00","dateModified":"2021-05-13T22:33:22+00:00","breadcrumb":{"@id":"https:\/\/lurdinha.org\/site\/sobre-arte-negritude-e-13-de-maio\/#breadcrumb"},"inLanguage":"pt-BR","potentialAction":[{"@type":"ReadAction","target":["https:\/\/lurdinha.org\/site\/sobre-arte-negritude-e-13-de-maio\/"]}]},{"@type":"ImageObject","inLanguage":"pt-BR","@id":"https:\/\/lurdinha.org\/site\/sobre-arte-negritude-e-13-de-maio\/#primaryimage","url":"https:\/\/lurdinha.org\/site\/wp-content\/uploads\/bira-da-vila-1.jpg","contentUrl":"https:\/\/lurdinha.org\/site\/wp-content\/uploads\/bira-da-vila-1.jpg","width":1280,"height":956,"caption":"Bira da Vila"},{"@type":"BreadcrumbList","@id":"https:\/\/lurdinha.org\/site\/sobre-arte-negritude-e-13-de-maio\/#breadcrumb","itemListElement":[{"@type":"ListItem","position":1,"name":"In\u00edcio","item":"https:\/\/lurdinha.org\/site\/"},{"@type":"ListItem","position":2,"name":"Sobre Arte, Negritude e 13 de maio"}]},{"@type":"WebSite","@id":"https:\/\/lurdinha.org\/site\/#website","url":"https:\/\/lurdinha.org\/site\/","name":"Lurdinha - Duque de Caxias para Est\u00f4magos Fortes","description":"Site sobre Arte, Cultura, Pol\u00edtica, Sociedade e curiosidades da cidade de Duque de Caxias, RJ","publisher":{"@id":"https:\/\/lurdinha.org\/site\/#organization"},"alternateName":"Lurdinha","potentialAction":[{"@type":"SearchAction","target":{"@type":"EntryPoint","urlTemplate":"https:\/\/lurdinha.org\/site\/?s={search_term_string}"},"query-input":{"@type":"PropertyValueSpecification","valueRequired":true,"valueName":"search_term_string"}}],"inLanguage":"pt-BR"},{"@type":"Organization","@id":"https:\/\/lurdinha.org\/site\/#organization","name":"Lurdinha de Caxias","url":"https:\/\/lurdinha.org\/site\/","logo":{"@type":"ImageObject","inLanguage":"pt-BR","@id":"https:\/\/lurdinha.org\/site\/#\/schema\/logo\/image\/","url":"https:\/\/lurdinha.org\/site\/wp-content\/uploads\/logo-lurdinha.jpg","contentUrl":"https:\/\/lurdinha.org\/site\/wp-content\/uploads\/logo-lurdinha.jpg","width":640,"height":60,"caption":"Lurdinha de Caxias"},"image":{"@id":"https:\/\/lurdinha.org\/site\/#\/schema\/logo\/image\/"},"sameAs":["https:\/\/www.facebook.com\/LurdinhadeCaxias","https:\/\/www.instagram.com\/lurdinhadecaxias"]},{"@type":"Person","@id":"https:\/\/lurdinha.org\/site\/#\/schema\/person\/19b256074421eff42803be860ac607c5","name":"Bira da Vila","image":{"@type":"ImageObject","inLanguage":"pt-BR","@id":"https:\/\/secure.gravatar.com\/avatar\/8c51c42e8fd25470e10fa1819d83b772717fc56f2bd0026141e2f23bfb1196af?s=96&d=mm&r=g","url":"https:\/\/secure.gravatar.com\/avatar\/8c51c42e8fd25470e10fa1819d83b772717fc56f2bd0026141e2f23bfb1196af?s=96&d=mm&r=g","contentUrl":"https:\/\/secure.gravatar.com\/avatar\/8c51c42e8fd25470e10fa1819d83b772717fc56f2bd0026141e2f23bfb1196af?s=96&d=mm&r=g","caption":"Bira da Vila"},"description":"Compositor e cantor de samba.","sameAs":["https:\/\/www.facebook.com\/Pgina-Bira-da-Vila-1266868600029700"],"url":"https:\/\/lurdinha.org\/site\/author\/biradavila\/"}]}},"views":1529,"_links":{"self":[{"href":"https:\/\/lurdinha.org\/site\/wp-json\/wp\/v2\/posts\/9863","targetHints":{"allow":["GET"]}}],"collection":[{"href":"https:\/\/lurdinha.org\/site\/wp-json\/wp\/v2\/posts"}],"about":[{"href":"https:\/\/lurdinha.org\/site\/wp-json\/wp\/v2\/types\/post"}],"author":[{"embeddable":true,"href":"https:\/\/lurdinha.org\/site\/wp-json\/wp\/v2\/users\/77"}],"replies":[{"embeddable":true,"href":"https:\/\/lurdinha.org\/site\/wp-json\/wp\/v2\/comments?post=9863"}],"version-history":[{"count":1,"href":"https:\/\/lurdinha.org\/site\/wp-json\/wp\/v2\/posts\/9863\/revisions"}],"predecessor-version":[{"id":9865,"href":"https:\/\/lurdinha.org\/site\/wp-json\/wp\/v2\/posts\/9863\/revisions\/9865"}],"wp:featuredmedia":[{"embeddable":true,"href":"https:\/\/lurdinha.org\/site\/wp-json\/wp\/v2\/media\/9864"}],"wp:attachment":[{"href":"https:\/\/lurdinha.org\/site\/wp-json\/wp\/v2\/media?parent=9863"}],"wp:term":[{"taxonomy":"category","embeddable":true,"href":"https:\/\/lurdinha.org\/site\/wp-json\/wp\/v2\/categories?post=9863"},{"taxonomy":"post_tag","embeddable":true,"href":"https:\/\/lurdinha.org\/site\/wp-json\/wp\/v2\/tags?post=9863"}],"curies":[{"name":"wp","href":"https:\/\/api.w.org\/{rel}","templated":true}]}}