{"id":9838,"date":"2021-05-07T15:40:33","date_gmt":"2021-05-07T15:40:33","guid":{"rendered":"https:\/\/lurdinha.org\/site\/?p=9838"},"modified":"2021-05-07T15:42:40","modified_gmt":"2021-05-07T15:42:40","slug":"antolhos","status":"publish","type":"post","link":"https:\/\/lurdinha.org\/site\/antolhos\/","title":{"rendered":"Antolhos"},"content":{"rendered":"<div class=\"entry-content\">\n<h3><strong>Sobre a chacina no jacarezinho, CPI da Covid e o desgoverno do bolsonaro<\/strong><\/h3>\n<p>A estrat\u00e9gia do Presidente Bolsonaro \u00e9 sair do foco da CPI da Covid19 e utiliza o governo do RJ como instrumento de genoc\u00eddio e pol\u00e9mica midi\u00e1tica capturando a aten\u00e7\u00e3o da sociedade para as favelas cariocas em um claro jogo c\u00eanico de n\u00f3s contra eles, cidad\u00e3os de bem e favelados, preto contra branco, vermelho contra verde amarelo, bandido contra pol\u00edcia.<\/p>\n<p>A venda da CEDAE, a chacina no Jacarezinho e as outras a\u00e7\u00f5es absurdas por vir t\u00eam como objetivo esconder o desgoverno, a queda de popularidade em sua base e as cr\u00edticas na imprensa nacional e internacional.<\/p>\n<p>Nas \u00faltimas semanas, o governo sofreu repreenda dos EUA, da CHINA e pa\u00edses europeus. Contratos de exporta\u00e7\u00e3o est\u00e3o sob an\u00e1lise e com amea\u00e7as de cancelamento e talvez o pior dos crimes tenha sido descaradamente revelado: o Banco Central independente tem feito uma pol\u00edtica de remunera\u00e7\u00e3o de credores de t\u00edtulos p\u00fablico promovendo o maior endividamento do pa\u00eds. O crime organizado tomou o Caixa Forte de assalto e enquanto a camarilha locupleta os recursos do pa\u00eds, a tv e os grupos de Whatsapp exp\u00f5em os corpos de jovens pretos e favelados mortos como trof\u00e9us de governos que transferem as riquezas da na\u00e7\u00e3o para os bancos dos membros do governo.<\/p>\n<p><img loading=\"lazy\" decoding=\"async\" class=\"alignnone size-large wp-image-9839\" src=\"https:\/\/lurdinha.org\/site\/wp-content\/uploads\/antolhos_Eduardo-Prates-610x884.jpg\" alt=\"\" width=\"610\" height=\"884\" srcset=\"https:\/\/lurdinha.org\/site\/wp-content\/uploads\/antolhos_Eduardo-Prates-610x884.jpg 610w, https:\/\/lurdinha.org\/site\/wp-content\/uploads\/antolhos_Eduardo-Prates-207x300.jpg 207w, https:\/\/lurdinha.org\/site\/wp-content\/uploads\/antolhos_Eduardo-Prates.jpg 640w\" sizes=\"auto, (max-width: 610px) 100vw, 610px\" \/><\/p>\n<p>A a\u00e7\u00e3o n\u00e3o foi no territ\u00f3rio de mil\u00edcias que sequestram antenas de telefonia e dominam o com\u00e9rcio do g\u00e1s, do transporte coletivo e onde servem como seguran\u00e7a do tr\u00e1fico e tamb\u00e9m n\u00e3o foi nas \u00e1reas de crimes ambientais onde cond\u00f4minos de classe m\u00e9dia s\u00e3o constru\u00eddos. A a\u00e7\u00e3o foi contra o inimigo preto e pobre da favela e serve a outros prop\u00f3sitos para al\u00e9m do massacre coletivo.<\/p>\n<p>A opera\u00e7\u00e3o da Pol\u00edcia Civil no Rio de Janeiro tem rota de colis\u00e3o com o STF, a Constitui\u00e7\u00e3o e os defensores dos Direitos Humanos capturando a aten\u00e7\u00e3o da sociedade e mobilizando os instintos mais agressivos das legi\u00f5es bolsonaristas para atacarem qualquer um que seja contra o exterm\u00ednio de jovem negro.<\/p>\n<p>Diante de quase meio milh\u00e3o de pessoas mortas, o governo percebe que crescia uma esp\u00e9cie de uni\u00e3o na dor. O caso do humorista Paulo Gustavo tocou a sensibilidade at\u00e9 dos defensores de cloroquina, j\u00e1 que expunha uma realidade: \u201cSe o rapaz t\u00e3o rico e com tantos recursos porque n\u00e3o usou a milagrosa caixa de cloroquina e ou ivermectina para se curar? Porque t\u00e3o jovem, com tanta sa\u00fade, alegria e prest\u00edgio a covid19 o matou?\u201d Mesmos os mais desprovidos de saber devem come\u00e7ar a questionar os resultados dos rem\u00e9dios condenados em todo o mundo e que serve de bandeira para um governo que corta verba de pesquisa, sa\u00fade e educa\u00e7\u00e3o em meio a uma pandemia.<\/p>\n<p>Preparem o esp\u00edrito, a paci\u00eancia e a consci\u00eancia sobre o que est\u00e1 por vir. O pal\u00e1cio do planalto n\u00e3o deixar\u00e1 os bolsonaristas e parte da sociedade se reconectar com os mais profundos sentimentos de compaix\u00e3o, valor a vida, civilidade, respeito, toler\u00e2ncia e afeto. A agenda est\u00e1 orientada para alimentar o conflito, a polariza\u00e7\u00e3o de opini\u00f5es, outros bodes expiat\u00f3rios surgir\u00e3o e a constru\u00e7\u00e3o de falsas narrativas e armadilhas morais que s\u00f3 o pensamento mais raso e tamb\u00e9m instintivo poderia cair.<\/p>\n<p>Enquanto isso o boiada passa com o desmatamento na Amaz\u00f4nia, os Europeus suspendem compras de commodities, chineses diminuem a entrega dos insumos para vacina, o Banco Central aumenta taxa de juros com consumo baixo para garantir rentabilidade para banqueiros, a pobreza e o desemprego cresce, estatais s\u00e3o vendidas a pre\u00e7o de banana, a economia \u00e9 destro\u00e7ada, a educa\u00e7\u00e3o do pa\u00eds \u00e9 desmontada e o presidente segue fazendo amea\u00e7as de golpes para tirar aten\u00e7\u00e3o de sua desastrosa administra\u00e7\u00e3o.<\/p>\n<figure class=\"wp-block-image size-large is-resized\"><img loading=\"lazy\" decoding=\"async\" class=\"wp-image-213\" src=\"https:\/\/observatoriodabaixada.com.br\/wp-content\/uploads\/2021\/05\/1_yyViVIgzJa-3XQPkGqCE9g-1024x978.png\" sizes=\"auto, (max-width: 265px) 100vw, 265px\" srcset=\"https:\/\/observatoriodabaixada.com.br\/wp-content\/uploads\/2021\/05\/1_yyViVIgzJa-3XQPkGqCE9g-1024x978.png 1024w, https:\/\/observatoriodabaixada.com.br\/wp-content\/uploads\/2021\/05\/1_yyViVIgzJa-3XQPkGqCE9g-300x287.png 300w, https:\/\/observatoriodabaixada.com.br\/wp-content\/uploads\/2021\/05\/1_yyViVIgzJa-3XQPkGqCE9g-768x734.png 768w, https:\/\/observatoriodabaixada.com.br\/wp-content\/uploads\/2021\/05\/1_yyViVIgzJa-3XQPkGqCE9g-1536x1467.png 1536w, https:\/\/observatoriodabaixada.com.br\/wp-content\/uploads\/2021\/05\/1_yyViVIgzJa-3XQPkGqCE9g.png 1675w\" alt=\"\" width=\"265\" height=\"253\" \/><\/figure>\n<p>&nbsp;<\/p>\n<p><strong>Eduardo Prates<\/strong><br \/>\n<a href=\"https:\/\/observatoriodabaixada.com.br\" target=\"_blank\" rel=\"noopener\"><em><strong>Observat\u00f3rio Social da Baixada<\/strong><\/em><\/a><\/p>\n<\/div>\n","protected":false},"excerpt":{"rendered":"<p>Sobre a chacina no jacarezinho, CPI da Covid e o desgoverno do bolsonaro A estrat\u00e9gia&#8230;<\/p>\n","protected":false},"author":33,"featured_media":9839,"comment_status":"open","ping_status":"closed","sticky":false,"template":"","format":"standard","meta":{"footnotes":""},"categories":[1,4],"tags":[],"class_list":["post-9838","post","type-post","status-publish","format-standard","has-post-thumbnail","hentry","category-botinada","category-opiniao"],"yoast_head":"<!-- This site is optimized with the Yoast SEO plugin v27.5 - https:\/\/yoast.com\/product\/yoast-seo-wordpress\/ -->\n<title>Antolhos - Lurdinha - Duque de Caxias para Est\u00f4magos Fortes<\/title>\n<meta name=\"robots\" content=\"index, follow, max-snippet:-1, max-image-preview:large, max-video-preview:-1\" \/>\n<link rel=\"canonical\" href=\"https:\/\/lurdinha.org\/site\/antolhos\/\" \/>\n<meta property=\"og:locale\" content=\"pt_BR\" \/>\n<meta property=\"og:type\" content=\"article\" \/>\n<meta property=\"og:title\" content=\"Antolhos - Lurdinha - Duque de Caxias para Est\u00f4magos Fortes\" \/>\n<meta property=\"og:description\" content=\"Sobre a chacina no jacarezinho, CPI da Covid e o desgoverno do bolsonaro A estrat\u00e9gia...\" \/>\n<meta property=\"og:url\" content=\"https:\/\/lurdinha.org\/site\/antolhos\/\" \/>\n<meta property=\"og:site_name\" content=\"Lurdinha - Duque de Caxias para Est\u00f4magos Fortes\" \/>\n<meta property=\"article:publisher\" content=\"https:\/\/www.facebook.com\/LurdinhadeCaxias\" \/>\n<meta property=\"article:author\" content=\"prates.eduardo\" \/>\n<meta property=\"article:published_time\" content=\"2021-05-07T15:40:33+00:00\" \/>\n<meta property=\"article:modified_time\" content=\"2021-05-07T15:42:40+00:00\" \/>\n<meta property=\"og:image\" content=\"https:\/\/lurdinha.org\/site\/wp-content\/uploads\/antolhos_Eduardo-Prates.jpg\" \/>\n\t<meta property=\"og:image:width\" content=\"640\" \/>\n\t<meta property=\"og:image:height\" content=\"927\" \/>\n\t<meta property=\"og:image:type\" content=\"image\/jpeg\" \/>\n<meta name=\"author\" content=\"Eduardo Prates\" \/>\n<meta name=\"twitter:card\" content=\"summary_large_image\" \/>\n<meta name=\"twitter:creator\" content=\"@prateseduardo\" \/>\n<meta name=\"twitter:label1\" content=\"Escrito por\" \/>\n\t<meta name=\"twitter:data1\" content=\"Eduardo Prates\" \/>\n\t<meta name=\"twitter:label2\" content=\"Est. tempo de leitura\" \/>\n\t<meta name=\"twitter:data2\" content=\"4 minutos\" \/>\n<script type=\"application\/ld+json\" class=\"yoast-schema-graph\">{\"@context\":\"https:\\\/\\\/schema.org\",\"@graph\":[{\"@type\":\"Article\",\"@id\":\"https:\\\/\\\/lurdinha.org\\\/site\\\/antolhos\\\/#article\",\"isPartOf\":{\"@id\":\"https:\\\/\\\/lurdinha.org\\\/site\\\/antolhos\\\/\"},\"author\":{\"name\":\"Eduardo Prates\",\"@id\":\"https:\\\/\\\/lurdinha.org\\\/site\\\/#\\\/schema\\\/person\\\/6edbe3070561baacf2ff92a210f3c70e\"},\"headline\":\"Antolhos\",\"datePublished\":\"2021-05-07T15:40:33+00:00\",\"dateModified\":\"2021-05-07T15:42:40+00:00\",\"mainEntityOfPage\":{\"@id\":\"https:\\\/\\\/lurdinha.org\\\/site\\\/antolhos\\\/\"},\"wordCount\":691,\"commentCount\":0,\"publisher\":{\"@id\":\"https:\\\/\\\/lurdinha.org\\\/site\\\/#organization\"},\"image\":{\"@id\":\"https:\\\/\\\/lurdinha.org\\\/site\\\/antolhos\\\/#primaryimage\"},\"thumbnailUrl\":\"https:\\\/\\\/lurdinha.org\\\/site\\\/wp-content\\\/uploads\\\/antolhos_Eduardo-Prates.jpg\",\"articleSection\":[\"botinada\",\"uma opini\u00e3o\"],\"inLanguage\":\"pt-BR\",\"potentialAction\":[{\"@type\":\"CommentAction\",\"name\":\"Comment\",\"target\":[\"https:\\\/\\\/lurdinha.org\\\/site\\\/antolhos\\\/#respond\"]}]},{\"@type\":\"WebPage\",\"@id\":\"https:\\\/\\\/lurdinha.org\\\/site\\\/antolhos\\\/\",\"url\":\"https:\\\/\\\/lurdinha.org\\\/site\\\/antolhos\\\/\",\"name\":\"Antolhos - Lurdinha - Duque de Caxias para Est\u00f4magos Fortes\",\"isPartOf\":{\"@id\":\"https:\\\/\\\/lurdinha.org\\\/site\\\/#website\"},\"primaryImageOfPage\":{\"@id\":\"https:\\\/\\\/lurdinha.org\\\/site\\\/antolhos\\\/#primaryimage\"},\"image\":{\"@id\":\"https:\\\/\\\/lurdinha.org\\\/site\\\/antolhos\\\/#primaryimage\"},\"thumbnailUrl\":\"https:\\\/\\\/lurdinha.org\\\/site\\\/wp-content\\\/uploads\\\/antolhos_Eduardo-Prates.jpg\",\"datePublished\":\"2021-05-07T15:40:33+00:00\",\"dateModified\":\"2021-05-07T15:42:40+00:00\",\"breadcrumb\":{\"@id\":\"https:\\\/\\\/lurdinha.org\\\/site\\\/antolhos\\\/#breadcrumb\"},\"inLanguage\":\"pt-BR\",\"potentialAction\":[{\"@type\":\"ReadAction\",\"target\":[\"https:\\\/\\\/lurdinha.org\\\/site\\\/antolhos\\\/\"]}]},{\"@type\":\"ImageObject\",\"inLanguage\":\"pt-BR\",\"@id\":\"https:\\\/\\\/lurdinha.org\\\/site\\\/antolhos\\\/#primaryimage\",\"url\":\"https:\\\/\\\/lurdinha.org\\\/site\\\/wp-content\\\/uploads\\\/antolhos_Eduardo-Prates.jpg\",\"contentUrl\":\"https:\\\/\\\/lurdinha.org\\\/site\\\/wp-content\\\/uploads\\\/antolhos_Eduardo-Prates.jpg\",\"width\":640,\"height\":927},{\"@type\":\"BreadcrumbList\",\"@id\":\"https:\\\/\\\/lurdinha.org\\\/site\\\/antolhos\\\/#breadcrumb\",\"itemListElement\":[{\"@type\":\"ListItem\",\"position\":1,\"name\":\"In\u00edcio\",\"item\":\"https:\\\/\\\/lurdinha.org\\\/site\\\/\"},{\"@type\":\"ListItem\",\"position\":2,\"name\":\"Antolhos\"}]},{\"@type\":\"WebSite\",\"@id\":\"https:\\\/\\\/lurdinha.org\\\/site\\\/#website\",\"url\":\"https:\\\/\\\/lurdinha.org\\\/site\\\/\",\"name\":\"Lurdinha - Duque de Caxias para Est\u00f4magos Fortes\",\"description\":\"Site sobre Arte, Cultura, Pol\u00edtica, Sociedade e curiosidades da cidade de Duque de Caxias, RJ\",\"publisher\":{\"@id\":\"https:\\\/\\\/lurdinha.org\\\/site\\\/#organization\"},\"alternateName\":\"Lurdinha\",\"potentialAction\":[{\"@type\":\"SearchAction\",\"target\":{\"@type\":\"EntryPoint\",\"urlTemplate\":\"https:\\\/\\\/lurdinha.org\\\/site\\\/?s={search_term_string}\"},\"query-input\":{\"@type\":\"PropertyValueSpecification\",\"valueRequired\":true,\"valueName\":\"search_term_string\"}}],\"inLanguage\":\"pt-BR\"},{\"@type\":\"Organization\",\"@id\":\"https:\\\/\\\/lurdinha.org\\\/site\\\/#organization\",\"name\":\"Lurdinha de Caxias\",\"url\":\"https:\\\/\\\/lurdinha.org\\\/site\\\/\",\"logo\":{\"@type\":\"ImageObject\",\"inLanguage\":\"pt-BR\",\"@id\":\"https:\\\/\\\/lurdinha.org\\\/site\\\/#\\\/schema\\\/logo\\\/image\\\/\",\"url\":\"https:\\\/\\\/lurdinha.org\\\/site\\\/wp-content\\\/uploads\\\/logo-lurdinha.jpg\",\"contentUrl\":\"https:\\\/\\\/lurdinha.org\\\/site\\\/wp-content\\\/uploads\\\/logo-lurdinha.jpg\",\"width\":640,\"height\":60,\"caption\":\"Lurdinha de Caxias\"},\"image\":{\"@id\":\"https:\\\/\\\/lurdinha.org\\\/site\\\/#\\\/schema\\\/logo\\\/image\\\/\"},\"sameAs\":[\"https:\\\/\\\/www.facebook.com\\\/LurdinhadeCaxias\",\"https:\\\/\\\/www.instagram.com\\\/lurdinhadecaxias\"]},{\"@type\":\"Person\",\"@id\":\"https:\\\/\\\/lurdinha.org\\\/site\\\/#\\\/schema\\\/person\\\/6edbe3070561baacf2ff92a210f3c70e\",\"name\":\"Eduardo Prates\",\"image\":{\"@type\":\"ImageObject\",\"inLanguage\":\"pt-BR\",\"@id\":\"https:\\\/\\\/secure.gravatar.com\\\/avatar\\\/f8d33445deb9db181831d9b31643921250b35abddc9eb35c9034a531c3e6cc01?s=96&d=mm&r=g\",\"url\":\"https:\\\/\\\/secure.gravatar.com\\\/avatar\\\/f8d33445deb9db181831d9b31643921250b35abddc9eb35c9034a531c3e6cc01?s=96&d=mm&r=g\",\"contentUrl\":\"https:\\\/\\\/secure.gravatar.com\\\/avatar\\\/f8d33445deb9db181831d9b31643921250b35abddc9eb35c9034a531c3e6cc01?s=96&d=mm&r=g\",\"caption\":\"Eduardo Prates\"},\"description\":\"Professor, cientista pol\u00edtico, cidad\u00e3o do mundo, flamenguista, imperiano, sujeito que acredita na auto-determina\u00e7\u00e3o dos povos para a constru\u00e7\u00e3o de um mundo melhor. https:\\\/\\\/profeduardoprates.com.br http:\\\/\\\/observatoriodabaixada.com.br\",\"sameAs\":[\"http:\\\/\\\/observatoriodabaixada.com.br\",\"prates.eduardo\",\"https:\\\/\\\/www.instagram.com\\\/eduardoprates\\\/\",\"https:\\\/\\\/x.com\\\/prateseduardo\"],\"url\":\"https:\\\/\\\/lurdinha.org\\\/site\\\/author\\\/edprates\\\/\"}]}<\/script>\n<!-- \/ Yoast SEO plugin. -->","yoast_head_json":{"title":"Antolhos - Lurdinha - Duque de Caxias para Est\u00f4magos Fortes","robots":{"index":"index","follow":"follow","max-snippet":"max-snippet:-1","max-image-preview":"max-image-preview:large","max-video-preview":"max-video-preview:-1"},"canonical":"https:\/\/lurdinha.org\/site\/antolhos\/","og_locale":"pt_BR","og_type":"article","og_title":"Antolhos - Lurdinha - Duque de Caxias para Est\u00f4magos Fortes","og_description":"Sobre a chacina no jacarezinho, CPI da Covid e o desgoverno do bolsonaro A estrat\u00e9gia...","og_url":"https:\/\/lurdinha.org\/site\/antolhos\/","og_site_name":"Lurdinha - Duque de Caxias para Est\u00f4magos Fortes","article_publisher":"https:\/\/www.facebook.com\/LurdinhadeCaxias","article_author":"prates.eduardo","article_published_time":"2021-05-07T15:40:33+00:00","article_modified_time":"2021-05-07T15:42:40+00:00","og_image":[{"width":640,"height":927,"url":"https:\/\/lurdinha.org\/site\/wp-content\/uploads\/antolhos_Eduardo-Prates.jpg","type":"image\/jpeg"}],"author":"Eduardo Prates","twitter_card":"summary_large_image","twitter_creator":"@prateseduardo","twitter_misc":{"Escrito por":"Eduardo Prates","Est. tempo de leitura":"4 minutos"},"schema":{"@context":"https:\/\/schema.org","@graph":[{"@type":"Article","@id":"https:\/\/lurdinha.org\/site\/antolhos\/#article","isPartOf":{"@id":"https:\/\/lurdinha.org\/site\/antolhos\/"},"author":{"name":"Eduardo Prates","@id":"https:\/\/lurdinha.org\/site\/#\/schema\/person\/6edbe3070561baacf2ff92a210f3c70e"},"headline":"Antolhos","datePublished":"2021-05-07T15:40:33+00:00","dateModified":"2021-05-07T15:42:40+00:00","mainEntityOfPage":{"@id":"https:\/\/lurdinha.org\/site\/antolhos\/"},"wordCount":691,"commentCount":0,"publisher":{"@id":"https:\/\/lurdinha.org\/site\/#organization"},"image":{"@id":"https:\/\/lurdinha.org\/site\/antolhos\/#primaryimage"},"thumbnailUrl":"https:\/\/lurdinha.org\/site\/wp-content\/uploads\/antolhos_Eduardo-Prates.jpg","articleSection":["botinada","uma opini\u00e3o"],"inLanguage":"pt-BR","potentialAction":[{"@type":"CommentAction","name":"Comment","target":["https:\/\/lurdinha.org\/site\/antolhos\/#respond"]}]},{"@type":"WebPage","@id":"https:\/\/lurdinha.org\/site\/antolhos\/","url":"https:\/\/lurdinha.org\/site\/antolhos\/","name":"Antolhos - Lurdinha - Duque de Caxias para Est\u00f4magos Fortes","isPartOf":{"@id":"https:\/\/lurdinha.org\/site\/#website"},"primaryImageOfPage":{"@id":"https:\/\/lurdinha.org\/site\/antolhos\/#primaryimage"},"image":{"@id":"https:\/\/lurdinha.org\/site\/antolhos\/#primaryimage"},"thumbnailUrl":"https:\/\/lurdinha.org\/site\/wp-content\/uploads\/antolhos_Eduardo-Prates.jpg","datePublished":"2021-05-07T15:40:33+00:00","dateModified":"2021-05-07T15:42:40+00:00","breadcrumb":{"@id":"https:\/\/lurdinha.org\/site\/antolhos\/#breadcrumb"},"inLanguage":"pt-BR","potentialAction":[{"@type":"ReadAction","target":["https:\/\/lurdinha.org\/site\/antolhos\/"]}]},{"@type":"ImageObject","inLanguage":"pt-BR","@id":"https:\/\/lurdinha.org\/site\/antolhos\/#primaryimage","url":"https:\/\/lurdinha.org\/site\/wp-content\/uploads\/antolhos_Eduardo-Prates.jpg","contentUrl":"https:\/\/lurdinha.org\/site\/wp-content\/uploads\/antolhos_Eduardo-Prates.jpg","width":640,"height":927},{"@type":"BreadcrumbList","@id":"https:\/\/lurdinha.org\/site\/antolhos\/#breadcrumb","itemListElement":[{"@type":"ListItem","position":1,"name":"In\u00edcio","item":"https:\/\/lurdinha.org\/site\/"},{"@type":"ListItem","position":2,"name":"Antolhos"}]},{"@type":"WebSite","@id":"https:\/\/lurdinha.org\/site\/#website","url":"https:\/\/lurdinha.org\/site\/","name":"Lurdinha - Duque de Caxias para Est\u00f4magos Fortes","description":"Site sobre Arte, Cultura, Pol\u00edtica, Sociedade e curiosidades da cidade de Duque de Caxias, RJ","publisher":{"@id":"https:\/\/lurdinha.org\/site\/#organization"},"alternateName":"Lurdinha","potentialAction":[{"@type":"SearchAction","target":{"@type":"EntryPoint","urlTemplate":"https:\/\/lurdinha.org\/site\/?s={search_term_string}"},"query-input":{"@type":"PropertyValueSpecification","valueRequired":true,"valueName":"search_term_string"}}],"inLanguage":"pt-BR"},{"@type":"Organization","@id":"https:\/\/lurdinha.org\/site\/#organization","name":"Lurdinha de Caxias","url":"https:\/\/lurdinha.org\/site\/","logo":{"@type":"ImageObject","inLanguage":"pt-BR","@id":"https:\/\/lurdinha.org\/site\/#\/schema\/logo\/image\/","url":"https:\/\/lurdinha.org\/site\/wp-content\/uploads\/logo-lurdinha.jpg","contentUrl":"https:\/\/lurdinha.org\/site\/wp-content\/uploads\/logo-lurdinha.jpg","width":640,"height":60,"caption":"Lurdinha de Caxias"},"image":{"@id":"https:\/\/lurdinha.org\/site\/#\/schema\/logo\/image\/"},"sameAs":["https:\/\/www.facebook.com\/LurdinhadeCaxias","https:\/\/www.instagram.com\/lurdinhadecaxias"]},{"@type":"Person","@id":"https:\/\/lurdinha.org\/site\/#\/schema\/person\/6edbe3070561baacf2ff92a210f3c70e","name":"Eduardo Prates","image":{"@type":"ImageObject","inLanguage":"pt-BR","@id":"https:\/\/secure.gravatar.com\/avatar\/f8d33445deb9db181831d9b31643921250b35abddc9eb35c9034a531c3e6cc01?s=96&d=mm&r=g","url":"https:\/\/secure.gravatar.com\/avatar\/f8d33445deb9db181831d9b31643921250b35abddc9eb35c9034a531c3e6cc01?s=96&d=mm&r=g","contentUrl":"https:\/\/secure.gravatar.com\/avatar\/f8d33445deb9db181831d9b31643921250b35abddc9eb35c9034a531c3e6cc01?s=96&d=mm&r=g","caption":"Eduardo Prates"},"description":"Professor, cientista pol\u00edtico, cidad\u00e3o do mundo, flamenguista, imperiano, sujeito que acredita na auto-determina\u00e7\u00e3o dos povos para a constru\u00e7\u00e3o de um mundo melhor. https:\/\/profeduardoprates.com.br http:\/\/observatoriodabaixada.com.br","sameAs":["http:\/\/observatoriodabaixada.com.br","prates.eduardo","https:\/\/www.instagram.com\/eduardoprates\/","https:\/\/x.com\/prateseduardo"],"url":"https:\/\/lurdinha.org\/site\/author\/edprates\/"}]}},"views":3129,"_links":{"self":[{"href":"https:\/\/lurdinha.org\/site\/wp-json\/wp\/v2\/posts\/9838","targetHints":{"allow":["GET"]}}],"collection":[{"href":"https:\/\/lurdinha.org\/site\/wp-json\/wp\/v2\/posts"}],"about":[{"href":"https:\/\/lurdinha.org\/site\/wp-json\/wp\/v2\/types\/post"}],"author":[{"embeddable":true,"href":"https:\/\/lurdinha.org\/site\/wp-json\/wp\/v2\/users\/33"}],"replies":[{"embeddable":true,"href":"https:\/\/lurdinha.org\/site\/wp-json\/wp\/v2\/comments?post=9838"}],"version-history":[{"count":2,"href":"https:\/\/lurdinha.org\/site\/wp-json\/wp\/v2\/posts\/9838\/revisions"}],"predecessor-version":[{"id":9841,"href":"https:\/\/lurdinha.org\/site\/wp-json\/wp\/v2\/posts\/9838\/revisions\/9841"}],"wp:featuredmedia":[{"embeddable":true,"href":"https:\/\/lurdinha.org\/site\/wp-json\/wp\/v2\/media\/9839"}],"wp:attachment":[{"href":"https:\/\/lurdinha.org\/site\/wp-json\/wp\/v2\/media?parent=9838"}],"wp:term":[{"taxonomy":"category","embeddable":true,"href":"https:\/\/lurdinha.org\/site\/wp-json\/wp\/v2\/categories?post=9838"},{"taxonomy":"post_tag","embeddable":true,"href":"https:\/\/lurdinha.org\/site\/wp-json\/wp\/v2\/tags?post=9838"}],"curies":[{"name":"wp","href":"https:\/\/api.w.org\/{rel}","templated":true}]}}