{"id":9695,"date":"2021-03-21T21:08:58","date_gmt":"2021-03-21T21:08:58","guid":{"rendered":"https:\/\/lurdinha.org\/site\/?p=9695"},"modified":"2021-03-21T21:16:18","modified_gmt":"2021-03-21T21:16:18","slug":"50-anos-do-enterro-de-joaozinho-da-gomeia","status":"publish","type":"post","link":"https:\/\/lurdinha.org\/site\/50-anos-do-enterro-de-joaozinho-da-gomeia\/","title":{"rendered":"50 anos do enterro de Jo\u00e3ozinho da Gomeia"},"content":{"rendered":"<div class=\"\" dir=\"auto\">\n<div id=\"jsc_c_5\" class=\"ecm0bbzt hv4rvrfc ihqw7lf3 dati1w0a\" data-ad-comet-preview=\"message\" data-ad-preview=\"message\">\n<div class=\"j83agx80 cbu4d94t ew0dbk1b irj2b8pg\">\n<div class=\"qzhwtbm6 knvmm38d\">\n<div class=\"kvgmc6g5 cxmmr5t8 oygrvhab hcukyx3x c1et5uql ii04i59q\">\n<div dir=\"auto\">H\u00e1 50 anos uma multid\u00e3o tomou conta das ruas dos bairros Copacabana, Jacatir\u00e3o e Corte 8, em Duque de Caxias, para a despedida ao corpo de Seu Jo\u00e3o. Antes do c\u00e9u azul daquele domingo de sol escaldante ser rasgado pelos raios de Ians\u00e3 trazendo a forte tempestade, que marcou a mem\u00f3ria coletiva, um cortejo f\u00fanebre percorreu os 6 km que separam o Terreiro da Gomeia do Cemit\u00e9rio do Corte 8, produzindo cenas de forte como\u00e7\u00e3o registradas amplamente pela imprensa e pelo soci\u00f3logo su\u00ed\u00e7o Jean Ziegler. Em um dos cap\u00edtulos de seu livro &#8220;Os vivos e a morte&#8221;, Ziegler aborda os ritos f\u00fanebres de Jo\u00e3ozinho da Gomeia, destacando um ecumenismo que acredito capaz de nos ajudar a enfrentar a ascens\u00e3o dessa direita neopentecostal, que vem pavimentando vit\u00f3rias eleitorais nefastas para a produ\u00e7\u00e3o de vidas saud\u00e1veis e belas que Seu Jo\u00e3o tanto cultivou em seu ciclo carnal.<\/div>\n<\/div>\n<div class=\"o9v6fnle cxmmr5t8 oygrvhab hcukyx3x c1et5uql ii04i59q\">\n<div dir=\"auto\">&#8220;Uma multid\u00e3o de 5.000 pessoas (cifra calculada pelos policiais militares do 6\u00ba batalh\u00e3o, encarregados de manter a ordem no bairro) aglomerava-se no terreiro. Contou-se de 8 a 10.000 pessoas no dia do vel\u00f3rio. (&#8230;) Assiste-se ent\u00e3o ao espet\u00e1culo de um extraordin\u00e1rio jogo sincr\u00e9tico, espl\u00eandida converg\u00eancia tipicamente brasileira das rela\u00e7\u00f5es do bairro, por ocasi\u00e3o do sepultamento no domingo 21 de mar\u00e7o. Dom Jos\u00e9 Ant\u00f4nio Silva e Dom Hugo Silveira Lima, ambos bispos titulares da Igreja do Brasil , esp\u00e9cie de dissid\u00eancia cat\u00f3lica, chegavam revestidos de suas casulas diante do corpo embalsamado de Jo\u00e3o (&#8230;). Sua hom\u00edlia \u00e9 simples e comovedora. Vieram prestar homenagem a um \u201chomem bom e puro\u201d, assim como os fi\u00e9is do Templo da Assembleia de Deus, seita protestante do bairro de Copacabana. Quando o cortejo f\u00fanebre passa diante de suas portas abertas, os fi\u00e9is da assembleia p\u00f5em-se de joelhos, saudando assim a \u00faltima passagem de um vizinho poderoso, cuja conduta sacerdotal n\u00e3o compreendiam, ou pouco compreendiam, mas cuja bondade humana apreciavam.&#8221; (ZIEGLER, 1977, p. 73-75)<\/div>\n<\/div>\n<div class=\"o9v6fnle cxmmr5t8 oygrvhab hcukyx3x c1et5uql ii04i59q\">\n<div dir=\"auto\"><\/div>\n<div dir=\"auto\"><\/div>\n<\/div>\n<div dir=\"auto\"><img loading=\"lazy\" decoding=\"async\" class=\"alignnone size-large wp-image-9697\" src=\"https:\/\/lurdinha.org\/site\/wp-content\/uploads\/enterro_joaozinho-da-gomeia-610x610.jpg\" alt=\"Enterro de Jo\u00e3ozinho da Gomeia\" width=\"610\" height=\"610\" srcset=\"https:\/\/lurdinha.org\/site\/wp-content\/uploads\/enterro_joaozinho-da-gomeia-610x610.jpg 610w, https:\/\/lurdinha.org\/site\/wp-content\/uploads\/enterro_joaozinho-da-gomeia-300x300.jpg 300w, https:\/\/lurdinha.org\/site\/wp-content\/uploads\/enterro_joaozinho-da-gomeia-150x150.jpg 150w, https:\/\/lurdinha.org\/site\/wp-content\/uploads\/enterro_joaozinho-da-gomeia-768x768.jpg 768w, https:\/\/lurdinha.org\/site\/wp-content\/uploads\/enterro_joaozinho-da-gomeia-550x550.jpg 550w, https:\/\/lurdinha.org\/site\/wp-content\/uploads\/enterro_joaozinho-da-gomeia.jpg 1200w\" sizes=\"auto, (max-width: 610px) 100vw, 610px\" \/><\/div>\n<div dir=\"auto\">\n<div dir=\"auto\">De cima para baixo, da esquerda para direita:<\/div>\n<div dir=\"auto\">\n<p><strong>Imagem 1:<\/strong> Autoria desconhecida. Fonte: Foto postada no Grupo do Facebook \u201cJo\u00e3ozinho da Gom\u00e9ia\/Tata Londir\u00e1\u201d. Dispon\u00edvel em:https:\/\/www.Facebook.com\/groups\/404236662972216<\/p>\n<p><strong>Imagem 2<\/strong>: Fotografia de Adir Mera. Fonte: Mem\u00f3rias da Bahia II &#8211; Caderno especial dedicado a Jo\u00e3ozinho da Gomeia, editado pelo jornal Correio da Bahia, Salvador, em dezembro de 2003 (Acervo IHCMDC).<\/p>\n<\/div>\n<div dir=\"auto\"><strong>Imagem 3<\/strong>: Fotografia de Adir Mera. Fonte: Revista Manchete, 04\/04\/1971. Dispon\u00edvel em:<\/div>\n<div dir=\"auto\"><a class=\"oajrlxb2 g5ia77u1 qu0x051f esr5mh6w e9989ue4 r7d6kgcz rq0escxv nhd2j8a9 nc684nl6 p7hjln8o kvgmc6g5 cxmmr5t8 oygrvhab hcukyx3x jb3vyjys rz4wbd8a qt6c0cv9 a8nywdso i1ao9s8h esuyzwwr f1sip0of lzcic4wl py34i1dx gpro0wi8\" tabindex=\"0\" role=\"link\" href=\"http:\/\/memoria.bn.br\/DocReader\/DocReader.aspx?bib=004120&amp;PagFis=7081&amp;Pesq=GOMEIA&amp;fbclid=IwAR09ezyCHaReQzLVjpsRE-TVsNpbMK_hZjWoByV7g-myhPSVIryndn7BxG0\" target=\"_blank\" rel=\"nofollow noopener\">http:\/\/memoria.bn.br\/DocReader\/DocReader.aspx?bib=004120&#8230;<\/a><\/div>\n<\/div>\n<\/div>\n<\/div>\n<\/div>\n<\/div>\n","protected":false},"excerpt":{"rendered":"<p>H\u00e1 50 anos uma multid\u00e3o tomou conta das ruas dos bairros Copacabana, Jacatir\u00e3o e Corte&#8230;<\/p>\n","protected":false},"author":79,"featured_media":9697,"comment_status":"open","ping_status":"closed","sticky":false,"template":"","format":"standard","meta":{"footnotes":""},"categories":[3,14,9],"tags":[356,239,814,660,1237,1238],"class_list":["post-9695","post","type-post","status-publish","format-standard","has-post-thumbnail","hentry","category-clique","category-gente","category-historia","tag-candomble","tag-caxias","tag-gomeia","tag-joaozinho-da-gomeia","tag-pai-joao","tag-tata-londira"],"yoast_head":"<!-- This site is optimized with the Yoast SEO plugin v27.5 - https:\/\/yoast.com\/product\/yoast-seo-wordpress\/ -->\n<title>50 anos do enterro de Jo\u00e3ozinho da Gomeia - Lurdinha - Duque de Caxias para Est\u00f4magos Fortes<\/title>\n<meta name=\"robots\" content=\"index, follow, max-snippet:-1, max-image-preview:large, max-video-preview:-1\" \/>\n<link rel=\"canonical\" href=\"https:\/\/lurdinha.org\/site\/50-anos-do-enterro-de-joaozinho-da-gomeia\/\" \/>\n<meta property=\"og:locale\" content=\"pt_BR\" \/>\n<meta property=\"og:type\" content=\"article\" \/>\n<meta property=\"og:title\" content=\"50 anos do enterro de Jo\u00e3ozinho da Gomeia - Lurdinha - Duque de Caxias para Est\u00f4magos Fortes\" \/>\n<meta property=\"og:description\" content=\"H\u00e1 50 anos uma multid\u00e3o tomou conta das ruas dos bairros Copacabana, Jacatir\u00e3o e Corte...\" \/>\n<meta property=\"og:url\" content=\"https:\/\/lurdinha.org\/site\/50-anos-do-enterro-de-joaozinho-da-gomeia\/\" \/>\n<meta property=\"og:site_name\" content=\"Lurdinha - Duque de Caxias para Est\u00f4magos Fortes\" \/>\n<meta property=\"article:publisher\" content=\"https:\/\/www.facebook.com\/LurdinhadeCaxias\" \/>\n<meta property=\"article:published_time\" content=\"2021-03-21T21:08:58+00:00\" \/>\n<meta property=\"article:modified_time\" content=\"2021-03-21T21:16:18+00:00\" \/>\n<meta property=\"og:image\" content=\"https:\/\/lurdinha.org\/site\/wp-content\/uploads\/enterro_joaozinho-da-gomeia.jpg\" \/>\n\t<meta property=\"og:image:width\" content=\"1200\" \/>\n\t<meta property=\"og:image:height\" content=\"1200\" \/>\n\t<meta property=\"og:image:type\" content=\"image\/jpeg\" \/>\n<meta name=\"author\" content=\"Adriana Batalha\" \/>\n<meta name=\"twitter:card\" content=\"summary_large_image\" \/>\n<meta name=\"twitter:label1\" content=\"Escrito por\" \/>\n\t<meta name=\"twitter:data1\" content=\"Adriana Batalha\" \/>\n\t<meta name=\"twitter:label2\" content=\"Est. tempo de leitura\" \/>\n\t<meta name=\"twitter:data2\" content=\"2 minutos\" \/>\n<script type=\"application\/ld+json\" class=\"yoast-schema-graph\">{\"@context\":\"https:\\\/\\\/schema.org\",\"@graph\":[{\"@type\":\"Article\",\"@id\":\"https:\\\/\\\/lurdinha.org\\\/site\\\/50-anos-do-enterro-de-joaozinho-da-gomeia\\\/#article\",\"isPartOf\":{\"@id\":\"https:\\\/\\\/lurdinha.org\\\/site\\\/50-anos-do-enterro-de-joaozinho-da-gomeia\\\/\"},\"author\":{\"name\":\"Adriana Batalha\",\"@id\":\"https:\\\/\\\/lurdinha.org\\\/site\\\/#\\\/schema\\\/person\\\/fb2accfbb292f88d2c2edaabb9b74b23\"},\"headline\":\"50 anos do enterro de Jo\u00e3ozinho da Gomeia\",\"datePublished\":\"2021-03-21T21:08:58+00:00\",\"dateModified\":\"2021-03-21T21:16:18+00:00\",\"mainEntityOfPage\":{\"@id\":\"https:\\\/\\\/lurdinha.org\\\/site\\\/50-anos-do-enterro-de-joaozinho-da-gomeia\\\/\"},\"wordCount\":431,\"commentCount\":0,\"publisher\":{\"@id\":\"https:\\\/\\\/lurdinha.org\\\/site\\\/#organization\"},\"image\":{\"@id\":\"https:\\\/\\\/lurdinha.org\\\/site\\\/50-anos-do-enterro-de-joaozinho-da-gomeia\\\/#primaryimage\"},\"thumbnailUrl\":\"https:\\\/\\\/lurdinha.org\\\/site\\\/wp-content\\\/uploads\\\/enterro_joaozinho-da-gomeia.jpg\",\"keywords\":[\"candombl\u00e9\",\"caxias\",\"Gomeia\",\"jo\u00e3ozinho da gomeia\",\"pai joao\",\"tata londira\"],\"articleSection\":[\"clique\",\"gente\",\"hist\u00f3ria\"],\"inLanguage\":\"pt-BR\",\"potentialAction\":[{\"@type\":\"CommentAction\",\"name\":\"Comment\",\"target\":[\"https:\\\/\\\/lurdinha.org\\\/site\\\/50-anos-do-enterro-de-joaozinho-da-gomeia\\\/#respond\"]}]},{\"@type\":\"WebPage\",\"@id\":\"https:\\\/\\\/lurdinha.org\\\/site\\\/50-anos-do-enterro-de-joaozinho-da-gomeia\\\/\",\"url\":\"https:\\\/\\\/lurdinha.org\\\/site\\\/50-anos-do-enterro-de-joaozinho-da-gomeia\\\/\",\"name\":\"50 anos do enterro de Jo\u00e3ozinho da Gomeia - Lurdinha - Duque de Caxias para Est\u00f4magos Fortes\",\"isPartOf\":{\"@id\":\"https:\\\/\\\/lurdinha.org\\\/site\\\/#website\"},\"primaryImageOfPage\":{\"@id\":\"https:\\\/\\\/lurdinha.org\\\/site\\\/50-anos-do-enterro-de-joaozinho-da-gomeia\\\/#primaryimage\"},\"image\":{\"@id\":\"https:\\\/\\\/lurdinha.org\\\/site\\\/50-anos-do-enterro-de-joaozinho-da-gomeia\\\/#primaryimage\"},\"thumbnailUrl\":\"https:\\\/\\\/lurdinha.org\\\/site\\\/wp-content\\\/uploads\\\/enterro_joaozinho-da-gomeia.jpg\",\"datePublished\":\"2021-03-21T21:08:58+00:00\",\"dateModified\":\"2021-03-21T21:16:18+00:00\",\"breadcrumb\":{\"@id\":\"https:\\\/\\\/lurdinha.org\\\/site\\\/50-anos-do-enterro-de-joaozinho-da-gomeia\\\/#breadcrumb\"},\"inLanguage\":\"pt-BR\",\"potentialAction\":[{\"@type\":\"ReadAction\",\"target\":[\"https:\\\/\\\/lurdinha.org\\\/site\\\/50-anos-do-enterro-de-joaozinho-da-gomeia\\\/\"]}]},{\"@type\":\"ImageObject\",\"inLanguage\":\"pt-BR\",\"@id\":\"https:\\\/\\\/lurdinha.org\\\/site\\\/50-anos-do-enterro-de-joaozinho-da-gomeia\\\/#primaryimage\",\"url\":\"https:\\\/\\\/lurdinha.org\\\/site\\\/wp-content\\\/uploads\\\/enterro_joaozinho-da-gomeia.jpg\",\"contentUrl\":\"https:\\\/\\\/lurdinha.org\\\/site\\\/wp-content\\\/uploads\\\/enterro_joaozinho-da-gomeia.jpg\",\"width\":1200,\"height\":1200,\"caption\":\"Enterro de Jo\u00e3ozinho da Gomeia\"},{\"@type\":\"BreadcrumbList\",\"@id\":\"https:\\\/\\\/lurdinha.org\\\/site\\\/50-anos-do-enterro-de-joaozinho-da-gomeia\\\/#breadcrumb\",\"itemListElement\":[{\"@type\":\"ListItem\",\"position\":1,\"name\":\"In\u00edcio\",\"item\":\"https:\\\/\\\/lurdinha.org\\\/site\\\/\"},{\"@type\":\"ListItem\",\"position\":2,\"name\":\"50 anos do enterro de Jo\u00e3ozinho da Gomeia\"}]},{\"@type\":\"WebSite\",\"@id\":\"https:\\\/\\\/lurdinha.org\\\/site\\\/#website\",\"url\":\"https:\\\/\\\/lurdinha.org\\\/site\\\/\",\"name\":\"Lurdinha - Duque de Caxias para Est\u00f4magos Fortes\",\"description\":\"Site sobre Arte, Cultura, Pol\u00edtica, Sociedade e curiosidades da cidade de Duque de Caxias, RJ\",\"publisher\":{\"@id\":\"https:\\\/\\\/lurdinha.org\\\/site\\\/#organization\"},\"alternateName\":\"Lurdinha\",\"potentialAction\":[{\"@type\":\"SearchAction\",\"target\":{\"@type\":\"EntryPoint\",\"urlTemplate\":\"https:\\\/\\\/lurdinha.org\\\/site\\\/?s={search_term_string}\"},\"query-input\":{\"@type\":\"PropertyValueSpecification\",\"valueRequired\":true,\"valueName\":\"search_term_string\"}}],\"inLanguage\":\"pt-BR\"},{\"@type\":\"Organization\",\"@id\":\"https:\\\/\\\/lurdinha.org\\\/site\\\/#organization\",\"name\":\"Lurdinha de Caxias\",\"url\":\"https:\\\/\\\/lurdinha.org\\\/site\\\/\",\"logo\":{\"@type\":\"ImageObject\",\"inLanguage\":\"pt-BR\",\"@id\":\"https:\\\/\\\/lurdinha.org\\\/site\\\/#\\\/schema\\\/logo\\\/image\\\/\",\"url\":\"https:\\\/\\\/lurdinha.org\\\/site\\\/wp-content\\\/uploads\\\/logo-lurdinha.jpg\",\"contentUrl\":\"https:\\\/\\\/lurdinha.org\\\/site\\\/wp-content\\\/uploads\\\/logo-lurdinha.jpg\",\"width\":640,\"height\":60,\"caption\":\"Lurdinha de Caxias\"},\"image\":{\"@id\":\"https:\\\/\\\/lurdinha.org\\\/site\\\/#\\\/schema\\\/logo\\\/image\\\/\"},\"sameAs\":[\"https:\\\/\\\/www.facebook.com\\\/LurdinhadeCaxias\",\"https:\\\/\\\/www.instagram.com\\\/lurdinhadecaxias\"]},{\"@type\":\"Person\",\"@id\":\"https:\\\/\\\/lurdinha.org\\\/site\\\/#\\\/schema\\\/person\\\/fb2accfbb292f88d2c2edaabb9b74b23\",\"name\":\"Adriana Batalha\",\"image\":{\"@type\":\"ImageObject\",\"inLanguage\":\"pt-BR\",\"@id\":\"https:\\\/\\\/secure.gravatar.com\\\/avatar\\\/ed28f98298552e12fca0cf8fbfedf5497d936193fa0b8febf455e5d9890882ee?s=96&d=mm&r=g\",\"url\":\"https:\\\/\\\/secure.gravatar.com\\\/avatar\\\/ed28f98298552e12fca0cf8fbfedf5497d936193fa0b8febf455e5d9890882ee?s=96&d=mm&r=g\",\"contentUrl\":\"https:\\\/\\\/secure.gravatar.com\\\/avatar\\\/ed28f98298552e12fca0cf8fbfedf5497d936193fa0b8febf455e5d9890882ee?s=96&d=mm&r=g\",\"caption\":\"Adriana Batalha\"},\"url\":\"https:\\\/\\\/lurdinha.org\\\/site\\\/author\\\/adrianabatalha\\\/\"}]}<\/script>\n<!-- \/ Yoast SEO plugin. -->","yoast_head_json":{"title":"50 anos do enterro de Jo\u00e3ozinho da Gomeia - Lurdinha - Duque de Caxias para Est\u00f4magos Fortes","robots":{"index":"index","follow":"follow","max-snippet":"max-snippet:-1","max-image-preview":"max-image-preview:large","max-video-preview":"max-video-preview:-1"},"canonical":"https:\/\/lurdinha.org\/site\/50-anos-do-enterro-de-joaozinho-da-gomeia\/","og_locale":"pt_BR","og_type":"article","og_title":"50 anos do enterro de Jo\u00e3ozinho da Gomeia - Lurdinha - Duque de Caxias para Est\u00f4magos Fortes","og_description":"H\u00e1 50 anos uma multid\u00e3o tomou conta das ruas dos bairros Copacabana, Jacatir\u00e3o e Corte...","og_url":"https:\/\/lurdinha.org\/site\/50-anos-do-enterro-de-joaozinho-da-gomeia\/","og_site_name":"Lurdinha - Duque de Caxias para Est\u00f4magos Fortes","article_publisher":"https:\/\/www.facebook.com\/LurdinhadeCaxias","article_published_time":"2021-03-21T21:08:58+00:00","article_modified_time":"2021-03-21T21:16:18+00:00","og_image":[{"width":1200,"height":1200,"url":"https:\/\/lurdinha.org\/site\/wp-content\/uploads\/enterro_joaozinho-da-gomeia.jpg","type":"image\/jpeg"}],"author":"Adriana Batalha","twitter_card":"summary_large_image","twitter_misc":{"Escrito por":"Adriana Batalha","Est. tempo de leitura":"2 minutos"},"schema":{"@context":"https:\/\/schema.org","@graph":[{"@type":"Article","@id":"https:\/\/lurdinha.org\/site\/50-anos-do-enterro-de-joaozinho-da-gomeia\/#article","isPartOf":{"@id":"https:\/\/lurdinha.org\/site\/50-anos-do-enterro-de-joaozinho-da-gomeia\/"},"author":{"name":"Adriana Batalha","@id":"https:\/\/lurdinha.org\/site\/#\/schema\/person\/fb2accfbb292f88d2c2edaabb9b74b23"},"headline":"50 anos do enterro de Jo\u00e3ozinho da Gomeia","datePublished":"2021-03-21T21:08:58+00:00","dateModified":"2021-03-21T21:16:18+00:00","mainEntityOfPage":{"@id":"https:\/\/lurdinha.org\/site\/50-anos-do-enterro-de-joaozinho-da-gomeia\/"},"wordCount":431,"commentCount":0,"publisher":{"@id":"https:\/\/lurdinha.org\/site\/#organization"},"image":{"@id":"https:\/\/lurdinha.org\/site\/50-anos-do-enterro-de-joaozinho-da-gomeia\/#primaryimage"},"thumbnailUrl":"https:\/\/lurdinha.org\/site\/wp-content\/uploads\/enterro_joaozinho-da-gomeia.jpg","keywords":["candombl\u00e9","caxias","Gomeia","jo\u00e3ozinho da gomeia","pai joao","tata londira"],"articleSection":["clique","gente","hist\u00f3ria"],"inLanguage":"pt-BR","potentialAction":[{"@type":"CommentAction","name":"Comment","target":["https:\/\/lurdinha.org\/site\/50-anos-do-enterro-de-joaozinho-da-gomeia\/#respond"]}]},{"@type":"WebPage","@id":"https:\/\/lurdinha.org\/site\/50-anos-do-enterro-de-joaozinho-da-gomeia\/","url":"https:\/\/lurdinha.org\/site\/50-anos-do-enterro-de-joaozinho-da-gomeia\/","name":"50 anos do enterro de Jo\u00e3ozinho da Gomeia - Lurdinha - Duque de Caxias para Est\u00f4magos Fortes","isPartOf":{"@id":"https:\/\/lurdinha.org\/site\/#website"},"primaryImageOfPage":{"@id":"https:\/\/lurdinha.org\/site\/50-anos-do-enterro-de-joaozinho-da-gomeia\/#primaryimage"},"image":{"@id":"https:\/\/lurdinha.org\/site\/50-anos-do-enterro-de-joaozinho-da-gomeia\/#primaryimage"},"thumbnailUrl":"https:\/\/lurdinha.org\/site\/wp-content\/uploads\/enterro_joaozinho-da-gomeia.jpg","datePublished":"2021-03-21T21:08:58+00:00","dateModified":"2021-03-21T21:16:18+00:00","breadcrumb":{"@id":"https:\/\/lurdinha.org\/site\/50-anos-do-enterro-de-joaozinho-da-gomeia\/#breadcrumb"},"inLanguage":"pt-BR","potentialAction":[{"@type":"ReadAction","target":["https:\/\/lurdinha.org\/site\/50-anos-do-enterro-de-joaozinho-da-gomeia\/"]}]},{"@type":"ImageObject","inLanguage":"pt-BR","@id":"https:\/\/lurdinha.org\/site\/50-anos-do-enterro-de-joaozinho-da-gomeia\/#primaryimage","url":"https:\/\/lurdinha.org\/site\/wp-content\/uploads\/enterro_joaozinho-da-gomeia.jpg","contentUrl":"https:\/\/lurdinha.org\/site\/wp-content\/uploads\/enterro_joaozinho-da-gomeia.jpg","width":1200,"height":1200,"caption":"Enterro de Jo\u00e3ozinho da Gomeia"},{"@type":"BreadcrumbList","@id":"https:\/\/lurdinha.org\/site\/50-anos-do-enterro-de-joaozinho-da-gomeia\/#breadcrumb","itemListElement":[{"@type":"ListItem","position":1,"name":"In\u00edcio","item":"https:\/\/lurdinha.org\/site\/"},{"@type":"ListItem","position":2,"name":"50 anos do enterro de Jo\u00e3ozinho da Gomeia"}]},{"@type":"WebSite","@id":"https:\/\/lurdinha.org\/site\/#website","url":"https:\/\/lurdinha.org\/site\/","name":"Lurdinha - Duque de Caxias para Est\u00f4magos Fortes","description":"Site sobre Arte, Cultura, Pol\u00edtica, Sociedade e curiosidades da cidade de Duque de Caxias, RJ","publisher":{"@id":"https:\/\/lurdinha.org\/site\/#organization"},"alternateName":"Lurdinha","potentialAction":[{"@type":"SearchAction","target":{"@type":"EntryPoint","urlTemplate":"https:\/\/lurdinha.org\/site\/?s={search_term_string}"},"query-input":{"@type":"PropertyValueSpecification","valueRequired":true,"valueName":"search_term_string"}}],"inLanguage":"pt-BR"},{"@type":"Organization","@id":"https:\/\/lurdinha.org\/site\/#organization","name":"Lurdinha de Caxias","url":"https:\/\/lurdinha.org\/site\/","logo":{"@type":"ImageObject","inLanguage":"pt-BR","@id":"https:\/\/lurdinha.org\/site\/#\/schema\/logo\/image\/","url":"https:\/\/lurdinha.org\/site\/wp-content\/uploads\/logo-lurdinha.jpg","contentUrl":"https:\/\/lurdinha.org\/site\/wp-content\/uploads\/logo-lurdinha.jpg","width":640,"height":60,"caption":"Lurdinha de Caxias"},"image":{"@id":"https:\/\/lurdinha.org\/site\/#\/schema\/logo\/image\/"},"sameAs":["https:\/\/www.facebook.com\/LurdinhadeCaxias","https:\/\/www.instagram.com\/lurdinhadecaxias"]},{"@type":"Person","@id":"https:\/\/lurdinha.org\/site\/#\/schema\/person\/fb2accfbb292f88d2c2edaabb9b74b23","name":"Adriana Batalha","image":{"@type":"ImageObject","inLanguage":"pt-BR","@id":"https:\/\/secure.gravatar.com\/avatar\/ed28f98298552e12fca0cf8fbfedf5497d936193fa0b8febf455e5d9890882ee?s=96&d=mm&r=g","url":"https:\/\/secure.gravatar.com\/avatar\/ed28f98298552e12fca0cf8fbfedf5497d936193fa0b8febf455e5d9890882ee?s=96&d=mm&r=g","contentUrl":"https:\/\/secure.gravatar.com\/avatar\/ed28f98298552e12fca0cf8fbfedf5497d936193fa0b8febf455e5d9890882ee?s=96&d=mm&r=g","caption":"Adriana Batalha"},"url":"https:\/\/lurdinha.org\/site\/author\/adrianabatalha\/"}]}},"views":4598,"_links":{"self":[{"href":"https:\/\/lurdinha.org\/site\/wp-json\/wp\/v2\/posts\/9695","targetHints":{"allow":["GET"]}}],"collection":[{"href":"https:\/\/lurdinha.org\/site\/wp-json\/wp\/v2\/posts"}],"about":[{"href":"https:\/\/lurdinha.org\/site\/wp-json\/wp\/v2\/types\/post"}],"author":[{"embeddable":true,"href":"https:\/\/lurdinha.org\/site\/wp-json\/wp\/v2\/users\/79"}],"replies":[{"embeddable":true,"href":"https:\/\/lurdinha.org\/site\/wp-json\/wp\/v2\/comments?post=9695"}],"version-history":[{"count":3,"href":"https:\/\/lurdinha.org\/site\/wp-json\/wp\/v2\/posts\/9695\/revisions"}],"predecessor-version":[{"id":9699,"href":"https:\/\/lurdinha.org\/site\/wp-json\/wp\/v2\/posts\/9695\/revisions\/9699"}],"wp:featuredmedia":[{"embeddable":true,"href":"https:\/\/lurdinha.org\/site\/wp-json\/wp\/v2\/media\/9697"}],"wp:attachment":[{"href":"https:\/\/lurdinha.org\/site\/wp-json\/wp\/v2\/media?parent=9695"}],"wp:term":[{"taxonomy":"category","embeddable":true,"href":"https:\/\/lurdinha.org\/site\/wp-json\/wp\/v2\/categories?post=9695"},{"taxonomy":"post_tag","embeddable":true,"href":"https:\/\/lurdinha.org\/site\/wp-json\/wp\/v2\/tags?post=9695"}],"curies":[{"name":"wp","href":"https:\/\/api.w.org\/{rel}","templated":true}]}}