{"id":9641,"date":"2021-02-28T19:04:48","date_gmt":"2021-02-28T19:04:48","guid":{"rendered":"https:\/\/lurdinha.org\/site\/?p=9641"},"modified":"2021-03-01T02:12:25","modified_gmt":"2021-03-01T02:12:25","slug":"carlos-muttalla-por-que-voce-nos-deixou","status":"publish","type":"post","link":"https:\/\/lurdinha.org\/site\/carlos-muttalla-por-que-voce-nos-deixou\/","title":{"rendered":"Carlos Muttalla &#8211; Por que voc\u00ea nos deixou?"},"content":{"rendered":"<p>Por que voc\u00ea nos deixou? A pergunta que n\u00e3o quer se calar. Hoje \u00e9 um dia muito triste para mim, dor. Voc\u00ea \u00e9 uma estrela. O Criador o recebe. O Orun est\u00e1 pronto para te acolher com sua arte que nos fez e faz tanto bem. \u1eccl\u1ecdrun no d\u00ea for\u00e7a! Ele diz: \u201c\u2013 minha arte, minha vida.\u201d A resposta.<br \/>\nSeu nome art\u00edstico: Carlos Muttalla, assim o conhecemos. Agora no Orun. Ele partiu, foi embora daqui, do nosso conv\u00edvio, das nossas conversas, dos encontros e, principalmente, das artes destas Terras. Ultimo dia de fevereiro, m\u00eas do Carnaval, o que ele decididamente amava muito, foi brilhar em outra dimens\u00e3o. Sabe algu\u00e9m ensaiava, fazias coreografias para sua amada escola de samba, que desfilava e saia em todos os blocos poss\u00edveis? Sim, era ele. Um c\u00e2ncer o levou, de forma sorrateira e r\u00e1pida, justamente no \u00faltimo dia do ano em que o Covid19 impediu que o povo ocupasse as ruas com a maior Festa do Planeta. Que triste ironia. Talento e voca\u00e7\u00e3o exemplos aqui nesse plano, que vai seguir no Orun. Agora ele vai dan\u00e7ar ainda mais, em especial com os \u00d2r\u00ec\u1e63\u00e0s, com nossa Ancestralidade. Segue na sua miss\u00e3o: fazer-nos melhores. Copiando: O sorriso mais largo do mundo!!!<\/p>\n<p>Artista gigante de Duque de Caxias, do Mundo. Excelente bailarino, core\u00f3grafo, ato, diretor, mestre. Seu corpo vibrava sua voz primorosa e doce, ainda ecoa dentro de mim. Com sorriso largo e envolvente nos convidada a alegria e ao bem estar, a energia. Durante anos ele foi meu vizinho e nos convidada o tempo todo para estarmos juntes. Excelente ser humano, profissional exemplar, honesto e leal, com intelig\u00eancia acentuada, competente e muito sens\u00edvel. Agrade\u00e7o imensamente todo o tempo que estive contigo.<\/p>\n<p>J\u00e1 imaginou algu\u00e9m que aos 15 anos deixa S\u00e3o Luiz, no Maranh\u00e3o, para se aventurar nas terras de Duque de Caxias? Quem \u00e9 da Baixada Fluminense, s\u00f3 para ficar aqui, com certeza que sim. Ele n\u00e3o foi o primeiro e n\u00e3o ser\u00e1 o \u00faltimo. Falo de Carlos Augusto de Castro, que neste ano faria 62 anos, quarenta e sete deles dedicado ao que mais amou: a arte de dan\u00e7ar e interpretar. Aqui em Duque de Caxias j\u00e1 hav\u00edamos sido apresentades e a vida nos uniu mais ainda em 2002, quando estive subsecret\u00e1ria de cultura do nosso munic\u00edpio, sim Muttalla era duquecaxiense, o adotamos como um filho bel\u00edssimo. Criamos a primeira Companhia Municipal de Dan\u00e7a de Duque de Caxias, na Baixada Fluminense.<\/p>\n<p>Meu afeto, respeito e profunda gratid\u00e3o.<br \/>\nMuita for\u00e7a para os familiares e amigues. Para sempre em nossos cora\u00e7\u00f5es. As\u00e9!<\/p>\n<p><img loading=\"lazy\" decoding=\"async\" class=\"alignnone size-large wp-image-9642\" src=\"https:\/\/lurdinha.org\/site\/wp-content\/uploads\/companhia-municipal-de-danca-duquedecaxias--610x745.jpg\" alt=\"\" width=\"610\" height=\"745\" srcset=\"https:\/\/lurdinha.org\/site\/wp-content\/uploads\/companhia-municipal-de-danca-duquedecaxias--610x745.jpg 610w, https:\/\/lurdinha.org\/site\/wp-content\/uploads\/companhia-municipal-de-danca-duquedecaxias--246x300.jpg 246w, https:\/\/lurdinha.org\/site\/wp-content\/uploads\/companhia-municipal-de-danca-duquedecaxias--768x938.jpg 768w, https:\/\/lurdinha.org\/site\/wp-content\/uploads\/companhia-municipal-de-danca-duquedecaxias-.jpg 1048w\" sizes=\"auto, (max-width: 610px) 100vw, 610px\" \/> <img loading=\"lazy\" decoding=\"async\" class=\"alignnone size-large wp-image-9643\" src=\"https:\/\/lurdinha.org\/site\/wp-content\/uploads\/muttalla--610x407.jpg\" alt=\"\" width=\"610\" height=\"407\" srcset=\"https:\/\/lurdinha.org\/site\/wp-content\/uploads\/muttalla--610x407.jpg 610w, https:\/\/lurdinha.org\/site\/wp-content\/uploads\/muttalla--300x200.jpg 300w, https:\/\/lurdinha.org\/site\/wp-content\/uploads\/muttalla--768x512.jpg 768w, https:\/\/lurdinha.org\/site\/wp-content\/uploads\/muttalla-.jpg 960w\" sizes=\"auto, (max-width: 610px) 100vw, 610px\" \/> <img loading=\"lazy\" decoding=\"async\" class=\"alignnone size-large wp-image-9644\" src=\"https:\/\/lurdinha.org\/site\/wp-content\/uploads\/companhia-municipal-de-danca-duquedecaxias-1-1-610x405.jpg\" alt=\"\" width=\"610\" height=\"405\" srcset=\"https:\/\/lurdinha.org\/site\/wp-content\/uploads\/companhia-municipal-de-danca-duquedecaxias-1-1-610x405.jpg 610w, https:\/\/lurdinha.org\/site\/wp-content\/uploads\/companhia-municipal-de-danca-duquedecaxias-1-1-300x199.jpg 300w, https:\/\/lurdinha.org\/site\/wp-content\/uploads\/companhia-municipal-de-danca-duquedecaxias-1-1-768x509.jpg 768w, https:\/\/lurdinha.org\/site\/wp-content\/uploads\/companhia-municipal-de-danca-duquedecaxias-1-1-1200x796.jpg 1200w, https:\/\/lurdinha.org\/site\/wp-content\/uploads\/companhia-municipal-de-danca-duquedecaxias-1-1.jpg 1280w\" sizes=\"auto, (max-width: 610px) 100vw, 610px\" \/> <img loading=\"lazy\" decoding=\"async\" class=\"alignnone size-large wp-image-9645\" src=\"https:\/\/lurdinha.org\/site\/wp-content\/uploads\/muttalla-610x407.jpg\" alt=\"\" width=\"610\" height=\"407\" srcset=\"https:\/\/lurdinha.org\/site\/wp-content\/uploads\/muttalla-610x407.jpg 610w, https:\/\/lurdinha.org\/site\/wp-content\/uploads\/muttalla-300x200.jpg 300w, https:\/\/lurdinha.org\/site\/wp-content\/uploads\/muttalla-768x512.jpg 768w, https:\/\/lurdinha.org\/site\/wp-content\/uploads\/muttalla.jpg 1024w\" sizes=\"auto, (max-width: 610px) 100vw, 610px\" \/> <img loading=\"lazy\" decoding=\"async\" class=\"alignnone size-large wp-image-9646\" src=\"https:\/\/lurdinha.org\/site\/wp-content\/uploads\/companhia-municipal-de-danca-duquedecaxias-610x433.jpg\" alt=\"\" width=\"610\" height=\"433\" srcset=\"https:\/\/lurdinha.org\/site\/wp-content\/uploads\/companhia-municipal-de-danca-duquedecaxias-610x433.jpg 610w, https:\/\/lurdinha.org\/site\/wp-content\/uploads\/companhia-municipal-de-danca-duquedecaxias-300x213.jpg 300w, https:\/\/lurdinha.org\/site\/wp-content\/uploads\/companhia-municipal-de-danca-duquedecaxias-768x545.jpg 768w, https:\/\/lurdinha.org\/site\/wp-content\/uploads\/companhia-municipal-de-danca-duquedecaxias.jpg 1080w\" sizes=\"auto, (max-width: 610px) 100vw, 610px\" \/><\/p>\n","protected":false},"excerpt":{"rendered":"<p>Por que voc\u00ea nos deixou? A pergunta que n\u00e3o quer se calar. Hoje \u00e9 um&#8230;<\/p>\n","protected":false},"author":72,"featured_media":9645,"comment_status":"open","ping_status":"closed","sticky":false,"template":"","format":"standard","meta":{"footnotes":""},"categories":[14,9],"tags":[1235,472,1137],"class_list":["post-9641","post","type-post","status-publish","format-standard","has-post-thumbnail","hentry","category-gente","category-historia","tag-carlos-muttalla","tag-cultura-caxias","tag-danca"],"yoast_head":"<!-- This site is optimized with the Yoast SEO plugin v27.5 - https:\/\/yoast.com\/product\/yoast-seo-wordpress\/ -->\n<title>Carlos Muttalla - Por que voc\u00ea nos deixou? - Lurdinha - Duque de Caxias para Est\u00f4magos Fortes<\/title>\n<meta name=\"robots\" content=\"index, follow, max-snippet:-1, max-image-preview:large, max-video-preview:-1\" \/>\n<link rel=\"canonical\" href=\"https:\/\/lurdinha.org\/site\/carlos-muttalla-por-que-voce-nos-deixou\/\" \/>\n<meta property=\"og:locale\" content=\"pt_BR\" \/>\n<meta property=\"og:type\" content=\"article\" \/>\n<meta property=\"og:title\" content=\"Carlos Muttalla - Por que voc\u00ea nos deixou? - Lurdinha - Duque de Caxias para Est\u00f4magos Fortes\" \/>\n<meta property=\"og:description\" content=\"Por que voc\u00ea nos deixou? A pergunta que n\u00e3o quer se calar. Hoje \u00e9 um...\" \/>\n<meta property=\"og:url\" content=\"https:\/\/lurdinha.org\/site\/carlos-muttalla-por-que-voce-nos-deixou\/\" \/>\n<meta property=\"og:site_name\" content=\"Lurdinha - Duque de Caxias para Est\u00f4magos Fortes\" \/>\n<meta property=\"article:publisher\" content=\"https:\/\/www.facebook.com\/LurdinhadeCaxias\" \/>\n<meta property=\"article:published_time\" content=\"2021-02-28T19:04:48+00:00\" \/>\n<meta property=\"article:modified_time\" content=\"2021-03-01T02:12:25+00:00\" \/>\n<meta property=\"og:image\" content=\"https:\/\/lurdinha.org\/site\/wp-content\/uploads\/muttalla.jpg\" \/>\n\t<meta property=\"og:image:width\" content=\"1024\" \/>\n\t<meta property=\"og:image:height\" content=\"683\" \/>\n\t<meta property=\"og:image:type\" content=\"image\/jpeg\" \/>\n<meta name=\"author\" content=\"S\u00edlvia de Mendon\u00e7a\" \/>\n<meta name=\"twitter:card\" content=\"summary_large_image\" \/>\n<meta name=\"twitter:label1\" content=\"Escrito por\" \/>\n\t<meta name=\"twitter:data1\" content=\"S\u00edlvia de Mendon\u00e7a\" \/>\n\t<meta name=\"twitter:label2\" content=\"Est. tempo de leitura\" \/>\n\t<meta name=\"twitter:data2\" content=\"3 minutos\" \/>\n<script type=\"application\/ld+json\" class=\"yoast-schema-graph\">{\"@context\":\"https:\\\/\\\/schema.org\",\"@graph\":[{\"@type\":\"Article\",\"@id\":\"https:\\\/\\\/lurdinha.org\\\/site\\\/carlos-muttalla-por-que-voce-nos-deixou\\\/#article\",\"isPartOf\":{\"@id\":\"https:\\\/\\\/lurdinha.org\\\/site\\\/carlos-muttalla-por-que-voce-nos-deixou\\\/\"},\"author\":{\"name\":\"S\u00edlvia de Mendon\u00e7a\",\"@id\":\"https:\\\/\\\/lurdinha.org\\\/site\\\/#\\\/schema\\\/person\\\/b96b167df9de3d0730955ed07839768b\"},\"headline\":\"Carlos Muttalla &#8211; Por que voc\u00ea nos deixou?\",\"datePublished\":\"2021-02-28T19:04:48+00:00\",\"dateModified\":\"2021-03-01T02:12:25+00:00\",\"mainEntityOfPage\":{\"@id\":\"https:\\\/\\\/lurdinha.org\\\/site\\\/carlos-muttalla-por-que-voce-nos-deixou\\\/\"},\"wordCount\":458,\"commentCount\":0,\"publisher\":{\"@id\":\"https:\\\/\\\/lurdinha.org\\\/site\\\/#organization\"},\"image\":{\"@id\":\"https:\\\/\\\/lurdinha.org\\\/site\\\/carlos-muttalla-por-que-voce-nos-deixou\\\/#primaryimage\"},\"thumbnailUrl\":\"https:\\\/\\\/lurdinha.org\\\/site\\\/wp-content\\\/uploads\\\/muttalla.jpg\",\"keywords\":[\"carlos muttalla\",\"Cultura Caxias\",\"dan\u00e7a\"],\"articleSection\":[\"gente\",\"hist\u00f3ria\"],\"inLanguage\":\"pt-BR\",\"potentialAction\":[{\"@type\":\"CommentAction\",\"name\":\"Comment\",\"target\":[\"https:\\\/\\\/lurdinha.org\\\/site\\\/carlos-muttalla-por-que-voce-nos-deixou\\\/#respond\"]}]},{\"@type\":\"WebPage\",\"@id\":\"https:\\\/\\\/lurdinha.org\\\/site\\\/carlos-muttalla-por-que-voce-nos-deixou\\\/\",\"url\":\"https:\\\/\\\/lurdinha.org\\\/site\\\/carlos-muttalla-por-que-voce-nos-deixou\\\/\",\"name\":\"Carlos Muttalla - Por que voc\u00ea nos deixou? - Lurdinha - Duque de Caxias para Est\u00f4magos Fortes\",\"isPartOf\":{\"@id\":\"https:\\\/\\\/lurdinha.org\\\/site\\\/#website\"},\"primaryImageOfPage\":{\"@id\":\"https:\\\/\\\/lurdinha.org\\\/site\\\/carlos-muttalla-por-que-voce-nos-deixou\\\/#primaryimage\"},\"image\":{\"@id\":\"https:\\\/\\\/lurdinha.org\\\/site\\\/carlos-muttalla-por-que-voce-nos-deixou\\\/#primaryimage\"},\"thumbnailUrl\":\"https:\\\/\\\/lurdinha.org\\\/site\\\/wp-content\\\/uploads\\\/muttalla.jpg\",\"datePublished\":\"2021-02-28T19:04:48+00:00\",\"dateModified\":\"2021-03-01T02:12:25+00:00\",\"breadcrumb\":{\"@id\":\"https:\\\/\\\/lurdinha.org\\\/site\\\/carlos-muttalla-por-que-voce-nos-deixou\\\/#breadcrumb\"},\"inLanguage\":\"pt-BR\",\"potentialAction\":[{\"@type\":\"ReadAction\",\"target\":[\"https:\\\/\\\/lurdinha.org\\\/site\\\/carlos-muttalla-por-que-voce-nos-deixou\\\/\"]}]},{\"@type\":\"ImageObject\",\"inLanguage\":\"pt-BR\",\"@id\":\"https:\\\/\\\/lurdinha.org\\\/site\\\/carlos-muttalla-por-que-voce-nos-deixou\\\/#primaryimage\",\"url\":\"https:\\\/\\\/lurdinha.org\\\/site\\\/wp-content\\\/uploads\\\/muttalla.jpg\",\"contentUrl\":\"https:\\\/\\\/lurdinha.org\\\/site\\\/wp-content\\\/uploads\\\/muttalla.jpg\",\"width\":1024,\"height\":683},{\"@type\":\"BreadcrumbList\",\"@id\":\"https:\\\/\\\/lurdinha.org\\\/site\\\/carlos-muttalla-por-que-voce-nos-deixou\\\/#breadcrumb\",\"itemListElement\":[{\"@type\":\"ListItem\",\"position\":1,\"name\":\"In\u00edcio\",\"item\":\"https:\\\/\\\/lurdinha.org\\\/site\\\/\"},{\"@type\":\"ListItem\",\"position\":2,\"name\":\"Carlos Muttalla &#8211; Por que voc\u00ea nos deixou?\"}]},{\"@type\":\"WebSite\",\"@id\":\"https:\\\/\\\/lurdinha.org\\\/site\\\/#website\",\"url\":\"https:\\\/\\\/lurdinha.org\\\/site\\\/\",\"name\":\"Lurdinha - Duque de Caxias para Est\u00f4magos Fortes\",\"description\":\"Site sobre Arte, Cultura, Pol\u00edtica, Sociedade e curiosidades da cidade de Duque de Caxias, RJ\",\"publisher\":{\"@id\":\"https:\\\/\\\/lurdinha.org\\\/site\\\/#organization\"},\"alternateName\":\"Lurdinha\",\"potentialAction\":[{\"@type\":\"SearchAction\",\"target\":{\"@type\":\"EntryPoint\",\"urlTemplate\":\"https:\\\/\\\/lurdinha.org\\\/site\\\/?s={search_term_string}\"},\"query-input\":{\"@type\":\"PropertyValueSpecification\",\"valueRequired\":true,\"valueName\":\"search_term_string\"}}],\"inLanguage\":\"pt-BR\"},{\"@type\":\"Organization\",\"@id\":\"https:\\\/\\\/lurdinha.org\\\/site\\\/#organization\",\"name\":\"Lurdinha de Caxias\",\"url\":\"https:\\\/\\\/lurdinha.org\\\/site\\\/\",\"logo\":{\"@type\":\"ImageObject\",\"inLanguage\":\"pt-BR\",\"@id\":\"https:\\\/\\\/lurdinha.org\\\/site\\\/#\\\/schema\\\/logo\\\/image\\\/\",\"url\":\"https:\\\/\\\/lurdinha.org\\\/site\\\/wp-content\\\/uploads\\\/logo-lurdinha.jpg\",\"contentUrl\":\"https:\\\/\\\/lurdinha.org\\\/site\\\/wp-content\\\/uploads\\\/logo-lurdinha.jpg\",\"width\":640,\"height\":60,\"caption\":\"Lurdinha de Caxias\"},\"image\":{\"@id\":\"https:\\\/\\\/lurdinha.org\\\/site\\\/#\\\/schema\\\/logo\\\/image\\\/\"},\"sameAs\":[\"https:\\\/\\\/www.facebook.com\\\/LurdinhadeCaxias\",\"https:\\\/\\\/www.instagram.com\\\/lurdinhadecaxias\"]},{\"@type\":\"Person\",\"@id\":\"https:\\\/\\\/lurdinha.org\\\/site\\\/#\\\/schema\\\/person\\\/b96b167df9de3d0730955ed07839768b\",\"name\":\"S\u00edlvia de Mendon\u00e7a\",\"image\":{\"@type\":\"ImageObject\",\"inLanguage\":\"pt-BR\",\"@id\":\"https:\\\/\\\/secure.gravatar.com\\\/avatar\\\/fffbf622b9949890c0b8be45889258aed34024e701a40971792f2a81c1c0e19f?s=96&d=mm&r=g\",\"url\":\"https:\\\/\\\/secure.gravatar.com\\\/avatar\\\/fffbf622b9949890c0b8be45889258aed34024e701a40971792f2a81c1c0e19f?s=96&d=mm&r=g\",\"contentUrl\":\"https:\\\/\\\/secure.gravatar.com\\\/avatar\\\/fffbf622b9949890c0b8be45889258aed34024e701a40971792f2a81c1c0e19f?s=96&d=mm&r=g\",\"caption\":\"S\u00edlvia de Mendon\u00e7a\"},\"description\":\"Formada em jornalismo e produ\u00e7\u00e3o cultural, S\u00edlvia de Mendon\u00e7a tamb\u00e9m \u00e9 atriz e ativista do Movimento Negro Unificado (MNU). Tamb\u00e9m tem presen\u00e7a nas lutas contra intoler\u00e2ncia religiosa, juventude negra e direitos humanos.\",\"url\":\"https:\\\/\\\/lurdinha.org\\\/site\\\/author\\\/silvia\\\/\"}]}<\/script>\n<!-- \/ Yoast SEO plugin. -->","yoast_head_json":{"title":"Carlos Muttalla - Por que voc\u00ea nos deixou? - Lurdinha - Duque de Caxias para Est\u00f4magos Fortes","robots":{"index":"index","follow":"follow","max-snippet":"max-snippet:-1","max-image-preview":"max-image-preview:large","max-video-preview":"max-video-preview:-1"},"canonical":"https:\/\/lurdinha.org\/site\/carlos-muttalla-por-que-voce-nos-deixou\/","og_locale":"pt_BR","og_type":"article","og_title":"Carlos Muttalla - Por que voc\u00ea nos deixou? - Lurdinha - Duque de Caxias para Est\u00f4magos Fortes","og_description":"Por que voc\u00ea nos deixou? A pergunta que n\u00e3o quer se calar. Hoje \u00e9 um...","og_url":"https:\/\/lurdinha.org\/site\/carlos-muttalla-por-que-voce-nos-deixou\/","og_site_name":"Lurdinha - Duque de Caxias para Est\u00f4magos Fortes","article_publisher":"https:\/\/www.facebook.com\/LurdinhadeCaxias","article_published_time":"2021-02-28T19:04:48+00:00","article_modified_time":"2021-03-01T02:12:25+00:00","og_image":[{"width":1024,"height":683,"url":"https:\/\/lurdinha.org\/site\/wp-content\/uploads\/muttalla.jpg","type":"image\/jpeg"}],"author":"S\u00edlvia de Mendon\u00e7a","twitter_card":"summary_large_image","twitter_misc":{"Escrito por":"S\u00edlvia de Mendon\u00e7a","Est. tempo de leitura":"3 minutos"},"schema":{"@context":"https:\/\/schema.org","@graph":[{"@type":"Article","@id":"https:\/\/lurdinha.org\/site\/carlos-muttalla-por-que-voce-nos-deixou\/#article","isPartOf":{"@id":"https:\/\/lurdinha.org\/site\/carlos-muttalla-por-que-voce-nos-deixou\/"},"author":{"name":"S\u00edlvia de Mendon\u00e7a","@id":"https:\/\/lurdinha.org\/site\/#\/schema\/person\/b96b167df9de3d0730955ed07839768b"},"headline":"Carlos Muttalla &#8211; Por que voc\u00ea nos deixou?","datePublished":"2021-02-28T19:04:48+00:00","dateModified":"2021-03-01T02:12:25+00:00","mainEntityOfPage":{"@id":"https:\/\/lurdinha.org\/site\/carlos-muttalla-por-que-voce-nos-deixou\/"},"wordCount":458,"commentCount":0,"publisher":{"@id":"https:\/\/lurdinha.org\/site\/#organization"},"image":{"@id":"https:\/\/lurdinha.org\/site\/carlos-muttalla-por-que-voce-nos-deixou\/#primaryimage"},"thumbnailUrl":"https:\/\/lurdinha.org\/site\/wp-content\/uploads\/muttalla.jpg","keywords":["carlos muttalla","Cultura Caxias","dan\u00e7a"],"articleSection":["gente","hist\u00f3ria"],"inLanguage":"pt-BR","potentialAction":[{"@type":"CommentAction","name":"Comment","target":["https:\/\/lurdinha.org\/site\/carlos-muttalla-por-que-voce-nos-deixou\/#respond"]}]},{"@type":"WebPage","@id":"https:\/\/lurdinha.org\/site\/carlos-muttalla-por-que-voce-nos-deixou\/","url":"https:\/\/lurdinha.org\/site\/carlos-muttalla-por-que-voce-nos-deixou\/","name":"Carlos Muttalla - Por que voc\u00ea nos deixou? - Lurdinha - Duque de Caxias para Est\u00f4magos Fortes","isPartOf":{"@id":"https:\/\/lurdinha.org\/site\/#website"},"primaryImageOfPage":{"@id":"https:\/\/lurdinha.org\/site\/carlos-muttalla-por-que-voce-nos-deixou\/#primaryimage"},"image":{"@id":"https:\/\/lurdinha.org\/site\/carlos-muttalla-por-que-voce-nos-deixou\/#primaryimage"},"thumbnailUrl":"https:\/\/lurdinha.org\/site\/wp-content\/uploads\/muttalla.jpg","datePublished":"2021-02-28T19:04:48+00:00","dateModified":"2021-03-01T02:12:25+00:00","breadcrumb":{"@id":"https:\/\/lurdinha.org\/site\/carlos-muttalla-por-que-voce-nos-deixou\/#breadcrumb"},"inLanguage":"pt-BR","potentialAction":[{"@type":"ReadAction","target":["https:\/\/lurdinha.org\/site\/carlos-muttalla-por-que-voce-nos-deixou\/"]}]},{"@type":"ImageObject","inLanguage":"pt-BR","@id":"https:\/\/lurdinha.org\/site\/carlos-muttalla-por-que-voce-nos-deixou\/#primaryimage","url":"https:\/\/lurdinha.org\/site\/wp-content\/uploads\/muttalla.jpg","contentUrl":"https:\/\/lurdinha.org\/site\/wp-content\/uploads\/muttalla.jpg","width":1024,"height":683},{"@type":"BreadcrumbList","@id":"https:\/\/lurdinha.org\/site\/carlos-muttalla-por-que-voce-nos-deixou\/#breadcrumb","itemListElement":[{"@type":"ListItem","position":1,"name":"In\u00edcio","item":"https:\/\/lurdinha.org\/site\/"},{"@type":"ListItem","position":2,"name":"Carlos Muttalla &#8211; Por que voc\u00ea nos deixou?"}]},{"@type":"WebSite","@id":"https:\/\/lurdinha.org\/site\/#website","url":"https:\/\/lurdinha.org\/site\/","name":"Lurdinha - Duque de Caxias para Est\u00f4magos Fortes","description":"Site sobre Arte, Cultura, Pol\u00edtica, Sociedade e curiosidades da cidade de Duque de Caxias, RJ","publisher":{"@id":"https:\/\/lurdinha.org\/site\/#organization"},"alternateName":"Lurdinha","potentialAction":[{"@type":"SearchAction","target":{"@type":"EntryPoint","urlTemplate":"https:\/\/lurdinha.org\/site\/?s={search_term_string}"},"query-input":{"@type":"PropertyValueSpecification","valueRequired":true,"valueName":"search_term_string"}}],"inLanguage":"pt-BR"},{"@type":"Organization","@id":"https:\/\/lurdinha.org\/site\/#organization","name":"Lurdinha de Caxias","url":"https:\/\/lurdinha.org\/site\/","logo":{"@type":"ImageObject","inLanguage":"pt-BR","@id":"https:\/\/lurdinha.org\/site\/#\/schema\/logo\/image\/","url":"https:\/\/lurdinha.org\/site\/wp-content\/uploads\/logo-lurdinha.jpg","contentUrl":"https:\/\/lurdinha.org\/site\/wp-content\/uploads\/logo-lurdinha.jpg","width":640,"height":60,"caption":"Lurdinha de Caxias"},"image":{"@id":"https:\/\/lurdinha.org\/site\/#\/schema\/logo\/image\/"},"sameAs":["https:\/\/www.facebook.com\/LurdinhadeCaxias","https:\/\/www.instagram.com\/lurdinhadecaxias"]},{"@type":"Person","@id":"https:\/\/lurdinha.org\/site\/#\/schema\/person\/b96b167df9de3d0730955ed07839768b","name":"S\u00edlvia de Mendon\u00e7a","image":{"@type":"ImageObject","inLanguage":"pt-BR","@id":"https:\/\/secure.gravatar.com\/avatar\/fffbf622b9949890c0b8be45889258aed34024e701a40971792f2a81c1c0e19f?s=96&d=mm&r=g","url":"https:\/\/secure.gravatar.com\/avatar\/fffbf622b9949890c0b8be45889258aed34024e701a40971792f2a81c1c0e19f?s=96&d=mm&r=g","contentUrl":"https:\/\/secure.gravatar.com\/avatar\/fffbf622b9949890c0b8be45889258aed34024e701a40971792f2a81c1c0e19f?s=96&d=mm&r=g","caption":"S\u00edlvia de Mendon\u00e7a"},"description":"Formada em jornalismo e produ\u00e7\u00e3o cultural, S\u00edlvia de Mendon\u00e7a tamb\u00e9m \u00e9 atriz e ativista do Movimento Negro Unificado (MNU). Tamb\u00e9m tem presen\u00e7a nas lutas contra intoler\u00e2ncia religiosa, juventude negra e direitos humanos.","url":"https:\/\/lurdinha.org\/site\/author\/silvia\/"}]}},"views":1502,"_links":{"self":[{"href":"https:\/\/lurdinha.org\/site\/wp-json\/wp\/v2\/posts\/9641","targetHints":{"allow":["GET"]}}],"collection":[{"href":"https:\/\/lurdinha.org\/site\/wp-json\/wp\/v2\/posts"}],"about":[{"href":"https:\/\/lurdinha.org\/site\/wp-json\/wp\/v2\/types\/post"}],"author":[{"embeddable":true,"href":"https:\/\/lurdinha.org\/site\/wp-json\/wp\/v2\/users\/72"}],"replies":[{"embeddable":true,"href":"https:\/\/lurdinha.org\/site\/wp-json\/wp\/v2\/comments?post=9641"}],"version-history":[{"count":1,"href":"https:\/\/lurdinha.org\/site\/wp-json\/wp\/v2\/posts\/9641\/revisions"}],"predecessor-version":[{"id":9647,"href":"https:\/\/lurdinha.org\/site\/wp-json\/wp\/v2\/posts\/9641\/revisions\/9647"}],"wp:featuredmedia":[{"embeddable":true,"href":"https:\/\/lurdinha.org\/site\/wp-json\/wp\/v2\/media\/9645"}],"wp:attachment":[{"href":"https:\/\/lurdinha.org\/site\/wp-json\/wp\/v2\/media?parent=9641"}],"wp:term":[{"taxonomy":"category","embeddable":true,"href":"https:\/\/lurdinha.org\/site\/wp-json\/wp\/v2\/categories?post=9641"},{"taxonomy":"post_tag","embeddable":true,"href":"https:\/\/lurdinha.org\/site\/wp-json\/wp\/v2\/tags?post=9641"}],"curies":[{"name":"wp","href":"https:\/\/api.w.org\/{rel}","templated":true}]}}