{"id":9598,"date":"2021-01-30T00:35:30","date_gmt":"2021-01-30T00:35:30","guid":{"rendered":"https:\/\/lurdinha.org\/site\/?p=9598"},"modified":"2021-02-01T03:43:52","modified_gmt":"2021-02-01T03:43:52","slug":"grupo-afrocultural-ojuoba-axe-recebe-rei-de-ibadan-da-nigeria-em-sua-sede","status":"publish","type":"post","link":"https:\/\/lurdinha.org\/site\/grupo-afrocultural-ojuoba-axe-recebe-rei-de-ibadan-da-nigeria-em-sua-sede\/","title":{"rendered":"Grupo Afrocultural Ojuob\u00e1 Ax\u00e9 recebe Rei de Ibadan, da Nig\u00e9ria, em sua sede"},"content":{"rendered":"<p><iframe loading=\"lazy\" title=\"A Institui\u00e7\u00e3o Afro Cultural Ojub\u00e1 Ax\u00e9, recebeu Rei de Ibadan na Nig\u00e9ria em seu espa\u00e7o cultural.\" width=\"640\" height=\"360\" src=\"https:\/\/www.youtube.com\/embed\/MLiFWrnWOEM?feature=oembed\" frameborder=\"0\" allow=\"accelerometer; autoplay; clipboard-write; encrypted-media; gyroscope; picture-in-picture; web-share\" referrerpolicy=\"strict-origin-when-cross-origin\" allowfullscreen><\/iframe><\/p>\n<p><span style=\"font-size: large;\">Uma Comitiva Africana da Nig\u00e9ria e autoridades religiosas culturais estiveram nesta sexta-feira na sede do <strong>Grupo Afro Cultural Ojub\u00e1 Ax\u00e9, <\/strong>no Centen\u00e1rio.<\/span><\/p>\n<p><span style=\"font-size: large;\">Em destaque, as presen\u00e7as de Kabiesi Sangokunle Awurela, da cidade de Oyo, Rei da Cultura Tradi\u00e7\u00f5es e Religi\u00f5es da \u00c1frica, Oje Braga (Onikoi Tavares Braga), Iyalode Ojewunmi Ros\u00e2ngela D&#8221;Yewa, Embaixadora Cultural reconhecida pela Embaixada da Nig\u00e9ria e Comendadora do munic\u00edpio do Rio de Janeiro, membros do COMDEDINEPIR (Conselho Municipal de Defesa dos Direitos do Negro e Promo\u00e7\u00e3o da Igualdade Racial e \u00c9tnica de Duque de Caxias), al\u00e9m de institui\u00e7\u00f5es voltadas para cultura negra e combate a intoler\u00e2ncia religiosa. <\/span><\/p>\n<p><span style=\"font-size: large;\">O<\/span> <strong><span style=\"font-size: large;\">Ojuob\u00e1 Ax\u00e9 <\/span><\/strong><span style=\"font-size: large;\">foi fundado em 1985 e cada vez mais se confirma com uma das grandes refer\u00eancias do pa\u00eds em mat\u00e9ria de valoriza\u00e7\u00e3o da cultura afro.<\/span><\/p>\n<p><span style=\"font-size: large;\">O evento foi restrito a poucos convidados, por conta da necessidade de distanciamento e cuidados sanit\u00e1rios.<\/span><\/p>\n<p><span style=\"font-size: large;\">Aproveitamos para deixar um salve pra parceira Luana Guimar\u00e3es, diretora da institui\u00e7\u00e3o e grande batalha da Cultura em nossa cidade.<\/span><\/p>\n<p>As imagens s\u00e3o de Luciana Andreia, do <a href=\"http:\/\/empoderasamba.com.br\" target=\"_blank\" rel=\"noopener\"><strong>Projeto Site Empoderasamba<\/strong><\/a>.<\/p>\n","protected":false},"excerpt":{"rendered":"<p>Uma Comitiva Africana da Nig\u00e9ria e autoridades religiosas culturais estiveram nesta sexta-feira na sede do&#8230;<\/p>\n","protected":false},"author":2,"featured_media":9601,"comment_status":"open","ping_status":"closed","sticky":false,"template":"","format":"standard","meta":{"footnotes":""},"categories":[8,14,5],"tags":[1224,210,832,1223,11,1225,830],"class_list":["post-9598","post","type-post","status-publish","format-standard","has-post-thumbnail","hentry","category-evento","category-gente","category-umaboa","tag-brasil-nigeria","tag-cultura","tag-cultura-afro","tag-cultura-negra","tag-duque-de-caxias","tag-luana-guimarares","tag-ojuoba-axe"],"yoast_head":"<!-- This site is optimized with the Yoast SEO plugin v27.3 - https:\/\/yoast.com\/product\/yoast-seo-wordpress\/ -->\n<title>Grupo Afrocultural Ojuob\u00e1 Ax\u00e9 recebe Rei de Ibadan, da Nig\u00e9ria, em sua sede - Lurdinha - Duque de Caxias para Est\u00f4magos Fortes<\/title>\n<meta name=\"robots\" content=\"index, follow, max-snippet:-1, max-image-preview:large, max-video-preview:-1\" \/>\n<link rel=\"canonical\" href=\"https:\/\/lurdinha.org\/site\/grupo-afrocultural-ojuoba-axe-recebe-rei-de-ibadan-da-nigeria-em-sua-sede\/\" \/>\n<meta property=\"og:locale\" content=\"pt_BR\" \/>\n<meta property=\"og:type\" content=\"article\" \/>\n<meta property=\"og:title\" content=\"Grupo Afrocultural Ojuob\u00e1 Ax\u00e9 recebe Rei de Ibadan, da Nig\u00e9ria, em sua sede - Lurdinha - Duque de Caxias para Est\u00f4magos Fortes\" \/>\n<meta property=\"og:description\" content=\"Uma Comitiva Africana da Nig\u00e9ria e autoridades religiosas culturais estiveram nesta sexta-feira na sede do...\" \/>\n<meta property=\"og:url\" content=\"https:\/\/lurdinha.org\/site\/grupo-afrocultural-ojuoba-axe-recebe-rei-de-ibadan-da-nigeria-em-sua-sede\/\" \/>\n<meta property=\"og:site_name\" content=\"Lurdinha - Duque de Caxias para Est\u00f4magos Fortes\" \/>\n<meta property=\"article:publisher\" content=\"https:\/\/www.facebook.com\/LurdinhadeCaxias\" \/>\n<meta property=\"article:author\" content=\"botocudo\" \/>\n<meta property=\"article:published_time\" content=\"2021-01-30T00:35:30+00:00\" \/>\n<meta property=\"article:modified_time\" content=\"2021-02-01T03:43:52+00:00\" \/>\n<meta property=\"og:image\" content=\"https:\/\/lurdinha.org\/site\/wp-content\/uploads\/ojuobaaxe2.jpg\" \/>\n\t<meta property=\"og:image:width\" content=\"960\" \/>\n\t<meta property=\"og:image:height\" content=\"720\" \/>\n\t<meta property=\"og:image:type\" content=\"image\/jpeg\" \/>\n<meta name=\"author\" content=\"heraldo hb\" \/>\n<meta name=\"twitter:card\" content=\"summary_large_image\" \/>\n<meta name=\"twitter:label1\" content=\"Escrito por\" \/>\n\t<meta name=\"twitter:data1\" content=\"heraldo hb\" \/>\n\t<meta name=\"twitter:label2\" content=\"Est. tempo de leitura\" \/>\n\t<meta name=\"twitter:data2\" content=\"1 minuto\" \/>\n<script type=\"application\/ld+json\" class=\"yoast-schema-graph\">{\"@context\":\"https:\\\/\\\/schema.org\",\"@graph\":[{\"@type\":\"Article\",\"@id\":\"https:\\\/\\\/lurdinha.org\\\/site\\\/grupo-afrocultural-ojuoba-axe-recebe-rei-de-ibadan-da-nigeria-em-sua-sede\\\/#article\",\"isPartOf\":{\"@id\":\"https:\\\/\\\/lurdinha.org\\\/site\\\/grupo-afrocultural-ojuoba-axe-recebe-rei-de-ibadan-da-nigeria-em-sua-sede\\\/\"},\"author\":{\"name\":\"heraldo hb\",\"@id\":\"https:\\\/\\\/lurdinha.org\\\/site\\\/#\\\/schema\\\/person\\\/b833bb6a7f82598bf0e95e4c30874251\"},\"headline\":\"Grupo Afrocultural Ojuob\u00e1 Ax\u00e9 recebe Rei de Ibadan, da Nig\u00e9ria, em sua sede\",\"datePublished\":\"2021-01-30T00:35:30+00:00\",\"dateModified\":\"2021-02-01T03:43:52+00:00\",\"mainEntityOfPage\":{\"@id\":\"https:\\\/\\\/lurdinha.org\\\/site\\\/grupo-afrocultural-ojuoba-axe-recebe-rei-de-ibadan-da-nigeria-em-sua-sede\\\/\"},\"wordCount\":214,\"commentCount\":0,\"publisher\":{\"@id\":\"https:\\\/\\\/lurdinha.org\\\/site\\\/#organization\"},\"image\":{\"@id\":\"https:\\\/\\\/lurdinha.org\\\/site\\\/grupo-afrocultural-ojuoba-axe-recebe-rei-de-ibadan-da-nigeria-em-sua-sede\\\/#primaryimage\"},\"thumbnailUrl\":\"https:\\\/\\\/lurdinha.org\\\/site\\\/wp-content\\\/uploads\\\/ojuobaaxe2.jpg\",\"keywords\":[\"brasil-nigeria\",\"cultura\",\"cultura afro\",\"cultura negra\",\"duque-de-caxias\",\"luana guimarares\",\"ojuob\u00e1 ax\u00e9\"],\"articleSection\":[\"evento\",\"gente\",\"uma boa\"],\"inLanguage\":\"pt-BR\",\"potentialAction\":[{\"@type\":\"CommentAction\",\"name\":\"Comment\",\"target\":[\"https:\\\/\\\/lurdinha.org\\\/site\\\/grupo-afrocultural-ojuoba-axe-recebe-rei-de-ibadan-da-nigeria-em-sua-sede\\\/#respond\"]}]},{\"@type\":\"WebPage\",\"@id\":\"https:\\\/\\\/lurdinha.org\\\/site\\\/grupo-afrocultural-ojuoba-axe-recebe-rei-de-ibadan-da-nigeria-em-sua-sede\\\/\",\"url\":\"https:\\\/\\\/lurdinha.org\\\/site\\\/grupo-afrocultural-ojuoba-axe-recebe-rei-de-ibadan-da-nigeria-em-sua-sede\\\/\",\"name\":\"Grupo Afrocultural Ojuob\u00e1 Ax\u00e9 recebe Rei de Ibadan, da Nig\u00e9ria, em sua sede - Lurdinha - Duque de Caxias para Est\u00f4magos Fortes\",\"isPartOf\":{\"@id\":\"https:\\\/\\\/lurdinha.org\\\/site\\\/#website\"},\"primaryImageOfPage\":{\"@id\":\"https:\\\/\\\/lurdinha.org\\\/site\\\/grupo-afrocultural-ojuoba-axe-recebe-rei-de-ibadan-da-nigeria-em-sua-sede\\\/#primaryimage\"},\"image\":{\"@id\":\"https:\\\/\\\/lurdinha.org\\\/site\\\/grupo-afrocultural-ojuoba-axe-recebe-rei-de-ibadan-da-nigeria-em-sua-sede\\\/#primaryimage\"},\"thumbnailUrl\":\"https:\\\/\\\/lurdinha.org\\\/site\\\/wp-content\\\/uploads\\\/ojuobaaxe2.jpg\",\"datePublished\":\"2021-01-30T00:35:30+00:00\",\"dateModified\":\"2021-02-01T03:43:52+00:00\",\"breadcrumb\":{\"@id\":\"https:\\\/\\\/lurdinha.org\\\/site\\\/grupo-afrocultural-ojuoba-axe-recebe-rei-de-ibadan-da-nigeria-em-sua-sede\\\/#breadcrumb\"},\"inLanguage\":\"pt-BR\",\"potentialAction\":[{\"@type\":\"ReadAction\",\"target\":[\"https:\\\/\\\/lurdinha.org\\\/site\\\/grupo-afrocultural-ojuoba-axe-recebe-rei-de-ibadan-da-nigeria-em-sua-sede\\\/\"]}]},{\"@type\":\"ImageObject\",\"inLanguage\":\"pt-BR\",\"@id\":\"https:\\\/\\\/lurdinha.org\\\/site\\\/grupo-afrocultural-ojuoba-axe-recebe-rei-de-ibadan-da-nigeria-em-sua-sede\\\/#primaryimage\",\"url\":\"https:\\\/\\\/lurdinha.org\\\/site\\\/wp-content\\\/uploads\\\/ojuobaaxe2.jpg\",\"contentUrl\":\"https:\\\/\\\/lurdinha.org\\\/site\\\/wp-content\\\/uploads\\\/ojuobaaxe2.jpg\",\"width\":960,\"height\":720},{\"@type\":\"BreadcrumbList\",\"@id\":\"https:\\\/\\\/lurdinha.org\\\/site\\\/grupo-afrocultural-ojuoba-axe-recebe-rei-de-ibadan-da-nigeria-em-sua-sede\\\/#breadcrumb\",\"itemListElement\":[{\"@type\":\"ListItem\",\"position\":1,\"name\":\"In\u00edcio\",\"item\":\"https:\\\/\\\/lurdinha.org\\\/site\\\/\"},{\"@type\":\"ListItem\",\"position\":2,\"name\":\"Grupo Afrocultural Ojuob\u00e1 Ax\u00e9 recebe Rei de Ibadan, da Nig\u00e9ria, em sua sede\"}]},{\"@type\":\"WebSite\",\"@id\":\"https:\\\/\\\/lurdinha.org\\\/site\\\/#website\",\"url\":\"https:\\\/\\\/lurdinha.org\\\/site\\\/\",\"name\":\"Lurdinha - Duque de Caxias para Est\u00f4magos Fortes\",\"description\":\"Site sobre Arte, Cultura, Pol\u00edtica, Sociedade e curiosidades da cidade de Duque de Caxias, RJ\",\"publisher\":{\"@id\":\"https:\\\/\\\/lurdinha.org\\\/site\\\/#organization\"},\"alternateName\":\"Lurdinha\",\"potentialAction\":[{\"@type\":\"SearchAction\",\"target\":{\"@type\":\"EntryPoint\",\"urlTemplate\":\"https:\\\/\\\/lurdinha.org\\\/site\\\/?s={search_term_string}\"},\"query-input\":{\"@type\":\"PropertyValueSpecification\",\"valueRequired\":true,\"valueName\":\"search_term_string\"}}],\"inLanguage\":\"pt-BR\"},{\"@type\":\"Organization\",\"@id\":\"https:\\\/\\\/lurdinha.org\\\/site\\\/#organization\",\"name\":\"Lurdinha de Caxias\",\"url\":\"https:\\\/\\\/lurdinha.org\\\/site\\\/\",\"logo\":{\"@type\":\"ImageObject\",\"inLanguage\":\"pt-BR\",\"@id\":\"https:\\\/\\\/lurdinha.org\\\/site\\\/#\\\/schema\\\/logo\\\/image\\\/\",\"url\":\"https:\\\/\\\/lurdinha.org\\\/site\\\/wp-content\\\/uploads\\\/logo-lurdinha.jpg\",\"contentUrl\":\"https:\\\/\\\/lurdinha.org\\\/site\\\/wp-content\\\/uploads\\\/logo-lurdinha.jpg\",\"width\":640,\"height\":60,\"caption\":\"Lurdinha de Caxias\"},\"image\":{\"@id\":\"https:\\\/\\\/lurdinha.org\\\/site\\\/#\\\/schema\\\/logo\\\/image\\\/\"},\"sameAs\":[\"https:\\\/\\\/www.facebook.com\\\/LurdinhadeCaxias\",\"https:\\\/\\\/www.instagram.com\\\/lurdinhadecaxias\"]},{\"@type\":\"Person\",\"@id\":\"https:\\\/\\\/lurdinha.org\\\/site\\\/#\\\/schema\\\/person\\\/b833bb6a7f82598bf0e95e4c30874251\",\"name\":\"heraldo hb\",\"image\":{\"@type\":\"ImageObject\",\"inLanguage\":\"pt-BR\",\"@id\":\"https:\\\/\\\/secure.gravatar.com\\\/avatar\\\/5de9fe99c72cb6885bbdaa24b1c5738b0f673d265de18720fae7463d5f47b48d?s=96&d=mm&r=g\",\"url\":\"https:\\\/\\\/secure.gravatar.com\\\/avatar\\\/5de9fe99c72cb6885bbdaa24b1c5738b0f673d265de18720fae7463d5f47b48d?s=96&d=mm&r=g\",\"contentUrl\":\"https:\\\/\\\/secure.gravatar.com\\\/avatar\\\/5de9fe99c72cb6885bbdaa24b1c5738b0f673d265de18720fae7463d5f47b48d?s=96&d=mm&r=g\",\"caption\":\"heraldo hb\"},\"description\":\"Cineasta, animador cultural, escritor e educador nascido no s\u00e9culo XX\",\"sameAs\":[\"http:\\\/\\\/wwww.relinkare.org\",\"botocudo\",\"heraldohb\",\"relinkare\"],\"url\":\"https:\\\/\\\/lurdinha.org\\\/site\\\/author\\\/heraldohb\\\/\"}]}<\/script>\n<!-- \/ Yoast SEO plugin. -->","yoast_head_json":{"title":"Grupo Afrocultural Ojuob\u00e1 Ax\u00e9 recebe Rei de Ibadan, da Nig\u00e9ria, em sua sede - Lurdinha - Duque de Caxias para Est\u00f4magos Fortes","robots":{"index":"index","follow":"follow","max-snippet":"max-snippet:-1","max-image-preview":"max-image-preview:large","max-video-preview":"max-video-preview:-1"},"canonical":"https:\/\/lurdinha.org\/site\/grupo-afrocultural-ojuoba-axe-recebe-rei-de-ibadan-da-nigeria-em-sua-sede\/","og_locale":"pt_BR","og_type":"article","og_title":"Grupo Afrocultural Ojuob\u00e1 Ax\u00e9 recebe Rei de Ibadan, da Nig\u00e9ria, em sua sede - Lurdinha - Duque de Caxias para Est\u00f4magos Fortes","og_description":"Uma Comitiva Africana da Nig\u00e9ria e autoridades religiosas culturais estiveram nesta sexta-feira na sede do...","og_url":"https:\/\/lurdinha.org\/site\/grupo-afrocultural-ojuoba-axe-recebe-rei-de-ibadan-da-nigeria-em-sua-sede\/","og_site_name":"Lurdinha - Duque de Caxias para Est\u00f4magos Fortes","article_publisher":"https:\/\/www.facebook.com\/LurdinhadeCaxias","article_author":"botocudo","article_published_time":"2021-01-30T00:35:30+00:00","article_modified_time":"2021-02-01T03:43:52+00:00","og_image":[{"width":960,"height":720,"url":"https:\/\/lurdinha.org\/site\/wp-content\/uploads\/ojuobaaxe2.jpg","type":"image\/jpeg"}],"author":"heraldo hb","twitter_card":"summary_large_image","twitter_misc":{"Escrito por":"heraldo hb","Est. tempo de leitura":"1 minuto"},"schema":{"@context":"https:\/\/schema.org","@graph":[{"@type":"Article","@id":"https:\/\/lurdinha.org\/site\/grupo-afrocultural-ojuoba-axe-recebe-rei-de-ibadan-da-nigeria-em-sua-sede\/#article","isPartOf":{"@id":"https:\/\/lurdinha.org\/site\/grupo-afrocultural-ojuoba-axe-recebe-rei-de-ibadan-da-nigeria-em-sua-sede\/"},"author":{"name":"heraldo hb","@id":"https:\/\/lurdinha.org\/site\/#\/schema\/person\/b833bb6a7f82598bf0e95e4c30874251"},"headline":"Grupo Afrocultural Ojuob\u00e1 Ax\u00e9 recebe Rei de Ibadan, da Nig\u00e9ria, em sua sede","datePublished":"2021-01-30T00:35:30+00:00","dateModified":"2021-02-01T03:43:52+00:00","mainEntityOfPage":{"@id":"https:\/\/lurdinha.org\/site\/grupo-afrocultural-ojuoba-axe-recebe-rei-de-ibadan-da-nigeria-em-sua-sede\/"},"wordCount":214,"commentCount":0,"publisher":{"@id":"https:\/\/lurdinha.org\/site\/#organization"},"image":{"@id":"https:\/\/lurdinha.org\/site\/grupo-afrocultural-ojuoba-axe-recebe-rei-de-ibadan-da-nigeria-em-sua-sede\/#primaryimage"},"thumbnailUrl":"https:\/\/lurdinha.org\/site\/wp-content\/uploads\/ojuobaaxe2.jpg","keywords":["brasil-nigeria","cultura","cultura afro","cultura negra","duque-de-caxias","luana guimarares","ojuob\u00e1 ax\u00e9"],"articleSection":["evento","gente","uma boa"],"inLanguage":"pt-BR","potentialAction":[{"@type":"CommentAction","name":"Comment","target":["https:\/\/lurdinha.org\/site\/grupo-afrocultural-ojuoba-axe-recebe-rei-de-ibadan-da-nigeria-em-sua-sede\/#respond"]}]},{"@type":"WebPage","@id":"https:\/\/lurdinha.org\/site\/grupo-afrocultural-ojuoba-axe-recebe-rei-de-ibadan-da-nigeria-em-sua-sede\/","url":"https:\/\/lurdinha.org\/site\/grupo-afrocultural-ojuoba-axe-recebe-rei-de-ibadan-da-nigeria-em-sua-sede\/","name":"Grupo Afrocultural Ojuob\u00e1 Ax\u00e9 recebe Rei de Ibadan, da Nig\u00e9ria, em sua sede - Lurdinha - Duque de Caxias para Est\u00f4magos Fortes","isPartOf":{"@id":"https:\/\/lurdinha.org\/site\/#website"},"primaryImageOfPage":{"@id":"https:\/\/lurdinha.org\/site\/grupo-afrocultural-ojuoba-axe-recebe-rei-de-ibadan-da-nigeria-em-sua-sede\/#primaryimage"},"image":{"@id":"https:\/\/lurdinha.org\/site\/grupo-afrocultural-ojuoba-axe-recebe-rei-de-ibadan-da-nigeria-em-sua-sede\/#primaryimage"},"thumbnailUrl":"https:\/\/lurdinha.org\/site\/wp-content\/uploads\/ojuobaaxe2.jpg","datePublished":"2021-01-30T00:35:30+00:00","dateModified":"2021-02-01T03:43:52+00:00","breadcrumb":{"@id":"https:\/\/lurdinha.org\/site\/grupo-afrocultural-ojuoba-axe-recebe-rei-de-ibadan-da-nigeria-em-sua-sede\/#breadcrumb"},"inLanguage":"pt-BR","potentialAction":[{"@type":"ReadAction","target":["https:\/\/lurdinha.org\/site\/grupo-afrocultural-ojuoba-axe-recebe-rei-de-ibadan-da-nigeria-em-sua-sede\/"]}]},{"@type":"ImageObject","inLanguage":"pt-BR","@id":"https:\/\/lurdinha.org\/site\/grupo-afrocultural-ojuoba-axe-recebe-rei-de-ibadan-da-nigeria-em-sua-sede\/#primaryimage","url":"https:\/\/lurdinha.org\/site\/wp-content\/uploads\/ojuobaaxe2.jpg","contentUrl":"https:\/\/lurdinha.org\/site\/wp-content\/uploads\/ojuobaaxe2.jpg","width":960,"height":720},{"@type":"BreadcrumbList","@id":"https:\/\/lurdinha.org\/site\/grupo-afrocultural-ojuoba-axe-recebe-rei-de-ibadan-da-nigeria-em-sua-sede\/#breadcrumb","itemListElement":[{"@type":"ListItem","position":1,"name":"In\u00edcio","item":"https:\/\/lurdinha.org\/site\/"},{"@type":"ListItem","position":2,"name":"Grupo Afrocultural Ojuob\u00e1 Ax\u00e9 recebe Rei de Ibadan, da Nig\u00e9ria, em sua sede"}]},{"@type":"WebSite","@id":"https:\/\/lurdinha.org\/site\/#website","url":"https:\/\/lurdinha.org\/site\/","name":"Lurdinha - Duque de Caxias para Est\u00f4magos Fortes","description":"Site sobre Arte, Cultura, Pol\u00edtica, Sociedade e curiosidades da cidade de Duque de Caxias, RJ","publisher":{"@id":"https:\/\/lurdinha.org\/site\/#organization"},"alternateName":"Lurdinha","potentialAction":[{"@type":"SearchAction","target":{"@type":"EntryPoint","urlTemplate":"https:\/\/lurdinha.org\/site\/?s={search_term_string}"},"query-input":{"@type":"PropertyValueSpecification","valueRequired":true,"valueName":"search_term_string"}}],"inLanguage":"pt-BR"},{"@type":"Organization","@id":"https:\/\/lurdinha.org\/site\/#organization","name":"Lurdinha de Caxias","url":"https:\/\/lurdinha.org\/site\/","logo":{"@type":"ImageObject","inLanguage":"pt-BR","@id":"https:\/\/lurdinha.org\/site\/#\/schema\/logo\/image\/","url":"https:\/\/lurdinha.org\/site\/wp-content\/uploads\/logo-lurdinha.jpg","contentUrl":"https:\/\/lurdinha.org\/site\/wp-content\/uploads\/logo-lurdinha.jpg","width":640,"height":60,"caption":"Lurdinha de Caxias"},"image":{"@id":"https:\/\/lurdinha.org\/site\/#\/schema\/logo\/image\/"},"sameAs":["https:\/\/www.facebook.com\/LurdinhadeCaxias","https:\/\/www.instagram.com\/lurdinhadecaxias"]},{"@type":"Person","@id":"https:\/\/lurdinha.org\/site\/#\/schema\/person\/b833bb6a7f82598bf0e95e4c30874251","name":"heraldo hb","image":{"@type":"ImageObject","inLanguage":"pt-BR","@id":"https:\/\/secure.gravatar.com\/avatar\/5de9fe99c72cb6885bbdaa24b1c5738b0f673d265de18720fae7463d5f47b48d?s=96&d=mm&r=g","url":"https:\/\/secure.gravatar.com\/avatar\/5de9fe99c72cb6885bbdaa24b1c5738b0f673d265de18720fae7463d5f47b48d?s=96&d=mm&r=g","contentUrl":"https:\/\/secure.gravatar.com\/avatar\/5de9fe99c72cb6885bbdaa24b1c5738b0f673d265de18720fae7463d5f47b48d?s=96&d=mm&r=g","caption":"heraldo hb"},"description":"Cineasta, animador cultural, escritor e educador nascido no s\u00e9culo XX","sameAs":["http:\/\/wwww.relinkare.org","botocudo","heraldohb","relinkare"],"url":"https:\/\/lurdinha.org\/site\/author\/heraldohb\/"}]}},"views":1902,"_links":{"self":[{"href":"https:\/\/lurdinha.org\/site\/wp-json\/wp\/v2\/posts\/9598","targetHints":{"allow":["GET"]}}],"collection":[{"href":"https:\/\/lurdinha.org\/site\/wp-json\/wp\/v2\/posts"}],"about":[{"href":"https:\/\/lurdinha.org\/site\/wp-json\/wp\/v2\/types\/post"}],"author":[{"embeddable":true,"href":"https:\/\/lurdinha.org\/site\/wp-json\/wp\/v2\/users\/2"}],"replies":[{"embeddable":true,"href":"https:\/\/lurdinha.org\/site\/wp-json\/wp\/v2\/comments?post=9598"}],"version-history":[{"count":1,"href":"https:\/\/lurdinha.org\/site\/wp-json\/wp\/v2\/posts\/9598\/revisions"}],"predecessor-version":[{"id":9600,"href":"https:\/\/lurdinha.org\/site\/wp-json\/wp\/v2\/posts\/9598\/revisions\/9600"}],"wp:featuredmedia":[{"embeddable":true,"href":"https:\/\/lurdinha.org\/site\/wp-json\/wp\/v2\/media\/9601"}],"wp:attachment":[{"href":"https:\/\/lurdinha.org\/site\/wp-json\/wp\/v2\/media?parent=9598"}],"wp:term":[{"taxonomy":"category","embeddable":true,"href":"https:\/\/lurdinha.org\/site\/wp-json\/wp\/v2\/categories?post=9598"},{"taxonomy":"post_tag","embeddable":true,"href":"https:\/\/lurdinha.org\/site\/wp-json\/wp\/v2\/tags?post=9598"}],"curies":[{"name":"wp","href":"https:\/\/api.w.org\/{rel}","templated":true}]}}