{"id":9497,"date":"2020-12-04T23:53:02","date_gmt":"2020-12-04T23:53:02","guid":{"rendered":"https:\/\/lurdinha.org\/site\/?p=9497"},"modified":"2020-12-10T21:26:38","modified_gmt":"2020-12-10T21:26:38","slug":"eparrei-oya","status":"publish","type":"post","link":"https:\/\/lurdinha.org\/site\/eparrei-oya\/","title":{"rendered":"Eparrei Oy\u00e1"},"content":{"rendered":"<p>\u201c\u00caparrei Ians\u00e3, \u00caparrei Bela Oy\u00e1 que seus ventos sempre tragam felicidade e alegria e afaste toda a tristeza de nossas vidas!\u201d<\/p>\n<p><img loading=\"lazy\" decoding=\"async\" class=\"wp-image-9498 aligncenter\" src=\"https:\/\/lurdinha.org\/site\/wp-content\/uploads\/Pagador_Promessas_CN_0092B-201x300.jpg\" alt=\"\" width=\"255\" height=\"380\" srcset=\"https:\/\/lurdinha.org\/site\/wp-content\/uploads\/Pagador_Promessas_CN_0092B-201x300.jpg 201w, https:\/\/lurdinha.org\/site\/wp-content\/uploads\/Pagador_Promessas_CN_0092B.jpg 220w\" sizes=\"auto, (max-width: 255px) 100vw, 255px\" \/><\/p>\n<p>O filme O Pagador de Promessas de Anselmo Duarte, baseado em obra de Dias Gomes, \u00e9 ainda hoje um dos mais importantes da filmografia brasileira e o \u00fanico ganhador da Palma de Ouro no Festival de Cannes. E tamb\u00e9m foi o primeiro filme da Am\u00e9rica do Sul a ser indicado ao Oscar de Melhor filme estrangeiro, na edi\u00e7\u00e3o de 1963.<\/p>\n<p>&nbsp;<\/p>\n<figure id=\"attachment_9501\" aria-describedby=\"caption-attachment-9501\" style=\"width: 287px\" class=\"wp-caption alignright\"><img loading=\"lazy\" decoding=\"async\" class=\"size-medium wp-image-9501\" src=\"https:\/\/lurdinha.org\/site\/wp-content\/uploads\/AnselmoDuarteCannes-287x300.jpeg\" alt=\"\" width=\"287\" height=\"300\" srcset=\"https:\/\/lurdinha.org\/site\/wp-content\/uploads\/AnselmoDuarteCannes-287x300.jpeg 287w, https:\/\/lurdinha.org\/site\/wp-content\/uploads\/AnselmoDuarteCannes.jpeg 335w\" sizes=\"auto, (max-width: 287px) 100vw, 287px\" \/><figcaption id=\"caption-attachment-9501\" class=\"wp-caption-text\">O ator e cineasta brasileiro Anselmo Duarte exibe a Palma de Ouro que ganhou no Festival de Cannes de 1962 com o filme &#8220;O Pagador de Promessas&#8221;.<\/figcaption><\/figure>\n<p>A quest\u00e3o central est\u00e1 ligada a terra e o sofrimento do sertanejo e tem como argumento e tens\u00e3o o poder de Oy\u00e1 em curar um animal e a n\u00e3o aceita\u00e7\u00e3o das tradi\u00e7\u00f5es de matrizes africana.<\/p>\n<p>O personagem principal &#8220;\u00e9 dono de um pequeno peda\u00e7o de terra no interior da Bahia. Seu melhor amigo \u00e9 um burro chamado Nicolau. Quando este adoece, ele n\u00e3o consegue fazer nada para que o animal melhore, ent\u00e3o faz uma promessa a uma M\u00e3e de Santo de Candombl\u00e9: caso o burro se recupere, promete que dividir\u00e1 sua terra igualmente entre os mais pobres e carregar\u00e1 uma cruz, desde sua propriedade at\u00e9 a Igreja de Santa B\u00e1rbara, em Salvador, onde a oferecer\u00e1 ao padre local. Assim que seu burro se recupera, Z\u00e9 d\u00e1 in\u00edcio \u00e0 sua jornada.&#8221;<\/p>\n<p>&nbsp;<\/p>\n<p>Importante lembrar que Oy\u00e1, que recebeu de Xang\u00f3 o belo nome de Ians\u00e3 &#8211; radiante como o entardecer-, n\u00e3o \u00e9 Santa B\u00e1rbara. A for\u00e7a do sincretismo fundiu estas duas mulheres, mas os ventos e raios de Ians\u00e3 n\u00e3o podem ser confundidos com o raio de Santa Barbara. A for\u00e7a de Ians\u00e3 como mulher guerreira, independente e que d\u00e1 seguran\u00e7a S\u00e3o mulheres diferentes que alimentam nossos esp\u00edritos.<\/p>\n<p><img loading=\"lazy\" decoding=\"async\" class=\" wp-image-9500 alignright\" src=\"https:\/\/lurdinha.org\/site\/wp-content\/uploads\/WhatsApp-Image-2020-12-04-at-08.24.56.jpeg\" alt=\"\" width=\"198\" height=\"248\" \/><\/p>\n<p>O Rei admira sua rainha que \u00e9 bela, como os raios que cortam de laranja e vermelho o c\u00e9u do fim do dia.<\/p>\n<p><img loading=\"lazy\" decoding=\"async\" class=\"wp-image-9499 alignleft\" src=\"https:\/\/lurdinha.org\/site\/wp-content\/uploads\/oya.jpg\" alt=\"\" width=\"263\" height=\"328\" \/><\/p>\n","protected":false},"excerpt":{"rendered":"<p>\u201c\u00caparrei Ians\u00e3, \u00caparrei Bela Oy\u00e1 que seus ventos sempre tragam felicidade e alegria e afaste&#8230;<\/p>\n","protected":false},"author":33,"featured_media":9498,"comment_status":"open","ping_status":"closed","sticky":false,"template":"","format":"standard","meta":{"footnotes":""},"categories":[4],"tags":[1205,1203,1206,1202,1201,1204],"class_list":["post-9497","post","type-post","status-publish","format-standard","has-post-thumbnail","hentry","category-opiniao","tag-festivaldecannes-anselmoduarte","tag-filhasdesanto","tag-opagadordepromessas","tag-oya","tag-santabarbara","tag-sincretismo"],"yoast_head":"<!-- This site is optimized with the Yoast SEO plugin v27.5 - https:\/\/yoast.com\/product\/yoast-seo-wordpress\/ -->\n<title>Eparrei Oy\u00e1 - Lurdinha - Duque de Caxias para Est\u00f4magos Fortes<\/title>\n<meta name=\"description\" content=\"Dia de Santa Barbara, Festa de Ians\u00e3, Filhas de Oy\u00e1, @sincretismo, @Orixasdobrasil\" \/>\n<meta name=\"robots\" content=\"index, follow, max-snippet:-1, max-image-preview:large, max-video-preview:-1\" \/>\n<link rel=\"canonical\" href=\"https:\/\/lurdinha.org\/site\/eparrei-oya\/\" \/>\n<meta property=\"og:locale\" content=\"pt_BR\" \/>\n<meta property=\"og:type\" content=\"article\" \/>\n<meta property=\"og:title\" content=\"Eparrei Oy\u00e1 - Lurdinha - Duque de Caxias para Est\u00f4magos Fortes\" \/>\n<meta property=\"og:description\" content=\"Dia de Santa Barbara, Festa de Ians\u00e3, Filhas de Oy\u00e1, @sincretismo, @Orixasdobrasil\" \/>\n<meta property=\"og:url\" content=\"https:\/\/lurdinha.org\/site\/eparrei-oya\/\" \/>\n<meta property=\"og:site_name\" content=\"Lurdinha - Duque de Caxias para Est\u00f4magos Fortes\" \/>\n<meta property=\"article:publisher\" content=\"https:\/\/www.facebook.com\/LurdinhadeCaxias\" \/>\n<meta property=\"article:author\" content=\"prates.eduardo\" \/>\n<meta property=\"article:published_time\" content=\"2020-12-04T23:53:02+00:00\" \/>\n<meta property=\"article:modified_time\" content=\"2020-12-10T21:26:38+00:00\" \/>\n<meta property=\"og:image\" content=\"https:\/\/lurdinha.org\/site\/wp-content\/uploads\/Pagador_Promessas_CN_0092B.jpg\" \/>\n\t<meta property=\"og:image:width\" content=\"220\" \/>\n\t<meta property=\"og:image:height\" content=\"329\" \/>\n\t<meta property=\"og:image:type\" content=\"image\/jpeg\" \/>\n<meta name=\"author\" content=\"Eduardo Prates\" \/>\n<meta name=\"twitter:card\" content=\"summary_large_image\" \/>\n<meta name=\"twitter:creator\" content=\"@prateseduardo\" \/>\n<meta name=\"twitter:label1\" content=\"Escrito por\" \/>\n\t<meta name=\"twitter:data1\" content=\"Eduardo Prates\" \/>\n\t<meta name=\"twitter:label2\" content=\"Est. tempo de leitura\" \/>\n\t<meta name=\"twitter:data2\" content=\"2 minutos\" \/>\n<script type=\"application\/ld+json\" class=\"yoast-schema-graph\">{\"@context\":\"https:\\\/\\\/schema.org\",\"@graph\":[{\"@type\":\"Article\",\"@id\":\"https:\\\/\\\/lurdinha.org\\\/site\\\/eparrei-oya\\\/#article\",\"isPartOf\":{\"@id\":\"https:\\\/\\\/lurdinha.org\\\/site\\\/eparrei-oya\\\/\"},\"author\":{\"name\":\"Eduardo Prates\",\"@id\":\"https:\\\/\\\/lurdinha.org\\\/site\\\/#\\\/schema\\\/person\\\/6edbe3070561baacf2ff92a210f3c70e\"},\"headline\":\"Eparrei Oy\u00e1\",\"datePublished\":\"2020-12-04T23:53:02+00:00\",\"dateModified\":\"2020-12-10T21:26:38+00:00\",\"mainEntityOfPage\":{\"@id\":\"https:\\\/\\\/lurdinha.org\\\/site\\\/eparrei-oya\\\/\"},\"wordCount\":353,\"commentCount\":0,\"publisher\":{\"@id\":\"https:\\\/\\\/lurdinha.org\\\/site\\\/#organization\"},\"image\":{\"@id\":\"https:\\\/\\\/lurdinha.org\\\/site\\\/eparrei-oya\\\/#primaryimage\"},\"thumbnailUrl\":\"https:\\\/\\\/lurdinha.org\\\/site\\\/wp-content\\\/uploads\\\/Pagador_Promessas_CN_0092B.jpg\",\"keywords\":[\"@festivaldecannes @anselmoduarte\",\"@filhasdesanto\",\"@opagadordepromessas\",\"@oya\",\"@santabarbara\",\"@sincretismo\"],\"articleSection\":[\"uma opini\u00e3o\"],\"inLanguage\":\"pt-BR\",\"potentialAction\":[{\"@type\":\"CommentAction\",\"name\":\"Comment\",\"target\":[\"https:\\\/\\\/lurdinha.org\\\/site\\\/eparrei-oya\\\/#respond\"]}]},{\"@type\":\"WebPage\",\"@id\":\"https:\\\/\\\/lurdinha.org\\\/site\\\/eparrei-oya\\\/\",\"url\":\"https:\\\/\\\/lurdinha.org\\\/site\\\/eparrei-oya\\\/\",\"name\":\"Eparrei Oy\u00e1 - Lurdinha - Duque de Caxias para Est\u00f4magos Fortes\",\"isPartOf\":{\"@id\":\"https:\\\/\\\/lurdinha.org\\\/site\\\/#website\"},\"primaryImageOfPage\":{\"@id\":\"https:\\\/\\\/lurdinha.org\\\/site\\\/eparrei-oya\\\/#primaryimage\"},\"image\":{\"@id\":\"https:\\\/\\\/lurdinha.org\\\/site\\\/eparrei-oya\\\/#primaryimage\"},\"thumbnailUrl\":\"https:\\\/\\\/lurdinha.org\\\/site\\\/wp-content\\\/uploads\\\/Pagador_Promessas_CN_0092B.jpg\",\"datePublished\":\"2020-12-04T23:53:02+00:00\",\"dateModified\":\"2020-12-10T21:26:38+00:00\",\"description\":\"Dia de Santa Barbara, Festa de Ians\u00e3, Filhas de Oy\u00e1, @sincretismo, @Orixasdobrasil\",\"breadcrumb\":{\"@id\":\"https:\\\/\\\/lurdinha.org\\\/site\\\/eparrei-oya\\\/#breadcrumb\"},\"inLanguage\":\"pt-BR\",\"potentialAction\":[{\"@type\":\"ReadAction\",\"target\":[\"https:\\\/\\\/lurdinha.org\\\/site\\\/eparrei-oya\\\/\"]}]},{\"@type\":\"ImageObject\",\"inLanguage\":\"pt-BR\",\"@id\":\"https:\\\/\\\/lurdinha.org\\\/site\\\/eparrei-oya\\\/#primaryimage\",\"url\":\"https:\\\/\\\/lurdinha.org\\\/site\\\/wp-content\\\/uploads\\\/Pagador_Promessas_CN_0092B.jpg\",\"contentUrl\":\"https:\\\/\\\/lurdinha.org\\\/site\\\/wp-content\\\/uploads\\\/Pagador_Promessas_CN_0092B.jpg\",\"width\":220,\"height\":329},{\"@type\":\"BreadcrumbList\",\"@id\":\"https:\\\/\\\/lurdinha.org\\\/site\\\/eparrei-oya\\\/#breadcrumb\",\"itemListElement\":[{\"@type\":\"ListItem\",\"position\":1,\"name\":\"In\u00edcio\",\"item\":\"https:\\\/\\\/lurdinha.org\\\/site\\\/\"},{\"@type\":\"ListItem\",\"position\":2,\"name\":\"Eparrei Oy\u00e1\"}]},{\"@type\":\"WebSite\",\"@id\":\"https:\\\/\\\/lurdinha.org\\\/site\\\/#website\",\"url\":\"https:\\\/\\\/lurdinha.org\\\/site\\\/\",\"name\":\"Lurdinha - Duque de Caxias para Est\u00f4magos Fortes\",\"description\":\"Site sobre Arte, Cultura, Pol\u00edtica, Sociedade e curiosidades da cidade de Duque de Caxias, RJ\",\"publisher\":{\"@id\":\"https:\\\/\\\/lurdinha.org\\\/site\\\/#organization\"},\"alternateName\":\"Lurdinha\",\"potentialAction\":[{\"@type\":\"SearchAction\",\"target\":{\"@type\":\"EntryPoint\",\"urlTemplate\":\"https:\\\/\\\/lurdinha.org\\\/site\\\/?s={search_term_string}\"},\"query-input\":{\"@type\":\"PropertyValueSpecification\",\"valueRequired\":true,\"valueName\":\"search_term_string\"}}],\"inLanguage\":\"pt-BR\"},{\"@type\":\"Organization\",\"@id\":\"https:\\\/\\\/lurdinha.org\\\/site\\\/#organization\",\"name\":\"Lurdinha de Caxias\",\"url\":\"https:\\\/\\\/lurdinha.org\\\/site\\\/\",\"logo\":{\"@type\":\"ImageObject\",\"inLanguage\":\"pt-BR\",\"@id\":\"https:\\\/\\\/lurdinha.org\\\/site\\\/#\\\/schema\\\/logo\\\/image\\\/\",\"url\":\"https:\\\/\\\/lurdinha.org\\\/site\\\/wp-content\\\/uploads\\\/logo-lurdinha.jpg\",\"contentUrl\":\"https:\\\/\\\/lurdinha.org\\\/site\\\/wp-content\\\/uploads\\\/logo-lurdinha.jpg\",\"width\":640,\"height\":60,\"caption\":\"Lurdinha de Caxias\"},\"image\":{\"@id\":\"https:\\\/\\\/lurdinha.org\\\/site\\\/#\\\/schema\\\/logo\\\/image\\\/\"},\"sameAs\":[\"https:\\\/\\\/www.facebook.com\\\/LurdinhadeCaxias\",\"https:\\\/\\\/www.instagram.com\\\/lurdinhadecaxias\"]},{\"@type\":\"Person\",\"@id\":\"https:\\\/\\\/lurdinha.org\\\/site\\\/#\\\/schema\\\/person\\\/6edbe3070561baacf2ff92a210f3c70e\",\"name\":\"Eduardo Prates\",\"image\":{\"@type\":\"ImageObject\",\"inLanguage\":\"pt-BR\",\"@id\":\"https:\\\/\\\/secure.gravatar.com\\\/avatar\\\/f8d33445deb9db181831d9b31643921250b35abddc9eb35c9034a531c3e6cc01?s=96&d=mm&r=g\",\"url\":\"https:\\\/\\\/secure.gravatar.com\\\/avatar\\\/f8d33445deb9db181831d9b31643921250b35abddc9eb35c9034a531c3e6cc01?s=96&d=mm&r=g\",\"contentUrl\":\"https:\\\/\\\/secure.gravatar.com\\\/avatar\\\/f8d33445deb9db181831d9b31643921250b35abddc9eb35c9034a531c3e6cc01?s=96&d=mm&r=g\",\"caption\":\"Eduardo Prates\"},\"description\":\"Professor, cientista pol\u00edtico, cidad\u00e3o do mundo, flamenguista, imperiano, sujeito que acredita na auto-determina\u00e7\u00e3o dos povos para a constru\u00e7\u00e3o de um mundo melhor. https:\\\/\\\/profeduardoprates.com.br http:\\\/\\\/observatoriodabaixada.com.br\",\"sameAs\":[\"http:\\\/\\\/observatoriodabaixada.com.br\",\"prates.eduardo\",\"https:\\\/\\\/www.instagram.com\\\/eduardoprates\\\/\",\"https:\\\/\\\/x.com\\\/prateseduardo\"],\"url\":\"https:\\\/\\\/lurdinha.org\\\/site\\\/author\\\/edprates\\\/\"}]}<\/script>\n<!-- \/ Yoast SEO plugin. -->","yoast_head_json":{"title":"Eparrei Oy\u00e1 - Lurdinha - Duque de Caxias para Est\u00f4magos Fortes","description":"Dia de Santa Barbara, Festa de Ians\u00e3, Filhas de Oy\u00e1, @sincretismo, @Orixasdobrasil","robots":{"index":"index","follow":"follow","max-snippet":"max-snippet:-1","max-image-preview":"max-image-preview:large","max-video-preview":"max-video-preview:-1"},"canonical":"https:\/\/lurdinha.org\/site\/eparrei-oya\/","og_locale":"pt_BR","og_type":"article","og_title":"Eparrei Oy\u00e1 - Lurdinha - Duque de Caxias para Est\u00f4magos Fortes","og_description":"Dia de Santa Barbara, Festa de Ians\u00e3, Filhas de Oy\u00e1, @sincretismo, @Orixasdobrasil","og_url":"https:\/\/lurdinha.org\/site\/eparrei-oya\/","og_site_name":"Lurdinha - Duque de Caxias para Est\u00f4magos Fortes","article_publisher":"https:\/\/www.facebook.com\/LurdinhadeCaxias","article_author":"prates.eduardo","article_published_time":"2020-12-04T23:53:02+00:00","article_modified_time":"2020-12-10T21:26:38+00:00","og_image":[{"width":220,"height":329,"url":"https:\/\/lurdinha.org\/site\/wp-content\/uploads\/Pagador_Promessas_CN_0092B.jpg","type":"image\/jpeg"}],"author":"Eduardo Prates","twitter_card":"summary_large_image","twitter_creator":"@prateseduardo","twitter_misc":{"Escrito por":"Eduardo Prates","Est. tempo de leitura":"2 minutos"},"schema":{"@context":"https:\/\/schema.org","@graph":[{"@type":"Article","@id":"https:\/\/lurdinha.org\/site\/eparrei-oya\/#article","isPartOf":{"@id":"https:\/\/lurdinha.org\/site\/eparrei-oya\/"},"author":{"name":"Eduardo Prates","@id":"https:\/\/lurdinha.org\/site\/#\/schema\/person\/6edbe3070561baacf2ff92a210f3c70e"},"headline":"Eparrei Oy\u00e1","datePublished":"2020-12-04T23:53:02+00:00","dateModified":"2020-12-10T21:26:38+00:00","mainEntityOfPage":{"@id":"https:\/\/lurdinha.org\/site\/eparrei-oya\/"},"wordCount":353,"commentCount":0,"publisher":{"@id":"https:\/\/lurdinha.org\/site\/#organization"},"image":{"@id":"https:\/\/lurdinha.org\/site\/eparrei-oya\/#primaryimage"},"thumbnailUrl":"https:\/\/lurdinha.org\/site\/wp-content\/uploads\/Pagador_Promessas_CN_0092B.jpg","keywords":["@festivaldecannes @anselmoduarte","@filhasdesanto","@opagadordepromessas","@oya","@santabarbara","@sincretismo"],"articleSection":["uma opini\u00e3o"],"inLanguage":"pt-BR","potentialAction":[{"@type":"CommentAction","name":"Comment","target":["https:\/\/lurdinha.org\/site\/eparrei-oya\/#respond"]}]},{"@type":"WebPage","@id":"https:\/\/lurdinha.org\/site\/eparrei-oya\/","url":"https:\/\/lurdinha.org\/site\/eparrei-oya\/","name":"Eparrei Oy\u00e1 - Lurdinha - Duque de Caxias para Est\u00f4magos Fortes","isPartOf":{"@id":"https:\/\/lurdinha.org\/site\/#website"},"primaryImageOfPage":{"@id":"https:\/\/lurdinha.org\/site\/eparrei-oya\/#primaryimage"},"image":{"@id":"https:\/\/lurdinha.org\/site\/eparrei-oya\/#primaryimage"},"thumbnailUrl":"https:\/\/lurdinha.org\/site\/wp-content\/uploads\/Pagador_Promessas_CN_0092B.jpg","datePublished":"2020-12-04T23:53:02+00:00","dateModified":"2020-12-10T21:26:38+00:00","description":"Dia de Santa Barbara, Festa de Ians\u00e3, Filhas de Oy\u00e1, @sincretismo, @Orixasdobrasil","breadcrumb":{"@id":"https:\/\/lurdinha.org\/site\/eparrei-oya\/#breadcrumb"},"inLanguage":"pt-BR","potentialAction":[{"@type":"ReadAction","target":["https:\/\/lurdinha.org\/site\/eparrei-oya\/"]}]},{"@type":"ImageObject","inLanguage":"pt-BR","@id":"https:\/\/lurdinha.org\/site\/eparrei-oya\/#primaryimage","url":"https:\/\/lurdinha.org\/site\/wp-content\/uploads\/Pagador_Promessas_CN_0092B.jpg","contentUrl":"https:\/\/lurdinha.org\/site\/wp-content\/uploads\/Pagador_Promessas_CN_0092B.jpg","width":220,"height":329},{"@type":"BreadcrumbList","@id":"https:\/\/lurdinha.org\/site\/eparrei-oya\/#breadcrumb","itemListElement":[{"@type":"ListItem","position":1,"name":"In\u00edcio","item":"https:\/\/lurdinha.org\/site\/"},{"@type":"ListItem","position":2,"name":"Eparrei Oy\u00e1"}]},{"@type":"WebSite","@id":"https:\/\/lurdinha.org\/site\/#website","url":"https:\/\/lurdinha.org\/site\/","name":"Lurdinha - Duque de Caxias para Est\u00f4magos Fortes","description":"Site sobre Arte, Cultura, Pol\u00edtica, Sociedade e curiosidades da cidade de Duque de Caxias, RJ","publisher":{"@id":"https:\/\/lurdinha.org\/site\/#organization"},"alternateName":"Lurdinha","potentialAction":[{"@type":"SearchAction","target":{"@type":"EntryPoint","urlTemplate":"https:\/\/lurdinha.org\/site\/?s={search_term_string}"},"query-input":{"@type":"PropertyValueSpecification","valueRequired":true,"valueName":"search_term_string"}}],"inLanguage":"pt-BR"},{"@type":"Organization","@id":"https:\/\/lurdinha.org\/site\/#organization","name":"Lurdinha de Caxias","url":"https:\/\/lurdinha.org\/site\/","logo":{"@type":"ImageObject","inLanguage":"pt-BR","@id":"https:\/\/lurdinha.org\/site\/#\/schema\/logo\/image\/","url":"https:\/\/lurdinha.org\/site\/wp-content\/uploads\/logo-lurdinha.jpg","contentUrl":"https:\/\/lurdinha.org\/site\/wp-content\/uploads\/logo-lurdinha.jpg","width":640,"height":60,"caption":"Lurdinha de Caxias"},"image":{"@id":"https:\/\/lurdinha.org\/site\/#\/schema\/logo\/image\/"},"sameAs":["https:\/\/www.facebook.com\/LurdinhadeCaxias","https:\/\/www.instagram.com\/lurdinhadecaxias"]},{"@type":"Person","@id":"https:\/\/lurdinha.org\/site\/#\/schema\/person\/6edbe3070561baacf2ff92a210f3c70e","name":"Eduardo Prates","image":{"@type":"ImageObject","inLanguage":"pt-BR","@id":"https:\/\/secure.gravatar.com\/avatar\/f8d33445deb9db181831d9b31643921250b35abddc9eb35c9034a531c3e6cc01?s=96&d=mm&r=g","url":"https:\/\/secure.gravatar.com\/avatar\/f8d33445deb9db181831d9b31643921250b35abddc9eb35c9034a531c3e6cc01?s=96&d=mm&r=g","contentUrl":"https:\/\/secure.gravatar.com\/avatar\/f8d33445deb9db181831d9b31643921250b35abddc9eb35c9034a531c3e6cc01?s=96&d=mm&r=g","caption":"Eduardo Prates"},"description":"Professor, cientista pol\u00edtico, cidad\u00e3o do mundo, flamenguista, imperiano, sujeito que acredita na auto-determina\u00e7\u00e3o dos povos para a constru\u00e7\u00e3o de um mundo melhor. https:\/\/profeduardoprates.com.br http:\/\/observatoriodabaixada.com.br","sameAs":["http:\/\/observatoriodabaixada.com.br","prates.eduardo","https:\/\/www.instagram.com\/eduardoprates\/","https:\/\/x.com\/prateseduardo"],"url":"https:\/\/lurdinha.org\/site\/author\/edprates\/"}]}},"views":3338,"_links":{"self":[{"href":"https:\/\/lurdinha.org\/site\/wp-json\/wp\/v2\/posts\/9497","targetHints":{"allow":["GET"]}}],"collection":[{"href":"https:\/\/lurdinha.org\/site\/wp-json\/wp\/v2\/posts"}],"about":[{"href":"https:\/\/lurdinha.org\/site\/wp-json\/wp\/v2\/types\/post"}],"author":[{"embeddable":true,"href":"https:\/\/lurdinha.org\/site\/wp-json\/wp\/v2\/users\/33"}],"replies":[{"embeddable":true,"href":"https:\/\/lurdinha.org\/site\/wp-json\/wp\/v2\/comments?post=9497"}],"version-history":[{"count":3,"href":"https:\/\/lurdinha.org\/site\/wp-json\/wp\/v2\/posts\/9497\/revisions"}],"predecessor-version":[{"id":9507,"href":"https:\/\/lurdinha.org\/site\/wp-json\/wp\/v2\/posts\/9497\/revisions\/9507"}],"wp:featuredmedia":[{"embeddable":true,"href":"https:\/\/lurdinha.org\/site\/wp-json\/wp\/v2\/media\/9498"}],"wp:attachment":[{"href":"https:\/\/lurdinha.org\/site\/wp-json\/wp\/v2\/media?parent=9497"}],"wp:term":[{"taxonomy":"category","embeddable":true,"href":"https:\/\/lurdinha.org\/site\/wp-json\/wp\/v2\/categories?post=9497"},{"taxonomy":"post_tag","embeddable":true,"href":"https:\/\/lurdinha.org\/site\/wp-json\/wp\/v2\/tags?post=9497"}],"curies":[{"name":"wp","href":"https:\/\/api.w.org\/{rel}","templated":true}]}}