{"id":9366,"date":"2020-11-12T14:01:51","date_gmt":"2020-11-12T14:01:51","guid":{"rendered":"https:\/\/lurdinha.org\/site\/?p=9366"},"modified":"2020-11-12T15:44:47","modified_gmt":"2020-11-12T15:44:47","slug":"vem-ai-a-quarta-edicao-do-festival-de-artes-em-imbarie","status":"publish","type":"post","link":"https:\/\/lurdinha.org\/site\/vem-ai-a-quarta-edicao-do-festival-de-artes-em-imbarie\/","title":{"rendered":"Vem a\u00ed a quarta edi\u00e7\u00e3o do Festival de Artes em Imbari\u00ea"},"content":{"rendered":"<p>Anota a\u00ed: o <strong>FAIM, Festival de Artes em Imbari\u00ea<\/strong>, que entra em sua quarta edi\u00e7\u00e3o, est\u00e1 chegando a todo vapor.<\/p>\n<p>Se voc\u00ea tem andado baixo astral e achando que tudo est\u00e1 uma porcaria, vale acompanhar essa guerrilha que est\u00e1 rolando em Imbari\u00ea, terceiro distrito de Caxias, justamente uma das regi\u00f5es de menor IDH do Estado. \u00c9 pra levantar o moral e lembrar que a Arte e a Cultura est\u00e3o viv\u00edssimas por a\u00ed.<\/p>\n<p><img loading=\"lazy\" decoding=\"async\" class=\"alignleft wp-image-9373 size-medium\" src=\"https:\/\/lurdinha.org\/site\/wp-content\/uploads\/faim2-300x300.jpg\" alt=\"\" width=\"300\" height=\"300\" srcset=\"https:\/\/lurdinha.org\/site\/wp-content\/uploads\/faim2-300x300.jpg 300w, https:\/\/lurdinha.org\/site\/wp-content\/uploads\/faim2-610x610.jpg 610w, https:\/\/lurdinha.org\/site\/wp-content\/uploads\/faim2-150x150.jpg 150w, https:\/\/lurdinha.org\/site\/wp-content\/uploads\/faim2-768x768.jpg 768w, https:\/\/lurdinha.org\/site\/wp-content\/uploads\/faim2-550x550.jpg 550w, https:\/\/lurdinha.org\/site\/wp-content\/uploads\/faim2.jpg 1080w\" sizes=\"auto, (max-width: 300px) 100vw, 300px\" \/>De 19 a 21 de novembro, a programa\u00e7\u00e3o do festival esse ano conta com a participa\u00e7\u00e3o de mais de vinte artistas, envolvendo exposi\u00e7\u00f5es, conversas e muita m\u00fasica. Esse ano o evento acontece on line e tem como tema a tag #EuQueroRespirar.<\/p>\n<p>E como j\u00e1 \u00e9 de praxe, a galera da organiza\u00e7\u00e3o j\u00e1 est\u00e1 h\u00e1 uns dias mantendo contato com as escolas do entorno de Imbari\u00ea, uma preocupa\u00e7\u00e3o que tem sido um grande diferencial do evento, um trabalho de forma\u00e7\u00e3o de p\u00fablico muito legal.<\/p>\n<p>Ali\u00e1s, um destaque que precisa ser feito \u00e9 que v\u00e1rias obras de artistas participantes foram impressas em formato lambe-lambe 1&#215;1,5 e foram colados pelos espa\u00e7os p\u00fablicos do bairro, uma a\u00e7\u00e3o simplesmente sensacional, uma verdadeira galeria a c\u00e9u aberto. As imagens dos moradores, principalmente as crian\u00e7as, reagindo e interagindo com as obras s\u00e3o das imagens mais lindas que voc\u00ea vai ver por Caxias nos \u00faltimos tempos.<\/p>\n<p>Vale dizer que <a href=\"https:\/\/lurdinha.org\/site\/sobre-o-faim-festival-de-artes-de-imbarie\/\">no ano passado a edi\u00e7\u00e3o do festival<\/a> causou grande impacto, com a presen\u00e7a de artistas de v\u00e1rios cantos do Rio, incluindo nomes de peso no cen\u00e1rio das artes do Estado, se firmando com um dos principais eventos culturais da regi\u00e3o. Esse ano, apesar das interdi\u00e7\u00f5es por conta da pandemia, o evento tem tudo para ser de novo um momento marcante na Cultura.<\/p>\n<p>\u00c9 isso: fique atento \u00e0 quarta edi\u00e7\u00e3o do FAIM, vai por mim. A programa\u00e7\u00e3o est\u00e1 incr\u00edvel e d\u00e1 pra consultar na p\u00e1gina do evento no facebook e ir acompanhando pelo instagram tamb\u00e9m.<\/p>\n<p>&nbsp;<\/p>\n<p><strong>SERVI\u00c7O<\/strong><br \/>\nFAIM &#8211; Festival de Artes em Imbari\u00ea \u2013 4\u00aa Edi\u00e7\u00e3o<br \/>\nData: 19 a 21 de Novembro de 2020<br \/>\n<a href=\"https:\/\/www.instagram.com\/faimfestival\">https:\/\/www.instagram.com\/faimfestival<\/a><\/p>\n<p><a href=\"https:\/\/facebook.com\/faimfestival\">https:\/\/facebook.com\/faimfestival<\/a><br \/>\nClassifica\u00e7\u00e3o: livre<\/p>\n<p>https:\/\/www.youtube.com\/watch?v=Ix8LewQEoTc<\/p>\n<p><iframe loading=\"lazy\" title=\"EU QUERO RESPIRAR\" width=\"640\" height=\"360\" src=\"https:\/\/www.youtube.com\/embed\/S8t5QAPGO5Y?feature=oembed\" frameborder=\"0\" allow=\"accelerometer; autoplay; clipboard-write; encrypted-media; gyroscope; picture-in-picture; web-share\" referrerpolicy=\"strict-origin-when-cross-origin\" allowfullscreen><\/iframe><\/p>\n","protected":false},"excerpt":{"rendered":"<p>Anota a\u00ed: o FAIM, Festival de Artes em Imbari\u00ea, que entra em sua quarta edi\u00e7\u00e3o,&#8230;<\/p>\n","protected":false},"author":2,"featured_media":9373,"comment_status":"open","ping_status":"closed","sticky":false,"template":"","format":"standard","meta":{"footnotes":""},"categories":[8,7,5],"tags":[1199,12,11,955,954,192,651],"class_list":["post-9366","post","type-post","status-publish","format-standard","has-post-thumbnail","hentry","category-evento","category-musica","category-umaboa","tag-artes","tag-baixada-fluminense","tag-duque-de-caxias","tag-faim","tag-festival-de-arte-de-imbarie","tag-imbarie","tag-terceiro-distrito"],"yoast_head":"<!-- This site is optimized with the Yoast SEO plugin v27.5 - https:\/\/yoast.com\/product\/yoast-seo-wordpress\/ -->\n<title>Vem a\u00ed a quarta edi\u00e7\u00e3o do Festival de Artes em Imbari\u00ea - Lurdinha - Duque de Caxias para Est\u00f4magos Fortes<\/title>\n<meta name=\"robots\" content=\"index, follow, max-snippet:-1, max-image-preview:large, max-video-preview:-1\" \/>\n<link rel=\"canonical\" href=\"https:\/\/lurdinha.org\/site\/vem-ai-a-quarta-edicao-do-festival-de-artes-em-imbarie\/\" \/>\n<meta property=\"og:locale\" content=\"pt_BR\" \/>\n<meta property=\"og:type\" content=\"article\" \/>\n<meta property=\"og:title\" content=\"Vem a\u00ed a quarta edi\u00e7\u00e3o do Festival de Artes em Imbari\u00ea - Lurdinha - Duque de Caxias para Est\u00f4magos Fortes\" \/>\n<meta property=\"og:description\" content=\"Anota a\u00ed: o FAIM, Festival de Artes em Imbari\u00ea, que entra em sua quarta edi\u00e7\u00e3o,...\" \/>\n<meta property=\"og:url\" content=\"https:\/\/lurdinha.org\/site\/vem-ai-a-quarta-edicao-do-festival-de-artes-em-imbarie\/\" \/>\n<meta property=\"og:site_name\" content=\"Lurdinha - Duque de Caxias para Est\u00f4magos Fortes\" \/>\n<meta property=\"article:publisher\" content=\"https:\/\/www.facebook.com\/LurdinhadeCaxias\" \/>\n<meta property=\"article:author\" content=\"botocudo\" \/>\n<meta property=\"article:published_time\" content=\"2020-11-12T14:01:51+00:00\" \/>\n<meta property=\"article:modified_time\" content=\"2020-11-12T15:44:47+00:00\" \/>\n<meta property=\"og:image\" content=\"https:\/\/lurdinha.org\/site\/wp-content\/uploads\/faim2.jpg\" \/>\n\t<meta property=\"og:image:width\" content=\"1080\" \/>\n\t<meta property=\"og:image:height\" content=\"1080\" \/>\n\t<meta property=\"og:image:type\" content=\"image\/jpeg\" \/>\n<meta name=\"author\" content=\"heraldo hb\" \/>\n<meta name=\"twitter:card\" content=\"summary_large_image\" \/>\n<meta name=\"twitter:label1\" content=\"Escrito por\" \/>\n\t<meta name=\"twitter:data1\" content=\"heraldo hb\" \/>\n\t<meta name=\"twitter:label2\" content=\"Est. tempo de leitura\" \/>\n\t<meta name=\"twitter:data2\" content=\"2 minutos\" \/>\n<script type=\"application\/ld+json\" class=\"yoast-schema-graph\">{\"@context\":\"https:\\\/\\\/schema.org\",\"@graph\":[{\"@type\":\"Article\",\"@id\":\"https:\\\/\\\/lurdinha.org\\\/site\\\/vem-ai-a-quarta-edicao-do-festival-de-artes-em-imbarie\\\/#article\",\"isPartOf\":{\"@id\":\"https:\\\/\\\/lurdinha.org\\\/site\\\/vem-ai-a-quarta-edicao-do-festival-de-artes-em-imbarie\\\/\"},\"author\":{\"name\":\"heraldo hb\",\"@id\":\"https:\\\/\\\/lurdinha.org\\\/site\\\/#\\\/schema\\\/person\\\/b833bb6a7f82598bf0e95e4c30874251\"},\"headline\":\"Vem a\u00ed a quarta edi\u00e7\u00e3o do Festival de Artes em Imbari\u00ea\",\"datePublished\":\"2020-11-12T14:01:51+00:00\",\"dateModified\":\"2020-11-12T15:44:47+00:00\",\"mainEntityOfPage\":{\"@id\":\"https:\\\/\\\/lurdinha.org\\\/site\\\/vem-ai-a-quarta-edicao-do-festival-de-artes-em-imbarie\\\/\"},\"wordCount\":400,\"commentCount\":0,\"publisher\":{\"@id\":\"https:\\\/\\\/lurdinha.org\\\/site\\\/#organization\"},\"image\":{\"@id\":\"https:\\\/\\\/lurdinha.org\\\/site\\\/vem-ai-a-quarta-edicao-do-festival-de-artes-em-imbarie\\\/#primaryimage\"},\"thumbnailUrl\":\"https:\\\/\\\/lurdinha.org\\\/site\\\/wp-content\\\/uploads\\\/faim2.jpg\",\"keywords\":[\"artes\",\"baixada-fluminense\",\"duque-de-caxias\",\"faim\",\"Festival de Arte de Imbari\u00ea\",\"Imbari\u00ea\",\"terceiro distrito\"],\"articleSection\":[\"evento\",\"m\u00fasica\",\"uma boa\"],\"inLanguage\":\"pt-BR\",\"potentialAction\":[{\"@type\":\"CommentAction\",\"name\":\"Comment\",\"target\":[\"https:\\\/\\\/lurdinha.org\\\/site\\\/vem-ai-a-quarta-edicao-do-festival-de-artes-em-imbarie\\\/#respond\"]}]},{\"@type\":\"WebPage\",\"@id\":\"https:\\\/\\\/lurdinha.org\\\/site\\\/vem-ai-a-quarta-edicao-do-festival-de-artes-em-imbarie\\\/\",\"url\":\"https:\\\/\\\/lurdinha.org\\\/site\\\/vem-ai-a-quarta-edicao-do-festival-de-artes-em-imbarie\\\/\",\"name\":\"Vem a\u00ed a quarta edi\u00e7\u00e3o do Festival de Artes em Imbari\u00ea - Lurdinha - Duque de Caxias para Est\u00f4magos Fortes\",\"isPartOf\":{\"@id\":\"https:\\\/\\\/lurdinha.org\\\/site\\\/#website\"},\"primaryImageOfPage\":{\"@id\":\"https:\\\/\\\/lurdinha.org\\\/site\\\/vem-ai-a-quarta-edicao-do-festival-de-artes-em-imbarie\\\/#primaryimage\"},\"image\":{\"@id\":\"https:\\\/\\\/lurdinha.org\\\/site\\\/vem-ai-a-quarta-edicao-do-festival-de-artes-em-imbarie\\\/#primaryimage\"},\"thumbnailUrl\":\"https:\\\/\\\/lurdinha.org\\\/site\\\/wp-content\\\/uploads\\\/faim2.jpg\",\"datePublished\":\"2020-11-12T14:01:51+00:00\",\"dateModified\":\"2020-11-12T15:44:47+00:00\",\"breadcrumb\":{\"@id\":\"https:\\\/\\\/lurdinha.org\\\/site\\\/vem-ai-a-quarta-edicao-do-festival-de-artes-em-imbarie\\\/#breadcrumb\"},\"inLanguage\":\"pt-BR\",\"potentialAction\":[{\"@type\":\"ReadAction\",\"target\":[\"https:\\\/\\\/lurdinha.org\\\/site\\\/vem-ai-a-quarta-edicao-do-festival-de-artes-em-imbarie\\\/\"]}]},{\"@type\":\"ImageObject\",\"inLanguage\":\"pt-BR\",\"@id\":\"https:\\\/\\\/lurdinha.org\\\/site\\\/vem-ai-a-quarta-edicao-do-festival-de-artes-em-imbarie\\\/#primaryimage\",\"url\":\"https:\\\/\\\/lurdinha.org\\\/site\\\/wp-content\\\/uploads\\\/faim2.jpg\",\"contentUrl\":\"https:\\\/\\\/lurdinha.org\\\/site\\\/wp-content\\\/uploads\\\/faim2.jpg\",\"width\":1080,\"height\":1080},{\"@type\":\"BreadcrumbList\",\"@id\":\"https:\\\/\\\/lurdinha.org\\\/site\\\/vem-ai-a-quarta-edicao-do-festival-de-artes-em-imbarie\\\/#breadcrumb\",\"itemListElement\":[{\"@type\":\"ListItem\",\"position\":1,\"name\":\"In\u00edcio\",\"item\":\"https:\\\/\\\/lurdinha.org\\\/site\\\/\"},{\"@type\":\"ListItem\",\"position\":2,\"name\":\"Vem a\u00ed a quarta edi\u00e7\u00e3o do Festival de Artes em Imbari\u00ea\"}]},{\"@type\":\"WebSite\",\"@id\":\"https:\\\/\\\/lurdinha.org\\\/site\\\/#website\",\"url\":\"https:\\\/\\\/lurdinha.org\\\/site\\\/\",\"name\":\"Lurdinha - Duque de Caxias para Est\u00f4magos Fortes\",\"description\":\"Site sobre Arte, Cultura, Pol\u00edtica, Sociedade e curiosidades da cidade de Duque de Caxias, RJ\",\"publisher\":{\"@id\":\"https:\\\/\\\/lurdinha.org\\\/site\\\/#organization\"},\"alternateName\":\"Lurdinha\",\"potentialAction\":[{\"@type\":\"SearchAction\",\"target\":{\"@type\":\"EntryPoint\",\"urlTemplate\":\"https:\\\/\\\/lurdinha.org\\\/site\\\/?s={search_term_string}\"},\"query-input\":{\"@type\":\"PropertyValueSpecification\",\"valueRequired\":true,\"valueName\":\"search_term_string\"}}],\"inLanguage\":\"pt-BR\"},{\"@type\":\"Organization\",\"@id\":\"https:\\\/\\\/lurdinha.org\\\/site\\\/#organization\",\"name\":\"Lurdinha de Caxias\",\"url\":\"https:\\\/\\\/lurdinha.org\\\/site\\\/\",\"logo\":{\"@type\":\"ImageObject\",\"inLanguage\":\"pt-BR\",\"@id\":\"https:\\\/\\\/lurdinha.org\\\/site\\\/#\\\/schema\\\/logo\\\/image\\\/\",\"url\":\"https:\\\/\\\/lurdinha.org\\\/site\\\/wp-content\\\/uploads\\\/logo-lurdinha.jpg\",\"contentUrl\":\"https:\\\/\\\/lurdinha.org\\\/site\\\/wp-content\\\/uploads\\\/logo-lurdinha.jpg\",\"width\":640,\"height\":60,\"caption\":\"Lurdinha de Caxias\"},\"image\":{\"@id\":\"https:\\\/\\\/lurdinha.org\\\/site\\\/#\\\/schema\\\/logo\\\/image\\\/\"},\"sameAs\":[\"https:\\\/\\\/www.facebook.com\\\/LurdinhadeCaxias\",\"https:\\\/\\\/www.instagram.com\\\/lurdinhadecaxias\"]},{\"@type\":\"Person\",\"@id\":\"https:\\\/\\\/lurdinha.org\\\/site\\\/#\\\/schema\\\/person\\\/b833bb6a7f82598bf0e95e4c30874251\",\"name\":\"heraldo hb\",\"image\":{\"@type\":\"ImageObject\",\"inLanguage\":\"pt-BR\",\"@id\":\"https:\\\/\\\/secure.gravatar.com\\\/avatar\\\/5de9fe99c72cb6885bbdaa24b1c5738b0f673d265de18720fae7463d5f47b48d?s=96&d=mm&r=g\",\"url\":\"https:\\\/\\\/secure.gravatar.com\\\/avatar\\\/5de9fe99c72cb6885bbdaa24b1c5738b0f673d265de18720fae7463d5f47b48d?s=96&d=mm&r=g\",\"contentUrl\":\"https:\\\/\\\/secure.gravatar.com\\\/avatar\\\/5de9fe99c72cb6885bbdaa24b1c5738b0f673d265de18720fae7463d5f47b48d?s=96&d=mm&r=g\",\"caption\":\"heraldo hb\"},\"description\":\"Cineasta, animador cultural, escritor e educador nascido no s\u00e9culo XX\",\"sameAs\":[\"http:\\\/\\\/wwww.relinkare.org\",\"botocudo\",\"heraldohb\",\"relinkare\"],\"url\":\"https:\\\/\\\/lurdinha.org\\\/site\\\/author\\\/heraldohb\\\/\"}]}<\/script>\n<!-- \/ Yoast SEO plugin. -->","yoast_head_json":{"title":"Vem a\u00ed a quarta edi\u00e7\u00e3o do Festival de Artes em Imbari\u00ea - Lurdinha - Duque de Caxias para Est\u00f4magos Fortes","robots":{"index":"index","follow":"follow","max-snippet":"max-snippet:-1","max-image-preview":"max-image-preview:large","max-video-preview":"max-video-preview:-1"},"canonical":"https:\/\/lurdinha.org\/site\/vem-ai-a-quarta-edicao-do-festival-de-artes-em-imbarie\/","og_locale":"pt_BR","og_type":"article","og_title":"Vem a\u00ed a quarta edi\u00e7\u00e3o do Festival de Artes em Imbari\u00ea - Lurdinha - Duque de Caxias para Est\u00f4magos Fortes","og_description":"Anota a\u00ed: o FAIM, Festival de Artes em Imbari\u00ea, que entra em sua quarta edi\u00e7\u00e3o,...","og_url":"https:\/\/lurdinha.org\/site\/vem-ai-a-quarta-edicao-do-festival-de-artes-em-imbarie\/","og_site_name":"Lurdinha - Duque de Caxias para Est\u00f4magos Fortes","article_publisher":"https:\/\/www.facebook.com\/LurdinhadeCaxias","article_author":"botocudo","article_published_time":"2020-11-12T14:01:51+00:00","article_modified_time":"2020-11-12T15:44:47+00:00","og_image":[{"width":1080,"height":1080,"url":"https:\/\/lurdinha.org\/site\/wp-content\/uploads\/faim2.jpg","type":"image\/jpeg"}],"author":"heraldo hb","twitter_card":"summary_large_image","twitter_misc":{"Escrito por":"heraldo hb","Est. tempo de leitura":"2 minutos"},"schema":{"@context":"https:\/\/schema.org","@graph":[{"@type":"Article","@id":"https:\/\/lurdinha.org\/site\/vem-ai-a-quarta-edicao-do-festival-de-artes-em-imbarie\/#article","isPartOf":{"@id":"https:\/\/lurdinha.org\/site\/vem-ai-a-quarta-edicao-do-festival-de-artes-em-imbarie\/"},"author":{"name":"heraldo hb","@id":"https:\/\/lurdinha.org\/site\/#\/schema\/person\/b833bb6a7f82598bf0e95e4c30874251"},"headline":"Vem a\u00ed a quarta edi\u00e7\u00e3o do Festival de Artes em Imbari\u00ea","datePublished":"2020-11-12T14:01:51+00:00","dateModified":"2020-11-12T15:44:47+00:00","mainEntityOfPage":{"@id":"https:\/\/lurdinha.org\/site\/vem-ai-a-quarta-edicao-do-festival-de-artes-em-imbarie\/"},"wordCount":400,"commentCount":0,"publisher":{"@id":"https:\/\/lurdinha.org\/site\/#organization"},"image":{"@id":"https:\/\/lurdinha.org\/site\/vem-ai-a-quarta-edicao-do-festival-de-artes-em-imbarie\/#primaryimage"},"thumbnailUrl":"https:\/\/lurdinha.org\/site\/wp-content\/uploads\/faim2.jpg","keywords":["artes","baixada-fluminense","duque-de-caxias","faim","Festival de Arte de Imbari\u00ea","Imbari\u00ea","terceiro distrito"],"articleSection":["evento","m\u00fasica","uma boa"],"inLanguage":"pt-BR","potentialAction":[{"@type":"CommentAction","name":"Comment","target":["https:\/\/lurdinha.org\/site\/vem-ai-a-quarta-edicao-do-festival-de-artes-em-imbarie\/#respond"]}]},{"@type":"WebPage","@id":"https:\/\/lurdinha.org\/site\/vem-ai-a-quarta-edicao-do-festival-de-artes-em-imbarie\/","url":"https:\/\/lurdinha.org\/site\/vem-ai-a-quarta-edicao-do-festival-de-artes-em-imbarie\/","name":"Vem a\u00ed a quarta edi\u00e7\u00e3o do Festival de Artes em Imbari\u00ea - Lurdinha - Duque de Caxias para Est\u00f4magos Fortes","isPartOf":{"@id":"https:\/\/lurdinha.org\/site\/#website"},"primaryImageOfPage":{"@id":"https:\/\/lurdinha.org\/site\/vem-ai-a-quarta-edicao-do-festival-de-artes-em-imbarie\/#primaryimage"},"image":{"@id":"https:\/\/lurdinha.org\/site\/vem-ai-a-quarta-edicao-do-festival-de-artes-em-imbarie\/#primaryimage"},"thumbnailUrl":"https:\/\/lurdinha.org\/site\/wp-content\/uploads\/faim2.jpg","datePublished":"2020-11-12T14:01:51+00:00","dateModified":"2020-11-12T15:44:47+00:00","breadcrumb":{"@id":"https:\/\/lurdinha.org\/site\/vem-ai-a-quarta-edicao-do-festival-de-artes-em-imbarie\/#breadcrumb"},"inLanguage":"pt-BR","potentialAction":[{"@type":"ReadAction","target":["https:\/\/lurdinha.org\/site\/vem-ai-a-quarta-edicao-do-festival-de-artes-em-imbarie\/"]}]},{"@type":"ImageObject","inLanguage":"pt-BR","@id":"https:\/\/lurdinha.org\/site\/vem-ai-a-quarta-edicao-do-festival-de-artes-em-imbarie\/#primaryimage","url":"https:\/\/lurdinha.org\/site\/wp-content\/uploads\/faim2.jpg","contentUrl":"https:\/\/lurdinha.org\/site\/wp-content\/uploads\/faim2.jpg","width":1080,"height":1080},{"@type":"BreadcrumbList","@id":"https:\/\/lurdinha.org\/site\/vem-ai-a-quarta-edicao-do-festival-de-artes-em-imbarie\/#breadcrumb","itemListElement":[{"@type":"ListItem","position":1,"name":"In\u00edcio","item":"https:\/\/lurdinha.org\/site\/"},{"@type":"ListItem","position":2,"name":"Vem a\u00ed a quarta edi\u00e7\u00e3o do Festival de Artes em Imbari\u00ea"}]},{"@type":"WebSite","@id":"https:\/\/lurdinha.org\/site\/#website","url":"https:\/\/lurdinha.org\/site\/","name":"Lurdinha - Duque de Caxias para Est\u00f4magos Fortes","description":"Site sobre Arte, Cultura, Pol\u00edtica, Sociedade e curiosidades da cidade de Duque de Caxias, RJ","publisher":{"@id":"https:\/\/lurdinha.org\/site\/#organization"},"alternateName":"Lurdinha","potentialAction":[{"@type":"SearchAction","target":{"@type":"EntryPoint","urlTemplate":"https:\/\/lurdinha.org\/site\/?s={search_term_string}"},"query-input":{"@type":"PropertyValueSpecification","valueRequired":true,"valueName":"search_term_string"}}],"inLanguage":"pt-BR"},{"@type":"Organization","@id":"https:\/\/lurdinha.org\/site\/#organization","name":"Lurdinha de Caxias","url":"https:\/\/lurdinha.org\/site\/","logo":{"@type":"ImageObject","inLanguage":"pt-BR","@id":"https:\/\/lurdinha.org\/site\/#\/schema\/logo\/image\/","url":"https:\/\/lurdinha.org\/site\/wp-content\/uploads\/logo-lurdinha.jpg","contentUrl":"https:\/\/lurdinha.org\/site\/wp-content\/uploads\/logo-lurdinha.jpg","width":640,"height":60,"caption":"Lurdinha de Caxias"},"image":{"@id":"https:\/\/lurdinha.org\/site\/#\/schema\/logo\/image\/"},"sameAs":["https:\/\/www.facebook.com\/LurdinhadeCaxias","https:\/\/www.instagram.com\/lurdinhadecaxias"]},{"@type":"Person","@id":"https:\/\/lurdinha.org\/site\/#\/schema\/person\/b833bb6a7f82598bf0e95e4c30874251","name":"heraldo hb","image":{"@type":"ImageObject","inLanguage":"pt-BR","@id":"https:\/\/secure.gravatar.com\/avatar\/5de9fe99c72cb6885bbdaa24b1c5738b0f673d265de18720fae7463d5f47b48d?s=96&d=mm&r=g","url":"https:\/\/secure.gravatar.com\/avatar\/5de9fe99c72cb6885bbdaa24b1c5738b0f673d265de18720fae7463d5f47b48d?s=96&d=mm&r=g","contentUrl":"https:\/\/secure.gravatar.com\/avatar\/5de9fe99c72cb6885bbdaa24b1c5738b0f673d265de18720fae7463d5f47b48d?s=96&d=mm&r=g","caption":"heraldo hb"},"description":"Cineasta, animador cultural, escritor e educador nascido no s\u00e9culo XX","sameAs":["http:\/\/wwww.relinkare.org","botocudo","heraldohb","relinkare"],"url":"https:\/\/lurdinha.org\/site\/author\/heraldohb\/"}]}},"views":1849,"_links":{"self":[{"href":"https:\/\/lurdinha.org\/site\/wp-json\/wp\/v2\/posts\/9366","targetHints":{"allow":["GET"]}}],"collection":[{"href":"https:\/\/lurdinha.org\/site\/wp-json\/wp\/v2\/posts"}],"about":[{"href":"https:\/\/lurdinha.org\/site\/wp-json\/wp\/v2\/types\/post"}],"author":[{"embeddable":true,"href":"https:\/\/lurdinha.org\/site\/wp-json\/wp\/v2\/users\/2"}],"replies":[{"embeddable":true,"href":"https:\/\/lurdinha.org\/site\/wp-json\/wp\/v2\/comments?post=9366"}],"version-history":[{"count":5,"href":"https:\/\/lurdinha.org\/site\/wp-json\/wp\/v2\/posts\/9366\/revisions"}],"predecessor-version":[{"id":9374,"href":"https:\/\/lurdinha.org\/site\/wp-json\/wp\/v2\/posts\/9366\/revisions\/9374"}],"wp:featuredmedia":[{"embeddable":true,"href":"https:\/\/lurdinha.org\/site\/wp-json\/wp\/v2\/media\/9373"}],"wp:attachment":[{"href":"https:\/\/lurdinha.org\/site\/wp-json\/wp\/v2\/media?parent=9366"}],"wp:term":[{"taxonomy":"category","embeddable":true,"href":"https:\/\/lurdinha.org\/site\/wp-json\/wp\/v2\/categories?post=9366"},{"taxonomy":"post_tag","embeddable":true,"href":"https:\/\/lurdinha.org\/site\/wp-json\/wp\/v2\/tags?post=9366"}],"curies":[{"name":"wp","href":"https:\/\/api.w.org\/{rel}","templated":true}]}}