{"id":9291,"date":"2020-10-12T18:09:05","date_gmt":"2020-10-12T18:09:05","guid":{"rendered":"https:\/\/lurdinha.org\/site\/?p=9291"},"modified":"2020-10-12T18:09:22","modified_gmt":"2020-10-12T18:09:22","slug":"feliz-dia-das-criancas-de-algumas-criancas","status":"publish","type":"post","link":"https:\/\/lurdinha.org\/site\/feliz-dia-das-criancas-de-algumas-criancas\/","title":{"rendered":"FELIZ DIA DAS CRIAN\u00c7AS &#8211; DE ALGUMAS CRIAN\u00c7AS"},"content":{"rendered":"<div>\n<div class=\"\" dir=\"auto\">\n<div id=\"jsc_c_xh\" class=\"ecm0bbzt hv4rvrfc e5nlhep0 dati1w0a\" data-ad-comet-preview=\"message\" data-ad-preview=\"message\">\n<div class=\"j83agx80 cbu4d94t ew0dbk1b irj2b8pg\">\n<div class=\"qzhwtbm6 knvmm38d\">\n<div class=\"kvgmc6g5 cxmmr5t8 oygrvhab hcukyx3x c1et5uql ii04i59q\">\n<div dir=\"auto\">N\u00e3o tem a menor coer\u00eancia desejar feliz dia das crian\u00e7as e apoiar o bolsonarismo, mesmo sabendo que coer\u00eancia n\u00e3o chega a ser uma preocupa\u00e7\u00e3o pra essa galera. No m\u00e1ximo poderiam desejar um feliz dia de algumas crian\u00e7as. \u00c9 duro, mas \u00e9 isso.<\/div>\n<\/div>\n<div class=\"o9v6fnle cxmmr5t8 oygrvhab hcukyx3x c1et5uql ii04i59q\">\n<div dir=\"auto\">Para a maior parte das crian\u00e7as do pa\u00eds essa gente d\u00e1 \u00e9 um grande foda-se, sem nem mais se sentir constrangida por isso, como h\u00e1 uns anos. Agora \u00e9 de boas. \u00c9 meritocracia mesmo, feliz dia das minhas crian\u00e7as e o resto que se foda. A ideologia do individualismo e da morte.<\/div>\n<\/div>\n<div class=\"o9v6fnle cxmmr5t8 oygrvhab hcukyx3x c1et5uql ii04i59q\">\n<div dir=\"auto\">Ter milh\u00f5es de crian\u00e7as sem o que comer n\u00e3o \u00e9 sequer assunto. Tem crian\u00e7a quebrando pedras, morrendo intoxicadas em carvoarias, morrendo de doen\u00e7as do s\u00e9culo dezenove? Foda-se, n\u00e3o s\u00e3o da minha fam\u00edlia. Viva a fam\u00edlia. Sim, senhor presidente, em nome da fam\u00edlia eu voto sim.<\/div>\n<\/div>\n<div class=\"o9v6fnle cxmmr5t8 oygrvhab hcukyx3x c1et5uql ii04i59q\">\n<div dir=\"auto\">O bolsonarismo \u00e9 um fen\u00f4meno que colou certinho na sociedade brasileira, dando nome a algo de muito sinistro que acompanha o pa\u00eds desde o nascedouro. Mas que agora atinge n\u00edveis inacredit\u00e1veis de distor\u00e7\u00e3o da linguagem e acabamento. \u00c9 um salvo conduto pra ser apoiador da viol\u00eancia mais brutal poss\u00edvel, sem vergonha de se declarar e, ali\u00e1s, em muitos casos, ostentando orgulho. Tem que matar mesmo.<\/div>\n<\/div>\n<div class=\"o9v6fnle cxmmr5t8 oygrvhab hcukyx3x c1et5uql ii04i59q\">\n<div dir=\"auto\">E a inf\u00e2ncia \u00e9 onde esse discurso violento \u00e9 mais cruel. Pelos interiores do pa\u00eds, s\u00e3o os \u201chomens de bem\u201d detentores do poder que d\u00e3o cobertura para as redes e os mecanismos de explora\u00e7\u00e3o sexual de crian\u00e7as, por exemplo. Fato sabido, denunciado, expl\u00edcito. Delegados, policiais, ju\u00edzes, vereadores, deputados \u2013 e com uma coisa em comum: todos bolsonaristas. Todos pela moral e bons costumes, todos contra o Bolsa Fam\u00edlia, todos falando de um Jesus vingativo e capitalista. Todos hoje desejando feliz dia das crian\u00e7as por a\u00ed.<\/div>\n<\/div>\n<div class=\"o9v6fnle cxmmr5t8 oygrvhab hcukyx3x c1et5uql ii04i59q\">\n<div dir=\"auto\">\u00c9 no tratamento \u00e0 inf\u00e2ncia que o pa\u00eds exibe sua face mais bizarra. Mais que o desamparo, a condena\u00e7\u00e3o \u00e0 morte por fome, bala e falta de perspectiva.<\/div>\n<\/div>\n<div class=\"o9v6fnle cxmmr5t8 oygrvhab hcukyx3x c1et5uql ii04i59q\">\n<div dir=\"auto\">N\u00e3o tem como dissociar uma coisa da outra. A primeira medida do temer ao assumir a presid\u00eancia ap\u00f3s o golpe foi instituir uma emenda constitucional que congelou por vinte anos, CONGELOU POR VINTE ANOS, os investimentos sociais no Brasil e isso significa, entre outras coisas, assassinar o futuro das crian\u00e7as de hoje e das que vir\u00e3o. O projeto de pa\u00eds que est\u00e1 no poder precisa da fome, da ignor\u00e2ncia e da doen\u00e7a do povo para se perpetuar, para quem ningu\u00e9m questione a merda de vida que a desigualdade social nos proporciona e nos condena.<\/div>\n<\/div>\n<div class=\"o9v6fnle cxmmr5t8 oygrvhab hcukyx3x c1et5uql ii04i59q\">\n<div dir=\"auto\">Bolsonaro \u00e9 s\u00f3 a continua\u00e7\u00e3o desse projeto de morte, s\u00f3 que sem nenhum verniz, nenhuma mes\u00f3clise, assumindo que tem que matar essa molecada mesmo, no melhor estilo \u201ctioz\u00e3o sincero\u201d num churrasco de domingo.<\/div>\n<\/div>\n<div class=\"o9v6fnle cxmmr5t8 oygrvhab hcukyx3x c1et5uql ii04i59q\">\n<div dir=\"auto\">Enquanto nos zapes e nas redes sociais da vida o dia hoje \u00e9 de mensagens fofas do dia das crian\u00e7as, a vida real da inf\u00e2ncia e da juventude no pa\u00eds afunda em n\u00edvel dram\u00e1tico. E com a fome voltando a ser normalizada, essa que \u00e9 a maior das viol\u00eancias num pa\u00eds rico em produ\u00e7\u00e3o de alimentos. Com a hipocrisia reinando absoluta nesse novo pacto macabro, com o supremo e com tudo.<\/div>\n<\/div>\n<div class=\"o9v6fnle cxmmr5t8 oygrvhab hcukyx3x c1et5uql ii04i59q\">\n<div dir=\"auto\">N\u00e3o d\u00e1 pra apoiar o bolsonarismo e desejar sinceramente feliz dias das crian\u00e7as. Foi mal. No mais, cuide de sua sa\u00fade e, principalmente, cuide da sua crian\u00e7a interior.<\/div>\n<\/div>\n<div class=\"o9v6fnle cxmmr5t8 oygrvhab hcukyx3x c1et5uql ii04i59q\">\n<div dir=\"auto\">&#8211;<\/div>\n<div dir=\"auto\">[ heraldo hb &#8211; outubro de 2020 ]<\/div>\n<\/div>\n<\/div>\n<\/div>\n<\/div>\n<\/div>\n<\/div>\n","protected":false},"excerpt":{"rendered":"<p>N\u00e3o tem a menor coer\u00eancia desejar feliz dia das crian\u00e7as e apoiar o bolsonarismo, mesmo&#8230;<\/p>\n","protected":false},"author":2,"featured_media":0,"comment_status":"open","ping_status":"closed","sticky":false,"template":"","format":"standard","meta":{"footnotes":""},"categories":[1,4],"tags":[],"class_list":["post-9291","post","type-post","status-publish","format-standard","hentry","category-botinada","category-opiniao"],"yoast_head":"<!-- This site is optimized with the Yoast SEO plugin v27.5 - https:\/\/yoast.com\/product\/yoast-seo-wordpress\/ -->\n<title>FELIZ DIA DAS CRIAN\u00c7AS - DE ALGUMAS CRIAN\u00c7AS - Lurdinha - Duque de Caxias para Est\u00f4magos Fortes<\/title>\n<meta name=\"robots\" content=\"index, follow, max-snippet:-1, max-image-preview:large, max-video-preview:-1\" \/>\n<link rel=\"canonical\" href=\"https:\/\/lurdinha.org\/site\/feliz-dia-das-criancas-de-algumas-criancas\/\" \/>\n<meta property=\"og:locale\" content=\"pt_BR\" \/>\n<meta property=\"og:type\" content=\"article\" \/>\n<meta property=\"og:title\" content=\"FELIZ DIA DAS CRIAN\u00c7AS - DE ALGUMAS CRIAN\u00c7AS - Lurdinha - Duque de Caxias para Est\u00f4magos Fortes\" \/>\n<meta property=\"og:description\" content=\"N\u00e3o tem a menor coer\u00eancia desejar feliz dia das crian\u00e7as e apoiar o bolsonarismo, mesmo...\" \/>\n<meta property=\"og:url\" content=\"https:\/\/lurdinha.org\/site\/feliz-dia-das-criancas-de-algumas-criancas\/\" \/>\n<meta property=\"og:site_name\" content=\"Lurdinha - Duque de Caxias para Est\u00f4magos Fortes\" \/>\n<meta property=\"article:publisher\" content=\"https:\/\/www.facebook.com\/LurdinhadeCaxias\" \/>\n<meta property=\"article:author\" content=\"botocudo\" \/>\n<meta property=\"article:published_time\" content=\"2020-10-12T18:09:05+00:00\" \/>\n<meta property=\"article:modified_time\" content=\"2020-10-12T18:09:22+00:00\" \/>\n<meta name=\"author\" content=\"heraldo hb\" \/>\n<meta name=\"twitter:card\" content=\"summary_large_image\" \/>\n<meta name=\"twitter:label1\" content=\"Escrito por\" \/>\n\t<meta name=\"twitter:data1\" content=\"heraldo hb\" \/>\n\t<meta name=\"twitter:label2\" content=\"Est. tempo de leitura\" \/>\n\t<meta name=\"twitter:data2\" content=\"3 minutos\" \/>\n<script type=\"application\/ld+json\" class=\"yoast-schema-graph\">{\"@context\":\"https:\\\/\\\/schema.org\",\"@graph\":[{\"@type\":\"Article\",\"@id\":\"https:\\\/\\\/lurdinha.org\\\/site\\\/feliz-dia-das-criancas-de-algumas-criancas\\\/#article\",\"isPartOf\":{\"@id\":\"https:\\\/\\\/lurdinha.org\\\/site\\\/feliz-dia-das-criancas-de-algumas-criancas\\\/\"},\"author\":{\"name\":\"heraldo hb\",\"@id\":\"https:\\\/\\\/lurdinha.org\\\/site\\\/#\\\/schema\\\/person\\\/b833bb6a7f82598bf0e95e4c30874251\"},\"headline\":\"FELIZ DIA DAS CRIAN\u00c7AS &#8211; DE ALGUMAS CRIAN\u00c7AS\",\"datePublished\":\"2020-10-12T18:09:05+00:00\",\"dateModified\":\"2020-10-12T18:09:22+00:00\",\"mainEntityOfPage\":{\"@id\":\"https:\\\/\\\/lurdinha.org\\\/site\\\/feliz-dia-das-criancas-de-algumas-criancas\\\/\"},\"wordCount\":609,\"commentCount\":0,\"publisher\":{\"@id\":\"https:\\\/\\\/lurdinha.org\\\/site\\\/#organization\"},\"articleSection\":[\"botinada\",\"uma opini\u00e3o\"],\"inLanguage\":\"pt-BR\",\"potentialAction\":[{\"@type\":\"CommentAction\",\"name\":\"Comment\",\"target\":[\"https:\\\/\\\/lurdinha.org\\\/site\\\/feliz-dia-das-criancas-de-algumas-criancas\\\/#respond\"]}]},{\"@type\":\"WebPage\",\"@id\":\"https:\\\/\\\/lurdinha.org\\\/site\\\/feliz-dia-das-criancas-de-algumas-criancas\\\/\",\"url\":\"https:\\\/\\\/lurdinha.org\\\/site\\\/feliz-dia-das-criancas-de-algumas-criancas\\\/\",\"name\":\"FELIZ DIA DAS CRIAN\u00c7AS - DE ALGUMAS CRIAN\u00c7AS - Lurdinha - Duque de Caxias para Est\u00f4magos Fortes\",\"isPartOf\":{\"@id\":\"https:\\\/\\\/lurdinha.org\\\/site\\\/#website\"},\"datePublished\":\"2020-10-12T18:09:05+00:00\",\"dateModified\":\"2020-10-12T18:09:22+00:00\",\"breadcrumb\":{\"@id\":\"https:\\\/\\\/lurdinha.org\\\/site\\\/feliz-dia-das-criancas-de-algumas-criancas\\\/#breadcrumb\"},\"inLanguage\":\"pt-BR\",\"potentialAction\":[{\"@type\":\"ReadAction\",\"target\":[\"https:\\\/\\\/lurdinha.org\\\/site\\\/feliz-dia-das-criancas-de-algumas-criancas\\\/\"]}]},{\"@type\":\"BreadcrumbList\",\"@id\":\"https:\\\/\\\/lurdinha.org\\\/site\\\/feliz-dia-das-criancas-de-algumas-criancas\\\/#breadcrumb\",\"itemListElement\":[{\"@type\":\"ListItem\",\"position\":1,\"name\":\"In\u00edcio\",\"item\":\"https:\\\/\\\/lurdinha.org\\\/site\\\/\"},{\"@type\":\"ListItem\",\"position\":2,\"name\":\"FELIZ DIA DAS CRIAN\u00c7AS &#8211; DE ALGUMAS CRIAN\u00c7AS\"}]},{\"@type\":\"WebSite\",\"@id\":\"https:\\\/\\\/lurdinha.org\\\/site\\\/#website\",\"url\":\"https:\\\/\\\/lurdinha.org\\\/site\\\/\",\"name\":\"Lurdinha - Duque de Caxias para Est\u00f4magos Fortes\",\"description\":\"Site sobre Arte, Cultura, Pol\u00edtica, Sociedade e curiosidades da cidade de Duque de Caxias, RJ\",\"publisher\":{\"@id\":\"https:\\\/\\\/lurdinha.org\\\/site\\\/#organization\"},\"alternateName\":\"Lurdinha\",\"potentialAction\":[{\"@type\":\"SearchAction\",\"target\":{\"@type\":\"EntryPoint\",\"urlTemplate\":\"https:\\\/\\\/lurdinha.org\\\/site\\\/?s={search_term_string}\"},\"query-input\":{\"@type\":\"PropertyValueSpecification\",\"valueRequired\":true,\"valueName\":\"search_term_string\"}}],\"inLanguage\":\"pt-BR\"},{\"@type\":\"Organization\",\"@id\":\"https:\\\/\\\/lurdinha.org\\\/site\\\/#organization\",\"name\":\"Lurdinha de Caxias\",\"url\":\"https:\\\/\\\/lurdinha.org\\\/site\\\/\",\"logo\":{\"@type\":\"ImageObject\",\"inLanguage\":\"pt-BR\",\"@id\":\"https:\\\/\\\/lurdinha.org\\\/site\\\/#\\\/schema\\\/logo\\\/image\\\/\",\"url\":\"https:\\\/\\\/lurdinha.org\\\/site\\\/wp-content\\\/uploads\\\/logo-lurdinha.jpg\",\"contentUrl\":\"https:\\\/\\\/lurdinha.org\\\/site\\\/wp-content\\\/uploads\\\/logo-lurdinha.jpg\",\"width\":640,\"height\":60,\"caption\":\"Lurdinha de Caxias\"},\"image\":{\"@id\":\"https:\\\/\\\/lurdinha.org\\\/site\\\/#\\\/schema\\\/logo\\\/image\\\/\"},\"sameAs\":[\"https:\\\/\\\/www.facebook.com\\\/LurdinhadeCaxias\",\"https:\\\/\\\/www.instagram.com\\\/lurdinhadecaxias\"]},{\"@type\":\"Person\",\"@id\":\"https:\\\/\\\/lurdinha.org\\\/site\\\/#\\\/schema\\\/person\\\/b833bb6a7f82598bf0e95e4c30874251\",\"name\":\"heraldo hb\",\"image\":{\"@type\":\"ImageObject\",\"inLanguage\":\"pt-BR\",\"@id\":\"https:\\\/\\\/secure.gravatar.com\\\/avatar\\\/5de9fe99c72cb6885bbdaa24b1c5738b0f673d265de18720fae7463d5f47b48d?s=96&d=mm&r=g\",\"url\":\"https:\\\/\\\/secure.gravatar.com\\\/avatar\\\/5de9fe99c72cb6885bbdaa24b1c5738b0f673d265de18720fae7463d5f47b48d?s=96&d=mm&r=g\",\"contentUrl\":\"https:\\\/\\\/secure.gravatar.com\\\/avatar\\\/5de9fe99c72cb6885bbdaa24b1c5738b0f673d265de18720fae7463d5f47b48d?s=96&d=mm&r=g\",\"caption\":\"heraldo hb\"},\"description\":\"Cineasta, animador cultural, escritor e educador nascido no s\u00e9culo XX\",\"sameAs\":[\"http:\\\/\\\/wwww.relinkare.org\",\"botocudo\",\"heraldohb\",\"relinkare\"],\"url\":\"https:\\\/\\\/lurdinha.org\\\/site\\\/author\\\/heraldohb\\\/\"}]}<\/script>\n<!-- \/ Yoast SEO plugin. -->","yoast_head_json":{"title":"FELIZ DIA DAS CRIAN\u00c7AS - DE ALGUMAS CRIAN\u00c7AS - Lurdinha - Duque de Caxias para Est\u00f4magos Fortes","robots":{"index":"index","follow":"follow","max-snippet":"max-snippet:-1","max-image-preview":"max-image-preview:large","max-video-preview":"max-video-preview:-1"},"canonical":"https:\/\/lurdinha.org\/site\/feliz-dia-das-criancas-de-algumas-criancas\/","og_locale":"pt_BR","og_type":"article","og_title":"FELIZ DIA DAS CRIAN\u00c7AS - DE ALGUMAS CRIAN\u00c7AS - Lurdinha - Duque de Caxias para Est\u00f4magos Fortes","og_description":"N\u00e3o tem a menor coer\u00eancia desejar feliz dia das crian\u00e7as e apoiar o bolsonarismo, mesmo...","og_url":"https:\/\/lurdinha.org\/site\/feliz-dia-das-criancas-de-algumas-criancas\/","og_site_name":"Lurdinha - Duque de Caxias para Est\u00f4magos Fortes","article_publisher":"https:\/\/www.facebook.com\/LurdinhadeCaxias","article_author":"botocudo","article_published_time":"2020-10-12T18:09:05+00:00","article_modified_time":"2020-10-12T18:09:22+00:00","author":"heraldo hb","twitter_card":"summary_large_image","twitter_misc":{"Escrito por":"heraldo hb","Est. tempo de leitura":"3 minutos"},"schema":{"@context":"https:\/\/schema.org","@graph":[{"@type":"Article","@id":"https:\/\/lurdinha.org\/site\/feliz-dia-das-criancas-de-algumas-criancas\/#article","isPartOf":{"@id":"https:\/\/lurdinha.org\/site\/feliz-dia-das-criancas-de-algumas-criancas\/"},"author":{"name":"heraldo hb","@id":"https:\/\/lurdinha.org\/site\/#\/schema\/person\/b833bb6a7f82598bf0e95e4c30874251"},"headline":"FELIZ DIA DAS CRIAN\u00c7AS &#8211; DE ALGUMAS CRIAN\u00c7AS","datePublished":"2020-10-12T18:09:05+00:00","dateModified":"2020-10-12T18:09:22+00:00","mainEntityOfPage":{"@id":"https:\/\/lurdinha.org\/site\/feliz-dia-das-criancas-de-algumas-criancas\/"},"wordCount":609,"commentCount":0,"publisher":{"@id":"https:\/\/lurdinha.org\/site\/#organization"},"articleSection":["botinada","uma opini\u00e3o"],"inLanguage":"pt-BR","potentialAction":[{"@type":"CommentAction","name":"Comment","target":["https:\/\/lurdinha.org\/site\/feliz-dia-das-criancas-de-algumas-criancas\/#respond"]}]},{"@type":"WebPage","@id":"https:\/\/lurdinha.org\/site\/feliz-dia-das-criancas-de-algumas-criancas\/","url":"https:\/\/lurdinha.org\/site\/feliz-dia-das-criancas-de-algumas-criancas\/","name":"FELIZ DIA DAS CRIAN\u00c7AS - DE ALGUMAS CRIAN\u00c7AS - Lurdinha - Duque de Caxias para Est\u00f4magos Fortes","isPartOf":{"@id":"https:\/\/lurdinha.org\/site\/#website"},"datePublished":"2020-10-12T18:09:05+00:00","dateModified":"2020-10-12T18:09:22+00:00","breadcrumb":{"@id":"https:\/\/lurdinha.org\/site\/feliz-dia-das-criancas-de-algumas-criancas\/#breadcrumb"},"inLanguage":"pt-BR","potentialAction":[{"@type":"ReadAction","target":["https:\/\/lurdinha.org\/site\/feliz-dia-das-criancas-de-algumas-criancas\/"]}]},{"@type":"BreadcrumbList","@id":"https:\/\/lurdinha.org\/site\/feliz-dia-das-criancas-de-algumas-criancas\/#breadcrumb","itemListElement":[{"@type":"ListItem","position":1,"name":"In\u00edcio","item":"https:\/\/lurdinha.org\/site\/"},{"@type":"ListItem","position":2,"name":"FELIZ DIA DAS CRIAN\u00c7AS &#8211; DE ALGUMAS CRIAN\u00c7AS"}]},{"@type":"WebSite","@id":"https:\/\/lurdinha.org\/site\/#website","url":"https:\/\/lurdinha.org\/site\/","name":"Lurdinha - Duque de Caxias para Est\u00f4magos Fortes","description":"Site sobre Arte, Cultura, Pol\u00edtica, Sociedade e curiosidades da cidade de Duque de Caxias, RJ","publisher":{"@id":"https:\/\/lurdinha.org\/site\/#organization"},"alternateName":"Lurdinha","potentialAction":[{"@type":"SearchAction","target":{"@type":"EntryPoint","urlTemplate":"https:\/\/lurdinha.org\/site\/?s={search_term_string}"},"query-input":{"@type":"PropertyValueSpecification","valueRequired":true,"valueName":"search_term_string"}}],"inLanguage":"pt-BR"},{"@type":"Organization","@id":"https:\/\/lurdinha.org\/site\/#organization","name":"Lurdinha de Caxias","url":"https:\/\/lurdinha.org\/site\/","logo":{"@type":"ImageObject","inLanguage":"pt-BR","@id":"https:\/\/lurdinha.org\/site\/#\/schema\/logo\/image\/","url":"https:\/\/lurdinha.org\/site\/wp-content\/uploads\/logo-lurdinha.jpg","contentUrl":"https:\/\/lurdinha.org\/site\/wp-content\/uploads\/logo-lurdinha.jpg","width":640,"height":60,"caption":"Lurdinha de Caxias"},"image":{"@id":"https:\/\/lurdinha.org\/site\/#\/schema\/logo\/image\/"},"sameAs":["https:\/\/www.facebook.com\/LurdinhadeCaxias","https:\/\/www.instagram.com\/lurdinhadecaxias"]},{"@type":"Person","@id":"https:\/\/lurdinha.org\/site\/#\/schema\/person\/b833bb6a7f82598bf0e95e4c30874251","name":"heraldo hb","image":{"@type":"ImageObject","inLanguage":"pt-BR","@id":"https:\/\/secure.gravatar.com\/avatar\/5de9fe99c72cb6885bbdaa24b1c5738b0f673d265de18720fae7463d5f47b48d?s=96&d=mm&r=g","url":"https:\/\/secure.gravatar.com\/avatar\/5de9fe99c72cb6885bbdaa24b1c5738b0f673d265de18720fae7463d5f47b48d?s=96&d=mm&r=g","contentUrl":"https:\/\/secure.gravatar.com\/avatar\/5de9fe99c72cb6885bbdaa24b1c5738b0f673d265de18720fae7463d5f47b48d?s=96&d=mm&r=g","caption":"heraldo hb"},"description":"Cineasta, animador cultural, escritor e educador nascido no s\u00e9culo XX","sameAs":["http:\/\/wwww.relinkare.org","botocudo","heraldohb","relinkare"],"url":"https:\/\/lurdinha.org\/site\/author\/heraldohb\/"}]}},"views":1407,"_links":{"self":[{"href":"https:\/\/lurdinha.org\/site\/wp-json\/wp\/v2\/posts\/9291","targetHints":{"allow":["GET"]}}],"collection":[{"href":"https:\/\/lurdinha.org\/site\/wp-json\/wp\/v2\/posts"}],"about":[{"href":"https:\/\/lurdinha.org\/site\/wp-json\/wp\/v2\/types\/post"}],"author":[{"embeddable":true,"href":"https:\/\/lurdinha.org\/site\/wp-json\/wp\/v2\/users\/2"}],"replies":[{"embeddable":true,"href":"https:\/\/lurdinha.org\/site\/wp-json\/wp\/v2\/comments?post=9291"}],"version-history":[{"count":1,"href":"https:\/\/lurdinha.org\/site\/wp-json\/wp\/v2\/posts\/9291\/revisions"}],"predecessor-version":[{"id":9292,"href":"https:\/\/lurdinha.org\/site\/wp-json\/wp\/v2\/posts\/9291\/revisions\/9292"}],"wp:attachment":[{"href":"https:\/\/lurdinha.org\/site\/wp-json\/wp\/v2\/media?parent=9291"}],"wp:term":[{"taxonomy":"category","embeddable":true,"href":"https:\/\/lurdinha.org\/site\/wp-json\/wp\/v2\/categories?post=9291"},{"taxonomy":"post_tag","embeddable":true,"href":"https:\/\/lurdinha.org\/site\/wp-json\/wp\/v2\/tags?post=9291"}],"curies":[{"name":"wp","href":"https:\/\/api.w.org\/{rel}","templated":true}]}}