{"id":9249,"date":"2020-10-01T18:47:07","date_gmt":"2020-10-01T18:47:07","guid":{"rendered":"https:\/\/lurdinha.org\/site\/?p=9249"},"modified":"2020-10-01T20:36:55","modified_gmt":"2020-10-01T20:36:55","slug":"recuperada-imagem-da-igreja-de-nossa-senhora-do-pilar-rj-apos-46-anos-desaparecida","status":"publish","type":"post","link":"https:\/\/lurdinha.org\/site\/recuperada-imagem-da-igreja-de-nossa-senhora-do-pilar-rj-apos-46-anos-desaparecida\/","title":{"rendered":"Recuperada imagem da Igreja de Nossa Senhora do Pilar (RJ), ap\u00f3s 46 anos desaparecida"},"content":{"rendered":"<p><em>via <a href=\"http:\/\/iphan.gov.br\" target=\"_blank\" rel=\"noopener noreferrer\">Iphan<\/a><\/em><\/p>\n<h3 class=\"AlignJustify\">Na \u00faltima ter\u00e7a-feira, 29 de setembro, foi realizada a apreens\u00e3o e o reconhecimento de uma imagem do acervo da Igreja Matriz de Nossa Senhora do Pilar, em Duque de Caxias, munic\u00edpio do RJ. A escultura foi furtada em 1974 e constava na lista de bens procurados pela Organiza\u00e7\u00e3o Internacional de Pol\u00edcia Criminal (Interpol) desde 2016. Apreendida em Belo Horizonte (BH), a obra integrava ilegalmente o acervo de um colecionador privado.<\/h3>\n<p><img loading=\"lazy\" decoding=\"async\" class=\"alignnone size-full\" src=\"http:\/\/portal.iphan.gov.br\/uploads\/ckfinder\/images\/Diversas\/RJ_Duque_de_Caxias\/1.jpg\" width=\"880\" height=\"586\" \/><\/p>\n<p class=\"AlignJustify\">O Instituto do Patrim\u00f4nio Hist\u00f3rico e Art\u00edstico Nacional (Iphan) acompanhou o reconhecimento na Delegacia de Repress\u00e3o a Crimes Contra o Meio Ambiente e Patrim\u00f4nio Hist\u00f3rico da Pol\u00edcia Federal na capital mineira. Tamb\u00e9m estiveram presentes representantes da Mitra Diocesana de Duque de Caxias, institui\u00e7\u00e3o respons\u00e1vel pela Igreja do Pilar. Ap\u00f3s a recupera\u00e7\u00e3o, a imagem ser\u00e1 acomodada junto a outras pe\u00e7as que comp\u00f5em o acervo da Mitra.<\/p>\n<p class=\"AlignJustify\">O paradeiro da obra come\u00e7ou a ser desvendado pela pr\u00f3pria Mitra, quando a equipe de historiadores e restauradores da institui\u00e7\u00e3o identificou a imagem em um cat\u00e1logo de obras de artes. A partir da suspeita, o Minist\u00e9rio P\u00fablico e a PF foram acionados para dar in\u00edcio aos procedimentos de den\u00fancia e investiga\u00e7\u00e3o.<\/p>\n<p class=\"AlignJustify\">A imagem representa Betsab\u00e1, que figura na B\u00edblia como esposa do rei Davi e m\u00e3e do rei Salom\u00e3o. A origem da escultura de um metro e 20 cent\u00edmetros remonta \u00e0 primeira metade do s\u00e9culo XVIII. Apesar de apresentar fissuras e de faltarem alguns dedos, no geral apresenta bom estado de conserva\u00e7\u00e3o.<\/p>\n<p class=\"AlignJustify\"><img decoding=\"async\" title=\"A origem da escultura de 1 metro e 20 cent\u00edmetros remonta \u00e0 primeira metade do s\u00e9culo XVIII. Foto: Leonardo Quirino.\" src=\"http:\/\/portal.iphan.gov.br\/uploads\/ckfinder\/images\/Diversas\/RJ_Duque_de_Caxias\/2.jpg\" alt=\"A origem da escultura de 1 metro e 20 cent\u00edmetros remonta \u00e0 primeira metade do s\u00e9culo XVIII.\" \/><\/p>\n<p class=\"AlignJustify\">Ao lado da imagem do rei Davi, a santa comp\u00f5e um conjunto escult\u00f3rico que orna o coroamento, parte superior do principal altar do templo, o altar-mor. Enquanto Betsab\u00e1 \u00e9 apresentada de bra\u00e7os abertos, o seu par aparece tocando harpa. Ap\u00f3s ser furtada, a imagem do rei Davi tamb\u00e9m foi apreendida pela PF e encontra-se atualmente em uma delegacia de S\u00e3o Paulo (SP). Na delegacia, ainda consta um dos capit\u00e9is do altar-mor, igualmente furtado. Agora, essas pe\u00e7as passar\u00e3o pelo mesmo processo de reconhecimento que identificou a escultura de Betsab\u00e1.<\/p>\n<p class=\"AlignJustify\">Segundo a Mitra Diocesana de Duque de Caxias, no contexto da arte barroca, as imagens auxiliavam na catequiza\u00e7\u00e3o dos fi\u00e9is, que n\u00e3o tinham acesso ao textos da B\u00edblia. A transcend\u00eancia est\u00e9tica das obras fortalecia os ensinamentos religiosos atrav\u00e9s do encantamento dos devotos com a beleza art\u00edstica.<\/p>\n<p class=\"AlignJustify\"><img decoding=\"async\" title=\"Como outras constru\u00e7\u00f5es jesu\u00edticas do s\u00e9culo XVII, a igreja tem ares de fortaleza colonial. T\u00e9cnicas tradicionais ergueram o pr\u00e9dio com grossas paredes, em alvenaria de pedra. Foto: Daniela Reis \/ Iphan.\" src=\"http:\/\/portal.iphan.gov.br\/uploads\/ckfinder\/images\/Diversas\/RJ_Duque_de_Caxias\/igreja_do_pilar_setembro_2020.jpg\" alt=\"Como outras constru\u00e7\u00f5es jesu\u00edticas do s\u00e9culo XVII, a igreja tem ares de fortaleza colonial. T\u00e9cnicas tradicionais ergueram o pr\u00e9dio com grossas paredes, em alvenaria de pedra.\" \/><\/p>\n<p class=\"AlignJustify\">A igreja do Pilar e todo o seu acervo foram tombados em 1938, um ano ap\u00f3s a cria\u00e7\u00e3o do Iphan. O monumento est\u00e1 inscrito no Livro do Tombo das Belas Artes. Atualmente, o<a href=\"http:\/\/portal.iphan.gov.br\/noticias\/detalhes\/5526\" target=\"_blank\" rel=\"noopener noreferrer\"> templo est\u00e1 passando por obras de restaura\u00e7\u00e3o<\/a>.\u00a0 O Iphan designou aproximadamente R$ 2 milh\u00f5es para as interven\u00e7\u00f5es, previstas para durar at\u00e9 dezembro de 2020. Ap\u00f3s o encerramento dos trabalhos, o templo deve ser entregue \u00e0 Mitra Diocesana no primeiro trimestre de 2021.<\/p>\n<p class=\"AlignJustify\">A edifica\u00e7\u00e3o acumula mais de 300 anos de hist\u00f3ria. Nesse tempo, assistiu ao crescimento da cidade ao redor. O ano de 1720 marca o in\u00edcio da constru\u00e7\u00e3o da Matriz nos moldes atuais. Hoje em dia, a Igreja d\u00e1 nome ao bairro no qual se encontra, o bairro do Pilar.<\/p>\n<p class=\"AlignJustify\"><strong>Tr\u00e1fico de bens culturais<\/strong><br \/>\nO Iphan, autarquia federal vinculada \u00e0 Secretaria Especial de Cultura do Minist\u00e9rio do Turismo, participa do esfor\u00e7o internacional no combate ao tr\u00e1fico de bens culturais por meio da manuten\u00e7\u00e3o do Cadastro Nacional de Negociantes de Antiguidades e Obras de Arte (Cnart).<\/p>\n<p class=\"AlignJustify\">Al\u00e9m disso o Iphan disp\u00f5e de um Banco de Dados de Bens Culturais. Quando um bem cultural m\u00f3vel tombado \u00e9 furtado ou roubado, passa a integrar o Banco de Dados para que seja poss\u00edvel identificar e recuperar esse patrim\u00f4nio, bem como devolv\u00ea-lo ao seu local de origem. Estes dados s\u00e3o repassados para a PF e a Interpol. Complementa os esfor\u00e7os, a manifesta\u00e7\u00e3o do Instituto para aprovar a <a href=\"http:\/\/portal.iphan.gov.br\/pagina\/detalhes\/881\">sa\u00edda de determinados bens culturais do Brasil<\/a>.<\/p>\n","protected":false},"excerpt":{"rendered":"<p>via Iphan Na \u00faltima ter\u00e7a-feira, 29 de setembro, foi realizada a apreens\u00e3o e o reconhecimento&#8230;<\/p>\n","protected":false},"author":2,"featured_media":2305,"comment_status":"open","ping_status":"closed","sticky":false,"template":"","format":"standard","meta":{"footnotes":""},"categories":[9,5],"tags":[12,210,11,323,1188,373],"class_list":["post-9249","post","type-post","status-publish","format-standard","has-post-thumbnail","hentry","category-historia","category-umaboa","tag-baixada-fluminense","tag-cultura","tag-duque-de-caxias","tag-igreja-do-pilar","tag-patrimonio-historico","tag-pilar"],"yoast_head":"<!-- This site is optimized with the Yoast SEO plugin v27.5 - https:\/\/yoast.com\/product\/yoast-seo-wordpress\/ -->\n<title>Recuperada imagem da Igreja de Nossa Senhora do Pilar (RJ), ap\u00f3s 46 anos desaparecida - Lurdinha - Duque de Caxias para Est\u00f4magos Fortes<\/title>\n<meta name=\"robots\" content=\"index, follow, max-snippet:-1, max-image-preview:large, max-video-preview:-1\" \/>\n<link rel=\"canonical\" href=\"https:\/\/lurdinha.org\/site\/recuperada-imagem-da-igreja-de-nossa-senhora-do-pilar-rj-apos-46-anos-desaparecida\/\" \/>\n<meta property=\"og:locale\" content=\"pt_BR\" \/>\n<meta property=\"og:type\" content=\"article\" \/>\n<meta property=\"og:title\" content=\"Recuperada imagem da Igreja de Nossa Senhora do Pilar (RJ), ap\u00f3s 46 anos desaparecida - Lurdinha - Duque de Caxias para Est\u00f4magos Fortes\" \/>\n<meta property=\"og:description\" content=\"via Iphan Na \u00faltima ter\u00e7a-feira, 29 de setembro, foi realizada a apreens\u00e3o e o reconhecimento...\" \/>\n<meta property=\"og:url\" content=\"https:\/\/lurdinha.org\/site\/recuperada-imagem-da-igreja-de-nossa-senhora-do-pilar-rj-apos-46-anos-desaparecida\/\" \/>\n<meta property=\"og:site_name\" content=\"Lurdinha - Duque de Caxias para Est\u00f4magos Fortes\" \/>\n<meta property=\"article:publisher\" content=\"https:\/\/www.facebook.com\/LurdinhadeCaxias\" \/>\n<meta property=\"article:author\" content=\"botocudo\" \/>\n<meta property=\"article:published_time\" content=\"2020-10-01T18:47:07+00:00\" \/>\n<meta property=\"article:modified_time\" content=\"2020-10-01T20:36:55+00:00\" \/>\n<meta property=\"og:image\" content=\"https:\/\/lurdinha.org\/site\/wp-content\/uploads\/igrejadopilar.jpg\" \/>\n\t<meta property=\"og:image:width\" content=\"500\" \/>\n\t<meta property=\"og:image:height\" content=\"333\" \/>\n\t<meta property=\"og:image:type\" content=\"image\/jpeg\" \/>\n<meta name=\"author\" content=\"heraldo hb\" \/>\n<meta name=\"twitter:card\" content=\"summary_large_image\" \/>\n<meta name=\"twitter:label1\" content=\"Escrito por\" \/>\n\t<meta name=\"twitter:data1\" content=\"heraldo hb\" \/>\n\t<meta name=\"twitter:label2\" content=\"Est. tempo de leitura\" \/>\n\t<meta name=\"twitter:data2\" content=\"3 minutos\" \/>\n<script type=\"application\/ld+json\" class=\"yoast-schema-graph\">{\"@context\":\"https:\\\/\\\/schema.org\",\"@graph\":[{\"@type\":\"Article\",\"@id\":\"https:\\\/\\\/lurdinha.org\\\/site\\\/recuperada-imagem-da-igreja-de-nossa-senhora-do-pilar-rj-apos-46-anos-desaparecida\\\/#article\",\"isPartOf\":{\"@id\":\"https:\\\/\\\/lurdinha.org\\\/site\\\/recuperada-imagem-da-igreja-de-nossa-senhora-do-pilar-rj-apos-46-anos-desaparecida\\\/\"},\"author\":{\"name\":\"heraldo hb\",\"@id\":\"https:\\\/\\\/lurdinha.org\\\/site\\\/#\\\/schema\\\/person\\\/b833bb6a7f82598bf0e95e4c30874251\"},\"headline\":\"Recuperada imagem da Igreja de Nossa Senhora do Pilar (RJ), ap\u00f3s 46 anos desaparecida\",\"datePublished\":\"2020-10-01T18:47:07+00:00\",\"dateModified\":\"2020-10-01T20:36:55+00:00\",\"mainEntityOfPage\":{\"@id\":\"https:\\\/\\\/lurdinha.org\\\/site\\\/recuperada-imagem-da-igreja-de-nossa-senhora-do-pilar-rj-apos-46-anos-desaparecida\\\/\"},\"wordCount\":691,\"commentCount\":0,\"publisher\":{\"@id\":\"https:\\\/\\\/lurdinha.org\\\/site\\\/#organization\"},\"image\":{\"@id\":\"https:\\\/\\\/lurdinha.org\\\/site\\\/recuperada-imagem-da-igreja-de-nossa-senhora-do-pilar-rj-apos-46-anos-desaparecida\\\/#primaryimage\"},\"thumbnailUrl\":\"https:\\\/\\\/lurdinha.org\\\/site\\\/wp-content\\\/uploads\\\/igrejadopilar.jpg\",\"keywords\":[\"baixada-fluminense\",\"cultura\",\"duque-de-caxias\",\"Igreja do Pilar\",\"patrimonio historico\",\"Pilar\"],\"articleSection\":[\"hist\u00f3ria\",\"uma boa\"],\"inLanguage\":\"pt-BR\",\"potentialAction\":[{\"@type\":\"CommentAction\",\"name\":\"Comment\",\"target\":[\"https:\\\/\\\/lurdinha.org\\\/site\\\/recuperada-imagem-da-igreja-de-nossa-senhora-do-pilar-rj-apos-46-anos-desaparecida\\\/#respond\"]}]},{\"@type\":\"WebPage\",\"@id\":\"https:\\\/\\\/lurdinha.org\\\/site\\\/recuperada-imagem-da-igreja-de-nossa-senhora-do-pilar-rj-apos-46-anos-desaparecida\\\/\",\"url\":\"https:\\\/\\\/lurdinha.org\\\/site\\\/recuperada-imagem-da-igreja-de-nossa-senhora-do-pilar-rj-apos-46-anos-desaparecida\\\/\",\"name\":\"Recuperada imagem da Igreja de Nossa Senhora do Pilar (RJ), ap\u00f3s 46 anos desaparecida - Lurdinha - Duque de Caxias para Est\u00f4magos Fortes\",\"isPartOf\":{\"@id\":\"https:\\\/\\\/lurdinha.org\\\/site\\\/#website\"},\"primaryImageOfPage\":{\"@id\":\"https:\\\/\\\/lurdinha.org\\\/site\\\/recuperada-imagem-da-igreja-de-nossa-senhora-do-pilar-rj-apos-46-anos-desaparecida\\\/#primaryimage\"},\"image\":{\"@id\":\"https:\\\/\\\/lurdinha.org\\\/site\\\/recuperada-imagem-da-igreja-de-nossa-senhora-do-pilar-rj-apos-46-anos-desaparecida\\\/#primaryimage\"},\"thumbnailUrl\":\"https:\\\/\\\/lurdinha.org\\\/site\\\/wp-content\\\/uploads\\\/igrejadopilar.jpg\",\"datePublished\":\"2020-10-01T18:47:07+00:00\",\"dateModified\":\"2020-10-01T20:36:55+00:00\",\"breadcrumb\":{\"@id\":\"https:\\\/\\\/lurdinha.org\\\/site\\\/recuperada-imagem-da-igreja-de-nossa-senhora-do-pilar-rj-apos-46-anos-desaparecida\\\/#breadcrumb\"},\"inLanguage\":\"pt-BR\",\"potentialAction\":[{\"@type\":\"ReadAction\",\"target\":[\"https:\\\/\\\/lurdinha.org\\\/site\\\/recuperada-imagem-da-igreja-de-nossa-senhora-do-pilar-rj-apos-46-anos-desaparecida\\\/\"]}]},{\"@type\":\"ImageObject\",\"inLanguage\":\"pt-BR\",\"@id\":\"https:\\\/\\\/lurdinha.org\\\/site\\\/recuperada-imagem-da-igreja-de-nossa-senhora-do-pilar-rj-apos-46-anos-desaparecida\\\/#primaryimage\",\"url\":\"https:\\\/\\\/lurdinha.org\\\/site\\\/wp-content\\\/uploads\\\/igrejadopilar.jpg\",\"contentUrl\":\"https:\\\/\\\/lurdinha.org\\\/site\\\/wp-content\\\/uploads\\\/igrejadopilar.jpg\",\"width\":500,\"height\":333,\"caption\":\"Igreja Nossa Senhora do Pilar, de p\u00e9 desde 1720\"},{\"@type\":\"BreadcrumbList\",\"@id\":\"https:\\\/\\\/lurdinha.org\\\/site\\\/recuperada-imagem-da-igreja-de-nossa-senhora-do-pilar-rj-apos-46-anos-desaparecida\\\/#breadcrumb\",\"itemListElement\":[{\"@type\":\"ListItem\",\"position\":1,\"name\":\"In\u00edcio\",\"item\":\"https:\\\/\\\/lurdinha.org\\\/site\\\/\"},{\"@type\":\"ListItem\",\"position\":2,\"name\":\"Recuperada imagem da Igreja de Nossa Senhora do Pilar (RJ), ap\u00f3s 46 anos desaparecida\"}]},{\"@type\":\"WebSite\",\"@id\":\"https:\\\/\\\/lurdinha.org\\\/site\\\/#website\",\"url\":\"https:\\\/\\\/lurdinha.org\\\/site\\\/\",\"name\":\"Lurdinha - Duque de Caxias para Est\u00f4magos Fortes\",\"description\":\"Site sobre Arte, Cultura, Pol\u00edtica, Sociedade e curiosidades da cidade de Duque de Caxias, RJ\",\"publisher\":{\"@id\":\"https:\\\/\\\/lurdinha.org\\\/site\\\/#organization\"},\"alternateName\":\"Lurdinha\",\"potentialAction\":[{\"@type\":\"SearchAction\",\"target\":{\"@type\":\"EntryPoint\",\"urlTemplate\":\"https:\\\/\\\/lurdinha.org\\\/site\\\/?s={search_term_string}\"},\"query-input\":{\"@type\":\"PropertyValueSpecification\",\"valueRequired\":true,\"valueName\":\"search_term_string\"}}],\"inLanguage\":\"pt-BR\"},{\"@type\":\"Organization\",\"@id\":\"https:\\\/\\\/lurdinha.org\\\/site\\\/#organization\",\"name\":\"Lurdinha de Caxias\",\"url\":\"https:\\\/\\\/lurdinha.org\\\/site\\\/\",\"logo\":{\"@type\":\"ImageObject\",\"inLanguage\":\"pt-BR\",\"@id\":\"https:\\\/\\\/lurdinha.org\\\/site\\\/#\\\/schema\\\/logo\\\/image\\\/\",\"url\":\"https:\\\/\\\/lurdinha.org\\\/site\\\/wp-content\\\/uploads\\\/logo-lurdinha.jpg\",\"contentUrl\":\"https:\\\/\\\/lurdinha.org\\\/site\\\/wp-content\\\/uploads\\\/logo-lurdinha.jpg\",\"width\":640,\"height\":60,\"caption\":\"Lurdinha de Caxias\"},\"image\":{\"@id\":\"https:\\\/\\\/lurdinha.org\\\/site\\\/#\\\/schema\\\/logo\\\/image\\\/\"},\"sameAs\":[\"https:\\\/\\\/www.facebook.com\\\/LurdinhadeCaxias\",\"https:\\\/\\\/www.instagram.com\\\/lurdinhadecaxias\"]},{\"@type\":\"Person\",\"@id\":\"https:\\\/\\\/lurdinha.org\\\/site\\\/#\\\/schema\\\/person\\\/b833bb6a7f82598bf0e95e4c30874251\",\"name\":\"heraldo hb\",\"image\":{\"@type\":\"ImageObject\",\"inLanguage\":\"pt-BR\",\"@id\":\"https:\\\/\\\/secure.gravatar.com\\\/avatar\\\/5de9fe99c72cb6885bbdaa24b1c5738b0f673d265de18720fae7463d5f47b48d?s=96&d=mm&r=g\",\"url\":\"https:\\\/\\\/secure.gravatar.com\\\/avatar\\\/5de9fe99c72cb6885bbdaa24b1c5738b0f673d265de18720fae7463d5f47b48d?s=96&d=mm&r=g\",\"contentUrl\":\"https:\\\/\\\/secure.gravatar.com\\\/avatar\\\/5de9fe99c72cb6885bbdaa24b1c5738b0f673d265de18720fae7463d5f47b48d?s=96&d=mm&r=g\",\"caption\":\"heraldo hb\"},\"description\":\"Cineasta, animador cultural, escritor e educador nascido no s\u00e9culo XX\",\"sameAs\":[\"http:\\\/\\\/wwww.relinkare.org\",\"botocudo\",\"heraldohb\",\"relinkare\"],\"url\":\"https:\\\/\\\/lurdinha.org\\\/site\\\/author\\\/heraldohb\\\/\"}]}<\/script>\n<!-- \/ Yoast SEO plugin. -->","yoast_head_json":{"title":"Recuperada imagem da Igreja de Nossa Senhora do Pilar (RJ), ap\u00f3s 46 anos desaparecida - Lurdinha - Duque de Caxias para Est\u00f4magos Fortes","robots":{"index":"index","follow":"follow","max-snippet":"max-snippet:-1","max-image-preview":"max-image-preview:large","max-video-preview":"max-video-preview:-1"},"canonical":"https:\/\/lurdinha.org\/site\/recuperada-imagem-da-igreja-de-nossa-senhora-do-pilar-rj-apos-46-anos-desaparecida\/","og_locale":"pt_BR","og_type":"article","og_title":"Recuperada imagem da Igreja de Nossa Senhora do Pilar (RJ), ap\u00f3s 46 anos desaparecida - Lurdinha - Duque de Caxias para Est\u00f4magos Fortes","og_description":"via Iphan Na \u00faltima ter\u00e7a-feira, 29 de setembro, foi realizada a apreens\u00e3o e o reconhecimento...","og_url":"https:\/\/lurdinha.org\/site\/recuperada-imagem-da-igreja-de-nossa-senhora-do-pilar-rj-apos-46-anos-desaparecida\/","og_site_name":"Lurdinha - Duque de Caxias para Est\u00f4magos Fortes","article_publisher":"https:\/\/www.facebook.com\/LurdinhadeCaxias","article_author":"botocudo","article_published_time":"2020-10-01T18:47:07+00:00","article_modified_time":"2020-10-01T20:36:55+00:00","og_image":[{"width":500,"height":333,"url":"https:\/\/lurdinha.org\/site\/wp-content\/uploads\/igrejadopilar.jpg","type":"image\/jpeg"}],"author":"heraldo hb","twitter_card":"summary_large_image","twitter_misc":{"Escrito por":"heraldo hb","Est. tempo de leitura":"3 minutos"},"schema":{"@context":"https:\/\/schema.org","@graph":[{"@type":"Article","@id":"https:\/\/lurdinha.org\/site\/recuperada-imagem-da-igreja-de-nossa-senhora-do-pilar-rj-apos-46-anos-desaparecida\/#article","isPartOf":{"@id":"https:\/\/lurdinha.org\/site\/recuperada-imagem-da-igreja-de-nossa-senhora-do-pilar-rj-apos-46-anos-desaparecida\/"},"author":{"name":"heraldo hb","@id":"https:\/\/lurdinha.org\/site\/#\/schema\/person\/b833bb6a7f82598bf0e95e4c30874251"},"headline":"Recuperada imagem da Igreja de Nossa Senhora do Pilar (RJ), ap\u00f3s 46 anos desaparecida","datePublished":"2020-10-01T18:47:07+00:00","dateModified":"2020-10-01T20:36:55+00:00","mainEntityOfPage":{"@id":"https:\/\/lurdinha.org\/site\/recuperada-imagem-da-igreja-de-nossa-senhora-do-pilar-rj-apos-46-anos-desaparecida\/"},"wordCount":691,"commentCount":0,"publisher":{"@id":"https:\/\/lurdinha.org\/site\/#organization"},"image":{"@id":"https:\/\/lurdinha.org\/site\/recuperada-imagem-da-igreja-de-nossa-senhora-do-pilar-rj-apos-46-anos-desaparecida\/#primaryimage"},"thumbnailUrl":"https:\/\/lurdinha.org\/site\/wp-content\/uploads\/igrejadopilar.jpg","keywords":["baixada-fluminense","cultura","duque-de-caxias","Igreja do Pilar","patrimonio historico","Pilar"],"articleSection":["hist\u00f3ria","uma boa"],"inLanguage":"pt-BR","potentialAction":[{"@type":"CommentAction","name":"Comment","target":["https:\/\/lurdinha.org\/site\/recuperada-imagem-da-igreja-de-nossa-senhora-do-pilar-rj-apos-46-anos-desaparecida\/#respond"]}]},{"@type":"WebPage","@id":"https:\/\/lurdinha.org\/site\/recuperada-imagem-da-igreja-de-nossa-senhora-do-pilar-rj-apos-46-anos-desaparecida\/","url":"https:\/\/lurdinha.org\/site\/recuperada-imagem-da-igreja-de-nossa-senhora-do-pilar-rj-apos-46-anos-desaparecida\/","name":"Recuperada imagem da Igreja de Nossa Senhora do Pilar (RJ), ap\u00f3s 46 anos desaparecida - Lurdinha - Duque de Caxias para Est\u00f4magos Fortes","isPartOf":{"@id":"https:\/\/lurdinha.org\/site\/#website"},"primaryImageOfPage":{"@id":"https:\/\/lurdinha.org\/site\/recuperada-imagem-da-igreja-de-nossa-senhora-do-pilar-rj-apos-46-anos-desaparecida\/#primaryimage"},"image":{"@id":"https:\/\/lurdinha.org\/site\/recuperada-imagem-da-igreja-de-nossa-senhora-do-pilar-rj-apos-46-anos-desaparecida\/#primaryimage"},"thumbnailUrl":"https:\/\/lurdinha.org\/site\/wp-content\/uploads\/igrejadopilar.jpg","datePublished":"2020-10-01T18:47:07+00:00","dateModified":"2020-10-01T20:36:55+00:00","breadcrumb":{"@id":"https:\/\/lurdinha.org\/site\/recuperada-imagem-da-igreja-de-nossa-senhora-do-pilar-rj-apos-46-anos-desaparecida\/#breadcrumb"},"inLanguage":"pt-BR","potentialAction":[{"@type":"ReadAction","target":["https:\/\/lurdinha.org\/site\/recuperada-imagem-da-igreja-de-nossa-senhora-do-pilar-rj-apos-46-anos-desaparecida\/"]}]},{"@type":"ImageObject","inLanguage":"pt-BR","@id":"https:\/\/lurdinha.org\/site\/recuperada-imagem-da-igreja-de-nossa-senhora-do-pilar-rj-apos-46-anos-desaparecida\/#primaryimage","url":"https:\/\/lurdinha.org\/site\/wp-content\/uploads\/igrejadopilar.jpg","contentUrl":"https:\/\/lurdinha.org\/site\/wp-content\/uploads\/igrejadopilar.jpg","width":500,"height":333,"caption":"Igreja Nossa Senhora do Pilar, de p\u00e9 desde 1720"},{"@type":"BreadcrumbList","@id":"https:\/\/lurdinha.org\/site\/recuperada-imagem-da-igreja-de-nossa-senhora-do-pilar-rj-apos-46-anos-desaparecida\/#breadcrumb","itemListElement":[{"@type":"ListItem","position":1,"name":"In\u00edcio","item":"https:\/\/lurdinha.org\/site\/"},{"@type":"ListItem","position":2,"name":"Recuperada imagem da Igreja de Nossa Senhora do Pilar (RJ), ap\u00f3s 46 anos desaparecida"}]},{"@type":"WebSite","@id":"https:\/\/lurdinha.org\/site\/#website","url":"https:\/\/lurdinha.org\/site\/","name":"Lurdinha - Duque de Caxias para Est\u00f4magos Fortes","description":"Site sobre Arte, Cultura, Pol\u00edtica, Sociedade e curiosidades da cidade de Duque de Caxias, RJ","publisher":{"@id":"https:\/\/lurdinha.org\/site\/#organization"},"alternateName":"Lurdinha","potentialAction":[{"@type":"SearchAction","target":{"@type":"EntryPoint","urlTemplate":"https:\/\/lurdinha.org\/site\/?s={search_term_string}"},"query-input":{"@type":"PropertyValueSpecification","valueRequired":true,"valueName":"search_term_string"}}],"inLanguage":"pt-BR"},{"@type":"Organization","@id":"https:\/\/lurdinha.org\/site\/#organization","name":"Lurdinha de Caxias","url":"https:\/\/lurdinha.org\/site\/","logo":{"@type":"ImageObject","inLanguage":"pt-BR","@id":"https:\/\/lurdinha.org\/site\/#\/schema\/logo\/image\/","url":"https:\/\/lurdinha.org\/site\/wp-content\/uploads\/logo-lurdinha.jpg","contentUrl":"https:\/\/lurdinha.org\/site\/wp-content\/uploads\/logo-lurdinha.jpg","width":640,"height":60,"caption":"Lurdinha de Caxias"},"image":{"@id":"https:\/\/lurdinha.org\/site\/#\/schema\/logo\/image\/"},"sameAs":["https:\/\/www.facebook.com\/LurdinhadeCaxias","https:\/\/www.instagram.com\/lurdinhadecaxias"]},{"@type":"Person","@id":"https:\/\/lurdinha.org\/site\/#\/schema\/person\/b833bb6a7f82598bf0e95e4c30874251","name":"heraldo hb","image":{"@type":"ImageObject","inLanguage":"pt-BR","@id":"https:\/\/secure.gravatar.com\/avatar\/5de9fe99c72cb6885bbdaa24b1c5738b0f673d265de18720fae7463d5f47b48d?s=96&d=mm&r=g","url":"https:\/\/secure.gravatar.com\/avatar\/5de9fe99c72cb6885bbdaa24b1c5738b0f673d265de18720fae7463d5f47b48d?s=96&d=mm&r=g","contentUrl":"https:\/\/secure.gravatar.com\/avatar\/5de9fe99c72cb6885bbdaa24b1c5738b0f673d265de18720fae7463d5f47b48d?s=96&d=mm&r=g","caption":"heraldo hb"},"description":"Cineasta, animador cultural, escritor e educador nascido no s\u00e9culo XX","sameAs":["http:\/\/wwww.relinkare.org","botocudo","heraldohb","relinkare"],"url":"https:\/\/lurdinha.org\/site\/author\/heraldohb\/"}]}},"views":1850,"_links":{"self":[{"href":"https:\/\/lurdinha.org\/site\/wp-json\/wp\/v2\/posts\/9249","targetHints":{"allow":["GET"]}}],"collection":[{"href":"https:\/\/lurdinha.org\/site\/wp-json\/wp\/v2\/posts"}],"about":[{"href":"https:\/\/lurdinha.org\/site\/wp-json\/wp\/v2\/types\/post"}],"author":[{"embeddable":true,"href":"https:\/\/lurdinha.org\/site\/wp-json\/wp\/v2\/users\/2"}],"replies":[{"embeddable":true,"href":"https:\/\/lurdinha.org\/site\/wp-json\/wp\/v2\/comments?post=9249"}],"version-history":[{"count":2,"href":"https:\/\/lurdinha.org\/site\/wp-json\/wp\/v2\/posts\/9249\/revisions"}],"predecessor-version":[{"id":9251,"href":"https:\/\/lurdinha.org\/site\/wp-json\/wp\/v2\/posts\/9249\/revisions\/9251"}],"wp:featuredmedia":[{"embeddable":true,"href":"https:\/\/lurdinha.org\/site\/wp-json\/wp\/v2\/media\/2305"}],"wp:attachment":[{"href":"https:\/\/lurdinha.org\/site\/wp-json\/wp\/v2\/media?parent=9249"}],"wp:term":[{"taxonomy":"category","embeddable":true,"href":"https:\/\/lurdinha.org\/site\/wp-json\/wp\/v2\/categories?post=9249"},{"taxonomy":"post_tag","embeddable":true,"href":"https:\/\/lurdinha.org\/site\/wp-json\/wp\/v2\/tags?post=9249"}],"curies":[{"name":"wp","href":"https:\/\/api.w.org\/{rel}","templated":true}]}}