{"id":9233,"date":"2020-09-26T13:40:22","date_gmt":"2020-09-26T13:40:22","guid":{"rendered":"https:\/\/lurdinha.org\/site\/?p=9233"},"modified":"2020-09-26T13:41:13","modified_gmt":"2020-09-26T13:41:13","slug":"beto-gaspari-33-anos-entre-o-sonho-e-o-som","status":"publish","type":"post","link":"https:\/\/lurdinha.org\/site\/beto-gaspari-33-anos-entre-o-sonho-e-o-som\/","title":{"rendered":"Beto Gaspari: 33 Anos Entre o Sonho e o Som"},"content":{"rendered":"<p><iframe loading=\"lazy\" title=\"Beto Gaspari: 33 Anos Entre o Sonho e o Som\" width=\"640\" height=\"360\" src=\"https:\/\/www.youtube.com\/embed\/7SAEf8lop50?feature=oembed\" frameborder=\"0\" allow=\"accelerometer; autoplay; clipboard-write; encrypted-media; gyroscope; picture-in-picture; web-share\" referrerpolicy=\"strict-origin-when-cross-origin\" allowfullscreen><\/iframe><\/p>\n<p>Ta\u00ed o v\u00eddeo onde <strong>Beto Gaspari<\/strong> conta <span class=\"style-scope yt-formatted-string\" dir=\"auto\">um pouco da hist\u00f3ria da sua caminhada como pessoa e como artista. Cantor, compositor, ator, diretor musical e professor de M\u00fasica, Beto \u00e9 um dos artistas mais queridos da Baixada.<\/span><\/p>\n<p>O v\u00eddeo \u00e9 um dos frutos do Edital Cultura Presente nas Redes, lei emergencial da Secretaria de Estado de Cultura do Rio de Janeiro financiada com os recursos do Fundo Estadual de Cultura.<\/p>\n","protected":false},"excerpt":{"rendered":"<p>Ta\u00ed o v\u00eddeo onde Beto Gaspari conta um pouco da hist\u00f3ria da sua caminhada como&#8230;<\/p>\n","protected":false},"author":2,"featured_media":9236,"comment_status":"open","ping_status":"closed","sticky":false,"template":"","format":"standard","meta":{"footnotes":""},"categories":[14,9,7,5],"tags":[12,784,472,818],"class_list":["post-9233","post","type-post","status-publish","format-standard","has-post-thumbnail","hentry","category-gente","category-historia","category-musica","category-umaboa","tag-baixada-fluminense","tag-beto-gaspari","tag-cultura-caxias","tag-musica"],"yoast_head":"<!-- This site is optimized with the Yoast SEO plugin v27.5 - https:\/\/yoast.com\/product\/yoast-seo-wordpress\/ -->\n<title>Beto Gaspari: 33 Anos Entre o Sonho e o Som - Lurdinha - Duque de Caxias para Est\u00f4magos Fortes<\/title>\n<meta name=\"robots\" content=\"index, follow, max-snippet:-1, max-image-preview:large, max-video-preview:-1\" \/>\n<link rel=\"canonical\" href=\"https:\/\/lurdinha.org\/site\/beto-gaspari-33-anos-entre-o-sonho-e-o-som\/\" \/>\n<meta property=\"og:locale\" content=\"pt_BR\" \/>\n<meta property=\"og:type\" content=\"article\" \/>\n<meta property=\"og:title\" content=\"Beto Gaspari: 33 Anos Entre o Sonho e o Som - Lurdinha - Duque de Caxias para Est\u00f4magos Fortes\" \/>\n<meta property=\"og:description\" content=\"Ta\u00ed o v\u00eddeo onde Beto Gaspari conta um pouco da hist\u00f3ria da sua caminhada como...\" \/>\n<meta property=\"og:url\" content=\"https:\/\/lurdinha.org\/site\/beto-gaspari-33-anos-entre-o-sonho-e-o-som\/\" \/>\n<meta property=\"og:site_name\" content=\"Lurdinha - Duque de Caxias para Est\u00f4magos Fortes\" \/>\n<meta property=\"article:publisher\" content=\"https:\/\/www.facebook.com\/LurdinhadeCaxias\" \/>\n<meta property=\"article:author\" content=\"botocudo\" \/>\n<meta property=\"article:published_time\" content=\"2020-09-26T13:40:22+00:00\" \/>\n<meta property=\"article:modified_time\" content=\"2020-09-26T13:41:13+00:00\" \/>\n<meta property=\"og:image\" content=\"https:\/\/lurdinha.org\/site\/wp-content\/uploads\/beto-gaspari_33anos.jpg\" \/>\n\t<meta property=\"og:image:width\" content=\"800\" \/>\n\t<meta property=\"og:image:height\" content=\"430\" \/>\n\t<meta property=\"og:image:type\" content=\"image\/jpeg\" \/>\n<meta name=\"author\" content=\"heraldo hb\" \/>\n<meta name=\"twitter:card\" content=\"summary_large_image\" \/>\n<meta name=\"twitter:label1\" content=\"Escrito por\" \/>\n\t<meta name=\"twitter:data1\" content=\"heraldo hb\" \/>\n<script type=\"application\/ld+json\" class=\"yoast-schema-graph\">{\"@context\":\"https:\\\/\\\/schema.org\",\"@graph\":[{\"@type\":\"Article\",\"@id\":\"https:\\\/\\\/lurdinha.org\\\/site\\\/beto-gaspari-33-anos-entre-o-sonho-e-o-som\\\/#article\",\"isPartOf\":{\"@id\":\"https:\\\/\\\/lurdinha.org\\\/site\\\/beto-gaspari-33-anos-entre-o-sonho-e-o-som\\\/\"},\"author\":{\"name\":\"heraldo hb\",\"@id\":\"https:\\\/\\\/lurdinha.org\\\/site\\\/#\\\/schema\\\/person\\\/b833bb6a7f82598bf0e95e4c30874251\"},\"headline\":\"Beto Gaspari: 33 Anos Entre o Sonho e o Som\",\"datePublished\":\"2020-09-26T13:40:22+00:00\",\"dateModified\":\"2020-09-26T13:41:13+00:00\",\"mainEntityOfPage\":{\"@id\":\"https:\\\/\\\/lurdinha.org\\\/site\\\/beto-gaspari-33-anos-entre-o-sonho-e-o-som\\\/\"},\"wordCount\":89,\"commentCount\":0,\"publisher\":{\"@id\":\"https:\\\/\\\/lurdinha.org\\\/site\\\/#organization\"},\"image\":{\"@id\":\"https:\\\/\\\/lurdinha.org\\\/site\\\/beto-gaspari-33-anos-entre-o-sonho-e-o-som\\\/#primaryimage\"},\"thumbnailUrl\":\"https:\\\/\\\/lurdinha.org\\\/site\\\/wp-content\\\/uploads\\\/beto-gaspari_33anos.jpg\",\"keywords\":[\"baixada-fluminense\",\"Beto Gaspari\",\"Cultura Caxias\",\"m\u00fasica\"],\"articleSection\":[\"gente\",\"hist\u00f3ria\",\"m\u00fasica\",\"uma boa\"],\"inLanguage\":\"pt-BR\",\"potentialAction\":[{\"@type\":\"CommentAction\",\"name\":\"Comment\",\"target\":[\"https:\\\/\\\/lurdinha.org\\\/site\\\/beto-gaspari-33-anos-entre-o-sonho-e-o-som\\\/#respond\"]}]},{\"@type\":\"WebPage\",\"@id\":\"https:\\\/\\\/lurdinha.org\\\/site\\\/beto-gaspari-33-anos-entre-o-sonho-e-o-som\\\/\",\"url\":\"https:\\\/\\\/lurdinha.org\\\/site\\\/beto-gaspari-33-anos-entre-o-sonho-e-o-som\\\/\",\"name\":\"Beto Gaspari: 33 Anos Entre o Sonho e o Som - Lurdinha - Duque de Caxias para Est\u00f4magos Fortes\",\"isPartOf\":{\"@id\":\"https:\\\/\\\/lurdinha.org\\\/site\\\/#website\"},\"primaryImageOfPage\":{\"@id\":\"https:\\\/\\\/lurdinha.org\\\/site\\\/beto-gaspari-33-anos-entre-o-sonho-e-o-som\\\/#primaryimage\"},\"image\":{\"@id\":\"https:\\\/\\\/lurdinha.org\\\/site\\\/beto-gaspari-33-anos-entre-o-sonho-e-o-som\\\/#primaryimage\"},\"thumbnailUrl\":\"https:\\\/\\\/lurdinha.org\\\/site\\\/wp-content\\\/uploads\\\/beto-gaspari_33anos.jpg\",\"datePublished\":\"2020-09-26T13:40:22+00:00\",\"dateModified\":\"2020-09-26T13:41:13+00:00\",\"breadcrumb\":{\"@id\":\"https:\\\/\\\/lurdinha.org\\\/site\\\/beto-gaspari-33-anos-entre-o-sonho-e-o-som\\\/#breadcrumb\"},\"inLanguage\":\"pt-BR\",\"potentialAction\":[{\"@type\":\"ReadAction\",\"target\":[\"https:\\\/\\\/lurdinha.org\\\/site\\\/beto-gaspari-33-anos-entre-o-sonho-e-o-som\\\/\"]}]},{\"@type\":\"ImageObject\",\"inLanguage\":\"pt-BR\",\"@id\":\"https:\\\/\\\/lurdinha.org\\\/site\\\/beto-gaspari-33-anos-entre-o-sonho-e-o-som\\\/#primaryimage\",\"url\":\"https:\\\/\\\/lurdinha.org\\\/site\\\/wp-content\\\/uploads\\\/beto-gaspari_33anos.jpg\",\"contentUrl\":\"https:\\\/\\\/lurdinha.org\\\/site\\\/wp-content\\\/uploads\\\/beto-gaspari_33anos.jpg\",\"width\":800,\"height\":430,\"caption\":\"Beto Gaspari 33 anos de estrada\"},{\"@type\":\"BreadcrumbList\",\"@id\":\"https:\\\/\\\/lurdinha.org\\\/site\\\/beto-gaspari-33-anos-entre-o-sonho-e-o-som\\\/#breadcrumb\",\"itemListElement\":[{\"@type\":\"ListItem\",\"position\":1,\"name\":\"In\u00edcio\",\"item\":\"https:\\\/\\\/lurdinha.org\\\/site\\\/\"},{\"@type\":\"ListItem\",\"position\":2,\"name\":\"Beto Gaspari: 33 Anos Entre o Sonho e o Som\"}]},{\"@type\":\"WebSite\",\"@id\":\"https:\\\/\\\/lurdinha.org\\\/site\\\/#website\",\"url\":\"https:\\\/\\\/lurdinha.org\\\/site\\\/\",\"name\":\"Lurdinha - Duque de Caxias para Est\u00f4magos Fortes\",\"description\":\"Site sobre Arte, Cultura, Pol\u00edtica, Sociedade e curiosidades da cidade de Duque de Caxias, RJ\",\"publisher\":{\"@id\":\"https:\\\/\\\/lurdinha.org\\\/site\\\/#organization\"},\"alternateName\":\"Lurdinha\",\"potentialAction\":[{\"@type\":\"SearchAction\",\"target\":{\"@type\":\"EntryPoint\",\"urlTemplate\":\"https:\\\/\\\/lurdinha.org\\\/site\\\/?s={search_term_string}\"},\"query-input\":{\"@type\":\"PropertyValueSpecification\",\"valueRequired\":true,\"valueName\":\"search_term_string\"}}],\"inLanguage\":\"pt-BR\"},{\"@type\":\"Organization\",\"@id\":\"https:\\\/\\\/lurdinha.org\\\/site\\\/#organization\",\"name\":\"Lurdinha de Caxias\",\"url\":\"https:\\\/\\\/lurdinha.org\\\/site\\\/\",\"logo\":{\"@type\":\"ImageObject\",\"inLanguage\":\"pt-BR\",\"@id\":\"https:\\\/\\\/lurdinha.org\\\/site\\\/#\\\/schema\\\/logo\\\/image\\\/\",\"url\":\"https:\\\/\\\/lurdinha.org\\\/site\\\/wp-content\\\/uploads\\\/logo-lurdinha.jpg\",\"contentUrl\":\"https:\\\/\\\/lurdinha.org\\\/site\\\/wp-content\\\/uploads\\\/logo-lurdinha.jpg\",\"width\":640,\"height\":60,\"caption\":\"Lurdinha de Caxias\"},\"image\":{\"@id\":\"https:\\\/\\\/lurdinha.org\\\/site\\\/#\\\/schema\\\/logo\\\/image\\\/\"},\"sameAs\":[\"https:\\\/\\\/www.facebook.com\\\/LurdinhadeCaxias\",\"https:\\\/\\\/www.instagram.com\\\/lurdinhadecaxias\"]},{\"@type\":\"Person\",\"@id\":\"https:\\\/\\\/lurdinha.org\\\/site\\\/#\\\/schema\\\/person\\\/b833bb6a7f82598bf0e95e4c30874251\",\"name\":\"heraldo hb\",\"image\":{\"@type\":\"ImageObject\",\"inLanguage\":\"pt-BR\",\"@id\":\"https:\\\/\\\/secure.gravatar.com\\\/avatar\\\/5de9fe99c72cb6885bbdaa24b1c5738b0f673d265de18720fae7463d5f47b48d?s=96&d=mm&r=g\",\"url\":\"https:\\\/\\\/secure.gravatar.com\\\/avatar\\\/5de9fe99c72cb6885bbdaa24b1c5738b0f673d265de18720fae7463d5f47b48d?s=96&d=mm&r=g\",\"contentUrl\":\"https:\\\/\\\/secure.gravatar.com\\\/avatar\\\/5de9fe99c72cb6885bbdaa24b1c5738b0f673d265de18720fae7463d5f47b48d?s=96&d=mm&r=g\",\"caption\":\"heraldo hb\"},\"description\":\"Cineasta, animador cultural, escritor e educador nascido no s\u00e9culo XX\",\"sameAs\":[\"http:\\\/\\\/wwww.relinkare.org\",\"botocudo\",\"heraldohb\",\"relinkare\"],\"url\":\"https:\\\/\\\/lurdinha.org\\\/site\\\/author\\\/heraldohb\\\/\"}]}<\/script>\n<!-- \/ Yoast SEO plugin. -->","yoast_head_json":{"title":"Beto Gaspari: 33 Anos Entre o Sonho e o Som - Lurdinha - Duque de Caxias para Est\u00f4magos Fortes","robots":{"index":"index","follow":"follow","max-snippet":"max-snippet:-1","max-image-preview":"max-image-preview:large","max-video-preview":"max-video-preview:-1"},"canonical":"https:\/\/lurdinha.org\/site\/beto-gaspari-33-anos-entre-o-sonho-e-o-som\/","og_locale":"pt_BR","og_type":"article","og_title":"Beto Gaspari: 33 Anos Entre o Sonho e o Som - Lurdinha - Duque de Caxias para Est\u00f4magos Fortes","og_description":"Ta\u00ed o v\u00eddeo onde Beto Gaspari conta um pouco da hist\u00f3ria da sua caminhada como...","og_url":"https:\/\/lurdinha.org\/site\/beto-gaspari-33-anos-entre-o-sonho-e-o-som\/","og_site_name":"Lurdinha - Duque de Caxias para Est\u00f4magos Fortes","article_publisher":"https:\/\/www.facebook.com\/LurdinhadeCaxias","article_author":"botocudo","article_published_time":"2020-09-26T13:40:22+00:00","article_modified_time":"2020-09-26T13:41:13+00:00","og_image":[{"width":800,"height":430,"url":"https:\/\/lurdinha.org\/site\/wp-content\/uploads\/beto-gaspari_33anos.jpg","type":"image\/jpeg"}],"author":"heraldo hb","twitter_card":"summary_large_image","twitter_misc":{"Escrito por":"heraldo hb"},"schema":{"@context":"https:\/\/schema.org","@graph":[{"@type":"Article","@id":"https:\/\/lurdinha.org\/site\/beto-gaspari-33-anos-entre-o-sonho-e-o-som\/#article","isPartOf":{"@id":"https:\/\/lurdinha.org\/site\/beto-gaspari-33-anos-entre-o-sonho-e-o-som\/"},"author":{"name":"heraldo hb","@id":"https:\/\/lurdinha.org\/site\/#\/schema\/person\/b833bb6a7f82598bf0e95e4c30874251"},"headline":"Beto Gaspari: 33 Anos Entre o Sonho e o Som","datePublished":"2020-09-26T13:40:22+00:00","dateModified":"2020-09-26T13:41:13+00:00","mainEntityOfPage":{"@id":"https:\/\/lurdinha.org\/site\/beto-gaspari-33-anos-entre-o-sonho-e-o-som\/"},"wordCount":89,"commentCount":0,"publisher":{"@id":"https:\/\/lurdinha.org\/site\/#organization"},"image":{"@id":"https:\/\/lurdinha.org\/site\/beto-gaspari-33-anos-entre-o-sonho-e-o-som\/#primaryimage"},"thumbnailUrl":"https:\/\/lurdinha.org\/site\/wp-content\/uploads\/beto-gaspari_33anos.jpg","keywords":["baixada-fluminense","Beto Gaspari","Cultura Caxias","m\u00fasica"],"articleSection":["gente","hist\u00f3ria","m\u00fasica","uma boa"],"inLanguage":"pt-BR","potentialAction":[{"@type":"CommentAction","name":"Comment","target":["https:\/\/lurdinha.org\/site\/beto-gaspari-33-anos-entre-o-sonho-e-o-som\/#respond"]}]},{"@type":"WebPage","@id":"https:\/\/lurdinha.org\/site\/beto-gaspari-33-anos-entre-o-sonho-e-o-som\/","url":"https:\/\/lurdinha.org\/site\/beto-gaspari-33-anos-entre-o-sonho-e-o-som\/","name":"Beto Gaspari: 33 Anos Entre o Sonho e o Som - Lurdinha - Duque de Caxias para Est\u00f4magos Fortes","isPartOf":{"@id":"https:\/\/lurdinha.org\/site\/#website"},"primaryImageOfPage":{"@id":"https:\/\/lurdinha.org\/site\/beto-gaspari-33-anos-entre-o-sonho-e-o-som\/#primaryimage"},"image":{"@id":"https:\/\/lurdinha.org\/site\/beto-gaspari-33-anos-entre-o-sonho-e-o-som\/#primaryimage"},"thumbnailUrl":"https:\/\/lurdinha.org\/site\/wp-content\/uploads\/beto-gaspari_33anos.jpg","datePublished":"2020-09-26T13:40:22+00:00","dateModified":"2020-09-26T13:41:13+00:00","breadcrumb":{"@id":"https:\/\/lurdinha.org\/site\/beto-gaspari-33-anos-entre-o-sonho-e-o-som\/#breadcrumb"},"inLanguage":"pt-BR","potentialAction":[{"@type":"ReadAction","target":["https:\/\/lurdinha.org\/site\/beto-gaspari-33-anos-entre-o-sonho-e-o-som\/"]}]},{"@type":"ImageObject","inLanguage":"pt-BR","@id":"https:\/\/lurdinha.org\/site\/beto-gaspari-33-anos-entre-o-sonho-e-o-som\/#primaryimage","url":"https:\/\/lurdinha.org\/site\/wp-content\/uploads\/beto-gaspari_33anos.jpg","contentUrl":"https:\/\/lurdinha.org\/site\/wp-content\/uploads\/beto-gaspari_33anos.jpg","width":800,"height":430,"caption":"Beto Gaspari 33 anos de estrada"},{"@type":"BreadcrumbList","@id":"https:\/\/lurdinha.org\/site\/beto-gaspari-33-anos-entre-o-sonho-e-o-som\/#breadcrumb","itemListElement":[{"@type":"ListItem","position":1,"name":"In\u00edcio","item":"https:\/\/lurdinha.org\/site\/"},{"@type":"ListItem","position":2,"name":"Beto Gaspari: 33 Anos Entre o Sonho e o Som"}]},{"@type":"WebSite","@id":"https:\/\/lurdinha.org\/site\/#website","url":"https:\/\/lurdinha.org\/site\/","name":"Lurdinha - Duque de Caxias para Est\u00f4magos Fortes","description":"Site sobre Arte, Cultura, Pol\u00edtica, Sociedade e curiosidades da cidade de Duque de Caxias, RJ","publisher":{"@id":"https:\/\/lurdinha.org\/site\/#organization"},"alternateName":"Lurdinha","potentialAction":[{"@type":"SearchAction","target":{"@type":"EntryPoint","urlTemplate":"https:\/\/lurdinha.org\/site\/?s={search_term_string}"},"query-input":{"@type":"PropertyValueSpecification","valueRequired":true,"valueName":"search_term_string"}}],"inLanguage":"pt-BR"},{"@type":"Organization","@id":"https:\/\/lurdinha.org\/site\/#organization","name":"Lurdinha de Caxias","url":"https:\/\/lurdinha.org\/site\/","logo":{"@type":"ImageObject","inLanguage":"pt-BR","@id":"https:\/\/lurdinha.org\/site\/#\/schema\/logo\/image\/","url":"https:\/\/lurdinha.org\/site\/wp-content\/uploads\/logo-lurdinha.jpg","contentUrl":"https:\/\/lurdinha.org\/site\/wp-content\/uploads\/logo-lurdinha.jpg","width":640,"height":60,"caption":"Lurdinha de Caxias"},"image":{"@id":"https:\/\/lurdinha.org\/site\/#\/schema\/logo\/image\/"},"sameAs":["https:\/\/www.facebook.com\/LurdinhadeCaxias","https:\/\/www.instagram.com\/lurdinhadecaxias"]},{"@type":"Person","@id":"https:\/\/lurdinha.org\/site\/#\/schema\/person\/b833bb6a7f82598bf0e95e4c30874251","name":"heraldo hb","image":{"@type":"ImageObject","inLanguage":"pt-BR","@id":"https:\/\/secure.gravatar.com\/avatar\/5de9fe99c72cb6885bbdaa24b1c5738b0f673d265de18720fae7463d5f47b48d?s=96&d=mm&r=g","url":"https:\/\/secure.gravatar.com\/avatar\/5de9fe99c72cb6885bbdaa24b1c5738b0f673d265de18720fae7463d5f47b48d?s=96&d=mm&r=g","contentUrl":"https:\/\/secure.gravatar.com\/avatar\/5de9fe99c72cb6885bbdaa24b1c5738b0f673d265de18720fae7463d5f47b48d?s=96&d=mm&r=g","caption":"heraldo hb"},"description":"Cineasta, animador cultural, escritor e educador nascido no s\u00e9culo XX","sameAs":["http:\/\/wwww.relinkare.org","botocudo","heraldohb","relinkare"],"url":"https:\/\/lurdinha.org\/site\/author\/heraldohb\/"}]}},"views":2647,"_links":{"self":[{"href":"https:\/\/lurdinha.org\/site\/wp-json\/wp\/v2\/posts\/9233","targetHints":{"allow":["GET"]}}],"collection":[{"href":"https:\/\/lurdinha.org\/site\/wp-json\/wp\/v2\/posts"}],"about":[{"href":"https:\/\/lurdinha.org\/site\/wp-json\/wp\/v2\/types\/post"}],"author":[{"embeddable":true,"href":"https:\/\/lurdinha.org\/site\/wp-json\/wp\/v2\/users\/2"}],"replies":[{"embeddable":true,"href":"https:\/\/lurdinha.org\/site\/wp-json\/wp\/v2\/comments?post=9233"}],"version-history":[{"count":1,"href":"https:\/\/lurdinha.org\/site\/wp-json\/wp\/v2\/posts\/9233\/revisions"}],"predecessor-version":[{"id":9235,"href":"https:\/\/lurdinha.org\/site\/wp-json\/wp\/v2\/posts\/9233\/revisions\/9235"}],"wp:featuredmedia":[{"embeddable":true,"href":"https:\/\/lurdinha.org\/site\/wp-json\/wp\/v2\/media\/9236"}],"wp:attachment":[{"href":"https:\/\/lurdinha.org\/site\/wp-json\/wp\/v2\/media?parent=9233"}],"wp:term":[{"taxonomy":"category","embeddable":true,"href":"https:\/\/lurdinha.org\/site\/wp-json\/wp\/v2\/categories?post=9233"},{"taxonomy":"post_tag","embeddable":true,"href":"https:\/\/lurdinha.org\/site\/wp-json\/wp\/v2\/tags?post=9233"}],"curies":[{"name":"wp","href":"https:\/\/api.w.org\/{rel}","templated":true}]}}