{"id":9114,"date":"2020-07-30T13:33:28","date_gmt":"2020-07-30T13:33:28","guid":{"rendered":"https:\/\/lurdinha.org\/site\/?p=9114"},"modified":"2020-07-30T13:33:50","modified_gmt":"2020-07-30T13:33:50","slug":"duque-de-caxias-lancara-seu-primeiro-edital-utilizando-o-fundo-municipal-de-cultura","status":"publish","type":"post","link":"https:\/\/lurdinha.org\/site\/duque-de-caxias-lancara-seu-primeiro-edital-utilizando-o-fundo-municipal-de-cultura\/","title":{"rendered":"Duque de Caxias lan\u00e7ar\u00e1 seu primeiro edital utilizando o Fundo Municipal de Cultura"},"content":{"rendered":"<p><img loading=\"lazy\" decoding=\"async\" class=\"alignnone size-full wp-image-9115\" src=\"https:\/\/lurdinha.org\/site\/wp-content\/uploads\/edital-paulloramos.jpg\" alt=\"Pr\u00eamio Paullo Ramos\" width=\"1280\" height=\"1280\" srcset=\"https:\/\/lurdinha.org\/site\/wp-content\/uploads\/edital-paulloramos.jpg 1280w, https:\/\/lurdinha.org\/site\/wp-content\/uploads\/edital-paulloramos-300x300.jpg 300w, https:\/\/lurdinha.org\/site\/wp-content\/uploads\/edital-paulloramos-610x610.jpg 610w, https:\/\/lurdinha.org\/site\/wp-content\/uploads\/edital-paulloramos-150x150.jpg 150w, https:\/\/lurdinha.org\/site\/wp-content\/uploads\/edital-paulloramos-768x768.jpg 768w, https:\/\/lurdinha.org\/site\/wp-content\/uploads\/edital-paulloramos-550x550.jpg 550w, https:\/\/lurdinha.org\/site\/wp-content\/uploads\/edital-paulloramos-1200x1200.jpg 1200w\" sizes=\"auto, (max-width: 1280px) 100vw, 1280px\" \/><\/p>\n<p><strong>Duque de Caxias lan\u00e7ar\u00e1 seu primeiro edital utilizando o Fundo Municipal de Cultura.<\/strong><br \/>\nO Munic\u00edpio segue como exemplo, pois \u00e9 o primeiro da Baixada Fluminense a lan\u00e7ar um edital dentro do Sistema Nacional de Cultura.<\/p>\n<p>Parece um sonho essa chamada n\u00e9?<\/p>\n<p>N\u00e3o \u00e9 um edital dos sonhos, mas \u00e9 o que foi poss\u00edvel e se tornou realidade!<\/p>\n<p>Um sonho sonhado e trabalhado a tantas m\u00e3os pra chegar at\u00e9 aqui.<br \/>\nTalvez n\u00e3o fosse pra ser um edital com t\u00e3o pouco recurso ou mesmo um edital para premiar apenas uma parte dos fazedores, que neste momento est\u00e3o parados por conta de uma pandemia.<br \/>\nMas \u00e9 um in\u00edcio.<br \/>\n\u00c9 pra acertar.<br \/>\nPra errar menos.<br \/>\n\u00c0s portas do repasse da Lei Aldir Blanc, o <strong>Pr\u00eamio Paullo Ramos<\/strong> chega para dar um respiro a quem est\u00e1 na emerg\u00eancia..<\/p>\n<p>O edital utilizando o FMC s\u00f3 foi poss\u00edvel neste momento por conta da Lei do Fundo realizada no ano de 2015, com tantas pessoas empenhadas, com conselho ativo, uma gest\u00e3o participativa e com membros do governo que entendiam e viviam a din\u00e2mica do fazer cultural da cidade. Este fato sempre ser\u00e1 um diferencial de qualquer gest\u00e3o, gestores e assessores que s\u00e3o da \u00e1rea e tem ac\u00famulo e experi\u00eancia com os sentidos do fazer cultural.<\/p>\n<p>Por aqui, nosso agradecimento a todos os articuladores culturais que desenharam este caminhar at\u00e9 aqui e reconhecimento a alguns deles: Andr\u00e9 de Oliveira, Beto Gaspari, Alexandre Marques, Antonio Augusto, T\u00e2nia Amaro, S\u00e9rgio Ricardo e muitos outros ativistas que fazem a cultura de Caxias acontecer a d\u00e9cadas.<\/p>\n<p>Cada vez mais compreendo, que a continuidade das pol\u00edticas p\u00fablicas na cultura e em outras \u00e1reas \u00e9 fundamental para o desenvolvimento e a realiza\u00e7\u00e3o dos projetos, resultando no reconhecimento e valoriza\u00e7\u00e3o dos fazedores e da cultura como o maior patrim\u00f4nio de um povo.<br \/>\nImportante ressaltar este momento da cria\u00e7\u00e3o da Lei do Fundo em 2015, pois alguns munic\u00edpios vizinhos ainda relutam para que esta Lei seja aplicada em sua cidade. O Fundo \u00e9 fundamental para o fomento, a frui\u00e7\u00e3o e incentivo \u00e0s pol\u00edticas p\u00fablicas culturais.<\/p>\n<p>De 2018 pra c\u00e1, o CMCP mergulhou para que este primeiro edital fosse publicado. O empenho de Heraldo HB, Tadeu Lima e Edson Teixeira, e os conselheiros que ajudaram a chegar at\u00e9 aqui!<br \/>\nE que luta\u2026<\/p>\n<p>Em pleno 2020, a nova gest\u00e3o do conselho, estava decidida em fazer nascer esse edital, era nossa meta para o 1\u00ba semestre, mas nos deparamos com uma pandemia que poderia atrapalhar nossos planos.<\/p>\n<p>De l\u00e1 pra c\u00e1, grandes perdas, fam\u00edlias desestruturadas, conselheiros parados, sem aux\u00edlio, sem apoio e a luta ficando mais pesada e cansativa.<\/p>\n<p>Uma das maiores perdas emocionais da nossa cultura, foi a partida do mestre e artista pl\u00e1stico Paullo Ramos. Parece que perdemos mais os bons, os que est\u00e3o ao nosso lado, os mais humanos&#8230;<\/p>\n<p>Talvez por conta da pandemia\u2026 Ou pela for\u00e7a maior do mestre que agora olha pra n\u00f3s em outro plano\u2026<br \/>\nMas, com toda a certeza do empenho e uni\u00e3o desta nova gest\u00e3o do conselho, em particular, a postura altiva de nossa comiss\u00e3o, que se tornou uma verdadeira equipe, Eduardo Prates, Edson Teixeira, Maria Chocolate e eu, \u00e0 todas as conselheiras guerreiras deste conselho, o intenso di\u00e1logo com nossos gestores p\u00fablicos, com destaque aos assessores Caroline e Victor, e toda for\u00e7a do movimento popular do f\u00f3rum municipal de cultura, o edital nasceu senhores!<\/p>\n<p>Como dizia nosso mestre, a semente foi lan\u00e7ada.<\/p>\n<p>Germinou, chegou a diversas mentes e o nome do edital foi transmitido ao companheiro Marroni, que batizou o nome deste edital: <strong>Pr\u00eamio Paullo Ramos.<\/strong><\/p>\n<p>Como disse, ainda n\u00e3o \u00e9 o edital dos sonhos, ele expressa uma pequena parte da luz intensa que \u00e9 Paullo Ramos. \u00c9 o come\u00e7o, recome\u00e7o, encontro e reencontro. Em pleno ano eleitoral, n\u00e3o \u00e9 f\u00e1cil a condu\u00e7\u00e3o dos sonhos indo de encontro a sociedade civil.<\/p>\n<p>Meio contradit\u00f3rio, n\u00e3o?<\/p>\n<p>Mas o que parecia imposs\u00edvel em meio ao caos, ser\u00e1 luz em meio a escurid\u00e3o.<\/p>\n<p><em><strong>Clara de Deus<\/strong> <\/em>\u2728\ud83c\udf40<\/p>\n<p>&nbsp;<\/p>\n<p>Um salve a todos os conselheiros:<\/p>\n<p>CONSELHEIROS DA SOCIEDADE CIVIL:<\/p>\n<p>a) Cadeira de M\u00fasica:<br \/>\nLuciano de Araujo Borges (Braduc)<br \/>\nSuplente: Silv\u00e2nia Oliveira<\/p>\n<p>b) Cadeira de Artes Pl\u00e1sticas ou Visuais:<br \/>\nRaoni de Freitas Lima<br \/>\nSuplente: Wallace Luz (Coletivo Fala)<\/p>\n<p>c) Cadeira de Artes C\u00eanicas (teatro e circo):<br \/>\nTitular: Dayse Alves (Projeto Luar de Dan\u00e7a)<br \/>\nSuplente: Deco Baptista (Projeto Luar de Dan\u00e7a);<\/p>\n<p>d) Cadeira de Dan\u00e7a:<br \/>\nTitular: Diego Zulu Tecnykko<br \/>\nSuplente: Samara Santos<\/p>\n<p>e) Cadeira de Audiovisual:<br \/>\nTitular: Eduardo Prates (Gomeia Galp\u00e3o Criativo)<br \/>\nSuplente: Heraldo Bezerra Carvalho<\/p>\n<p>f) Cadeira de Artesanato:<br \/>\nTitular: Ana Maria Silva Kariri<br \/>\nSuplente: Patr\u00edcia Sudr\u00e9<\/p>\n<p>g) Cadeira de Literatura, Bibliotecas e Salas de Leitura:<br \/>\nTitular: Maria Chocolate (Chocobin)<br \/>\nSuplente: S\u00f4nia Miranda<\/p>\n<p>h) Cadeira de Hist\u00f3ria, Patrim\u00f4nio Arqueol\u00f3gico, Arquitet\u00f4nico, Art\u00edstico e Cultural:<br \/>\nTitular: Edson Teixeira Junior (APPH-Clio)<br \/>\nSuplente: Mestre Lula<\/p>\n<p>i) Cadeira de Culturas Populares:<br \/>\nTitular: Leonor Santanna de Moraes (Reisado Flor do Oriente) \u2013<br \/>\nSuplente: Carolina Silva do Carmo<\/p>\n<p>j) Cadeira de Culturas Afro-Brasileiras ou de Povos Ind\u00edgenas:<br \/>\nTitular: Andr\u00e9ia Quint\u00e3o (Meu Black Tem Power) \u2013<br \/>\nSuplente: Cyra Quint\u00e3o ( Cyra Mineira | moda e arte )<\/p>\n<p>k) Cadeira de Produtores Culturais.<br \/>\nTitular: Clara de Deus (Abacateiro Produtora) \u2013<br \/>\nSuplente: Tiago (Coletivo Realeza<\/p>\n","protected":false},"excerpt":{"rendered":"<p>Duque de Caxias lan\u00e7ar\u00e1 seu primeiro edital utilizando o Fundo Municipal de Cultura. O Munic\u00edpio&#8230;<\/p>\n","protected":false},"author":74,"featured_media":9115,"comment_status":"open","ping_status":"closed","sticky":false,"template":"","format":"standard","meta":{"footnotes":""},"categories":[5],"tags":[],"class_list":["post-9114","post","type-post","status-publish","format-standard","has-post-thumbnail","hentry","category-umaboa"],"yoast_head":"<!-- This site is optimized with the Yoast SEO plugin v27.5 - https:\/\/yoast.com\/product\/yoast-seo-wordpress\/ -->\n<title>Duque de Caxias lan\u00e7ar\u00e1 seu primeiro edital utilizando o Fundo Municipal de Cultura - Lurdinha - Duque de Caxias para Est\u00f4magos Fortes<\/title>\n<meta name=\"robots\" content=\"index, follow, max-snippet:-1, max-image-preview:large, max-video-preview:-1\" \/>\n<link rel=\"canonical\" href=\"https:\/\/lurdinha.org\/site\/duque-de-caxias-lancara-seu-primeiro-edital-utilizando-o-fundo-municipal-de-cultura\/\" \/>\n<meta property=\"og:locale\" content=\"pt_BR\" \/>\n<meta property=\"og:type\" content=\"article\" \/>\n<meta property=\"og:title\" content=\"Duque de Caxias lan\u00e7ar\u00e1 seu primeiro edital utilizando o Fundo Municipal de Cultura - Lurdinha - Duque de Caxias para Est\u00f4magos Fortes\" \/>\n<meta property=\"og:description\" content=\"Duque de Caxias lan\u00e7ar\u00e1 seu primeiro edital utilizando o Fundo Municipal de Cultura. O Munic\u00edpio...\" \/>\n<meta property=\"og:url\" content=\"https:\/\/lurdinha.org\/site\/duque-de-caxias-lancara-seu-primeiro-edital-utilizando-o-fundo-municipal-de-cultura\/\" \/>\n<meta property=\"og:site_name\" content=\"Lurdinha - Duque de Caxias para Est\u00f4magos Fortes\" \/>\n<meta property=\"article:publisher\" content=\"https:\/\/www.facebook.com\/LurdinhadeCaxias\" \/>\n<meta property=\"article:published_time\" content=\"2020-07-30T13:33:28+00:00\" \/>\n<meta property=\"article:modified_time\" content=\"2020-07-30T13:33:50+00:00\" \/>\n<meta property=\"og:image\" content=\"https:\/\/lurdinha.org\/site\/wp-content\/uploads\/edital-paulloramos.jpg\" \/>\n\t<meta property=\"og:image:width\" content=\"1280\" \/>\n\t<meta property=\"og:image:height\" content=\"1280\" \/>\n\t<meta property=\"og:image:type\" content=\"image\/jpeg\" \/>\n<meta name=\"author\" content=\"Clara de Deus\" \/>\n<meta name=\"twitter:card\" content=\"summary_large_image\" \/>\n<meta name=\"twitter:label1\" content=\"Escrito por\" \/>\n\t<meta name=\"twitter:data1\" content=\"Clara de Deus\" \/>\n\t<meta name=\"twitter:label2\" content=\"Est. tempo de leitura\" \/>\n\t<meta name=\"twitter:data2\" content=\"5 minutos\" \/>\n<script type=\"application\/ld+json\" class=\"yoast-schema-graph\">{\"@context\":\"https:\\\/\\\/schema.org\",\"@graph\":[{\"@type\":\"Article\",\"@id\":\"https:\\\/\\\/lurdinha.org\\\/site\\\/duque-de-caxias-lancara-seu-primeiro-edital-utilizando-o-fundo-municipal-de-cultura\\\/#article\",\"isPartOf\":{\"@id\":\"https:\\\/\\\/lurdinha.org\\\/site\\\/duque-de-caxias-lancara-seu-primeiro-edital-utilizando-o-fundo-municipal-de-cultura\\\/\"},\"author\":{\"name\":\"Clara de Deus\",\"@id\":\"https:\\\/\\\/lurdinha.org\\\/site\\\/#\\\/schema\\\/person\\\/fc580e1c4f1218baa0c7c77dfff03177\"},\"headline\":\"Duque de Caxias lan\u00e7ar\u00e1 seu primeiro edital utilizando o Fundo Municipal de Cultura\",\"datePublished\":\"2020-07-30T13:33:28+00:00\",\"dateModified\":\"2020-07-30T13:33:50+00:00\",\"mainEntityOfPage\":{\"@id\":\"https:\\\/\\\/lurdinha.org\\\/site\\\/duque-de-caxias-lancara-seu-primeiro-edital-utilizando-o-fundo-municipal-de-cultura\\\/\"},\"wordCount\":915,\"commentCount\":0,\"publisher\":{\"@id\":\"https:\\\/\\\/lurdinha.org\\\/site\\\/#organization\"},\"image\":{\"@id\":\"https:\\\/\\\/lurdinha.org\\\/site\\\/duque-de-caxias-lancara-seu-primeiro-edital-utilizando-o-fundo-municipal-de-cultura\\\/#primaryimage\"},\"thumbnailUrl\":\"https:\\\/\\\/lurdinha.org\\\/site\\\/wp-content\\\/uploads\\\/edital-paulloramos.jpg\",\"articleSection\":[\"uma boa\"],\"inLanguage\":\"pt-BR\",\"potentialAction\":[{\"@type\":\"CommentAction\",\"name\":\"Comment\",\"target\":[\"https:\\\/\\\/lurdinha.org\\\/site\\\/duque-de-caxias-lancara-seu-primeiro-edital-utilizando-o-fundo-municipal-de-cultura\\\/#respond\"]}]},{\"@type\":\"WebPage\",\"@id\":\"https:\\\/\\\/lurdinha.org\\\/site\\\/duque-de-caxias-lancara-seu-primeiro-edital-utilizando-o-fundo-municipal-de-cultura\\\/\",\"url\":\"https:\\\/\\\/lurdinha.org\\\/site\\\/duque-de-caxias-lancara-seu-primeiro-edital-utilizando-o-fundo-municipal-de-cultura\\\/\",\"name\":\"Duque de Caxias lan\u00e7ar\u00e1 seu primeiro edital utilizando o Fundo Municipal de Cultura - Lurdinha - Duque de Caxias para Est\u00f4magos Fortes\",\"isPartOf\":{\"@id\":\"https:\\\/\\\/lurdinha.org\\\/site\\\/#website\"},\"primaryImageOfPage\":{\"@id\":\"https:\\\/\\\/lurdinha.org\\\/site\\\/duque-de-caxias-lancara-seu-primeiro-edital-utilizando-o-fundo-municipal-de-cultura\\\/#primaryimage\"},\"image\":{\"@id\":\"https:\\\/\\\/lurdinha.org\\\/site\\\/duque-de-caxias-lancara-seu-primeiro-edital-utilizando-o-fundo-municipal-de-cultura\\\/#primaryimage\"},\"thumbnailUrl\":\"https:\\\/\\\/lurdinha.org\\\/site\\\/wp-content\\\/uploads\\\/edital-paulloramos.jpg\",\"datePublished\":\"2020-07-30T13:33:28+00:00\",\"dateModified\":\"2020-07-30T13:33:50+00:00\",\"breadcrumb\":{\"@id\":\"https:\\\/\\\/lurdinha.org\\\/site\\\/duque-de-caxias-lancara-seu-primeiro-edital-utilizando-o-fundo-municipal-de-cultura\\\/#breadcrumb\"},\"inLanguage\":\"pt-BR\",\"potentialAction\":[{\"@type\":\"ReadAction\",\"target\":[\"https:\\\/\\\/lurdinha.org\\\/site\\\/duque-de-caxias-lancara-seu-primeiro-edital-utilizando-o-fundo-municipal-de-cultura\\\/\"]}]},{\"@type\":\"ImageObject\",\"inLanguage\":\"pt-BR\",\"@id\":\"https:\\\/\\\/lurdinha.org\\\/site\\\/duque-de-caxias-lancara-seu-primeiro-edital-utilizando-o-fundo-municipal-de-cultura\\\/#primaryimage\",\"url\":\"https:\\\/\\\/lurdinha.org\\\/site\\\/wp-content\\\/uploads\\\/edital-paulloramos.jpg\",\"contentUrl\":\"https:\\\/\\\/lurdinha.org\\\/site\\\/wp-content\\\/uploads\\\/edital-paulloramos.jpg\",\"width\":1280,\"height\":1280,\"caption\":\"Pr\u00eamio Paullo Ramos\"},{\"@type\":\"BreadcrumbList\",\"@id\":\"https:\\\/\\\/lurdinha.org\\\/site\\\/duque-de-caxias-lancara-seu-primeiro-edital-utilizando-o-fundo-municipal-de-cultura\\\/#breadcrumb\",\"itemListElement\":[{\"@type\":\"ListItem\",\"position\":1,\"name\":\"In\u00edcio\",\"item\":\"https:\\\/\\\/lurdinha.org\\\/site\\\/\"},{\"@type\":\"ListItem\",\"position\":2,\"name\":\"Duque de Caxias lan\u00e7ar\u00e1 seu primeiro edital utilizando o Fundo Municipal de Cultura\"}]},{\"@type\":\"WebSite\",\"@id\":\"https:\\\/\\\/lurdinha.org\\\/site\\\/#website\",\"url\":\"https:\\\/\\\/lurdinha.org\\\/site\\\/\",\"name\":\"Lurdinha - Duque de Caxias para Est\u00f4magos Fortes\",\"description\":\"Site sobre Arte, Cultura, Pol\u00edtica, Sociedade e curiosidades da cidade de Duque de Caxias, RJ\",\"publisher\":{\"@id\":\"https:\\\/\\\/lurdinha.org\\\/site\\\/#organization\"},\"alternateName\":\"Lurdinha\",\"potentialAction\":[{\"@type\":\"SearchAction\",\"target\":{\"@type\":\"EntryPoint\",\"urlTemplate\":\"https:\\\/\\\/lurdinha.org\\\/site\\\/?s={search_term_string}\"},\"query-input\":{\"@type\":\"PropertyValueSpecification\",\"valueRequired\":true,\"valueName\":\"search_term_string\"}}],\"inLanguage\":\"pt-BR\"},{\"@type\":\"Organization\",\"@id\":\"https:\\\/\\\/lurdinha.org\\\/site\\\/#organization\",\"name\":\"Lurdinha de Caxias\",\"url\":\"https:\\\/\\\/lurdinha.org\\\/site\\\/\",\"logo\":{\"@type\":\"ImageObject\",\"inLanguage\":\"pt-BR\",\"@id\":\"https:\\\/\\\/lurdinha.org\\\/site\\\/#\\\/schema\\\/logo\\\/image\\\/\",\"url\":\"https:\\\/\\\/lurdinha.org\\\/site\\\/wp-content\\\/uploads\\\/logo-lurdinha.jpg\",\"contentUrl\":\"https:\\\/\\\/lurdinha.org\\\/site\\\/wp-content\\\/uploads\\\/logo-lurdinha.jpg\",\"width\":640,\"height\":60,\"caption\":\"Lurdinha de Caxias\"},\"image\":{\"@id\":\"https:\\\/\\\/lurdinha.org\\\/site\\\/#\\\/schema\\\/logo\\\/image\\\/\"},\"sameAs\":[\"https:\\\/\\\/www.facebook.com\\\/LurdinhadeCaxias\",\"https:\\\/\\\/www.instagram.com\\\/lurdinhadecaxias\"]},{\"@type\":\"Person\",\"@id\":\"https:\\\/\\\/lurdinha.org\\\/site\\\/#\\\/schema\\\/person\\\/fc580e1c4f1218baa0c7c77dfff03177\",\"name\":\"Clara de Deus\",\"image\":{\"@type\":\"ImageObject\",\"inLanguage\":\"pt-BR\",\"@id\":\"https:\\\/\\\/secure.gravatar.com\\\/avatar\\\/ad283284e248671c15311d82201a7e2d9f49697e303b9754a0e44537f4b9e5af?s=96&d=mm&r=g\",\"url\":\"https:\\\/\\\/secure.gravatar.com\\\/avatar\\\/ad283284e248671c15311d82201a7e2d9f49697e303b9754a0e44537f4b9e5af?s=96&d=mm&r=g\",\"contentUrl\":\"https:\\\/\\\/secure.gravatar.com\\\/avatar\\\/ad283284e248671c15311d82201a7e2d9f49697e303b9754a0e44537f4b9e5af?s=96&d=mm&r=g\",\"caption\":\"Clara de Deus\"},\"url\":\"https:\\\/\\\/lurdinha.org\\\/site\\\/author\\\/claradedeus\\\/\"}]}<\/script>\n<!-- \/ Yoast SEO plugin. -->","yoast_head_json":{"title":"Duque de Caxias lan\u00e7ar\u00e1 seu primeiro edital utilizando o Fundo Municipal de Cultura - Lurdinha - Duque de Caxias para Est\u00f4magos Fortes","robots":{"index":"index","follow":"follow","max-snippet":"max-snippet:-1","max-image-preview":"max-image-preview:large","max-video-preview":"max-video-preview:-1"},"canonical":"https:\/\/lurdinha.org\/site\/duque-de-caxias-lancara-seu-primeiro-edital-utilizando-o-fundo-municipal-de-cultura\/","og_locale":"pt_BR","og_type":"article","og_title":"Duque de Caxias lan\u00e7ar\u00e1 seu primeiro edital utilizando o Fundo Municipal de Cultura - Lurdinha - Duque de Caxias para Est\u00f4magos Fortes","og_description":"Duque de Caxias lan\u00e7ar\u00e1 seu primeiro edital utilizando o Fundo Municipal de Cultura. O Munic\u00edpio...","og_url":"https:\/\/lurdinha.org\/site\/duque-de-caxias-lancara-seu-primeiro-edital-utilizando-o-fundo-municipal-de-cultura\/","og_site_name":"Lurdinha - Duque de Caxias para Est\u00f4magos Fortes","article_publisher":"https:\/\/www.facebook.com\/LurdinhadeCaxias","article_published_time":"2020-07-30T13:33:28+00:00","article_modified_time":"2020-07-30T13:33:50+00:00","og_image":[{"width":1280,"height":1280,"url":"https:\/\/lurdinha.org\/site\/wp-content\/uploads\/edital-paulloramos.jpg","type":"image\/jpeg"}],"author":"Clara de Deus","twitter_card":"summary_large_image","twitter_misc":{"Escrito por":"Clara de Deus","Est. tempo de leitura":"5 minutos"},"schema":{"@context":"https:\/\/schema.org","@graph":[{"@type":"Article","@id":"https:\/\/lurdinha.org\/site\/duque-de-caxias-lancara-seu-primeiro-edital-utilizando-o-fundo-municipal-de-cultura\/#article","isPartOf":{"@id":"https:\/\/lurdinha.org\/site\/duque-de-caxias-lancara-seu-primeiro-edital-utilizando-o-fundo-municipal-de-cultura\/"},"author":{"name":"Clara de Deus","@id":"https:\/\/lurdinha.org\/site\/#\/schema\/person\/fc580e1c4f1218baa0c7c77dfff03177"},"headline":"Duque de Caxias lan\u00e7ar\u00e1 seu primeiro edital utilizando o Fundo Municipal de Cultura","datePublished":"2020-07-30T13:33:28+00:00","dateModified":"2020-07-30T13:33:50+00:00","mainEntityOfPage":{"@id":"https:\/\/lurdinha.org\/site\/duque-de-caxias-lancara-seu-primeiro-edital-utilizando-o-fundo-municipal-de-cultura\/"},"wordCount":915,"commentCount":0,"publisher":{"@id":"https:\/\/lurdinha.org\/site\/#organization"},"image":{"@id":"https:\/\/lurdinha.org\/site\/duque-de-caxias-lancara-seu-primeiro-edital-utilizando-o-fundo-municipal-de-cultura\/#primaryimage"},"thumbnailUrl":"https:\/\/lurdinha.org\/site\/wp-content\/uploads\/edital-paulloramos.jpg","articleSection":["uma boa"],"inLanguage":"pt-BR","potentialAction":[{"@type":"CommentAction","name":"Comment","target":["https:\/\/lurdinha.org\/site\/duque-de-caxias-lancara-seu-primeiro-edital-utilizando-o-fundo-municipal-de-cultura\/#respond"]}]},{"@type":"WebPage","@id":"https:\/\/lurdinha.org\/site\/duque-de-caxias-lancara-seu-primeiro-edital-utilizando-o-fundo-municipal-de-cultura\/","url":"https:\/\/lurdinha.org\/site\/duque-de-caxias-lancara-seu-primeiro-edital-utilizando-o-fundo-municipal-de-cultura\/","name":"Duque de Caxias lan\u00e7ar\u00e1 seu primeiro edital utilizando o Fundo Municipal de Cultura - Lurdinha - Duque de Caxias para Est\u00f4magos Fortes","isPartOf":{"@id":"https:\/\/lurdinha.org\/site\/#website"},"primaryImageOfPage":{"@id":"https:\/\/lurdinha.org\/site\/duque-de-caxias-lancara-seu-primeiro-edital-utilizando-o-fundo-municipal-de-cultura\/#primaryimage"},"image":{"@id":"https:\/\/lurdinha.org\/site\/duque-de-caxias-lancara-seu-primeiro-edital-utilizando-o-fundo-municipal-de-cultura\/#primaryimage"},"thumbnailUrl":"https:\/\/lurdinha.org\/site\/wp-content\/uploads\/edital-paulloramos.jpg","datePublished":"2020-07-30T13:33:28+00:00","dateModified":"2020-07-30T13:33:50+00:00","breadcrumb":{"@id":"https:\/\/lurdinha.org\/site\/duque-de-caxias-lancara-seu-primeiro-edital-utilizando-o-fundo-municipal-de-cultura\/#breadcrumb"},"inLanguage":"pt-BR","potentialAction":[{"@type":"ReadAction","target":["https:\/\/lurdinha.org\/site\/duque-de-caxias-lancara-seu-primeiro-edital-utilizando-o-fundo-municipal-de-cultura\/"]}]},{"@type":"ImageObject","inLanguage":"pt-BR","@id":"https:\/\/lurdinha.org\/site\/duque-de-caxias-lancara-seu-primeiro-edital-utilizando-o-fundo-municipal-de-cultura\/#primaryimage","url":"https:\/\/lurdinha.org\/site\/wp-content\/uploads\/edital-paulloramos.jpg","contentUrl":"https:\/\/lurdinha.org\/site\/wp-content\/uploads\/edital-paulloramos.jpg","width":1280,"height":1280,"caption":"Pr\u00eamio Paullo Ramos"},{"@type":"BreadcrumbList","@id":"https:\/\/lurdinha.org\/site\/duque-de-caxias-lancara-seu-primeiro-edital-utilizando-o-fundo-municipal-de-cultura\/#breadcrumb","itemListElement":[{"@type":"ListItem","position":1,"name":"In\u00edcio","item":"https:\/\/lurdinha.org\/site\/"},{"@type":"ListItem","position":2,"name":"Duque de Caxias lan\u00e7ar\u00e1 seu primeiro edital utilizando o Fundo Municipal de Cultura"}]},{"@type":"WebSite","@id":"https:\/\/lurdinha.org\/site\/#website","url":"https:\/\/lurdinha.org\/site\/","name":"Lurdinha - Duque de Caxias para Est\u00f4magos Fortes","description":"Site sobre Arte, Cultura, Pol\u00edtica, Sociedade e curiosidades da cidade de Duque de Caxias, RJ","publisher":{"@id":"https:\/\/lurdinha.org\/site\/#organization"},"alternateName":"Lurdinha","potentialAction":[{"@type":"SearchAction","target":{"@type":"EntryPoint","urlTemplate":"https:\/\/lurdinha.org\/site\/?s={search_term_string}"},"query-input":{"@type":"PropertyValueSpecification","valueRequired":true,"valueName":"search_term_string"}}],"inLanguage":"pt-BR"},{"@type":"Organization","@id":"https:\/\/lurdinha.org\/site\/#organization","name":"Lurdinha de Caxias","url":"https:\/\/lurdinha.org\/site\/","logo":{"@type":"ImageObject","inLanguage":"pt-BR","@id":"https:\/\/lurdinha.org\/site\/#\/schema\/logo\/image\/","url":"https:\/\/lurdinha.org\/site\/wp-content\/uploads\/logo-lurdinha.jpg","contentUrl":"https:\/\/lurdinha.org\/site\/wp-content\/uploads\/logo-lurdinha.jpg","width":640,"height":60,"caption":"Lurdinha de Caxias"},"image":{"@id":"https:\/\/lurdinha.org\/site\/#\/schema\/logo\/image\/"},"sameAs":["https:\/\/www.facebook.com\/LurdinhadeCaxias","https:\/\/www.instagram.com\/lurdinhadecaxias"]},{"@type":"Person","@id":"https:\/\/lurdinha.org\/site\/#\/schema\/person\/fc580e1c4f1218baa0c7c77dfff03177","name":"Clara de Deus","image":{"@type":"ImageObject","inLanguage":"pt-BR","@id":"https:\/\/secure.gravatar.com\/avatar\/ad283284e248671c15311d82201a7e2d9f49697e303b9754a0e44537f4b9e5af?s=96&d=mm&r=g","url":"https:\/\/secure.gravatar.com\/avatar\/ad283284e248671c15311d82201a7e2d9f49697e303b9754a0e44537f4b9e5af?s=96&d=mm&r=g","contentUrl":"https:\/\/secure.gravatar.com\/avatar\/ad283284e248671c15311d82201a7e2d9f49697e303b9754a0e44537f4b9e5af?s=96&d=mm&r=g","caption":"Clara de Deus"},"url":"https:\/\/lurdinha.org\/site\/author\/claradedeus\/"}]}},"views":1999,"_links":{"self":[{"href":"https:\/\/lurdinha.org\/site\/wp-json\/wp\/v2\/posts\/9114","targetHints":{"allow":["GET"]}}],"collection":[{"href":"https:\/\/lurdinha.org\/site\/wp-json\/wp\/v2\/posts"}],"about":[{"href":"https:\/\/lurdinha.org\/site\/wp-json\/wp\/v2\/types\/post"}],"author":[{"embeddable":true,"href":"https:\/\/lurdinha.org\/site\/wp-json\/wp\/v2\/users\/74"}],"replies":[{"embeddable":true,"href":"https:\/\/lurdinha.org\/site\/wp-json\/wp\/v2\/comments?post=9114"}],"version-history":[{"count":1,"href":"https:\/\/lurdinha.org\/site\/wp-json\/wp\/v2\/posts\/9114\/revisions"}],"predecessor-version":[{"id":9116,"href":"https:\/\/lurdinha.org\/site\/wp-json\/wp\/v2\/posts\/9114\/revisions\/9116"}],"wp:featuredmedia":[{"embeddable":true,"href":"https:\/\/lurdinha.org\/site\/wp-json\/wp\/v2\/media\/9115"}],"wp:attachment":[{"href":"https:\/\/lurdinha.org\/site\/wp-json\/wp\/v2\/media?parent=9114"}],"wp:term":[{"taxonomy":"category","embeddable":true,"href":"https:\/\/lurdinha.org\/site\/wp-json\/wp\/v2\/categories?post=9114"},{"taxonomy":"post_tag","embeddable":true,"href":"https:\/\/lurdinha.org\/site\/wp-json\/wp\/v2\/tags?post=9114"}],"curies":[{"name":"wp","href":"https:\/\/api.w.org\/{rel}","templated":true}]}}