{"id":9074,"date":"2020-07-21T03:14:19","date_gmt":"2020-07-21T03:14:19","guid":{"rendered":"https:\/\/lurdinha.org\/site\/?p=9074"},"modified":"2024-08-02T17:54:37","modified_gmt":"2024-08-02T17:54:37","slug":"o-brasil-vivo-no-violao-de-samara-libano","status":"publish","type":"post","link":"https:\/\/lurdinha.org\/site\/o-brasil-vivo-no-violao-de-samara-libano\/","title":{"rendered":"O BRASIL VIVO NO VIOL\u00c3O DE SAMARA L\u00cdBANO"},"content":{"rendered":"<p><img loading=\"lazy\" decoding=\"async\" class=\"alignnone size-full wp-image-9075\" src=\"https:\/\/lurdinha.org\/site\/wp-content\/uploads\/samara.jpg\" alt=\"Samara L\u00edbano\" width=\"1920\" height=\"1080\" srcset=\"https:\/\/lurdinha.org\/site\/wp-content\/uploads\/samara.jpg 1920w, https:\/\/lurdinha.org\/site\/wp-content\/uploads\/samara-300x169.jpg 300w, https:\/\/lurdinha.org\/site\/wp-content\/uploads\/samara-610x343.jpg 610w, https:\/\/lurdinha.org\/site\/wp-content\/uploads\/samara-768x432.jpg 768w, https:\/\/lurdinha.org\/site\/wp-content\/uploads\/samara-1536x864.jpg 1536w, https:\/\/lurdinha.org\/site\/wp-content\/uploads\/samara-1200x675.jpg 1200w, https:\/\/lurdinha.org\/site\/wp-content\/uploads\/samara-354x200.jpg 354w\" sizes=\"auto, (max-width: 1920px) 100vw, 1920px\" \/><\/p>\n<p><span style=\"font-size: large;\">Muita coisa boa rolou no papo de abertura do <strong>Festival Moacir Santos<\/strong>, acontecido no \u00faltimo domingo e que est\u00e1 dispon\u00edvel no youtube: a pr\u00f3pria obra do Moacir, a poesia e a sabedoria do mestre <strong>Nei Lopes<\/strong>, o talento especial de <strong>Andreia Ernest Dias<\/strong> na condu\u00e7\u00e3o da conversa, o clima, a quantidade de informa\u00e7\u00e3o. Mas uma coisa que me fez vibrar uma camada a mais ainda foi ver a participa\u00e7\u00e3o da jovem <strong>Samara L\u00edbano<\/strong>, tocando uma m\u00fasica do Maestro ao viol\u00e3o no come\u00e7o da transmiss\u00e3o.<\/span><\/p>\n<p><span style=\"font-size: large;\">Lembro da Samara ainda crian\u00e7a, semblante compenetrado. Pra quem atua no segmento cultural andando pela Baixada Fluminense h\u00e1 tanto tempo, ver a Samara tocando faz revolver v\u00e1rias camadas de emo\u00e7\u00e3o. Cria da <strong>AMC<\/strong>, uma escola de m\u00fasica incr\u00edvel em Vilar dos Teles, S\u00e3o Jo\u00e3o de Meriti, ela chegou por l\u00e1 pequena e j\u00e1 mandava sinais fortes de que se destacaria na cena musical do Rio pela seriedade com que encarava e desbravava o viol\u00e3o. <\/span><\/p>\n<p><span style=\"font-size: large;\">Na \u00e9poca em que dirigia o portal Baixada On me lembro das vezes que fui l\u00e1 fazer mat\u00e9ria e curtir um som. Tinha um evento, que ainda acontece, Roda de Feij\u00e3o, uma senhora roda de samba com direito a clima de quintal, sombra de \u00e1rvore, recep\u00e7\u00e3o calorosa, uma comida divina e uma molecada que mandava muito bem no instrumental. Toda a nata do samba do Rio passou por l\u00e1 e a galera jovem sempre na firmeza segurando a pegada, seja no samba ou no choro. N\u00e3o lembro o nome de outros que passaram por l\u00e1, tinha muitos craques, mas a imagem da Samara acabava ficando forte na mente de quem ia. Al\u00e9m do talento precoce e da seriedade com ela encarava o desafio de tocar, pode ter a ver tamb\u00e9m por ela ter escolhido o sete cordas, esse instrumento que \u00e9 uma escola de Brasil por si s\u00f3. O viol\u00e3o sete cordas \u00e9 uma dessas coisas que evoca o melhor que o pa\u00eds tem.<\/span><\/p>\n<p><span style=\"font-size: large;\">Sobre a AMC, fundada em 1991, vale dizer que \u00e9 sem d\u00favida um dos trabalhos de forma\u00e7\u00e3o art\u00edstica mais incr\u00edveis do Rio de Janeiro, ber\u00e7o de uma gera\u00e7\u00e3o de m\u00fasicos, profissionais e amadores, e de pessoas do bem, conhecedores e amantes das v\u00e1rias vertentes da m\u00fasica brasileira. E tamb\u00e9m \u00e9 uma iniciativa que ilustra com precis\u00e3o esse fato pouco entendido pelos burocratas de que a Arte e a Cultura t\u00eam seu tempo pr\u00f3prio e dificilmente cabem em planilhas. \u00c9 cultivo que brota com o tempo, colheita sempre generosa.<\/span><\/p>\n<p><span style=\"font-size: large;\">A institui\u00e7\u00e3o <\/span><span style=\"font-size: large;\">quando conheci <\/span><span style=\"font-size: large;\">era tocada por tr\u00eas pessoas incr\u00edveis, duas delas j\u00e1 n\u00e3o mais entre n\u00f3s; <\/span><span style=\"font-size: large;\">uma delas, <\/span><span style=\"font-size: large;\">o incr\u00edvel <strong>Bernard van der Weid<\/strong>,<\/span> <span style=\"font-size: large;\">que tinha um trabalho muito instigante da \u00e1rea musical. <\/span><span style=\"font-size: large;\">O<\/span><span style=\"font-size: large;\"><strong> Amarildo<\/strong>, que eu acabava fazendo uma <\/span><span style=\"font-size: large;\">rela\u00e7\u00e3o<\/span><span style=\"font-size: large;\"> direta com Candeia, pelo fato de ser cadeirante, compositor, <\/span><span style=\"font-size: large;\">pensador, <\/span><span style=\"font-size: large;\">pela sua vis\u00e3o pol\u00edtica, <\/span><span style=\"font-size: large;\">pelo<\/span><span style=\"font-size: large;\"> seu conhecimento do samba e da cultura negra brasileira, um l\u00edder que seria incr\u00edvel t\u00ea-lo hoje nos movimentos culturais. E a <\/span><strong><span style=\"font-size: large;\">Lena Souza <\/span><\/strong><span style=\"font-size: large;\">que <\/span><span style=\"font-size: large;\">ainda <\/span><span style=\"font-size: large;\">es<\/span><span style=\"font-size: large;\">t\u00e1 l\u00e1 <\/span><span style=\"font-size: large;\">\u00e0 frente da Escola<\/span><span style=\"font-size: large;\">, heroicamente, e mesmo com os sufocos da falta de patroc\u00ednio continua firme sem deixar a peteca cair. <\/span><\/p>\n<p><span style=\"font-size: large;\">A AMC \u00e9 uma prova de que \u201c<em>a semente \u00e9 boa, basta cuidar e confiar<\/em>\u201d, como dizia o falecido caxiense <strong>Jair Lobo<\/strong>, compositor e pesquisador que entendia tudo desse riscado samb\u00edstico a\u00ed.<\/span><\/p>\n<p><span style=\"font-size: large;\">Ver uma escola como a AMC funcionando esses anos todos na Baixada, ver a Samara tocando o seu sete cordas com tanto brilho e amor, ver Nei Lopes falando, ver a diversidade da m\u00fasica brasileira\u2026 Faz pensar que ainda tem muita coisa que serve de combust\u00edvel pra continuar acreditando em um pa\u00eds mais humano, mais vivo e longe dessa desgra\u00e7a que nos abateu nos \u00faltimos anos.<\/span><\/p>\n<p>&nbsp;<\/p>\n<p><strong><span style=\"font-size: large;\">[ heraldo hb &#8211; pitacol\u00e2ndia \u2013 julho de 2020 ]<\/span><\/strong><\/p>\n<p>&nbsp;<\/p>\n<p><strong><span style=\"font-size: large;\">Papo da abertura do Festival Moacir Santos<\/span><\/strong><\/p>\n<p><span style=\"font-size: large;\"><a href=\"https:\/\/www.youtube.com\/watch?v=UewY7vQfkZo\">https:\/\/www.youtube.com\/watch?v=UewY7vQfkZo<\/a><\/span><\/p>\n<p>&nbsp;<\/p>\n<p><strong><span style=\"font-size: large;\">Canal da Samara no Youtube<\/span><\/strong><\/p>\n<p><span style=\"font-size: large;\"><a href=\"https:\/\/www.youtube.com\/user\/violao7corda\/\">https:\/\/www.youtube.com\/user\/violao7corda\/<\/a><\/span><\/p>\n<p>&nbsp;<\/p>\n<p><strong><span style=\"font-size: large;\">P\u00e1gina da AMC<\/span><\/strong><\/p>\n<p><span style=\"font-size: large;\"><a href=\"https:\/\/www.facebook.com\/EscolaDeMusicaDaAmc\">https:\/\/www.facebook.com\/EscolaDeMusicaDaAmc<\/a><\/span><\/p>\n<p>&nbsp;<\/p>\n<p><strong><span style=\"font-size: large;\">FA\u00c7A SUA DOA\u00c7\u00c3O <\/span><\/strong><\/p>\n<p><span style=\"font-size: large;\">Associa\u00e7\u00e3o do Movimento Compositores da Baixada Fluminense <\/span><\/p>\n<p><span style=\"font-size: large;\">CNPJ 36.534.956\/0001-10 <\/span><\/p>\n<p><span style=\"font-size: large;\">Banco Ita\u00fa <\/span><\/p>\n<p><span style=\"font-size: large;\">Ag. 0706 <\/span><\/p>\n<p><span style=\"font-size: large;\">C\/c 40578-4 <\/span><\/p>\n<p><span style=\"font-size: large;\">www.escolamc.com.br <\/span><\/p>\n","protected":false},"excerpt":{"rendered":"<p>Muita coisa boa rolou no papo de abertura do Festival Moacir Santos, acontecido no \u00faltimo&#8230;<\/p>\n","protected":false},"author":2,"featured_media":9075,"comment_status":"open","ping_status":"closed","sticky":false,"template":"","format":"standard","meta":{"footnotes":""},"categories":[14,7,208,5],"tags":[1380,12,1379,115],"class_list":["post-9074","post","type-post","status-publish","format-standard","has-post-thumbnail","hentry","category-gente","category-musica","category-picotes","category-umaboa","tag-amc","tag-baixada-fluminense","tag-samara-libano","tag-samba"],"yoast_head":"<!-- This site is optimized with the Yoast SEO plugin v27.5 - https:\/\/yoast.com\/product\/yoast-seo-wordpress\/ -->\n<title>O BRASIL VIVO NO VIOL\u00c3O DE SAMARA L\u00cdBANO - Lurdinha - Duque de Caxias para Est\u00f4magos Fortes<\/title>\n<meta name=\"robots\" content=\"index, follow, max-snippet:-1, max-image-preview:large, max-video-preview:-1\" \/>\n<link rel=\"canonical\" href=\"https:\/\/lurdinha.org\/site\/o-brasil-vivo-no-violao-de-samara-libano\/\" \/>\n<meta property=\"og:locale\" content=\"pt_BR\" \/>\n<meta property=\"og:type\" content=\"article\" \/>\n<meta property=\"og:title\" content=\"O BRASIL VIVO NO VIOL\u00c3O DE SAMARA L\u00cdBANO - Lurdinha - Duque de Caxias para Est\u00f4magos Fortes\" \/>\n<meta property=\"og:description\" content=\"Muita coisa boa rolou no papo de abertura do Festival Moacir Santos, acontecido no \u00faltimo...\" \/>\n<meta property=\"og:url\" content=\"https:\/\/lurdinha.org\/site\/o-brasil-vivo-no-violao-de-samara-libano\/\" \/>\n<meta property=\"og:site_name\" content=\"Lurdinha - Duque de Caxias para Est\u00f4magos Fortes\" \/>\n<meta property=\"article:publisher\" content=\"https:\/\/www.facebook.com\/LurdinhadeCaxias\" \/>\n<meta property=\"article:author\" content=\"botocudo\" \/>\n<meta property=\"article:published_time\" content=\"2020-07-21T03:14:19+00:00\" \/>\n<meta property=\"article:modified_time\" content=\"2024-08-02T17:54:37+00:00\" \/>\n<meta property=\"og:image\" content=\"https:\/\/lurdinha.org\/site\/wp-content\/uploads\/samara.jpg\" \/>\n\t<meta property=\"og:image:width\" content=\"1920\" \/>\n\t<meta property=\"og:image:height\" content=\"1080\" \/>\n\t<meta property=\"og:image:type\" content=\"image\/jpeg\" \/>\n<meta name=\"author\" content=\"heraldo hb\" \/>\n<meta name=\"twitter:card\" content=\"summary_large_image\" \/>\n<meta name=\"twitter:label1\" content=\"Escrito por\" \/>\n\t<meta name=\"twitter:data1\" content=\"heraldo hb\" \/>\n\t<meta name=\"twitter:label2\" content=\"Est. tempo de leitura\" \/>\n\t<meta name=\"twitter:data2\" content=\"4 minutos\" \/>\n<script type=\"application\/ld+json\" class=\"yoast-schema-graph\">{\"@context\":\"https:\\\/\\\/schema.org\",\"@graph\":[{\"@type\":\"Article\",\"@id\":\"https:\\\/\\\/lurdinha.org\\\/site\\\/o-brasil-vivo-no-violao-de-samara-libano\\\/#article\",\"isPartOf\":{\"@id\":\"https:\\\/\\\/lurdinha.org\\\/site\\\/o-brasil-vivo-no-violao-de-samara-libano\\\/\"},\"author\":{\"name\":\"heraldo hb\",\"@id\":\"https:\\\/\\\/lurdinha.org\\\/site\\\/#\\\/schema\\\/person\\\/b833bb6a7f82598bf0e95e4c30874251\"},\"headline\":\"O BRASIL VIVO NO VIOL\u00c3O DE SAMARA L\u00cdBANO\",\"datePublished\":\"2020-07-21T03:14:19+00:00\",\"dateModified\":\"2024-08-02T17:54:37+00:00\",\"mainEntityOfPage\":{\"@id\":\"https:\\\/\\\/lurdinha.org\\\/site\\\/o-brasil-vivo-no-violao-de-samara-libano\\\/\"},\"wordCount\":745,\"commentCount\":0,\"publisher\":{\"@id\":\"https:\\\/\\\/lurdinha.org\\\/site\\\/#organization\"},\"image\":{\"@id\":\"https:\\\/\\\/lurdinha.org\\\/site\\\/o-brasil-vivo-no-violao-de-samara-libano\\\/#primaryimage\"},\"thumbnailUrl\":\"https:\\\/\\\/lurdinha.org\\\/site\\\/wp-content\\\/uploads\\\/samara.jpg\",\"keywords\":[\"amc\",\"baixada-fluminense\",\"samara libano\",\"samba\"],\"articleSection\":[\"gente\",\"m\u00fasica\",\"pitacol\u00e2ndia\",\"uma boa\"],\"inLanguage\":\"pt-BR\",\"potentialAction\":[{\"@type\":\"CommentAction\",\"name\":\"Comment\",\"target\":[\"https:\\\/\\\/lurdinha.org\\\/site\\\/o-brasil-vivo-no-violao-de-samara-libano\\\/#respond\"]}]},{\"@type\":\"WebPage\",\"@id\":\"https:\\\/\\\/lurdinha.org\\\/site\\\/o-brasil-vivo-no-violao-de-samara-libano\\\/\",\"url\":\"https:\\\/\\\/lurdinha.org\\\/site\\\/o-brasil-vivo-no-violao-de-samara-libano\\\/\",\"name\":\"O BRASIL VIVO NO VIOL\u00c3O DE SAMARA L\u00cdBANO - Lurdinha - Duque de Caxias para Est\u00f4magos Fortes\",\"isPartOf\":{\"@id\":\"https:\\\/\\\/lurdinha.org\\\/site\\\/#website\"},\"primaryImageOfPage\":{\"@id\":\"https:\\\/\\\/lurdinha.org\\\/site\\\/o-brasil-vivo-no-violao-de-samara-libano\\\/#primaryimage\"},\"image\":{\"@id\":\"https:\\\/\\\/lurdinha.org\\\/site\\\/o-brasil-vivo-no-violao-de-samara-libano\\\/#primaryimage\"},\"thumbnailUrl\":\"https:\\\/\\\/lurdinha.org\\\/site\\\/wp-content\\\/uploads\\\/samara.jpg\",\"datePublished\":\"2020-07-21T03:14:19+00:00\",\"dateModified\":\"2024-08-02T17:54:37+00:00\",\"breadcrumb\":{\"@id\":\"https:\\\/\\\/lurdinha.org\\\/site\\\/o-brasil-vivo-no-violao-de-samara-libano\\\/#breadcrumb\"},\"inLanguage\":\"pt-BR\",\"potentialAction\":[{\"@type\":\"ReadAction\",\"target\":[\"https:\\\/\\\/lurdinha.org\\\/site\\\/o-brasil-vivo-no-violao-de-samara-libano\\\/\"]}]},{\"@type\":\"ImageObject\",\"inLanguage\":\"pt-BR\",\"@id\":\"https:\\\/\\\/lurdinha.org\\\/site\\\/o-brasil-vivo-no-violao-de-samara-libano\\\/#primaryimage\",\"url\":\"https:\\\/\\\/lurdinha.org\\\/site\\\/wp-content\\\/uploads\\\/samara.jpg\",\"contentUrl\":\"https:\\\/\\\/lurdinha.org\\\/site\\\/wp-content\\\/uploads\\\/samara.jpg\",\"width\":1920,\"height\":1080,\"caption\":\"Samara L\u00edbano\"},{\"@type\":\"BreadcrumbList\",\"@id\":\"https:\\\/\\\/lurdinha.org\\\/site\\\/o-brasil-vivo-no-violao-de-samara-libano\\\/#breadcrumb\",\"itemListElement\":[{\"@type\":\"ListItem\",\"position\":1,\"name\":\"In\u00edcio\",\"item\":\"https:\\\/\\\/lurdinha.org\\\/site\\\/\"},{\"@type\":\"ListItem\",\"position\":2,\"name\":\"O BRASIL VIVO NO VIOL\u00c3O DE SAMARA L\u00cdBANO\"}]},{\"@type\":\"WebSite\",\"@id\":\"https:\\\/\\\/lurdinha.org\\\/site\\\/#website\",\"url\":\"https:\\\/\\\/lurdinha.org\\\/site\\\/\",\"name\":\"Lurdinha - Duque de Caxias para Est\u00f4magos Fortes\",\"description\":\"Site sobre Arte, Cultura, Pol\u00edtica, Sociedade e curiosidades da cidade de Duque de Caxias, RJ\",\"publisher\":{\"@id\":\"https:\\\/\\\/lurdinha.org\\\/site\\\/#organization\"},\"alternateName\":\"Lurdinha\",\"potentialAction\":[{\"@type\":\"SearchAction\",\"target\":{\"@type\":\"EntryPoint\",\"urlTemplate\":\"https:\\\/\\\/lurdinha.org\\\/site\\\/?s={search_term_string}\"},\"query-input\":{\"@type\":\"PropertyValueSpecification\",\"valueRequired\":true,\"valueName\":\"search_term_string\"}}],\"inLanguage\":\"pt-BR\"},{\"@type\":\"Organization\",\"@id\":\"https:\\\/\\\/lurdinha.org\\\/site\\\/#organization\",\"name\":\"Lurdinha de Caxias\",\"url\":\"https:\\\/\\\/lurdinha.org\\\/site\\\/\",\"logo\":{\"@type\":\"ImageObject\",\"inLanguage\":\"pt-BR\",\"@id\":\"https:\\\/\\\/lurdinha.org\\\/site\\\/#\\\/schema\\\/logo\\\/image\\\/\",\"url\":\"https:\\\/\\\/lurdinha.org\\\/site\\\/wp-content\\\/uploads\\\/logo-lurdinha.jpg\",\"contentUrl\":\"https:\\\/\\\/lurdinha.org\\\/site\\\/wp-content\\\/uploads\\\/logo-lurdinha.jpg\",\"width\":640,\"height\":60,\"caption\":\"Lurdinha de Caxias\"},\"image\":{\"@id\":\"https:\\\/\\\/lurdinha.org\\\/site\\\/#\\\/schema\\\/logo\\\/image\\\/\"},\"sameAs\":[\"https:\\\/\\\/www.facebook.com\\\/LurdinhadeCaxias\",\"https:\\\/\\\/www.instagram.com\\\/lurdinhadecaxias\"]},{\"@type\":\"Person\",\"@id\":\"https:\\\/\\\/lurdinha.org\\\/site\\\/#\\\/schema\\\/person\\\/b833bb6a7f82598bf0e95e4c30874251\",\"name\":\"heraldo hb\",\"image\":{\"@type\":\"ImageObject\",\"inLanguage\":\"pt-BR\",\"@id\":\"https:\\\/\\\/secure.gravatar.com\\\/avatar\\\/5de9fe99c72cb6885bbdaa24b1c5738b0f673d265de18720fae7463d5f47b48d?s=96&d=mm&r=g\",\"url\":\"https:\\\/\\\/secure.gravatar.com\\\/avatar\\\/5de9fe99c72cb6885bbdaa24b1c5738b0f673d265de18720fae7463d5f47b48d?s=96&d=mm&r=g\",\"contentUrl\":\"https:\\\/\\\/secure.gravatar.com\\\/avatar\\\/5de9fe99c72cb6885bbdaa24b1c5738b0f673d265de18720fae7463d5f47b48d?s=96&d=mm&r=g\",\"caption\":\"heraldo hb\"},\"description\":\"Cineasta, animador cultural, escritor e educador nascido no s\u00e9culo XX\",\"sameAs\":[\"http:\\\/\\\/wwww.relinkare.org\",\"botocudo\",\"heraldohb\",\"relinkare\"],\"url\":\"https:\\\/\\\/lurdinha.org\\\/site\\\/author\\\/heraldohb\\\/\"}]}<\/script>\n<!-- \/ Yoast SEO plugin. -->","yoast_head_json":{"title":"O BRASIL VIVO NO VIOL\u00c3O DE SAMARA L\u00cdBANO - Lurdinha - Duque de Caxias para Est\u00f4magos Fortes","robots":{"index":"index","follow":"follow","max-snippet":"max-snippet:-1","max-image-preview":"max-image-preview:large","max-video-preview":"max-video-preview:-1"},"canonical":"https:\/\/lurdinha.org\/site\/o-brasil-vivo-no-violao-de-samara-libano\/","og_locale":"pt_BR","og_type":"article","og_title":"O BRASIL VIVO NO VIOL\u00c3O DE SAMARA L\u00cdBANO - Lurdinha - Duque de Caxias para Est\u00f4magos Fortes","og_description":"Muita coisa boa rolou no papo de abertura do Festival Moacir Santos, acontecido no \u00faltimo...","og_url":"https:\/\/lurdinha.org\/site\/o-brasil-vivo-no-violao-de-samara-libano\/","og_site_name":"Lurdinha - Duque de Caxias para Est\u00f4magos Fortes","article_publisher":"https:\/\/www.facebook.com\/LurdinhadeCaxias","article_author":"botocudo","article_published_time":"2020-07-21T03:14:19+00:00","article_modified_time":"2024-08-02T17:54:37+00:00","og_image":[{"width":1920,"height":1080,"url":"https:\/\/lurdinha.org\/site\/wp-content\/uploads\/samara.jpg","type":"image\/jpeg"}],"author":"heraldo hb","twitter_card":"summary_large_image","twitter_misc":{"Escrito por":"heraldo hb","Est. tempo de leitura":"4 minutos"},"schema":{"@context":"https:\/\/schema.org","@graph":[{"@type":"Article","@id":"https:\/\/lurdinha.org\/site\/o-brasil-vivo-no-violao-de-samara-libano\/#article","isPartOf":{"@id":"https:\/\/lurdinha.org\/site\/o-brasil-vivo-no-violao-de-samara-libano\/"},"author":{"name":"heraldo hb","@id":"https:\/\/lurdinha.org\/site\/#\/schema\/person\/b833bb6a7f82598bf0e95e4c30874251"},"headline":"O BRASIL VIVO NO VIOL\u00c3O DE SAMARA L\u00cdBANO","datePublished":"2020-07-21T03:14:19+00:00","dateModified":"2024-08-02T17:54:37+00:00","mainEntityOfPage":{"@id":"https:\/\/lurdinha.org\/site\/o-brasil-vivo-no-violao-de-samara-libano\/"},"wordCount":745,"commentCount":0,"publisher":{"@id":"https:\/\/lurdinha.org\/site\/#organization"},"image":{"@id":"https:\/\/lurdinha.org\/site\/o-brasil-vivo-no-violao-de-samara-libano\/#primaryimage"},"thumbnailUrl":"https:\/\/lurdinha.org\/site\/wp-content\/uploads\/samara.jpg","keywords":["amc","baixada-fluminense","samara libano","samba"],"articleSection":["gente","m\u00fasica","pitacol\u00e2ndia","uma boa"],"inLanguage":"pt-BR","potentialAction":[{"@type":"CommentAction","name":"Comment","target":["https:\/\/lurdinha.org\/site\/o-brasil-vivo-no-violao-de-samara-libano\/#respond"]}]},{"@type":"WebPage","@id":"https:\/\/lurdinha.org\/site\/o-brasil-vivo-no-violao-de-samara-libano\/","url":"https:\/\/lurdinha.org\/site\/o-brasil-vivo-no-violao-de-samara-libano\/","name":"O BRASIL VIVO NO VIOL\u00c3O DE SAMARA L\u00cdBANO - Lurdinha - Duque de Caxias para Est\u00f4magos Fortes","isPartOf":{"@id":"https:\/\/lurdinha.org\/site\/#website"},"primaryImageOfPage":{"@id":"https:\/\/lurdinha.org\/site\/o-brasil-vivo-no-violao-de-samara-libano\/#primaryimage"},"image":{"@id":"https:\/\/lurdinha.org\/site\/o-brasil-vivo-no-violao-de-samara-libano\/#primaryimage"},"thumbnailUrl":"https:\/\/lurdinha.org\/site\/wp-content\/uploads\/samara.jpg","datePublished":"2020-07-21T03:14:19+00:00","dateModified":"2024-08-02T17:54:37+00:00","breadcrumb":{"@id":"https:\/\/lurdinha.org\/site\/o-brasil-vivo-no-violao-de-samara-libano\/#breadcrumb"},"inLanguage":"pt-BR","potentialAction":[{"@type":"ReadAction","target":["https:\/\/lurdinha.org\/site\/o-brasil-vivo-no-violao-de-samara-libano\/"]}]},{"@type":"ImageObject","inLanguage":"pt-BR","@id":"https:\/\/lurdinha.org\/site\/o-brasil-vivo-no-violao-de-samara-libano\/#primaryimage","url":"https:\/\/lurdinha.org\/site\/wp-content\/uploads\/samara.jpg","contentUrl":"https:\/\/lurdinha.org\/site\/wp-content\/uploads\/samara.jpg","width":1920,"height":1080,"caption":"Samara L\u00edbano"},{"@type":"BreadcrumbList","@id":"https:\/\/lurdinha.org\/site\/o-brasil-vivo-no-violao-de-samara-libano\/#breadcrumb","itemListElement":[{"@type":"ListItem","position":1,"name":"In\u00edcio","item":"https:\/\/lurdinha.org\/site\/"},{"@type":"ListItem","position":2,"name":"O BRASIL VIVO NO VIOL\u00c3O DE SAMARA L\u00cdBANO"}]},{"@type":"WebSite","@id":"https:\/\/lurdinha.org\/site\/#website","url":"https:\/\/lurdinha.org\/site\/","name":"Lurdinha - Duque de Caxias para Est\u00f4magos Fortes","description":"Site sobre Arte, Cultura, Pol\u00edtica, Sociedade e curiosidades da cidade de Duque de Caxias, RJ","publisher":{"@id":"https:\/\/lurdinha.org\/site\/#organization"},"alternateName":"Lurdinha","potentialAction":[{"@type":"SearchAction","target":{"@type":"EntryPoint","urlTemplate":"https:\/\/lurdinha.org\/site\/?s={search_term_string}"},"query-input":{"@type":"PropertyValueSpecification","valueRequired":true,"valueName":"search_term_string"}}],"inLanguage":"pt-BR"},{"@type":"Organization","@id":"https:\/\/lurdinha.org\/site\/#organization","name":"Lurdinha de Caxias","url":"https:\/\/lurdinha.org\/site\/","logo":{"@type":"ImageObject","inLanguage":"pt-BR","@id":"https:\/\/lurdinha.org\/site\/#\/schema\/logo\/image\/","url":"https:\/\/lurdinha.org\/site\/wp-content\/uploads\/logo-lurdinha.jpg","contentUrl":"https:\/\/lurdinha.org\/site\/wp-content\/uploads\/logo-lurdinha.jpg","width":640,"height":60,"caption":"Lurdinha de Caxias"},"image":{"@id":"https:\/\/lurdinha.org\/site\/#\/schema\/logo\/image\/"},"sameAs":["https:\/\/www.facebook.com\/LurdinhadeCaxias","https:\/\/www.instagram.com\/lurdinhadecaxias"]},{"@type":"Person","@id":"https:\/\/lurdinha.org\/site\/#\/schema\/person\/b833bb6a7f82598bf0e95e4c30874251","name":"heraldo hb","image":{"@type":"ImageObject","inLanguage":"pt-BR","@id":"https:\/\/secure.gravatar.com\/avatar\/5de9fe99c72cb6885bbdaa24b1c5738b0f673d265de18720fae7463d5f47b48d?s=96&d=mm&r=g","url":"https:\/\/secure.gravatar.com\/avatar\/5de9fe99c72cb6885bbdaa24b1c5738b0f673d265de18720fae7463d5f47b48d?s=96&d=mm&r=g","contentUrl":"https:\/\/secure.gravatar.com\/avatar\/5de9fe99c72cb6885bbdaa24b1c5738b0f673d265de18720fae7463d5f47b48d?s=96&d=mm&r=g","caption":"heraldo hb"},"description":"Cineasta, animador cultural, escritor e educador nascido no s\u00e9culo XX","sameAs":["http:\/\/wwww.relinkare.org","botocudo","heraldohb","relinkare"],"url":"https:\/\/lurdinha.org\/site\/author\/heraldohb\/"}]}},"views":2088,"_links":{"self":[{"href":"https:\/\/lurdinha.org\/site\/wp-json\/wp\/v2\/posts\/9074","targetHints":{"allow":["GET"]}}],"collection":[{"href":"https:\/\/lurdinha.org\/site\/wp-json\/wp\/v2\/posts"}],"about":[{"href":"https:\/\/lurdinha.org\/site\/wp-json\/wp\/v2\/types\/post"}],"author":[{"embeddable":true,"href":"https:\/\/lurdinha.org\/site\/wp-json\/wp\/v2\/users\/2"}],"replies":[{"embeddable":true,"href":"https:\/\/lurdinha.org\/site\/wp-json\/wp\/v2\/comments?post=9074"}],"version-history":[{"count":1,"href":"https:\/\/lurdinha.org\/site\/wp-json\/wp\/v2\/posts\/9074\/revisions"}],"predecessor-version":[{"id":9076,"href":"https:\/\/lurdinha.org\/site\/wp-json\/wp\/v2\/posts\/9074\/revisions\/9076"}],"wp:featuredmedia":[{"embeddable":true,"href":"https:\/\/lurdinha.org\/site\/wp-json\/wp\/v2\/media\/9075"}],"wp:attachment":[{"href":"https:\/\/lurdinha.org\/site\/wp-json\/wp\/v2\/media?parent=9074"}],"wp:term":[{"taxonomy":"category","embeddable":true,"href":"https:\/\/lurdinha.org\/site\/wp-json\/wp\/v2\/categories?post=9074"},{"taxonomy":"post_tag","embeddable":true,"href":"https:\/\/lurdinha.org\/site\/wp-json\/wp\/v2\/tags?post=9074"}],"curies":[{"name":"wp","href":"https:\/\/api.w.org\/{rel}","templated":true}]}}