{"id":9069,"date":"2020-07-20T22:01:47","date_gmt":"2020-07-20T22:01:47","guid":{"rendered":"https:\/\/lurdinha.org\/site\/?p=9069"},"modified":"2020-07-20T22:02:25","modified_gmt":"2020-07-20T22:02:25","slug":"carlos-pedro-50-anos-de-historia-no-botafogo-bar","status":"publish","type":"post","link":"https:\/\/lurdinha.org\/site\/carlos-pedro-50-anos-de-historia-no-botafogo-bar\/","title":{"rendered":"Carlos Pedro, 50 anos de hist\u00f3ria no Botafogo Bar"},"content":{"rendered":"<p>DUQUE DE CAXIAS &#8211; Parque Paulista &#8211; Incr\u00edveis as hist\u00f3rias e culturas dos bares e botecos da Baixada Fluminense. Ali\u00e1s, em qualquer lugar do Brasil e do mundo, acho at\u00e9 que nos botecos encontram-se plataformas de verdadeira cidadania. \u00c9 ali que o executivo chega sem gravata, o trabalhador humilde fala o que pensa e o pol\u00edtico fica de orelha quente, porque ali tem sempre algu\u00e9m que fala bem, mas tem os l\u00ednguas afiadas que metem o malho e ai daqueles que cair na l\u00e1bia de um deles.<\/p>\n<p>&#8211; Aqui a gente recebe todos com o mesmo cora\u00e7\u00e3o, tricolores, flamenguistas, vasca\u00ednos, gremistas e outras esp\u00e9cies do universo desportivo &#8211; afirma o simp\u00e1tico e sempre bem-humorado Carlos Pedro, um botafoguense leg\u00edtimo que conseguiu fazer com que os filhos seguissem as pegadas do pai, vestindo a mesma camisa, o Wagner, o Marcos e a Fernanda.<\/p>\n<p>L\u00edder comunit\u00e1rio, Carlos Pedro nos anos 80 foi um dos respons\u00e1veis em trazer o Sr. Leonel Brizola pela primeira vez no bairro para medir o terreno onde seria um CIEP, que hoje chama-se CIEP HENFIL<\/p>\n<p>Ex-presidente da Associa\u00e7\u00e3o de Moradores local, o botafoguense disse que ultimamente se ausentou dos movimentos sociais e pol\u00edticos para melhor cuidar da sa\u00fade, que lhe inspirou bastante cuidados. E em tempos de pandemia o rigor do BOTAFOGO BAR \u00e9 n\u00e3o sentar mais de dois na mesma mesa e ao chegar desinfectar as m\u00e3os com \u00e1lcool em gel que fica dispon\u00edvel no balc\u00e3o.<\/p>\n<p><img loading=\"lazy\" decoding=\"async\" class=\"alignnone wp-image-9071 size-full\" src=\"https:\/\/lurdinha.org\/site\/wp-content\/uploads\/botafogo-bar_ParquePaulista_.jpg\" alt=\"Carlos Pedro, 50 anos de hist\u00f3ria no Botafogo Bar\" width=\"960\" height=\"540\" srcset=\"https:\/\/lurdinha.org\/site\/wp-content\/uploads\/botafogo-bar_ParquePaulista_.jpg 960w, https:\/\/lurdinha.org\/site\/wp-content\/uploads\/botafogo-bar_ParquePaulista_-300x169.jpg 300w, https:\/\/lurdinha.org\/site\/wp-content\/uploads\/botafogo-bar_ParquePaulista_-610x343.jpg 610w, https:\/\/lurdinha.org\/site\/wp-content\/uploads\/botafogo-bar_ParquePaulista_-768x432.jpg 768w, https:\/\/lurdinha.org\/site\/wp-content\/uploads\/botafogo-bar_ParquePaulista_-354x200.jpg 354w\" sizes=\"auto, (max-width: 960px) 100vw, 960px\" \/> <img loading=\"lazy\" decoding=\"async\" class=\"alignnone size-full wp-image-9072\" src=\"https:\/\/lurdinha.org\/site\/wp-content\/uploads\/botafogo-bar_ParquePaulista.jpg\" alt=\"\" width=\"960\" height=\"540\" srcset=\"https:\/\/lurdinha.org\/site\/wp-content\/uploads\/botafogo-bar_ParquePaulista.jpg 960w, https:\/\/lurdinha.org\/site\/wp-content\/uploads\/botafogo-bar_ParquePaulista-300x169.jpg 300w, https:\/\/lurdinha.org\/site\/wp-content\/uploads\/botafogo-bar_ParquePaulista-610x343.jpg 610w, https:\/\/lurdinha.org\/site\/wp-content\/uploads\/botafogo-bar_ParquePaulista-768x432.jpg 768w, https:\/\/lurdinha.org\/site\/wp-content\/uploads\/botafogo-bar_ParquePaulista-354x200.jpg 354w\" sizes=\"auto, (max-width: 960px) 100vw, 960px\" \/><\/p>\n<p><em>(Da Reda\u00e7\u00e3o &#8211; R\u00e1dio \u00c2ncora On line )<\/em><\/p>\n<p>&nbsp;<\/p>\n","protected":false},"excerpt":{"rendered":"<p>DUQUE DE CAXIAS &#8211; Parque Paulista &#8211; Incr\u00edveis as hist\u00f3rias e culturas dos bares e&#8230;<\/p>\n","protected":false},"author":45,"featured_media":9071,"comment_status":"open","ping_status":"closed","sticky":false,"template":"","format":"standard","meta":{"footnotes":""},"categories":[6,14,5],"tags":[],"class_list":["post-9069","post","type-post","status-publish","format-standard","has-post-thumbnail","hentry","category-bagacaria","category-gente","category-umaboa"],"yoast_head":"<!-- This site is optimized with the Yoast SEO plugin v27.5 - https:\/\/yoast.com\/product\/yoast-seo-wordpress\/ -->\n<title>Carlos Pedro, 50 anos de hist\u00f3ria no Botafogo Bar - Lurdinha - Duque de Caxias para Est\u00f4magos Fortes<\/title>\n<meta name=\"robots\" content=\"index, follow, max-snippet:-1, max-image-preview:large, max-video-preview:-1\" \/>\n<link rel=\"canonical\" href=\"https:\/\/lurdinha.org\/site\/carlos-pedro-50-anos-de-historia-no-botafogo-bar\/\" \/>\n<meta property=\"og:locale\" content=\"pt_BR\" \/>\n<meta property=\"og:type\" content=\"article\" \/>\n<meta property=\"og:title\" content=\"Carlos Pedro, 50 anos de hist\u00f3ria no Botafogo Bar - Lurdinha - Duque de Caxias para Est\u00f4magos Fortes\" \/>\n<meta property=\"og:description\" content=\"DUQUE DE CAXIAS &#8211; Parque Paulista &#8211; Incr\u00edveis as hist\u00f3rias e culturas dos bares e...\" \/>\n<meta property=\"og:url\" content=\"https:\/\/lurdinha.org\/site\/carlos-pedro-50-anos-de-historia-no-botafogo-bar\/\" \/>\n<meta property=\"og:site_name\" content=\"Lurdinha - Duque de Caxias para Est\u00f4magos Fortes\" \/>\n<meta property=\"article:publisher\" content=\"https:\/\/www.facebook.com\/LurdinhadeCaxias\" \/>\n<meta property=\"article:author\" content=\"jarimateia.ferreira\" \/>\n<meta property=\"article:published_time\" content=\"2020-07-20T22:01:47+00:00\" \/>\n<meta property=\"article:modified_time\" content=\"2020-07-20T22:02:25+00:00\" \/>\n<meta property=\"og:image\" content=\"https:\/\/lurdinha.org\/site\/wp-content\/uploads\/botafogo-bar_ParquePaulista_.jpg\" \/>\n\t<meta property=\"og:image:width\" content=\"960\" \/>\n\t<meta property=\"og:image:height\" content=\"540\" \/>\n\t<meta property=\"og:image:type\" content=\"image\/jpeg\" \/>\n<meta name=\"author\" content=\"J. Arimat\u00e9ria Ferreira\" \/>\n<meta name=\"twitter:card\" content=\"summary_large_image\" \/>\n<meta name=\"twitter:label1\" content=\"Escrito por\" \/>\n\t<meta name=\"twitter:data1\" content=\"J. Arimat\u00e9ria Ferreira\" \/>\n\t<meta name=\"twitter:label2\" content=\"Est. tempo de leitura\" \/>\n\t<meta name=\"twitter:data2\" content=\"1 minuto\" \/>\n<script type=\"application\/ld+json\" class=\"yoast-schema-graph\">{\"@context\":\"https:\\\/\\\/schema.org\",\"@graph\":[{\"@type\":\"Article\",\"@id\":\"https:\\\/\\\/lurdinha.org\\\/site\\\/carlos-pedro-50-anos-de-historia-no-botafogo-bar\\\/#article\",\"isPartOf\":{\"@id\":\"https:\\\/\\\/lurdinha.org\\\/site\\\/carlos-pedro-50-anos-de-historia-no-botafogo-bar\\\/\"},\"author\":{\"name\":\"J. Arimat\u00e9ria Ferreira\",\"@id\":\"https:\\\/\\\/lurdinha.org\\\/site\\\/#\\\/schema\\\/person\\\/9c54ae2961ed6a2ea723597bd38c7d33\"},\"headline\":\"Carlos Pedro, 50 anos de hist\u00f3ria no Botafogo Bar\",\"datePublished\":\"2020-07-20T22:01:47+00:00\",\"dateModified\":\"2020-07-20T22:02:25+00:00\",\"mainEntityOfPage\":{\"@id\":\"https:\\\/\\\/lurdinha.org\\\/site\\\/carlos-pedro-50-anos-de-historia-no-botafogo-bar\\\/\"},\"wordCount\":277,\"commentCount\":0,\"publisher\":{\"@id\":\"https:\\\/\\\/lurdinha.org\\\/site\\\/#organization\"},\"image\":{\"@id\":\"https:\\\/\\\/lurdinha.org\\\/site\\\/carlos-pedro-50-anos-de-historia-no-botafogo-bar\\\/#primaryimage\"},\"thumbnailUrl\":\"https:\\\/\\\/lurdinha.org\\\/site\\\/wp-content\\\/uploads\\\/botafogo-bar_ParquePaulista_.jpg\",\"articleSection\":[\"baga\u00e7aria\",\"gente\",\"uma boa\"],\"inLanguage\":\"pt-BR\",\"potentialAction\":[{\"@type\":\"CommentAction\",\"name\":\"Comment\",\"target\":[\"https:\\\/\\\/lurdinha.org\\\/site\\\/carlos-pedro-50-anos-de-historia-no-botafogo-bar\\\/#respond\"]}]},{\"@type\":\"WebPage\",\"@id\":\"https:\\\/\\\/lurdinha.org\\\/site\\\/carlos-pedro-50-anos-de-historia-no-botafogo-bar\\\/\",\"url\":\"https:\\\/\\\/lurdinha.org\\\/site\\\/carlos-pedro-50-anos-de-historia-no-botafogo-bar\\\/\",\"name\":\"Carlos Pedro, 50 anos de hist\u00f3ria no Botafogo Bar - Lurdinha - Duque de Caxias para Est\u00f4magos Fortes\",\"isPartOf\":{\"@id\":\"https:\\\/\\\/lurdinha.org\\\/site\\\/#website\"},\"primaryImageOfPage\":{\"@id\":\"https:\\\/\\\/lurdinha.org\\\/site\\\/carlos-pedro-50-anos-de-historia-no-botafogo-bar\\\/#primaryimage\"},\"image\":{\"@id\":\"https:\\\/\\\/lurdinha.org\\\/site\\\/carlos-pedro-50-anos-de-historia-no-botafogo-bar\\\/#primaryimage\"},\"thumbnailUrl\":\"https:\\\/\\\/lurdinha.org\\\/site\\\/wp-content\\\/uploads\\\/botafogo-bar_ParquePaulista_.jpg\",\"datePublished\":\"2020-07-20T22:01:47+00:00\",\"dateModified\":\"2020-07-20T22:02:25+00:00\",\"breadcrumb\":{\"@id\":\"https:\\\/\\\/lurdinha.org\\\/site\\\/carlos-pedro-50-anos-de-historia-no-botafogo-bar\\\/#breadcrumb\"},\"inLanguage\":\"pt-BR\",\"potentialAction\":[{\"@type\":\"ReadAction\",\"target\":[\"https:\\\/\\\/lurdinha.org\\\/site\\\/carlos-pedro-50-anos-de-historia-no-botafogo-bar\\\/\"]}]},{\"@type\":\"ImageObject\",\"inLanguage\":\"pt-BR\",\"@id\":\"https:\\\/\\\/lurdinha.org\\\/site\\\/carlos-pedro-50-anos-de-historia-no-botafogo-bar\\\/#primaryimage\",\"url\":\"https:\\\/\\\/lurdinha.org\\\/site\\\/wp-content\\\/uploads\\\/botafogo-bar_ParquePaulista_.jpg\",\"contentUrl\":\"https:\\\/\\\/lurdinha.org\\\/site\\\/wp-content\\\/uploads\\\/botafogo-bar_ParquePaulista_.jpg\",\"width\":960,\"height\":540},{\"@type\":\"BreadcrumbList\",\"@id\":\"https:\\\/\\\/lurdinha.org\\\/site\\\/carlos-pedro-50-anos-de-historia-no-botafogo-bar\\\/#breadcrumb\",\"itemListElement\":[{\"@type\":\"ListItem\",\"position\":1,\"name\":\"In\u00edcio\",\"item\":\"https:\\\/\\\/lurdinha.org\\\/site\\\/\"},{\"@type\":\"ListItem\",\"position\":2,\"name\":\"Carlos Pedro, 50 anos de hist\u00f3ria no Botafogo Bar\"}]},{\"@type\":\"WebSite\",\"@id\":\"https:\\\/\\\/lurdinha.org\\\/site\\\/#website\",\"url\":\"https:\\\/\\\/lurdinha.org\\\/site\\\/\",\"name\":\"Lurdinha - Duque de Caxias para Est\u00f4magos Fortes\",\"description\":\"Site sobre Arte, Cultura, Pol\u00edtica, Sociedade e curiosidades da cidade de Duque de Caxias, RJ\",\"publisher\":{\"@id\":\"https:\\\/\\\/lurdinha.org\\\/site\\\/#organization\"},\"alternateName\":\"Lurdinha\",\"potentialAction\":[{\"@type\":\"SearchAction\",\"target\":{\"@type\":\"EntryPoint\",\"urlTemplate\":\"https:\\\/\\\/lurdinha.org\\\/site\\\/?s={search_term_string}\"},\"query-input\":{\"@type\":\"PropertyValueSpecification\",\"valueRequired\":true,\"valueName\":\"search_term_string\"}}],\"inLanguage\":\"pt-BR\"},{\"@type\":\"Organization\",\"@id\":\"https:\\\/\\\/lurdinha.org\\\/site\\\/#organization\",\"name\":\"Lurdinha de Caxias\",\"url\":\"https:\\\/\\\/lurdinha.org\\\/site\\\/\",\"logo\":{\"@type\":\"ImageObject\",\"inLanguage\":\"pt-BR\",\"@id\":\"https:\\\/\\\/lurdinha.org\\\/site\\\/#\\\/schema\\\/logo\\\/image\\\/\",\"url\":\"https:\\\/\\\/lurdinha.org\\\/site\\\/wp-content\\\/uploads\\\/logo-lurdinha.jpg\",\"contentUrl\":\"https:\\\/\\\/lurdinha.org\\\/site\\\/wp-content\\\/uploads\\\/logo-lurdinha.jpg\",\"width\":640,\"height\":60,\"caption\":\"Lurdinha de Caxias\"},\"image\":{\"@id\":\"https:\\\/\\\/lurdinha.org\\\/site\\\/#\\\/schema\\\/logo\\\/image\\\/\"},\"sameAs\":[\"https:\\\/\\\/www.facebook.com\\\/LurdinhadeCaxias\",\"https:\\\/\\\/www.instagram.com\\\/lurdinhadecaxias\"]},{\"@type\":\"Person\",\"@id\":\"https:\\\/\\\/lurdinha.org\\\/site\\\/#\\\/schema\\\/person\\\/9c54ae2961ed6a2ea723597bd38c7d33\",\"name\":\"J. Arimat\u00e9ria Ferreira\",\"image\":{\"@type\":\"ImageObject\",\"inLanguage\":\"pt-BR\",\"@id\":\"https:\\\/\\\/secure.gravatar.com\\\/avatar\\\/898c76499f3edd79c1ddb8550282f056c716b40b3b2c21d923d8befcbb93efcd?s=96&d=mm&r=g\",\"url\":\"https:\\\/\\\/secure.gravatar.com\\\/avatar\\\/898c76499f3edd79c1ddb8550282f056c716b40b3b2c21d923d8befcbb93efcd?s=96&d=mm&r=g\",\"contentUrl\":\"https:\\\/\\\/secure.gravatar.com\\\/avatar\\\/898c76499f3edd79c1ddb8550282f056c716b40b3b2c21d923d8befcbb93efcd?s=96&d=mm&r=g\",\"caption\":\"J. Arimat\u00e9ria Ferreira\"},\"description\":\"Radialista\\\/Jornalista, poeta popular e idealizador do Projeto Poesia &amp; Ecologia\",\"sameAs\":[\"jarimateia.ferreira\"],\"url\":\"https:\\\/\\\/lurdinha.org\\\/site\\\/author\\\/arimateia\\\/\"}]}<\/script>\n<!-- \/ Yoast SEO plugin. -->","yoast_head_json":{"title":"Carlos Pedro, 50 anos de hist\u00f3ria no Botafogo Bar - Lurdinha - Duque de Caxias para Est\u00f4magos Fortes","robots":{"index":"index","follow":"follow","max-snippet":"max-snippet:-1","max-image-preview":"max-image-preview:large","max-video-preview":"max-video-preview:-1"},"canonical":"https:\/\/lurdinha.org\/site\/carlos-pedro-50-anos-de-historia-no-botafogo-bar\/","og_locale":"pt_BR","og_type":"article","og_title":"Carlos Pedro, 50 anos de hist\u00f3ria no Botafogo Bar - Lurdinha - Duque de Caxias para Est\u00f4magos Fortes","og_description":"DUQUE DE CAXIAS &#8211; Parque Paulista &#8211; Incr\u00edveis as hist\u00f3rias e culturas dos bares e...","og_url":"https:\/\/lurdinha.org\/site\/carlos-pedro-50-anos-de-historia-no-botafogo-bar\/","og_site_name":"Lurdinha - Duque de Caxias para Est\u00f4magos Fortes","article_publisher":"https:\/\/www.facebook.com\/LurdinhadeCaxias","article_author":"jarimateia.ferreira","article_published_time":"2020-07-20T22:01:47+00:00","article_modified_time":"2020-07-20T22:02:25+00:00","og_image":[{"width":960,"height":540,"url":"https:\/\/lurdinha.org\/site\/wp-content\/uploads\/botafogo-bar_ParquePaulista_.jpg","type":"image\/jpeg"}],"author":"J. Arimat\u00e9ria Ferreira","twitter_card":"summary_large_image","twitter_misc":{"Escrito por":"J. Arimat\u00e9ria Ferreira","Est. tempo de leitura":"1 minuto"},"schema":{"@context":"https:\/\/schema.org","@graph":[{"@type":"Article","@id":"https:\/\/lurdinha.org\/site\/carlos-pedro-50-anos-de-historia-no-botafogo-bar\/#article","isPartOf":{"@id":"https:\/\/lurdinha.org\/site\/carlos-pedro-50-anos-de-historia-no-botafogo-bar\/"},"author":{"name":"J. Arimat\u00e9ria Ferreira","@id":"https:\/\/lurdinha.org\/site\/#\/schema\/person\/9c54ae2961ed6a2ea723597bd38c7d33"},"headline":"Carlos Pedro, 50 anos de hist\u00f3ria no Botafogo Bar","datePublished":"2020-07-20T22:01:47+00:00","dateModified":"2020-07-20T22:02:25+00:00","mainEntityOfPage":{"@id":"https:\/\/lurdinha.org\/site\/carlos-pedro-50-anos-de-historia-no-botafogo-bar\/"},"wordCount":277,"commentCount":0,"publisher":{"@id":"https:\/\/lurdinha.org\/site\/#organization"},"image":{"@id":"https:\/\/lurdinha.org\/site\/carlos-pedro-50-anos-de-historia-no-botafogo-bar\/#primaryimage"},"thumbnailUrl":"https:\/\/lurdinha.org\/site\/wp-content\/uploads\/botafogo-bar_ParquePaulista_.jpg","articleSection":["baga\u00e7aria","gente","uma boa"],"inLanguage":"pt-BR","potentialAction":[{"@type":"CommentAction","name":"Comment","target":["https:\/\/lurdinha.org\/site\/carlos-pedro-50-anos-de-historia-no-botafogo-bar\/#respond"]}]},{"@type":"WebPage","@id":"https:\/\/lurdinha.org\/site\/carlos-pedro-50-anos-de-historia-no-botafogo-bar\/","url":"https:\/\/lurdinha.org\/site\/carlos-pedro-50-anos-de-historia-no-botafogo-bar\/","name":"Carlos Pedro, 50 anos de hist\u00f3ria no Botafogo Bar - Lurdinha - Duque de Caxias para Est\u00f4magos Fortes","isPartOf":{"@id":"https:\/\/lurdinha.org\/site\/#website"},"primaryImageOfPage":{"@id":"https:\/\/lurdinha.org\/site\/carlos-pedro-50-anos-de-historia-no-botafogo-bar\/#primaryimage"},"image":{"@id":"https:\/\/lurdinha.org\/site\/carlos-pedro-50-anos-de-historia-no-botafogo-bar\/#primaryimage"},"thumbnailUrl":"https:\/\/lurdinha.org\/site\/wp-content\/uploads\/botafogo-bar_ParquePaulista_.jpg","datePublished":"2020-07-20T22:01:47+00:00","dateModified":"2020-07-20T22:02:25+00:00","breadcrumb":{"@id":"https:\/\/lurdinha.org\/site\/carlos-pedro-50-anos-de-historia-no-botafogo-bar\/#breadcrumb"},"inLanguage":"pt-BR","potentialAction":[{"@type":"ReadAction","target":["https:\/\/lurdinha.org\/site\/carlos-pedro-50-anos-de-historia-no-botafogo-bar\/"]}]},{"@type":"ImageObject","inLanguage":"pt-BR","@id":"https:\/\/lurdinha.org\/site\/carlos-pedro-50-anos-de-historia-no-botafogo-bar\/#primaryimage","url":"https:\/\/lurdinha.org\/site\/wp-content\/uploads\/botafogo-bar_ParquePaulista_.jpg","contentUrl":"https:\/\/lurdinha.org\/site\/wp-content\/uploads\/botafogo-bar_ParquePaulista_.jpg","width":960,"height":540},{"@type":"BreadcrumbList","@id":"https:\/\/lurdinha.org\/site\/carlos-pedro-50-anos-de-historia-no-botafogo-bar\/#breadcrumb","itemListElement":[{"@type":"ListItem","position":1,"name":"In\u00edcio","item":"https:\/\/lurdinha.org\/site\/"},{"@type":"ListItem","position":2,"name":"Carlos Pedro, 50 anos de hist\u00f3ria no Botafogo Bar"}]},{"@type":"WebSite","@id":"https:\/\/lurdinha.org\/site\/#website","url":"https:\/\/lurdinha.org\/site\/","name":"Lurdinha - Duque de Caxias para Est\u00f4magos Fortes","description":"Site sobre Arte, Cultura, Pol\u00edtica, Sociedade e curiosidades da cidade de Duque de Caxias, RJ","publisher":{"@id":"https:\/\/lurdinha.org\/site\/#organization"},"alternateName":"Lurdinha","potentialAction":[{"@type":"SearchAction","target":{"@type":"EntryPoint","urlTemplate":"https:\/\/lurdinha.org\/site\/?s={search_term_string}"},"query-input":{"@type":"PropertyValueSpecification","valueRequired":true,"valueName":"search_term_string"}}],"inLanguage":"pt-BR"},{"@type":"Organization","@id":"https:\/\/lurdinha.org\/site\/#organization","name":"Lurdinha de Caxias","url":"https:\/\/lurdinha.org\/site\/","logo":{"@type":"ImageObject","inLanguage":"pt-BR","@id":"https:\/\/lurdinha.org\/site\/#\/schema\/logo\/image\/","url":"https:\/\/lurdinha.org\/site\/wp-content\/uploads\/logo-lurdinha.jpg","contentUrl":"https:\/\/lurdinha.org\/site\/wp-content\/uploads\/logo-lurdinha.jpg","width":640,"height":60,"caption":"Lurdinha de Caxias"},"image":{"@id":"https:\/\/lurdinha.org\/site\/#\/schema\/logo\/image\/"},"sameAs":["https:\/\/www.facebook.com\/LurdinhadeCaxias","https:\/\/www.instagram.com\/lurdinhadecaxias"]},{"@type":"Person","@id":"https:\/\/lurdinha.org\/site\/#\/schema\/person\/9c54ae2961ed6a2ea723597bd38c7d33","name":"J. Arimat\u00e9ria Ferreira","image":{"@type":"ImageObject","inLanguage":"pt-BR","@id":"https:\/\/secure.gravatar.com\/avatar\/898c76499f3edd79c1ddb8550282f056c716b40b3b2c21d923d8befcbb93efcd?s=96&d=mm&r=g","url":"https:\/\/secure.gravatar.com\/avatar\/898c76499f3edd79c1ddb8550282f056c716b40b3b2c21d923d8befcbb93efcd?s=96&d=mm&r=g","contentUrl":"https:\/\/secure.gravatar.com\/avatar\/898c76499f3edd79c1ddb8550282f056c716b40b3b2c21d923d8befcbb93efcd?s=96&d=mm&r=g","caption":"J. Arimat\u00e9ria Ferreira"},"description":"Radialista\/Jornalista, poeta popular e idealizador do Projeto Poesia &amp; Ecologia","sameAs":["jarimateia.ferreira"],"url":"https:\/\/lurdinha.org\/site\/author\/arimateia\/"}]}},"views":1778,"_links":{"self":[{"href":"https:\/\/lurdinha.org\/site\/wp-json\/wp\/v2\/posts\/9069","targetHints":{"allow":["GET"]}}],"collection":[{"href":"https:\/\/lurdinha.org\/site\/wp-json\/wp\/v2\/posts"}],"about":[{"href":"https:\/\/lurdinha.org\/site\/wp-json\/wp\/v2\/types\/post"}],"author":[{"embeddable":true,"href":"https:\/\/lurdinha.org\/site\/wp-json\/wp\/v2\/users\/45"}],"replies":[{"embeddable":true,"href":"https:\/\/lurdinha.org\/site\/wp-json\/wp\/v2\/comments?post=9069"}],"version-history":[{"count":2,"href":"https:\/\/lurdinha.org\/site\/wp-json\/wp\/v2\/posts\/9069\/revisions"}],"predecessor-version":[{"id":9073,"href":"https:\/\/lurdinha.org\/site\/wp-json\/wp\/v2\/posts\/9069\/revisions\/9073"}],"wp:featuredmedia":[{"embeddable":true,"href":"https:\/\/lurdinha.org\/site\/wp-json\/wp\/v2\/media\/9071"}],"wp:attachment":[{"href":"https:\/\/lurdinha.org\/site\/wp-json\/wp\/v2\/media?parent=9069"}],"wp:term":[{"taxonomy":"category","embeddable":true,"href":"https:\/\/lurdinha.org\/site\/wp-json\/wp\/v2\/categories?post=9069"},{"taxonomy":"post_tag","embeddable":true,"href":"https:\/\/lurdinha.org\/site\/wp-json\/wp\/v2\/tags?post=9069"}],"curies":[{"name":"wp","href":"https:\/\/api.w.org\/{rel}","templated":true}]}}