{"id":9045,"date":"2020-07-15T01:46:25","date_gmt":"2020-07-15T01:46:25","guid":{"rendered":"https:\/\/lurdinha.org\/site\/?p=9045"},"modified":"2020-07-18T16:22:27","modified_gmt":"2020-07-18T16:22:27","slug":"mpf-questiona-prefeito-de-caxias-sobre-construcao-no-terreiro-da-gomeia","status":"publish","type":"post","link":"https:\/\/lurdinha.org\/site\/mpf-questiona-prefeito-de-caxias-sobre-construcao-no-terreiro-da-gomeia\/","title":{"rendered":"MPF questiona prefeito de Caxias sobre constru\u00e7\u00e3o no Terreiro da Gomeia"},"content":{"rendered":"<p><img loading=\"lazy\" decoding=\"async\" class=\"alignnone size-full wp-image-9046\" src=\"https:\/\/lurdinha.org\/site\/wp-content\/uploads\/FB_IMG_1561362729673.jpg\" alt=\"\" width=\"545\" height=\"414\" srcset=\"https:\/\/lurdinha.org\/site\/wp-content\/uploads\/FB_IMG_1561362729673.jpg 545w, https:\/\/lurdinha.org\/site\/wp-content\/uploads\/FB_IMG_1561362729673-300x228.jpg 300w\" sizes=\"auto, (max-width: 545px) 100vw, 545px\" \/><\/p>\n<p>Em tempos de profunda intoler\u00e2ncia religiosa, amea\u00e7as e persegui\u00e7\u00e3o principalmente nas casas de santo nas periferias e na Baixada Fluminense, um dos locais mais simb\u00f3licos da hist\u00f3ria do candombl\u00e9 no Brasil, pode desaparecer. O prefeito de Duque de Caxias Washington Reis (MDB) anunciou a inten\u00e7\u00e3o de construir uma creche em im\u00f3vel no Terreiro da Gomeia, no bairro Jacatir\u00e3o.<\/p>\n<p>O Minist\u00e9rio P\u00fablico Federal (MPF) solicitou ao prefeito de Duque de Caxias e \u00e0s secretarias municipais de educa\u00e7\u00e3o e cultura informa\u00e7\u00f5es sobre a respeito. A not\u00edcia da constru\u00e7\u00e3o foi dada pelo prefeito em rede social e contraria\u00a0a prote\u00e7\u00e3o ao patrim\u00f4nio hist\u00f3rico relacionado ao terreiro,\u00a0 que se encontra inclusive em processo de tombamento. A solicita\u00e7\u00e3o faz parte do Inqu\u00e9rito Civil n\u00ba\u00a0<a href=\"http:\/\/1.30.017.000099\/2019-94\" target=\"_blank\" rel=\"noreferrer noopener\">1.30.017.000099\/2019-94<\/a>.<\/p>\n<p>O procurador da Rep\u00fablica Julio Jos\u00e9 Araujo Junior, que assina o documento, considera \u201ca necessidade de prote\u00e7\u00e3o ao patrim\u00f4nio hist\u00f3rico e cultural, a qual independe de efetivo registro ou tombamento em \u00f3rg\u00e3o competente\u201d. Al\u00e9m disso, destaca a import\u00e2ncia da valoriza\u00e7\u00e3o e atua\u00e7\u00e3o proativa do Estado das religi\u00f5es de matriz africana, sobretudo em raz\u00e3o da import\u00e2ncia de Jo\u00e3ozinho da Gomeia\u00a0n\u00e3o apenas para a regi\u00e3o, como para todo o pa\u00eds.<\/p>\n<p>O of\u00edcio determina o prazo de cinco dias para que a prefeitura de Duque de Caxias, a\u00a0Secretaria Municipal de Educa\u00e7\u00e3o e a Secretaria Municipal de Cultura se manifestem sobre a inten\u00e7\u00e3o da constru\u00e7\u00e3o na \u00e1rea em processo de tombamento. O documento solicita ainda, em mesmo prazo, informa\u00e7\u00f5es ao Instituto Estadual do Patrim\u00f4nio Cultural\u00a0(Inepac) sobre o processo n\u00ba E-18\/007\/760\/2019, que trata da prote\u00e7\u00e3o ao patrim\u00f4nio hist\u00f3rico, bem como o cronograma de medidas para a sua conclus\u00e3o.<\/p>\n<p><img loading=\"lazy\" decoding=\"async\" class=\"alignnone size-large wp-image-9047\" src=\"https:\/\/lurdinha.org\/site\/wp-content\/uploads\/FB_IMG_1561364079706-768x770-1-610x612.jpg\" alt=\"\" width=\"610\" height=\"612\" srcset=\"https:\/\/lurdinha.org\/site\/wp-content\/uploads\/FB_IMG_1561364079706-768x770-1-610x612.jpg 610w, https:\/\/lurdinha.org\/site\/wp-content\/uploads\/FB_IMG_1561364079706-768x770-1-300x300.jpg 300w, https:\/\/lurdinha.org\/site\/wp-content\/uploads\/FB_IMG_1561364079706-768x770-1-150x150.jpg 150w, https:\/\/lurdinha.org\/site\/wp-content\/uploads\/FB_IMG_1561364079706-768x770-1.jpg 768w\" sizes=\"auto, (max-width: 610px) 100vw, 610px\" \/><\/p>\n<p>O terreno pertencia a Jo\u00e3o Alves de Torres Filho, nascido em Inhambupe, interior da Bahia, em 1914 \u2013 mais tarde batizado Jo\u00e3ozinho da Gom\u00e9ia.<\/p>\n<p>Homossexual assumido, o negro de personalidade forte fez sua despedida de Salvador em alto estilo, em 1948, quando apresentou ao p\u00fablico no Teatro Jandaia um espet\u00e1culo com dan\u00e7as t\u00edpicas do candombl\u00e9 \u2013 um esc\u00e2ndalo para a \u00e9poca.<\/p>\n<p>J\u00e1 no Rio de Janeiro, instalado na Rua da Gom\u00e9ia \u2013 endere\u00e7o incorporado ao nome -, recebia em seu terreiro pol\u00edticos, embaixadores, artistas, agu\u00e7ando a curiosidade da imprensa, que noticiava cada vez mais as excentricidades do pai de santo. Get\u00falio Vargas, JK e \u00c2ngela Maria, a Rainha do R\u00e1dio, eram frequentemente vistos por l\u00e1. Sua figura foi, inclusive, inspira\u00e7\u00e3o para o humorista Chico Anysio criar o personagem \u201cPainho\u201d, um marco na carreira do ator.<\/p>\n<p>Foi em 3 de abril de 1971 que a revista \u201cManchete\u201d noticiou: \u201cQuando seu corpo chegou \u00e0 sepultura, no cemit\u00e9rio de Caxias, Estado do Rio, um raio cortou o espa\u00e7o, e desabou toda a \u00e1gua dos c\u00e9us, ensopando as tr\u00eas mil pessoas que erguiam os bra\u00e7os e gritavam: Epa Hey, Ians\u00e3!\u201d. A narra\u00e7\u00e3o caprichada descrevia o enterro de Jo\u00e3o Alves Torres Filho, o pai de santo Jo\u00e3ozinho da Gomeia. Apelidado \u00e0 \u00e9poca pela imprensa de \u201crei negro\u201d, \u201co maior babalorix\u00e1 do Brasil\u201d e at\u00e9 \u201cPapa do candombl\u00e9\u201d, ele morreu em 19 de mar\u00e7o daquele ano v\u00edtima de um tumor no c\u00e9rebro e problemas card\u00edacos. O relato sobre a cerim\u00f4nia f\u00fanebre pode conter excessos, mas n\u00e3o inverdades.<\/p>\n<p>N\u00e3o \u00e9 fantasia, \u00e9 fato. Era uma tarde muito quente de ver\u00e3o e, quando desceram o caix\u00e3o, o tempo fechou. Come\u00e7ou uma chuva intensa, com trovoadas. Uma manifesta\u00e7\u00e3o de Ians\u00e3 recebendo seu filho. O sepultamento grandioso condiz com a trajet\u00f3ria de Jo\u00e3ozinho da Gomeia.<\/p>\n<p>O pai de santo fez hist\u00f3ria no candombl\u00e9 ao colocar a religi\u00e3o em p\u00e1ginas de jornais e revistas. \u00c9 imposs\u00edvel falar em candombl\u00e9 do Brasil sem falar do Jo\u00e3ozinho, ele foi essencial para mostrar o candombl\u00e9 n\u00e3o s\u00f3 como algo ex\u00f3tico, como um culto primitivo, mas sim como uma religi\u00e3o que tinha uma estrutura pr\u00f3pria.<\/p>\n<p>A hist\u00f3ria de Jo\u00e3ozinho da Gomeia foi enredo da Grande Rio no carnaval 2020, virou pe\u00e7a de teatro, document\u00e1rio e tamb\u00e9m um livro. Os movimentos culturais de Duque de Caxias lutam para ser constru\u00eddo um espa\u00e7o de mem\u00f3ria do babalorix\u00e1 e da hist\u00f3ria das religi\u00f5es de matrizes africanas na Baixada Fluminense. Recentemente foram realizadas diversas escava\u00e7\u00f5es arqueol\u00f3gicas, onde encontrou-se diversas pe\u00e7as do local onde funcionou o terreiro.<\/p>\n<p><img loading=\"lazy\" decoding=\"async\" class=\"alignnone size-large wp-image-9048\" src=\"https:\/\/lurdinha.org\/site\/wp-content\/uploads\/escavacao-terreiro-4-610x343.jpg\" alt=\"\" width=\"610\" height=\"343\" srcset=\"https:\/\/lurdinha.org\/site\/wp-content\/uploads\/escavacao-terreiro-4-610x343.jpg 610w, https:\/\/lurdinha.org\/site\/wp-content\/uploads\/escavacao-terreiro-4-300x169.jpg 300w, https:\/\/lurdinha.org\/site\/wp-content\/uploads\/escavacao-terreiro-4-354x200.jpg 354w, https:\/\/lurdinha.org\/site\/wp-content\/uploads\/escavacao-terreiro-4.jpg 640w\" sizes=\"auto, (max-width: 610px) 100vw, 610px\" \/><\/p>\n<p><strong>Entenda o caso \u2013\u00a0<\/strong>Em resposta ao of\u00edcio expedido pelo MPF acerca do andamento do processo n\u00ba E-18\/007\/760\/2019 (que trata do tombamento do im\u00f3vel no terreiro da\u00a0Gomeia), o Inepac informou, no m\u00eas de fevereiro de 2020, que o processo est\u00e1 em fase de finaliza\u00e7\u00e3o da pesquisa hist\u00f3rica e que \u201cser\u00e1 realizada a ficha de invent\u00e1rio com uma descri\u00e7\u00e3o arquitet\u00f4nica do bem, podendo assim o processo ser encaminhado para a Secretaria de Estado de Cultura e Economia Criativa, que encaminhar\u00e1 para a ci\u00eancia do governador\u201d. A publica\u00e7\u00e3o da prefeitura em rede social contraria os objetivos de prote\u00e7\u00e3o do patrim\u00f4nio e ser\u00e1 devidamente apurada, de modo a garantir a continuidade do processo.<\/p>\n","protected":false},"excerpt":{"rendered":"<p>Em tempos de profunda intoler\u00e2ncia religiosa, amea\u00e7as e persegui\u00e7\u00e3o principalmente nas casas de santo nas&#8230;<\/p>\n","protected":false},"author":69,"featured_media":9046,"comment_status":"open","ping_status":"closed","sticky":false,"template":"","format":"standard","meta":{"footnotes":""},"categories":[1,14,9],"tags":[472,814,660,253,1175],"class_list":["post-9045","post","type-post","status-publish","format-standard","has-post-thumbnail","hentry","category-botinada","category-gente","category-historia","tag-cultura-caxias","tag-gomeia","tag-joaozinho-da-gomeia","tag-prefeitura","tag-terreiro-da-gomeia"],"yoast_head":"<!-- This site is optimized with the Yoast SEO plugin v27.5 - https:\/\/yoast.com\/product\/yoast-seo-wordpress\/ -->\n<title>MPF questiona prefeito de Caxias sobre constru\u00e7\u00e3o no Terreiro da Gomeia - Lurdinha - Duque de Caxias para Est\u00f4magos Fortes<\/title>\n<meta name=\"robots\" content=\"index, follow, max-snippet:-1, max-image-preview:large, max-video-preview:-1\" \/>\n<link rel=\"canonical\" href=\"https:\/\/lurdinha.org\/site\/mpf-questiona-prefeito-de-caxias-sobre-construcao-no-terreiro-da-gomeia\/\" \/>\n<meta property=\"og:locale\" content=\"pt_BR\" \/>\n<meta property=\"og:type\" content=\"article\" \/>\n<meta property=\"og:title\" content=\"MPF questiona prefeito de Caxias sobre constru\u00e7\u00e3o no Terreiro da Gomeia - Lurdinha - Duque de Caxias para Est\u00f4magos Fortes\" \/>\n<meta property=\"og:description\" content=\"Em tempos de profunda intoler\u00e2ncia religiosa, amea\u00e7as e persegui\u00e7\u00e3o principalmente nas casas de santo nas...\" \/>\n<meta property=\"og:url\" content=\"https:\/\/lurdinha.org\/site\/mpf-questiona-prefeito-de-caxias-sobre-construcao-no-terreiro-da-gomeia\/\" \/>\n<meta property=\"og:site_name\" content=\"Lurdinha - Duque de Caxias para Est\u00f4magos Fortes\" \/>\n<meta property=\"article:publisher\" content=\"https:\/\/www.facebook.com\/LurdinhadeCaxias\" \/>\n<meta property=\"article:author\" content=\"profmarroni\" \/>\n<meta property=\"article:published_time\" content=\"2020-07-15T01:46:25+00:00\" \/>\n<meta property=\"article:modified_time\" content=\"2020-07-18T16:22:27+00:00\" \/>\n<meta property=\"og:image\" content=\"https:\/\/lurdinha.org\/site\/wp-content\/uploads\/FB_IMG_1561362729673.jpg\" \/>\n\t<meta property=\"og:image:width\" content=\"545\" \/>\n\t<meta property=\"og:image:height\" content=\"414\" \/>\n\t<meta property=\"og:image:type\" content=\"image\/jpeg\" \/>\n<meta name=\"author\" content=\"Marroni Alves\" \/>\n<meta name=\"twitter:card\" content=\"summary_large_image\" \/>\n<meta name=\"twitter:creator\" content=\"@MarroniAlves\" \/>\n<meta name=\"twitter:label1\" content=\"Escrito por\" \/>\n\t<meta name=\"twitter:data1\" content=\"Marroni Alves\" \/>\n\t<meta name=\"twitter:label2\" content=\"Est. tempo de leitura\" \/>\n\t<meta name=\"twitter:data2\" content=\"4 minutos\" \/>\n<script type=\"application\/ld+json\" class=\"yoast-schema-graph\">{\"@context\":\"https:\\\/\\\/schema.org\",\"@graph\":[{\"@type\":\"Article\",\"@id\":\"https:\\\/\\\/lurdinha.org\\\/site\\\/mpf-questiona-prefeito-de-caxias-sobre-construcao-no-terreiro-da-gomeia\\\/#article\",\"isPartOf\":{\"@id\":\"https:\\\/\\\/lurdinha.org\\\/site\\\/mpf-questiona-prefeito-de-caxias-sobre-construcao-no-terreiro-da-gomeia\\\/\"},\"author\":{\"name\":\"Marroni Alves\",\"@id\":\"https:\\\/\\\/lurdinha.org\\\/site\\\/#\\\/schema\\\/person\\\/962cc3e1090602931955c4bd427a5b79\"},\"headline\":\"MPF questiona prefeito de Caxias sobre constru\u00e7\u00e3o no Terreiro da Gomeia\",\"datePublished\":\"2020-07-15T01:46:25+00:00\",\"dateModified\":\"2020-07-18T16:22:27+00:00\",\"mainEntityOfPage\":{\"@id\":\"https:\\\/\\\/lurdinha.org\\\/site\\\/mpf-questiona-prefeito-de-caxias-sobre-construcao-no-terreiro-da-gomeia\\\/\"},\"wordCount\":906,\"commentCount\":0,\"publisher\":{\"@id\":\"https:\\\/\\\/lurdinha.org\\\/site\\\/#organization\"},\"image\":{\"@id\":\"https:\\\/\\\/lurdinha.org\\\/site\\\/mpf-questiona-prefeito-de-caxias-sobre-construcao-no-terreiro-da-gomeia\\\/#primaryimage\"},\"thumbnailUrl\":\"https:\\\/\\\/lurdinha.org\\\/site\\\/wp-content\\\/uploads\\\/FB_IMG_1561362729673.jpg\",\"keywords\":[\"Cultura Caxias\",\"Gomeia\",\"jo\u00e3ozinho da gomeia\",\"prefeitura\",\"terreiro da gomeia\"],\"articleSection\":[\"botinada\",\"gente\",\"hist\u00f3ria\"],\"inLanguage\":\"pt-BR\",\"potentialAction\":[{\"@type\":\"CommentAction\",\"name\":\"Comment\",\"target\":[\"https:\\\/\\\/lurdinha.org\\\/site\\\/mpf-questiona-prefeito-de-caxias-sobre-construcao-no-terreiro-da-gomeia\\\/#respond\"]}]},{\"@type\":\"WebPage\",\"@id\":\"https:\\\/\\\/lurdinha.org\\\/site\\\/mpf-questiona-prefeito-de-caxias-sobre-construcao-no-terreiro-da-gomeia\\\/\",\"url\":\"https:\\\/\\\/lurdinha.org\\\/site\\\/mpf-questiona-prefeito-de-caxias-sobre-construcao-no-terreiro-da-gomeia\\\/\",\"name\":\"MPF questiona prefeito de Caxias sobre constru\u00e7\u00e3o no Terreiro da Gomeia - Lurdinha - Duque de Caxias para Est\u00f4magos Fortes\",\"isPartOf\":{\"@id\":\"https:\\\/\\\/lurdinha.org\\\/site\\\/#website\"},\"primaryImageOfPage\":{\"@id\":\"https:\\\/\\\/lurdinha.org\\\/site\\\/mpf-questiona-prefeito-de-caxias-sobre-construcao-no-terreiro-da-gomeia\\\/#primaryimage\"},\"image\":{\"@id\":\"https:\\\/\\\/lurdinha.org\\\/site\\\/mpf-questiona-prefeito-de-caxias-sobre-construcao-no-terreiro-da-gomeia\\\/#primaryimage\"},\"thumbnailUrl\":\"https:\\\/\\\/lurdinha.org\\\/site\\\/wp-content\\\/uploads\\\/FB_IMG_1561362729673.jpg\",\"datePublished\":\"2020-07-15T01:46:25+00:00\",\"dateModified\":\"2020-07-18T16:22:27+00:00\",\"breadcrumb\":{\"@id\":\"https:\\\/\\\/lurdinha.org\\\/site\\\/mpf-questiona-prefeito-de-caxias-sobre-construcao-no-terreiro-da-gomeia\\\/#breadcrumb\"},\"inLanguage\":\"pt-BR\",\"potentialAction\":[{\"@type\":\"ReadAction\",\"target\":[\"https:\\\/\\\/lurdinha.org\\\/site\\\/mpf-questiona-prefeito-de-caxias-sobre-construcao-no-terreiro-da-gomeia\\\/\"]}]},{\"@type\":\"ImageObject\",\"inLanguage\":\"pt-BR\",\"@id\":\"https:\\\/\\\/lurdinha.org\\\/site\\\/mpf-questiona-prefeito-de-caxias-sobre-construcao-no-terreiro-da-gomeia\\\/#primaryimage\",\"url\":\"https:\\\/\\\/lurdinha.org\\\/site\\\/wp-content\\\/uploads\\\/FB_IMG_1561362729673.jpg\",\"contentUrl\":\"https:\\\/\\\/lurdinha.org\\\/site\\\/wp-content\\\/uploads\\\/FB_IMG_1561362729673.jpg\",\"width\":545,\"height\":414},{\"@type\":\"BreadcrumbList\",\"@id\":\"https:\\\/\\\/lurdinha.org\\\/site\\\/mpf-questiona-prefeito-de-caxias-sobre-construcao-no-terreiro-da-gomeia\\\/#breadcrumb\",\"itemListElement\":[{\"@type\":\"ListItem\",\"position\":1,\"name\":\"In\u00edcio\",\"item\":\"https:\\\/\\\/lurdinha.org\\\/site\\\/\"},{\"@type\":\"ListItem\",\"position\":2,\"name\":\"MPF questiona prefeito de Caxias sobre constru\u00e7\u00e3o no Terreiro da Gomeia\"}]},{\"@type\":\"WebSite\",\"@id\":\"https:\\\/\\\/lurdinha.org\\\/site\\\/#website\",\"url\":\"https:\\\/\\\/lurdinha.org\\\/site\\\/\",\"name\":\"Lurdinha - Duque de Caxias para Est\u00f4magos Fortes\",\"description\":\"Site sobre Arte, Cultura, Pol\u00edtica, Sociedade e curiosidades da cidade de Duque de Caxias, RJ\",\"publisher\":{\"@id\":\"https:\\\/\\\/lurdinha.org\\\/site\\\/#organization\"},\"alternateName\":\"Lurdinha\",\"potentialAction\":[{\"@type\":\"SearchAction\",\"target\":{\"@type\":\"EntryPoint\",\"urlTemplate\":\"https:\\\/\\\/lurdinha.org\\\/site\\\/?s={search_term_string}\"},\"query-input\":{\"@type\":\"PropertyValueSpecification\",\"valueRequired\":true,\"valueName\":\"search_term_string\"}}],\"inLanguage\":\"pt-BR\"},{\"@type\":\"Organization\",\"@id\":\"https:\\\/\\\/lurdinha.org\\\/site\\\/#organization\",\"name\":\"Lurdinha de Caxias\",\"url\":\"https:\\\/\\\/lurdinha.org\\\/site\\\/\",\"logo\":{\"@type\":\"ImageObject\",\"inLanguage\":\"pt-BR\",\"@id\":\"https:\\\/\\\/lurdinha.org\\\/site\\\/#\\\/schema\\\/logo\\\/image\\\/\",\"url\":\"https:\\\/\\\/lurdinha.org\\\/site\\\/wp-content\\\/uploads\\\/logo-lurdinha.jpg\",\"contentUrl\":\"https:\\\/\\\/lurdinha.org\\\/site\\\/wp-content\\\/uploads\\\/logo-lurdinha.jpg\",\"width\":640,\"height\":60,\"caption\":\"Lurdinha de Caxias\"},\"image\":{\"@id\":\"https:\\\/\\\/lurdinha.org\\\/site\\\/#\\\/schema\\\/logo\\\/image\\\/\"},\"sameAs\":[\"https:\\\/\\\/www.facebook.com\\\/LurdinhadeCaxias\",\"https:\\\/\\\/www.instagram.com\\\/lurdinhadecaxias\"]},{\"@type\":\"Person\",\"@id\":\"https:\\\/\\\/lurdinha.org\\\/site\\\/#\\\/schema\\\/person\\\/962cc3e1090602931955c4bd427a5b79\",\"name\":\"Marroni Alves\",\"image\":{\"@type\":\"ImageObject\",\"inLanguage\":\"pt-BR\",\"@id\":\"https:\\\/\\\/secure.gravatar.com\\\/avatar\\\/1ad3bda8d2f95405271f92b1a014b8c0c906279b4732863ae89fa73c6e251ddf?s=96&d=mm&r=g\",\"url\":\"https:\\\/\\\/secure.gravatar.com\\\/avatar\\\/1ad3bda8d2f95405271f92b1a014b8c0c906279b4732863ae89fa73c6e251ddf?s=96&d=mm&r=g\",\"contentUrl\":\"https:\\\/\\\/secure.gravatar.com\\\/avatar\\\/1ad3bda8d2f95405271f92b1a014b8c0c906279b4732863ae89fa73c6e251ddf?s=96&d=mm&r=g\",\"caption\":\"Marroni Alves\"},\"description\":\"Filho da escola p\u00fablica e de pernambucanos. Nascido no Hospital Duque, mas sempre no Hospital Infantil. Formado em Hist\u00f3ria na FEUDUC, dou aula em pr\u00e9-vestibular comunit\u00e1rio na Vila Ideal, Jardim Gramacho, Complexo da Mangueirinha e Xerem.\",\"sameAs\":[\"profmarroni\",\"https:\\\/\\\/www.instagram.com\\\/marronialves\\\/\",\"https:\\\/\\\/x.com\\\/MarroniAlves\"],\"url\":\"https:\\\/\\\/lurdinha.org\\\/site\\\/author\\\/marroni\\\/\"}]}<\/script>\n<!-- \/ Yoast SEO plugin. -->","yoast_head_json":{"title":"MPF questiona prefeito de Caxias sobre constru\u00e7\u00e3o no Terreiro da Gomeia - Lurdinha - Duque de Caxias para Est\u00f4magos Fortes","robots":{"index":"index","follow":"follow","max-snippet":"max-snippet:-1","max-image-preview":"max-image-preview:large","max-video-preview":"max-video-preview:-1"},"canonical":"https:\/\/lurdinha.org\/site\/mpf-questiona-prefeito-de-caxias-sobre-construcao-no-terreiro-da-gomeia\/","og_locale":"pt_BR","og_type":"article","og_title":"MPF questiona prefeito de Caxias sobre constru\u00e7\u00e3o no Terreiro da Gomeia - Lurdinha - Duque de Caxias para Est\u00f4magos Fortes","og_description":"Em tempos de profunda intoler\u00e2ncia religiosa, amea\u00e7as e persegui\u00e7\u00e3o principalmente nas casas de santo nas...","og_url":"https:\/\/lurdinha.org\/site\/mpf-questiona-prefeito-de-caxias-sobre-construcao-no-terreiro-da-gomeia\/","og_site_name":"Lurdinha - Duque de Caxias para Est\u00f4magos Fortes","article_publisher":"https:\/\/www.facebook.com\/LurdinhadeCaxias","article_author":"profmarroni","article_published_time":"2020-07-15T01:46:25+00:00","article_modified_time":"2020-07-18T16:22:27+00:00","og_image":[{"width":545,"height":414,"url":"https:\/\/lurdinha.org\/site\/wp-content\/uploads\/FB_IMG_1561362729673.jpg","type":"image\/jpeg"}],"author":"Marroni Alves","twitter_card":"summary_large_image","twitter_creator":"@MarroniAlves","twitter_misc":{"Escrito por":"Marroni Alves","Est. tempo de leitura":"4 minutos"},"schema":{"@context":"https:\/\/schema.org","@graph":[{"@type":"Article","@id":"https:\/\/lurdinha.org\/site\/mpf-questiona-prefeito-de-caxias-sobre-construcao-no-terreiro-da-gomeia\/#article","isPartOf":{"@id":"https:\/\/lurdinha.org\/site\/mpf-questiona-prefeito-de-caxias-sobre-construcao-no-terreiro-da-gomeia\/"},"author":{"name":"Marroni Alves","@id":"https:\/\/lurdinha.org\/site\/#\/schema\/person\/962cc3e1090602931955c4bd427a5b79"},"headline":"MPF questiona prefeito de Caxias sobre constru\u00e7\u00e3o no Terreiro da Gomeia","datePublished":"2020-07-15T01:46:25+00:00","dateModified":"2020-07-18T16:22:27+00:00","mainEntityOfPage":{"@id":"https:\/\/lurdinha.org\/site\/mpf-questiona-prefeito-de-caxias-sobre-construcao-no-terreiro-da-gomeia\/"},"wordCount":906,"commentCount":0,"publisher":{"@id":"https:\/\/lurdinha.org\/site\/#organization"},"image":{"@id":"https:\/\/lurdinha.org\/site\/mpf-questiona-prefeito-de-caxias-sobre-construcao-no-terreiro-da-gomeia\/#primaryimage"},"thumbnailUrl":"https:\/\/lurdinha.org\/site\/wp-content\/uploads\/FB_IMG_1561362729673.jpg","keywords":["Cultura Caxias","Gomeia","jo\u00e3ozinho da gomeia","prefeitura","terreiro da gomeia"],"articleSection":["botinada","gente","hist\u00f3ria"],"inLanguage":"pt-BR","potentialAction":[{"@type":"CommentAction","name":"Comment","target":["https:\/\/lurdinha.org\/site\/mpf-questiona-prefeito-de-caxias-sobre-construcao-no-terreiro-da-gomeia\/#respond"]}]},{"@type":"WebPage","@id":"https:\/\/lurdinha.org\/site\/mpf-questiona-prefeito-de-caxias-sobre-construcao-no-terreiro-da-gomeia\/","url":"https:\/\/lurdinha.org\/site\/mpf-questiona-prefeito-de-caxias-sobre-construcao-no-terreiro-da-gomeia\/","name":"MPF questiona prefeito de Caxias sobre constru\u00e7\u00e3o no Terreiro da Gomeia - Lurdinha - Duque de Caxias para Est\u00f4magos Fortes","isPartOf":{"@id":"https:\/\/lurdinha.org\/site\/#website"},"primaryImageOfPage":{"@id":"https:\/\/lurdinha.org\/site\/mpf-questiona-prefeito-de-caxias-sobre-construcao-no-terreiro-da-gomeia\/#primaryimage"},"image":{"@id":"https:\/\/lurdinha.org\/site\/mpf-questiona-prefeito-de-caxias-sobre-construcao-no-terreiro-da-gomeia\/#primaryimage"},"thumbnailUrl":"https:\/\/lurdinha.org\/site\/wp-content\/uploads\/FB_IMG_1561362729673.jpg","datePublished":"2020-07-15T01:46:25+00:00","dateModified":"2020-07-18T16:22:27+00:00","breadcrumb":{"@id":"https:\/\/lurdinha.org\/site\/mpf-questiona-prefeito-de-caxias-sobre-construcao-no-terreiro-da-gomeia\/#breadcrumb"},"inLanguage":"pt-BR","potentialAction":[{"@type":"ReadAction","target":["https:\/\/lurdinha.org\/site\/mpf-questiona-prefeito-de-caxias-sobre-construcao-no-terreiro-da-gomeia\/"]}]},{"@type":"ImageObject","inLanguage":"pt-BR","@id":"https:\/\/lurdinha.org\/site\/mpf-questiona-prefeito-de-caxias-sobre-construcao-no-terreiro-da-gomeia\/#primaryimage","url":"https:\/\/lurdinha.org\/site\/wp-content\/uploads\/FB_IMG_1561362729673.jpg","contentUrl":"https:\/\/lurdinha.org\/site\/wp-content\/uploads\/FB_IMG_1561362729673.jpg","width":545,"height":414},{"@type":"BreadcrumbList","@id":"https:\/\/lurdinha.org\/site\/mpf-questiona-prefeito-de-caxias-sobre-construcao-no-terreiro-da-gomeia\/#breadcrumb","itemListElement":[{"@type":"ListItem","position":1,"name":"In\u00edcio","item":"https:\/\/lurdinha.org\/site\/"},{"@type":"ListItem","position":2,"name":"MPF questiona prefeito de Caxias sobre constru\u00e7\u00e3o no Terreiro da Gomeia"}]},{"@type":"WebSite","@id":"https:\/\/lurdinha.org\/site\/#website","url":"https:\/\/lurdinha.org\/site\/","name":"Lurdinha - Duque de Caxias para Est\u00f4magos Fortes","description":"Site sobre Arte, Cultura, Pol\u00edtica, Sociedade e curiosidades da cidade de Duque de Caxias, RJ","publisher":{"@id":"https:\/\/lurdinha.org\/site\/#organization"},"alternateName":"Lurdinha","potentialAction":[{"@type":"SearchAction","target":{"@type":"EntryPoint","urlTemplate":"https:\/\/lurdinha.org\/site\/?s={search_term_string}"},"query-input":{"@type":"PropertyValueSpecification","valueRequired":true,"valueName":"search_term_string"}}],"inLanguage":"pt-BR"},{"@type":"Organization","@id":"https:\/\/lurdinha.org\/site\/#organization","name":"Lurdinha de Caxias","url":"https:\/\/lurdinha.org\/site\/","logo":{"@type":"ImageObject","inLanguage":"pt-BR","@id":"https:\/\/lurdinha.org\/site\/#\/schema\/logo\/image\/","url":"https:\/\/lurdinha.org\/site\/wp-content\/uploads\/logo-lurdinha.jpg","contentUrl":"https:\/\/lurdinha.org\/site\/wp-content\/uploads\/logo-lurdinha.jpg","width":640,"height":60,"caption":"Lurdinha de Caxias"},"image":{"@id":"https:\/\/lurdinha.org\/site\/#\/schema\/logo\/image\/"},"sameAs":["https:\/\/www.facebook.com\/LurdinhadeCaxias","https:\/\/www.instagram.com\/lurdinhadecaxias"]},{"@type":"Person","@id":"https:\/\/lurdinha.org\/site\/#\/schema\/person\/962cc3e1090602931955c4bd427a5b79","name":"Marroni Alves","image":{"@type":"ImageObject","inLanguage":"pt-BR","@id":"https:\/\/secure.gravatar.com\/avatar\/1ad3bda8d2f95405271f92b1a014b8c0c906279b4732863ae89fa73c6e251ddf?s=96&d=mm&r=g","url":"https:\/\/secure.gravatar.com\/avatar\/1ad3bda8d2f95405271f92b1a014b8c0c906279b4732863ae89fa73c6e251ddf?s=96&d=mm&r=g","contentUrl":"https:\/\/secure.gravatar.com\/avatar\/1ad3bda8d2f95405271f92b1a014b8c0c906279b4732863ae89fa73c6e251ddf?s=96&d=mm&r=g","caption":"Marroni Alves"},"description":"Filho da escola p\u00fablica e de pernambucanos. Nascido no Hospital Duque, mas sempre no Hospital Infantil. Formado em Hist\u00f3ria na FEUDUC, dou aula em pr\u00e9-vestibular comunit\u00e1rio na Vila Ideal, Jardim Gramacho, Complexo da Mangueirinha e Xerem.","sameAs":["profmarroni","https:\/\/www.instagram.com\/marronialves\/","https:\/\/x.com\/MarroniAlves"],"url":"https:\/\/lurdinha.org\/site\/author\/marroni\/"}]}},"views":2436,"_links":{"self":[{"href":"https:\/\/lurdinha.org\/site\/wp-json\/wp\/v2\/posts\/9045","targetHints":{"allow":["GET"]}}],"collection":[{"href":"https:\/\/lurdinha.org\/site\/wp-json\/wp\/v2\/posts"}],"about":[{"href":"https:\/\/lurdinha.org\/site\/wp-json\/wp\/v2\/types\/post"}],"author":[{"embeddable":true,"href":"https:\/\/lurdinha.org\/site\/wp-json\/wp\/v2\/users\/69"}],"replies":[{"embeddable":true,"href":"https:\/\/lurdinha.org\/site\/wp-json\/wp\/v2\/comments?post=9045"}],"version-history":[{"count":1,"href":"https:\/\/lurdinha.org\/site\/wp-json\/wp\/v2\/posts\/9045\/revisions"}],"predecessor-version":[{"id":9049,"href":"https:\/\/lurdinha.org\/site\/wp-json\/wp\/v2\/posts\/9045\/revisions\/9049"}],"wp:featuredmedia":[{"embeddable":true,"href":"https:\/\/lurdinha.org\/site\/wp-json\/wp\/v2\/media\/9046"}],"wp:attachment":[{"href":"https:\/\/lurdinha.org\/site\/wp-json\/wp\/v2\/media?parent=9045"}],"wp:term":[{"taxonomy":"category","embeddable":true,"href":"https:\/\/lurdinha.org\/site\/wp-json\/wp\/v2\/categories?post=9045"},{"taxonomy":"post_tag","embeddable":true,"href":"https:\/\/lurdinha.org\/site\/wp-json\/wp\/v2\/tags?post=9045"}],"curies":[{"name":"wp","href":"https:\/\/api.w.org\/{rel}","templated":true}]}}