{"id":9025,"date":"2020-07-13T10:39:33","date_gmt":"2020-07-13T10:39:33","guid":{"rendered":"https:\/\/lurdinha.org\/site\/?p=9025"},"modified":"2020-07-13T15:10:32","modified_gmt":"2020-07-13T15:10:32","slug":"carta-denuncia-dos-trabalhadores-e-trabalhadoras-da-cultura-de-duque-de-caxias","status":"publish","type":"post","link":"https:\/\/lurdinha.org\/site\/carta-denuncia-dos-trabalhadores-e-trabalhadoras-da-cultura-de-duque-de-caxias\/","title":{"rendered":"Carta Den\u00fancia dos trabalhadores e trabalhadoras da Cultura de Duque de Caxias"},"content":{"rendered":"<p><strong>O F\u00f3rum Municipal de Cultura de Duque de Caxias<\/strong> lan\u00e7a esta carta p\u00fablica onde exp\u00f5e \u00e0 sociedade a situa\u00e7\u00e3o de extremo abandono e os constantes desacertos no di\u00e1logo do setor cultural com os agentes p\u00fablicos do munic\u00edpio, agravando a vulnerabilidade do setor diante da situa\u00e7\u00e3o emergencial provocada pela pandemia da Covid-19.<\/p>\n<p>&nbsp;<\/p>\n<h3><strong>Cidad\u00e3s e cidad\u00e3os,<\/strong><\/h3>\n<p>\u00c9 com muita indigna\u00e7\u00e3o que diversos segmentos do setor cultural da cidade de Duque de Caxias torna p\u00fablica esta carta den\u00fancia atrav\u00e9s do <b>F\u00f3rum de Cultura de Duque de Caxias<\/b>, com o objetivo de expor \u00e0 sociedade a situa\u00e7\u00e3o de extremo abandono e os constantes desacertos no di\u00e1logo do setor cultural com os agentes p\u00fablicos do munic\u00edpio, agravando a vulnerabilidade do setor diante da situa\u00e7\u00e3o emergencial provocada pela pandemia da Covid-19.<\/p>\n<p>Sabemos que o setor cultural foi o primeiro a ter suas atividades paralisadas e possivelmente ser\u00e1 o \u00faltimo a retornar. Trabalhadoras e trabalhadores da Cultura, bem como coletivos, grupos e espa\u00e7os culturais do munic\u00edpio vivem um momento delicado, onde al\u00e9m de enfrentar os riscos causados pela pandemia, precisam cobrar que o poder p\u00fablico do executivo cumpra o seu papel na constru\u00e7\u00e3o de pol\u00edticas p\u00fablicas emergenciais para o setor.<\/p>\n<p>Cabe destacar a morosidade da Secretaria Municipal de Cultura em articular e apresentar a\u00e7\u00f5es propositivas de amparo aos trabalhadores da cultura de Duque de Caxias. Para ilustrar esta den\u00fancia cabe apresentar um hist\u00f3rico sobre a aus\u00eancia de provid\u00eancias efetivas desta gest\u00e3o no atual contexto de crise,\u00a0 que implica no agravamento da indefensibilidade vivenciada pelos fazedores culturais do munic\u00edpio.<\/p>\n<p>Damos in\u00edcio aos relatos apresentados ao longo do tempo pelos Conselheiros de Cultura de Duque de Caxias e os membros das Comiss\u00f5es Gestoras do Fundo e de Elabora\u00e7\u00e3o do Edital.<\/p>\n<p>No final de mar\u00e7o, lideran\u00e7as culturais da Baixada Fluminense, constru\u00edram cartas manifestos, abertas e direcionadas para Prefeitos, Secret\u00e1rios, gestores municipais, estaduais e \u00f3rg\u00e3os p\u00fablicos, como a comiss\u00e3o de Cultura da Alerj, entre outras institui\u00e7\u00f5es.\u00a0 Por conta desta mobiliza\u00e7\u00e3o, os representantes da sociedade civil do Conselho Municipal de Pol\u00edtica Cultural se reuniram e entraram em contato com a secretaria municipal de cultura de Duque de Caxias e com o pr\u00f3prio gestor da pasta, apontando a grave crise dos fazedores culturais e a mobiliza\u00e7\u00e3o do setor para que as diversas prefeituras da Baixada Fluminense, tomassem dilig\u00eancias no intuito de diminuir os impactos do Pandemia no setor. Neste momento, foi apontado ao secret\u00e1rio a urg\u00eancia de liberar o Fundo Municipal de Cultura de Duque de Caxias para um <b>edital emergencial de Cultura<\/b> com objetivo de beneficiar os fazedores de cultura da cidade de Duque de Caxias.<\/p>\n<p>Em reuni\u00e3o entre a comiss\u00e3o gestora do fundo municipal de Cultura e a comiss\u00e3o de elabora\u00e7\u00e3o do edital municipal, ocorrida no dia 27 de abril de 2020, quando ficou acordado a necessidade de que o edital, que ser\u00e1 o primeiro edital municipal de cultura de Duque de Caxias, fosse adequado como pr\u00eamio, para\u00a0 atender o car\u00e1ter emergencial imposto pela pandemia.<\/p>\n<p>Ap\u00f3s esta reuni\u00e3o foi aprovada na C\u00e2mara Municipal de Duque de Caxias, a L E I\u00a0 N\u00b0 3029 DE 02 DE JUNHO DE 2020.<\/p>\n<p><i>\u201cArt. 1o Fica o Poder Executivo, no exerc\u00edcio de 2020, autorizado a suspender todas as vincula\u00e7\u00f5es de receitas p\u00fablicas institu\u00eddas por legisla\u00e7\u00f5es municipais, inclusive as previstas em fundos municipais espec\u00edficos.\u201d<\/i><\/p>\n<p>Uma lei gen\u00e9rica com objetivo de desvincular, no exerc\u00edcio de 2020, os recursos dos Fundos para serem usados em a\u00e7\u00f5es de combate ao Covid19 (coronavirus).<\/p>\n<p>Durante este per\u00edodo, as comiss\u00f5es do conselho estavam de prontid\u00e3o para constru\u00e7\u00e3o do Edital de Emerg\u00eancia em conjunto a SCMT, conforme Lei n\u00b0 2.796 de 17\/06\/2016.<\/p>\n<p>No dia 08 de junho, na reuni\u00e3o da comiss\u00e3o gestora do fundo, os gestores p\u00fablicos apresentaram uma minuta pronta do edital de emerg\u00eancia. Importante ressaltar que a minuta do Edital foi constru\u00edda sem a participa\u00e7\u00e3o da sociedade civil, e que, apenas no dia 08 de junho disponibilizaram o texto para as contribui\u00e7\u00f5es do Conselho Municipal de Pol\u00edtica Cultural. Entretanto, os gestores municipais n\u00e3o acataram quest\u00f5es cruciais, contidas nas contribui\u00e7\u00f5es feitas pelos representantes da sociedade civil, acerca do efetivo atendimento aos fazedores e coletivos da cidade.<\/p>\n<p>Nos espanta a falta de di\u00e1logo do Governo com os\u00a0 representantes da sociedade civil que comp\u00f5em o Conselho Municipal de Pol\u00edtica Cultural, que tiveram suas falas desconsideradas, j\u00e1 que os agentes p\u00fablicos continuam insistindo na manuten\u00e7\u00e3o de uma minuta que teve como base o edital de emerg\u00eancia do munic\u00edpio de Petr\u00f3polis, que, inclusive, j\u00e1 foi vetado pelo Minist\u00e9rio P\u00fablico.<\/p>\n<p>Outra quest\u00e3o que suscita perplexidade, \u00e9 o fato da Secretaria Municipal de Cultura, at\u00e9 a presente data, n\u00e3o ter apresentado ao Conselho Municipal de Pol\u00edtica Cultural a resposta enviada pela Procuradoria Geral do Munic\u00edpio, sobre o relat\u00f3rio encaminhado pela sociedade civil, com a solicita\u00e7\u00e3o de revis\u00e3o da minuta do edital proposto pela SMCT. No relat\u00f3rio enviado \u00e0 Procuradoria constam refer\u00eancias jur\u00eddicas que embasam a realiza\u00e7\u00e3o de um edital que atenda as necessidades reais dos fazedores de cultura no contexto apresentado. Logo, requeremos a divulga\u00e7\u00e3o do referido documento expedido pela Procuradoria Municipal de Duque de Caxias, face a obrigatoriedade do\u00a0 princ\u00edpio da transpar\u00eancia na administra\u00e7\u00e3o p\u00fablica.<\/p>\n<p>Sendo assim, tornamos p\u00fablica atrav\u00e9s desta carta nossas reivindica\u00e7\u00f5es a fim de cobrar da gest\u00e3o municipal e do Prefeito, Sr.\u00ba Washington Reis, que tomem provid\u00eancias emergenciais sobre as den\u00fancias sinalizadas na presente carta. Pois em decorr\u00eancia da Pandemia, muitos de nossos fazedores culturais est\u00e3o passando por priva\u00e7\u00f5es de necessidades b\u00e1sicas, que os impossibilitam de atender exig\u00eancias do edital proposto pela SMCT.<\/p>\n<p>Quanto a minuta do edital mencionado e publicado erroneamente na p\u00e1gina da prefeitura, identificamos pontos que precisam de maior aprecia\u00e7\u00e3o, para que haja a real observ\u00e2ncia aos princ\u00edpios b\u00e1sicos relativos a um edital de premia\u00e7\u00e3o. Considerando que essa modalidade de edital dever\u00e1 fortalecer, difundir, incentivar, promover, fluir, e sobretudo, reconhecer os valores do patrim\u00f4nio cultural do Munic\u00edpio de Duque de Caxias em suas mais diferentes manifesta\u00e7\u00f5es. Para dessa forma, premiar os artistas, agentes culturais e fazedores, que contribu\u00edram para o desenvolvimento art\u00edstico com cria\u00e7\u00e3o, manifesta\u00e7\u00e3o, exposi\u00e7\u00e3o, inova\u00e7\u00e3o, resgate, preserva\u00e7\u00e3o e mem\u00f3ria da cultura, como patrim\u00f4nio material e imaterial da cidade. O objetivo, ent\u00e3o, \u00e9 reconhecer e incentivar o protagonismo de nossos artistas.<\/p>\n<p>Portanto, deve ter o car\u00e1ter simplificado do pr\u00eamio, com o objetivo de atender as demandas de diversos setores que realizam e formam a identidade cultural de Duque de Caxias, com as mais variadas linguagens.<\/p>\n<p>Lembramos que o prazo de concep\u00e7\u00e3o, realiza\u00e7\u00e3o, entrega e presta\u00e7\u00e3o de contas do projeto deve considerar o cen\u00e1rio da pandemia, como por exemplo, o Edital do Estado do RJ \u201cCultura Presente nas Redes\u201d. Dessa forma, sugerimos um prazo de dois meses para concep\u00e7\u00e3o e realiza\u00e7\u00e3o da obra ap\u00f3s o recebimento da premia\u00e7\u00e3o, previsto dentro do cronograma do edital, seguindo a orienta\u00e7\u00e3o de outros Editais sens\u00edveis ao cen\u00e1rio de pandemia.<\/p>\n<p>\u00c9 importante salientar que, em fun\u00e7\u00e3o do novo recurso que ser\u00e1 aportado ao munic\u00edpio, em car\u00e1ter emergencial, relativo ao Fundo do Governo Federal, os proponentes que n\u00e3o cumprirem as exig\u00eancias do edital em pauta poder\u00e3o ficar limitados quanto \u00e0 participa\u00e7\u00e3o em novos\u00a0 editais propostos pela SMCT.<\/p>\n<p>Solicitamos, ainda, \u00e0 Secretaria Municipal de Cultura de Duque de Caxias que realize uma WebConfer\u00eancia com o F\u00f3rum Municipal de Cultura, com ampla chamada para a sociedade civil, em car\u00e1ter de URG\u00caNCIA, para discuss\u00e3o e encaminhamento das quest\u00f5es evidenciadas na presente carta. E assim, reclamamos nossos direitos de vez e de voz junto \u00e0s delibera\u00e7\u00f5es concernentes ao setor cultural da cidade.<\/p>\n<p>Reiteramos a necessidade de URG\u00caNCIA aos apontamentos desta Carta, pois a Cultura, apesar de ser um dos setores mais atingidos pela crise \u00e9 parte fundamental na subjetividade das pessoas, cumprindo um papel social importante em um momento como este. Especialmente no nosso munic\u00edpio a cultura tem sido fundamental, tamb\u00e9m, no atendimento social \u00e0s pessoas mais vulner\u00e1veis, pois s\u00e3o os coletivos e grupos culturais, que sem ajuda do poder p\u00fablico, tem trabalhado na mobiliza\u00e7\u00e3o para fornecer assist\u00eancia \u00e0s suas comunidades, seja por meio\u00a0 de conte\u00fados informativos, distribui\u00e7\u00f5es de cestas b\u00e1sicas, kits de higiene e EPI\u2019s. Al\u00e9m disso, o setor cultural \u00e9 respons\u00e1vel por uma significativa parcela produtiva da economia, gerando um grande n\u00famero de empregos e renda.<\/p>\n<p>Diante de todo o exposto, exigimos que o poder p\u00fablico assuma seu papel de responsabilidade social neste momento e aja com respeito, ouvindo as propostas encaminhadas pela sociedade civil por meio da abertura de um efetivo canal de di\u00e1logo com os agentes culturais da cidade.<\/p>\n<p>Agradecemos a aten\u00e7\u00e3o e aguardamos respostas para as quest\u00f5es apresentadas.<\/p>\n<p><strong>Duque de Caxias, 13 de julho de 2020.<\/strong><\/p>\n<p>&nbsp;<\/p>\n<p><b>ASSINAM ESTA CARTA:<\/b><\/p>\n<p>ABAJA (Associa\u00e7\u00e3o de Bairro Amigos de Jardim Anhang\u00e1 )<\/p>\n<p>Associa\u00e7\u00e3o de Moradores do bairro Centen\u00e1rio (CEMBAC)<\/p>\n<p>Associa\u00e7\u00e3o Guad\u00e1 Vida<\/p>\n<p>ASTV-Produ\u00e7\u00f5es e Cultural<\/p>\n<p>Biblioteca Comunit\u00e1ria\u00a0 Josimar Coelho da Silva<\/p>\n<p>Biblioteca Comunit\u00e1ria MANNS<\/p>\n<p>Biblioteca Comunit\u00e1ria Vila Aracy<\/p>\n<p>Biblioteca Comunit\u00e1ria Rachel de Queiroz<\/p>\n<p>Bloco Embalo de Saracuruna<\/p>\n<p>Cia Art\u00edstica Sol sem D\u00f3<\/p>\n<p>Centro Cultural Comunit\u00e1rio Chocobim<\/p>\n<p>Cineclube Imbari\u00ea nos Trilhos<\/p>\n<p>Cineclube Mate Com Angu<\/p>\n<p>Coletivo Raquel Trindade de Intelectualidades Caxienses<\/p>\n<p>Cypher kids<\/p>\n<p>Cypher na Rua<\/p>\n<p>Educafro Duque de Caxias<\/p>\n<p>Espa\u00e7o liter\u00e1rio Balaio de Leitura<\/p>\n<p>Fam\u00edlia Lanatanpa<\/p>\n<p>Festival TOMAROCK<\/p>\n<p>Flor de Pimenta Produ\u00e7\u00e3o Cultural<\/p>\n<p>Folia de Reis Estrela Dalva do Oriente Santa Cruz da Serra<\/p>\n<p>Folia de Reis Reisado Flor do Oriente<\/p>\n<p>Gomeia Galp\u00e3o Criativo<\/p>\n<p>Grupo Nova Gera\u00e7\u00e3o de Capoeira<\/p>\n<p>ISPOAJ<\/p>\n<p>Lurdinha.Org<\/p>\n<p>Movimento Artista de Rua<\/p>\n<p>Movimento Favela\u00e7\u00e3o<\/p>\n<p>MUB &#8211; Federa\u00e7\u00e3o das Associa\u00e7\u00f5es de Moradores de Duque de Caxias<\/p>\n<p>Observat\u00f3rio da Baixada<\/p>\n<p>Ong MULHERES COM PROPOSITO<\/p>\n<p>P\u00e9 na Gira Produ\u00e7\u00f5es<\/p>\n<p>Ponto de Cultura Lira de Ouro<\/p>\n<p>Profec<\/p>\n<p>Projeto Cultural site Empodera Samba<\/p>\n<p>R\u00e1dio\u00a0 ncora On Line<\/p>\n<p>Reisado Flor da Primavera<\/p>\n<p>Sarau Janelas Floridas<\/p>\n<p>Sociedade Cultural Projeto Luar<\/p>\n<p>Tapete Liter\u00e1rio<\/p>\n<p>Tecendo Uma Rede de Leitura<\/p>\n<p>APPH-CLIO (Associa\u00e7\u00e3o de Professores- Pesquisadores de Hist\u00f3ria<\/p>\n<p>CLIO COLAB<\/p>\n<p>Urbanos BF<\/p>\n<p>Varanda Liter\u00e1ria Maria de Lourdes Miranda<\/p>\n<p>Varau BXD<\/p>\n<p>Vero Produ\u00e7\u00f5es<\/p>\n<p>Virtu Produ\u00e7\u00f5es<\/p>\n<p>&nbsp;<\/p>\n<p>Aline Oliveira<\/p>\n<p>Alu\u00edzio Junior<\/p>\n<p>Ana Maria Kariri<\/p>\n<p>Angela da Silva Borges<\/p>\n<p>Anne Santos<\/p>\n<p>Trajano<\/p>\n<p>Alexandre Marques<\/p>\n<p>Anna J\u00fallia Bernardo Leandro<\/p>\n<p>Antonio Augusto Braz<\/p>\n<p>Beto Gaspari<\/p>\n<p>C\u00e1ssia Ferreira<\/p>\n<p>Cesario Candh\u00ed<\/p>\n<p>Clara de Deus<\/p>\n<p>Clarice Tavares<\/p>\n<p>Concei\u00e7\u00e3o Maria Peixoto Gon\u00e7alves<\/p>\n<p>Dalkir Teixeira Santos<\/p>\n<p>Dayse Alves<\/p>\n<p>Deco Baptista<\/p>\n<p>DIEGO Zulu Tecnykko<\/p>\n<p>Diogo Oissil<\/p>\n<p>Edson Teixeira J\u00fanior<\/p>\n<p>Eduardo Prates<\/p>\n<p>Eve Penha<\/p>\n<p>Evelyn Borba<\/p>\n<p>Fernando Trajano<\/p>\n<p>Gabriel Cabalini<\/p>\n<p>George Fant<\/p>\n<p>Gutemberg Muri<\/p>\n<p>Helenita Beserra<\/p>\n<p>Heraldo HB<\/p>\n<p>J Arimat\u00e9ia Ferreira<\/p>\n<p>Jess\u00e9 Cabral<\/p>\n<p>Jo\u00e3o Pedro Bernardo Leandro<\/p>\n<p>Juliana Maia<\/p>\n<p>Leonor Moraes<\/p>\n<p>Let\u00edcia Lisboa<\/p>\n<p>Lucas Bileski<\/p>\n<p>Luciana Andreia<\/p>\n<p>Luciana Borges<\/p>\n<p>Luciano de Ara\u00fajo Borges<\/p>\n<p>Luciano Paz<\/p>\n<p>Luiz Ramalho<\/p>\n<p>Marroni Alves<\/p>\n<p>Maria do Carmo da Silva Miranda<\/p>\n<p>Marcos Hon\u00f3rio<\/p>\n<p>Marcos Maciel<\/p>\n<p>Mestre Lula<\/p>\n<p>Nancy Calixto<\/p>\n<p>Osmar Paulino<\/p>\n<p>Paulinho Santiago<\/p>\n<p>Patr\u00edcia AlvesSudre<\/p>\n<p>Patricia Costa<\/p>\n<p>Paula Moura Apon\u00e8 Kariri Xoc\u00f3<\/p>\n<p>Pedro Lages<\/p>\n<p>Raon\u00ed Redni<\/p>\n<p>Robson de Jesus Rua<\/p>\n<p>Shirley Garrido<\/p>\n<p>Silmara de Oliveira Bernardo<\/p>\n<p>Sonia Maria Miranda Reis<\/p>\n<p>Tadeu Lima<\/p>\n<p>Tiago Realleza<\/p>\n<p>Vanusa Rodrigues da Silva<\/p>\n<p>Wallace Luz<\/p>\n<p>&#8212;&#8212;&#8212;&#8212;&#8212;&#8212;&#8212;&#8212;&#8212;&#8212;&#8212;&#8212;&#8211;<\/p>\n<p>\ud83d\udcccP\u00e1gina do F\u00f3rum no Facebook:<br \/>\n<a href=\"https:\/\/www.facebook.com\/100122321726310\/posts\/138177517920790\/\" target=\"_blank\" rel=\"noopener noreferrer\">https:\/\/www.facebook.com\/100122321726310\/posts\/138177517920790\/<\/a><\/p>\n<p>\ud83d\udcccASSINE A CARTA AQUI: <a href=\"https:\/\/forms.gle\/JsN7ZA99ZKeec3s89\" target=\"_blank\" rel=\"noopener noreferrer\">https:\/\/forms.gle\/JsN7ZA99ZKeec3s89<\/a><\/p>\n<p>IMPORTANTE: podem assinar esta carta organiza\u00e7\u00f5es, institui\u00e7\u00f5es, grupos, espa\u00e7os e coletivos de arte e cultura da Baixada, assim como artistas, produtores e t\u00e9cnicos individualmente. A atualiza\u00e7\u00e3o da lista de ades\u00f5es acontece a cada 24 horas.<\/p>\n<p><img loading=\"lazy\" decoding=\"async\" class=\"alignnone size-full wp-image-9039\" src=\"https:\/\/lurdinha.org\/site\/wp-content\/uploads\/forum-municipal-de-cultura-de-duque-de-caxias.jpg\" alt=\"forum municipal de cultura de duque-de-caxias\" width=\"1185\" height=\"528\" srcset=\"https:\/\/lurdinha.org\/site\/wp-content\/uploads\/forum-municipal-de-cultura-de-duque-de-caxias.jpg 1185w, https:\/\/lurdinha.org\/site\/wp-content\/uploads\/forum-municipal-de-cultura-de-duque-de-caxias-300x134.jpg 300w, https:\/\/lurdinha.org\/site\/wp-content\/uploads\/forum-municipal-de-cultura-de-duque-de-caxias-610x272.jpg 610w, https:\/\/lurdinha.org\/site\/wp-content\/uploads\/forum-municipal-de-cultura-de-duque-de-caxias-768x342.jpg 768w\" sizes=\"auto, (max-width: 1185px) 100vw, 1185px\" \/><\/p>\n","protected":false},"excerpt":{"rendered":"<p>O F\u00f3rum Municipal de Cultura de Duque de Caxias lan\u00e7a esta carta p\u00fablica onde exp\u00f5e&#8230;<\/p>\n","protected":false},"author":75,"featured_media":9039,"comment_status":"open","ping_status":"closed","sticky":false,"template":"","format":"standard","meta":{"footnotes":""},"categories":[1,14,4],"tags":[],"class_list":["post-9025","post","type-post","status-publish","format-standard","has-post-thumbnail","hentry","category-botinada","category-gente","category-opiniao"],"yoast_head":"<!-- This site is optimized with the Yoast SEO plugin v27.5 - https:\/\/yoast.com\/product\/yoast-seo-wordpress\/ -->\n<title>Carta Den\u00fancia dos trabalhadores e trabalhadoras da Cultura de Duque de Caxias - Lurdinha - Duque de Caxias para Est\u00f4magos Fortes<\/title>\n<meta name=\"robots\" content=\"index, follow, max-snippet:-1, max-image-preview:large, max-video-preview:-1\" \/>\n<link rel=\"canonical\" href=\"https:\/\/lurdinha.org\/site\/carta-denuncia-dos-trabalhadores-e-trabalhadoras-da-cultura-de-duque-de-caxias\/\" \/>\n<meta property=\"og:locale\" content=\"pt_BR\" \/>\n<meta property=\"og:type\" content=\"article\" \/>\n<meta property=\"og:title\" content=\"Carta Den\u00fancia dos trabalhadores e trabalhadoras da Cultura de Duque de Caxias - Lurdinha - Duque de Caxias para Est\u00f4magos Fortes\" \/>\n<meta property=\"og:description\" content=\"O F\u00f3rum Municipal de Cultura de Duque de Caxias lan\u00e7a esta carta p\u00fablica onde exp\u00f5e...\" \/>\n<meta property=\"og:url\" content=\"https:\/\/lurdinha.org\/site\/carta-denuncia-dos-trabalhadores-e-trabalhadoras-da-cultura-de-duque-de-caxias\/\" \/>\n<meta property=\"og:site_name\" content=\"Lurdinha - Duque de Caxias para Est\u00f4magos Fortes\" \/>\n<meta property=\"article:publisher\" content=\"https:\/\/www.facebook.com\/LurdinhadeCaxias\" \/>\n<meta property=\"article:published_time\" content=\"2020-07-13T10:39:33+00:00\" \/>\n<meta property=\"article:modified_time\" content=\"2020-07-13T15:10:32+00:00\" \/>\n<meta property=\"og:image\" content=\"https:\/\/lurdinha.org\/site\/wp-content\/uploads\/forum-municipal-de-cultura-de-duque-de-caxias.jpg\" \/>\n\t<meta property=\"og:image:width\" content=\"1185\" \/>\n\t<meta property=\"og:image:height\" content=\"528\" \/>\n\t<meta property=\"og:image:type\" content=\"image\/jpeg\" \/>\n<meta name=\"author\" content=\"F\u00f3rum Municipal de Cultura de Duque de Caxias\" \/>\n<meta name=\"twitter:card\" content=\"summary_large_image\" \/>\n<meta name=\"twitter:label1\" content=\"Escrito por\" \/>\n\t<meta name=\"twitter:data1\" content=\"F\u00f3rum Municipal de Cultura de Duque de Caxias\" \/>\n\t<meta name=\"twitter:label2\" content=\"Est. tempo de leitura\" \/>\n\t<meta name=\"twitter:data2\" content=\"10 minutos\" \/>\n<script type=\"application\/ld+json\" class=\"yoast-schema-graph\">{\"@context\":\"https:\\\/\\\/schema.org\",\"@graph\":[{\"@type\":\"Article\",\"@id\":\"https:\\\/\\\/lurdinha.org\\\/site\\\/carta-denuncia-dos-trabalhadores-e-trabalhadoras-da-cultura-de-duque-de-caxias\\\/#article\",\"isPartOf\":{\"@id\":\"https:\\\/\\\/lurdinha.org\\\/site\\\/carta-denuncia-dos-trabalhadores-e-trabalhadoras-da-cultura-de-duque-de-caxias\\\/\"},\"author\":{\"name\":\"F\u00f3rum Municipal de Cultura de Duque de Caxias\",\"@id\":\"https:\\\/\\\/lurdinha.org\\\/site\\\/#\\\/schema\\\/person\\\/442e6fc205c64707a61a8dc2009c72aa\"},\"headline\":\"Carta Den\u00fancia dos trabalhadores e trabalhadoras da Cultura de Duque de Caxias\",\"datePublished\":\"2020-07-13T10:39:33+00:00\",\"dateModified\":\"2020-07-13T15:10:32+00:00\",\"mainEntityOfPage\":{\"@id\":\"https:\\\/\\\/lurdinha.org\\\/site\\\/carta-denuncia-dos-trabalhadores-e-trabalhadoras-da-cultura-de-duque-de-caxias\\\/\"},\"wordCount\":2049,\"commentCount\":0,\"publisher\":{\"@id\":\"https:\\\/\\\/lurdinha.org\\\/site\\\/#organization\"},\"image\":{\"@id\":\"https:\\\/\\\/lurdinha.org\\\/site\\\/carta-denuncia-dos-trabalhadores-e-trabalhadoras-da-cultura-de-duque-de-caxias\\\/#primaryimage\"},\"thumbnailUrl\":\"https:\\\/\\\/lurdinha.org\\\/site\\\/wp-content\\\/uploads\\\/forum-municipal-de-cultura-de-duque-de-caxias.jpg\",\"articleSection\":[\"botinada\",\"gente\",\"uma opini\u00e3o\"],\"inLanguage\":\"pt-BR\",\"potentialAction\":[{\"@type\":\"CommentAction\",\"name\":\"Comment\",\"target\":[\"https:\\\/\\\/lurdinha.org\\\/site\\\/carta-denuncia-dos-trabalhadores-e-trabalhadoras-da-cultura-de-duque-de-caxias\\\/#respond\"]}]},{\"@type\":\"WebPage\",\"@id\":\"https:\\\/\\\/lurdinha.org\\\/site\\\/carta-denuncia-dos-trabalhadores-e-trabalhadoras-da-cultura-de-duque-de-caxias\\\/\",\"url\":\"https:\\\/\\\/lurdinha.org\\\/site\\\/carta-denuncia-dos-trabalhadores-e-trabalhadoras-da-cultura-de-duque-de-caxias\\\/\",\"name\":\"Carta Den\u00fancia dos trabalhadores e trabalhadoras da Cultura de Duque de Caxias - Lurdinha - Duque de Caxias para Est\u00f4magos Fortes\",\"isPartOf\":{\"@id\":\"https:\\\/\\\/lurdinha.org\\\/site\\\/#website\"},\"primaryImageOfPage\":{\"@id\":\"https:\\\/\\\/lurdinha.org\\\/site\\\/carta-denuncia-dos-trabalhadores-e-trabalhadoras-da-cultura-de-duque-de-caxias\\\/#primaryimage\"},\"image\":{\"@id\":\"https:\\\/\\\/lurdinha.org\\\/site\\\/carta-denuncia-dos-trabalhadores-e-trabalhadoras-da-cultura-de-duque-de-caxias\\\/#primaryimage\"},\"thumbnailUrl\":\"https:\\\/\\\/lurdinha.org\\\/site\\\/wp-content\\\/uploads\\\/forum-municipal-de-cultura-de-duque-de-caxias.jpg\",\"datePublished\":\"2020-07-13T10:39:33+00:00\",\"dateModified\":\"2020-07-13T15:10:32+00:00\",\"breadcrumb\":{\"@id\":\"https:\\\/\\\/lurdinha.org\\\/site\\\/carta-denuncia-dos-trabalhadores-e-trabalhadoras-da-cultura-de-duque-de-caxias\\\/#breadcrumb\"},\"inLanguage\":\"pt-BR\",\"potentialAction\":[{\"@type\":\"ReadAction\",\"target\":[\"https:\\\/\\\/lurdinha.org\\\/site\\\/carta-denuncia-dos-trabalhadores-e-trabalhadoras-da-cultura-de-duque-de-caxias\\\/\"]}]},{\"@type\":\"ImageObject\",\"inLanguage\":\"pt-BR\",\"@id\":\"https:\\\/\\\/lurdinha.org\\\/site\\\/carta-denuncia-dos-trabalhadores-e-trabalhadoras-da-cultura-de-duque-de-caxias\\\/#primaryimage\",\"url\":\"https:\\\/\\\/lurdinha.org\\\/site\\\/wp-content\\\/uploads\\\/forum-municipal-de-cultura-de-duque-de-caxias.jpg\",\"contentUrl\":\"https:\\\/\\\/lurdinha.org\\\/site\\\/wp-content\\\/uploads\\\/forum-municipal-de-cultura-de-duque-de-caxias.jpg\",\"width\":1185,\"height\":528,\"caption\":\"forum municipal de cultura de duque-de-caxias\"},{\"@type\":\"BreadcrumbList\",\"@id\":\"https:\\\/\\\/lurdinha.org\\\/site\\\/carta-denuncia-dos-trabalhadores-e-trabalhadoras-da-cultura-de-duque-de-caxias\\\/#breadcrumb\",\"itemListElement\":[{\"@type\":\"ListItem\",\"position\":1,\"name\":\"In\u00edcio\",\"item\":\"https:\\\/\\\/lurdinha.org\\\/site\\\/\"},{\"@type\":\"ListItem\",\"position\":2,\"name\":\"Carta Den\u00fancia dos trabalhadores e trabalhadoras da Cultura de Duque de Caxias\"}]},{\"@type\":\"WebSite\",\"@id\":\"https:\\\/\\\/lurdinha.org\\\/site\\\/#website\",\"url\":\"https:\\\/\\\/lurdinha.org\\\/site\\\/\",\"name\":\"Lurdinha - Duque de Caxias para Est\u00f4magos Fortes\",\"description\":\"Site sobre Arte, Cultura, Pol\u00edtica, Sociedade e curiosidades da cidade de Duque de Caxias, RJ\",\"publisher\":{\"@id\":\"https:\\\/\\\/lurdinha.org\\\/site\\\/#organization\"},\"alternateName\":\"Lurdinha\",\"potentialAction\":[{\"@type\":\"SearchAction\",\"target\":{\"@type\":\"EntryPoint\",\"urlTemplate\":\"https:\\\/\\\/lurdinha.org\\\/site\\\/?s={search_term_string}\"},\"query-input\":{\"@type\":\"PropertyValueSpecification\",\"valueRequired\":true,\"valueName\":\"search_term_string\"}}],\"inLanguage\":\"pt-BR\"},{\"@type\":\"Organization\",\"@id\":\"https:\\\/\\\/lurdinha.org\\\/site\\\/#organization\",\"name\":\"Lurdinha de Caxias\",\"url\":\"https:\\\/\\\/lurdinha.org\\\/site\\\/\",\"logo\":{\"@type\":\"ImageObject\",\"inLanguage\":\"pt-BR\",\"@id\":\"https:\\\/\\\/lurdinha.org\\\/site\\\/#\\\/schema\\\/logo\\\/image\\\/\",\"url\":\"https:\\\/\\\/lurdinha.org\\\/site\\\/wp-content\\\/uploads\\\/logo-lurdinha.jpg\",\"contentUrl\":\"https:\\\/\\\/lurdinha.org\\\/site\\\/wp-content\\\/uploads\\\/logo-lurdinha.jpg\",\"width\":640,\"height\":60,\"caption\":\"Lurdinha de Caxias\"},\"image\":{\"@id\":\"https:\\\/\\\/lurdinha.org\\\/site\\\/#\\\/schema\\\/logo\\\/image\\\/\"},\"sameAs\":[\"https:\\\/\\\/www.facebook.com\\\/LurdinhadeCaxias\",\"https:\\\/\\\/www.instagram.com\\\/lurdinhadecaxias\"]},{\"@type\":\"Person\",\"@id\":\"https:\\\/\\\/lurdinha.org\\\/site\\\/#\\\/schema\\\/person\\\/442e6fc205c64707a61a8dc2009c72aa\",\"name\":\"F\u00f3rum Municipal de Cultura de Duque de Caxias\",\"image\":{\"@type\":\"ImageObject\",\"inLanguage\":\"pt-BR\",\"@id\":\"https:\\\/\\\/secure.gravatar.com\\\/avatar\\\/74ad546a909fde643d8e9391ed16a309bc3054b6175eaf186204c1add702d387?s=96&d=mm&r=g\",\"url\":\"https:\\\/\\\/secure.gravatar.com\\\/avatar\\\/74ad546a909fde643d8e9391ed16a309bc3054b6175eaf186204c1add702d387?s=96&d=mm&r=g\",\"contentUrl\":\"https:\\\/\\\/secure.gravatar.com\\\/avatar\\\/74ad546a909fde643d8e9391ed16a309bc3054b6175eaf186204c1add702d387?s=96&d=mm&r=g\",\"caption\":\"F\u00f3rum Municipal de Cultura de Duque de Caxias\"},\"url\":\"https:\\\/\\\/lurdinha.org\\\/site\\\/author\\\/forumdecultura\\\/\"}]}<\/script>\n<!-- \/ Yoast SEO plugin. -->","yoast_head_json":{"title":"Carta Den\u00fancia dos trabalhadores e trabalhadoras da Cultura de Duque de Caxias - Lurdinha - Duque de Caxias para Est\u00f4magos Fortes","robots":{"index":"index","follow":"follow","max-snippet":"max-snippet:-1","max-image-preview":"max-image-preview:large","max-video-preview":"max-video-preview:-1"},"canonical":"https:\/\/lurdinha.org\/site\/carta-denuncia-dos-trabalhadores-e-trabalhadoras-da-cultura-de-duque-de-caxias\/","og_locale":"pt_BR","og_type":"article","og_title":"Carta Den\u00fancia dos trabalhadores e trabalhadoras da Cultura de Duque de Caxias - Lurdinha - Duque de Caxias para Est\u00f4magos Fortes","og_description":"O F\u00f3rum Municipal de Cultura de Duque de Caxias lan\u00e7a esta carta p\u00fablica onde exp\u00f5e...","og_url":"https:\/\/lurdinha.org\/site\/carta-denuncia-dos-trabalhadores-e-trabalhadoras-da-cultura-de-duque-de-caxias\/","og_site_name":"Lurdinha - Duque de Caxias para Est\u00f4magos Fortes","article_publisher":"https:\/\/www.facebook.com\/LurdinhadeCaxias","article_published_time":"2020-07-13T10:39:33+00:00","article_modified_time":"2020-07-13T15:10:32+00:00","og_image":[{"width":1185,"height":528,"url":"https:\/\/lurdinha.org\/site\/wp-content\/uploads\/forum-municipal-de-cultura-de-duque-de-caxias.jpg","type":"image\/jpeg"}],"author":"F\u00f3rum Municipal de Cultura de Duque de Caxias","twitter_card":"summary_large_image","twitter_misc":{"Escrito por":"F\u00f3rum Municipal de Cultura de Duque de Caxias","Est. tempo de leitura":"10 minutos"},"schema":{"@context":"https:\/\/schema.org","@graph":[{"@type":"Article","@id":"https:\/\/lurdinha.org\/site\/carta-denuncia-dos-trabalhadores-e-trabalhadoras-da-cultura-de-duque-de-caxias\/#article","isPartOf":{"@id":"https:\/\/lurdinha.org\/site\/carta-denuncia-dos-trabalhadores-e-trabalhadoras-da-cultura-de-duque-de-caxias\/"},"author":{"name":"F\u00f3rum Municipal de Cultura de Duque de Caxias","@id":"https:\/\/lurdinha.org\/site\/#\/schema\/person\/442e6fc205c64707a61a8dc2009c72aa"},"headline":"Carta Den\u00fancia dos trabalhadores e trabalhadoras da Cultura de Duque de Caxias","datePublished":"2020-07-13T10:39:33+00:00","dateModified":"2020-07-13T15:10:32+00:00","mainEntityOfPage":{"@id":"https:\/\/lurdinha.org\/site\/carta-denuncia-dos-trabalhadores-e-trabalhadoras-da-cultura-de-duque-de-caxias\/"},"wordCount":2049,"commentCount":0,"publisher":{"@id":"https:\/\/lurdinha.org\/site\/#organization"},"image":{"@id":"https:\/\/lurdinha.org\/site\/carta-denuncia-dos-trabalhadores-e-trabalhadoras-da-cultura-de-duque-de-caxias\/#primaryimage"},"thumbnailUrl":"https:\/\/lurdinha.org\/site\/wp-content\/uploads\/forum-municipal-de-cultura-de-duque-de-caxias.jpg","articleSection":["botinada","gente","uma opini\u00e3o"],"inLanguage":"pt-BR","potentialAction":[{"@type":"CommentAction","name":"Comment","target":["https:\/\/lurdinha.org\/site\/carta-denuncia-dos-trabalhadores-e-trabalhadoras-da-cultura-de-duque-de-caxias\/#respond"]}]},{"@type":"WebPage","@id":"https:\/\/lurdinha.org\/site\/carta-denuncia-dos-trabalhadores-e-trabalhadoras-da-cultura-de-duque-de-caxias\/","url":"https:\/\/lurdinha.org\/site\/carta-denuncia-dos-trabalhadores-e-trabalhadoras-da-cultura-de-duque-de-caxias\/","name":"Carta Den\u00fancia dos trabalhadores e trabalhadoras da Cultura de Duque de Caxias - Lurdinha - Duque de Caxias para Est\u00f4magos Fortes","isPartOf":{"@id":"https:\/\/lurdinha.org\/site\/#website"},"primaryImageOfPage":{"@id":"https:\/\/lurdinha.org\/site\/carta-denuncia-dos-trabalhadores-e-trabalhadoras-da-cultura-de-duque-de-caxias\/#primaryimage"},"image":{"@id":"https:\/\/lurdinha.org\/site\/carta-denuncia-dos-trabalhadores-e-trabalhadoras-da-cultura-de-duque-de-caxias\/#primaryimage"},"thumbnailUrl":"https:\/\/lurdinha.org\/site\/wp-content\/uploads\/forum-municipal-de-cultura-de-duque-de-caxias.jpg","datePublished":"2020-07-13T10:39:33+00:00","dateModified":"2020-07-13T15:10:32+00:00","breadcrumb":{"@id":"https:\/\/lurdinha.org\/site\/carta-denuncia-dos-trabalhadores-e-trabalhadoras-da-cultura-de-duque-de-caxias\/#breadcrumb"},"inLanguage":"pt-BR","potentialAction":[{"@type":"ReadAction","target":["https:\/\/lurdinha.org\/site\/carta-denuncia-dos-trabalhadores-e-trabalhadoras-da-cultura-de-duque-de-caxias\/"]}]},{"@type":"ImageObject","inLanguage":"pt-BR","@id":"https:\/\/lurdinha.org\/site\/carta-denuncia-dos-trabalhadores-e-trabalhadoras-da-cultura-de-duque-de-caxias\/#primaryimage","url":"https:\/\/lurdinha.org\/site\/wp-content\/uploads\/forum-municipal-de-cultura-de-duque-de-caxias.jpg","contentUrl":"https:\/\/lurdinha.org\/site\/wp-content\/uploads\/forum-municipal-de-cultura-de-duque-de-caxias.jpg","width":1185,"height":528,"caption":"forum municipal de cultura de duque-de-caxias"},{"@type":"BreadcrumbList","@id":"https:\/\/lurdinha.org\/site\/carta-denuncia-dos-trabalhadores-e-trabalhadoras-da-cultura-de-duque-de-caxias\/#breadcrumb","itemListElement":[{"@type":"ListItem","position":1,"name":"In\u00edcio","item":"https:\/\/lurdinha.org\/site\/"},{"@type":"ListItem","position":2,"name":"Carta Den\u00fancia dos trabalhadores e trabalhadoras da Cultura de Duque de Caxias"}]},{"@type":"WebSite","@id":"https:\/\/lurdinha.org\/site\/#website","url":"https:\/\/lurdinha.org\/site\/","name":"Lurdinha - Duque de Caxias para Est\u00f4magos Fortes","description":"Site sobre Arte, Cultura, Pol\u00edtica, Sociedade e curiosidades da cidade de Duque de Caxias, RJ","publisher":{"@id":"https:\/\/lurdinha.org\/site\/#organization"},"alternateName":"Lurdinha","potentialAction":[{"@type":"SearchAction","target":{"@type":"EntryPoint","urlTemplate":"https:\/\/lurdinha.org\/site\/?s={search_term_string}"},"query-input":{"@type":"PropertyValueSpecification","valueRequired":true,"valueName":"search_term_string"}}],"inLanguage":"pt-BR"},{"@type":"Organization","@id":"https:\/\/lurdinha.org\/site\/#organization","name":"Lurdinha de Caxias","url":"https:\/\/lurdinha.org\/site\/","logo":{"@type":"ImageObject","inLanguage":"pt-BR","@id":"https:\/\/lurdinha.org\/site\/#\/schema\/logo\/image\/","url":"https:\/\/lurdinha.org\/site\/wp-content\/uploads\/logo-lurdinha.jpg","contentUrl":"https:\/\/lurdinha.org\/site\/wp-content\/uploads\/logo-lurdinha.jpg","width":640,"height":60,"caption":"Lurdinha de Caxias"},"image":{"@id":"https:\/\/lurdinha.org\/site\/#\/schema\/logo\/image\/"},"sameAs":["https:\/\/www.facebook.com\/LurdinhadeCaxias","https:\/\/www.instagram.com\/lurdinhadecaxias"]},{"@type":"Person","@id":"https:\/\/lurdinha.org\/site\/#\/schema\/person\/442e6fc205c64707a61a8dc2009c72aa","name":"F\u00f3rum Municipal de Cultura de Duque de Caxias","image":{"@type":"ImageObject","inLanguage":"pt-BR","@id":"https:\/\/secure.gravatar.com\/avatar\/74ad546a909fde643d8e9391ed16a309bc3054b6175eaf186204c1add702d387?s=96&d=mm&r=g","url":"https:\/\/secure.gravatar.com\/avatar\/74ad546a909fde643d8e9391ed16a309bc3054b6175eaf186204c1add702d387?s=96&d=mm&r=g","contentUrl":"https:\/\/secure.gravatar.com\/avatar\/74ad546a909fde643d8e9391ed16a309bc3054b6175eaf186204c1add702d387?s=96&d=mm&r=g","caption":"F\u00f3rum Municipal de Cultura de Duque de Caxias"},"url":"https:\/\/lurdinha.org\/site\/author\/forumdecultura\/"}]}},"views":1943,"_links":{"self":[{"href":"https:\/\/lurdinha.org\/site\/wp-json\/wp\/v2\/posts\/9025","targetHints":{"allow":["GET"]}}],"collection":[{"href":"https:\/\/lurdinha.org\/site\/wp-json\/wp\/v2\/posts"}],"about":[{"href":"https:\/\/lurdinha.org\/site\/wp-json\/wp\/v2\/types\/post"}],"author":[{"embeddable":true,"href":"https:\/\/lurdinha.org\/site\/wp-json\/wp\/v2\/users\/75"}],"replies":[{"embeddable":true,"href":"https:\/\/lurdinha.org\/site\/wp-json\/wp\/v2\/comments?post=9025"}],"version-history":[{"count":5,"href":"https:\/\/lurdinha.org\/site\/wp-json\/wp\/v2\/posts\/9025\/revisions"}],"predecessor-version":[{"id":9041,"href":"https:\/\/lurdinha.org\/site\/wp-json\/wp\/v2\/posts\/9025\/revisions\/9041"}],"wp:featuredmedia":[{"embeddable":true,"href":"https:\/\/lurdinha.org\/site\/wp-json\/wp\/v2\/media\/9039"}],"wp:attachment":[{"href":"https:\/\/lurdinha.org\/site\/wp-json\/wp\/v2\/media?parent=9025"}],"wp:term":[{"taxonomy":"category","embeddable":true,"href":"https:\/\/lurdinha.org\/site\/wp-json\/wp\/v2\/categories?post=9025"},{"taxonomy":"post_tag","embeddable":true,"href":"https:\/\/lurdinha.org\/site\/wp-json\/wp\/v2\/tags?post=9025"}],"curies":[{"name":"wp","href":"https:\/\/api.w.org\/{rel}","templated":true}]}}