{"id":8979,"date":"2020-06-27T05:29:52","date_gmt":"2020-06-27T05:29:52","guid":{"rendered":"https:\/\/lurdinha.org\/site\/?p=8979"},"modified":"2020-06-27T21:41:27","modified_gmt":"2020-06-27T21:41:27","slug":"luiz-gonzaga-e-pra-sempre","status":"publish","type":"post","link":"https:\/\/lurdinha.org\/site\/luiz-gonzaga-e-pra-sempre\/","title":{"rendered":"LUIZ GONZAGA \u00c9 PRA SEMPRE"},"content":{"rendered":"<p><img loading=\"lazy\" decoding=\"async\" class=\"alignnone size-full wp-image-3266\" src=\"https:\/\/lurdinha.org\/site\/wp-content\/uploads\/luizgonzagalurdinha.jpg\" alt=\"\" width=\"640\" height=\"360\" srcset=\"https:\/\/lurdinha.org\/site\/wp-content\/uploads\/luizgonzagalurdinha.jpg 640w, https:\/\/lurdinha.org\/site\/wp-content\/uploads\/luizgonzagalurdinha-300x169.jpg 300w, https:\/\/lurdinha.org\/site\/wp-content\/uploads\/luizgonzagalurdinha-610x343.jpg 610w\" sizes=\"auto, (max-width: 640px) 100vw, 640px\" \/><\/p>\n<p><span style=\"font-size: large;\">N\u00e3o tem jeito, sempre lembro de Luiz Gonzaga por algum motivo e hoje foi certamente por conta de Gilberto Gil e sua live-show de anivers\u00e1rio, onde calculo que mais de 10% das m\u00fasicas tocadas foi de Gonzaga &#8211; ou de sua pr\u00f3pria autoria ou de seu consagrado repert\u00f3rio. <\/span><\/p>\n<p><span style=\"font-size: large;\">Ali\u00e1s, Gil j\u00e1 fez um disco e um show lindos em homenagem ao velho Lua e \u00e9 sintom\u00e1tico um mestre da altura dele reverenciar e referenciar tanto o pernambucano de Exu, o rei criador do bai\u00e3o, seguramente o primeiro artista pop de verdade do pa\u00eds.<\/span><\/p>\n<p><span style=\"font-size: large;\">Nunca vai ser demais falar de Gonzaga, embora tanto j\u00e1 se tenha escrito e falado sobre o cabra. Talvez por ter assistido a essa emocionante live, anivers\u00e1rio de Gil, em meio a uma crise sanit\u00e1ria que nos recomenda isolamento; talvez s\u00f3 por ser sexta-feira mesmo e estarmos trancados; talvez apenas pelo fato de ser junho e junho \u00e9 m\u00eas onde as festas populares nos envolvem e acalantam de uma forma especial; talvez pela soma de tudo isso. Mas o fato \u00e9 que Luiz Gonzaga, via Gil, bateu uma onda forte hoje e revolveu v\u00e1rias lembran\u00e7as muito significativas pra minha exist\u00eancia.<\/span><\/p>\n<p><span style=\"font-size: large;\">Acredito que os primeiros registros impressos no meu ouvido s\u00e3o justamente Gonzaga &#8211; e Jackson do Pandeiro &#8211; pelas vozes de minha m\u00e3e e minha v\u00f3. Para\u00edba, Asa Branca, L\u00e1 No Meu P\u00e9 de Serra, Xanduzinha e mais algumas m\u00fasicas quando ou\u00e7o me soam como algo que conheci mesmo antes de me entender como pessoa, um som de reconhecimento praticamente uterino. O som da voz de minha m\u00e3e cantando \u201cela s\u00f3 quer, s\u00f3 pensa em namorar\u201d \u00e9 praticamente um dispositivo de retorno \u00e0 inf\u00e2ncia.<\/span><\/p>\n<p><span style=\"font-size: large;\">Fam\u00edlia de migrantes da Para\u00edba, uma parte se radicou na Mar\u00e9 e outra em Caxias, cidade que j\u00e1 foi praticamente um estado do Nordeste, cuja feira no Estado do Rio s\u00f3 perdia em tamanho pra S\u00e3o Crist\u00f3v\u00e3o. Comidas, vestu\u00e1rio, roupas, sotaques, musicalidade, todo meu universo de crian\u00e7a hoje me parece que tinha Luiz Gonzaga como trilha sonora. Da\u00ed o gatilho emocional, ali\u00e1s\u2026 Fora que no decorrer da vida rolou a descoberta incr\u00edvel de que uma parte consider\u00e1vel de sua fam\u00edlia morou, e mora at\u00e9 hoje, em Santa Cruz da Serra. Com Dona Chiquinha, Dona Muniz, irm\u00e3s, e Joquinha, sobrinho, organizando saraus, encontros festivos, promovendo uma missa nordestina na Catedral de Santo Ant\u00f4nio, evento emocionante que poderia ter sido uma atra\u00e7\u00e3o tur\u00edstica nacional, tal a for\u00e7a que tinha. Uma pena as marcas de Gonzaga por aqui n\u00e3o terem sido ressaltadas em seu devido valor.<\/span><\/p>\n<p><span style=\"font-size: large;\">Luiz Gonzaga \u00e9 um fen\u00f4meno desses muito bons de se observar. O cara representou durante um bom tempo o nordestino que deu certo de um jeito diferente. Algu\u00e9m que mostrou que havia muito mais na \u201cmatula\u201d do que os estere\u00f3tipos cl\u00e1ssicos sobre nordestinos.<\/span><\/p>\n<p><span style=\"font-size: large;\">Ali\u00e1s, \u00e9 bom que se diga que Gonzaga foi um inventor e acho que \u00e9 essa caracter\u00edstica que falta de fato ser atribu\u00edda \u00e0 sua figura. Embora os puristas se incomodem com essa senten\u00e7a, mas \u00e9 o fato \u00e9 de que o bai\u00e3o, no formato tal qual Luiz cruzou o pa\u00eds cantando, n\u00e3o existia antes dele. Mesmo sendo um representante leg\u00edtimo do Nordeste, o bai\u00e3o nasceu no Rio de Janeiro\u2026 E foi inventado com intencionalidade por Luiz quando chama o advogado e poeta Humberto Teixeira pra criar letras para o repert\u00f3rio que j\u00e1 tocava com maestria; quando bola a inusitada forma\u00e7\u00e3o sanfona-zabumba-tri\u00e2ngulo (como Gil diz, o primeiro power-trio, pr\u00e9-rock); e aquela indument\u00e1ria referenciada no canga\u00e7o, talvez a primeira experi\u00eancia de figurino pop para apresenta\u00e7\u00f5es musicais no pa\u00eds. Quando se l\u00ea sobre a R\u00e1dio Nacional e o mercado fonogr\u00e1fico dos anos 40 e 50 fica ressaltado de forma n\u00edtida como a inven\u00e7\u00e3o do bai\u00e3o n\u00e3o s\u00f3 foi um sucesso radiof\u00f4nico nacional de ponta a ponta, mas tamb\u00e9m se nota o impacto avassalador em toda a produ\u00e7\u00e3o musical feita naquele momento. O bai\u00e3o, junto com o xote e o xaxado, influenciou a m\u00fasica, o modo de vestir, o modo de olhar para aquela regi\u00e3o do Brasil. Criou hits nacionais, participou de filmes, inspirou grava\u00e7\u00f5es na linha regional, criou um campo, uma est\u00e9tica. O bai\u00e3o bombou e foi uma inven\u00e7\u00e3o nos moldes de como as escolas de samba foram uma inven\u00e7\u00e3o da turma do Est\u00e1cio, algo proposto com muita consci\u00eancia em seus objetivos iniciais.<\/span><\/p>\n<p><span style=\"font-size: large;\">Pedindo desculpas antecipadas e encarecidas pelo poss\u00edvel sacril\u00e9gio, arrisco dizer que em termos de influ\u00eancia cultural para o resto do pa\u00eds, Gonzaga talvez tenha feito o que a Revolu\u00e7\u00e3o Praieira n\u00e3o p\u00f4de realizar, por n\u00e3o ter tido \u00eaxito, e o que Os Sert\u00f5es, de Euclides da Cunha, deu uma come\u00e7adazinha por aqui no Rio: mostrar o Nordeste como uma pot\u00eancia criativa e n\u00e3o um lugar folcl\u00f3rico e atrasado. Com Humberto Teixeira, e depois Z\u00e9 Dantas, eles teceram uma po\u00e9tica que foi se enraizando pelo pa\u00eds e definindo o que depois ficou conhecido como m\u00fasica nordestina. Muito mais do que aquele idealizado Luar do Sert\u00e3o, do Catulo da Paix\u00e3o Cearense, mas sim um lugar com contradi\u00e7\u00f5es, cheio de paix\u00f5es, conflitos, sofistica\u00e7\u00f5es, alegrias e encantos.<\/span><\/p>\n<p><span style=\"font-size: large;\">Enfim, o papo \u00e9 longo e como disse, nunca \u00e9 demais falar de Luiz Gonzaga.<\/span><\/p>\n<p><span style=\"font-size: large;\">E como \u00e9 legal ver que os elos est\u00e3o a\u00ed ainda, apesar dos massacres culturais cotidianos. Como \u00e9 bom ver que a refer\u00eancia de Gilberto Gil ao Rei do Bai\u00e3o deixa \u00e0 mostra como o nome e a obra do cara v\u00e3o continuar se perpetuando no cora\u00e7\u00e3o do povo brasileiro. E como \u00e9 lindo ver a for\u00e7a dos criadores populares desse pa\u00eds e o encanto sempre vivo pela obra de algu\u00e9m que at\u00e9 hoje inspira gente a compor e tocar por esse mund\u00e3o a fora.<\/span><\/p>\n<p><span style=\"font-size: large;\">Viva Luiz Gonzaga.<\/span><\/p>\n<p><span style=\"font-size: large;\">&#8211;<\/span><\/p>\n<p><span style=\"font-size: large;\">[ heraldo hb \u2013 junho de 2020 ]<\/span><\/p>\n","protected":false},"excerpt":{"rendered":"<p>N\u00e3o tem jeito, sempre lembro de Luiz Gonzaga por algum motivo e hoje foi certamente&#8230;<\/p>\n","protected":false},"author":2,"featured_media":3266,"comment_status":"open","ping_status":"closed","sticky":false,"template":"","format":"standard","meta":{"footnotes":""},"categories":[7,4],"tags":[210,11,1169,437],"class_list":["post-8979","post","type-post","status-publish","format-standard","has-post-thumbnail","hentry","category-musica","category-opiniao","tag-cultura","tag-duque-de-caxias","tag-gilberto-gil","tag-luiz-gonzaga"],"yoast_head":"<!-- This site is optimized with the Yoast SEO plugin v27.5 - https:\/\/yoast.com\/product\/yoast-seo-wordpress\/ -->\n<title>LUIZ GONZAGA \u00c9 PRA SEMPRE - Lurdinha - Duque de Caxias para Est\u00f4magos Fortes<\/title>\n<meta name=\"robots\" content=\"index, follow, max-snippet:-1, max-image-preview:large, max-video-preview:-1\" \/>\n<link rel=\"canonical\" href=\"https:\/\/lurdinha.org\/site\/luiz-gonzaga-e-pra-sempre\/\" \/>\n<meta property=\"og:locale\" content=\"pt_BR\" \/>\n<meta property=\"og:type\" content=\"article\" \/>\n<meta property=\"og:title\" content=\"LUIZ GONZAGA \u00c9 PRA SEMPRE - Lurdinha - Duque de Caxias para Est\u00f4magos Fortes\" \/>\n<meta property=\"og:description\" content=\"N\u00e3o tem jeito, sempre lembro de Luiz Gonzaga por algum motivo e hoje foi certamente...\" \/>\n<meta property=\"og:url\" content=\"https:\/\/lurdinha.org\/site\/luiz-gonzaga-e-pra-sempre\/\" \/>\n<meta property=\"og:site_name\" content=\"Lurdinha - Duque de Caxias para Est\u00f4magos Fortes\" \/>\n<meta property=\"article:publisher\" content=\"https:\/\/www.facebook.com\/LurdinhadeCaxias\" \/>\n<meta property=\"article:author\" content=\"botocudo\" \/>\n<meta property=\"article:published_time\" content=\"2020-06-27T05:29:52+00:00\" \/>\n<meta property=\"article:modified_time\" content=\"2020-06-27T21:41:27+00:00\" \/>\n<meta property=\"og:image\" content=\"https:\/\/lurdinha.org\/site\/wp-content\/uploads\/luizgonzagalurdinha.jpg\" \/>\n\t<meta property=\"og:image:width\" content=\"640\" \/>\n\t<meta property=\"og:image:height\" content=\"360\" \/>\n\t<meta property=\"og:image:type\" content=\"image\/jpeg\" \/>\n<meta name=\"author\" content=\"heraldo hb\" \/>\n<meta name=\"twitter:card\" content=\"summary_large_image\" \/>\n<meta name=\"twitter:label1\" content=\"Escrito por\" \/>\n\t<meta name=\"twitter:data1\" content=\"heraldo hb\" \/>\n\t<meta name=\"twitter:label2\" content=\"Est. tempo de leitura\" \/>\n\t<meta name=\"twitter:data2\" content=\"5 minutos\" \/>\n<script type=\"application\/ld+json\" class=\"yoast-schema-graph\">{\"@context\":\"https:\\\/\\\/schema.org\",\"@graph\":[{\"@type\":\"Article\",\"@id\":\"https:\\\/\\\/lurdinha.org\\\/site\\\/luiz-gonzaga-e-pra-sempre\\\/#article\",\"isPartOf\":{\"@id\":\"https:\\\/\\\/lurdinha.org\\\/site\\\/luiz-gonzaga-e-pra-sempre\\\/\"},\"author\":{\"name\":\"heraldo hb\",\"@id\":\"https:\\\/\\\/lurdinha.org\\\/site\\\/#\\\/schema\\\/person\\\/b833bb6a7f82598bf0e95e4c30874251\"},\"headline\":\"LUIZ GONZAGA \u00c9 PRA SEMPRE\",\"datePublished\":\"2020-06-27T05:29:52+00:00\",\"dateModified\":\"2020-06-27T21:41:27+00:00\",\"mainEntityOfPage\":{\"@id\":\"https:\\\/\\\/lurdinha.org\\\/site\\\/luiz-gonzaga-e-pra-sempre\\\/\"},\"wordCount\":1039,\"commentCount\":0,\"publisher\":{\"@id\":\"https:\\\/\\\/lurdinha.org\\\/site\\\/#organization\"},\"image\":{\"@id\":\"https:\\\/\\\/lurdinha.org\\\/site\\\/luiz-gonzaga-e-pra-sempre\\\/#primaryimage\"},\"thumbnailUrl\":\"https:\\\/\\\/lurdinha.org\\\/site\\\/wp-content\\\/uploads\\\/luizgonzagalurdinha.jpg\",\"keywords\":[\"cultura\",\"duque-de-caxias\",\"gilberto gil\",\"Luiz Gonzaga\"],\"articleSection\":[\"m\u00fasica\",\"uma opini\u00e3o\"],\"inLanguage\":\"pt-BR\",\"potentialAction\":[{\"@type\":\"CommentAction\",\"name\":\"Comment\",\"target\":[\"https:\\\/\\\/lurdinha.org\\\/site\\\/luiz-gonzaga-e-pra-sempre\\\/#respond\"]}]},{\"@type\":\"WebPage\",\"@id\":\"https:\\\/\\\/lurdinha.org\\\/site\\\/luiz-gonzaga-e-pra-sempre\\\/\",\"url\":\"https:\\\/\\\/lurdinha.org\\\/site\\\/luiz-gonzaga-e-pra-sempre\\\/\",\"name\":\"LUIZ GONZAGA \u00c9 PRA SEMPRE - Lurdinha - Duque de Caxias para Est\u00f4magos Fortes\",\"isPartOf\":{\"@id\":\"https:\\\/\\\/lurdinha.org\\\/site\\\/#website\"},\"primaryImageOfPage\":{\"@id\":\"https:\\\/\\\/lurdinha.org\\\/site\\\/luiz-gonzaga-e-pra-sempre\\\/#primaryimage\"},\"image\":{\"@id\":\"https:\\\/\\\/lurdinha.org\\\/site\\\/luiz-gonzaga-e-pra-sempre\\\/#primaryimage\"},\"thumbnailUrl\":\"https:\\\/\\\/lurdinha.org\\\/site\\\/wp-content\\\/uploads\\\/luizgonzagalurdinha.jpg\",\"datePublished\":\"2020-06-27T05:29:52+00:00\",\"dateModified\":\"2020-06-27T21:41:27+00:00\",\"breadcrumb\":{\"@id\":\"https:\\\/\\\/lurdinha.org\\\/site\\\/luiz-gonzaga-e-pra-sempre\\\/#breadcrumb\"},\"inLanguage\":\"pt-BR\",\"potentialAction\":[{\"@type\":\"ReadAction\",\"target\":[\"https:\\\/\\\/lurdinha.org\\\/site\\\/luiz-gonzaga-e-pra-sempre\\\/\"]}]},{\"@type\":\"ImageObject\",\"inLanguage\":\"pt-BR\",\"@id\":\"https:\\\/\\\/lurdinha.org\\\/site\\\/luiz-gonzaga-e-pra-sempre\\\/#primaryimage\",\"url\":\"https:\\\/\\\/lurdinha.org\\\/site\\\/wp-content\\\/uploads\\\/luizgonzagalurdinha.jpg\",\"contentUrl\":\"https:\\\/\\\/lurdinha.org\\\/site\\\/wp-content\\\/uploads\\\/luizgonzagalurdinha.jpg\",\"width\":640,\"height\":360},{\"@type\":\"BreadcrumbList\",\"@id\":\"https:\\\/\\\/lurdinha.org\\\/site\\\/luiz-gonzaga-e-pra-sempre\\\/#breadcrumb\",\"itemListElement\":[{\"@type\":\"ListItem\",\"position\":1,\"name\":\"In\u00edcio\",\"item\":\"https:\\\/\\\/lurdinha.org\\\/site\\\/\"},{\"@type\":\"ListItem\",\"position\":2,\"name\":\"LUIZ GONZAGA \u00c9 PRA SEMPRE\"}]},{\"@type\":\"WebSite\",\"@id\":\"https:\\\/\\\/lurdinha.org\\\/site\\\/#website\",\"url\":\"https:\\\/\\\/lurdinha.org\\\/site\\\/\",\"name\":\"Lurdinha - Duque de Caxias para Est\u00f4magos Fortes\",\"description\":\"Site sobre Arte, Cultura, Pol\u00edtica, Sociedade e curiosidades da cidade de Duque de Caxias, RJ\",\"publisher\":{\"@id\":\"https:\\\/\\\/lurdinha.org\\\/site\\\/#organization\"},\"alternateName\":\"Lurdinha\",\"potentialAction\":[{\"@type\":\"SearchAction\",\"target\":{\"@type\":\"EntryPoint\",\"urlTemplate\":\"https:\\\/\\\/lurdinha.org\\\/site\\\/?s={search_term_string}\"},\"query-input\":{\"@type\":\"PropertyValueSpecification\",\"valueRequired\":true,\"valueName\":\"search_term_string\"}}],\"inLanguage\":\"pt-BR\"},{\"@type\":\"Organization\",\"@id\":\"https:\\\/\\\/lurdinha.org\\\/site\\\/#organization\",\"name\":\"Lurdinha de Caxias\",\"url\":\"https:\\\/\\\/lurdinha.org\\\/site\\\/\",\"logo\":{\"@type\":\"ImageObject\",\"inLanguage\":\"pt-BR\",\"@id\":\"https:\\\/\\\/lurdinha.org\\\/site\\\/#\\\/schema\\\/logo\\\/image\\\/\",\"url\":\"https:\\\/\\\/lurdinha.org\\\/site\\\/wp-content\\\/uploads\\\/logo-lurdinha.jpg\",\"contentUrl\":\"https:\\\/\\\/lurdinha.org\\\/site\\\/wp-content\\\/uploads\\\/logo-lurdinha.jpg\",\"width\":640,\"height\":60,\"caption\":\"Lurdinha de Caxias\"},\"image\":{\"@id\":\"https:\\\/\\\/lurdinha.org\\\/site\\\/#\\\/schema\\\/logo\\\/image\\\/\"},\"sameAs\":[\"https:\\\/\\\/www.facebook.com\\\/LurdinhadeCaxias\",\"https:\\\/\\\/www.instagram.com\\\/lurdinhadecaxias\"]},{\"@type\":\"Person\",\"@id\":\"https:\\\/\\\/lurdinha.org\\\/site\\\/#\\\/schema\\\/person\\\/b833bb6a7f82598bf0e95e4c30874251\",\"name\":\"heraldo hb\",\"image\":{\"@type\":\"ImageObject\",\"inLanguage\":\"pt-BR\",\"@id\":\"https:\\\/\\\/secure.gravatar.com\\\/avatar\\\/5de9fe99c72cb6885bbdaa24b1c5738b0f673d265de18720fae7463d5f47b48d?s=96&d=mm&r=g\",\"url\":\"https:\\\/\\\/secure.gravatar.com\\\/avatar\\\/5de9fe99c72cb6885bbdaa24b1c5738b0f673d265de18720fae7463d5f47b48d?s=96&d=mm&r=g\",\"contentUrl\":\"https:\\\/\\\/secure.gravatar.com\\\/avatar\\\/5de9fe99c72cb6885bbdaa24b1c5738b0f673d265de18720fae7463d5f47b48d?s=96&d=mm&r=g\",\"caption\":\"heraldo hb\"},\"description\":\"Cineasta, animador cultural, escritor e educador nascido no s\u00e9culo XX\",\"sameAs\":[\"http:\\\/\\\/wwww.relinkare.org\",\"botocudo\",\"heraldohb\",\"relinkare\"],\"url\":\"https:\\\/\\\/lurdinha.org\\\/site\\\/author\\\/heraldohb\\\/\"}]}<\/script>\n<!-- \/ Yoast SEO plugin. -->","yoast_head_json":{"title":"LUIZ GONZAGA \u00c9 PRA SEMPRE - Lurdinha - Duque de Caxias para Est\u00f4magos Fortes","robots":{"index":"index","follow":"follow","max-snippet":"max-snippet:-1","max-image-preview":"max-image-preview:large","max-video-preview":"max-video-preview:-1"},"canonical":"https:\/\/lurdinha.org\/site\/luiz-gonzaga-e-pra-sempre\/","og_locale":"pt_BR","og_type":"article","og_title":"LUIZ GONZAGA \u00c9 PRA SEMPRE - Lurdinha - Duque de Caxias para Est\u00f4magos Fortes","og_description":"N\u00e3o tem jeito, sempre lembro de Luiz Gonzaga por algum motivo e hoje foi certamente...","og_url":"https:\/\/lurdinha.org\/site\/luiz-gonzaga-e-pra-sempre\/","og_site_name":"Lurdinha - Duque de Caxias para Est\u00f4magos Fortes","article_publisher":"https:\/\/www.facebook.com\/LurdinhadeCaxias","article_author":"botocudo","article_published_time":"2020-06-27T05:29:52+00:00","article_modified_time":"2020-06-27T21:41:27+00:00","og_image":[{"width":640,"height":360,"url":"https:\/\/lurdinha.org\/site\/wp-content\/uploads\/luizgonzagalurdinha.jpg","type":"image\/jpeg"}],"author":"heraldo hb","twitter_card":"summary_large_image","twitter_misc":{"Escrito por":"heraldo hb","Est. tempo de leitura":"5 minutos"},"schema":{"@context":"https:\/\/schema.org","@graph":[{"@type":"Article","@id":"https:\/\/lurdinha.org\/site\/luiz-gonzaga-e-pra-sempre\/#article","isPartOf":{"@id":"https:\/\/lurdinha.org\/site\/luiz-gonzaga-e-pra-sempre\/"},"author":{"name":"heraldo hb","@id":"https:\/\/lurdinha.org\/site\/#\/schema\/person\/b833bb6a7f82598bf0e95e4c30874251"},"headline":"LUIZ GONZAGA \u00c9 PRA SEMPRE","datePublished":"2020-06-27T05:29:52+00:00","dateModified":"2020-06-27T21:41:27+00:00","mainEntityOfPage":{"@id":"https:\/\/lurdinha.org\/site\/luiz-gonzaga-e-pra-sempre\/"},"wordCount":1039,"commentCount":0,"publisher":{"@id":"https:\/\/lurdinha.org\/site\/#organization"},"image":{"@id":"https:\/\/lurdinha.org\/site\/luiz-gonzaga-e-pra-sempre\/#primaryimage"},"thumbnailUrl":"https:\/\/lurdinha.org\/site\/wp-content\/uploads\/luizgonzagalurdinha.jpg","keywords":["cultura","duque-de-caxias","gilberto gil","Luiz Gonzaga"],"articleSection":["m\u00fasica","uma opini\u00e3o"],"inLanguage":"pt-BR","potentialAction":[{"@type":"CommentAction","name":"Comment","target":["https:\/\/lurdinha.org\/site\/luiz-gonzaga-e-pra-sempre\/#respond"]}]},{"@type":"WebPage","@id":"https:\/\/lurdinha.org\/site\/luiz-gonzaga-e-pra-sempre\/","url":"https:\/\/lurdinha.org\/site\/luiz-gonzaga-e-pra-sempre\/","name":"LUIZ GONZAGA \u00c9 PRA SEMPRE - Lurdinha - Duque de Caxias para Est\u00f4magos Fortes","isPartOf":{"@id":"https:\/\/lurdinha.org\/site\/#website"},"primaryImageOfPage":{"@id":"https:\/\/lurdinha.org\/site\/luiz-gonzaga-e-pra-sempre\/#primaryimage"},"image":{"@id":"https:\/\/lurdinha.org\/site\/luiz-gonzaga-e-pra-sempre\/#primaryimage"},"thumbnailUrl":"https:\/\/lurdinha.org\/site\/wp-content\/uploads\/luizgonzagalurdinha.jpg","datePublished":"2020-06-27T05:29:52+00:00","dateModified":"2020-06-27T21:41:27+00:00","breadcrumb":{"@id":"https:\/\/lurdinha.org\/site\/luiz-gonzaga-e-pra-sempre\/#breadcrumb"},"inLanguage":"pt-BR","potentialAction":[{"@type":"ReadAction","target":["https:\/\/lurdinha.org\/site\/luiz-gonzaga-e-pra-sempre\/"]}]},{"@type":"ImageObject","inLanguage":"pt-BR","@id":"https:\/\/lurdinha.org\/site\/luiz-gonzaga-e-pra-sempre\/#primaryimage","url":"https:\/\/lurdinha.org\/site\/wp-content\/uploads\/luizgonzagalurdinha.jpg","contentUrl":"https:\/\/lurdinha.org\/site\/wp-content\/uploads\/luizgonzagalurdinha.jpg","width":640,"height":360},{"@type":"BreadcrumbList","@id":"https:\/\/lurdinha.org\/site\/luiz-gonzaga-e-pra-sempre\/#breadcrumb","itemListElement":[{"@type":"ListItem","position":1,"name":"In\u00edcio","item":"https:\/\/lurdinha.org\/site\/"},{"@type":"ListItem","position":2,"name":"LUIZ GONZAGA \u00c9 PRA SEMPRE"}]},{"@type":"WebSite","@id":"https:\/\/lurdinha.org\/site\/#website","url":"https:\/\/lurdinha.org\/site\/","name":"Lurdinha - Duque de Caxias para Est\u00f4magos Fortes","description":"Site sobre Arte, Cultura, Pol\u00edtica, Sociedade e curiosidades da cidade de Duque de Caxias, RJ","publisher":{"@id":"https:\/\/lurdinha.org\/site\/#organization"},"alternateName":"Lurdinha","potentialAction":[{"@type":"SearchAction","target":{"@type":"EntryPoint","urlTemplate":"https:\/\/lurdinha.org\/site\/?s={search_term_string}"},"query-input":{"@type":"PropertyValueSpecification","valueRequired":true,"valueName":"search_term_string"}}],"inLanguage":"pt-BR"},{"@type":"Organization","@id":"https:\/\/lurdinha.org\/site\/#organization","name":"Lurdinha de Caxias","url":"https:\/\/lurdinha.org\/site\/","logo":{"@type":"ImageObject","inLanguage":"pt-BR","@id":"https:\/\/lurdinha.org\/site\/#\/schema\/logo\/image\/","url":"https:\/\/lurdinha.org\/site\/wp-content\/uploads\/logo-lurdinha.jpg","contentUrl":"https:\/\/lurdinha.org\/site\/wp-content\/uploads\/logo-lurdinha.jpg","width":640,"height":60,"caption":"Lurdinha de Caxias"},"image":{"@id":"https:\/\/lurdinha.org\/site\/#\/schema\/logo\/image\/"},"sameAs":["https:\/\/www.facebook.com\/LurdinhadeCaxias","https:\/\/www.instagram.com\/lurdinhadecaxias"]},{"@type":"Person","@id":"https:\/\/lurdinha.org\/site\/#\/schema\/person\/b833bb6a7f82598bf0e95e4c30874251","name":"heraldo hb","image":{"@type":"ImageObject","inLanguage":"pt-BR","@id":"https:\/\/secure.gravatar.com\/avatar\/5de9fe99c72cb6885bbdaa24b1c5738b0f673d265de18720fae7463d5f47b48d?s=96&d=mm&r=g","url":"https:\/\/secure.gravatar.com\/avatar\/5de9fe99c72cb6885bbdaa24b1c5738b0f673d265de18720fae7463d5f47b48d?s=96&d=mm&r=g","contentUrl":"https:\/\/secure.gravatar.com\/avatar\/5de9fe99c72cb6885bbdaa24b1c5738b0f673d265de18720fae7463d5f47b48d?s=96&d=mm&r=g","caption":"heraldo hb"},"description":"Cineasta, animador cultural, escritor e educador nascido no s\u00e9culo XX","sameAs":["http:\/\/wwww.relinkare.org","botocudo","heraldohb","relinkare"],"url":"https:\/\/lurdinha.org\/site\/author\/heraldohb\/"}]}},"views":1905,"_links":{"self":[{"href":"https:\/\/lurdinha.org\/site\/wp-json\/wp\/v2\/posts\/8979","targetHints":{"allow":["GET"]}}],"collection":[{"href":"https:\/\/lurdinha.org\/site\/wp-json\/wp\/v2\/posts"}],"about":[{"href":"https:\/\/lurdinha.org\/site\/wp-json\/wp\/v2\/types\/post"}],"author":[{"embeddable":true,"href":"https:\/\/lurdinha.org\/site\/wp-json\/wp\/v2\/users\/2"}],"replies":[{"embeddable":true,"href":"https:\/\/lurdinha.org\/site\/wp-json\/wp\/v2\/comments?post=8979"}],"version-history":[{"count":3,"href":"https:\/\/lurdinha.org\/site\/wp-json\/wp\/v2\/posts\/8979\/revisions"}],"predecessor-version":[{"id":8982,"href":"https:\/\/lurdinha.org\/site\/wp-json\/wp\/v2\/posts\/8979\/revisions\/8982"}],"wp:featuredmedia":[{"embeddable":true,"href":"https:\/\/lurdinha.org\/site\/wp-json\/wp\/v2\/media\/3266"}],"wp:attachment":[{"href":"https:\/\/lurdinha.org\/site\/wp-json\/wp\/v2\/media?parent=8979"}],"wp:term":[{"taxonomy":"category","embeddable":true,"href":"https:\/\/lurdinha.org\/site\/wp-json\/wp\/v2\/categories?post=8979"},{"taxonomy":"post_tag","embeddable":true,"href":"https:\/\/lurdinha.org\/site\/wp-json\/wp\/v2\/tags?post=8979"}],"curies":[{"name":"wp","href":"https:\/\/api.w.org\/{rel}","templated":true}]}}