{"id":8962,"date":"2020-06-26T08:32:57","date_gmt":"2020-06-26T08:32:57","guid":{"rendered":"https:\/\/lurdinha.org\/site\/?p=8962"},"modified":"2020-06-26T08:32:57","modified_gmt":"2020-06-26T08:32:57","slug":"que-empresario-trara-agua-encanada-para-a-baixada-com-a-privatizacao","status":"publish","type":"post","link":"https:\/\/lurdinha.org\/site\/que-empresario-trara-agua-encanada-para-a-baixada-com-a-privatizacao\/","title":{"rendered":"Que empres\u00e1rio trar\u00e1 \u00e1gua encanada para a Baixada com a privatiza\u00e7\u00e3o?"},"content":{"rendered":"<p><img loading=\"lazy\" decoding=\"async\" class=\"alignnone size-large wp-image-8963\" src=\"https:\/\/lurdinha.org\/site\/wp-content\/uploads\/66-0-610x424.jpg\" alt=\"\" width=\"610\" height=\"424\" srcset=\"https:\/\/lurdinha.org\/site\/wp-content\/uploads\/66-0-610x424.jpg 610w, https:\/\/lurdinha.org\/site\/wp-content\/uploads\/66-0-300x209.jpg 300w, https:\/\/lurdinha.org\/site\/wp-content\/uploads\/66-0-768x534.jpg 768w, https:\/\/lurdinha.org\/site\/wp-content\/uploads\/66-0.jpg 1024w\" sizes=\"auto, (max-width: 610px) 100vw, 610px\" \/>Moro em Duque de Caxias, mas o que tenho a ver com a privatiza\u00e7\u00e3o da \u00e1gua? Vamos come\u00e7ar do come\u00e7o? O ano de 1916, o presidente <strong>Nilo Pe\u00e7anha<\/strong> ordena a instala\u00e7\u00e3o de uma bica d&#8217;\u00e1gua em &#8220;<em>Vila Merity<\/em>&#8221; ent\u00e3o Distrito de Nova Igua\u00e7u. Uma bica d&#8217;\u00e1gua vinda de Vig\u00e1rio Geral foi colocada no centro, onde hoje fica a pra\u00e7a do pacificador. Assim chegou a \u00e1gua em Duque de Caxias. Em homenagem a esse momento foi criado o &#8220;<strong>Monumento Bica D&#8217; \u00c1gua&#8221;<\/strong>, que infelizmente foi extraviado. Restaram apenas as crian\u00e7as que est\u00e3o preservadas no Instituto Hist\u00f3rico da C\u00e2mara.<\/p>\n<p>Mas, a promessa de \u00e1gua na bica em outros bairros tomou for\u00e7a. N\u00e3o dava para ir todo &#8220;<em>santo dia&#8221;<\/em> ao centro atr\u00e1s da &#8220;<em>branquinha<\/em>&#8220;. O governador Roberto Silveira, quando visitando a cidade no dia 25 de agosto de 1959, solidarizou-se com o drama da falta de \u00e1gua e prometeu que a regi\u00e3o do Jardim 25 de Agosto n\u00e3o ficaria sem \u00e1gua. Cumpriu! A est\u00e1tua de Roberto Silveira na pra\u00e7a da antiga sede da prefeitura, \u00e9 uma homenagem aquele que trouxe desenvolvimento. A tocha em suas m\u00e3os, simboliza isso.<\/p>\n<p><img loading=\"lazy\" decoding=\"async\" class=\"alignnone size-large wp-image-8964\" src=\"https:\/\/lurdinha.org\/site\/wp-content\/uploads\/FB_IMG_1593137781089-610x610.jpg\" alt=\"\" width=\"610\" height=\"610\" srcset=\"https:\/\/lurdinha.org\/site\/wp-content\/uploads\/FB_IMG_1593137781089-610x610.jpg 610w, https:\/\/lurdinha.org\/site\/wp-content\/uploads\/FB_IMG_1593137781089-300x300.jpg 300w, https:\/\/lurdinha.org\/site\/wp-content\/uploads\/FB_IMG_1593137781089-150x150.jpg 150w, https:\/\/lurdinha.org\/site\/wp-content\/uploads\/FB_IMG_1593137781089-768x768.jpg 768w, https:\/\/lurdinha.org\/site\/wp-content\/uploads\/FB_IMG_1593137781089-550x550.jpg 550w, https:\/\/lurdinha.org\/site\/wp-content\/uploads\/FB_IMG_1593137781089.jpg 1080w\" sizes=\"auto, (max-width: 610px) 100vw, 610px\" \/><\/p>\n<p>Na Vila Ideal, os moradores iam rodando pelas ruas seus barris d&#8217;\u00e1gua ou iam at\u00e9 a &#8220;barrinha&#8221;, onde hoje fica o Laguna e Dourados pegar a &#8220;cristalina&#8221; no rio (hoje val\u00e3o) ainda limpo! \u00c1gua em Caxias \u00e9 luxo e luta antiga!<\/p>\n<p>Moro no Centen\u00e1rio, ao lado da CEDAE (final de rede), em plena pandemia n\u00e3o temos \u00e1gua para o simples ato de lavar as m\u00e3os e tenho todos os motivos do mundo para &#8220;achar&#8221; que privatizar a \u00e1gua \u00e9 o melhor caminho. No bairro da Taquara, a Coca-Cola se instalou ao lado do manancial do Parque Natural (antigo terreno Nova Am\u00e9rica) e al\u00e9m de uma rotat\u00f3ria e alguns empregos, o que mais tem feito? Vale a pena entregar a \u00e1gua para beber coca?<\/p>\n<p><img loading=\"lazy\" decoding=\"async\" class=\"alignnone size-large wp-image-8965\" src=\"https:\/\/lurdinha.org\/site\/wp-content\/uploads\/FB_IMG_1593139310436-610x446.jpg\" alt=\"\" width=\"610\" height=\"446\" srcset=\"https:\/\/lurdinha.org\/site\/wp-content\/uploads\/FB_IMG_1593139310436-610x446.jpg 610w, https:\/\/lurdinha.org\/site\/wp-content\/uploads\/FB_IMG_1593139310436-300x219.jpg 300w, https:\/\/lurdinha.org\/site\/wp-content\/uploads\/FB_IMG_1593139310436-177x130.jpg 177w, https:\/\/lurdinha.org\/site\/wp-content\/uploads\/FB_IMG_1593139310436.jpg 648w\" sizes=\"auto, (max-width: 610px) 100vw, 610px\" \/><\/p>\n<p>Mas acontece que sou contra a ideia de privatizar a \u00e1gua! Explico por que e compartilho com os amigos:<\/p>\n<p>Primeiro, todo mundo tem direito a \u00e1gua pura! Privatizar a \u00e1gua significa que algu\u00e9m que tem dinheiro ir\u00e1 investir para ter mais dinheiro sob um bem que \u00e9 direito universal! E do mesmo jeito que pessoas sofrem com a fome, teremos pessoas sofrendo com a sede!<\/p>\n<p>Segundo, ideologizar o debate \u00e9 a coisa mais tola poss\u00edvel. A pergunta que n\u00e3o quer calar: os empres\u00e1rios &#8220;humanistas&#8221; v\u00e3o investir nas periferias e pequenas cidades do interior do Brasil? Quanto ficar\u00e1 o custo j\u00e1 car\u00edssimo ao consumidor? Voc\u00ea que defende a privatiza\u00e7\u00e3o, confia nas empreiteiras do Brasil? Investimento privado n\u00e3o significa acesso, nunca significou e com certeza, n\u00e3o \u00e9 esse o caso do saneamento.<\/p>\n<p>Terceiro, o investimento privado vai chegar onde as pessoas mais precisam? Ou v\u00e3o comprar o fil\u00e9 e largar o osso para o Estado, como sempre? N\u00e3o deu certo no mundo, vai dar aqui? Quero ver a empresa enfrentar uma crise h\u00eddrica, igual a \u00faltima de S\u00e3o Paulo, injetar dinheiro nas solu\u00e7\u00f5es, sem aumentar a conta. Sabe a bandeira vermelha da energia? Aguarde.<\/p>\n<p><img loading=\"lazy\" decoding=\"async\" class=\"alignnone size-full wp-image-8966\" src=\"https:\/\/lurdinha.org\/site\/wp-content\/uploads\/sem-agua.jpg\" alt=\"\" width=\"448\" height=\"299\" srcset=\"https:\/\/lurdinha.org\/site\/wp-content\/uploads\/sem-agua.jpg 448w, https:\/\/lurdinha.org\/site\/wp-content\/uploads\/sem-agua-300x200.jpg 300w\" sizes=\"auto, (max-width: 448px) 100vw, 448px\" \/><\/p>\n<p>Mas n\u00e3o s\u00f3 cr\u00edtico, penso que a solu\u00e7\u00e3o \u00e9 tratar Saneamento B\u00e1sico como direito fundamental de todos. Setor privado tem que participar e Estado tamb\u00e9m. Eles se complementam. O perigo \u00e9 privatizar o que funciona, extinguir o subs\u00eddio cruzado e os munic\u00edpios sem saneamento (os que n\u00e3o d\u00e3o lucro) do pa\u00eds e da nossa Baixada Fluminense, seguir como est\u00e3o. A culpa da falta d&#8217;\u00e1gua n\u00e3o \u00e9 da CEDAE, s\u00e3o de gest\u00f5es que n\u00e3o tem compromisso em levar \u00c1GUA a quem precisa. \u00c1GUA \u00e9 VIDA, \u00c1GUA \u00e9 bem p\u00fablico e do POVO!<\/p>\n","protected":false},"excerpt":{"rendered":"<p>Moro em Duque de Caxias, mas o que tenho a ver com a privatiza\u00e7\u00e3o da&#8230;<\/p>\n","protected":false},"author":69,"featured_media":8966,"comment_status":"open","ping_status":"closed","sticky":false,"template":"","format":"standard","meta":{"footnotes":""},"categories":[9,4],"tags":[],"class_list":["post-8962","post","type-post","status-publish","format-standard","has-post-thumbnail","hentry","category-historia","category-opiniao"],"yoast_head":"<!-- This site is optimized with the Yoast SEO plugin v27.5 - https:\/\/yoast.com\/product\/yoast-seo-wordpress\/ -->\n<title>Que empres\u00e1rio trar\u00e1 \u00e1gua encanada para a Baixada com a privatiza\u00e7\u00e3o? - Lurdinha - Duque de Caxias para Est\u00f4magos Fortes<\/title>\n<meta name=\"description\" content=\"Marroni Alves mora do lado da CEDAE e n\u00e3o tem \u00e1gua em plena pandemia, mas explica porque defende a \u00e1gua como bem p\u00fablico.\" \/>\n<meta name=\"robots\" content=\"index, follow, max-snippet:-1, max-image-preview:large, max-video-preview:-1\" \/>\n<link rel=\"canonical\" href=\"https:\/\/lurdinha.org\/site\/que-empresario-trara-agua-encanada-para-a-baixada-com-a-privatizacao\/\" \/>\n<meta property=\"og:locale\" content=\"pt_BR\" \/>\n<meta property=\"og:type\" content=\"article\" \/>\n<meta property=\"og:title\" content=\"Que empres\u00e1rio trar\u00e1 \u00e1gua encanada para a Baixada com a privatiza\u00e7\u00e3o? - Lurdinha - Duque de Caxias para Est\u00f4magos Fortes\" \/>\n<meta property=\"og:description\" content=\"Marroni Alves mora do lado da CEDAE e n\u00e3o tem \u00e1gua em plena pandemia, mas explica porque defende a \u00e1gua como bem p\u00fablico.\" \/>\n<meta property=\"og:url\" content=\"https:\/\/lurdinha.org\/site\/que-empresario-trara-agua-encanada-para-a-baixada-com-a-privatizacao\/\" \/>\n<meta property=\"og:site_name\" content=\"Lurdinha - Duque de Caxias para Est\u00f4magos Fortes\" \/>\n<meta property=\"article:publisher\" content=\"https:\/\/www.facebook.com\/LurdinhadeCaxias\" \/>\n<meta property=\"article:author\" content=\"profmarroni\" \/>\n<meta property=\"article:published_time\" content=\"2020-06-26T08:32:57+00:00\" \/>\n<meta property=\"og:image\" content=\"https:\/\/lurdinha.org\/site\/wp-content\/uploads\/sem-agua.jpg\" \/>\n\t<meta property=\"og:image:width\" content=\"448\" \/>\n\t<meta property=\"og:image:height\" content=\"299\" \/>\n\t<meta property=\"og:image:type\" content=\"image\/jpeg\" \/>\n<meta name=\"author\" content=\"Marroni Alves\" \/>\n<meta name=\"twitter:card\" content=\"summary_large_image\" \/>\n<meta name=\"twitter:creator\" content=\"@MarroniAlves\" \/>\n<meta name=\"twitter:label1\" content=\"Escrito por\" \/>\n\t<meta name=\"twitter:data1\" content=\"Marroni Alves\" \/>\n\t<meta name=\"twitter:label2\" content=\"Est. tempo de leitura\" \/>\n\t<meta name=\"twitter:data2\" content=\"3 minutos\" \/>\n<script type=\"application\/ld+json\" class=\"yoast-schema-graph\">{\"@context\":\"https:\\\/\\\/schema.org\",\"@graph\":[{\"@type\":\"Article\",\"@id\":\"https:\\\/\\\/lurdinha.org\\\/site\\\/que-empresario-trara-agua-encanada-para-a-baixada-com-a-privatizacao\\\/#article\",\"isPartOf\":{\"@id\":\"https:\\\/\\\/lurdinha.org\\\/site\\\/que-empresario-trara-agua-encanada-para-a-baixada-com-a-privatizacao\\\/\"},\"author\":{\"name\":\"Marroni Alves\",\"@id\":\"https:\\\/\\\/lurdinha.org\\\/site\\\/#\\\/schema\\\/person\\\/962cc3e1090602931955c4bd427a5b79\"},\"headline\":\"Que empres\u00e1rio trar\u00e1 \u00e1gua encanada para a Baixada com a privatiza\u00e7\u00e3o?\",\"datePublished\":\"2020-06-26T08:32:57+00:00\",\"mainEntityOfPage\":{\"@id\":\"https:\\\/\\\/lurdinha.org\\\/site\\\/que-empresario-trara-agua-encanada-para-a-baixada-com-a-privatizacao\\\/\"},\"wordCount\":651,\"commentCount\":0,\"publisher\":{\"@id\":\"https:\\\/\\\/lurdinha.org\\\/site\\\/#organization\"},\"image\":{\"@id\":\"https:\\\/\\\/lurdinha.org\\\/site\\\/que-empresario-trara-agua-encanada-para-a-baixada-com-a-privatizacao\\\/#primaryimage\"},\"thumbnailUrl\":\"https:\\\/\\\/lurdinha.org\\\/site\\\/wp-content\\\/uploads\\\/sem-agua.jpg\",\"articleSection\":[\"hist\u00f3ria\",\"uma opini\u00e3o\"],\"inLanguage\":\"pt-BR\",\"potentialAction\":[{\"@type\":\"CommentAction\",\"name\":\"Comment\",\"target\":[\"https:\\\/\\\/lurdinha.org\\\/site\\\/que-empresario-trara-agua-encanada-para-a-baixada-com-a-privatizacao\\\/#respond\"]}]},{\"@type\":\"WebPage\",\"@id\":\"https:\\\/\\\/lurdinha.org\\\/site\\\/que-empresario-trara-agua-encanada-para-a-baixada-com-a-privatizacao\\\/\",\"url\":\"https:\\\/\\\/lurdinha.org\\\/site\\\/que-empresario-trara-agua-encanada-para-a-baixada-com-a-privatizacao\\\/\",\"name\":\"Que empres\u00e1rio trar\u00e1 \u00e1gua encanada para a Baixada com a privatiza\u00e7\u00e3o? - Lurdinha - Duque de Caxias para Est\u00f4magos Fortes\",\"isPartOf\":{\"@id\":\"https:\\\/\\\/lurdinha.org\\\/site\\\/#website\"},\"primaryImageOfPage\":{\"@id\":\"https:\\\/\\\/lurdinha.org\\\/site\\\/que-empresario-trara-agua-encanada-para-a-baixada-com-a-privatizacao\\\/#primaryimage\"},\"image\":{\"@id\":\"https:\\\/\\\/lurdinha.org\\\/site\\\/que-empresario-trara-agua-encanada-para-a-baixada-com-a-privatizacao\\\/#primaryimage\"},\"thumbnailUrl\":\"https:\\\/\\\/lurdinha.org\\\/site\\\/wp-content\\\/uploads\\\/sem-agua.jpg\",\"datePublished\":\"2020-06-26T08:32:57+00:00\",\"description\":\"Marroni Alves mora do lado da CEDAE e n\u00e3o tem \u00e1gua em plena pandemia, mas explica porque defende a \u00e1gua como bem p\u00fablico.\",\"breadcrumb\":{\"@id\":\"https:\\\/\\\/lurdinha.org\\\/site\\\/que-empresario-trara-agua-encanada-para-a-baixada-com-a-privatizacao\\\/#breadcrumb\"},\"inLanguage\":\"pt-BR\",\"potentialAction\":[{\"@type\":\"ReadAction\",\"target\":[\"https:\\\/\\\/lurdinha.org\\\/site\\\/que-empresario-trara-agua-encanada-para-a-baixada-com-a-privatizacao\\\/\"]}]},{\"@type\":\"ImageObject\",\"inLanguage\":\"pt-BR\",\"@id\":\"https:\\\/\\\/lurdinha.org\\\/site\\\/que-empresario-trara-agua-encanada-para-a-baixada-com-a-privatizacao\\\/#primaryimage\",\"url\":\"https:\\\/\\\/lurdinha.org\\\/site\\\/wp-content\\\/uploads\\\/sem-agua.jpg\",\"contentUrl\":\"https:\\\/\\\/lurdinha.org\\\/site\\\/wp-content\\\/uploads\\\/sem-agua.jpg\",\"width\":448,\"height\":299},{\"@type\":\"BreadcrumbList\",\"@id\":\"https:\\\/\\\/lurdinha.org\\\/site\\\/que-empresario-trara-agua-encanada-para-a-baixada-com-a-privatizacao\\\/#breadcrumb\",\"itemListElement\":[{\"@type\":\"ListItem\",\"position\":1,\"name\":\"In\u00edcio\",\"item\":\"https:\\\/\\\/lurdinha.org\\\/site\\\/\"},{\"@type\":\"ListItem\",\"position\":2,\"name\":\"Que empres\u00e1rio trar\u00e1 \u00e1gua encanada para a Baixada com a privatiza\u00e7\u00e3o?\"}]},{\"@type\":\"WebSite\",\"@id\":\"https:\\\/\\\/lurdinha.org\\\/site\\\/#website\",\"url\":\"https:\\\/\\\/lurdinha.org\\\/site\\\/\",\"name\":\"Lurdinha - Duque de Caxias para Est\u00f4magos Fortes\",\"description\":\"Site sobre Arte, Cultura, Pol\u00edtica, Sociedade e curiosidades da cidade de Duque de Caxias, RJ\",\"publisher\":{\"@id\":\"https:\\\/\\\/lurdinha.org\\\/site\\\/#organization\"},\"alternateName\":\"Lurdinha\",\"potentialAction\":[{\"@type\":\"SearchAction\",\"target\":{\"@type\":\"EntryPoint\",\"urlTemplate\":\"https:\\\/\\\/lurdinha.org\\\/site\\\/?s={search_term_string}\"},\"query-input\":{\"@type\":\"PropertyValueSpecification\",\"valueRequired\":true,\"valueName\":\"search_term_string\"}}],\"inLanguage\":\"pt-BR\"},{\"@type\":\"Organization\",\"@id\":\"https:\\\/\\\/lurdinha.org\\\/site\\\/#organization\",\"name\":\"Lurdinha de Caxias\",\"url\":\"https:\\\/\\\/lurdinha.org\\\/site\\\/\",\"logo\":{\"@type\":\"ImageObject\",\"inLanguage\":\"pt-BR\",\"@id\":\"https:\\\/\\\/lurdinha.org\\\/site\\\/#\\\/schema\\\/logo\\\/image\\\/\",\"url\":\"https:\\\/\\\/lurdinha.org\\\/site\\\/wp-content\\\/uploads\\\/logo-lurdinha.jpg\",\"contentUrl\":\"https:\\\/\\\/lurdinha.org\\\/site\\\/wp-content\\\/uploads\\\/logo-lurdinha.jpg\",\"width\":640,\"height\":60,\"caption\":\"Lurdinha de Caxias\"},\"image\":{\"@id\":\"https:\\\/\\\/lurdinha.org\\\/site\\\/#\\\/schema\\\/logo\\\/image\\\/\"},\"sameAs\":[\"https:\\\/\\\/www.facebook.com\\\/LurdinhadeCaxias\",\"https:\\\/\\\/www.instagram.com\\\/lurdinhadecaxias\"]},{\"@type\":\"Person\",\"@id\":\"https:\\\/\\\/lurdinha.org\\\/site\\\/#\\\/schema\\\/person\\\/962cc3e1090602931955c4bd427a5b79\",\"name\":\"Marroni Alves\",\"image\":{\"@type\":\"ImageObject\",\"inLanguage\":\"pt-BR\",\"@id\":\"https:\\\/\\\/secure.gravatar.com\\\/avatar\\\/1ad3bda8d2f95405271f92b1a014b8c0c906279b4732863ae89fa73c6e251ddf?s=96&d=mm&r=g\",\"url\":\"https:\\\/\\\/secure.gravatar.com\\\/avatar\\\/1ad3bda8d2f95405271f92b1a014b8c0c906279b4732863ae89fa73c6e251ddf?s=96&d=mm&r=g\",\"contentUrl\":\"https:\\\/\\\/secure.gravatar.com\\\/avatar\\\/1ad3bda8d2f95405271f92b1a014b8c0c906279b4732863ae89fa73c6e251ddf?s=96&d=mm&r=g\",\"caption\":\"Marroni Alves\"},\"description\":\"Filho da escola p\u00fablica e de pernambucanos. Nascido no Hospital Duque, mas sempre no Hospital Infantil. Formado em Hist\u00f3ria na FEUDUC, dou aula em pr\u00e9-vestibular comunit\u00e1rio na Vila Ideal, Jardim Gramacho, Complexo da Mangueirinha e Xerem.\",\"sameAs\":[\"profmarroni\",\"https:\\\/\\\/www.instagram.com\\\/marronialves\\\/\",\"https:\\\/\\\/x.com\\\/MarroniAlves\"],\"url\":\"https:\\\/\\\/lurdinha.org\\\/site\\\/author\\\/marroni\\\/\"}]}<\/script>\n<!-- \/ Yoast SEO plugin. -->","yoast_head_json":{"title":"Que empres\u00e1rio trar\u00e1 \u00e1gua encanada para a Baixada com a privatiza\u00e7\u00e3o? - Lurdinha - Duque de Caxias para Est\u00f4magos Fortes","description":"Marroni Alves mora do lado da CEDAE e n\u00e3o tem \u00e1gua em plena pandemia, mas explica porque defende a \u00e1gua como bem p\u00fablico.","robots":{"index":"index","follow":"follow","max-snippet":"max-snippet:-1","max-image-preview":"max-image-preview:large","max-video-preview":"max-video-preview:-1"},"canonical":"https:\/\/lurdinha.org\/site\/que-empresario-trara-agua-encanada-para-a-baixada-com-a-privatizacao\/","og_locale":"pt_BR","og_type":"article","og_title":"Que empres\u00e1rio trar\u00e1 \u00e1gua encanada para a Baixada com a privatiza\u00e7\u00e3o? - Lurdinha - Duque de Caxias para Est\u00f4magos Fortes","og_description":"Marroni Alves mora do lado da CEDAE e n\u00e3o tem \u00e1gua em plena pandemia, mas explica porque defende a \u00e1gua como bem p\u00fablico.","og_url":"https:\/\/lurdinha.org\/site\/que-empresario-trara-agua-encanada-para-a-baixada-com-a-privatizacao\/","og_site_name":"Lurdinha - Duque de Caxias para Est\u00f4magos Fortes","article_publisher":"https:\/\/www.facebook.com\/LurdinhadeCaxias","article_author":"profmarroni","article_published_time":"2020-06-26T08:32:57+00:00","og_image":[{"width":448,"height":299,"url":"https:\/\/lurdinha.org\/site\/wp-content\/uploads\/sem-agua.jpg","type":"image\/jpeg"}],"author":"Marroni Alves","twitter_card":"summary_large_image","twitter_creator":"@MarroniAlves","twitter_misc":{"Escrito por":"Marroni Alves","Est. tempo de leitura":"3 minutos"},"schema":{"@context":"https:\/\/schema.org","@graph":[{"@type":"Article","@id":"https:\/\/lurdinha.org\/site\/que-empresario-trara-agua-encanada-para-a-baixada-com-a-privatizacao\/#article","isPartOf":{"@id":"https:\/\/lurdinha.org\/site\/que-empresario-trara-agua-encanada-para-a-baixada-com-a-privatizacao\/"},"author":{"name":"Marroni Alves","@id":"https:\/\/lurdinha.org\/site\/#\/schema\/person\/962cc3e1090602931955c4bd427a5b79"},"headline":"Que empres\u00e1rio trar\u00e1 \u00e1gua encanada para a Baixada com a privatiza\u00e7\u00e3o?","datePublished":"2020-06-26T08:32:57+00:00","mainEntityOfPage":{"@id":"https:\/\/lurdinha.org\/site\/que-empresario-trara-agua-encanada-para-a-baixada-com-a-privatizacao\/"},"wordCount":651,"commentCount":0,"publisher":{"@id":"https:\/\/lurdinha.org\/site\/#organization"},"image":{"@id":"https:\/\/lurdinha.org\/site\/que-empresario-trara-agua-encanada-para-a-baixada-com-a-privatizacao\/#primaryimage"},"thumbnailUrl":"https:\/\/lurdinha.org\/site\/wp-content\/uploads\/sem-agua.jpg","articleSection":["hist\u00f3ria","uma opini\u00e3o"],"inLanguage":"pt-BR","potentialAction":[{"@type":"CommentAction","name":"Comment","target":["https:\/\/lurdinha.org\/site\/que-empresario-trara-agua-encanada-para-a-baixada-com-a-privatizacao\/#respond"]}]},{"@type":"WebPage","@id":"https:\/\/lurdinha.org\/site\/que-empresario-trara-agua-encanada-para-a-baixada-com-a-privatizacao\/","url":"https:\/\/lurdinha.org\/site\/que-empresario-trara-agua-encanada-para-a-baixada-com-a-privatizacao\/","name":"Que empres\u00e1rio trar\u00e1 \u00e1gua encanada para a Baixada com a privatiza\u00e7\u00e3o? - Lurdinha - Duque de Caxias para Est\u00f4magos Fortes","isPartOf":{"@id":"https:\/\/lurdinha.org\/site\/#website"},"primaryImageOfPage":{"@id":"https:\/\/lurdinha.org\/site\/que-empresario-trara-agua-encanada-para-a-baixada-com-a-privatizacao\/#primaryimage"},"image":{"@id":"https:\/\/lurdinha.org\/site\/que-empresario-trara-agua-encanada-para-a-baixada-com-a-privatizacao\/#primaryimage"},"thumbnailUrl":"https:\/\/lurdinha.org\/site\/wp-content\/uploads\/sem-agua.jpg","datePublished":"2020-06-26T08:32:57+00:00","description":"Marroni Alves mora do lado da CEDAE e n\u00e3o tem \u00e1gua em plena pandemia, mas explica porque defende a \u00e1gua como bem p\u00fablico.","breadcrumb":{"@id":"https:\/\/lurdinha.org\/site\/que-empresario-trara-agua-encanada-para-a-baixada-com-a-privatizacao\/#breadcrumb"},"inLanguage":"pt-BR","potentialAction":[{"@type":"ReadAction","target":["https:\/\/lurdinha.org\/site\/que-empresario-trara-agua-encanada-para-a-baixada-com-a-privatizacao\/"]}]},{"@type":"ImageObject","inLanguage":"pt-BR","@id":"https:\/\/lurdinha.org\/site\/que-empresario-trara-agua-encanada-para-a-baixada-com-a-privatizacao\/#primaryimage","url":"https:\/\/lurdinha.org\/site\/wp-content\/uploads\/sem-agua.jpg","contentUrl":"https:\/\/lurdinha.org\/site\/wp-content\/uploads\/sem-agua.jpg","width":448,"height":299},{"@type":"BreadcrumbList","@id":"https:\/\/lurdinha.org\/site\/que-empresario-trara-agua-encanada-para-a-baixada-com-a-privatizacao\/#breadcrumb","itemListElement":[{"@type":"ListItem","position":1,"name":"In\u00edcio","item":"https:\/\/lurdinha.org\/site\/"},{"@type":"ListItem","position":2,"name":"Que empres\u00e1rio trar\u00e1 \u00e1gua encanada para a Baixada com a privatiza\u00e7\u00e3o?"}]},{"@type":"WebSite","@id":"https:\/\/lurdinha.org\/site\/#website","url":"https:\/\/lurdinha.org\/site\/","name":"Lurdinha - Duque de Caxias para Est\u00f4magos Fortes","description":"Site sobre Arte, Cultura, Pol\u00edtica, Sociedade e curiosidades da cidade de Duque de Caxias, RJ","publisher":{"@id":"https:\/\/lurdinha.org\/site\/#organization"},"alternateName":"Lurdinha","potentialAction":[{"@type":"SearchAction","target":{"@type":"EntryPoint","urlTemplate":"https:\/\/lurdinha.org\/site\/?s={search_term_string}"},"query-input":{"@type":"PropertyValueSpecification","valueRequired":true,"valueName":"search_term_string"}}],"inLanguage":"pt-BR"},{"@type":"Organization","@id":"https:\/\/lurdinha.org\/site\/#organization","name":"Lurdinha de Caxias","url":"https:\/\/lurdinha.org\/site\/","logo":{"@type":"ImageObject","inLanguage":"pt-BR","@id":"https:\/\/lurdinha.org\/site\/#\/schema\/logo\/image\/","url":"https:\/\/lurdinha.org\/site\/wp-content\/uploads\/logo-lurdinha.jpg","contentUrl":"https:\/\/lurdinha.org\/site\/wp-content\/uploads\/logo-lurdinha.jpg","width":640,"height":60,"caption":"Lurdinha de Caxias"},"image":{"@id":"https:\/\/lurdinha.org\/site\/#\/schema\/logo\/image\/"},"sameAs":["https:\/\/www.facebook.com\/LurdinhadeCaxias","https:\/\/www.instagram.com\/lurdinhadecaxias"]},{"@type":"Person","@id":"https:\/\/lurdinha.org\/site\/#\/schema\/person\/962cc3e1090602931955c4bd427a5b79","name":"Marroni Alves","image":{"@type":"ImageObject","inLanguage":"pt-BR","@id":"https:\/\/secure.gravatar.com\/avatar\/1ad3bda8d2f95405271f92b1a014b8c0c906279b4732863ae89fa73c6e251ddf?s=96&d=mm&r=g","url":"https:\/\/secure.gravatar.com\/avatar\/1ad3bda8d2f95405271f92b1a014b8c0c906279b4732863ae89fa73c6e251ddf?s=96&d=mm&r=g","contentUrl":"https:\/\/secure.gravatar.com\/avatar\/1ad3bda8d2f95405271f92b1a014b8c0c906279b4732863ae89fa73c6e251ddf?s=96&d=mm&r=g","caption":"Marroni Alves"},"description":"Filho da escola p\u00fablica e de pernambucanos. Nascido no Hospital Duque, mas sempre no Hospital Infantil. Formado em Hist\u00f3ria na FEUDUC, dou aula em pr\u00e9-vestibular comunit\u00e1rio na Vila Ideal, Jardim Gramacho, Complexo da Mangueirinha e Xerem.","sameAs":["profmarroni","https:\/\/www.instagram.com\/marronialves\/","https:\/\/x.com\/MarroniAlves"],"url":"https:\/\/lurdinha.org\/site\/author\/marroni\/"}]}},"views":2238,"_links":{"self":[{"href":"https:\/\/lurdinha.org\/site\/wp-json\/wp\/v2\/posts\/8962","targetHints":{"allow":["GET"]}}],"collection":[{"href":"https:\/\/lurdinha.org\/site\/wp-json\/wp\/v2\/posts"}],"about":[{"href":"https:\/\/lurdinha.org\/site\/wp-json\/wp\/v2\/types\/post"}],"author":[{"embeddable":true,"href":"https:\/\/lurdinha.org\/site\/wp-json\/wp\/v2\/users\/69"}],"replies":[{"embeddable":true,"href":"https:\/\/lurdinha.org\/site\/wp-json\/wp\/v2\/comments?post=8962"}],"version-history":[{"count":1,"href":"https:\/\/lurdinha.org\/site\/wp-json\/wp\/v2\/posts\/8962\/revisions"}],"predecessor-version":[{"id":8967,"href":"https:\/\/lurdinha.org\/site\/wp-json\/wp\/v2\/posts\/8962\/revisions\/8967"}],"wp:featuredmedia":[{"embeddable":true,"href":"https:\/\/lurdinha.org\/site\/wp-json\/wp\/v2\/media\/8966"}],"wp:attachment":[{"href":"https:\/\/lurdinha.org\/site\/wp-json\/wp\/v2\/media?parent=8962"}],"wp:term":[{"taxonomy":"category","embeddable":true,"href":"https:\/\/lurdinha.org\/site\/wp-json\/wp\/v2\/categories?post=8962"},{"taxonomy":"post_tag","embeddable":true,"href":"https:\/\/lurdinha.org\/site\/wp-json\/wp\/v2\/tags?post=8962"}],"curies":[{"name":"wp","href":"https:\/\/api.w.org\/{rel}","templated":true}]}}