{"id":8906,"date":"2019-12-18T15:37:46","date_gmt":"2019-12-18T15:37:46","guid":{"rendered":"https:\/\/lurdinha.org\/site\/?p=8906"},"modified":"2020-06-18T18:22:36","modified_gmt":"2020-06-18T18:22:36","slug":"conselheiros-da-sociedade-civil-no-conselho-municipal-de-politicas-culturais-para-a-gestao-2020-2021","status":"publish","type":"post","link":"https:\/\/lurdinha.org\/site\/conselheiros-da-sociedade-civil-no-conselho-municipal-de-politicas-culturais-para-a-gestao-2020-2021\/","title":{"rendered":"Conselheiros da sociedade civil no Conselho Municipal de Pol\u00edticas Culturais para a gest\u00e3o 2020\/2021"},"content":{"rendered":"<p>Esta \u00e9 a lista dos membros <strong>eleitos<\/strong> pela sociedade civil na <strong>VIII Confer\u00eancia Municipal de Cultura de Duque de Caxias<\/strong>, realizada em 30 de novembro de 2019, na Biblioteca Municipal Leonel de Moura Brizola.<\/p>\n<p><strong>SOCIEDADE CIVIL:<\/strong><\/p>\n<p><strong>a) Cadeira de M\u00fasica:<\/strong><\/p>\n<ul>\n<li>Titular: Luciano de Araujo Borges (Braduc) 021 97047-9127<\/li>\n<li>Suplente: Silv\u00e2nia Oliveira<\/li>\n<\/ul>\n<p><strong>b) Cadeira de Artes Pl\u00e1sticas ou Visuais:<\/strong><\/p>\n<ul>\n<li>Titular: Raoni de Freitas Lima &#8211; raonidfreitas@gmail.com<\/li>\n<li>Suplente: Wallace Luz (Coletivo Fala) &#8211; <a href=\"mailto:wallace.luz@outlook.com\">wallace.luz@outlook.com<\/a><\/li>\n<\/ul>\n<p><strong>c) Cadeira de Artes C\u00eanicas (teatro e circo):<\/strong><\/p>\n<ul>\n<li>Titular: Dayse Alves (Projeto Luar de Dan\u00e7a) &#8211; alves.dayse@gmail.com<\/li>\n<li>Suplente: Deco Baptista (Projeto Luar de Dan\u00e7a); coordenacaoluar@gmail.com<\/li>\n<\/ul>\n<p><strong>d) Cadeira de Dan\u00e7a:<\/strong><\/p>\n<ul>\n<li>Titular: Diego Zulu Tecnykko<\/li>\n<li>Suplente: Samara Santos<\/li>\n<\/ul>\n<p><strong>e) Cadeira de Audiovisual:<\/strong><\/p>\n<ul>\n<li>Titular: Eduardo Prates (Gomeia Galp\u00e3o Criativo) &#8211; prateseduardo@gmail.com<\/li>\n<li>Suplente: Heraldo Bezerra Carvalho &#8211; relinkare@gmail.com<\/li>\n<\/ul>\n<p><strong>f) Cadeira de Artesanato:<\/strong><\/p>\n<ul>\n<li>Titular: Ana Maria Silva Kariri &#8211; <a href=\"mailto:cultura.anamaria@gmail.com\">cultura.anamaria@gmail.com<\/a> &#8211; (21) 9840-33809<\/li>\n<li>Suplente: Patr\u00edcia Sudr\u00e9 &#8211; territorioarteatelier@gmail.com<\/li>\n<\/ul>\n<p><strong>g) Cadeira de Literatura, Bibliotecas e Salas de Leitura:<\/strong><\/p>\n<ul>\n<li>Titular: Maria Chocolate (Chocobin)<\/li>\n<li>Suplente: S\u00f4nia Miranda<\/li>\n<\/ul>\n<p><strong>h) Cadeira de Hist\u00f3ria, Patrim\u00f4nio Arqueol\u00f3gico, Arquitet\u00f4nico, Art\u00edstico e Cultural:<\/strong><\/p>\n<ul>\n<li>Titular: Edson Teixeira Junior (APPH-Clio) &#8211; edson4570@gmail.com<\/li>\n<li>Suplente: Mestre Lula<\/li>\n<\/ul>\n<p><strong>i) Cadeira de Culturas Populares:<\/strong><\/p>\n<ul>\n<li>Titular: Leonor Santanna de Moraes (Reisado Flor do Oriente) &#8211; 96836-8228<\/li>\n<li>Suplente: Carolina Silva do Carmo<\/li>\n<\/ul>\n<p><strong>j) Cadeira de Culturas Afro-Brasileiras ou de Povos Ind\u00edgenas:<\/strong><\/p>\n<ul>\n<li>Titular: Andr\u00e9ia Quint\u00e3o (Meu Black Tem Power) &#8211; meublacktempower@gmail.com<\/li>\n<li>Suplente: Cyra Quint\u00e3o ( Cyra Mineira | moda e arte )<\/li>\n<\/ul>\n<p><strong>k) Cadeira de Produtores Culturais.<\/strong><\/p>\n<ul>\n<li>Titular: Clara de Deus (Abacateiro Produtora) &#8211; claradedeus@gmail.com<\/li>\n<li>Suplente: Tiago (Coletivo Realeza)<\/li>\n<\/ul>\n","protected":false},"excerpt":{"rendered":"<p>Esta \u00e9 a lista dos membros eleitos pela sociedade civil na VIII Confer\u00eancia Municipal de&#8230;<\/p>\n","protected":false},"author":2,"featured_media":0,"comment_status":"open","ping_status":"closed","sticky":false,"template":"","format":"standard","meta":{"footnotes":""},"categories":[4],"tags":[1160,726,969,210,472,11,685,834],"class_list":["post-8906","post","type-post","status-publish","format-standard","hentry","category-opiniao","tag-conselheiros-de-cultura","tag-conselho-municipal-de-cultura","tag-conselho-municipal-de-politicas-culturais","tag-cultura","tag-cultura-caxias","tag-duque-de-caxias","tag-politica-cultural","tag-politicas-publicas"],"yoast_head":"<!-- This site is optimized with the Yoast SEO plugin v27.5 - https:\/\/yoast.com\/product\/yoast-seo-wordpress\/ -->\n<title>Conselheiros da sociedade civil no Conselho Municipal de Pol\u00edticas Culturais para a gest\u00e3o 2020\/2021 - Lurdinha - Duque de Caxias para Est\u00f4magos Fortes<\/title>\n<meta name=\"robots\" content=\"index, follow, max-snippet:-1, max-image-preview:large, max-video-preview:-1\" \/>\n<link rel=\"canonical\" href=\"https:\/\/lurdinha.org\/site\/conselheiros-da-sociedade-civil-no-conselho-municipal-de-politicas-culturais-para-a-gestao-2020-2021\/\" \/>\n<meta property=\"og:locale\" content=\"pt_BR\" \/>\n<meta property=\"og:type\" content=\"article\" \/>\n<meta property=\"og:title\" content=\"Conselheiros da sociedade civil no Conselho Municipal de Pol\u00edticas Culturais para a gest\u00e3o 2020\/2021 - Lurdinha - Duque de Caxias para Est\u00f4magos Fortes\" \/>\n<meta property=\"og:description\" content=\"Esta \u00e9 a lista dos membros eleitos pela sociedade civil na VIII Confer\u00eancia Municipal de...\" \/>\n<meta property=\"og:url\" content=\"https:\/\/lurdinha.org\/site\/conselheiros-da-sociedade-civil-no-conselho-municipal-de-politicas-culturais-para-a-gestao-2020-2021\/\" \/>\n<meta property=\"og:site_name\" content=\"Lurdinha - Duque de Caxias para Est\u00f4magos Fortes\" \/>\n<meta property=\"article:publisher\" content=\"https:\/\/www.facebook.com\/LurdinhadeCaxias\" \/>\n<meta property=\"article:author\" content=\"botocudo\" \/>\n<meta property=\"article:published_time\" content=\"2019-12-18T15:37:46+00:00\" \/>\n<meta property=\"article:modified_time\" content=\"2020-06-18T18:22:36+00:00\" \/>\n<meta name=\"author\" content=\"heraldo hb\" \/>\n<meta name=\"twitter:card\" content=\"summary_large_image\" \/>\n<meta name=\"twitter:label1\" content=\"Escrito por\" \/>\n\t<meta name=\"twitter:data1\" content=\"heraldo hb\" \/>\n\t<meta name=\"twitter:label2\" content=\"Est. tempo de leitura\" \/>\n\t<meta name=\"twitter:data2\" content=\"1 minuto\" \/>\n<script type=\"application\/ld+json\" class=\"yoast-schema-graph\">{\"@context\":\"https:\\\/\\\/schema.org\",\"@graph\":[{\"@type\":\"Article\",\"@id\":\"https:\\\/\\\/lurdinha.org\\\/site\\\/conselheiros-da-sociedade-civil-no-conselho-municipal-de-politicas-culturais-para-a-gestao-2020-2021\\\/#article\",\"isPartOf\":{\"@id\":\"https:\\\/\\\/lurdinha.org\\\/site\\\/conselheiros-da-sociedade-civil-no-conselho-municipal-de-politicas-culturais-para-a-gestao-2020-2021\\\/\"},\"author\":{\"name\":\"heraldo hb\",\"@id\":\"https:\\\/\\\/lurdinha.org\\\/site\\\/#\\\/schema\\\/person\\\/b833bb6a7f82598bf0e95e4c30874251\"},\"headline\":\"Conselheiros da sociedade civil no Conselho Municipal de Pol\u00edticas Culturais para a gest\u00e3o 2020\\\/2021\",\"datePublished\":\"2019-12-18T15:37:46+00:00\",\"dateModified\":\"2020-06-18T18:22:36+00:00\",\"mainEntityOfPage\":{\"@id\":\"https:\\\/\\\/lurdinha.org\\\/site\\\/conselheiros-da-sociedade-civil-no-conselho-municipal-de-politicas-culturais-para-a-gestao-2020-2021\\\/\"},\"wordCount\":300,\"commentCount\":0,\"publisher\":{\"@id\":\"https:\\\/\\\/lurdinha.org\\\/site\\\/#organization\"},\"keywords\":[\"conselheiros de cultura\",\"conselho municipal de cultura\",\"Conselho Municipal de Pol\u00edticas Culturais\",\"cultura\",\"Cultura Caxias\",\"duque-de-caxias\",\"pol\u00edtica cultural\",\"pol\u00edticas p\u00fablicas\"],\"articleSection\":[\"uma opini\u00e3o\"],\"inLanguage\":\"pt-BR\",\"potentialAction\":[{\"@type\":\"CommentAction\",\"name\":\"Comment\",\"target\":[\"https:\\\/\\\/lurdinha.org\\\/site\\\/conselheiros-da-sociedade-civil-no-conselho-municipal-de-politicas-culturais-para-a-gestao-2020-2021\\\/#respond\"]}]},{\"@type\":\"WebPage\",\"@id\":\"https:\\\/\\\/lurdinha.org\\\/site\\\/conselheiros-da-sociedade-civil-no-conselho-municipal-de-politicas-culturais-para-a-gestao-2020-2021\\\/\",\"url\":\"https:\\\/\\\/lurdinha.org\\\/site\\\/conselheiros-da-sociedade-civil-no-conselho-municipal-de-politicas-culturais-para-a-gestao-2020-2021\\\/\",\"name\":\"Conselheiros da sociedade civil no Conselho Municipal de Pol\u00edticas Culturais para a gest\u00e3o 2020\\\/2021 - Lurdinha - Duque de Caxias para Est\u00f4magos Fortes\",\"isPartOf\":{\"@id\":\"https:\\\/\\\/lurdinha.org\\\/site\\\/#website\"},\"datePublished\":\"2019-12-18T15:37:46+00:00\",\"dateModified\":\"2020-06-18T18:22:36+00:00\",\"breadcrumb\":{\"@id\":\"https:\\\/\\\/lurdinha.org\\\/site\\\/conselheiros-da-sociedade-civil-no-conselho-municipal-de-politicas-culturais-para-a-gestao-2020-2021\\\/#breadcrumb\"},\"inLanguage\":\"pt-BR\",\"potentialAction\":[{\"@type\":\"ReadAction\",\"target\":[\"https:\\\/\\\/lurdinha.org\\\/site\\\/conselheiros-da-sociedade-civil-no-conselho-municipal-de-politicas-culturais-para-a-gestao-2020-2021\\\/\"]}]},{\"@type\":\"BreadcrumbList\",\"@id\":\"https:\\\/\\\/lurdinha.org\\\/site\\\/conselheiros-da-sociedade-civil-no-conselho-municipal-de-politicas-culturais-para-a-gestao-2020-2021\\\/#breadcrumb\",\"itemListElement\":[{\"@type\":\"ListItem\",\"position\":1,\"name\":\"In\u00edcio\",\"item\":\"https:\\\/\\\/lurdinha.org\\\/site\\\/\"},{\"@type\":\"ListItem\",\"position\":2,\"name\":\"Conselheiros da sociedade civil no Conselho Municipal de Pol\u00edticas Culturais para a gest\u00e3o 2020\\\/2021\"}]},{\"@type\":\"WebSite\",\"@id\":\"https:\\\/\\\/lurdinha.org\\\/site\\\/#website\",\"url\":\"https:\\\/\\\/lurdinha.org\\\/site\\\/\",\"name\":\"Lurdinha - Duque de Caxias para Est\u00f4magos Fortes\",\"description\":\"Site sobre Arte, Cultura, Pol\u00edtica, Sociedade e curiosidades da cidade de Duque de Caxias, RJ\",\"publisher\":{\"@id\":\"https:\\\/\\\/lurdinha.org\\\/site\\\/#organization\"},\"alternateName\":\"Lurdinha\",\"potentialAction\":[{\"@type\":\"SearchAction\",\"target\":{\"@type\":\"EntryPoint\",\"urlTemplate\":\"https:\\\/\\\/lurdinha.org\\\/site\\\/?s={search_term_string}\"},\"query-input\":{\"@type\":\"PropertyValueSpecification\",\"valueRequired\":true,\"valueName\":\"search_term_string\"}}],\"inLanguage\":\"pt-BR\"},{\"@type\":\"Organization\",\"@id\":\"https:\\\/\\\/lurdinha.org\\\/site\\\/#organization\",\"name\":\"Lurdinha de Caxias\",\"url\":\"https:\\\/\\\/lurdinha.org\\\/site\\\/\",\"logo\":{\"@type\":\"ImageObject\",\"inLanguage\":\"pt-BR\",\"@id\":\"https:\\\/\\\/lurdinha.org\\\/site\\\/#\\\/schema\\\/logo\\\/image\\\/\",\"url\":\"https:\\\/\\\/lurdinha.org\\\/site\\\/wp-content\\\/uploads\\\/logo-lurdinha.jpg\",\"contentUrl\":\"https:\\\/\\\/lurdinha.org\\\/site\\\/wp-content\\\/uploads\\\/logo-lurdinha.jpg\",\"width\":640,\"height\":60,\"caption\":\"Lurdinha de Caxias\"},\"image\":{\"@id\":\"https:\\\/\\\/lurdinha.org\\\/site\\\/#\\\/schema\\\/logo\\\/image\\\/\"},\"sameAs\":[\"https:\\\/\\\/www.facebook.com\\\/LurdinhadeCaxias\",\"https:\\\/\\\/www.instagram.com\\\/lurdinhadecaxias\"]},{\"@type\":\"Person\",\"@id\":\"https:\\\/\\\/lurdinha.org\\\/site\\\/#\\\/schema\\\/person\\\/b833bb6a7f82598bf0e95e4c30874251\",\"name\":\"heraldo hb\",\"image\":{\"@type\":\"ImageObject\",\"inLanguage\":\"pt-BR\",\"@id\":\"https:\\\/\\\/secure.gravatar.com\\\/avatar\\\/5de9fe99c72cb6885bbdaa24b1c5738b0f673d265de18720fae7463d5f47b48d?s=96&d=mm&r=g\",\"url\":\"https:\\\/\\\/secure.gravatar.com\\\/avatar\\\/5de9fe99c72cb6885bbdaa24b1c5738b0f673d265de18720fae7463d5f47b48d?s=96&d=mm&r=g\",\"contentUrl\":\"https:\\\/\\\/secure.gravatar.com\\\/avatar\\\/5de9fe99c72cb6885bbdaa24b1c5738b0f673d265de18720fae7463d5f47b48d?s=96&d=mm&r=g\",\"caption\":\"heraldo hb\"},\"description\":\"Cineasta, animador cultural, escritor e educador nascido no s\u00e9culo XX\",\"sameAs\":[\"http:\\\/\\\/wwww.relinkare.org\",\"botocudo\",\"heraldohb\",\"relinkare\"],\"url\":\"https:\\\/\\\/lurdinha.org\\\/site\\\/author\\\/heraldohb\\\/\"}]}<\/script>\n<!-- \/ Yoast SEO plugin. -->","yoast_head_json":{"title":"Conselheiros da sociedade civil no Conselho Municipal de Pol\u00edticas Culturais para a gest\u00e3o 2020\/2021 - Lurdinha - Duque de Caxias para Est\u00f4magos Fortes","robots":{"index":"index","follow":"follow","max-snippet":"max-snippet:-1","max-image-preview":"max-image-preview:large","max-video-preview":"max-video-preview:-1"},"canonical":"https:\/\/lurdinha.org\/site\/conselheiros-da-sociedade-civil-no-conselho-municipal-de-politicas-culturais-para-a-gestao-2020-2021\/","og_locale":"pt_BR","og_type":"article","og_title":"Conselheiros da sociedade civil no Conselho Municipal de Pol\u00edticas Culturais para a gest\u00e3o 2020\/2021 - Lurdinha - Duque de Caxias para Est\u00f4magos Fortes","og_description":"Esta \u00e9 a lista dos membros eleitos pela sociedade civil na VIII Confer\u00eancia Municipal de...","og_url":"https:\/\/lurdinha.org\/site\/conselheiros-da-sociedade-civil-no-conselho-municipal-de-politicas-culturais-para-a-gestao-2020-2021\/","og_site_name":"Lurdinha - Duque de Caxias para Est\u00f4magos Fortes","article_publisher":"https:\/\/www.facebook.com\/LurdinhadeCaxias","article_author":"botocudo","article_published_time":"2019-12-18T15:37:46+00:00","article_modified_time":"2020-06-18T18:22:36+00:00","author":"heraldo hb","twitter_card":"summary_large_image","twitter_misc":{"Escrito por":"heraldo hb","Est. tempo de leitura":"1 minuto"},"schema":{"@context":"https:\/\/schema.org","@graph":[{"@type":"Article","@id":"https:\/\/lurdinha.org\/site\/conselheiros-da-sociedade-civil-no-conselho-municipal-de-politicas-culturais-para-a-gestao-2020-2021\/#article","isPartOf":{"@id":"https:\/\/lurdinha.org\/site\/conselheiros-da-sociedade-civil-no-conselho-municipal-de-politicas-culturais-para-a-gestao-2020-2021\/"},"author":{"name":"heraldo hb","@id":"https:\/\/lurdinha.org\/site\/#\/schema\/person\/b833bb6a7f82598bf0e95e4c30874251"},"headline":"Conselheiros da sociedade civil no Conselho Municipal de Pol\u00edticas Culturais para a gest\u00e3o 2020\/2021","datePublished":"2019-12-18T15:37:46+00:00","dateModified":"2020-06-18T18:22:36+00:00","mainEntityOfPage":{"@id":"https:\/\/lurdinha.org\/site\/conselheiros-da-sociedade-civil-no-conselho-municipal-de-politicas-culturais-para-a-gestao-2020-2021\/"},"wordCount":300,"commentCount":0,"publisher":{"@id":"https:\/\/lurdinha.org\/site\/#organization"},"keywords":["conselheiros de cultura","conselho municipal de cultura","Conselho Municipal de Pol\u00edticas Culturais","cultura","Cultura Caxias","duque-de-caxias","pol\u00edtica cultural","pol\u00edticas p\u00fablicas"],"articleSection":["uma opini\u00e3o"],"inLanguage":"pt-BR","potentialAction":[{"@type":"CommentAction","name":"Comment","target":["https:\/\/lurdinha.org\/site\/conselheiros-da-sociedade-civil-no-conselho-municipal-de-politicas-culturais-para-a-gestao-2020-2021\/#respond"]}]},{"@type":"WebPage","@id":"https:\/\/lurdinha.org\/site\/conselheiros-da-sociedade-civil-no-conselho-municipal-de-politicas-culturais-para-a-gestao-2020-2021\/","url":"https:\/\/lurdinha.org\/site\/conselheiros-da-sociedade-civil-no-conselho-municipal-de-politicas-culturais-para-a-gestao-2020-2021\/","name":"Conselheiros da sociedade civil no Conselho Municipal de Pol\u00edticas Culturais para a gest\u00e3o 2020\/2021 - Lurdinha - Duque de Caxias para Est\u00f4magos Fortes","isPartOf":{"@id":"https:\/\/lurdinha.org\/site\/#website"},"datePublished":"2019-12-18T15:37:46+00:00","dateModified":"2020-06-18T18:22:36+00:00","breadcrumb":{"@id":"https:\/\/lurdinha.org\/site\/conselheiros-da-sociedade-civil-no-conselho-municipal-de-politicas-culturais-para-a-gestao-2020-2021\/#breadcrumb"},"inLanguage":"pt-BR","potentialAction":[{"@type":"ReadAction","target":["https:\/\/lurdinha.org\/site\/conselheiros-da-sociedade-civil-no-conselho-municipal-de-politicas-culturais-para-a-gestao-2020-2021\/"]}]},{"@type":"BreadcrumbList","@id":"https:\/\/lurdinha.org\/site\/conselheiros-da-sociedade-civil-no-conselho-municipal-de-politicas-culturais-para-a-gestao-2020-2021\/#breadcrumb","itemListElement":[{"@type":"ListItem","position":1,"name":"In\u00edcio","item":"https:\/\/lurdinha.org\/site\/"},{"@type":"ListItem","position":2,"name":"Conselheiros da sociedade civil no Conselho Municipal de Pol\u00edticas Culturais para a gest\u00e3o 2020\/2021"}]},{"@type":"WebSite","@id":"https:\/\/lurdinha.org\/site\/#website","url":"https:\/\/lurdinha.org\/site\/","name":"Lurdinha - Duque de Caxias para Est\u00f4magos Fortes","description":"Site sobre Arte, Cultura, Pol\u00edtica, Sociedade e curiosidades da cidade de Duque de Caxias, RJ","publisher":{"@id":"https:\/\/lurdinha.org\/site\/#organization"},"alternateName":"Lurdinha","potentialAction":[{"@type":"SearchAction","target":{"@type":"EntryPoint","urlTemplate":"https:\/\/lurdinha.org\/site\/?s={search_term_string}"},"query-input":{"@type":"PropertyValueSpecification","valueRequired":true,"valueName":"search_term_string"}}],"inLanguage":"pt-BR"},{"@type":"Organization","@id":"https:\/\/lurdinha.org\/site\/#organization","name":"Lurdinha de Caxias","url":"https:\/\/lurdinha.org\/site\/","logo":{"@type":"ImageObject","inLanguage":"pt-BR","@id":"https:\/\/lurdinha.org\/site\/#\/schema\/logo\/image\/","url":"https:\/\/lurdinha.org\/site\/wp-content\/uploads\/logo-lurdinha.jpg","contentUrl":"https:\/\/lurdinha.org\/site\/wp-content\/uploads\/logo-lurdinha.jpg","width":640,"height":60,"caption":"Lurdinha de Caxias"},"image":{"@id":"https:\/\/lurdinha.org\/site\/#\/schema\/logo\/image\/"},"sameAs":["https:\/\/www.facebook.com\/LurdinhadeCaxias","https:\/\/www.instagram.com\/lurdinhadecaxias"]},{"@type":"Person","@id":"https:\/\/lurdinha.org\/site\/#\/schema\/person\/b833bb6a7f82598bf0e95e4c30874251","name":"heraldo hb","image":{"@type":"ImageObject","inLanguage":"pt-BR","@id":"https:\/\/secure.gravatar.com\/avatar\/5de9fe99c72cb6885bbdaa24b1c5738b0f673d265de18720fae7463d5f47b48d?s=96&d=mm&r=g","url":"https:\/\/secure.gravatar.com\/avatar\/5de9fe99c72cb6885bbdaa24b1c5738b0f673d265de18720fae7463d5f47b48d?s=96&d=mm&r=g","contentUrl":"https:\/\/secure.gravatar.com\/avatar\/5de9fe99c72cb6885bbdaa24b1c5738b0f673d265de18720fae7463d5f47b48d?s=96&d=mm&r=g","caption":"heraldo hb"},"description":"Cineasta, animador cultural, escritor e educador nascido no s\u00e9culo XX","sameAs":["http:\/\/wwww.relinkare.org","botocudo","heraldohb","relinkare"],"url":"https:\/\/lurdinha.org\/site\/author\/heraldohb\/"}]}},"views":1333,"_links":{"self":[{"href":"https:\/\/lurdinha.org\/site\/wp-json\/wp\/v2\/posts\/8906","targetHints":{"allow":["GET"]}}],"collection":[{"href":"https:\/\/lurdinha.org\/site\/wp-json\/wp\/v2\/posts"}],"about":[{"href":"https:\/\/lurdinha.org\/site\/wp-json\/wp\/v2\/types\/post"}],"author":[{"embeddable":true,"href":"https:\/\/lurdinha.org\/site\/wp-json\/wp\/v2\/users\/2"}],"replies":[{"embeddable":true,"href":"https:\/\/lurdinha.org\/site\/wp-json\/wp\/v2\/comments?post=8906"}],"version-history":[{"count":11,"href":"https:\/\/lurdinha.org\/site\/wp-json\/wp\/v2\/posts\/8906\/revisions"}],"predecessor-version":[{"id":8917,"href":"https:\/\/lurdinha.org\/site\/wp-json\/wp\/v2\/posts\/8906\/revisions\/8917"}],"wp:attachment":[{"href":"https:\/\/lurdinha.org\/site\/wp-json\/wp\/v2\/media?parent=8906"}],"wp:term":[{"taxonomy":"category","embeddable":true,"href":"https:\/\/lurdinha.org\/site\/wp-json\/wp\/v2\/categories?post=8906"},{"taxonomy":"post_tag","embeddable":true,"href":"https:\/\/lurdinha.org\/site\/wp-json\/wp\/v2\/tags?post=8906"}],"curies":[{"name":"wp","href":"https:\/\/api.w.org\/{rel}","templated":true}]}}