{"id":8904,"date":"2017-10-18T13:45:43","date_gmt":"2017-10-18T13:45:43","guid":{"rendered":"https:\/\/lurdinha.org\/site\/?p=8904"},"modified":"2020-06-18T13:47:04","modified_gmt":"2020-06-18T13:47:04","slug":"conselho-municipal-de-politica-cultural-de-duque-de-caxias-composicao","status":"publish","type":"post","link":"https:\/\/lurdinha.org\/site\/conselho-municipal-de-politica-cultural-de-duque-de-caxias-composicao\/","title":{"rendered":"Conselho Municipal de Pol\u00edtica Cultural de Duque de Caxias &#8211; composi\u00e7\u00e3o"},"content":{"rendered":"<p>O <strong>Conselho Municipal de Pol\u00edtica Cultural de Duque de Caxias<\/strong> ser\u00e1 composto por 22 (vinte e dois) membros e seus respectivos suplentes, com 11 (onze) representantes governamentais \u2013 Poder P\u00fablico Municipal &#8211; e 11 (onze) representantes da sociedade civil, distribu\u00eddos da seguinte forma de acordo com a art. 5\u00ba Lei 2.834\/2017:<\/p>\n<p><strong>GOVERNAMENTAIS<\/strong>, representantes do Poder P\u00fablico Municipal, assim discriminados:<br \/>\na) 2 (dois) membros da Secretaria Municipal respons\u00e1vel pelas Pol\u00edticas P\u00fablicas de Cultura;<br \/>\nb) 1 (um) membro da Secretaria Municipal respons\u00e1vel pela Comunica\u00e7\u00e3o;<br \/>\nc) 1 (um) membro da Secretaria Municipal respons\u00e1vel pelas Pol\u00edticas P\u00fablicas de Assist\u00eancia Social;<br \/>\nd) 1(um) membro da Secretaria Municipal respons\u00e1vel pelas Pol\u00edticas P\u00fablicas de Educa\u00e7\u00e3o;<br \/>\ne) 1(um) membro da Secretaria Municipal respons\u00e1vel pelas Pol\u00edticas P\u00fablicas de Meio Ambiente;<br \/>\nf) 1(um) membro da Secretaria Municipal respons\u00e1vel pelas Pol\u00edticas P\u00fablicas de Esportes;<br \/>\ng) 1(um) membro da Secretaria Municipal respons\u00e1vel pelas Pol\u00edticas P\u00fablicas de Urbanismo;<br \/>\nh) 1(um) membro da Secretaria Municipal de Fazenda;<br \/>\ni) 1(um) membro da Funda\u00e7\u00e3o de Apoio \u00e0 Escola T\u00e9cnica, Ci\u00eancia, Tecnologia, Esporte, Lazer, Cultura e Pol\u00edticas Sociais de Duque de Caxias \u2013 FUNDEC \u2013; e<br \/>\nj) 1(um) membro da C\u00e2mara de Vereadores.<\/p>\n<p><strong>SOCIEDADE CIVIL:<\/strong><br \/>\na) 1(um) membro para a Cadeira de M\u00fasica;<br \/>\nb) 1(um) membro para a Cadeira de Artes Pl\u00e1sticas ou Visuais;<br \/>\nc) 1(um) membro para a Cadeira de Artes C\u00eanicas (teatro e circo);<br \/>\nd) 1(um) membro para a Cadeira de Dan\u00e7a;<br \/>\ne) 1(um) membro para a Cadeira de Audiovisual;<br \/>\nf) \u00a01(um) membro para a Cadeira de Artesanato;<br \/>\ng) 1(um) membro para a Cadeira de Literatura, Bibliotecas e Salas de Leitura;<br \/>\nh) 1(um) membro para a Cadeira de Hist\u00f3ria, Patrim\u00f4nio Arqueol\u00f3gico, Arquitet\u00f4nico, Art\u00edstico e Cultural;<br \/>\ni) 1(um) membro para a Cadeira de Culturas Populares;<br \/>\nj) 1(um) membro para a Cadeira de Culturas Afro-Brasileiras ou de Povos Ind\u00edgenas; e<br \/>\nk) 1(um) membro para a Cadeira de Produtores Culturais.<\/p>\n","protected":false},"excerpt":{"rendered":"<p>O Conselho Municipal de Pol\u00edtica Cultural de Duque de Caxias ser\u00e1 composto por 22 (vinte&#8230;<\/p>\n","protected":false},"author":2,"featured_media":0,"comment_status":"open","ping_status":"closed","sticky":false,"template":"","format":"standard","meta":{"footnotes":""},"categories":[14],"tags":[1159,726,210,472,11,834],"class_list":["post-8904","post","type-post","status-publish","format-standard","hentry","category-gente","tag-cmpc","tag-conselho-municipal-de-cultura","tag-cultura","tag-cultura-caxias","tag-duque-de-caxias","tag-politicas-publicas"],"yoast_head":"<!-- This site is optimized with the Yoast SEO plugin v27.5 - https:\/\/yoast.com\/product\/yoast-seo-wordpress\/ -->\n<title>Conselho Municipal de Pol\u00edtica Cultural de Duque de Caxias - composi\u00e7\u00e3o - Lurdinha - Duque de Caxias para Est\u00f4magos Fortes<\/title>\n<meta name=\"robots\" content=\"index, follow, max-snippet:-1, max-image-preview:large, max-video-preview:-1\" \/>\n<link rel=\"canonical\" href=\"https:\/\/lurdinha.org\/site\/conselho-municipal-de-politica-cultural-de-duque-de-caxias-composicao\/\" \/>\n<meta property=\"og:locale\" content=\"pt_BR\" \/>\n<meta property=\"og:type\" content=\"article\" \/>\n<meta property=\"og:title\" content=\"Conselho Municipal de Pol\u00edtica Cultural de Duque de Caxias - composi\u00e7\u00e3o - Lurdinha - Duque de Caxias para Est\u00f4magos Fortes\" \/>\n<meta property=\"og:description\" content=\"O Conselho Municipal de Pol\u00edtica Cultural de Duque de Caxias ser\u00e1 composto por 22 (vinte...\" \/>\n<meta property=\"og:url\" content=\"https:\/\/lurdinha.org\/site\/conselho-municipal-de-politica-cultural-de-duque-de-caxias-composicao\/\" \/>\n<meta property=\"og:site_name\" content=\"Lurdinha - Duque de Caxias para Est\u00f4magos Fortes\" \/>\n<meta property=\"article:publisher\" content=\"https:\/\/www.facebook.com\/LurdinhadeCaxias\" \/>\n<meta property=\"article:author\" content=\"botocudo\" \/>\n<meta property=\"article:published_time\" content=\"2017-10-18T13:45:43+00:00\" \/>\n<meta property=\"article:modified_time\" content=\"2020-06-18T13:47:04+00:00\" \/>\n<meta name=\"author\" content=\"heraldo hb\" \/>\n<meta name=\"twitter:card\" content=\"summary_large_image\" \/>\n<meta name=\"twitter:label1\" content=\"Escrito por\" \/>\n\t<meta name=\"twitter:data1\" content=\"heraldo hb\" \/>\n\t<meta name=\"twitter:label2\" content=\"Est. tempo de leitura\" \/>\n\t<meta name=\"twitter:data2\" content=\"2 minutos\" \/>\n<script type=\"application\/ld+json\" class=\"yoast-schema-graph\">{\"@context\":\"https:\\\/\\\/schema.org\",\"@graph\":[{\"@type\":\"Article\",\"@id\":\"https:\\\/\\\/lurdinha.org\\\/site\\\/conselho-municipal-de-politica-cultural-de-duque-de-caxias-composicao\\\/#article\",\"isPartOf\":{\"@id\":\"https:\\\/\\\/lurdinha.org\\\/site\\\/conselho-municipal-de-politica-cultural-de-duque-de-caxias-composicao\\\/\"},\"author\":{\"name\":\"heraldo hb\",\"@id\":\"https:\\\/\\\/lurdinha.org\\\/site\\\/#\\\/schema\\\/person\\\/b833bb6a7f82598bf0e95e4c30874251\"},\"headline\":\"Conselho Municipal de Pol\u00edtica Cultural de Duque de Caxias &#8211; composi\u00e7\u00e3o\",\"datePublished\":\"2017-10-18T13:45:43+00:00\",\"dateModified\":\"2020-06-18T13:47:04+00:00\",\"mainEntityOfPage\":{\"@id\":\"https:\\\/\\\/lurdinha.org\\\/site\\\/conselho-municipal-de-politica-cultural-de-duque-de-caxias-composicao\\\/\"},\"wordCount\":344,\"commentCount\":0,\"publisher\":{\"@id\":\"https:\\\/\\\/lurdinha.org\\\/site\\\/#organization\"},\"keywords\":[\"cmpc\",\"conselho municipal de cultura\",\"cultura\",\"Cultura Caxias\",\"duque-de-caxias\",\"pol\u00edticas p\u00fablicas\"],\"articleSection\":[\"gente\"],\"inLanguage\":\"pt-BR\",\"potentialAction\":[{\"@type\":\"CommentAction\",\"name\":\"Comment\",\"target\":[\"https:\\\/\\\/lurdinha.org\\\/site\\\/conselho-municipal-de-politica-cultural-de-duque-de-caxias-composicao\\\/#respond\"]}]},{\"@type\":\"WebPage\",\"@id\":\"https:\\\/\\\/lurdinha.org\\\/site\\\/conselho-municipal-de-politica-cultural-de-duque-de-caxias-composicao\\\/\",\"url\":\"https:\\\/\\\/lurdinha.org\\\/site\\\/conselho-municipal-de-politica-cultural-de-duque-de-caxias-composicao\\\/\",\"name\":\"Conselho Municipal de Pol\u00edtica Cultural de Duque de Caxias - composi\u00e7\u00e3o - Lurdinha - Duque de Caxias para Est\u00f4magos Fortes\",\"isPartOf\":{\"@id\":\"https:\\\/\\\/lurdinha.org\\\/site\\\/#website\"},\"datePublished\":\"2017-10-18T13:45:43+00:00\",\"dateModified\":\"2020-06-18T13:47:04+00:00\",\"breadcrumb\":{\"@id\":\"https:\\\/\\\/lurdinha.org\\\/site\\\/conselho-municipal-de-politica-cultural-de-duque-de-caxias-composicao\\\/#breadcrumb\"},\"inLanguage\":\"pt-BR\",\"potentialAction\":[{\"@type\":\"ReadAction\",\"target\":[\"https:\\\/\\\/lurdinha.org\\\/site\\\/conselho-municipal-de-politica-cultural-de-duque-de-caxias-composicao\\\/\"]}]},{\"@type\":\"BreadcrumbList\",\"@id\":\"https:\\\/\\\/lurdinha.org\\\/site\\\/conselho-municipal-de-politica-cultural-de-duque-de-caxias-composicao\\\/#breadcrumb\",\"itemListElement\":[{\"@type\":\"ListItem\",\"position\":1,\"name\":\"In\u00edcio\",\"item\":\"https:\\\/\\\/lurdinha.org\\\/site\\\/\"},{\"@type\":\"ListItem\",\"position\":2,\"name\":\"Conselho Municipal de Pol\u00edtica Cultural de Duque de Caxias &#8211; composi\u00e7\u00e3o\"}]},{\"@type\":\"WebSite\",\"@id\":\"https:\\\/\\\/lurdinha.org\\\/site\\\/#website\",\"url\":\"https:\\\/\\\/lurdinha.org\\\/site\\\/\",\"name\":\"Lurdinha - Duque de Caxias para Est\u00f4magos Fortes\",\"description\":\"Site sobre Arte, Cultura, Pol\u00edtica, Sociedade e curiosidades da cidade de Duque de Caxias, RJ\",\"publisher\":{\"@id\":\"https:\\\/\\\/lurdinha.org\\\/site\\\/#organization\"},\"alternateName\":\"Lurdinha\",\"potentialAction\":[{\"@type\":\"SearchAction\",\"target\":{\"@type\":\"EntryPoint\",\"urlTemplate\":\"https:\\\/\\\/lurdinha.org\\\/site\\\/?s={search_term_string}\"},\"query-input\":{\"@type\":\"PropertyValueSpecification\",\"valueRequired\":true,\"valueName\":\"search_term_string\"}}],\"inLanguage\":\"pt-BR\"},{\"@type\":\"Organization\",\"@id\":\"https:\\\/\\\/lurdinha.org\\\/site\\\/#organization\",\"name\":\"Lurdinha de Caxias\",\"url\":\"https:\\\/\\\/lurdinha.org\\\/site\\\/\",\"logo\":{\"@type\":\"ImageObject\",\"inLanguage\":\"pt-BR\",\"@id\":\"https:\\\/\\\/lurdinha.org\\\/site\\\/#\\\/schema\\\/logo\\\/image\\\/\",\"url\":\"https:\\\/\\\/lurdinha.org\\\/site\\\/wp-content\\\/uploads\\\/logo-lurdinha.jpg\",\"contentUrl\":\"https:\\\/\\\/lurdinha.org\\\/site\\\/wp-content\\\/uploads\\\/logo-lurdinha.jpg\",\"width\":640,\"height\":60,\"caption\":\"Lurdinha de Caxias\"},\"image\":{\"@id\":\"https:\\\/\\\/lurdinha.org\\\/site\\\/#\\\/schema\\\/logo\\\/image\\\/\"},\"sameAs\":[\"https:\\\/\\\/www.facebook.com\\\/LurdinhadeCaxias\",\"https:\\\/\\\/www.instagram.com\\\/lurdinhadecaxias\"]},{\"@type\":\"Person\",\"@id\":\"https:\\\/\\\/lurdinha.org\\\/site\\\/#\\\/schema\\\/person\\\/b833bb6a7f82598bf0e95e4c30874251\",\"name\":\"heraldo hb\",\"image\":{\"@type\":\"ImageObject\",\"inLanguage\":\"pt-BR\",\"@id\":\"https:\\\/\\\/secure.gravatar.com\\\/avatar\\\/5de9fe99c72cb6885bbdaa24b1c5738b0f673d265de18720fae7463d5f47b48d?s=96&d=mm&r=g\",\"url\":\"https:\\\/\\\/secure.gravatar.com\\\/avatar\\\/5de9fe99c72cb6885bbdaa24b1c5738b0f673d265de18720fae7463d5f47b48d?s=96&d=mm&r=g\",\"contentUrl\":\"https:\\\/\\\/secure.gravatar.com\\\/avatar\\\/5de9fe99c72cb6885bbdaa24b1c5738b0f673d265de18720fae7463d5f47b48d?s=96&d=mm&r=g\",\"caption\":\"heraldo hb\"},\"description\":\"Cineasta, animador cultural, escritor e educador nascido no s\u00e9culo XX\",\"sameAs\":[\"http:\\\/\\\/wwww.relinkare.org\",\"botocudo\",\"heraldohb\",\"relinkare\"],\"url\":\"https:\\\/\\\/lurdinha.org\\\/site\\\/author\\\/heraldohb\\\/\"}]}<\/script>\n<!-- \/ Yoast SEO plugin. -->","yoast_head_json":{"title":"Conselho Municipal de Pol\u00edtica Cultural de Duque de Caxias - composi\u00e7\u00e3o - Lurdinha - Duque de Caxias para Est\u00f4magos Fortes","robots":{"index":"index","follow":"follow","max-snippet":"max-snippet:-1","max-image-preview":"max-image-preview:large","max-video-preview":"max-video-preview:-1"},"canonical":"https:\/\/lurdinha.org\/site\/conselho-municipal-de-politica-cultural-de-duque-de-caxias-composicao\/","og_locale":"pt_BR","og_type":"article","og_title":"Conselho Municipal de Pol\u00edtica Cultural de Duque de Caxias - composi\u00e7\u00e3o - Lurdinha - Duque de Caxias para Est\u00f4magos Fortes","og_description":"O Conselho Municipal de Pol\u00edtica Cultural de Duque de Caxias ser\u00e1 composto por 22 (vinte...","og_url":"https:\/\/lurdinha.org\/site\/conselho-municipal-de-politica-cultural-de-duque-de-caxias-composicao\/","og_site_name":"Lurdinha - Duque de Caxias para Est\u00f4magos Fortes","article_publisher":"https:\/\/www.facebook.com\/LurdinhadeCaxias","article_author":"botocudo","article_published_time":"2017-10-18T13:45:43+00:00","article_modified_time":"2020-06-18T13:47:04+00:00","author":"heraldo hb","twitter_card":"summary_large_image","twitter_misc":{"Escrito por":"heraldo hb","Est. tempo de leitura":"2 minutos"},"schema":{"@context":"https:\/\/schema.org","@graph":[{"@type":"Article","@id":"https:\/\/lurdinha.org\/site\/conselho-municipal-de-politica-cultural-de-duque-de-caxias-composicao\/#article","isPartOf":{"@id":"https:\/\/lurdinha.org\/site\/conselho-municipal-de-politica-cultural-de-duque-de-caxias-composicao\/"},"author":{"name":"heraldo hb","@id":"https:\/\/lurdinha.org\/site\/#\/schema\/person\/b833bb6a7f82598bf0e95e4c30874251"},"headline":"Conselho Municipal de Pol\u00edtica Cultural de Duque de Caxias &#8211; composi\u00e7\u00e3o","datePublished":"2017-10-18T13:45:43+00:00","dateModified":"2020-06-18T13:47:04+00:00","mainEntityOfPage":{"@id":"https:\/\/lurdinha.org\/site\/conselho-municipal-de-politica-cultural-de-duque-de-caxias-composicao\/"},"wordCount":344,"commentCount":0,"publisher":{"@id":"https:\/\/lurdinha.org\/site\/#organization"},"keywords":["cmpc","conselho municipal de cultura","cultura","Cultura Caxias","duque-de-caxias","pol\u00edticas p\u00fablicas"],"articleSection":["gente"],"inLanguage":"pt-BR","potentialAction":[{"@type":"CommentAction","name":"Comment","target":["https:\/\/lurdinha.org\/site\/conselho-municipal-de-politica-cultural-de-duque-de-caxias-composicao\/#respond"]}]},{"@type":"WebPage","@id":"https:\/\/lurdinha.org\/site\/conselho-municipal-de-politica-cultural-de-duque-de-caxias-composicao\/","url":"https:\/\/lurdinha.org\/site\/conselho-municipal-de-politica-cultural-de-duque-de-caxias-composicao\/","name":"Conselho Municipal de Pol\u00edtica Cultural de Duque de Caxias - composi\u00e7\u00e3o - Lurdinha - Duque de Caxias para Est\u00f4magos Fortes","isPartOf":{"@id":"https:\/\/lurdinha.org\/site\/#website"},"datePublished":"2017-10-18T13:45:43+00:00","dateModified":"2020-06-18T13:47:04+00:00","breadcrumb":{"@id":"https:\/\/lurdinha.org\/site\/conselho-municipal-de-politica-cultural-de-duque-de-caxias-composicao\/#breadcrumb"},"inLanguage":"pt-BR","potentialAction":[{"@type":"ReadAction","target":["https:\/\/lurdinha.org\/site\/conselho-municipal-de-politica-cultural-de-duque-de-caxias-composicao\/"]}]},{"@type":"BreadcrumbList","@id":"https:\/\/lurdinha.org\/site\/conselho-municipal-de-politica-cultural-de-duque-de-caxias-composicao\/#breadcrumb","itemListElement":[{"@type":"ListItem","position":1,"name":"In\u00edcio","item":"https:\/\/lurdinha.org\/site\/"},{"@type":"ListItem","position":2,"name":"Conselho Municipal de Pol\u00edtica Cultural de Duque de Caxias &#8211; composi\u00e7\u00e3o"}]},{"@type":"WebSite","@id":"https:\/\/lurdinha.org\/site\/#website","url":"https:\/\/lurdinha.org\/site\/","name":"Lurdinha - Duque de Caxias para Est\u00f4magos Fortes","description":"Site sobre Arte, Cultura, Pol\u00edtica, Sociedade e curiosidades da cidade de Duque de Caxias, RJ","publisher":{"@id":"https:\/\/lurdinha.org\/site\/#organization"},"alternateName":"Lurdinha","potentialAction":[{"@type":"SearchAction","target":{"@type":"EntryPoint","urlTemplate":"https:\/\/lurdinha.org\/site\/?s={search_term_string}"},"query-input":{"@type":"PropertyValueSpecification","valueRequired":true,"valueName":"search_term_string"}}],"inLanguage":"pt-BR"},{"@type":"Organization","@id":"https:\/\/lurdinha.org\/site\/#organization","name":"Lurdinha de Caxias","url":"https:\/\/lurdinha.org\/site\/","logo":{"@type":"ImageObject","inLanguage":"pt-BR","@id":"https:\/\/lurdinha.org\/site\/#\/schema\/logo\/image\/","url":"https:\/\/lurdinha.org\/site\/wp-content\/uploads\/logo-lurdinha.jpg","contentUrl":"https:\/\/lurdinha.org\/site\/wp-content\/uploads\/logo-lurdinha.jpg","width":640,"height":60,"caption":"Lurdinha de Caxias"},"image":{"@id":"https:\/\/lurdinha.org\/site\/#\/schema\/logo\/image\/"},"sameAs":["https:\/\/www.facebook.com\/LurdinhadeCaxias","https:\/\/www.instagram.com\/lurdinhadecaxias"]},{"@type":"Person","@id":"https:\/\/lurdinha.org\/site\/#\/schema\/person\/b833bb6a7f82598bf0e95e4c30874251","name":"heraldo hb","image":{"@type":"ImageObject","inLanguage":"pt-BR","@id":"https:\/\/secure.gravatar.com\/avatar\/5de9fe99c72cb6885bbdaa24b1c5738b0f673d265de18720fae7463d5f47b48d?s=96&d=mm&r=g","url":"https:\/\/secure.gravatar.com\/avatar\/5de9fe99c72cb6885bbdaa24b1c5738b0f673d265de18720fae7463d5f47b48d?s=96&d=mm&r=g","contentUrl":"https:\/\/secure.gravatar.com\/avatar\/5de9fe99c72cb6885bbdaa24b1c5738b0f673d265de18720fae7463d5f47b48d?s=96&d=mm&r=g","caption":"heraldo hb"},"description":"Cineasta, animador cultural, escritor e educador nascido no s\u00e9culo XX","sameAs":["http:\/\/wwww.relinkare.org","botocudo","heraldohb","relinkare"],"url":"https:\/\/lurdinha.org\/site\/author\/heraldohb\/"}]}},"views":1348,"_links":{"self":[{"href":"https:\/\/lurdinha.org\/site\/wp-json\/wp\/v2\/posts\/8904","targetHints":{"allow":["GET"]}}],"collection":[{"href":"https:\/\/lurdinha.org\/site\/wp-json\/wp\/v2\/posts"}],"about":[{"href":"https:\/\/lurdinha.org\/site\/wp-json\/wp\/v2\/types\/post"}],"author":[{"embeddable":true,"href":"https:\/\/lurdinha.org\/site\/wp-json\/wp\/v2\/users\/2"}],"replies":[{"embeddable":true,"href":"https:\/\/lurdinha.org\/site\/wp-json\/wp\/v2\/comments?post=8904"}],"version-history":[{"count":1,"href":"https:\/\/lurdinha.org\/site\/wp-json\/wp\/v2\/posts\/8904\/revisions"}],"predecessor-version":[{"id":8905,"href":"https:\/\/lurdinha.org\/site\/wp-json\/wp\/v2\/posts\/8904\/revisions\/8905"}],"wp:attachment":[{"href":"https:\/\/lurdinha.org\/site\/wp-json\/wp\/v2\/media?parent=8904"}],"wp:term":[{"taxonomy":"category","embeddable":true,"href":"https:\/\/lurdinha.org\/site\/wp-json\/wp\/v2\/categories?post=8904"},{"taxonomy":"post_tag","embeddable":true,"href":"https:\/\/lurdinha.org\/site\/wp-json\/wp\/v2\/tags?post=8904"}],"curies":[{"name":"wp","href":"https:\/\/api.w.org\/{rel}","templated":true}]}}