{"id":8884,"date":"2020-06-15T18:36:05","date_gmt":"2020-06-15T18:36:05","guid":{"rendered":"https:\/\/lurdinha.org\/site\/?p=8884"},"modified":"2020-06-19T01:10:00","modified_gmt":"2020-06-19T01:10:00","slug":"o-povo-exige-eleicoes-diretas-cordel-do-jornalista-eldemar-de-souza-um-convite-do-tunel-do-tempo","status":"publish","type":"post","link":"https:\/\/lurdinha.org\/site\/o-povo-exige-eleicoes-diretas-cordel-do-jornalista-eldemar-de-souza-um-convite-do-tunel-do-tempo\/","title":{"rendered":"O Povo Exige Elei\u00e7\u00f5es Diretas, cordel do jornalista Eldemar de Souza, um convite direto do t\u00fanel do tempo"},"content":{"rendered":"<p><img loading=\"lazy\" decoding=\"async\" class=\"alignnone size-full wp-image-8886\" src=\"https:\/\/lurdinha.org\/site\/wp-content\/uploads\/eldemar-o-povo-exige-eleicoes-diretas.jpg\" alt=\"cordel O Povo Exige Elei\u00e7\u00f5es Diretas, do jornalista e poeta Eldemar de Souza\" width=\"800\" height=\"608\" srcset=\"https:\/\/lurdinha.org\/site\/wp-content\/uploads\/eldemar-o-povo-exige-eleicoes-diretas.jpg 800w, https:\/\/lurdinha.org\/site\/wp-content\/uploads\/eldemar-o-povo-exige-eleicoes-diretas-300x228.jpg 300w, https:\/\/lurdinha.org\/site\/wp-content\/uploads\/eldemar-o-povo-exige-eleicoes-diretas-610x464.jpg 610w, https:\/\/lurdinha.org\/site\/wp-content\/uploads\/eldemar-o-povo-exige-eleicoes-diretas-768x584.jpg 768w\" sizes=\"auto, (max-width: 800px) 100vw, 800px\" \/><\/p>\n<p>Olha isso: nosso amigo <a href=\"https:\/\/lurdinha.org\/site\/author\/compulsor\/\"><strong>Ricardo Villa Verde<\/strong><\/a> estava em casa dia desses e ao abrir pela primeira vez um livro que comprou em um sebo h\u00e1 mais de 10 anos deu de cara com esse panfleto. \u00c9 uma chamada para o lan\u00e7amento do cordel <strong>O Povo Exige Elei\u00e7\u00f5es Diretas<\/strong>, do jornalista e poeta <a href=\"https:\/\/lurdinha.org\/site\/author\/eldemarsouza\/\"><strong>Eldemar de Souza<\/strong><\/a>, de 1984. O convite, impresso em tipografia, se encontra em perfeito estado.<\/p>\n<p>O achado, al\u00e9m de ser uma curiosa viagem no tempo, diz muito sobre a cidade, principalmente algo que falamos aqui: a voca\u00e7\u00e3o pol\u00edtica de Caxias \u00e9 intensa e j\u00e1 foi bem mais efervescente e reconhecida. O caldo de mobiliza\u00e7\u00e3o do movimento nacional pelas Diretas nasceu aqui na cidade, por exemplo.<\/p>\n<p>Eldemar, que \u00e9 do time de colaboradores da Lurdinha escreveu em rede social sobre o achado:<\/p>\n<p>\u201c<em>Trinta e seis anos se passaram. Olhando atentamente esse convite, em poucos minutos pude observar algumas coisas interessantes e outras, nem tanto assim.<\/em><\/p>\n<p><em>1) A data: 16 de mar\u00e7o de 1984. A mesma em que comecei a trabalhar na Assessoria de Comunica\u00e7\u00e3o da Petrotur, em1995, e que realmente me caiu a ficha quanto aos perigos da Covid, em 2020.<\/em><\/p>\n<p><em>2) J\u00e1 n\u00e3o existem mais a gr\u00e1fica que imprimiu o livro e doou os convites como b\u00f4nus, o bar onde houve o lan\u00e7amento e, tamb\u00e9m, nenhum exemplar desse livro em minhas m\u00e3os.<\/em><\/p>\n<p><em>3) O lan\u00e7amento se deu 40 dias exatos, antes da vota\u00e7\u00e3o da Emenda Constitucional Dante de Oliveira, que foi derrotada na C\u00e2mara pelos abutres de sempre &#8211; 25 de abril de 1984.<\/em><\/p>\n<p><em>4) Trinta e seis anos depois de toda uma intensa mobiliza\u00e7\u00e3o pela restaura\u00e7\u00e3o da Democracia, vemos o Brasil \u00e0s voltas com mobiliza\u00e7\u00f5es pela manuten\u00e7\u00e3o desta mesma Democracia, conquistada com sangue, suor e l\u00e1grimas.<\/em> \u201c<\/p>\n<p><img loading=\"lazy\" decoding=\"async\" class=\"alignnone size-full wp-image-8885\" src=\"https:\/\/lurdinha.org\/site\/wp-content\/uploads\/eldemar-o-povo-exige-eleicoesdiretas.jpg\" alt=\"\" width=\"536\" height=\"940\" srcset=\"https:\/\/lurdinha.org\/site\/wp-content\/uploads\/eldemar-o-povo-exige-eleicoesdiretas.jpg 536w, https:\/\/lurdinha.org\/site\/wp-content\/uploads\/eldemar-o-povo-exige-eleicoesdiretas-171x300.jpg 171w\" sizes=\"auto, (max-width: 536px) 100vw, 536px\" \/><\/p>\n","protected":false},"excerpt":{"rendered":"<p>Olha isso: nosso amigo Ricardo Villa Verde estava em casa dia desses e ao abrir&#8230;<\/p>\n","protected":false},"author":2,"featured_media":8886,"comment_status":"open","ping_status":"closed","sticky":false,"template":"","format":"standard","meta":{"footnotes":""},"categories":[14,9],"tags":[12,181,11,32,562,211,1161],"class_list":["post-8884","post","type-post","status-publish","format-standard","has-post-thumbnail","hentry","category-gente","category-historia","tag-baixada-fluminense","tag-cordel","tag-duque-de-caxias","tag-eldemar-de-souza","tag-livro","tag-politica","tag-povo-exige-eleicoes-diretas"],"yoast_head":"<!-- This site is optimized with the Yoast SEO plugin v27.5 - https:\/\/yoast.com\/product\/yoast-seo-wordpress\/ -->\n<title>O Povo Exige Elei\u00e7\u00f5es Diretas, cordel do jornalista Eldemar de Souza, um convite direto do t\u00fanel do tempo - Lurdinha - Duque de Caxias para Est\u00f4magos Fortes<\/title>\n<meta name=\"robots\" content=\"index, follow, max-snippet:-1, max-image-preview:large, max-video-preview:-1\" \/>\n<link rel=\"canonical\" href=\"https:\/\/lurdinha.org\/site\/o-povo-exige-eleicoes-diretas-cordel-do-jornalista-eldemar-de-souza-um-convite-do-tunel-do-tempo\/\" \/>\n<meta property=\"og:locale\" content=\"pt_BR\" \/>\n<meta property=\"og:type\" content=\"article\" \/>\n<meta property=\"og:title\" content=\"O Povo Exige Elei\u00e7\u00f5es Diretas, cordel do jornalista Eldemar de Souza, um convite direto do t\u00fanel do tempo - Lurdinha - Duque de Caxias para Est\u00f4magos Fortes\" \/>\n<meta property=\"og:description\" content=\"Olha isso: nosso amigo Ricardo Villa Verde estava em casa dia desses e ao abrir...\" \/>\n<meta property=\"og:url\" content=\"https:\/\/lurdinha.org\/site\/o-povo-exige-eleicoes-diretas-cordel-do-jornalista-eldemar-de-souza-um-convite-do-tunel-do-tempo\/\" \/>\n<meta property=\"og:site_name\" content=\"Lurdinha - Duque de Caxias para Est\u00f4magos Fortes\" \/>\n<meta property=\"article:publisher\" content=\"https:\/\/www.facebook.com\/LurdinhadeCaxias\" \/>\n<meta property=\"article:author\" content=\"botocudo\" \/>\n<meta property=\"article:published_time\" content=\"2020-06-15T18:36:05+00:00\" \/>\n<meta property=\"article:modified_time\" content=\"2020-06-19T01:10:00+00:00\" \/>\n<meta property=\"og:image\" content=\"https:\/\/lurdinha.org\/site\/wp-content\/uploads\/eldemar-o-povo-exige-eleicoes-diretas.jpg\" \/>\n\t<meta property=\"og:image:width\" content=\"800\" \/>\n\t<meta property=\"og:image:height\" content=\"608\" \/>\n\t<meta property=\"og:image:type\" content=\"image\/jpeg\" \/>\n<meta name=\"author\" content=\"heraldo hb\" \/>\n<meta name=\"twitter:card\" content=\"summary_large_image\" \/>\n<meta name=\"twitter:label1\" content=\"Escrito por\" \/>\n\t<meta name=\"twitter:data1\" content=\"heraldo hb\" \/>\n\t<meta name=\"twitter:label2\" content=\"Est. tempo de leitura\" \/>\n\t<meta name=\"twitter:data2\" content=\"1 minuto\" \/>\n<script type=\"application\/ld+json\" class=\"yoast-schema-graph\">{\"@context\":\"https:\\\/\\\/schema.org\",\"@graph\":[{\"@type\":\"Article\",\"@id\":\"https:\\\/\\\/lurdinha.org\\\/site\\\/o-povo-exige-eleicoes-diretas-cordel-do-jornalista-eldemar-de-souza-um-convite-do-tunel-do-tempo\\\/#article\",\"isPartOf\":{\"@id\":\"https:\\\/\\\/lurdinha.org\\\/site\\\/o-povo-exige-eleicoes-diretas-cordel-do-jornalista-eldemar-de-souza-um-convite-do-tunel-do-tempo\\\/\"},\"author\":{\"name\":\"heraldo hb\",\"@id\":\"https:\\\/\\\/lurdinha.org\\\/site\\\/#\\\/schema\\\/person\\\/b833bb6a7f82598bf0e95e4c30874251\"},\"headline\":\"O Povo Exige Elei\u00e7\u00f5es Diretas, cordel do jornalista Eldemar de Souza, um convite direto do t\u00fanel do tempo\",\"datePublished\":\"2020-06-15T18:36:05+00:00\",\"dateModified\":\"2020-06-19T01:10:00+00:00\",\"mainEntityOfPage\":{\"@id\":\"https:\\\/\\\/lurdinha.org\\\/site\\\/o-povo-exige-eleicoes-diretas-cordel-do-jornalista-eldemar-de-souza-um-convite-do-tunel-do-tempo\\\/\"},\"wordCount\":317,\"commentCount\":0,\"publisher\":{\"@id\":\"https:\\\/\\\/lurdinha.org\\\/site\\\/#organization\"},\"image\":{\"@id\":\"https:\\\/\\\/lurdinha.org\\\/site\\\/o-povo-exige-eleicoes-diretas-cordel-do-jornalista-eldemar-de-souza-um-convite-do-tunel-do-tempo\\\/#primaryimage\"},\"thumbnailUrl\":\"https:\\\/\\\/lurdinha.org\\\/site\\\/wp-content\\\/uploads\\\/eldemar-o-povo-exige-eleicoes-diretas.jpg\",\"keywords\":[\"baixada-fluminense\",\"cordel\",\"duque-de-caxias\",\"eldemar de souza\",\"livro\",\"pol\u00edtica\",\"povo exige elei\u00e7\u00f5es diretas\"],\"articleSection\":[\"gente\",\"hist\u00f3ria\"],\"inLanguage\":\"pt-BR\",\"potentialAction\":[{\"@type\":\"CommentAction\",\"name\":\"Comment\",\"target\":[\"https:\\\/\\\/lurdinha.org\\\/site\\\/o-povo-exige-eleicoes-diretas-cordel-do-jornalista-eldemar-de-souza-um-convite-do-tunel-do-tempo\\\/#respond\"]}]},{\"@type\":\"WebPage\",\"@id\":\"https:\\\/\\\/lurdinha.org\\\/site\\\/o-povo-exige-eleicoes-diretas-cordel-do-jornalista-eldemar-de-souza-um-convite-do-tunel-do-tempo\\\/\",\"url\":\"https:\\\/\\\/lurdinha.org\\\/site\\\/o-povo-exige-eleicoes-diretas-cordel-do-jornalista-eldemar-de-souza-um-convite-do-tunel-do-tempo\\\/\",\"name\":\"O Povo Exige Elei\u00e7\u00f5es Diretas, cordel do jornalista Eldemar de Souza, um convite direto do t\u00fanel do tempo - Lurdinha - Duque de Caxias para Est\u00f4magos Fortes\",\"isPartOf\":{\"@id\":\"https:\\\/\\\/lurdinha.org\\\/site\\\/#website\"},\"primaryImageOfPage\":{\"@id\":\"https:\\\/\\\/lurdinha.org\\\/site\\\/o-povo-exige-eleicoes-diretas-cordel-do-jornalista-eldemar-de-souza-um-convite-do-tunel-do-tempo\\\/#primaryimage\"},\"image\":{\"@id\":\"https:\\\/\\\/lurdinha.org\\\/site\\\/o-povo-exige-eleicoes-diretas-cordel-do-jornalista-eldemar-de-souza-um-convite-do-tunel-do-tempo\\\/#primaryimage\"},\"thumbnailUrl\":\"https:\\\/\\\/lurdinha.org\\\/site\\\/wp-content\\\/uploads\\\/eldemar-o-povo-exige-eleicoes-diretas.jpg\",\"datePublished\":\"2020-06-15T18:36:05+00:00\",\"dateModified\":\"2020-06-19T01:10:00+00:00\",\"breadcrumb\":{\"@id\":\"https:\\\/\\\/lurdinha.org\\\/site\\\/o-povo-exige-eleicoes-diretas-cordel-do-jornalista-eldemar-de-souza-um-convite-do-tunel-do-tempo\\\/#breadcrumb\"},\"inLanguage\":\"pt-BR\",\"potentialAction\":[{\"@type\":\"ReadAction\",\"target\":[\"https:\\\/\\\/lurdinha.org\\\/site\\\/o-povo-exige-eleicoes-diretas-cordel-do-jornalista-eldemar-de-souza-um-convite-do-tunel-do-tempo\\\/\"]}]},{\"@type\":\"ImageObject\",\"inLanguage\":\"pt-BR\",\"@id\":\"https:\\\/\\\/lurdinha.org\\\/site\\\/o-povo-exige-eleicoes-diretas-cordel-do-jornalista-eldemar-de-souza-um-convite-do-tunel-do-tempo\\\/#primaryimage\",\"url\":\"https:\\\/\\\/lurdinha.org\\\/site\\\/wp-content\\\/uploads\\\/eldemar-o-povo-exige-eleicoes-diretas.jpg\",\"contentUrl\":\"https:\\\/\\\/lurdinha.org\\\/site\\\/wp-content\\\/uploads\\\/eldemar-o-povo-exige-eleicoes-diretas.jpg\",\"width\":800,\"height\":608,\"caption\":\"cordel O Povo Exige Elei\u00e7\u00f5es Diretas, do jornalista e poeta Eldemar de Souza\"},{\"@type\":\"BreadcrumbList\",\"@id\":\"https:\\\/\\\/lurdinha.org\\\/site\\\/o-povo-exige-eleicoes-diretas-cordel-do-jornalista-eldemar-de-souza-um-convite-do-tunel-do-tempo\\\/#breadcrumb\",\"itemListElement\":[{\"@type\":\"ListItem\",\"position\":1,\"name\":\"In\u00edcio\",\"item\":\"https:\\\/\\\/lurdinha.org\\\/site\\\/\"},{\"@type\":\"ListItem\",\"position\":2,\"name\":\"O Povo Exige Elei\u00e7\u00f5es Diretas, cordel do jornalista Eldemar de Souza, um convite direto do t\u00fanel do tempo\"}]},{\"@type\":\"WebSite\",\"@id\":\"https:\\\/\\\/lurdinha.org\\\/site\\\/#website\",\"url\":\"https:\\\/\\\/lurdinha.org\\\/site\\\/\",\"name\":\"Lurdinha - Duque de Caxias para Est\u00f4magos Fortes\",\"description\":\"Site sobre Arte, Cultura, Pol\u00edtica, Sociedade e curiosidades da cidade de Duque de Caxias, RJ\",\"publisher\":{\"@id\":\"https:\\\/\\\/lurdinha.org\\\/site\\\/#organization\"},\"alternateName\":\"Lurdinha\",\"potentialAction\":[{\"@type\":\"SearchAction\",\"target\":{\"@type\":\"EntryPoint\",\"urlTemplate\":\"https:\\\/\\\/lurdinha.org\\\/site\\\/?s={search_term_string}\"},\"query-input\":{\"@type\":\"PropertyValueSpecification\",\"valueRequired\":true,\"valueName\":\"search_term_string\"}}],\"inLanguage\":\"pt-BR\"},{\"@type\":\"Organization\",\"@id\":\"https:\\\/\\\/lurdinha.org\\\/site\\\/#organization\",\"name\":\"Lurdinha de Caxias\",\"url\":\"https:\\\/\\\/lurdinha.org\\\/site\\\/\",\"logo\":{\"@type\":\"ImageObject\",\"inLanguage\":\"pt-BR\",\"@id\":\"https:\\\/\\\/lurdinha.org\\\/site\\\/#\\\/schema\\\/logo\\\/image\\\/\",\"url\":\"https:\\\/\\\/lurdinha.org\\\/site\\\/wp-content\\\/uploads\\\/logo-lurdinha.jpg\",\"contentUrl\":\"https:\\\/\\\/lurdinha.org\\\/site\\\/wp-content\\\/uploads\\\/logo-lurdinha.jpg\",\"width\":640,\"height\":60,\"caption\":\"Lurdinha de Caxias\"},\"image\":{\"@id\":\"https:\\\/\\\/lurdinha.org\\\/site\\\/#\\\/schema\\\/logo\\\/image\\\/\"},\"sameAs\":[\"https:\\\/\\\/www.facebook.com\\\/LurdinhadeCaxias\",\"https:\\\/\\\/www.instagram.com\\\/lurdinhadecaxias\"]},{\"@type\":\"Person\",\"@id\":\"https:\\\/\\\/lurdinha.org\\\/site\\\/#\\\/schema\\\/person\\\/b833bb6a7f82598bf0e95e4c30874251\",\"name\":\"heraldo hb\",\"image\":{\"@type\":\"ImageObject\",\"inLanguage\":\"pt-BR\",\"@id\":\"https:\\\/\\\/secure.gravatar.com\\\/avatar\\\/5de9fe99c72cb6885bbdaa24b1c5738b0f673d265de18720fae7463d5f47b48d?s=96&d=mm&r=g\",\"url\":\"https:\\\/\\\/secure.gravatar.com\\\/avatar\\\/5de9fe99c72cb6885bbdaa24b1c5738b0f673d265de18720fae7463d5f47b48d?s=96&d=mm&r=g\",\"contentUrl\":\"https:\\\/\\\/secure.gravatar.com\\\/avatar\\\/5de9fe99c72cb6885bbdaa24b1c5738b0f673d265de18720fae7463d5f47b48d?s=96&d=mm&r=g\",\"caption\":\"heraldo hb\"},\"description\":\"Cineasta, animador cultural, escritor e educador nascido no s\u00e9culo XX\",\"sameAs\":[\"http:\\\/\\\/wwww.relinkare.org\",\"botocudo\",\"heraldohb\",\"relinkare\"],\"url\":\"https:\\\/\\\/lurdinha.org\\\/site\\\/author\\\/heraldohb\\\/\"}]}<\/script>\n<!-- \/ Yoast SEO plugin. -->","yoast_head_json":{"title":"O Povo Exige Elei\u00e7\u00f5es Diretas, cordel do jornalista Eldemar de Souza, um convite direto do t\u00fanel do tempo - Lurdinha - Duque de Caxias para Est\u00f4magos Fortes","robots":{"index":"index","follow":"follow","max-snippet":"max-snippet:-1","max-image-preview":"max-image-preview:large","max-video-preview":"max-video-preview:-1"},"canonical":"https:\/\/lurdinha.org\/site\/o-povo-exige-eleicoes-diretas-cordel-do-jornalista-eldemar-de-souza-um-convite-do-tunel-do-tempo\/","og_locale":"pt_BR","og_type":"article","og_title":"O Povo Exige Elei\u00e7\u00f5es Diretas, cordel do jornalista Eldemar de Souza, um convite direto do t\u00fanel do tempo - Lurdinha - Duque de Caxias para Est\u00f4magos Fortes","og_description":"Olha isso: nosso amigo Ricardo Villa Verde estava em casa dia desses e ao abrir...","og_url":"https:\/\/lurdinha.org\/site\/o-povo-exige-eleicoes-diretas-cordel-do-jornalista-eldemar-de-souza-um-convite-do-tunel-do-tempo\/","og_site_name":"Lurdinha - Duque de Caxias para Est\u00f4magos Fortes","article_publisher":"https:\/\/www.facebook.com\/LurdinhadeCaxias","article_author":"botocudo","article_published_time":"2020-06-15T18:36:05+00:00","article_modified_time":"2020-06-19T01:10:00+00:00","og_image":[{"width":800,"height":608,"url":"https:\/\/lurdinha.org\/site\/wp-content\/uploads\/eldemar-o-povo-exige-eleicoes-diretas.jpg","type":"image\/jpeg"}],"author":"heraldo hb","twitter_card":"summary_large_image","twitter_misc":{"Escrito por":"heraldo hb","Est. tempo de leitura":"1 minuto"},"schema":{"@context":"https:\/\/schema.org","@graph":[{"@type":"Article","@id":"https:\/\/lurdinha.org\/site\/o-povo-exige-eleicoes-diretas-cordel-do-jornalista-eldemar-de-souza-um-convite-do-tunel-do-tempo\/#article","isPartOf":{"@id":"https:\/\/lurdinha.org\/site\/o-povo-exige-eleicoes-diretas-cordel-do-jornalista-eldemar-de-souza-um-convite-do-tunel-do-tempo\/"},"author":{"name":"heraldo hb","@id":"https:\/\/lurdinha.org\/site\/#\/schema\/person\/b833bb6a7f82598bf0e95e4c30874251"},"headline":"O Povo Exige Elei\u00e7\u00f5es Diretas, cordel do jornalista Eldemar de Souza, um convite direto do t\u00fanel do tempo","datePublished":"2020-06-15T18:36:05+00:00","dateModified":"2020-06-19T01:10:00+00:00","mainEntityOfPage":{"@id":"https:\/\/lurdinha.org\/site\/o-povo-exige-eleicoes-diretas-cordel-do-jornalista-eldemar-de-souza-um-convite-do-tunel-do-tempo\/"},"wordCount":317,"commentCount":0,"publisher":{"@id":"https:\/\/lurdinha.org\/site\/#organization"},"image":{"@id":"https:\/\/lurdinha.org\/site\/o-povo-exige-eleicoes-diretas-cordel-do-jornalista-eldemar-de-souza-um-convite-do-tunel-do-tempo\/#primaryimage"},"thumbnailUrl":"https:\/\/lurdinha.org\/site\/wp-content\/uploads\/eldemar-o-povo-exige-eleicoes-diretas.jpg","keywords":["baixada-fluminense","cordel","duque-de-caxias","eldemar de souza","livro","pol\u00edtica","povo exige elei\u00e7\u00f5es diretas"],"articleSection":["gente","hist\u00f3ria"],"inLanguage":"pt-BR","potentialAction":[{"@type":"CommentAction","name":"Comment","target":["https:\/\/lurdinha.org\/site\/o-povo-exige-eleicoes-diretas-cordel-do-jornalista-eldemar-de-souza-um-convite-do-tunel-do-tempo\/#respond"]}]},{"@type":"WebPage","@id":"https:\/\/lurdinha.org\/site\/o-povo-exige-eleicoes-diretas-cordel-do-jornalista-eldemar-de-souza-um-convite-do-tunel-do-tempo\/","url":"https:\/\/lurdinha.org\/site\/o-povo-exige-eleicoes-diretas-cordel-do-jornalista-eldemar-de-souza-um-convite-do-tunel-do-tempo\/","name":"O Povo Exige Elei\u00e7\u00f5es Diretas, cordel do jornalista Eldemar de Souza, um convite direto do t\u00fanel do tempo - Lurdinha - Duque de Caxias para Est\u00f4magos Fortes","isPartOf":{"@id":"https:\/\/lurdinha.org\/site\/#website"},"primaryImageOfPage":{"@id":"https:\/\/lurdinha.org\/site\/o-povo-exige-eleicoes-diretas-cordel-do-jornalista-eldemar-de-souza-um-convite-do-tunel-do-tempo\/#primaryimage"},"image":{"@id":"https:\/\/lurdinha.org\/site\/o-povo-exige-eleicoes-diretas-cordel-do-jornalista-eldemar-de-souza-um-convite-do-tunel-do-tempo\/#primaryimage"},"thumbnailUrl":"https:\/\/lurdinha.org\/site\/wp-content\/uploads\/eldemar-o-povo-exige-eleicoes-diretas.jpg","datePublished":"2020-06-15T18:36:05+00:00","dateModified":"2020-06-19T01:10:00+00:00","breadcrumb":{"@id":"https:\/\/lurdinha.org\/site\/o-povo-exige-eleicoes-diretas-cordel-do-jornalista-eldemar-de-souza-um-convite-do-tunel-do-tempo\/#breadcrumb"},"inLanguage":"pt-BR","potentialAction":[{"@type":"ReadAction","target":["https:\/\/lurdinha.org\/site\/o-povo-exige-eleicoes-diretas-cordel-do-jornalista-eldemar-de-souza-um-convite-do-tunel-do-tempo\/"]}]},{"@type":"ImageObject","inLanguage":"pt-BR","@id":"https:\/\/lurdinha.org\/site\/o-povo-exige-eleicoes-diretas-cordel-do-jornalista-eldemar-de-souza-um-convite-do-tunel-do-tempo\/#primaryimage","url":"https:\/\/lurdinha.org\/site\/wp-content\/uploads\/eldemar-o-povo-exige-eleicoes-diretas.jpg","contentUrl":"https:\/\/lurdinha.org\/site\/wp-content\/uploads\/eldemar-o-povo-exige-eleicoes-diretas.jpg","width":800,"height":608,"caption":"cordel O Povo Exige Elei\u00e7\u00f5es Diretas, do jornalista e poeta Eldemar de Souza"},{"@type":"BreadcrumbList","@id":"https:\/\/lurdinha.org\/site\/o-povo-exige-eleicoes-diretas-cordel-do-jornalista-eldemar-de-souza-um-convite-do-tunel-do-tempo\/#breadcrumb","itemListElement":[{"@type":"ListItem","position":1,"name":"In\u00edcio","item":"https:\/\/lurdinha.org\/site\/"},{"@type":"ListItem","position":2,"name":"O Povo Exige Elei\u00e7\u00f5es Diretas, cordel do jornalista Eldemar de Souza, um convite direto do t\u00fanel do tempo"}]},{"@type":"WebSite","@id":"https:\/\/lurdinha.org\/site\/#website","url":"https:\/\/lurdinha.org\/site\/","name":"Lurdinha - Duque de Caxias para Est\u00f4magos Fortes","description":"Site sobre Arte, Cultura, Pol\u00edtica, Sociedade e curiosidades da cidade de Duque de Caxias, RJ","publisher":{"@id":"https:\/\/lurdinha.org\/site\/#organization"},"alternateName":"Lurdinha","potentialAction":[{"@type":"SearchAction","target":{"@type":"EntryPoint","urlTemplate":"https:\/\/lurdinha.org\/site\/?s={search_term_string}"},"query-input":{"@type":"PropertyValueSpecification","valueRequired":true,"valueName":"search_term_string"}}],"inLanguage":"pt-BR"},{"@type":"Organization","@id":"https:\/\/lurdinha.org\/site\/#organization","name":"Lurdinha de Caxias","url":"https:\/\/lurdinha.org\/site\/","logo":{"@type":"ImageObject","inLanguage":"pt-BR","@id":"https:\/\/lurdinha.org\/site\/#\/schema\/logo\/image\/","url":"https:\/\/lurdinha.org\/site\/wp-content\/uploads\/logo-lurdinha.jpg","contentUrl":"https:\/\/lurdinha.org\/site\/wp-content\/uploads\/logo-lurdinha.jpg","width":640,"height":60,"caption":"Lurdinha de Caxias"},"image":{"@id":"https:\/\/lurdinha.org\/site\/#\/schema\/logo\/image\/"},"sameAs":["https:\/\/www.facebook.com\/LurdinhadeCaxias","https:\/\/www.instagram.com\/lurdinhadecaxias"]},{"@type":"Person","@id":"https:\/\/lurdinha.org\/site\/#\/schema\/person\/b833bb6a7f82598bf0e95e4c30874251","name":"heraldo hb","image":{"@type":"ImageObject","inLanguage":"pt-BR","@id":"https:\/\/secure.gravatar.com\/avatar\/5de9fe99c72cb6885bbdaa24b1c5738b0f673d265de18720fae7463d5f47b48d?s=96&d=mm&r=g","url":"https:\/\/secure.gravatar.com\/avatar\/5de9fe99c72cb6885bbdaa24b1c5738b0f673d265de18720fae7463d5f47b48d?s=96&d=mm&r=g","contentUrl":"https:\/\/secure.gravatar.com\/avatar\/5de9fe99c72cb6885bbdaa24b1c5738b0f673d265de18720fae7463d5f47b48d?s=96&d=mm&r=g","caption":"heraldo hb"},"description":"Cineasta, animador cultural, escritor e educador nascido no s\u00e9culo XX","sameAs":["http:\/\/wwww.relinkare.org","botocudo","heraldohb","relinkare"],"url":"https:\/\/lurdinha.org\/site\/author\/heraldohb\/"}]}},"views":1887,"_links":{"self":[{"href":"https:\/\/lurdinha.org\/site\/wp-json\/wp\/v2\/posts\/8884","targetHints":{"allow":["GET"]}}],"collection":[{"href":"https:\/\/lurdinha.org\/site\/wp-json\/wp\/v2\/posts"}],"about":[{"href":"https:\/\/lurdinha.org\/site\/wp-json\/wp\/v2\/types\/post"}],"author":[{"embeddable":true,"href":"https:\/\/lurdinha.org\/site\/wp-json\/wp\/v2\/users\/2"}],"replies":[{"embeddable":true,"href":"https:\/\/lurdinha.org\/site\/wp-json\/wp\/v2\/comments?post=8884"}],"version-history":[{"count":3,"href":"https:\/\/lurdinha.org\/site\/wp-json\/wp\/v2\/posts\/8884\/revisions"}],"predecessor-version":[{"id":8889,"href":"https:\/\/lurdinha.org\/site\/wp-json\/wp\/v2\/posts\/8884\/revisions\/8889"}],"wp:featuredmedia":[{"embeddable":true,"href":"https:\/\/lurdinha.org\/site\/wp-json\/wp\/v2\/media\/8886"}],"wp:attachment":[{"href":"https:\/\/lurdinha.org\/site\/wp-json\/wp\/v2\/media?parent=8884"}],"wp:term":[{"taxonomy":"category","embeddable":true,"href":"https:\/\/lurdinha.org\/site\/wp-json\/wp\/v2\/categories?post=8884"},{"taxonomy":"post_tag","embeddable":true,"href":"https:\/\/lurdinha.org\/site\/wp-json\/wp\/v2\/tags?post=8884"}],"curies":[{"name":"wp","href":"https:\/\/api.w.org\/{rel}","templated":true}]}}