{"id":8859,"date":"2020-06-13T03:45:01","date_gmt":"2020-06-13T03:45:01","guid":{"rendered":"https:\/\/lurdinha.org\/site\/?p=8859"},"modified":"2020-06-15T14:43:54","modified_gmt":"2020-06-15T14:43:54","slug":"exu-e-o-enredo-da-grande-rio-para-o-proximo-carnaval","status":"publish","type":"post","link":"https:\/\/lurdinha.org\/site\/exu-e-o-enredo-da-grande-rio-para-o-proximo-carnaval\/","title":{"rendered":"Exu \u00e9 o enredo da Grande Rio para o pr\u00f3ximo Carnaval"},"content":{"rendered":"<figure id=\"attachment_8860\" aria-describedby=\"caption-attachment-8860\" style=\"width: 610px\" class=\"wp-caption aligncenter\"><img loading=\"lazy\" decoding=\"async\" class=\"wp-image-8860 size-large\" src=\"https:\/\/lurdinha.org\/site\/wp-content\/uploads\/FB_IMG_1592017999646-610x863.jpg\" alt=\"\" width=\"610\" height=\"863\" srcset=\"https:\/\/lurdinha.org\/site\/wp-content\/uploads\/FB_IMG_1592017999646-610x863.jpg 610w, https:\/\/lurdinha.org\/site\/wp-content\/uploads\/FB_IMG_1592017999646-212x300.jpg 212w, https:\/\/lurdinha.org\/site\/wp-content\/uploads\/FB_IMG_1592017999646-768x1086.jpg 768w, https:\/\/lurdinha.org\/site\/wp-content\/uploads\/FB_IMG_1592017999646.jpg 905w\" sizes=\"auto, (max-width: 610px) 100vw, 610px\" \/><figcaption id=\"caption-attachment-8860\" class=\"wp-caption-text\">Arte de Ant\u00f4nio Gonzaga, que pode ser lida de cima para baixo, de baixo para cima \u2013 o giro, a carta de baralho &#8211; essa \u00e9 a energia de Exu!<\/figcaption><\/figure>\n<p>&nbsp;<\/p>\n<div dir=\"auto\">Pedindo licen\u00e7a na entrada do dia 13 de junho (Dia de Exu), a Acad\u00eamicos do Grande Rio, atual vice-campe\u00e3 do Carnaval carioca, anunciou o enredo para o pr\u00f3ximo Carnaval<b>\u00a0\u201c<i>Fala, Majet\u00e9! Sete Chaves de Exu<\/i>\u201d<\/b>, que ser\u00e1 desenvolvido pelos carnavalescos Gabriel Haddad e Leonardo Bora.<\/div>\n<div dir=\"auto\"><\/div>\n<div dir=\"auto\">\n<p>Quando tiver Carnaval ser\u00e1 bacana ver uma Escola de Samba apresentar aquele orix\u00e1 que foi e \u00e9 demonizado, sendo cantado e apresentado no maior espet\u00e1culo da Terra. Exu n\u00e3o \u00e9 diabo! No auge da intoler\u00e2ncia religiosa a terreiros de candombl\u00e9, principalmente na Baixada Fluminense, essa \u00e9 uma bandeira necess\u00e1ria, um ato de coragem e a reafirma\u00e7\u00e3o que a tricolor de Caxias est\u00e1 em busca da sua identidade e comunidade.<\/p>\n<p>Autoral, o enredo vai propor uma vis\u00e3o po\u00e9tica sobre diferentes faces, hist\u00f3rias, linhas e lugares que conectam a Exu, propondo sete caminhos a serem percorridos. Dos fundamentos africanos \u00e0s m\u00faltiplas brasilidades, ser\u00e1 contada e cantada a for\u00e7a de Zumbi, a energia que circula por feiras e mercados, a alegria das noites, nos bares e cabar\u00e9s, as folias e os festejos carnavalescos, a arte que tanto dialoga com Exu, reinventando o espa\u00e7o urbano.<\/p>\n<p>Segundo o texto divulgado\u00a0\u201c<i>olhando para o solo da nossa comunidade, invocamos as provoca\u00e7\u00f5es de Estamira, moradora do lix\u00e3o de Gramacho, que conversava com Exu por um telefone e se conecta simbolicamente a outros pensadores considerados loucos, poetas que viam no lixo a possibilidade da transforma\u00e7\u00e3o. \u201cC\u00e2mbio, Exu. Fala, Majet\u00e9!\u201d \u00e9 a forma como Estamira se referia ao orix\u00e1 Exu \u2013 uma express\u00e3o misteriosa e com m\u00faltiplos significados. Em tempos t\u00e3o incertos entendemos que divulgar este enredo \u00e9 permitir que a nossa escola fale, sonhe, reinvente o seu pr\u00f3prio mundo. Todos n\u00f3s, que amamos o carnaval e a vida social das escolas de samba, estamos precisando de um banho de energia. Que este enredo v\u00e1 ao infinito, como est\u00e1 insinuado no cartaz \u2013 um cartaz para ser girado, movimentado, redefinido por cada um. \u201cNa capa de Exu, caminho inteiro\u2026\u201d Fala, Grande Rio!\u201d.<\/i><\/p>\n<p>O carnavalesco\u00a0Gabriel Haddad\u00a0na sua rede social disse que o enredo vinha sendo maturado h\u00e1 alguns anos.\u00a0<i>\u201cDesde crian\u00e7a eu admirava as giras na casa de meus av\u00f3s maternos, fazendo com que o universo exus\u00edaco sempre estivesse presente em meu imagin\u00e1rio. Ainda n\u00e3o sabemos de que forma o carnaval de 2021 acontecer\u00e1, mas nesse momento de incertezas nos apoiamos no poder, na inquieta\u00e7\u00e3o e na transforma\u00e7\u00e3o do mais humano dos Orix\u00e1s. Somos artistas \u2013 n\u00e3o conseguimos, n\u00e3o podemos e nem queremos frear a nossa criatividade\u201d.<\/i>\u00a0Escreveu.<\/p>\n<p>O carnaval \u00e9 um lugar de aprendizado. \u00c9 a maior sala de aula do mundo. Eu quero moro em Duque de Caxias, sou um amante do carnaval, n\u00e3o sei absolutamente nada e todo ano aprendo mais com as professoras &#8220;Escolas de Samba&#8221;, agrade\u00e7o a\u00a0<b>Jo\u00e3ozinho da Gomeia<\/b>\u00a0pelo legado que deixa no ch\u00e3o da Grande Rio. Parabenizo os carnavalescos pela brilhante liga\u00e7\u00e3o dos enredos deste ano com o pr\u00f3ximo, agora protagonizando\u00a0<i>Bar\u00e1<\/i>\u00a0no come\u00e7o, meio e fim de um desfile do Grupo Especial. \u00c9 percept\u00edvel em todos os sentidos que, o t\u00e3o sonhado campeonato para o Quilombo de Caxias est\u00e1 a caminho. A Grande Rio agora tem um rosto! E como \u00e9 bom ver isso. N\u00e3o tenham medo de Exu! Obrigado, Grande Rio!<\/p>\n<\/div>\n","protected":false},"excerpt":{"rendered":"<p>&nbsp; Pedindo licen\u00e7a na entrada do dia 13 de junho (Dia de Exu), a Acad\u00eamicos&#8230;<\/p>\n","protected":false},"author":69,"featured_media":8860,"comment_status":"open","ping_status":"closed","sticky":false,"template":"","format":"standard","meta":{"footnotes":""},"categories":[4],"tags":[],"class_list":["post-8859","post","type-post","status-publish","format-standard","has-post-thumbnail","hentry","category-opiniao"],"yoast_head":"<!-- This site is optimized with the Yoast SEO plugin v27.5 - https:\/\/yoast.com\/product\/yoast-seo-wordpress\/ -->\n<title>Exu \u00e9 o enredo da Grande Rio para o pr\u00f3ximo Carnaval - Lurdinha - Duque de Caxias para Est\u00f4magos Fortes<\/title>\n<meta name=\"robots\" content=\"index, follow, max-snippet:-1, max-image-preview:large, max-video-preview:-1\" \/>\n<link rel=\"canonical\" href=\"https:\/\/lurdinha.org\/site\/exu-e-o-enredo-da-grande-rio-para-o-proximo-carnaval\/\" \/>\n<meta property=\"og:locale\" content=\"pt_BR\" \/>\n<meta property=\"og:type\" content=\"article\" \/>\n<meta property=\"og:title\" content=\"Exu \u00e9 o enredo da Grande Rio para o pr\u00f3ximo Carnaval - Lurdinha - Duque de Caxias para Est\u00f4magos Fortes\" \/>\n<meta property=\"og:description\" content=\"&nbsp; Pedindo licen\u00e7a na entrada do dia 13 de junho (Dia de Exu), a Acad\u00eamicos...\" \/>\n<meta property=\"og:url\" content=\"https:\/\/lurdinha.org\/site\/exu-e-o-enredo-da-grande-rio-para-o-proximo-carnaval\/\" \/>\n<meta property=\"og:site_name\" content=\"Lurdinha - Duque de Caxias para Est\u00f4magos Fortes\" \/>\n<meta property=\"article:publisher\" content=\"https:\/\/www.facebook.com\/LurdinhadeCaxias\" \/>\n<meta property=\"article:author\" content=\"profmarroni\" \/>\n<meta property=\"article:published_time\" content=\"2020-06-13T03:45:01+00:00\" \/>\n<meta property=\"article:modified_time\" content=\"2020-06-15T14:43:54+00:00\" \/>\n<meta property=\"og:image\" content=\"https:\/\/lurdinha.org\/site\/wp-content\/uploads\/FB_IMG_1592017999646.jpg\" \/>\n\t<meta property=\"og:image:width\" content=\"905\" \/>\n\t<meta property=\"og:image:height\" content=\"1280\" \/>\n\t<meta property=\"og:image:type\" content=\"image\/jpeg\" \/>\n<meta name=\"author\" content=\"Marroni Alves\" \/>\n<meta name=\"twitter:card\" content=\"summary_large_image\" \/>\n<meta name=\"twitter:creator\" content=\"@MarroniAlves\" \/>\n<meta name=\"twitter:label1\" content=\"Escrito por\" \/>\n\t<meta name=\"twitter:data1\" content=\"Marroni Alves\" \/>\n\t<meta name=\"twitter:label2\" content=\"Est. tempo de leitura\" \/>\n\t<meta name=\"twitter:data2\" content=\"3 minutos\" \/>\n<script type=\"application\/ld+json\" class=\"yoast-schema-graph\">{\"@context\":\"https:\\\/\\\/schema.org\",\"@graph\":[{\"@type\":\"Article\",\"@id\":\"https:\\\/\\\/lurdinha.org\\\/site\\\/exu-e-o-enredo-da-grande-rio-para-o-proximo-carnaval\\\/#article\",\"isPartOf\":{\"@id\":\"https:\\\/\\\/lurdinha.org\\\/site\\\/exu-e-o-enredo-da-grande-rio-para-o-proximo-carnaval\\\/\"},\"author\":{\"name\":\"Marroni Alves\",\"@id\":\"https:\\\/\\\/lurdinha.org\\\/site\\\/#\\\/schema\\\/person\\\/962cc3e1090602931955c4bd427a5b79\"},\"headline\":\"Exu \u00e9 o enredo da Grande Rio para o pr\u00f3ximo Carnaval\",\"datePublished\":\"2020-06-13T03:45:01+00:00\",\"dateModified\":\"2020-06-15T14:43:54+00:00\",\"mainEntityOfPage\":{\"@id\":\"https:\\\/\\\/lurdinha.org\\\/site\\\/exu-e-o-enredo-da-grande-rio-para-o-proximo-carnaval\\\/\"},\"wordCount\":616,\"commentCount\":1,\"publisher\":{\"@id\":\"https:\\\/\\\/lurdinha.org\\\/site\\\/#organization\"},\"image\":{\"@id\":\"https:\\\/\\\/lurdinha.org\\\/site\\\/exu-e-o-enredo-da-grande-rio-para-o-proximo-carnaval\\\/#primaryimage\"},\"thumbnailUrl\":\"https:\\\/\\\/lurdinha.org\\\/site\\\/wp-content\\\/uploads\\\/FB_IMG_1592017999646.jpg\",\"articleSection\":[\"uma opini\u00e3o\"],\"inLanguage\":\"pt-BR\",\"potentialAction\":[{\"@type\":\"CommentAction\",\"name\":\"Comment\",\"target\":[\"https:\\\/\\\/lurdinha.org\\\/site\\\/exu-e-o-enredo-da-grande-rio-para-o-proximo-carnaval\\\/#respond\"]}]},{\"@type\":\"WebPage\",\"@id\":\"https:\\\/\\\/lurdinha.org\\\/site\\\/exu-e-o-enredo-da-grande-rio-para-o-proximo-carnaval\\\/\",\"url\":\"https:\\\/\\\/lurdinha.org\\\/site\\\/exu-e-o-enredo-da-grande-rio-para-o-proximo-carnaval\\\/\",\"name\":\"Exu \u00e9 o enredo da Grande Rio para o pr\u00f3ximo Carnaval - Lurdinha - Duque de Caxias para Est\u00f4magos Fortes\",\"isPartOf\":{\"@id\":\"https:\\\/\\\/lurdinha.org\\\/site\\\/#website\"},\"primaryImageOfPage\":{\"@id\":\"https:\\\/\\\/lurdinha.org\\\/site\\\/exu-e-o-enredo-da-grande-rio-para-o-proximo-carnaval\\\/#primaryimage\"},\"image\":{\"@id\":\"https:\\\/\\\/lurdinha.org\\\/site\\\/exu-e-o-enredo-da-grande-rio-para-o-proximo-carnaval\\\/#primaryimage\"},\"thumbnailUrl\":\"https:\\\/\\\/lurdinha.org\\\/site\\\/wp-content\\\/uploads\\\/FB_IMG_1592017999646.jpg\",\"datePublished\":\"2020-06-13T03:45:01+00:00\",\"dateModified\":\"2020-06-15T14:43:54+00:00\",\"breadcrumb\":{\"@id\":\"https:\\\/\\\/lurdinha.org\\\/site\\\/exu-e-o-enredo-da-grande-rio-para-o-proximo-carnaval\\\/#breadcrumb\"},\"inLanguage\":\"pt-BR\",\"potentialAction\":[{\"@type\":\"ReadAction\",\"target\":[\"https:\\\/\\\/lurdinha.org\\\/site\\\/exu-e-o-enredo-da-grande-rio-para-o-proximo-carnaval\\\/\"]}]},{\"@type\":\"ImageObject\",\"inLanguage\":\"pt-BR\",\"@id\":\"https:\\\/\\\/lurdinha.org\\\/site\\\/exu-e-o-enredo-da-grande-rio-para-o-proximo-carnaval\\\/#primaryimage\",\"url\":\"https:\\\/\\\/lurdinha.org\\\/site\\\/wp-content\\\/uploads\\\/FB_IMG_1592017999646.jpg\",\"contentUrl\":\"https:\\\/\\\/lurdinha.org\\\/site\\\/wp-content\\\/uploads\\\/FB_IMG_1592017999646.jpg\",\"width\":905,\"height\":1280},{\"@type\":\"BreadcrumbList\",\"@id\":\"https:\\\/\\\/lurdinha.org\\\/site\\\/exu-e-o-enredo-da-grande-rio-para-o-proximo-carnaval\\\/#breadcrumb\",\"itemListElement\":[{\"@type\":\"ListItem\",\"position\":1,\"name\":\"In\u00edcio\",\"item\":\"https:\\\/\\\/lurdinha.org\\\/site\\\/\"},{\"@type\":\"ListItem\",\"position\":2,\"name\":\"Exu \u00e9 o enredo da Grande Rio para o pr\u00f3ximo Carnaval\"}]},{\"@type\":\"WebSite\",\"@id\":\"https:\\\/\\\/lurdinha.org\\\/site\\\/#website\",\"url\":\"https:\\\/\\\/lurdinha.org\\\/site\\\/\",\"name\":\"Lurdinha - Duque de Caxias para Est\u00f4magos Fortes\",\"description\":\"Site sobre Arte, Cultura, Pol\u00edtica, Sociedade e curiosidades da cidade de Duque de Caxias, RJ\",\"publisher\":{\"@id\":\"https:\\\/\\\/lurdinha.org\\\/site\\\/#organization\"},\"alternateName\":\"Lurdinha\",\"potentialAction\":[{\"@type\":\"SearchAction\",\"target\":{\"@type\":\"EntryPoint\",\"urlTemplate\":\"https:\\\/\\\/lurdinha.org\\\/site\\\/?s={search_term_string}\"},\"query-input\":{\"@type\":\"PropertyValueSpecification\",\"valueRequired\":true,\"valueName\":\"search_term_string\"}}],\"inLanguage\":\"pt-BR\"},{\"@type\":\"Organization\",\"@id\":\"https:\\\/\\\/lurdinha.org\\\/site\\\/#organization\",\"name\":\"Lurdinha de Caxias\",\"url\":\"https:\\\/\\\/lurdinha.org\\\/site\\\/\",\"logo\":{\"@type\":\"ImageObject\",\"inLanguage\":\"pt-BR\",\"@id\":\"https:\\\/\\\/lurdinha.org\\\/site\\\/#\\\/schema\\\/logo\\\/image\\\/\",\"url\":\"https:\\\/\\\/lurdinha.org\\\/site\\\/wp-content\\\/uploads\\\/logo-lurdinha.jpg\",\"contentUrl\":\"https:\\\/\\\/lurdinha.org\\\/site\\\/wp-content\\\/uploads\\\/logo-lurdinha.jpg\",\"width\":640,\"height\":60,\"caption\":\"Lurdinha de Caxias\"},\"image\":{\"@id\":\"https:\\\/\\\/lurdinha.org\\\/site\\\/#\\\/schema\\\/logo\\\/image\\\/\"},\"sameAs\":[\"https:\\\/\\\/www.facebook.com\\\/LurdinhadeCaxias\",\"https:\\\/\\\/www.instagram.com\\\/lurdinhadecaxias\"]},{\"@type\":\"Person\",\"@id\":\"https:\\\/\\\/lurdinha.org\\\/site\\\/#\\\/schema\\\/person\\\/962cc3e1090602931955c4bd427a5b79\",\"name\":\"Marroni Alves\",\"image\":{\"@type\":\"ImageObject\",\"inLanguage\":\"pt-BR\",\"@id\":\"https:\\\/\\\/secure.gravatar.com\\\/avatar\\\/1ad3bda8d2f95405271f92b1a014b8c0c906279b4732863ae89fa73c6e251ddf?s=96&d=mm&r=g\",\"url\":\"https:\\\/\\\/secure.gravatar.com\\\/avatar\\\/1ad3bda8d2f95405271f92b1a014b8c0c906279b4732863ae89fa73c6e251ddf?s=96&d=mm&r=g\",\"contentUrl\":\"https:\\\/\\\/secure.gravatar.com\\\/avatar\\\/1ad3bda8d2f95405271f92b1a014b8c0c906279b4732863ae89fa73c6e251ddf?s=96&d=mm&r=g\",\"caption\":\"Marroni Alves\"},\"description\":\"Filho da escola p\u00fablica e de pernambucanos. Nascido no Hospital Duque, mas sempre no Hospital Infantil. Formado em Hist\u00f3ria na FEUDUC, dou aula em pr\u00e9-vestibular comunit\u00e1rio na Vila Ideal, Jardim Gramacho, Complexo da Mangueirinha e Xerem.\",\"sameAs\":[\"profmarroni\",\"https:\\\/\\\/www.instagram.com\\\/marronialves\\\/\",\"https:\\\/\\\/x.com\\\/MarroniAlves\"],\"url\":\"https:\\\/\\\/lurdinha.org\\\/site\\\/author\\\/marroni\\\/\"}]}<\/script>\n<!-- \/ Yoast SEO plugin. -->","yoast_head_json":{"title":"Exu \u00e9 o enredo da Grande Rio para o pr\u00f3ximo Carnaval - Lurdinha - Duque de Caxias para Est\u00f4magos Fortes","robots":{"index":"index","follow":"follow","max-snippet":"max-snippet:-1","max-image-preview":"max-image-preview:large","max-video-preview":"max-video-preview:-1"},"canonical":"https:\/\/lurdinha.org\/site\/exu-e-o-enredo-da-grande-rio-para-o-proximo-carnaval\/","og_locale":"pt_BR","og_type":"article","og_title":"Exu \u00e9 o enredo da Grande Rio para o pr\u00f3ximo Carnaval - Lurdinha - Duque de Caxias para Est\u00f4magos Fortes","og_description":"&nbsp; Pedindo licen\u00e7a na entrada do dia 13 de junho (Dia de Exu), a Acad\u00eamicos...","og_url":"https:\/\/lurdinha.org\/site\/exu-e-o-enredo-da-grande-rio-para-o-proximo-carnaval\/","og_site_name":"Lurdinha - Duque de Caxias para Est\u00f4magos Fortes","article_publisher":"https:\/\/www.facebook.com\/LurdinhadeCaxias","article_author":"profmarroni","article_published_time":"2020-06-13T03:45:01+00:00","article_modified_time":"2020-06-15T14:43:54+00:00","og_image":[{"width":905,"height":1280,"url":"https:\/\/lurdinha.org\/site\/wp-content\/uploads\/FB_IMG_1592017999646.jpg","type":"image\/jpeg"}],"author":"Marroni Alves","twitter_card":"summary_large_image","twitter_creator":"@MarroniAlves","twitter_misc":{"Escrito por":"Marroni Alves","Est. tempo de leitura":"3 minutos"},"schema":{"@context":"https:\/\/schema.org","@graph":[{"@type":"Article","@id":"https:\/\/lurdinha.org\/site\/exu-e-o-enredo-da-grande-rio-para-o-proximo-carnaval\/#article","isPartOf":{"@id":"https:\/\/lurdinha.org\/site\/exu-e-o-enredo-da-grande-rio-para-o-proximo-carnaval\/"},"author":{"name":"Marroni Alves","@id":"https:\/\/lurdinha.org\/site\/#\/schema\/person\/962cc3e1090602931955c4bd427a5b79"},"headline":"Exu \u00e9 o enredo da Grande Rio para o pr\u00f3ximo Carnaval","datePublished":"2020-06-13T03:45:01+00:00","dateModified":"2020-06-15T14:43:54+00:00","mainEntityOfPage":{"@id":"https:\/\/lurdinha.org\/site\/exu-e-o-enredo-da-grande-rio-para-o-proximo-carnaval\/"},"wordCount":616,"commentCount":1,"publisher":{"@id":"https:\/\/lurdinha.org\/site\/#organization"},"image":{"@id":"https:\/\/lurdinha.org\/site\/exu-e-o-enredo-da-grande-rio-para-o-proximo-carnaval\/#primaryimage"},"thumbnailUrl":"https:\/\/lurdinha.org\/site\/wp-content\/uploads\/FB_IMG_1592017999646.jpg","articleSection":["uma opini\u00e3o"],"inLanguage":"pt-BR","potentialAction":[{"@type":"CommentAction","name":"Comment","target":["https:\/\/lurdinha.org\/site\/exu-e-o-enredo-da-grande-rio-para-o-proximo-carnaval\/#respond"]}]},{"@type":"WebPage","@id":"https:\/\/lurdinha.org\/site\/exu-e-o-enredo-da-grande-rio-para-o-proximo-carnaval\/","url":"https:\/\/lurdinha.org\/site\/exu-e-o-enredo-da-grande-rio-para-o-proximo-carnaval\/","name":"Exu \u00e9 o enredo da Grande Rio para o pr\u00f3ximo Carnaval - Lurdinha - Duque de Caxias para Est\u00f4magos Fortes","isPartOf":{"@id":"https:\/\/lurdinha.org\/site\/#website"},"primaryImageOfPage":{"@id":"https:\/\/lurdinha.org\/site\/exu-e-o-enredo-da-grande-rio-para-o-proximo-carnaval\/#primaryimage"},"image":{"@id":"https:\/\/lurdinha.org\/site\/exu-e-o-enredo-da-grande-rio-para-o-proximo-carnaval\/#primaryimage"},"thumbnailUrl":"https:\/\/lurdinha.org\/site\/wp-content\/uploads\/FB_IMG_1592017999646.jpg","datePublished":"2020-06-13T03:45:01+00:00","dateModified":"2020-06-15T14:43:54+00:00","breadcrumb":{"@id":"https:\/\/lurdinha.org\/site\/exu-e-o-enredo-da-grande-rio-para-o-proximo-carnaval\/#breadcrumb"},"inLanguage":"pt-BR","potentialAction":[{"@type":"ReadAction","target":["https:\/\/lurdinha.org\/site\/exu-e-o-enredo-da-grande-rio-para-o-proximo-carnaval\/"]}]},{"@type":"ImageObject","inLanguage":"pt-BR","@id":"https:\/\/lurdinha.org\/site\/exu-e-o-enredo-da-grande-rio-para-o-proximo-carnaval\/#primaryimage","url":"https:\/\/lurdinha.org\/site\/wp-content\/uploads\/FB_IMG_1592017999646.jpg","contentUrl":"https:\/\/lurdinha.org\/site\/wp-content\/uploads\/FB_IMG_1592017999646.jpg","width":905,"height":1280},{"@type":"BreadcrumbList","@id":"https:\/\/lurdinha.org\/site\/exu-e-o-enredo-da-grande-rio-para-o-proximo-carnaval\/#breadcrumb","itemListElement":[{"@type":"ListItem","position":1,"name":"In\u00edcio","item":"https:\/\/lurdinha.org\/site\/"},{"@type":"ListItem","position":2,"name":"Exu \u00e9 o enredo da Grande Rio para o pr\u00f3ximo Carnaval"}]},{"@type":"WebSite","@id":"https:\/\/lurdinha.org\/site\/#website","url":"https:\/\/lurdinha.org\/site\/","name":"Lurdinha - Duque de Caxias para Est\u00f4magos Fortes","description":"Site sobre Arte, Cultura, Pol\u00edtica, Sociedade e curiosidades da cidade de Duque de Caxias, RJ","publisher":{"@id":"https:\/\/lurdinha.org\/site\/#organization"},"alternateName":"Lurdinha","potentialAction":[{"@type":"SearchAction","target":{"@type":"EntryPoint","urlTemplate":"https:\/\/lurdinha.org\/site\/?s={search_term_string}"},"query-input":{"@type":"PropertyValueSpecification","valueRequired":true,"valueName":"search_term_string"}}],"inLanguage":"pt-BR"},{"@type":"Organization","@id":"https:\/\/lurdinha.org\/site\/#organization","name":"Lurdinha de Caxias","url":"https:\/\/lurdinha.org\/site\/","logo":{"@type":"ImageObject","inLanguage":"pt-BR","@id":"https:\/\/lurdinha.org\/site\/#\/schema\/logo\/image\/","url":"https:\/\/lurdinha.org\/site\/wp-content\/uploads\/logo-lurdinha.jpg","contentUrl":"https:\/\/lurdinha.org\/site\/wp-content\/uploads\/logo-lurdinha.jpg","width":640,"height":60,"caption":"Lurdinha de Caxias"},"image":{"@id":"https:\/\/lurdinha.org\/site\/#\/schema\/logo\/image\/"},"sameAs":["https:\/\/www.facebook.com\/LurdinhadeCaxias","https:\/\/www.instagram.com\/lurdinhadecaxias"]},{"@type":"Person","@id":"https:\/\/lurdinha.org\/site\/#\/schema\/person\/962cc3e1090602931955c4bd427a5b79","name":"Marroni Alves","image":{"@type":"ImageObject","inLanguage":"pt-BR","@id":"https:\/\/secure.gravatar.com\/avatar\/1ad3bda8d2f95405271f92b1a014b8c0c906279b4732863ae89fa73c6e251ddf?s=96&d=mm&r=g","url":"https:\/\/secure.gravatar.com\/avatar\/1ad3bda8d2f95405271f92b1a014b8c0c906279b4732863ae89fa73c6e251ddf?s=96&d=mm&r=g","contentUrl":"https:\/\/secure.gravatar.com\/avatar\/1ad3bda8d2f95405271f92b1a014b8c0c906279b4732863ae89fa73c6e251ddf?s=96&d=mm&r=g","caption":"Marroni Alves"},"description":"Filho da escola p\u00fablica e de pernambucanos. Nascido no Hospital Duque, mas sempre no Hospital Infantil. Formado em Hist\u00f3ria na FEUDUC, dou aula em pr\u00e9-vestibular comunit\u00e1rio na Vila Ideal, Jardim Gramacho, Complexo da Mangueirinha e Xerem.","sameAs":["profmarroni","https:\/\/www.instagram.com\/marronialves\/","https:\/\/x.com\/MarroniAlves"],"url":"https:\/\/lurdinha.org\/site\/author\/marroni\/"}]}},"views":2587,"_links":{"self":[{"href":"https:\/\/lurdinha.org\/site\/wp-json\/wp\/v2\/posts\/8859","targetHints":{"allow":["GET"]}}],"collection":[{"href":"https:\/\/lurdinha.org\/site\/wp-json\/wp\/v2\/posts"}],"about":[{"href":"https:\/\/lurdinha.org\/site\/wp-json\/wp\/v2\/types\/post"}],"author":[{"embeddable":true,"href":"https:\/\/lurdinha.org\/site\/wp-json\/wp\/v2\/users\/69"}],"replies":[{"embeddable":true,"href":"https:\/\/lurdinha.org\/site\/wp-json\/wp\/v2\/comments?post=8859"}],"version-history":[{"count":4,"href":"https:\/\/lurdinha.org\/site\/wp-json\/wp\/v2\/posts\/8859\/revisions"}],"predecessor-version":[{"id":8867,"href":"https:\/\/lurdinha.org\/site\/wp-json\/wp\/v2\/posts\/8859\/revisions\/8867"}],"wp:featuredmedia":[{"embeddable":true,"href":"https:\/\/lurdinha.org\/site\/wp-json\/wp\/v2\/media\/8860"}],"wp:attachment":[{"href":"https:\/\/lurdinha.org\/site\/wp-json\/wp\/v2\/media?parent=8859"}],"wp:term":[{"taxonomy":"category","embeddable":true,"href":"https:\/\/lurdinha.org\/site\/wp-json\/wp\/v2\/categories?post=8859"},{"taxonomy":"post_tag","embeddable":true,"href":"https:\/\/lurdinha.org\/site\/wp-json\/wp\/v2\/tags?post=8859"}],"curies":[{"name":"wp","href":"https:\/\/api.w.org\/{rel}","templated":true}]}}