{"id":8816,"date":"2020-05-20T17:22:07","date_gmt":"2020-05-20T17:22:07","guid":{"rendered":"https:\/\/lurdinha.org\/site\/?p=8816"},"modified":"2020-05-20T17:24:54","modified_gmt":"2020-05-20T17:24:54","slug":"sao-bento-caxias-quarentena","status":"publish","type":"post","link":"https:\/\/lurdinha.org\/site\/sao-bento-caxias-quarentena\/","title":{"rendered":"S\u00e3o Bento, Caxias &#8211; Quarentena?"},"content":{"rendered":"<p><img loading=\"lazy\" decoding=\"async\" class=\"alignnone size-full wp-image-8817\" src=\"https:\/\/lurdinha.org\/site\/wp-content\/uploads\/mineiro_SaoBento_foto-IgorFreitasLima.jpg\" alt=\"Mineiro - quarentena no S\u00e3o Bento, Duque de Caxias, RJ\" width=\"800\" height=\"582\" srcset=\"https:\/\/lurdinha.org\/site\/wp-content\/uploads\/mineiro_SaoBento_foto-IgorFreitasLima.jpg 800w, https:\/\/lurdinha.org\/site\/wp-content\/uploads\/mineiro_SaoBento_foto-IgorFreitasLima-300x218.jpg 300w, https:\/\/lurdinha.org\/site\/wp-content\/uploads\/mineiro_SaoBento_foto-IgorFreitasLima-610x444.jpg 610w, https:\/\/lurdinha.org\/site\/wp-content\/uploads\/mineiro_SaoBento_foto-IgorFreitasLima-768x559.jpg 768w, https:\/\/lurdinha.org\/site\/wp-content\/uploads\/mineiro_SaoBento_foto-IgorFreitasLima-177x130.jpg 177w\" sizes=\"auto, (max-width: 800px) 100vw, 800px\" \/><\/p>\n<p>Baixada Fluminense, Duque de Caxias (S\u00e3o Bento) &#8211; RJ (quarentena?)<\/p>\n<p>Esse \u00e9 o Jos\u00e9 dos Reis da Silva, mais conhecido como &#8220;Mineiro&#8221;.<\/p>\n<p>Mineiro \u00e9 um senhor muito simp\u00e1tico de 60 anos, \u00e9 de Uberl\u00e2ndia, munic\u00edpio de Minas Gerais. Ele conta que mora no Rio de Janeiro h\u00e1 19 anos e trabalhou com o que p\u00f4de, inclusive com transporte alternativo. (Minha m\u00e3e voltava do trabalho no Humait\u00e1 at\u00e9 o S\u00e3o Bento na Kombi de Seu Jos\u00e9, a cerca de 35 km de dist\u00e2ncia).<\/p>\n<p>Mineiro conta que passou e ainda passa por muitas dificuldades, assim como a maioria da popula\u00e7\u00e3o da Baixada Fluminense, inclusive j\u00e1 precisou catar latas para sobreviver e que at\u00e9 hoje cata objetos que algumas pessoas jogam no lixo, no qual ele ainda ver utilidade. Faz algum tempinho que Mineiro montou a sua muito humilde lojinha que vende de tudo e ainda conserta bicicletas. Muito orgulhoso ele me disse que est\u00e1 terminando os seus estudos (Ensino M\u00e9dio), pretende fazer faculdade de Direito e que tem o sonho de aprender a falar ingl\u00eas, me disse que estuda o idioma por conta pr\u00f3pria.<\/p>\n<p>Mineiro claramente passou por muitas coisas na vida, al\u00e9m dessa breve conversa que teve comigo, um pequeno fragmento que j\u00e1 d\u00e1 para imaginar a sua hist\u00f3ria de vida. Desejamos ele que tenha muita mais hist\u00f3rias novas, inclusive de muitas vit\u00f3rias.<\/p>\n<p>\u00c9 claro que n\u00e3o \u00e9 s\u00f3 o Mineiro que \u00e9 cheio de hist\u00f3rias, assim como ele, todas outras pessoas t\u00eam, e elas s\u00e3o vidas, vidas muito importante para si pr\u00f3prio e para outros. Tratar a vidas como n\u00famero \u00e9 um erro grav\u00edssimo, principalmente quando n\u00e3o sabemos contar ou entender a diferen\u00e7a de 1, 100, 1000, 10.000, 15.000 mortos.<\/p>\n<p>Aqui n\u00e3o temos quarentena e pior, n\u00e3o temos como parar. Aqui falta saneamento, falta acesso b\u00e1sico a sa\u00fade, plano econ\u00f4mico, falta educa\u00e7\u00e3o. Aqui falta a maioria dos direitos b\u00e1sicos que todos os cidad\u00e3os brasileiros deveriam ter, e esses direitos se encontram na constitui\u00e7\u00e3o brasileira, mas n\u00e3o com os brasileiros reais.<\/p>\n<p>&#8211;<br \/>\n<a href=\"https:\/\/lurdinha.org\/site\/author\/igorfreitas\/\"><strong>Igor Freitas Lima<\/strong><\/a><br \/>\n<a href=\"https:\/\/www.instagram.com\/igorfreitasbxd\/\" target=\"_blank\" rel=\"noopener noreferrer\"><em>https:\/\/www.instagram.com\/igorfreitasbxd\/<\/em><\/a><\/p>\n","protected":false},"excerpt":{"rendered":"<p>Baixada Fluminense, Duque de Caxias (S\u00e3o Bento) &#8211; RJ (quarentena?) Esse \u00e9 o Jos\u00e9 dos&#8230;<\/p>\n","protected":false},"author":48,"featured_media":8817,"comment_status":"open","ping_status":"closed","sticky":false,"template":"","format":"standard","meta":{"footnotes":""},"categories":[3,4],"tags":[],"class_list":["post-8816","post","type-post","status-publish","format-standard","has-post-thumbnail","hentry","category-clique","category-opiniao"],"yoast_head":"<!-- This site is optimized with the Yoast SEO plugin v27.5 - https:\/\/yoast.com\/product\/yoast-seo-wordpress\/ -->\n<title>S\u00e3o Bento, Caxias - Quarentena? - Lurdinha - Duque de Caxias para Est\u00f4magos Fortes<\/title>\n<meta name=\"robots\" content=\"index, follow, max-snippet:-1, max-image-preview:large, max-video-preview:-1\" \/>\n<link rel=\"canonical\" href=\"https:\/\/lurdinha.org\/site\/sao-bento-caxias-quarentena\/\" \/>\n<meta property=\"og:locale\" content=\"pt_BR\" \/>\n<meta property=\"og:type\" content=\"article\" \/>\n<meta property=\"og:title\" content=\"S\u00e3o Bento, Caxias - Quarentena? - Lurdinha - Duque de Caxias para Est\u00f4magos Fortes\" \/>\n<meta property=\"og:description\" content=\"Baixada Fluminense, Duque de Caxias (S\u00e3o Bento) &#8211; RJ (quarentena?) Esse \u00e9 o Jos\u00e9 dos...\" \/>\n<meta property=\"og:url\" content=\"https:\/\/lurdinha.org\/site\/sao-bento-caxias-quarentena\/\" \/>\n<meta property=\"og:site_name\" content=\"Lurdinha - Duque de Caxias para Est\u00f4magos Fortes\" \/>\n<meta property=\"article:publisher\" content=\"https:\/\/www.facebook.com\/LurdinhadeCaxias\" \/>\n<meta property=\"article:author\" content=\"igor.f.lima.3\" \/>\n<meta property=\"article:published_time\" content=\"2020-05-20T17:22:07+00:00\" \/>\n<meta property=\"article:modified_time\" content=\"2020-05-20T17:24:54+00:00\" \/>\n<meta property=\"og:image\" content=\"https:\/\/lurdinha.org\/site\/wp-content\/uploads\/mineiro_SaoBento_foto-IgorFreitasLima.jpg\" \/>\n\t<meta property=\"og:image:width\" content=\"800\" \/>\n\t<meta property=\"og:image:height\" content=\"582\" \/>\n\t<meta property=\"og:image:type\" content=\"image\/jpeg\" \/>\n<meta name=\"author\" content=\"Igor Freitas Lima\" \/>\n<meta name=\"twitter:card\" content=\"summary_large_image\" \/>\n<meta name=\"twitter:label1\" content=\"Escrito por\" \/>\n\t<meta name=\"twitter:data1\" content=\"Igor Freitas Lima\" \/>\n\t<meta name=\"twitter:label2\" content=\"Est. tempo de leitura\" \/>\n\t<meta name=\"twitter:data2\" content=\"2 minutos\" \/>\n<script type=\"application\/ld+json\" class=\"yoast-schema-graph\">{\"@context\":\"https:\\\/\\\/schema.org\",\"@graph\":[{\"@type\":\"Article\",\"@id\":\"https:\\\/\\\/lurdinha.org\\\/site\\\/sao-bento-caxias-quarentena\\\/#article\",\"isPartOf\":{\"@id\":\"https:\\\/\\\/lurdinha.org\\\/site\\\/sao-bento-caxias-quarentena\\\/\"},\"author\":{\"name\":\"Igor Freitas Lima\",\"@id\":\"https:\\\/\\\/lurdinha.org\\\/site\\\/#\\\/schema\\\/person\\\/25ede176617af6b572f2f01289e72526\"},\"headline\":\"S\u00e3o Bento, Caxias &#8211; Quarentena?\",\"datePublished\":\"2020-05-20T17:22:07+00:00\",\"dateModified\":\"2020-05-20T17:24:54+00:00\",\"mainEntityOfPage\":{\"@id\":\"https:\\\/\\\/lurdinha.org\\\/site\\\/sao-bento-caxias-quarentena\\\/\"},\"wordCount\":365,\"commentCount\":0,\"publisher\":{\"@id\":\"https:\\\/\\\/lurdinha.org\\\/site\\\/#organization\"},\"image\":{\"@id\":\"https:\\\/\\\/lurdinha.org\\\/site\\\/sao-bento-caxias-quarentena\\\/#primaryimage\"},\"thumbnailUrl\":\"https:\\\/\\\/lurdinha.org\\\/site\\\/wp-content\\\/uploads\\\/mineiro_SaoBento_foto-IgorFreitasLima.jpg\",\"articleSection\":[\"clique\",\"uma opini\u00e3o\"],\"inLanguage\":\"pt-BR\",\"potentialAction\":[{\"@type\":\"CommentAction\",\"name\":\"Comment\",\"target\":[\"https:\\\/\\\/lurdinha.org\\\/site\\\/sao-bento-caxias-quarentena\\\/#respond\"]}]},{\"@type\":\"WebPage\",\"@id\":\"https:\\\/\\\/lurdinha.org\\\/site\\\/sao-bento-caxias-quarentena\\\/\",\"url\":\"https:\\\/\\\/lurdinha.org\\\/site\\\/sao-bento-caxias-quarentena\\\/\",\"name\":\"S\u00e3o Bento, Caxias - Quarentena? - Lurdinha - Duque de Caxias para Est\u00f4magos Fortes\",\"isPartOf\":{\"@id\":\"https:\\\/\\\/lurdinha.org\\\/site\\\/#website\"},\"primaryImageOfPage\":{\"@id\":\"https:\\\/\\\/lurdinha.org\\\/site\\\/sao-bento-caxias-quarentena\\\/#primaryimage\"},\"image\":{\"@id\":\"https:\\\/\\\/lurdinha.org\\\/site\\\/sao-bento-caxias-quarentena\\\/#primaryimage\"},\"thumbnailUrl\":\"https:\\\/\\\/lurdinha.org\\\/site\\\/wp-content\\\/uploads\\\/mineiro_SaoBento_foto-IgorFreitasLima.jpg\",\"datePublished\":\"2020-05-20T17:22:07+00:00\",\"dateModified\":\"2020-05-20T17:24:54+00:00\",\"breadcrumb\":{\"@id\":\"https:\\\/\\\/lurdinha.org\\\/site\\\/sao-bento-caxias-quarentena\\\/#breadcrumb\"},\"inLanguage\":\"pt-BR\",\"potentialAction\":[{\"@type\":\"ReadAction\",\"target\":[\"https:\\\/\\\/lurdinha.org\\\/site\\\/sao-bento-caxias-quarentena\\\/\"]}]},{\"@type\":\"ImageObject\",\"inLanguage\":\"pt-BR\",\"@id\":\"https:\\\/\\\/lurdinha.org\\\/site\\\/sao-bento-caxias-quarentena\\\/#primaryimage\",\"url\":\"https:\\\/\\\/lurdinha.org\\\/site\\\/wp-content\\\/uploads\\\/mineiro_SaoBento_foto-IgorFreitasLima.jpg\",\"contentUrl\":\"https:\\\/\\\/lurdinha.org\\\/site\\\/wp-content\\\/uploads\\\/mineiro_SaoBento_foto-IgorFreitasLima.jpg\",\"width\":800,\"height\":582,\"caption\":\"Mineiro - quarentena no S\u00e3o Bento, Duque de Caxias, RJ\"},{\"@type\":\"BreadcrumbList\",\"@id\":\"https:\\\/\\\/lurdinha.org\\\/site\\\/sao-bento-caxias-quarentena\\\/#breadcrumb\",\"itemListElement\":[{\"@type\":\"ListItem\",\"position\":1,\"name\":\"In\u00edcio\",\"item\":\"https:\\\/\\\/lurdinha.org\\\/site\\\/\"},{\"@type\":\"ListItem\",\"position\":2,\"name\":\"S\u00e3o Bento, Caxias &#8211; Quarentena?\"}]},{\"@type\":\"WebSite\",\"@id\":\"https:\\\/\\\/lurdinha.org\\\/site\\\/#website\",\"url\":\"https:\\\/\\\/lurdinha.org\\\/site\\\/\",\"name\":\"Lurdinha - Duque de Caxias para Est\u00f4magos Fortes\",\"description\":\"Site sobre Arte, Cultura, Pol\u00edtica, Sociedade e curiosidades da cidade de Duque de Caxias, RJ\",\"publisher\":{\"@id\":\"https:\\\/\\\/lurdinha.org\\\/site\\\/#organization\"},\"alternateName\":\"Lurdinha\",\"potentialAction\":[{\"@type\":\"SearchAction\",\"target\":{\"@type\":\"EntryPoint\",\"urlTemplate\":\"https:\\\/\\\/lurdinha.org\\\/site\\\/?s={search_term_string}\"},\"query-input\":{\"@type\":\"PropertyValueSpecification\",\"valueRequired\":true,\"valueName\":\"search_term_string\"}}],\"inLanguage\":\"pt-BR\"},{\"@type\":\"Organization\",\"@id\":\"https:\\\/\\\/lurdinha.org\\\/site\\\/#organization\",\"name\":\"Lurdinha de Caxias\",\"url\":\"https:\\\/\\\/lurdinha.org\\\/site\\\/\",\"logo\":{\"@type\":\"ImageObject\",\"inLanguage\":\"pt-BR\",\"@id\":\"https:\\\/\\\/lurdinha.org\\\/site\\\/#\\\/schema\\\/logo\\\/image\\\/\",\"url\":\"https:\\\/\\\/lurdinha.org\\\/site\\\/wp-content\\\/uploads\\\/logo-lurdinha.jpg\",\"contentUrl\":\"https:\\\/\\\/lurdinha.org\\\/site\\\/wp-content\\\/uploads\\\/logo-lurdinha.jpg\",\"width\":640,\"height\":60,\"caption\":\"Lurdinha de Caxias\"},\"image\":{\"@id\":\"https:\\\/\\\/lurdinha.org\\\/site\\\/#\\\/schema\\\/logo\\\/image\\\/\"},\"sameAs\":[\"https:\\\/\\\/www.facebook.com\\\/LurdinhadeCaxias\",\"https:\\\/\\\/www.instagram.com\\\/lurdinhadecaxias\"]},{\"@type\":\"Person\",\"@id\":\"https:\\\/\\\/lurdinha.org\\\/site\\\/#\\\/schema\\\/person\\\/25ede176617af6b572f2f01289e72526\",\"name\":\"Igor Freitas Lima\",\"image\":{\"@type\":\"ImageObject\",\"inLanguage\":\"pt-BR\",\"@id\":\"https:\\\/\\\/secure.gravatar.com\\\/avatar\\\/ef2bed1b1c66f48b331c8f358b5c1f0e3ad42c5eaebbfa2417e39351fe95a793?s=96&d=mm&r=g\",\"url\":\"https:\\\/\\\/secure.gravatar.com\\\/avatar\\\/ef2bed1b1c66f48b331c8f358b5c1f0e3ad42c5eaebbfa2417e39351fe95a793?s=96&d=mm&r=g\",\"contentUrl\":\"https:\\\/\\\/secure.gravatar.com\\\/avatar\\\/ef2bed1b1c66f48b331c8f358b5c1f0e3ad42c5eaebbfa2417e39351fe95a793?s=96&d=mm&r=g\",\"caption\":\"Igor Freitas Lima\"},\"description\":\"Fot\u00f3grafo e m\u00fasico. Integra o Coletivo Fala e o Barrac\u00e3o.\",\"sameAs\":[\"igor.f.lima.3\",\"https:\\\/\\\/www.instagram.com\\\/igorfreitasbxd\"],\"url\":\"https:\\\/\\\/lurdinha.org\\\/site\\\/author\\\/igorfreitas\\\/\"}]}<\/script>\n<!-- \/ Yoast SEO plugin. -->","yoast_head_json":{"title":"S\u00e3o Bento, Caxias - Quarentena? - Lurdinha - Duque de Caxias para Est\u00f4magos Fortes","robots":{"index":"index","follow":"follow","max-snippet":"max-snippet:-1","max-image-preview":"max-image-preview:large","max-video-preview":"max-video-preview:-1"},"canonical":"https:\/\/lurdinha.org\/site\/sao-bento-caxias-quarentena\/","og_locale":"pt_BR","og_type":"article","og_title":"S\u00e3o Bento, Caxias - Quarentena? - Lurdinha - Duque de Caxias para Est\u00f4magos Fortes","og_description":"Baixada Fluminense, Duque de Caxias (S\u00e3o Bento) &#8211; RJ (quarentena?) Esse \u00e9 o Jos\u00e9 dos...","og_url":"https:\/\/lurdinha.org\/site\/sao-bento-caxias-quarentena\/","og_site_name":"Lurdinha - Duque de Caxias para Est\u00f4magos Fortes","article_publisher":"https:\/\/www.facebook.com\/LurdinhadeCaxias","article_author":"igor.f.lima.3","article_published_time":"2020-05-20T17:22:07+00:00","article_modified_time":"2020-05-20T17:24:54+00:00","og_image":[{"width":800,"height":582,"url":"https:\/\/lurdinha.org\/site\/wp-content\/uploads\/mineiro_SaoBento_foto-IgorFreitasLima.jpg","type":"image\/jpeg"}],"author":"Igor Freitas Lima","twitter_card":"summary_large_image","twitter_misc":{"Escrito por":"Igor Freitas Lima","Est. tempo de leitura":"2 minutos"},"schema":{"@context":"https:\/\/schema.org","@graph":[{"@type":"Article","@id":"https:\/\/lurdinha.org\/site\/sao-bento-caxias-quarentena\/#article","isPartOf":{"@id":"https:\/\/lurdinha.org\/site\/sao-bento-caxias-quarentena\/"},"author":{"name":"Igor Freitas Lima","@id":"https:\/\/lurdinha.org\/site\/#\/schema\/person\/25ede176617af6b572f2f01289e72526"},"headline":"S\u00e3o Bento, Caxias &#8211; Quarentena?","datePublished":"2020-05-20T17:22:07+00:00","dateModified":"2020-05-20T17:24:54+00:00","mainEntityOfPage":{"@id":"https:\/\/lurdinha.org\/site\/sao-bento-caxias-quarentena\/"},"wordCount":365,"commentCount":0,"publisher":{"@id":"https:\/\/lurdinha.org\/site\/#organization"},"image":{"@id":"https:\/\/lurdinha.org\/site\/sao-bento-caxias-quarentena\/#primaryimage"},"thumbnailUrl":"https:\/\/lurdinha.org\/site\/wp-content\/uploads\/mineiro_SaoBento_foto-IgorFreitasLima.jpg","articleSection":["clique","uma opini\u00e3o"],"inLanguage":"pt-BR","potentialAction":[{"@type":"CommentAction","name":"Comment","target":["https:\/\/lurdinha.org\/site\/sao-bento-caxias-quarentena\/#respond"]}]},{"@type":"WebPage","@id":"https:\/\/lurdinha.org\/site\/sao-bento-caxias-quarentena\/","url":"https:\/\/lurdinha.org\/site\/sao-bento-caxias-quarentena\/","name":"S\u00e3o Bento, Caxias - Quarentena? - Lurdinha - Duque de Caxias para Est\u00f4magos Fortes","isPartOf":{"@id":"https:\/\/lurdinha.org\/site\/#website"},"primaryImageOfPage":{"@id":"https:\/\/lurdinha.org\/site\/sao-bento-caxias-quarentena\/#primaryimage"},"image":{"@id":"https:\/\/lurdinha.org\/site\/sao-bento-caxias-quarentena\/#primaryimage"},"thumbnailUrl":"https:\/\/lurdinha.org\/site\/wp-content\/uploads\/mineiro_SaoBento_foto-IgorFreitasLima.jpg","datePublished":"2020-05-20T17:22:07+00:00","dateModified":"2020-05-20T17:24:54+00:00","breadcrumb":{"@id":"https:\/\/lurdinha.org\/site\/sao-bento-caxias-quarentena\/#breadcrumb"},"inLanguage":"pt-BR","potentialAction":[{"@type":"ReadAction","target":["https:\/\/lurdinha.org\/site\/sao-bento-caxias-quarentena\/"]}]},{"@type":"ImageObject","inLanguage":"pt-BR","@id":"https:\/\/lurdinha.org\/site\/sao-bento-caxias-quarentena\/#primaryimage","url":"https:\/\/lurdinha.org\/site\/wp-content\/uploads\/mineiro_SaoBento_foto-IgorFreitasLima.jpg","contentUrl":"https:\/\/lurdinha.org\/site\/wp-content\/uploads\/mineiro_SaoBento_foto-IgorFreitasLima.jpg","width":800,"height":582,"caption":"Mineiro - quarentena no S\u00e3o Bento, Duque de Caxias, RJ"},{"@type":"BreadcrumbList","@id":"https:\/\/lurdinha.org\/site\/sao-bento-caxias-quarentena\/#breadcrumb","itemListElement":[{"@type":"ListItem","position":1,"name":"In\u00edcio","item":"https:\/\/lurdinha.org\/site\/"},{"@type":"ListItem","position":2,"name":"S\u00e3o Bento, Caxias &#8211; Quarentena?"}]},{"@type":"WebSite","@id":"https:\/\/lurdinha.org\/site\/#website","url":"https:\/\/lurdinha.org\/site\/","name":"Lurdinha - Duque de Caxias para Est\u00f4magos Fortes","description":"Site sobre Arte, Cultura, Pol\u00edtica, Sociedade e curiosidades da cidade de Duque de Caxias, RJ","publisher":{"@id":"https:\/\/lurdinha.org\/site\/#organization"},"alternateName":"Lurdinha","potentialAction":[{"@type":"SearchAction","target":{"@type":"EntryPoint","urlTemplate":"https:\/\/lurdinha.org\/site\/?s={search_term_string}"},"query-input":{"@type":"PropertyValueSpecification","valueRequired":true,"valueName":"search_term_string"}}],"inLanguage":"pt-BR"},{"@type":"Organization","@id":"https:\/\/lurdinha.org\/site\/#organization","name":"Lurdinha de Caxias","url":"https:\/\/lurdinha.org\/site\/","logo":{"@type":"ImageObject","inLanguage":"pt-BR","@id":"https:\/\/lurdinha.org\/site\/#\/schema\/logo\/image\/","url":"https:\/\/lurdinha.org\/site\/wp-content\/uploads\/logo-lurdinha.jpg","contentUrl":"https:\/\/lurdinha.org\/site\/wp-content\/uploads\/logo-lurdinha.jpg","width":640,"height":60,"caption":"Lurdinha de Caxias"},"image":{"@id":"https:\/\/lurdinha.org\/site\/#\/schema\/logo\/image\/"},"sameAs":["https:\/\/www.facebook.com\/LurdinhadeCaxias","https:\/\/www.instagram.com\/lurdinhadecaxias"]},{"@type":"Person","@id":"https:\/\/lurdinha.org\/site\/#\/schema\/person\/25ede176617af6b572f2f01289e72526","name":"Igor Freitas Lima","image":{"@type":"ImageObject","inLanguage":"pt-BR","@id":"https:\/\/secure.gravatar.com\/avatar\/ef2bed1b1c66f48b331c8f358b5c1f0e3ad42c5eaebbfa2417e39351fe95a793?s=96&d=mm&r=g","url":"https:\/\/secure.gravatar.com\/avatar\/ef2bed1b1c66f48b331c8f358b5c1f0e3ad42c5eaebbfa2417e39351fe95a793?s=96&d=mm&r=g","contentUrl":"https:\/\/secure.gravatar.com\/avatar\/ef2bed1b1c66f48b331c8f358b5c1f0e3ad42c5eaebbfa2417e39351fe95a793?s=96&d=mm&r=g","caption":"Igor Freitas Lima"},"description":"Fot\u00f3grafo e m\u00fasico. Integra o Coletivo Fala e o Barrac\u00e3o.","sameAs":["igor.f.lima.3","https:\/\/www.instagram.com\/igorfreitasbxd"],"url":"https:\/\/lurdinha.org\/site\/author\/igorfreitas\/"}]}},"views":2216,"_links":{"self":[{"href":"https:\/\/lurdinha.org\/site\/wp-json\/wp\/v2\/posts\/8816","targetHints":{"allow":["GET"]}}],"collection":[{"href":"https:\/\/lurdinha.org\/site\/wp-json\/wp\/v2\/posts"}],"about":[{"href":"https:\/\/lurdinha.org\/site\/wp-json\/wp\/v2\/types\/post"}],"author":[{"embeddable":true,"href":"https:\/\/lurdinha.org\/site\/wp-json\/wp\/v2\/users\/48"}],"replies":[{"embeddable":true,"href":"https:\/\/lurdinha.org\/site\/wp-json\/wp\/v2\/comments?post=8816"}],"version-history":[{"count":3,"href":"https:\/\/lurdinha.org\/site\/wp-json\/wp\/v2\/posts\/8816\/revisions"}],"predecessor-version":[{"id":8820,"href":"https:\/\/lurdinha.org\/site\/wp-json\/wp\/v2\/posts\/8816\/revisions\/8820"}],"wp:featuredmedia":[{"embeddable":true,"href":"https:\/\/lurdinha.org\/site\/wp-json\/wp\/v2\/media\/8817"}],"wp:attachment":[{"href":"https:\/\/lurdinha.org\/site\/wp-json\/wp\/v2\/media?parent=8816"}],"wp:term":[{"taxonomy":"category","embeddable":true,"href":"https:\/\/lurdinha.org\/site\/wp-json\/wp\/v2\/categories?post=8816"},{"taxonomy":"post_tag","embeddable":true,"href":"https:\/\/lurdinha.org\/site\/wp-json\/wp\/v2\/tags?post=8816"}],"curies":[{"name":"wp","href":"https:\/\/api.w.org\/{rel}","templated":true}]}}