{"id":8700,"date":"2020-04-26T14:29:07","date_gmt":"2020-04-26T14:29:07","guid":{"rendered":"https:\/\/lurdinha.org\/site\/?p=8700"},"modified":"2020-04-28T16:45:44","modified_gmt":"2020-04-28T16:45:44","slug":"fabrica-uniao-manufatora-de-tecidos-de-duque-de-caxias-brasperola","status":"publish","type":"post","link":"https:\/\/lurdinha.org\/site\/fabrica-uniao-manufatora-de-tecidos-de-duque-de-caxias-brasperola\/","title":{"rendered":"F\u00c1BRICA UNI\u00c3O MANUFATORA DE TECIDOS DE DUQUE DE CAXIAS: BR\u00c1SPEROLA"},"content":{"rendered":"<p class=\"western\"><span style=\"font-size: large;\">No local onde est\u00e1 instalada o Atacad\u00e3o Assa\u00ed, na Avenida Governador Leonel de Mora Brizola (antiga Presidente Kennedy) existia a F\u00e1brica <strong>Uni\u00e3o Manufatora de Tecidos de Duque de Caxias<\/strong>. Criada em 1946, tr\u00eas anos ap\u00f3s a emancipa\u00e7\u00e3o da cidade, instalou-se inicialmente no Corte 7, ao p\u00e9 do \u201cMorro das Cabras\u201d, pr\u00f3ximo ao cemit\u00e9rio de Nossa Senhora de Bel\u00e9m &#8211; Cemit\u00e9rio do Corte 8. Em 1949, transferiu-se para a \u00e1rea que seria ocupada at\u00e9 a primeira d\u00e9cada dos anos 2.000. <\/span><\/p>\n<p class=\"western\"><span style=\"font-size: large;\"><img loading=\"lazy\" decoding=\"async\" class=\"alignleft size-full wp-image-8706\" src=\"https:\/\/lurdinha.org\/site\/wp-content\/uploads\/fabricauniaomanufatora.jpg\" alt=\"\" width=\"320\" height=\"226\" srcset=\"https:\/\/lurdinha.org\/site\/wp-content\/uploads\/fabricauniaomanufatora.jpg 320w, https:\/\/lurdinha.org\/site\/wp-content\/uploads\/fabricauniaomanufatora-300x212.jpg 300w\" sizes=\"auto, (max-width: 320px) 100vw, 320px\" \/>Ela era interligada \u00e0s do Esp\u00edrito Santo, Pernambuco e Amazonas. Oferecia cursos de treinamento, passo importante para a ascens\u00e3o profissional dentro da f\u00e1brica; e servi\u00e7os que atendiam aos funcion\u00e1rios e suas fam\u00edlias tais como: assist\u00eancia social, m\u00e9dicos, enfermagem, odontologia, creches e outros. <\/span><\/p>\n<p class=\"western\"><span style=\"font-size: large;\">Em 1962, favorecida pela pol\u00edtica, substitu\u00edram seus teares tradicionais por mais modernos, produzidos na Inglaterra, sem lan\u00e7adeiras. Entre 1966 e 1971 adquiriram equipamentos de origem americana e aumentou sua produ\u00e7\u00e3o. Em 1973, inaugurou uma unidade interna dedicada \u00e0 produ\u00e7\u00e3o de sacos pl\u00e1sticos, beneficiadas pela produ\u00e7\u00e3o de propileno da REDUC, passando a funcionar em tr\u00eas turnos.<\/span><\/p>\n<p class=\"western\"><span style=\"font-size: large;\">No seu auge, na d\u00e9cada de 1970, chegou a contar com 2.000 trabalhadores e, para integr\u00e1-los e mant\u00ea-los sob controle fora dos hor\u00e1rios de trabalho, incentivava pr\u00e1ticas esportivas e atividades sociais. Realizava bailes, promovia festas e bailes dan\u00e7antes e participava da Liga de Desportos de Duque de Caxias. Com seu time de futebol amador participava de campeonatos e enfrentava clubes de outras cidades. Nas d\u00e9cadas de 1980 e 1990 n\u00e3o acompanhou as mudan\u00e7as tecnol\u00f3gicas, agonizou e faliu. Seu pr\u00e9dio suntuoso e todas as suas instala\u00e7\u00f5es foram abandonadas. Muitos dos antigos funcion\u00e1rios ainda aguardam suas indeniza\u00e7\u00f5es.<\/span><\/p>\n<p class=\"western\"><span style=\"font-size: large;\"><img loading=\"lazy\" decoding=\"async\" class=\"alignleft size-full wp-image-8707\" src=\"https:\/\/lurdinha.org\/site\/wp-content\/uploads\/fabricauniao.jpg\" alt=\"\" width=\"534\" height=\"359\" srcset=\"https:\/\/lurdinha.org\/site\/wp-content\/uploads\/fabricauniao.jpg 534w, https:\/\/lurdinha.org\/site\/wp-content\/uploads\/fabricauniao-300x202.jpg 300w\" sizes=\"auto, (max-width: 534px) 100vw, 534px\" \/>Sendo a maior f\u00e1brica de linho das Am\u00e9ricas tornou-se uma grande exportadora de tecidos para a It\u00e1lia, Fran\u00e7a, Jap\u00e3o, Estados Unidos, Argentina, Uruguai, Chile. Sua produ\u00e7\u00e3o tamb\u00e9m abastecia v\u00e1rias regi\u00f5es do Brasil sendo consumida por pessoas mais abastadas de v\u00e1rias cidades brasileiras. <\/span><\/p>\n<p class=\"western\"><span style=\"font-size: large;\">Em 2006, a Secretaria Municipal de Cultura de Duque de Caxias elaborou o projeto \u201cUsina da Cultura\u201d e pretendia desapropriar a \u00e1rea da f\u00e1brica, agora abandonada, para transform\u00e1-la num P\u00f3lo Cultural e ponto inicial do trajeto da \u201cEstrada Real de Caxias\u201d. Em 2007, a Confer\u00eancia Municipal de Cultura deliberou sobre o seu Tombamento Hist\u00f3rico e, em uma sess\u00e3o extraordin\u00e1ria do Conselho Municipal de Cultura, iniciou os estudos para o seu dossi\u00ea.<\/span><\/p>\n<p class=\"western\"><span style=\"font-size: large;\">Antecipando-se \u00e0 a\u00e7\u00e3o de tombamento o pr\u00e9dio principal foi demolido e, posteriormente, seu terreno foi vendido ao Mercado Atacadista Assa\u00ed. De suas antigas instala\u00e7\u00f5es restou somente o grande reservat\u00f3rio de \u00e1gua. Do alto do morro ele assiste \u00e0s transforma\u00e7\u00f5es ocorridas de seu entorno.<\/span><\/p>\n<p><img loading=\"lazy\" decoding=\"async\" class=\"size-full wp-image-8705 alignnone\" src=\"https:\/\/lurdinha.org\/site\/wp-content\/uploads\/fabricauniao-.jpg\" alt=\"\" width=\"850\" height=\"612\" srcset=\"https:\/\/lurdinha.org\/site\/wp-content\/uploads\/fabricauniao-.jpg 850w, https:\/\/lurdinha.org\/site\/wp-content\/uploads\/fabricauniao--300x216.jpg 300w, https:\/\/lurdinha.org\/site\/wp-content\/uploads\/fabricauniao--610x439.jpg 610w, https:\/\/lurdinha.org\/site\/wp-content\/uploads\/fabricauniao--768x553.jpg 768w\" sizes=\"auto, (max-width: 850px) 100vw, 850px\" \/><\/p>\n<p>&#8211;<\/p>\n<p class=\"western\"><strong><span style=\"font-size: large;\">FONTE<\/span><\/strong><\/p>\n<p class=\"western\"><span style=\"font-size: large;\">Jornal Folha da Cidade. Duque de Caxias: ano XX. 22.12.1973. n 47.<\/span><\/p>\n<p class=\"western\"><span style=\"font-size: large;\">Peda\u00e7os de Nossa Hist\u00f3ria. In: O Municipal. Duque de Caxias. 9 a 16 de setembro de 2005.<\/span><\/p>\n<p class=\"western\"><span style=\"font-size: large;\">LACERDA. St\u00e9lio. A F\u00e1brica de Tecidos \u201cCorte Oito\u201d. In: Revista Pilares da Hist\u00f3ria. Duque de Caxias e Baixada Fluminense. Ano 09. N\u00famero 10. Ano 2010<\/span><\/p>\n<p>&nbsp;<\/p>\n<div id=\"sdfootnote1\">\n<p class=\"sdfootnote-western\"><em><strong>&#8211;<br \/>\nAlexandre dos Santos Marques \u00e9 Professor de Hist\u00f3ria e Presidente da Associa\u00e7\u00e3o de Professores de Hist\u00f3ria ( APPH-Clio)<\/strong><\/em><\/p>\n<\/div>\n","protected":false},"excerpt":{"rendered":"<p>No local onde est\u00e1 instalada o Atacad\u00e3o Assa\u00ed, na Avenida Governador Leonel de Mora Brizola&#8230;<\/p>\n","protected":false},"author":32,"featured_media":8706,"comment_status":"open","ping_status":"closed","sticky":false,"template":"","format":"standard","meta":{"footnotes":""},"categories":[9],"tags":[1153,11,1152,1151,1150],"class_list":["post-8700","post","type-post","status-publish","format-standard","has-post-thumbnail","hentry","category-historia","tag-brasperola","tag-duque-de-caxias","tag-fabrica-uniao","tag-fabrica-uniao-de-tecidos","tag-fabrica-uniao-manufatora"],"yoast_head":"<!-- This site is optimized with the Yoast SEO plugin v27.5 - https:\/\/yoast.com\/product\/yoast-seo-wordpress\/ -->\n<title>F\u00c1BRICA UNI\u00c3O MANUFATORA DE TECIDOS DE DUQUE DE CAXIAS: BR\u00c1SPEROLA - Lurdinha - Duque de Caxias para Est\u00f4magos Fortes<\/title>\n<meta name=\"robots\" content=\"index, follow, max-snippet:-1, max-image-preview:large, max-video-preview:-1\" \/>\n<link rel=\"canonical\" href=\"https:\/\/lurdinha.org\/site\/fabrica-uniao-manufatora-de-tecidos-de-duque-de-caxias-brasperola\/\" \/>\n<meta property=\"og:locale\" content=\"pt_BR\" \/>\n<meta property=\"og:type\" content=\"article\" \/>\n<meta property=\"og:title\" content=\"F\u00c1BRICA UNI\u00c3O MANUFATORA DE TECIDOS DE DUQUE DE CAXIAS: BR\u00c1SPEROLA - Lurdinha - Duque de Caxias para Est\u00f4magos Fortes\" \/>\n<meta property=\"og:description\" content=\"No local onde est\u00e1 instalada o Atacad\u00e3o Assa\u00ed, na Avenida Governador Leonel de Mora Brizola...\" \/>\n<meta property=\"og:url\" content=\"https:\/\/lurdinha.org\/site\/fabrica-uniao-manufatora-de-tecidos-de-duque-de-caxias-brasperola\/\" \/>\n<meta property=\"og:site_name\" content=\"Lurdinha - Duque de Caxias para Est\u00f4magos Fortes\" \/>\n<meta property=\"article:publisher\" content=\"https:\/\/www.facebook.com\/LurdinhadeCaxias\" \/>\n<meta property=\"article:published_time\" content=\"2020-04-26T14:29:07+00:00\" \/>\n<meta property=\"article:modified_time\" content=\"2020-04-28T16:45:44+00:00\" \/>\n<meta property=\"og:image\" content=\"https:\/\/lurdinha.org\/site\/wp-content\/uploads\/fabricauniaomanufatora.jpg\" \/>\n\t<meta property=\"og:image:width\" content=\"320\" \/>\n\t<meta property=\"og:image:height\" content=\"226\" \/>\n\t<meta property=\"og:image:type\" content=\"image\/jpeg\" \/>\n<meta name=\"author\" content=\"Alexandre Marques\" \/>\n<meta name=\"twitter:card\" content=\"summary_large_image\" \/>\n<meta name=\"twitter:label1\" content=\"Escrito por\" \/>\n\t<meta name=\"twitter:data1\" content=\"Alexandre Marques\" \/>\n\t<meta name=\"twitter:label2\" content=\"Est. tempo de leitura\" \/>\n\t<meta name=\"twitter:data2\" content=\"3 minutos\" \/>\n<script type=\"application\/ld+json\" class=\"yoast-schema-graph\">{\"@context\":\"https:\\\/\\\/schema.org\",\"@graph\":[{\"@type\":\"Article\",\"@id\":\"https:\\\/\\\/lurdinha.org\\\/site\\\/fabrica-uniao-manufatora-de-tecidos-de-duque-de-caxias-brasperola\\\/#article\",\"isPartOf\":{\"@id\":\"https:\\\/\\\/lurdinha.org\\\/site\\\/fabrica-uniao-manufatora-de-tecidos-de-duque-de-caxias-brasperola\\\/\"},\"author\":{\"name\":\"Alexandre Marques\",\"@id\":\"https:\\\/\\\/lurdinha.org\\\/site\\\/#\\\/schema\\\/person\\\/095877f1f551f3cb946814b4c34d6c39\"},\"headline\":\"F\u00c1BRICA UNI\u00c3O MANUFATORA DE TECIDOS DE DUQUE DE CAXIAS: BR\u00c1SPEROLA\",\"datePublished\":\"2020-04-26T14:29:07+00:00\",\"dateModified\":\"2020-04-28T16:45:44+00:00\",\"mainEntityOfPage\":{\"@id\":\"https:\\\/\\\/lurdinha.org\\\/site\\\/fabrica-uniao-manufatora-de-tecidos-de-duque-de-caxias-brasperola\\\/\"},\"wordCount\":561,\"commentCount\":0,\"publisher\":{\"@id\":\"https:\\\/\\\/lurdinha.org\\\/site\\\/#organization\"},\"image\":{\"@id\":\"https:\\\/\\\/lurdinha.org\\\/site\\\/fabrica-uniao-manufatora-de-tecidos-de-duque-de-caxias-brasperola\\\/#primaryimage\"},\"thumbnailUrl\":\"https:\\\/\\\/lurdinha.org\\\/site\\\/wp-content\\\/uploads\\\/fabricauniaomanufatora.jpg\",\"keywords\":[\"brasperola\",\"duque-de-caxias\",\"fabrica uniao\",\"fabrica uniao de tecidos\",\"f\u00e1brica uni\u00e3o manufatora\"],\"articleSection\":[\"hist\u00f3ria\"],\"inLanguage\":\"pt-BR\",\"potentialAction\":[{\"@type\":\"CommentAction\",\"name\":\"Comment\",\"target\":[\"https:\\\/\\\/lurdinha.org\\\/site\\\/fabrica-uniao-manufatora-de-tecidos-de-duque-de-caxias-brasperola\\\/#respond\"]}]},{\"@type\":\"WebPage\",\"@id\":\"https:\\\/\\\/lurdinha.org\\\/site\\\/fabrica-uniao-manufatora-de-tecidos-de-duque-de-caxias-brasperola\\\/\",\"url\":\"https:\\\/\\\/lurdinha.org\\\/site\\\/fabrica-uniao-manufatora-de-tecidos-de-duque-de-caxias-brasperola\\\/\",\"name\":\"F\u00c1BRICA UNI\u00c3O MANUFATORA DE TECIDOS DE DUQUE DE CAXIAS: BR\u00c1SPEROLA - Lurdinha - Duque de Caxias para Est\u00f4magos Fortes\",\"isPartOf\":{\"@id\":\"https:\\\/\\\/lurdinha.org\\\/site\\\/#website\"},\"primaryImageOfPage\":{\"@id\":\"https:\\\/\\\/lurdinha.org\\\/site\\\/fabrica-uniao-manufatora-de-tecidos-de-duque-de-caxias-brasperola\\\/#primaryimage\"},\"image\":{\"@id\":\"https:\\\/\\\/lurdinha.org\\\/site\\\/fabrica-uniao-manufatora-de-tecidos-de-duque-de-caxias-brasperola\\\/#primaryimage\"},\"thumbnailUrl\":\"https:\\\/\\\/lurdinha.org\\\/site\\\/wp-content\\\/uploads\\\/fabricauniaomanufatora.jpg\",\"datePublished\":\"2020-04-26T14:29:07+00:00\",\"dateModified\":\"2020-04-28T16:45:44+00:00\",\"breadcrumb\":{\"@id\":\"https:\\\/\\\/lurdinha.org\\\/site\\\/fabrica-uniao-manufatora-de-tecidos-de-duque-de-caxias-brasperola\\\/#breadcrumb\"},\"inLanguage\":\"pt-BR\",\"potentialAction\":[{\"@type\":\"ReadAction\",\"target\":[\"https:\\\/\\\/lurdinha.org\\\/site\\\/fabrica-uniao-manufatora-de-tecidos-de-duque-de-caxias-brasperola\\\/\"]}]},{\"@type\":\"ImageObject\",\"inLanguage\":\"pt-BR\",\"@id\":\"https:\\\/\\\/lurdinha.org\\\/site\\\/fabrica-uniao-manufatora-de-tecidos-de-duque-de-caxias-brasperola\\\/#primaryimage\",\"url\":\"https:\\\/\\\/lurdinha.org\\\/site\\\/wp-content\\\/uploads\\\/fabricauniaomanufatora.jpg\",\"contentUrl\":\"https:\\\/\\\/lurdinha.org\\\/site\\\/wp-content\\\/uploads\\\/fabricauniaomanufatora.jpg\",\"width\":320,\"height\":226},{\"@type\":\"BreadcrumbList\",\"@id\":\"https:\\\/\\\/lurdinha.org\\\/site\\\/fabrica-uniao-manufatora-de-tecidos-de-duque-de-caxias-brasperola\\\/#breadcrumb\",\"itemListElement\":[{\"@type\":\"ListItem\",\"position\":1,\"name\":\"In\u00edcio\",\"item\":\"https:\\\/\\\/lurdinha.org\\\/site\\\/\"},{\"@type\":\"ListItem\",\"position\":2,\"name\":\"F\u00c1BRICA UNI\u00c3O MANUFATORA DE TECIDOS DE DUQUE DE CAXIAS: BR\u00c1SPEROLA\"}]},{\"@type\":\"WebSite\",\"@id\":\"https:\\\/\\\/lurdinha.org\\\/site\\\/#website\",\"url\":\"https:\\\/\\\/lurdinha.org\\\/site\\\/\",\"name\":\"Lurdinha - Duque de Caxias para Est\u00f4magos Fortes\",\"description\":\"Site sobre Arte, Cultura, Pol\u00edtica, Sociedade e curiosidades da cidade de Duque de Caxias, RJ\",\"publisher\":{\"@id\":\"https:\\\/\\\/lurdinha.org\\\/site\\\/#organization\"},\"alternateName\":\"Lurdinha\",\"potentialAction\":[{\"@type\":\"SearchAction\",\"target\":{\"@type\":\"EntryPoint\",\"urlTemplate\":\"https:\\\/\\\/lurdinha.org\\\/site\\\/?s={search_term_string}\"},\"query-input\":{\"@type\":\"PropertyValueSpecification\",\"valueRequired\":true,\"valueName\":\"search_term_string\"}}],\"inLanguage\":\"pt-BR\"},{\"@type\":\"Organization\",\"@id\":\"https:\\\/\\\/lurdinha.org\\\/site\\\/#organization\",\"name\":\"Lurdinha de Caxias\",\"url\":\"https:\\\/\\\/lurdinha.org\\\/site\\\/\",\"logo\":{\"@type\":\"ImageObject\",\"inLanguage\":\"pt-BR\",\"@id\":\"https:\\\/\\\/lurdinha.org\\\/site\\\/#\\\/schema\\\/logo\\\/image\\\/\",\"url\":\"https:\\\/\\\/lurdinha.org\\\/site\\\/wp-content\\\/uploads\\\/logo-lurdinha.jpg\",\"contentUrl\":\"https:\\\/\\\/lurdinha.org\\\/site\\\/wp-content\\\/uploads\\\/logo-lurdinha.jpg\",\"width\":640,\"height\":60,\"caption\":\"Lurdinha de Caxias\"},\"image\":{\"@id\":\"https:\\\/\\\/lurdinha.org\\\/site\\\/#\\\/schema\\\/logo\\\/image\\\/\"},\"sameAs\":[\"https:\\\/\\\/www.facebook.com\\\/LurdinhadeCaxias\",\"https:\\\/\\\/www.instagram.com\\\/lurdinhadecaxias\"]},{\"@type\":\"Person\",\"@id\":\"https:\\\/\\\/lurdinha.org\\\/site\\\/#\\\/schema\\\/person\\\/095877f1f551f3cb946814b4c34d6c39\",\"name\":\"Alexandre Marques\",\"image\":{\"@type\":\"ImageObject\",\"inLanguage\":\"pt-BR\",\"@id\":\"https:\\\/\\\/secure.gravatar.com\\\/avatar\\\/aa581a3ff5cc0facb8e71fb3e53e599e540cbf9d6f0e17ae650f63ce20cc1807?s=96&d=mm&r=g\",\"url\":\"https:\\\/\\\/secure.gravatar.com\\\/avatar\\\/aa581a3ff5cc0facb8e71fb3e53e599e540cbf9d6f0e17ae650f63ce20cc1807?s=96&d=mm&r=g\",\"contentUrl\":\"https:\\\/\\\/secure.gravatar.com\\\/avatar\\\/aa581a3ff5cc0facb8e71fb3e53e599e540cbf9d6f0e17ae650f63ce20cc1807?s=96&d=mm&r=g\",\"caption\":\"Alexandre Marques\"},\"description\":\"Alexandre Marques \u00e9 professor de Hist\u00f3ria. Contato: alxmarques@ig.com.br\",\"url\":\"https:\\\/\\\/lurdinha.org\\\/site\\\/author\\\/alexandremarques\\\/\"}]}<\/script>\n<!-- \/ Yoast SEO plugin. -->","yoast_head_json":{"title":"F\u00c1BRICA UNI\u00c3O MANUFATORA DE TECIDOS DE DUQUE DE CAXIAS: BR\u00c1SPEROLA - Lurdinha - Duque de Caxias para Est\u00f4magos Fortes","robots":{"index":"index","follow":"follow","max-snippet":"max-snippet:-1","max-image-preview":"max-image-preview:large","max-video-preview":"max-video-preview:-1"},"canonical":"https:\/\/lurdinha.org\/site\/fabrica-uniao-manufatora-de-tecidos-de-duque-de-caxias-brasperola\/","og_locale":"pt_BR","og_type":"article","og_title":"F\u00c1BRICA UNI\u00c3O MANUFATORA DE TECIDOS DE DUQUE DE CAXIAS: BR\u00c1SPEROLA - Lurdinha - Duque de Caxias para Est\u00f4magos Fortes","og_description":"No local onde est\u00e1 instalada o Atacad\u00e3o Assa\u00ed, na Avenida Governador Leonel de Mora Brizola...","og_url":"https:\/\/lurdinha.org\/site\/fabrica-uniao-manufatora-de-tecidos-de-duque-de-caxias-brasperola\/","og_site_name":"Lurdinha - Duque de Caxias para Est\u00f4magos Fortes","article_publisher":"https:\/\/www.facebook.com\/LurdinhadeCaxias","article_published_time":"2020-04-26T14:29:07+00:00","article_modified_time":"2020-04-28T16:45:44+00:00","og_image":[{"width":320,"height":226,"url":"https:\/\/lurdinha.org\/site\/wp-content\/uploads\/fabricauniaomanufatora.jpg","type":"image\/jpeg"}],"author":"Alexandre Marques","twitter_card":"summary_large_image","twitter_misc":{"Escrito por":"Alexandre Marques","Est. tempo de leitura":"3 minutos"},"schema":{"@context":"https:\/\/schema.org","@graph":[{"@type":"Article","@id":"https:\/\/lurdinha.org\/site\/fabrica-uniao-manufatora-de-tecidos-de-duque-de-caxias-brasperola\/#article","isPartOf":{"@id":"https:\/\/lurdinha.org\/site\/fabrica-uniao-manufatora-de-tecidos-de-duque-de-caxias-brasperola\/"},"author":{"name":"Alexandre Marques","@id":"https:\/\/lurdinha.org\/site\/#\/schema\/person\/095877f1f551f3cb946814b4c34d6c39"},"headline":"F\u00c1BRICA UNI\u00c3O MANUFATORA DE TECIDOS DE DUQUE DE CAXIAS: BR\u00c1SPEROLA","datePublished":"2020-04-26T14:29:07+00:00","dateModified":"2020-04-28T16:45:44+00:00","mainEntityOfPage":{"@id":"https:\/\/lurdinha.org\/site\/fabrica-uniao-manufatora-de-tecidos-de-duque-de-caxias-brasperola\/"},"wordCount":561,"commentCount":0,"publisher":{"@id":"https:\/\/lurdinha.org\/site\/#organization"},"image":{"@id":"https:\/\/lurdinha.org\/site\/fabrica-uniao-manufatora-de-tecidos-de-duque-de-caxias-brasperola\/#primaryimage"},"thumbnailUrl":"https:\/\/lurdinha.org\/site\/wp-content\/uploads\/fabricauniaomanufatora.jpg","keywords":["brasperola","duque-de-caxias","fabrica uniao","fabrica uniao de tecidos","f\u00e1brica uni\u00e3o manufatora"],"articleSection":["hist\u00f3ria"],"inLanguage":"pt-BR","potentialAction":[{"@type":"CommentAction","name":"Comment","target":["https:\/\/lurdinha.org\/site\/fabrica-uniao-manufatora-de-tecidos-de-duque-de-caxias-brasperola\/#respond"]}]},{"@type":"WebPage","@id":"https:\/\/lurdinha.org\/site\/fabrica-uniao-manufatora-de-tecidos-de-duque-de-caxias-brasperola\/","url":"https:\/\/lurdinha.org\/site\/fabrica-uniao-manufatora-de-tecidos-de-duque-de-caxias-brasperola\/","name":"F\u00c1BRICA UNI\u00c3O MANUFATORA DE TECIDOS DE DUQUE DE CAXIAS: BR\u00c1SPEROLA - Lurdinha - Duque de Caxias para Est\u00f4magos Fortes","isPartOf":{"@id":"https:\/\/lurdinha.org\/site\/#website"},"primaryImageOfPage":{"@id":"https:\/\/lurdinha.org\/site\/fabrica-uniao-manufatora-de-tecidos-de-duque-de-caxias-brasperola\/#primaryimage"},"image":{"@id":"https:\/\/lurdinha.org\/site\/fabrica-uniao-manufatora-de-tecidos-de-duque-de-caxias-brasperola\/#primaryimage"},"thumbnailUrl":"https:\/\/lurdinha.org\/site\/wp-content\/uploads\/fabricauniaomanufatora.jpg","datePublished":"2020-04-26T14:29:07+00:00","dateModified":"2020-04-28T16:45:44+00:00","breadcrumb":{"@id":"https:\/\/lurdinha.org\/site\/fabrica-uniao-manufatora-de-tecidos-de-duque-de-caxias-brasperola\/#breadcrumb"},"inLanguage":"pt-BR","potentialAction":[{"@type":"ReadAction","target":["https:\/\/lurdinha.org\/site\/fabrica-uniao-manufatora-de-tecidos-de-duque-de-caxias-brasperola\/"]}]},{"@type":"ImageObject","inLanguage":"pt-BR","@id":"https:\/\/lurdinha.org\/site\/fabrica-uniao-manufatora-de-tecidos-de-duque-de-caxias-brasperola\/#primaryimage","url":"https:\/\/lurdinha.org\/site\/wp-content\/uploads\/fabricauniaomanufatora.jpg","contentUrl":"https:\/\/lurdinha.org\/site\/wp-content\/uploads\/fabricauniaomanufatora.jpg","width":320,"height":226},{"@type":"BreadcrumbList","@id":"https:\/\/lurdinha.org\/site\/fabrica-uniao-manufatora-de-tecidos-de-duque-de-caxias-brasperola\/#breadcrumb","itemListElement":[{"@type":"ListItem","position":1,"name":"In\u00edcio","item":"https:\/\/lurdinha.org\/site\/"},{"@type":"ListItem","position":2,"name":"F\u00c1BRICA UNI\u00c3O MANUFATORA DE TECIDOS DE DUQUE DE CAXIAS: BR\u00c1SPEROLA"}]},{"@type":"WebSite","@id":"https:\/\/lurdinha.org\/site\/#website","url":"https:\/\/lurdinha.org\/site\/","name":"Lurdinha - Duque de Caxias para Est\u00f4magos Fortes","description":"Site sobre Arte, Cultura, Pol\u00edtica, Sociedade e curiosidades da cidade de Duque de Caxias, RJ","publisher":{"@id":"https:\/\/lurdinha.org\/site\/#organization"},"alternateName":"Lurdinha","potentialAction":[{"@type":"SearchAction","target":{"@type":"EntryPoint","urlTemplate":"https:\/\/lurdinha.org\/site\/?s={search_term_string}"},"query-input":{"@type":"PropertyValueSpecification","valueRequired":true,"valueName":"search_term_string"}}],"inLanguage":"pt-BR"},{"@type":"Organization","@id":"https:\/\/lurdinha.org\/site\/#organization","name":"Lurdinha de Caxias","url":"https:\/\/lurdinha.org\/site\/","logo":{"@type":"ImageObject","inLanguage":"pt-BR","@id":"https:\/\/lurdinha.org\/site\/#\/schema\/logo\/image\/","url":"https:\/\/lurdinha.org\/site\/wp-content\/uploads\/logo-lurdinha.jpg","contentUrl":"https:\/\/lurdinha.org\/site\/wp-content\/uploads\/logo-lurdinha.jpg","width":640,"height":60,"caption":"Lurdinha de Caxias"},"image":{"@id":"https:\/\/lurdinha.org\/site\/#\/schema\/logo\/image\/"},"sameAs":["https:\/\/www.facebook.com\/LurdinhadeCaxias","https:\/\/www.instagram.com\/lurdinhadecaxias"]},{"@type":"Person","@id":"https:\/\/lurdinha.org\/site\/#\/schema\/person\/095877f1f551f3cb946814b4c34d6c39","name":"Alexandre Marques","image":{"@type":"ImageObject","inLanguage":"pt-BR","@id":"https:\/\/secure.gravatar.com\/avatar\/aa581a3ff5cc0facb8e71fb3e53e599e540cbf9d6f0e17ae650f63ce20cc1807?s=96&d=mm&r=g","url":"https:\/\/secure.gravatar.com\/avatar\/aa581a3ff5cc0facb8e71fb3e53e599e540cbf9d6f0e17ae650f63ce20cc1807?s=96&d=mm&r=g","contentUrl":"https:\/\/secure.gravatar.com\/avatar\/aa581a3ff5cc0facb8e71fb3e53e599e540cbf9d6f0e17ae650f63ce20cc1807?s=96&d=mm&r=g","caption":"Alexandre Marques"},"description":"Alexandre Marques \u00e9 professor de Hist\u00f3ria. Contato: alxmarques@ig.com.br","url":"https:\/\/lurdinha.org\/site\/author\/alexandremarques\/"}]}},"views":5465,"_links":{"self":[{"href":"https:\/\/lurdinha.org\/site\/wp-json\/wp\/v2\/posts\/8700","targetHints":{"allow":["GET"]}}],"collection":[{"href":"https:\/\/lurdinha.org\/site\/wp-json\/wp\/v2\/posts"}],"about":[{"href":"https:\/\/lurdinha.org\/site\/wp-json\/wp\/v2\/types\/post"}],"author":[{"embeddable":true,"href":"https:\/\/lurdinha.org\/site\/wp-json\/wp\/v2\/users\/32"}],"replies":[{"embeddable":true,"href":"https:\/\/lurdinha.org\/site\/wp-json\/wp\/v2\/comments?post=8700"}],"version-history":[{"count":3,"href":"https:\/\/lurdinha.org\/site\/wp-json\/wp\/v2\/posts\/8700\/revisions"}],"predecessor-version":[{"id":8709,"href":"https:\/\/lurdinha.org\/site\/wp-json\/wp\/v2\/posts\/8700\/revisions\/8709"}],"wp:featuredmedia":[{"embeddable":true,"href":"https:\/\/lurdinha.org\/site\/wp-json\/wp\/v2\/media\/8706"}],"wp:attachment":[{"href":"https:\/\/lurdinha.org\/site\/wp-json\/wp\/v2\/media?parent=8700"}],"wp:term":[{"taxonomy":"category","embeddable":true,"href":"https:\/\/lurdinha.org\/site\/wp-json\/wp\/v2\/categories?post=8700"},{"taxonomy":"post_tag","embeddable":true,"href":"https:\/\/lurdinha.org\/site\/wp-json\/wp\/v2\/tags?post=8700"}],"curies":[{"name":"wp","href":"https:\/\/api.w.org\/{rel}","templated":true}]}}