{"id":8604,"date":"2020-04-07T22:04:27","date_gmt":"2020-04-07T22:04:27","guid":{"rendered":"https:\/\/lurdinha.org\/site\/?p=8604"},"modified":"2020-04-07T22:22:19","modified_gmt":"2020-04-07T22:22:19","slug":"a-cultura-da-baixada-no-grupo-de-risco","status":"publish","type":"post","link":"https:\/\/lurdinha.org\/site\/a-cultura-da-baixada-no-grupo-de-risco\/","title":{"rendered":"A Cultura da Baixada no grupo de risco"},"content":{"rendered":"<p><span style=\"font-family: Arial, sans-serif;\"><span style=\"font-size: large;\">Nos \u00faltimos anos movimentos culturais da Baixada Fluminense tem reivindicado o reconhecimento da regi\u00e3o como um polo de produ\u00e7\u00e3o cultural do estado do Rio de Janeiro. Desde a d\u00e9cada de 90 artistas, coletivos e institui\u00e7\u00f5es se organizam em movimentos e promovem a pr\u00e1tica de redes e colabora\u00e7\u00e3o para criar um circuito cultural independente, diverso e pulsante. Esse cen\u00e1rio cresceu e se desenvolveu com as pol\u00edticas culturais descentralizadas a partir de 2003, da apropria\u00e7\u00e3o de novas tecnologias e dos acontecimentos de 2013. Nos anos 2000 a Carta da Baixada reivindicou um curso superior em Produ\u00e7\u00e3o Cultural devido ao potencial produtivo na \u00e1rea. Hoje a regi\u00e3o conta com um dos dois \u00fanicos cursos p\u00fablicos do estado, o Bacharelado do IFRJ, em Nil\u00f3polis. Em 2015 um encontro hist\u00f3rico estabelece um di\u00e1logo com o Minist\u00e9rio da Cultura, em que a BF afirmou que seus modos de fazer populares, sofisticados, globais e urbanos extrapolavam os limites impostos pelo coronelismo, que at\u00e9 hoje incide na vida p\u00fablica. Em 2018 um movimento chamado \u201cBaixada Filma\u201d estendeu uma faixa no palco do tradicional Cine Odeon chamando a aten\u00e7\u00e3o para que o or\u00e7amento do audiovisual fosse territorializado, de modo que chegasse aos polos audiovisuais que, ainda assim, produzem sem infraestrutura e investimentos, como a BF.<\/span><\/span><\/p>\n<p><span style=\"font-family: Arial, sans-serif;\"><span style=\"font-size: large;\">Estes foram apenas alguns ensejos que afirmam o forte circuito cultural independente, desde o pioneirismo em TV comunit\u00e1ria no mundo, na d\u00e9cada de 90, at\u00e9 o original circuito cineclubista e uma crescente produ\u00e7\u00e3o documentarista nos dias de hoje.<\/span><\/span><\/p>\n<p><span style=\"font-family: Arial, sans-serif;\"><span style=\"font-size: large;\">Este panorama art\u00edstico \u00e9 constru\u00eddo a partir da iniciativa e empenho dos pr\u00f3prios artistas e produtores, que atuam de diversas formas na regi\u00e3o (excetuando os empreendimentos de objetivo exclusivamente comercial): Presta servi\u00e7os para a ind\u00fastria cultural e os equipamentos que operam na capital, participando de forma pontual e recorrente nas iniciativas dos parceiros locais; presta servi\u00e7os para o SESI | SESC sendo esta rede a \u00fanica institui\u00e7\u00e3o privada que promove cultura na regi\u00e3o \u2013 e que est\u00e1 submetida a cortes de verbas que podem fechar unidades; atuam em institui\u00e7\u00f5es sem fins lucrativos com grande dificuldade de se manterem ativas; atuam em ruas, pra\u00e7as e outros espa\u00e7os p\u00fablicos (daqui sa\u00edram os primeiros artistas a ocuparem os vag\u00f5es dos trens); uma parcela significativa atua atrav\u00e9s de coletivos, iniciativas e grupos independentes, n\u00e3o formalizados e com base na colabora\u00e7\u00e3o, na condi\u00e7\u00e3o de realizador no seu territ\u00f3rio. \u00c9 muito comum que estas realiza\u00e7\u00f5es tenham apenas seus custos cobertos, com a venda de ingressos e produtos.<\/span><\/span><\/p>\n<p><span style=\"font-family: Arial, sans-serif;\"><span style=\"font-size: large;\">Sabendo que a regi\u00e3o n\u00e3o \u00e9 estrat\u00e9gica nas din\u00e2micas do patroc\u00ednio privado, consequentemente nas concess\u00f5es fiscais das leis de incentivo \u00e0 cultura, o fomento indireto; que o fomento p\u00fablico direto para a cultura encontra-se contingenciado; os equipamentos culturais p\u00fablicos (teatros, centros culturais) s\u00e3o precarizados e insuficientes para atender a popula\u00e7\u00e3o, a exist\u00eancia de uma cena local depende \u00fanica e exclusivamente do trabalho do profissional que atua na regi\u00e3o.<\/span><\/span><\/p>\n<p><span style=\"font-family: Arial, sans-serif;\"><span style=\"font-size: large;\">A BF pensa e faz a cultura partindo do ponto de vista de uma periferia metropolitana brasileira, que depende de uma atitude de resist\u00eancia para existir. Agora, diante de um abalo estrutural de todo o setor cultural no mundo, e de forma amea\u00e7adora para a cultura no Brasil, em vista a destrui\u00e7\u00e3o das pol\u00edticas p\u00fablicas e da censura, \u00e9 muito importante dizer que a gente continua aqui. Cientes que a popula\u00e7\u00e3o de baixa renda ser\u00e1 a mais atingida pela crise econ\u00f4mica em seu bem viver. Cientes da fun\u00e7\u00e3o do Estado e das pol\u00edticas p\u00fablicas no enfrentamento a crise, atrav\u00e9s das Secretarias de Cultura em \u00e2mbito federal, estadual e municipal, mecanismos e gestores p\u00fablicos que fazem parte de uma estrutura p\u00fablica que s\u00f3 existe para fomentar e defender a economia da cultura, as manifesta\u00e7\u00f5es art\u00edsticas e os trabalhadores do setor. Cientes sobre o grave impacto no setor cultural da regi\u00e3o, e considerando que uma cena cultural aut\u00f4noma e vulner\u00e1vel como na BF, pode n\u00e3o se recuperar, elaboramos uma Carta. <\/span><\/span><\/p>\n<p><span style=\"font-family: Arial, sans-serif;\"><span style=\"font-size: large;\">O documento ressalta as especificidades, enquanto territ\u00f3rio popular, dentro dos 5 milh\u00f5es de trabalhadores da cultura do pa\u00eds. E recomenda a\u00e7\u00f5es que, de fato, interfiram nessa recupera\u00e7\u00e3o, como a articula\u00e7\u00e3o de recursos para a cultura, seja com o setor privado ou os entre governos municipais, estadual e federal; consolida\u00e7\u00e3o de mecanismos como os Fundos de Cultura; concess\u00e3o de aux\u00edlio digno aos informais e formalizados, incluindo aqueles que n\u00e3o forem contemplados pelo aux\u00edlio emergencial. A concess\u00e3o de cr\u00e9dito tamb\u00e9m n\u00e3o contempla os prestadores de servi\u00e7os e realizadores que n\u00e3o suportariam esses custos em suas despesas mensais no futuro. Al\u00e9m disso, contrair d\u00edvida \u00e9 uma incerteza neste ramo, pois a natureza das atividades culturais sugerem aglomera\u00e7\u00f5es, e n\u00e3o h\u00e1 previs\u00e3o de quando isso poder\u00e1 ser poss\u00edvel de forma segura. Necessitamos de a\u00e7\u00f5es concretas, que deem conta do \u00fanico setor que construiu uma visibilidade positiva da regi\u00e3o nos ve\u00edculos de imprensa, na contram\u00e3o do senso comum, ao afirmar nossa autoestima e voca\u00e7\u00e3o criativa. A\u00e7\u00f5es com transpar\u00eancia, seriedade e respeito aos artistas, t\u00e9cnicos e produtores que comp\u00f5em, no bra\u00e7o, esse polo cultural.<\/span><\/span><\/p>\n<p><span style=\"font-family: Arial, sans-serif;\"><span style=\"font-size: large;\">A carta foi enviada aos Secret\u00e1rios de Cultura e aos Conselhos Municipais de Cultura das cidades. Tamb\u00e9m \u00e0 Secretaria de Estado de Cultura e para o Conselho Estadual, al\u00e9m dos deputados estaduais e a Comiss\u00e3o de Cultura da Alerj. At\u00e9 o dia 7 de abril 262 profissionais da cultura e 140 institui\u00e7\u00f5es assinavam.. <\/span><\/span><\/p>\n<p><a name=\"_GoBack\"><\/a><span style=\"font-family: Arial, sans-serif;\"><span style=\"font-size: large;\">As pol\u00edticas p\u00fablicas culturais s\u00e3o o \u00fanico mecanismo que a BF pode contar neste momento, para que os trabalhadores deem conta deste polo cultural que, com o compromisso de todos, pode n\u00e3o morrer em decorr\u00eancia do Coronav\u00edrus.<\/span><\/span><\/p>\n<p>&nbsp;<\/p>\n<p><span style=\"font-family: Arial, sans-serif;\"><span style=\"font-size: large;\">*<em>A Carta est\u00e1 aberta para assinaturas de artistas, t\u00e9cnicos, produtores culturais, coletivos, grupos art\u00edsticos, institui\u00e7\u00f5es, espa\u00e7os culturais, empreendimentos criativos, que atuam na Baixada Fluminense<\/em>. <\/span><\/span><\/p>\n<p><iframe loading=\"lazy\" src=\"https:\/\/docs.google.com\/forms\/d\/e\/1FAIpQLSfr_QfTbyKpkIpsLryPzi_2-b2P3zojHu8qjP6_fv8T0lJ12Q\/viewform\" width=\"770\" height=\"1430\"><span style=\"display: inline-block; width: 0px; overflow: hidden; line-height: 0;\" data-mce-type=\"bookmark\" class=\"mce_SELRES_start\">\ufeff<\/span><span style=\"display: inline-block; width: 0px; overflow: hidden; line-height: 0;\" data-mce-type=\"bookmark\" class=\"mce_SELRES_start\">\ufeff<\/span><span style=\"display: inline-block; width: 0px; overflow: hidden; line-height: 0;\" data-mce-type=\"bookmark\" class=\"mce_SELRES_start\">\ufeff<\/span><span style=\"display: inline-block; width: 0px; overflow: hidden; line-height: 0;\" data-mce-type=\"bookmark\" class=\"mce_SELRES_start\">\ufeff<\/span><\/iframe><\/p>\n<figure id=\"attachment_8610\" aria-describedby=\"caption-attachment-8610\" style=\"width: 1000px\" class=\"wp-caption alignnone\"><img loading=\"lazy\" decoding=\"async\" class=\"size-full wp-image-8610\" src=\"https:\/\/lurdinha.org\/site\/wp-content\/uploads\/FestivalRoquePense_foto-Danilo-Sergio.jpg\" alt=\"Artigo de Giordana Moreira - Cultura da Baixada em risco - Lurdinha\" width=\"1000\" height=\"662\" srcset=\"https:\/\/lurdinha.org\/site\/wp-content\/uploads\/FestivalRoquePense_foto-Danilo-Sergio.jpg 1000w, https:\/\/lurdinha.org\/site\/wp-content\/uploads\/FestivalRoquePense_foto-Danilo-Sergio-300x199.jpg 300w, https:\/\/lurdinha.org\/site\/wp-content\/uploads\/FestivalRoquePense_foto-Danilo-Sergio-610x404.jpg 610w, https:\/\/lurdinha.org\/site\/wp-content\/uploads\/FestivalRoquePense_foto-Danilo-Sergio-768x508.jpg 768w\" sizes=\"auto, (max-width: 1000px) 100vw, 1000px\" \/><figcaption id=\"caption-attachment-8610\" class=\"wp-caption-text\">Teatro Raul Cortez em Duque de Caxias recebendo o Festival Roque Pense. Foto: Danilo S\u00e9rgio<\/figcaption><\/figure>\n","protected":false},"excerpt":{"rendered":"<p>Nos \u00faltimos anos movimentos culturais da Baixada Fluminense tem reivindicado o reconhecimento da regi\u00e3o como&#8230;<\/p>\n","protected":false},"author":50,"featured_media":8610,"comment_status":"open","ping_status":"closed","sticky":false,"template":"","format":"standard","meta":{"footnotes":""},"categories":[5,4],"tags":[12,1031,1127],"class_list":["post-8604","post","type-post","status-publish","format-standard","has-post-thumbnail","hentry","category-umaboa","category-opiniao","tag-baixada-fluminense","tag-cultura-baixada","tag-culturabxddequarentena"],"yoast_head":"<!-- This site is optimized with the Yoast SEO plugin v27.5 - https:\/\/yoast.com\/product\/yoast-seo-wordpress\/ -->\n<title>A Cultura da Baixada no grupo de risco - Lurdinha - Duque de Caxias para Est\u00f4magos Fortes<\/title>\n<meta name=\"robots\" content=\"index, follow, max-snippet:-1, max-image-preview:large, max-video-preview:-1\" \/>\n<link rel=\"canonical\" href=\"https:\/\/lurdinha.org\/site\/a-cultura-da-baixada-no-grupo-de-risco\/\" \/>\n<meta property=\"og:locale\" content=\"pt_BR\" \/>\n<meta property=\"og:type\" content=\"article\" \/>\n<meta property=\"og:title\" content=\"A Cultura da Baixada no grupo de risco - Lurdinha - Duque de Caxias para Est\u00f4magos Fortes\" \/>\n<meta property=\"og:description\" content=\"Nos \u00faltimos anos movimentos culturais da Baixada Fluminense tem reivindicado o reconhecimento da regi\u00e3o como...\" \/>\n<meta property=\"og:url\" content=\"https:\/\/lurdinha.org\/site\/a-cultura-da-baixada-no-grupo-de-risco\/\" \/>\n<meta property=\"og:site_name\" content=\"Lurdinha - Duque de Caxias para Est\u00f4magos Fortes\" \/>\n<meta property=\"article:publisher\" content=\"https:\/\/www.facebook.com\/LurdinhadeCaxias\" \/>\n<meta property=\"article:published_time\" content=\"2020-04-07T22:04:27+00:00\" \/>\n<meta property=\"article:modified_time\" content=\"2020-04-07T22:22:19+00:00\" \/>\n<meta property=\"og:image\" content=\"https:\/\/lurdinha.org\/site\/wp-content\/uploads\/FestivalRoquePense_foto-Danilo-Sergio.jpg\" \/>\n\t<meta property=\"og:image:width\" content=\"1000\" \/>\n\t<meta property=\"og:image:height\" content=\"662\" \/>\n\t<meta property=\"og:image:type\" content=\"image\/jpeg\" \/>\n<meta name=\"author\" content=\"Giordana Moreira\" \/>\n<meta name=\"twitter:card\" content=\"summary_large_image\" \/>\n<meta name=\"twitter:label1\" content=\"Escrito por\" \/>\n\t<meta name=\"twitter:data1\" content=\"Giordana Moreira\" \/>\n\t<meta name=\"twitter:label2\" content=\"Est. tempo de leitura\" \/>\n\t<meta name=\"twitter:data2\" content=\"5 minutos\" \/>\n<script type=\"application\/ld+json\" class=\"yoast-schema-graph\">{\"@context\":\"https:\\\/\\\/schema.org\",\"@graph\":[{\"@type\":\"Article\",\"@id\":\"https:\\\/\\\/lurdinha.org\\\/site\\\/a-cultura-da-baixada-no-grupo-de-risco\\\/#article\",\"isPartOf\":{\"@id\":\"https:\\\/\\\/lurdinha.org\\\/site\\\/a-cultura-da-baixada-no-grupo-de-risco\\\/\"},\"author\":{\"name\":\"Giordana Moreira\",\"@id\":\"https:\\\/\\\/lurdinha.org\\\/site\\\/#\\\/schema\\\/person\\\/8b9bc11c30db80b08c3a50b5638d7051\"},\"headline\":\"A Cultura da Baixada no grupo de risco\",\"datePublished\":\"2020-04-07T22:04:27+00:00\",\"dateModified\":\"2020-04-07T22:22:19+00:00\",\"mainEntityOfPage\":{\"@id\":\"https:\\\/\\\/lurdinha.org\\\/site\\\/a-cultura-da-baixada-no-grupo-de-risco\\\/\"},\"wordCount\":1067,\"commentCount\":0,\"publisher\":{\"@id\":\"https:\\\/\\\/lurdinha.org\\\/site\\\/#organization\"},\"image\":{\"@id\":\"https:\\\/\\\/lurdinha.org\\\/site\\\/a-cultura-da-baixada-no-grupo-de-risco\\\/#primaryimage\"},\"thumbnailUrl\":\"https:\\\/\\\/lurdinha.org\\\/site\\\/wp-content\\\/uploads\\\/FestivalRoquePense_foto-Danilo-Sergio.jpg\",\"keywords\":[\"baixada-fluminense\",\"cultura baixada\",\"CulturaBXDdeQuarentena\"],\"articleSection\":[\"uma boa\",\"uma opini\u00e3o\"],\"inLanguage\":\"pt-BR\",\"potentialAction\":[{\"@type\":\"CommentAction\",\"name\":\"Comment\",\"target\":[\"https:\\\/\\\/lurdinha.org\\\/site\\\/a-cultura-da-baixada-no-grupo-de-risco\\\/#respond\"]}]},{\"@type\":\"WebPage\",\"@id\":\"https:\\\/\\\/lurdinha.org\\\/site\\\/a-cultura-da-baixada-no-grupo-de-risco\\\/\",\"url\":\"https:\\\/\\\/lurdinha.org\\\/site\\\/a-cultura-da-baixada-no-grupo-de-risco\\\/\",\"name\":\"A Cultura da Baixada no grupo de risco - Lurdinha - Duque de Caxias para Est\u00f4magos Fortes\",\"isPartOf\":{\"@id\":\"https:\\\/\\\/lurdinha.org\\\/site\\\/#website\"},\"primaryImageOfPage\":{\"@id\":\"https:\\\/\\\/lurdinha.org\\\/site\\\/a-cultura-da-baixada-no-grupo-de-risco\\\/#primaryimage\"},\"image\":{\"@id\":\"https:\\\/\\\/lurdinha.org\\\/site\\\/a-cultura-da-baixada-no-grupo-de-risco\\\/#primaryimage\"},\"thumbnailUrl\":\"https:\\\/\\\/lurdinha.org\\\/site\\\/wp-content\\\/uploads\\\/FestivalRoquePense_foto-Danilo-Sergio.jpg\",\"datePublished\":\"2020-04-07T22:04:27+00:00\",\"dateModified\":\"2020-04-07T22:22:19+00:00\",\"breadcrumb\":{\"@id\":\"https:\\\/\\\/lurdinha.org\\\/site\\\/a-cultura-da-baixada-no-grupo-de-risco\\\/#breadcrumb\"},\"inLanguage\":\"pt-BR\",\"potentialAction\":[{\"@type\":\"ReadAction\",\"target\":[\"https:\\\/\\\/lurdinha.org\\\/site\\\/a-cultura-da-baixada-no-grupo-de-risco\\\/\"]}]},{\"@type\":\"ImageObject\",\"inLanguage\":\"pt-BR\",\"@id\":\"https:\\\/\\\/lurdinha.org\\\/site\\\/a-cultura-da-baixada-no-grupo-de-risco\\\/#primaryimage\",\"url\":\"https:\\\/\\\/lurdinha.org\\\/site\\\/wp-content\\\/uploads\\\/FestivalRoquePense_foto-Danilo-Sergio.jpg\",\"contentUrl\":\"https:\\\/\\\/lurdinha.org\\\/site\\\/wp-content\\\/uploads\\\/FestivalRoquePense_foto-Danilo-Sergio.jpg\",\"width\":1000,\"height\":662,\"caption\":\"Teatro Raul Cortez em Duque de Caxias recebendo o Festival Roque Pense. Foto: Danilo S\u00e9rgio\"},{\"@type\":\"BreadcrumbList\",\"@id\":\"https:\\\/\\\/lurdinha.org\\\/site\\\/a-cultura-da-baixada-no-grupo-de-risco\\\/#breadcrumb\",\"itemListElement\":[{\"@type\":\"ListItem\",\"position\":1,\"name\":\"In\u00edcio\",\"item\":\"https:\\\/\\\/lurdinha.org\\\/site\\\/\"},{\"@type\":\"ListItem\",\"position\":2,\"name\":\"A Cultura da Baixada no grupo de risco\"}]},{\"@type\":\"WebSite\",\"@id\":\"https:\\\/\\\/lurdinha.org\\\/site\\\/#website\",\"url\":\"https:\\\/\\\/lurdinha.org\\\/site\\\/\",\"name\":\"Lurdinha - Duque de Caxias para Est\u00f4magos Fortes\",\"description\":\"Site sobre Arte, Cultura, Pol\u00edtica, Sociedade e curiosidades da cidade de Duque de Caxias, RJ\",\"publisher\":{\"@id\":\"https:\\\/\\\/lurdinha.org\\\/site\\\/#organization\"},\"alternateName\":\"Lurdinha\",\"potentialAction\":[{\"@type\":\"SearchAction\",\"target\":{\"@type\":\"EntryPoint\",\"urlTemplate\":\"https:\\\/\\\/lurdinha.org\\\/site\\\/?s={search_term_string}\"},\"query-input\":{\"@type\":\"PropertyValueSpecification\",\"valueRequired\":true,\"valueName\":\"search_term_string\"}}],\"inLanguage\":\"pt-BR\"},{\"@type\":\"Organization\",\"@id\":\"https:\\\/\\\/lurdinha.org\\\/site\\\/#organization\",\"name\":\"Lurdinha de Caxias\",\"url\":\"https:\\\/\\\/lurdinha.org\\\/site\\\/\",\"logo\":{\"@type\":\"ImageObject\",\"inLanguage\":\"pt-BR\",\"@id\":\"https:\\\/\\\/lurdinha.org\\\/site\\\/#\\\/schema\\\/logo\\\/image\\\/\",\"url\":\"https:\\\/\\\/lurdinha.org\\\/site\\\/wp-content\\\/uploads\\\/logo-lurdinha.jpg\",\"contentUrl\":\"https:\\\/\\\/lurdinha.org\\\/site\\\/wp-content\\\/uploads\\\/logo-lurdinha.jpg\",\"width\":640,\"height\":60,\"caption\":\"Lurdinha de Caxias\"},\"image\":{\"@id\":\"https:\\\/\\\/lurdinha.org\\\/site\\\/#\\\/schema\\\/logo\\\/image\\\/\"},\"sameAs\":[\"https:\\\/\\\/www.facebook.com\\\/LurdinhadeCaxias\",\"https:\\\/\\\/www.instagram.com\\\/lurdinhadecaxias\"]},{\"@type\":\"Person\",\"@id\":\"https:\\\/\\\/lurdinha.org\\\/site\\\/#\\\/schema\\\/person\\\/8b9bc11c30db80b08c3a50b5638d7051\",\"name\":\"Giordana Moreira\",\"image\":{\"@type\":\"ImageObject\",\"inLanguage\":\"pt-BR\",\"@id\":\"https:\\\/\\\/secure.gravatar.com\\\/avatar\\\/e29d426a16fa741bdaa8cd3b6a1ed9c71612634a79535b9e6f8a90b2dbb953a7?s=96&d=mm&r=g\",\"url\":\"https:\\\/\\\/secure.gravatar.com\\\/avatar\\\/e29d426a16fa741bdaa8cd3b6a1ed9c71612634a79535b9e6f8a90b2dbb953a7?s=96&d=mm&r=g\",\"contentUrl\":\"https:\\\/\\\/secure.gravatar.com\\\/avatar\\\/e29d426a16fa741bdaa8cd3b6a1ed9c71612634a79535b9e6f8a90b2dbb953a7?s=96&d=mm&r=g\",\"caption\":\"Giordana Moreira\"},\"description\":\"Produtora Cultural, fundadora da Roque Pense! rede de Mulheres Produtoras Culturais, e cria da Baixada Fluminense de onde faz rock, cultura urbana e feminismos para o mundo.\",\"url\":\"https:\\\/\\\/lurdinha.org\\\/site\\\/author\\\/giordana\\\/\"}]}<\/script>\n<!-- \/ Yoast SEO plugin. -->","yoast_head_json":{"title":"A Cultura da Baixada no grupo de risco - Lurdinha - Duque de Caxias para Est\u00f4magos Fortes","robots":{"index":"index","follow":"follow","max-snippet":"max-snippet:-1","max-image-preview":"max-image-preview:large","max-video-preview":"max-video-preview:-1"},"canonical":"https:\/\/lurdinha.org\/site\/a-cultura-da-baixada-no-grupo-de-risco\/","og_locale":"pt_BR","og_type":"article","og_title":"A Cultura da Baixada no grupo de risco - Lurdinha - Duque de Caxias para Est\u00f4magos Fortes","og_description":"Nos \u00faltimos anos movimentos culturais da Baixada Fluminense tem reivindicado o reconhecimento da regi\u00e3o como...","og_url":"https:\/\/lurdinha.org\/site\/a-cultura-da-baixada-no-grupo-de-risco\/","og_site_name":"Lurdinha - Duque de Caxias para Est\u00f4magos Fortes","article_publisher":"https:\/\/www.facebook.com\/LurdinhadeCaxias","article_published_time":"2020-04-07T22:04:27+00:00","article_modified_time":"2020-04-07T22:22:19+00:00","og_image":[{"width":1000,"height":662,"url":"https:\/\/lurdinha.org\/site\/wp-content\/uploads\/FestivalRoquePense_foto-Danilo-Sergio.jpg","type":"image\/jpeg"}],"author":"Giordana Moreira","twitter_card":"summary_large_image","twitter_misc":{"Escrito por":"Giordana Moreira","Est. tempo de leitura":"5 minutos"},"schema":{"@context":"https:\/\/schema.org","@graph":[{"@type":"Article","@id":"https:\/\/lurdinha.org\/site\/a-cultura-da-baixada-no-grupo-de-risco\/#article","isPartOf":{"@id":"https:\/\/lurdinha.org\/site\/a-cultura-da-baixada-no-grupo-de-risco\/"},"author":{"name":"Giordana Moreira","@id":"https:\/\/lurdinha.org\/site\/#\/schema\/person\/8b9bc11c30db80b08c3a50b5638d7051"},"headline":"A Cultura da Baixada no grupo de risco","datePublished":"2020-04-07T22:04:27+00:00","dateModified":"2020-04-07T22:22:19+00:00","mainEntityOfPage":{"@id":"https:\/\/lurdinha.org\/site\/a-cultura-da-baixada-no-grupo-de-risco\/"},"wordCount":1067,"commentCount":0,"publisher":{"@id":"https:\/\/lurdinha.org\/site\/#organization"},"image":{"@id":"https:\/\/lurdinha.org\/site\/a-cultura-da-baixada-no-grupo-de-risco\/#primaryimage"},"thumbnailUrl":"https:\/\/lurdinha.org\/site\/wp-content\/uploads\/FestivalRoquePense_foto-Danilo-Sergio.jpg","keywords":["baixada-fluminense","cultura baixada","CulturaBXDdeQuarentena"],"articleSection":["uma boa","uma opini\u00e3o"],"inLanguage":"pt-BR","potentialAction":[{"@type":"CommentAction","name":"Comment","target":["https:\/\/lurdinha.org\/site\/a-cultura-da-baixada-no-grupo-de-risco\/#respond"]}]},{"@type":"WebPage","@id":"https:\/\/lurdinha.org\/site\/a-cultura-da-baixada-no-grupo-de-risco\/","url":"https:\/\/lurdinha.org\/site\/a-cultura-da-baixada-no-grupo-de-risco\/","name":"A Cultura da Baixada no grupo de risco - Lurdinha - Duque de Caxias para Est\u00f4magos Fortes","isPartOf":{"@id":"https:\/\/lurdinha.org\/site\/#website"},"primaryImageOfPage":{"@id":"https:\/\/lurdinha.org\/site\/a-cultura-da-baixada-no-grupo-de-risco\/#primaryimage"},"image":{"@id":"https:\/\/lurdinha.org\/site\/a-cultura-da-baixada-no-grupo-de-risco\/#primaryimage"},"thumbnailUrl":"https:\/\/lurdinha.org\/site\/wp-content\/uploads\/FestivalRoquePense_foto-Danilo-Sergio.jpg","datePublished":"2020-04-07T22:04:27+00:00","dateModified":"2020-04-07T22:22:19+00:00","breadcrumb":{"@id":"https:\/\/lurdinha.org\/site\/a-cultura-da-baixada-no-grupo-de-risco\/#breadcrumb"},"inLanguage":"pt-BR","potentialAction":[{"@type":"ReadAction","target":["https:\/\/lurdinha.org\/site\/a-cultura-da-baixada-no-grupo-de-risco\/"]}]},{"@type":"ImageObject","inLanguage":"pt-BR","@id":"https:\/\/lurdinha.org\/site\/a-cultura-da-baixada-no-grupo-de-risco\/#primaryimage","url":"https:\/\/lurdinha.org\/site\/wp-content\/uploads\/FestivalRoquePense_foto-Danilo-Sergio.jpg","contentUrl":"https:\/\/lurdinha.org\/site\/wp-content\/uploads\/FestivalRoquePense_foto-Danilo-Sergio.jpg","width":1000,"height":662,"caption":"Teatro Raul Cortez em Duque de Caxias recebendo o Festival Roque Pense. Foto: Danilo S\u00e9rgio"},{"@type":"BreadcrumbList","@id":"https:\/\/lurdinha.org\/site\/a-cultura-da-baixada-no-grupo-de-risco\/#breadcrumb","itemListElement":[{"@type":"ListItem","position":1,"name":"In\u00edcio","item":"https:\/\/lurdinha.org\/site\/"},{"@type":"ListItem","position":2,"name":"A Cultura da Baixada no grupo de risco"}]},{"@type":"WebSite","@id":"https:\/\/lurdinha.org\/site\/#website","url":"https:\/\/lurdinha.org\/site\/","name":"Lurdinha - Duque de Caxias para Est\u00f4magos Fortes","description":"Site sobre Arte, Cultura, Pol\u00edtica, Sociedade e curiosidades da cidade de Duque de Caxias, RJ","publisher":{"@id":"https:\/\/lurdinha.org\/site\/#organization"},"alternateName":"Lurdinha","potentialAction":[{"@type":"SearchAction","target":{"@type":"EntryPoint","urlTemplate":"https:\/\/lurdinha.org\/site\/?s={search_term_string}"},"query-input":{"@type":"PropertyValueSpecification","valueRequired":true,"valueName":"search_term_string"}}],"inLanguage":"pt-BR"},{"@type":"Organization","@id":"https:\/\/lurdinha.org\/site\/#organization","name":"Lurdinha de Caxias","url":"https:\/\/lurdinha.org\/site\/","logo":{"@type":"ImageObject","inLanguage":"pt-BR","@id":"https:\/\/lurdinha.org\/site\/#\/schema\/logo\/image\/","url":"https:\/\/lurdinha.org\/site\/wp-content\/uploads\/logo-lurdinha.jpg","contentUrl":"https:\/\/lurdinha.org\/site\/wp-content\/uploads\/logo-lurdinha.jpg","width":640,"height":60,"caption":"Lurdinha de Caxias"},"image":{"@id":"https:\/\/lurdinha.org\/site\/#\/schema\/logo\/image\/"},"sameAs":["https:\/\/www.facebook.com\/LurdinhadeCaxias","https:\/\/www.instagram.com\/lurdinhadecaxias"]},{"@type":"Person","@id":"https:\/\/lurdinha.org\/site\/#\/schema\/person\/8b9bc11c30db80b08c3a50b5638d7051","name":"Giordana Moreira","image":{"@type":"ImageObject","inLanguage":"pt-BR","@id":"https:\/\/secure.gravatar.com\/avatar\/e29d426a16fa741bdaa8cd3b6a1ed9c71612634a79535b9e6f8a90b2dbb953a7?s=96&d=mm&r=g","url":"https:\/\/secure.gravatar.com\/avatar\/e29d426a16fa741bdaa8cd3b6a1ed9c71612634a79535b9e6f8a90b2dbb953a7?s=96&d=mm&r=g","contentUrl":"https:\/\/secure.gravatar.com\/avatar\/e29d426a16fa741bdaa8cd3b6a1ed9c71612634a79535b9e6f8a90b2dbb953a7?s=96&d=mm&r=g","caption":"Giordana Moreira"},"description":"Produtora Cultural, fundadora da Roque Pense! rede de Mulheres Produtoras Culturais, e cria da Baixada Fluminense de onde faz rock, cultura urbana e feminismos para o mundo.","url":"https:\/\/lurdinha.org\/site\/author\/giordana\/"}]}},"views":1775,"_links":{"self":[{"href":"https:\/\/lurdinha.org\/site\/wp-json\/wp\/v2\/posts\/8604","targetHints":{"allow":["GET"]}}],"collection":[{"href":"https:\/\/lurdinha.org\/site\/wp-json\/wp\/v2\/posts"}],"about":[{"href":"https:\/\/lurdinha.org\/site\/wp-json\/wp\/v2\/types\/post"}],"author":[{"embeddable":true,"href":"https:\/\/lurdinha.org\/site\/wp-json\/wp\/v2\/users\/50"}],"replies":[{"embeddable":true,"href":"https:\/\/lurdinha.org\/site\/wp-json\/wp\/v2\/comments?post=8604"}],"version-history":[{"count":7,"href":"https:\/\/lurdinha.org\/site\/wp-json\/wp\/v2\/posts\/8604\/revisions"}],"predecessor-version":[{"id":8619,"href":"https:\/\/lurdinha.org\/site\/wp-json\/wp\/v2\/posts\/8604\/revisions\/8619"}],"wp:featuredmedia":[{"embeddable":true,"href":"https:\/\/lurdinha.org\/site\/wp-json\/wp\/v2\/media\/8610"}],"wp:attachment":[{"href":"https:\/\/lurdinha.org\/site\/wp-json\/wp\/v2\/media?parent=8604"}],"wp:term":[{"taxonomy":"category","embeddable":true,"href":"https:\/\/lurdinha.org\/site\/wp-json\/wp\/v2\/categories?post=8604"},{"taxonomy":"post_tag","embeddable":true,"href":"https:\/\/lurdinha.org\/site\/wp-json\/wp\/v2\/tags?post=8604"}],"curies":[{"name":"wp","href":"https:\/\/api.w.org\/{rel}","templated":true}]}}