{"id":8599,"date":"2020-03-27T23:35:21","date_gmt":"2020-03-27T23:35:21","guid":{"rendered":"https:\/\/lurdinha.org\/site\/?p=8599"},"modified":"2020-03-27T23:37:12","modified_gmt":"2020-03-27T23:37:12","slug":"material-grafico-com-instrucoes-pra-quem-precisa-pegar-transporte-publico","status":"publish","type":"post","link":"https:\/\/lurdinha.org\/site\/material-grafico-com-instrucoes-pra-quem-precisa-pegar-transporte-publico\/","title":{"rendered":"Material gr\u00e1fico com instru\u00e7\u00f5es pra quem precisa pegar transporte p\u00fablico"},"content":{"rendered":"<p>O <strong>FAIM<\/strong>, o <strong>Niggek<\/strong>, a <strong>Casa Fluminense<\/strong> e o <strong>Site da Baixada<\/strong>, com a instru\u00e7\u00e3o da <strong>Dra. Carolina Cruz<\/strong>, elaboramos um material de f\u00e1cil impress\u00e3o caseira, em preto e branco, para ajudar pessoas que precisam pegar transporte p\u00fablico a minimamente se protegerem.<\/p>\n<p>Ajude a disseminar estas informa\u00e7\u00f5es por favor. Os cartazes podem ser colados em pontos de \u00f4nibus pr\u00f3ximo as suas casas, e os panfletos deixados em supermercados, quando vcs tiverem que fazer compras.<\/p>\n<p>O link para baixar o material \u00e9 este: <strong><a href=\"https:\/\/bit.ly\/2wH6v5g\" target=\"_blank\" rel=\"noopener noreferrer\">https:\/\/bit.ly\/2wH6v5g<\/a><\/strong><\/p>\n<p>&nbsp;<\/p>\n<p>#fiqueemcasa #CoronaNaBaixada<\/p>\n","protected":false},"excerpt":{"rendered":"<p>O FAIM, o Niggek, a Casa Fluminense e o Site da Baixada, com a instru\u00e7\u00e3o&#8230;<\/p>\n","protected":false},"author":66,"featured_media":0,"comment_status":"open","ping_status":"closed","sticky":false,"template":"","format":"standard","meta":{"footnotes":""},"categories":[5],"tags":[1125,1124],"class_list":["post-8599","post","type-post","status-publish","format-standard","hentry","category-umaboa","tag-coronanabaixada","tag-coronavirus"],"yoast_head":"<!-- This site is optimized with the Yoast SEO plugin v27.5 - https:\/\/yoast.com\/product\/yoast-seo-wordpress\/ -->\n<title>Material gr\u00e1fico com instru\u00e7\u00f5es pra quem precisa pegar transporte p\u00fablico - Lurdinha - Duque de Caxias para Est\u00f4magos Fortes<\/title>\n<meta name=\"robots\" content=\"index, follow, max-snippet:-1, max-image-preview:large, max-video-preview:-1\" \/>\n<link rel=\"canonical\" href=\"https:\/\/lurdinha.org\/site\/material-grafico-com-instrucoes-pra-quem-precisa-pegar-transporte-publico\/\" \/>\n<meta property=\"og:locale\" content=\"pt_BR\" \/>\n<meta property=\"og:type\" content=\"article\" \/>\n<meta property=\"og:title\" content=\"Material gr\u00e1fico com instru\u00e7\u00f5es pra quem precisa pegar transporte p\u00fablico - Lurdinha - Duque de Caxias para Est\u00f4magos Fortes\" \/>\n<meta property=\"og:description\" content=\"O FAIM, o Niggek, a Casa Fluminense e o Site da Baixada, com a instru\u00e7\u00e3o...\" \/>\n<meta property=\"og:url\" content=\"https:\/\/lurdinha.org\/site\/material-grafico-com-instrucoes-pra-quem-precisa-pegar-transporte-publico\/\" \/>\n<meta property=\"og:site_name\" content=\"Lurdinha - Duque de Caxias para Est\u00f4magos Fortes\" \/>\n<meta property=\"article:publisher\" content=\"https:\/\/www.facebook.com\/LurdinhadeCaxias\" \/>\n<meta property=\"article:published_time\" content=\"2020-03-27T23:35:21+00:00\" \/>\n<meta property=\"article:modified_time\" content=\"2020-03-27T23:37:12+00:00\" \/>\n<meta name=\"author\" content=\"Osmar Paulino\" \/>\n<meta name=\"twitter:card\" content=\"summary_large_image\" \/>\n<meta name=\"twitter:label1\" content=\"Escrito por\" \/>\n\t<meta name=\"twitter:data1\" content=\"Osmar Paulino\" \/>\n<script type=\"application\/ld+json\" class=\"yoast-schema-graph\">{\"@context\":\"https:\\\/\\\/schema.org\",\"@graph\":[{\"@type\":\"Article\",\"@id\":\"https:\\\/\\\/lurdinha.org\\\/site\\\/material-grafico-com-instrucoes-pra-quem-precisa-pegar-transporte-publico\\\/#article\",\"isPartOf\":{\"@id\":\"https:\\\/\\\/lurdinha.org\\\/site\\\/material-grafico-com-instrucoes-pra-quem-precisa-pegar-transporte-publico\\\/\"},\"author\":{\"name\":\"Osmar Paulino\",\"@id\":\"https:\\\/\\\/lurdinha.org\\\/site\\\/#\\\/schema\\\/person\\\/5cec0971ff0c87038009af187da88959\"},\"headline\":\"Material gr\u00e1fico com instru\u00e7\u00f5es pra quem precisa pegar transporte p\u00fablico\",\"datePublished\":\"2020-03-27T23:35:21+00:00\",\"dateModified\":\"2020-03-27T23:37:12+00:00\",\"mainEntityOfPage\":{\"@id\":\"https:\\\/\\\/lurdinha.org\\\/site\\\/material-grafico-com-instrucoes-pra-quem-precisa-pegar-transporte-publico\\\/\"},\"wordCount\":109,\"commentCount\":0,\"publisher\":{\"@id\":\"https:\\\/\\\/lurdinha.org\\\/site\\\/#organization\"},\"keywords\":[\"coronanabaixada\",\"coronavirus\"],\"articleSection\":[\"uma boa\"],\"inLanguage\":\"pt-BR\",\"potentialAction\":[{\"@type\":\"CommentAction\",\"name\":\"Comment\",\"target\":[\"https:\\\/\\\/lurdinha.org\\\/site\\\/material-grafico-com-instrucoes-pra-quem-precisa-pegar-transporte-publico\\\/#respond\"]}]},{\"@type\":\"WebPage\",\"@id\":\"https:\\\/\\\/lurdinha.org\\\/site\\\/material-grafico-com-instrucoes-pra-quem-precisa-pegar-transporte-publico\\\/\",\"url\":\"https:\\\/\\\/lurdinha.org\\\/site\\\/material-grafico-com-instrucoes-pra-quem-precisa-pegar-transporte-publico\\\/\",\"name\":\"Material gr\u00e1fico com instru\u00e7\u00f5es pra quem precisa pegar transporte p\u00fablico - Lurdinha - Duque de Caxias para Est\u00f4magos Fortes\",\"isPartOf\":{\"@id\":\"https:\\\/\\\/lurdinha.org\\\/site\\\/#website\"},\"datePublished\":\"2020-03-27T23:35:21+00:00\",\"dateModified\":\"2020-03-27T23:37:12+00:00\",\"breadcrumb\":{\"@id\":\"https:\\\/\\\/lurdinha.org\\\/site\\\/material-grafico-com-instrucoes-pra-quem-precisa-pegar-transporte-publico\\\/#breadcrumb\"},\"inLanguage\":\"pt-BR\",\"potentialAction\":[{\"@type\":\"ReadAction\",\"target\":[\"https:\\\/\\\/lurdinha.org\\\/site\\\/material-grafico-com-instrucoes-pra-quem-precisa-pegar-transporte-publico\\\/\"]}]},{\"@type\":\"BreadcrumbList\",\"@id\":\"https:\\\/\\\/lurdinha.org\\\/site\\\/material-grafico-com-instrucoes-pra-quem-precisa-pegar-transporte-publico\\\/#breadcrumb\",\"itemListElement\":[{\"@type\":\"ListItem\",\"position\":1,\"name\":\"In\u00edcio\",\"item\":\"https:\\\/\\\/lurdinha.org\\\/site\\\/\"},{\"@type\":\"ListItem\",\"position\":2,\"name\":\"Material gr\u00e1fico com instru\u00e7\u00f5es pra quem precisa pegar transporte p\u00fablico\"}]},{\"@type\":\"WebSite\",\"@id\":\"https:\\\/\\\/lurdinha.org\\\/site\\\/#website\",\"url\":\"https:\\\/\\\/lurdinha.org\\\/site\\\/\",\"name\":\"Lurdinha - Duque de Caxias para Est\u00f4magos Fortes\",\"description\":\"Site sobre Arte, Cultura, Pol\u00edtica, Sociedade e curiosidades da cidade de Duque de Caxias, RJ\",\"publisher\":{\"@id\":\"https:\\\/\\\/lurdinha.org\\\/site\\\/#organization\"},\"alternateName\":\"Lurdinha\",\"potentialAction\":[{\"@type\":\"SearchAction\",\"target\":{\"@type\":\"EntryPoint\",\"urlTemplate\":\"https:\\\/\\\/lurdinha.org\\\/site\\\/?s={search_term_string}\"},\"query-input\":{\"@type\":\"PropertyValueSpecification\",\"valueRequired\":true,\"valueName\":\"search_term_string\"}}],\"inLanguage\":\"pt-BR\"},{\"@type\":\"Organization\",\"@id\":\"https:\\\/\\\/lurdinha.org\\\/site\\\/#organization\",\"name\":\"Lurdinha de Caxias\",\"url\":\"https:\\\/\\\/lurdinha.org\\\/site\\\/\",\"logo\":{\"@type\":\"ImageObject\",\"inLanguage\":\"pt-BR\",\"@id\":\"https:\\\/\\\/lurdinha.org\\\/site\\\/#\\\/schema\\\/logo\\\/image\\\/\",\"url\":\"https:\\\/\\\/lurdinha.org\\\/site\\\/wp-content\\\/uploads\\\/logo-lurdinha.jpg\",\"contentUrl\":\"https:\\\/\\\/lurdinha.org\\\/site\\\/wp-content\\\/uploads\\\/logo-lurdinha.jpg\",\"width\":640,\"height\":60,\"caption\":\"Lurdinha de Caxias\"},\"image\":{\"@id\":\"https:\\\/\\\/lurdinha.org\\\/site\\\/#\\\/schema\\\/logo\\\/image\\\/\"},\"sameAs\":[\"https:\\\/\\\/www.facebook.com\\\/LurdinhadeCaxias\",\"https:\\\/\\\/www.instagram.com\\\/lurdinhadecaxias\"]},{\"@type\":\"Person\",\"@id\":\"https:\\\/\\\/lurdinha.org\\\/site\\\/#\\\/schema\\\/person\\\/5cec0971ff0c87038009af187da88959\",\"name\":\"Osmar Paulino\",\"image\":{\"@type\":\"ImageObject\",\"inLanguage\":\"pt-BR\",\"@id\":\"https:\\\/\\\/secure.gravatar.com\\\/avatar\\\/2e2c581c998de61dcba522d0cd050c59fc5a6d45b9a078c583fff3301ef38702?s=96&d=mm&r=g\",\"url\":\"https:\\\/\\\/secure.gravatar.com\\\/avatar\\\/2e2c581c998de61dcba522d0cd050c59fc5a6d45b9a078c583fff3301ef38702?s=96&d=mm&r=g\",\"contentUrl\":\"https:\\\/\\\/secure.gravatar.com\\\/avatar\\\/2e2c581c998de61dcba522d0cd050c59fc5a6d45b9a078c583fff3301ef38702?s=96&d=mm&r=g\",\"caption\":\"Osmar Paulino\"},\"description\":\"Professor de Geografia, Articulador Cultural, Produtor do FAIM, Festival de Artes de Imbari\u00ea\",\"url\":\"https:\\\/\\\/lurdinha.org\\\/site\\\/author\\\/osmarpaulino\\\/\"}]}<\/script>\n<!-- \/ Yoast SEO plugin. -->","yoast_head_json":{"title":"Material gr\u00e1fico com instru\u00e7\u00f5es pra quem precisa pegar transporte p\u00fablico - Lurdinha - Duque de Caxias para Est\u00f4magos Fortes","robots":{"index":"index","follow":"follow","max-snippet":"max-snippet:-1","max-image-preview":"max-image-preview:large","max-video-preview":"max-video-preview:-1"},"canonical":"https:\/\/lurdinha.org\/site\/material-grafico-com-instrucoes-pra-quem-precisa-pegar-transporte-publico\/","og_locale":"pt_BR","og_type":"article","og_title":"Material gr\u00e1fico com instru\u00e7\u00f5es pra quem precisa pegar transporte p\u00fablico - Lurdinha - Duque de Caxias para Est\u00f4magos Fortes","og_description":"O FAIM, o Niggek, a Casa Fluminense e o Site da Baixada, com a instru\u00e7\u00e3o...","og_url":"https:\/\/lurdinha.org\/site\/material-grafico-com-instrucoes-pra-quem-precisa-pegar-transporte-publico\/","og_site_name":"Lurdinha - Duque de Caxias para Est\u00f4magos Fortes","article_publisher":"https:\/\/www.facebook.com\/LurdinhadeCaxias","article_published_time":"2020-03-27T23:35:21+00:00","article_modified_time":"2020-03-27T23:37:12+00:00","author":"Osmar Paulino","twitter_card":"summary_large_image","twitter_misc":{"Escrito por":"Osmar Paulino"},"schema":{"@context":"https:\/\/schema.org","@graph":[{"@type":"Article","@id":"https:\/\/lurdinha.org\/site\/material-grafico-com-instrucoes-pra-quem-precisa-pegar-transporte-publico\/#article","isPartOf":{"@id":"https:\/\/lurdinha.org\/site\/material-grafico-com-instrucoes-pra-quem-precisa-pegar-transporte-publico\/"},"author":{"name":"Osmar Paulino","@id":"https:\/\/lurdinha.org\/site\/#\/schema\/person\/5cec0971ff0c87038009af187da88959"},"headline":"Material gr\u00e1fico com instru\u00e7\u00f5es pra quem precisa pegar transporte p\u00fablico","datePublished":"2020-03-27T23:35:21+00:00","dateModified":"2020-03-27T23:37:12+00:00","mainEntityOfPage":{"@id":"https:\/\/lurdinha.org\/site\/material-grafico-com-instrucoes-pra-quem-precisa-pegar-transporte-publico\/"},"wordCount":109,"commentCount":0,"publisher":{"@id":"https:\/\/lurdinha.org\/site\/#organization"},"keywords":["coronanabaixada","coronavirus"],"articleSection":["uma boa"],"inLanguage":"pt-BR","potentialAction":[{"@type":"CommentAction","name":"Comment","target":["https:\/\/lurdinha.org\/site\/material-grafico-com-instrucoes-pra-quem-precisa-pegar-transporte-publico\/#respond"]}]},{"@type":"WebPage","@id":"https:\/\/lurdinha.org\/site\/material-grafico-com-instrucoes-pra-quem-precisa-pegar-transporte-publico\/","url":"https:\/\/lurdinha.org\/site\/material-grafico-com-instrucoes-pra-quem-precisa-pegar-transporte-publico\/","name":"Material gr\u00e1fico com instru\u00e7\u00f5es pra quem precisa pegar transporte p\u00fablico - Lurdinha - Duque de Caxias para Est\u00f4magos Fortes","isPartOf":{"@id":"https:\/\/lurdinha.org\/site\/#website"},"datePublished":"2020-03-27T23:35:21+00:00","dateModified":"2020-03-27T23:37:12+00:00","breadcrumb":{"@id":"https:\/\/lurdinha.org\/site\/material-grafico-com-instrucoes-pra-quem-precisa-pegar-transporte-publico\/#breadcrumb"},"inLanguage":"pt-BR","potentialAction":[{"@type":"ReadAction","target":["https:\/\/lurdinha.org\/site\/material-grafico-com-instrucoes-pra-quem-precisa-pegar-transporte-publico\/"]}]},{"@type":"BreadcrumbList","@id":"https:\/\/lurdinha.org\/site\/material-grafico-com-instrucoes-pra-quem-precisa-pegar-transporte-publico\/#breadcrumb","itemListElement":[{"@type":"ListItem","position":1,"name":"In\u00edcio","item":"https:\/\/lurdinha.org\/site\/"},{"@type":"ListItem","position":2,"name":"Material gr\u00e1fico com instru\u00e7\u00f5es pra quem precisa pegar transporte p\u00fablico"}]},{"@type":"WebSite","@id":"https:\/\/lurdinha.org\/site\/#website","url":"https:\/\/lurdinha.org\/site\/","name":"Lurdinha - Duque de Caxias para Est\u00f4magos Fortes","description":"Site sobre Arte, Cultura, Pol\u00edtica, Sociedade e curiosidades da cidade de Duque de Caxias, RJ","publisher":{"@id":"https:\/\/lurdinha.org\/site\/#organization"},"alternateName":"Lurdinha","potentialAction":[{"@type":"SearchAction","target":{"@type":"EntryPoint","urlTemplate":"https:\/\/lurdinha.org\/site\/?s={search_term_string}"},"query-input":{"@type":"PropertyValueSpecification","valueRequired":true,"valueName":"search_term_string"}}],"inLanguage":"pt-BR"},{"@type":"Organization","@id":"https:\/\/lurdinha.org\/site\/#organization","name":"Lurdinha de Caxias","url":"https:\/\/lurdinha.org\/site\/","logo":{"@type":"ImageObject","inLanguage":"pt-BR","@id":"https:\/\/lurdinha.org\/site\/#\/schema\/logo\/image\/","url":"https:\/\/lurdinha.org\/site\/wp-content\/uploads\/logo-lurdinha.jpg","contentUrl":"https:\/\/lurdinha.org\/site\/wp-content\/uploads\/logo-lurdinha.jpg","width":640,"height":60,"caption":"Lurdinha de Caxias"},"image":{"@id":"https:\/\/lurdinha.org\/site\/#\/schema\/logo\/image\/"},"sameAs":["https:\/\/www.facebook.com\/LurdinhadeCaxias","https:\/\/www.instagram.com\/lurdinhadecaxias"]},{"@type":"Person","@id":"https:\/\/lurdinha.org\/site\/#\/schema\/person\/5cec0971ff0c87038009af187da88959","name":"Osmar Paulino","image":{"@type":"ImageObject","inLanguage":"pt-BR","@id":"https:\/\/secure.gravatar.com\/avatar\/2e2c581c998de61dcba522d0cd050c59fc5a6d45b9a078c583fff3301ef38702?s=96&d=mm&r=g","url":"https:\/\/secure.gravatar.com\/avatar\/2e2c581c998de61dcba522d0cd050c59fc5a6d45b9a078c583fff3301ef38702?s=96&d=mm&r=g","contentUrl":"https:\/\/secure.gravatar.com\/avatar\/2e2c581c998de61dcba522d0cd050c59fc5a6d45b9a078c583fff3301ef38702?s=96&d=mm&r=g","caption":"Osmar Paulino"},"description":"Professor de Geografia, Articulador Cultural, Produtor do FAIM, Festival de Artes de Imbari\u00ea","url":"https:\/\/lurdinha.org\/site\/author\/osmarpaulino\/"}]}},"views":1225,"_links":{"self":[{"href":"https:\/\/lurdinha.org\/site\/wp-json\/wp\/v2\/posts\/8599","targetHints":{"allow":["GET"]}}],"collection":[{"href":"https:\/\/lurdinha.org\/site\/wp-json\/wp\/v2\/posts"}],"about":[{"href":"https:\/\/lurdinha.org\/site\/wp-json\/wp\/v2\/types\/post"}],"author":[{"embeddable":true,"href":"https:\/\/lurdinha.org\/site\/wp-json\/wp\/v2\/users\/66"}],"replies":[{"embeddable":true,"href":"https:\/\/lurdinha.org\/site\/wp-json\/wp\/v2\/comments?post=8599"}],"version-history":[{"count":2,"href":"https:\/\/lurdinha.org\/site\/wp-json\/wp\/v2\/posts\/8599\/revisions"}],"predecessor-version":[{"id":8601,"href":"https:\/\/lurdinha.org\/site\/wp-json\/wp\/v2\/posts\/8599\/revisions\/8601"}],"wp:attachment":[{"href":"https:\/\/lurdinha.org\/site\/wp-json\/wp\/v2\/media?parent=8599"}],"wp:term":[{"taxonomy":"category","embeddable":true,"href":"https:\/\/lurdinha.org\/site\/wp-json\/wp\/v2\/categories?post=8599"},{"taxonomy":"post_tag","embeddable":true,"href":"https:\/\/lurdinha.org\/site\/wp-json\/wp\/v2\/tags?post=8599"}],"curies":[{"name":"wp","href":"https:\/\/api.w.org\/{rel}","templated":true}]}}