{"id":8510,"date":"2020-02-26T00:26:57","date_gmt":"2020-02-26T00:26:57","guid":{"rendered":"https:\/\/lurdinha.org\/site\/?p=8510"},"modified":"2020-05-10T03:34:36","modified_gmt":"2020-05-10T03:34:36","slug":"os-pais-do-sambodromo-merecem-uma-homenagem","status":"publish","type":"post","link":"https:\/\/lurdinha.org\/site\/os-pais-do-sambodromo-merecem-uma-homenagem\/","title":{"rendered":"Os pais do Samb\u00f3dromo merecem uma homenagem"},"content":{"rendered":"<p><img loading=\"lazy\" decoding=\"async\" class=\"wp-image-8511  alignleft\" src=\"https:\/\/lurdinha.org\/site\/wp-content\/uploads\/FB_IMG_1582676671929-300x291.jpg\" alt=\"Leonel Brizola e Darcy Ribeiro no Samb\u00f3dromo - Carnaval Rio de Janeiro\" width=\"385\" height=\"373\" srcset=\"https:\/\/lurdinha.org\/site\/wp-content\/uploads\/FB_IMG_1582676671929-300x291.jpg 300w, https:\/\/lurdinha.org\/site\/wp-content\/uploads\/FB_IMG_1582676671929-610x592.jpg 610w, https:\/\/lurdinha.org\/site\/wp-content\/uploads\/FB_IMG_1582676671929.jpg 720w\" sizes=\"auto, (max-width: 385px) 100vw, 385px\" \/><\/p>\n<p>Os desfiles das escolas de samba do Grupo Especial do Rio de Janeiro passaram e uma lembran\u00e7a \u2013 ou cobran\u00e7a \u2013 tem que ser feita. Tem 23 anos que perdemos Darcy Ribeiro (1922-1997), 16 anos que Leonel de Moura Brizola (1922-2004) e o Samb\u00f3dromo j\u00e1 passou dos 30 anos. Brizola na inaugura\u00e7\u00e3o disse: <em>\u201cVamos nos sentir profundamente felizes, quando passarmos a\u00ed por esse elevado e pudermos observar as crian\u00e7as brincando aqui dentro ou assistindo aula, l\u00e1 nas depend\u00eancias dos edif\u00edcios da passarela\u201d<\/em>. Infelizmente os meios de comunica\u00e7\u00e3o insistem em dizer que o samb\u00f3dramo chama-se: Marqu\u00eas de Sapuca\u00ed, um equ\u00edvoco! Na verdade, essa \u00e9 a avenida onde passam os autom\u00f3veis fora do per\u00edodo de Carnaval. O samb\u00f3dromo chama-se:\u00a0<strong>Passarela Professor Darcy Ribeiro<\/strong>! O termo \u201c<em>Samb\u00f3dromo<\/em>\u201d foi dado por Darcy, a partir da jun\u00e7\u00e3o de \u201c<em>samba<\/em>\u201d com o sufixo de origem grega \u201c<em>dromo<\/em>\u201d, que significa \u201c<em>convida, lugar para correr\u201d.<\/em><\/p>\n<p>No primeiro governo de Brizola (1983-1987), o Vice-Governador e Secret\u00e1rio de Cultura Darcy Ribeiro recebeu uma miss\u00e3o: fazer a primeira grande obra do governo. Escolheu atender o sonho dos bambas do Carnaval: construir um local definitivo para o desfile das escolas de samba. Naquele per\u00edodo (anos 80), a cidade do Rio parava durante dias para montagem dos carros aleg\u00f3ricos, arquibancadas feita de tubulares, o desfile, a ida e volta dos carros aleg\u00f3ricos para os barrac\u00f5es&#8230; Era um caos em plena Avenida Presidente Vargas!<\/p>\n<p>Darcy ent\u00e3o projetou o local para que servisse o Carnaval e ainda, acrescentou a salvaguarda para os cr\u00edticos que ganhavam com o caos: colocar escolas em tempo integral &#8211; os Brizol\u00f5es &#8211; por baixo das arquibancadas. Pensou ele: &#8220;<em>J\u00e1 que as escolas param no Carnaval, aqui ter\u00e1 uma, que emprestar\u00e1 suas salas ao mundo durante os dias de folia.&#8221;<\/em> O Samb\u00f3dromo ficaria em atividade o ano inteiro!<\/p>\n<p>Ningu\u00e9m acreditava que o Samb\u00f3dromo ficaria pronto para o Carnaval de 1984. A Rede Globo desacreditou tanto a obra, que os direitos de transmiss\u00e3o foram para a TV Manchete. Antes, se envolveu no Esc\u00e2ndalo do Proconsult. Quem desacreditou, esqueceu que o projetor da obra, era o rec\u00e9m chegado ao pa\u00eds do ex\u00edlio Oscar Niemeyer.<\/p>\n<p><img loading=\"lazy\" decoding=\"async\" class=\"wp-image-8512 alignright\" src=\"https:\/\/lurdinha.org\/site\/wp-content\/uploads\/FB_IMG_1582676681621-300x161.jpg\" alt=\"\" width=\"421\" height=\"226\" srcset=\"https:\/\/lurdinha.org\/site\/wp-content\/uploads\/FB_IMG_1582676681621-300x161.jpg 300w, https:\/\/lurdinha.org\/site\/wp-content\/uploads\/FB_IMG_1582676681621-610x327.jpg 610w, https:\/\/lurdinha.org\/site\/wp-content\/uploads\/FB_IMG_1582676681621.jpg 720w\" sizes=\"auto, (max-width: 421px) 100vw, 421px\" \/><\/p>\n<p>Resultado: em quatro meses o samb\u00f3dramo foi inaugurado e a Esta\u00e7\u00e3o Primeira de Mangueira, a supercampe\u00e3. Contei tudo isso, para lembrar que o legado de Brizola e Darcy ainda vivem. Se a educa\u00e7\u00e3o est\u00e1 renegada, imaginem se Brizola e Darcy, n\u00e3o tivessem feito os 513 CIEP&#8217;s? Quanta crian\u00e7as ficariam fora da sala de aula hoje? Eles fazem muita falta!<\/p>\n<p>Todo carnaval me pergunto: porque ainda nenhuma Escola de Samba do Grupo Especial que foram t\u00e3o prestigiadas por Brizola e Darcy, n\u00e3o tiveram coragem de fazer um enredo para homenagear esses grandes homens p\u00fablicos e fundamentais para termos o maior espet\u00e1culo da Terra? Em 2009, a Mangueira fez uma homenagem ao Samb\u00f3dromo e sutilmente lembrou Darcy. Em 2009, a Inocentes de Belford Roxo fez a homanagem a Brizola no grupo A, mas algu\u00e9m lembra? O Grupo Especial ainda deve esse reconhecimento aos pais do Samb\u00f3dromo. Lembrando e sonhando, ainda veremos uma escola de samba ter essa coragem!<\/p>\n","protected":false},"excerpt":{"rendered":"<p>Os desfiles das escolas de samba do Grupo Especial do Rio de Janeiro passaram e&#8230;<\/p>\n","protected":false},"author":69,"featured_media":8511,"comment_status":"open","ping_status":"closed","sticky":false,"template":"","format":"standard","meta":{"footnotes":""},"categories":[9,4],"tags":[17,1047,91,1107,1115,22,1116],"class_list":["post-8510","post","type-post","status-publish","format-standard","has-post-thumbnail","hentry","category-historia","category-opiniao","tag-carnaval","tag-darcy-ribeiro","tag-educacao","tag-escolas-de-samba","tag-leonel-brizola","tag-rio-de-janeiro","tag-sambodromo"],"yoast_head":"<!-- This site is optimized with the Yoast SEO plugin v27.5 - https:\/\/yoast.com\/product\/yoast-seo-wordpress\/ -->\n<title>Os pais do Samb\u00f3dromo merecem uma homenagem - Lurdinha - Duque de Caxias para Est\u00f4magos Fortes<\/title>\n<meta name=\"robots\" content=\"index, follow, max-snippet:-1, max-image-preview:large, max-video-preview:-1\" \/>\n<link rel=\"canonical\" href=\"https:\/\/lurdinha.org\/site\/os-pais-do-sambodromo-merecem-uma-homenagem\/\" \/>\n<meta property=\"og:locale\" content=\"pt_BR\" \/>\n<meta property=\"og:type\" content=\"article\" \/>\n<meta property=\"og:title\" content=\"Os pais do Samb\u00f3dromo merecem uma homenagem - Lurdinha - Duque de Caxias para Est\u00f4magos Fortes\" \/>\n<meta property=\"og:description\" content=\"Os desfiles das escolas de samba do Grupo Especial do Rio de Janeiro passaram e...\" \/>\n<meta property=\"og:url\" content=\"https:\/\/lurdinha.org\/site\/os-pais-do-sambodromo-merecem-uma-homenagem\/\" \/>\n<meta property=\"og:site_name\" content=\"Lurdinha - Duque de Caxias para Est\u00f4magos Fortes\" \/>\n<meta property=\"article:publisher\" content=\"https:\/\/www.facebook.com\/LurdinhadeCaxias\" \/>\n<meta property=\"article:author\" content=\"profmarroni\" \/>\n<meta property=\"article:published_time\" content=\"2020-02-26T00:26:57+00:00\" \/>\n<meta property=\"article:modified_time\" content=\"2020-05-10T03:34:36+00:00\" \/>\n<meta property=\"og:image\" content=\"https:\/\/lurdinha.org\/site\/wp-content\/uploads\/FB_IMG_1582676671929.jpg\" \/>\n\t<meta property=\"og:image:width\" content=\"720\" \/>\n\t<meta property=\"og:image:height\" content=\"699\" \/>\n\t<meta property=\"og:image:type\" content=\"image\/jpeg\" \/>\n<meta name=\"author\" content=\"Marroni Alves\" \/>\n<meta name=\"twitter:card\" content=\"summary_large_image\" \/>\n<meta name=\"twitter:creator\" content=\"@MarroniAlves\" \/>\n<meta name=\"twitter:label1\" content=\"Escrito por\" \/>\n\t<meta name=\"twitter:data1\" content=\"Marroni Alves\" \/>\n\t<meta name=\"twitter:label2\" content=\"Est. tempo de leitura\" \/>\n\t<meta name=\"twitter:data2\" content=\"3 minutos\" \/>\n<script type=\"application\/ld+json\" class=\"yoast-schema-graph\">{\"@context\":\"https:\\\/\\\/schema.org\",\"@graph\":[{\"@type\":\"Article\",\"@id\":\"https:\\\/\\\/lurdinha.org\\\/site\\\/os-pais-do-sambodromo-merecem-uma-homenagem\\\/#article\",\"isPartOf\":{\"@id\":\"https:\\\/\\\/lurdinha.org\\\/site\\\/os-pais-do-sambodromo-merecem-uma-homenagem\\\/\"},\"author\":{\"name\":\"Marroni Alves\",\"@id\":\"https:\\\/\\\/lurdinha.org\\\/site\\\/#\\\/schema\\\/person\\\/962cc3e1090602931955c4bd427a5b79\"},\"headline\":\"Os pais do Samb\u00f3dromo merecem uma homenagem\",\"datePublished\":\"2020-02-26T00:26:57+00:00\",\"dateModified\":\"2020-05-10T03:34:36+00:00\",\"mainEntityOfPage\":{\"@id\":\"https:\\\/\\\/lurdinha.org\\\/site\\\/os-pais-do-sambodromo-merecem-uma-homenagem\\\/\"},\"wordCount\":550,\"commentCount\":0,\"publisher\":{\"@id\":\"https:\\\/\\\/lurdinha.org\\\/site\\\/#organization\"},\"image\":{\"@id\":\"https:\\\/\\\/lurdinha.org\\\/site\\\/os-pais-do-sambodromo-merecem-uma-homenagem\\\/#primaryimage\"},\"thumbnailUrl\":\"https:\\\/\\\/lurdinha.org\\\/site\\\/wp-content\\\/uploads\\\/FB_IMG_1582676671929.jpg\",\"keywords\":[\"carnaval\",\"darcy ribeiro\",\"Educa\u00e7\u00e3o\",\"escolas de samba\",\"leonel brizola\",\"rio de janeiro\",\"sambodromo\"],\"articleSection\":[\"hist\u00f3ria\",\"uma opini\u00e3o\"],\"inLanguage\":\"pt-BR\",\"potentialAction\":[{\"@type\":\"CommentAction\",\"name\":\"Comment\",\"target\":[\"https:\\\/\\\/lurdinha.org\\\/site\\\/os-pais-do-sambodromo-merecem-uma-homenagem\\\/#respond\"]}]},{\"@type\":\"WebPage\",\"@id\":\"https:\\\/\\\/lurdinha.org\\\/site\\\/os-pais-do-sambodromo-merecem-uma-homenagem\\\/\",\"url\":\"https:\\\/\\\/lurdinha.org\\\/site\\\/os-pais-do-sambodromo-merecem-uma-homenagem\\\/\",\"name\":\"Os pais do Samb\u00f3dromo merecem uma homenagem - Lurdinha - Duque de Caxias para Est\u00f4magos Fortes\",\"isPartOf\":{\"@id\":\"https:\\\/\\\/lurdinha.org\\\/site\\\/#website\"},\"primaryImageOfPage\":{\"@id\":\"https:\\\/\\\/lurdinha.org\\\/site\\\/os-pais-do-sambodromo-merecem-uma-homenagem\\\/#primaryimage\"},\"image\":{\"@id\":\"https:\\\/\\\/lurdinha.org\\\/site\\\/os-pais-do-sambodromo-merecem-uma-homenagem\\\/#primaryimage\"},\"thumbnailUrl\":\"https:\\\/\\\/lurdinha.org\\\/site\\\/wp-content\\\/uploads\\\/FB_IMG_1582676671929.jpg\",\"datePublished\":\"2020-02-26T00:26:57+00:00\",\"dateModified\":\"2020-05-10T03:34:36+00:00\",\"breadcrumb\":{\"@id\":\"https:\\\/\\\/lurdinha.org\\\/site\\\/os-pais-do-sambodromo-merecem-uma-homenagem\\\/#breadcrumb\"},\"inLanguage\":\"pt-BR\",\"potentialAction\":[{\"@type\":\"ReadAction\",\"target\":[\"https:\\\/\\\/lurdinha.org\\\/site\\\/os-pais-do-sambodromo-merecem-uma-homenagem\\\/\"]}]},{\"@type\":\"ImageObject\",\"inLanguage\":\"pt-BR\",\"@id\":\"https:\\\/\\\/lurdinha.org\\\/site\\\/os-pais-do-sambodromo-merecem-uma-homenagem\\\/#primaryimage\",\"url\":\"https:\\\/\\\/lurdinha.org\\\/site\\\/wp-content\\\/uploads\\\/FB_IMG_1582676671929.jpg\",\"contentUrl\":\"https:\\\/\\\/lurdinha.org\\\/site\\\/wp-content\\\/uploads\\\/FB_IMG_1582676671929.jpg\",\"width\":720,\"height\":699},{\"@type\":\"BreadcrumbList\",\"@id\":\"https:\\\/\\\/lurdinha.org\\\/site\\\/os-pais-do-sambodromo-merecem-uma-homenagem\\\/#breadcrumb\",\"itemListElement\":[{\"@type\":\"ListItem\",\"position\":1,\"name\":\"In\u00edcio\",\"item\":\"https:\\\/\\\/lurdinha.org\\\/site\\\/\"},{\"@type\":\"ListItem\",\"position\":2,\"name\":\"Os pais do Samb\u00f3dromo merecem uma homenagem\"}]},{\"@type\":\"WebSite\",\"@id\":\"https:\\\/\\\/lurdinha.org\\\/site\\\/#website\",\"url\":\"https:\\\/\\\/lurdinha.org\\\/site\\\/\",\"name\":\"Lurdinha - Duque de Caxias para Est\u00f4magos Fortes\",\"description\":\"Site sobre Arte, Cultura, Pol\u00edtica, Sociedade e curiosidades da cidade de Duque de Caxias, RJ\",\"publisher\":{\"@id\":\"https:\\\/\\\/lurdinha.org\\\/site\\\/#organization\"},\"alternateName\":\"Lurdinha\",\"potentialAction\":[{\"@type\":\"SearchAction\",\"target\":{\"@type\":\"EntryPoint\",\"urlTemplate\":\"https:\\\/\\\/lurdinha.org\\\/site\\\/?s={search_term_string}\"},\"query-input\":{\"@type\":\"PropertyValueSpecification\",\"valueRequired\":true,\"valueName\":\"search_term_string\"}}],\"inLanguage\":\"pt-BR\"},{\"@type\":\"Organization\",\"@id\":\"https:\\\/\\\/lurdinha.org\\\/site\\\/#organization\",\"name\":\"Lurdinha de Caxias\",\"url\":\"https:\\\/\\\/lurdinha.org\\\/site\\\/\",\"logo\":{\"@type\":\"ImageObject\",\"inLanguage\":\"pt-BR\",\"@id\":\"https:\\\/\\\/lurdinha.org\\\/site\\\/#\\\/schema\\\/logo\\\/image\\\/\",\"url\":\"https:\\\/\\\/lurdinha.org\\\/site\\\/wp-content\\\/uploads\\\/logo-lurdinha.jpg\",\"contentUrl\":\"https:\\\/\\\/lurdinha.org\\\/site\\\/wp-content\\\/uploads\\\/logo-lurdinha.jpg\",\"width\":640,\"height\":60,\"caption\":\"Lurdinha de Caxias\"},\"image\":{\"@id\":\"https:\\\/\\\/lurdinha.org\\\/site\\\/#\\\/schema\\\/logo\\\/image\\\/\"},\"sameAs\":[\"https:\\\/\\\/www.facebook.com\\\/LurdinhadeCaxias\",\"https:\\\/\\\/www.instagram.com\\\/lurdinhadecaxias\"]},{\"@type\":\"Person\",\"@id\":\"https:\\\/\\\/lurdinha.org\\\/site\\\/#\\\/schema\\\/person\\\/962cc3e1090602931955c4bd427a5b79\",\"name\":\"Marroni Alves\",\"image\":{\"@type\":\"ImageObject\",\"inLanguage\":\"pt-BR\",\"@id\":\"https:\\\/\\\/secure.gravatar.com\\\/avatar\\\/1ad3bda8d2f95405271f92b1a014b8c0c906279b4732863ae89fa73c6e251ddf?s=96&d=mm&r=g\",\"url\":\"https:\\\/\\\/secure.gravatar.com\\\/avatar\\\/1ad3bda8d2f95405271f92b1a014b8c0c906279b4732863ae89fa73c6e251ddf?s=96&d=mm&r=g\",\"contentUrl\":\"https:\\\/\\\/secure.gravatar.com\\\/avatar\\\/1ad3bda8d2f95405271f92b1a014b8c0c906279b4732863ae89fa73c6e251ddf?s=96&d=mm&r=g\",\"caption\":\"Marroni Alves\"},\"description\":\"Filho da escola p\u00fablica e de pernambucanos. Nascido no Hospital Duque, mas sempre no Hospital Infantil. Formado em Hist\u00f3ria na FEUDUC, dou aula em pr\u00e9-vestibular comunit\u00e1rio na Vila Ideal, Jardim Gramacho, Complexo da Mangueirinha e Xerem.\",\"sameAs\":[\"profmarroni\",\"https:\\\/\\\/www.instagram.com\\\/marronialves\\\/\",\"https:\\\/\\\/x.com\\\/MarroniAlves\"],\"url\":\"https:\\\/\\\/lurdinha.org\\\/site\\\/author\\\/marroni\\\/\"}]}<\/script>\n<!-- \/ Yoast SEO plugin. -->","yoast_head_json":{"title":"Os pais do Samb\u00f3dromo merecem uma homenagem - Lurdinha - Duque de Caxias para Est\u00f4magos Fortes","robots":{"index":"index","follow":"follow","max-snippet":"max-snippet:-1","max-image-preview":"max-image-preview:large","max-video-preview":"max-video-preview:-1"},"canonical":"https:\/\/lurdinha.org\/site\/os-pais-do-sambodromo-merecem-uma-homenagem\/","og_locale":"pt_BR","og_type":"article","og_title":"Os pais do Samb\u00f3dromo merecem uma homenagem - Lurdinha - Duque de Caxias para Est\u00f4magos Fortes","og_description":"Os desfiles das escolas de samba do Grupo Especial do Rio de Janeiro passaram e...","og_url":"https:\/\/lurdinha.org\/site\/os-pais-do-sambodromo-merecem-uma-homenagem\/","og_site_name":"Lurdinha - Duque de Caxias para Est\u00f4magos Fortes","article_publisher":"https:\/\/www.facebook.com\/LurdinhadeCaxias","article_author":"profmarroni","article_published_time":"2020-02-26T00:26:57+00:00","article_modified_time":"2020-05-10T03:34:36+00:00","og_image":[{"width":720,"height":699,"url":"https:\/\/lurdinha.org\/site\/wp-content\/uploads\/FB_IMG_1582676671929.jpg","type":"image\/jpeg"}],"author":"Marroni Alves","twitter_card":"summary_large_image","twitter_creator":"@MarroniAlves","twitter_misc":{"Escrito por":"Marroni Alves","Est. tempo de leitura":"3 minutos"},"schema":{"@context":"https:\/\/schema.org","@graph":[{"@type":"Article","@id":"https:\/\/lurdinha.org\/site\/os-pais-do-sambodromo-merecem-uma-homenagem\/#article","isPartOf":{"@id":"https:\/\/lurdinha.org\/site\/os-pais-do-sambodromo-merecem-uma-homenagem\/"},"author":{"name":"Marroni Alves","@id":"https:\/\/lurdinha.org\/site\/#\/schema\/person\/962cc3e1090602931955c4bd427a5b79"},"headline":"Os pais do Samb\u00f3dromo merecem uma homenagem","datePublished":"2020-02-26T00:26:57+00:00","dateModified":"2020-05-10T03:34:36+00:00","mainEntityOfPage":{"@id":"https:\/\/lurdinha.org\/site\/os-pais-do-sambodromo-merecem-uma-homenagem\/"},"wordCount":550,"commentCount":0,"publisher":{"@id":"https:\/\/lurdinha.org\/site\/#organization"},"image":{"@id":"https:\/\/lurdinha.org\/site\/os-pais-do-sambodromo-merecem-uma-homenagem\/#primaryimage"},"thumbnailUrl":"https:\/\/lurdinha.org\/site\/wp-content\/uploads\/FB_IMG_1582676671929.jpg","keywords":["carnaval","darcy ribeiro","Educa\u00e7\u00e3o","escolas de samba","leonel brizola","rio de janeiro","sambodromo"],"articleSection":["hist\u00f3ria","uma opini\u00e3o"],"inLanguage":"pt-BR","potentialAction":[{"@type":"CommentAction","name":"Comment","target":["https:\/\/lurdinha.org\/site\/os-pais-do-sambodromo-merecem-uma-homenagem\/#respond"]}]},{"@type":"WebPage","@id":"https:\/\/lurdinha.org\/site\/os-pais-do-sambodromo-merecem-uma-homenagem\/","url":"https:\/\/lurdinha.org\/site\/os-pais-do-sambodromo-merecem-uma-homenagem\/","name":"Os pais do Samb\u00f3dromo merecem uma homenagem - Lurdinha - Duque de Caxias para Est\u00f4magos Fortes","isPartOf":{"@id":"https:\/\/lurdinha.org\/site\/#website"},"primaryImageOfPage":{"@id":"https:\/\/lurdinha.org\/site\/os-pais-do-sambodromo-merecem-uma-homenagem\/#primaryimage"},"image":{"@id":"https:\/\/lurdinha.org\/site\/os-pais-do-sambodromo-merecem-uma-homenagem\/#primaryimage"},"thumbnailUrl":"https:\/\/lurdinha.org\/site\/wp-content\/uploads\/FB_IMG_1582676671929.jpg","datePublished":"2020-02-26T00:26:57+00:00","dateModified":"2020-05-10T03:34:36+00:00","breadcrumb":{"@id":"https:\/\/lurdinha.org\/site\/os-pais-do-sambodromo-merecem-uma-homenagem\/#breadcrumb"},"inLanguage":"pt-BR","potentialAction":[{"@type":"ReadAction","target":["https:\/\/lurdinha.org\/site\/os-pais-do-sambodromo-merecem-uma-homenagem\/"]}]},{"@type":"ImageObject","inLanguage":"pt-BR","@id":"https:\/\/lurdinha.org\/site\/os-pais-do-sambodromo-merecem-uma-homenagem\/#primaryimage","url":"https:\/\/lurdinha.org\/site\/wp-content\/uploads\/FB_IMG_1582676671929.jpg","contentUrl":"https:\/\/lurdinha.org\/site\/wp-content\/uploads\/FB_IMG_1582676671929.jpg","width":720,"height":699},{"@type":"BreadcrumbList","@id":"https:\/\/lurdinha.org\/site\/os-pais-do-sambodromo-merecem-uma-homenagem\/#breadcrumb","itemListElement":[{"@type":"ListItem","position":1,"name":"In\u00edcio","item":"https:\/\/lurdinha.org\/site\/"},{"@type":"ListItem","position":2,"name":"Os pais do Samb\u00f3dromo merecem uma homenagem"}]},{"@type":"WebSite","@id":"https:\/\/lurdinha.org\/site\/#website","url":"https:\/\/lurdinha.org\/site\/","name":"Lurdinha - Duque de Caxias para Est\u00f4magos Fortes","description":"Site sobre Arte, Cultura, Pol\u00edtica, Sociedade e curiosidades da cidade de Duque de Caxias, RJ","publisher":{"@id":"https:\/\/lurdinha.org\/site\/#organization"},"alternateName":"Lurdinha","potentialAction":[{"@type":"SearchAction","target":{"@type":"EntryPoint","urlTemplate":"https:\/\/lurdinha.org\/site\/?s={search_term_string}"},"query-input":{"@type":"PropertyValueSpecification","valueRequired":true,"valueName":"search_term_string"}}],"inLanguage":"pt-BR"},{"@type":"Organization","@id":"https:\/\/lurdinha.org\/site\/#organization","name":"Lurdinha de Caxias","url":"https:\/\/lurdinha.org\/site\/","logo":{"@type":"ImageObject","inLanguage":"pt-BR","@id":"https:\/\/lurdinha.org\/site\/#\/schema\/logo\/image\/","url":"https:\/\/lurdinha.org\/site\/wp-content\/uploads\/logo-lurdinha.jpg","contentUrl":"https:\/\/lurdinha.org\/site\/wp-content\/uploads\/logo-lurdinha.jpg","width":640,"height":60,"caption":"Lurdinha de Caxias"},"image":{"@id":"https:\/\/lurdinha.org\/site\/#\/schema\/logo\/image\/"},"sameAs":["https:\/\/www.facebook.com\/LurdinhadeCaxias","https:\/\/www.instagram.com\/lurdinhadecaxias"]},{"@type":"Person","@id":"https:\/\/lurdinha.org\/site\/#\/schema\/person\/962cc3e1090602931955c4bd427a5b79","name":"Marroni Alves","image":{"@type":"ImageObject","inLanguage":"pt-BR","@id":"https:\/\/secure.gravatar.com\/avatar\/1ad3bda8d2f95405271f92b1a014b8c0c906279b4732863ae89fa73c6e251ddf?s=96&d=mm&r=g","url":"https:\/\/secure.gravatar.com\/avatar\/1ad3bda8d2f95405271f92b1a014b8c0c906279b4732863ae89fa73c6e251ddf?s=96&d=mm&r=g","contentUrl":"https:\/\/secure.gravatar.com\/avatar\/1ad3bda8d2f95405271f92b1a014b8c0c906279b4732863ae89fa73c6e251ddf?s=96&d=mm&r=g","caption":"Marroni Alves"},"description":"Filho da escola p\u00fablica e de pernambucanos. Nascido no Hospital Duque, mas sempre no Hospital Infantil. Formado em Hist\u00f3ria na FEUDUC, dou aula em pr\u00e9-vestibular comunit\u00e1rio na Vila Ideal, Jardim Gramacho, Complexo da Mangueirinha e Xerem.","sameAs":["profmarroni","https:\/\/www.instagram.com\/marronialves\/","https:\/\/x.com\/MarroniAlves"],"url":"https:\/\/lurdinha.org\/site\/author\/marroni\/"}]}},"views":2259,"_links":{"self":[{"href":"https:\/\/lurdinha.org\/site\/wp-json\/wp\/v2\/posts\/8510","targetHints":{"allow":["GET"]}}],"collection":[{"href":"https:\/\/lurdinha.org\/site\/wp-json\/wp\/v2\/posts"}],"about":[{"href":"https:\/\/lurdinha.org\/site\/wp-json\/wp\/v2\/types\/post"}],"author":[{"embeddable":true,"href":"https:\/\/lurdinha.org\/site\/wp-json\/wp\/v2\/users\/69"}],"replies":[{"embeddable":true,"href":"https:\/\/lurdinha.org\/site\/wp-json\/wp\/v2\/comments?post=8510"}],"version-history":[{"count":9,"href":"https:\/\/lurdinha.org\/site\/wp-json\/wp\/v2\/posts\/8510\/revisions"}],"predecessor-version":[{"id":8782,"href":"https:\/\/lurdinha.org\/site\/wp-json\/wp\/v2\/posts\/8510\/revisions\/8782"}],"wp:featuredmedia":[{"embeddable":true,"href":"https:\/\/lurdinha.org\/site\/wp-json\/wp\/v2\/media\/8511"}],"wp:attachment":[{"href":"https:\/\/lurdinha.org\/site\/wp-json\/wp\/v2\/media?parent=8510"}],"wp:term":[{"taxonomy":"category","embeddable":true,"href":"https:\/\/lurdinha.org\/site\/wp-json\/wp\/v2\/categories?post=8510"},{"taxonomy":"post_tag","embeddable":true,"href":"https:\/\/lurdinha.org\/site\/wp-json\/wp\/v2\/tags?post=8510"}],"curies":[{"name":"wp","href":"https:\/\/api.w.org\/{rel}","templated":true}]}}