{"id":8491,"date":"2020-02-19T03:38:12","date_gmt":"2020-02-19T03:38:12","guid":{"rendered":"https:\/\/lurdinha.org\/site\/?p=8491"},"modified":"2020-02-19T03:42:31","modified_gmt":"2020-02-19T03:42:31","slug":"antes-do-fim-do-mundo-a-periferia-fara-a-sua-revolucao-atraves-da-arte","status":"publish","type":"post","link":"https:\/\/lurdinha.org\/site\/antes-do-fim-do-mundo-a-periferia-fara-a-sua-revolucao-atraves-da-arte\/","title":{"rendered":"Antes do fim do mundo a periferia far\u00e1 a sua revolu\u00e7\u00e3o atrav\u00e9s da arte"},"content":{"rendered":"<p><img loading=\"lazy\" decoding=\"async\" class=\"alignnone size-full wp-image-8493\" src=\"https:\/\/lurdinha.org\/site\/wp-content\/uploads\/2mostra-frente-teatro_OsmarPaulino.jpg\" alt=\"segunda mostra frente de teatro - duque de caxias 2020\" width=\"800\" height=\"600\" srcset=\"https:\/\/lurdinha.org\/site\/wp-content\/uploads\/2mostra-frente-teatro_OsmarPaulino.jpg 800w, https:\/\/lurdinha.org\/site\/wp-content\/uploads\/2mostra-frente-teatro_OsmarPaulino-300x225.jpg 300w, https:\/\/lurdinha.org\/site\/wp-content\/uploads\/2mostra-frente-teatro_OsmarPaulino-610x458.jpg 610w, https:\/\/lurdinha.org\/site\/wp-content\/uploads\/2mostra-frente-teatro_OsmarPaulino-768x576.jpg 768w\" sizes=\"auto, (max-width: 800px) 100vw, 800px\" \/><\/p>\n<p>Pela fresta da cortina da sala exibia-se a luz daquela manh\u00e3 de domingo. E eu que passara a madrugada a fio sobre leituras e videos de Bertold Brecht e Augusto Boal, percebi o impacto que o dia anterior havia causado em mim. Eu tinha pela primeira vez ido ao Teatro Raul Cortez, em Duque de Caxias, assistir a algumas pe\u00e7as teatrais na 2\u00aa Mostra de Teatro Frente, e aquela experi\u00eancia havia estartado alguma coisa. N\u00e3o que eu n\u00e3o houvesse ido ao teatro antes na vida, pelo contr\u00e1rio, mas na minha cidade, na periferia, aquela foi, a vez, primeira. E tamb\u00e9m, n\u00e3o que eu tenha ficado o tempo todo dentro do teatro, pois nem o teatro ficou o tempo todo dentro dele mesmo, dada a sua expans\u00e3o, ele foi \u00e0 rua. E foi justamente este \u00edmpeto de transbordar para al\u00e9m de si, que o teatro acabou por respingar em quem pela Pra\u00e7a do Pacificador ambulava. E quem ambulava, em sua maioria, assim como eu, pela primeira vez estava vendo o que os olhos eram capazes de ver, ouvindo o que os ouvidos ainda permitiam e transcendendo para um poss\u00edvel mundo onde tudo aquilo que estava sendo representado teatralmente fosse superado. Em dado momento um sujeito negro, magro, alto, de chinelos, desdentado no front, e carregando um instrumento improvisado onde eram presos v\u00e1rios saquinhos transparentes de algod\u00e3o doce, olhou para mim, ao seu lado, e falou que era assim mesmo que as empresas faziam, que elas s\u00f3 queriam usar o trabalhador. Ele se referia a pe\u00e7a \u201cEstamos em Obra\u201d do Coletivo Sala Preta.<\/p>\n<p>Ap\u00f3s ouvir aquilo eu j\u00e1 n\u00e3o consegui mais prestar a aten\u00e7\u00e3o na pe\u00e7a, minha mente de maneira involunt\u00e1ria buscava estabelecer rela\u00e7\u00f5es entre o que aquele homem havia me falado, n\u00e3o apenas pelo o que havia falado, mas o fato de ter falado, e logo fui empurrado ao abismo fischiano de \u201cA necessidade da Arte\u201d um livro de 1958 em que o escritor Ernst Fischer percebe a arte como uma substituta da vida, assim como aquele sujeito retinto que falou comigo percebeu. Lembrei-me que neste livro o autor austr\u00edaco discorre sobre o pensamento do alem\u00e3o Bertolt Brecht. Segue o trecho que lembrei e que t\u00e3o logo sentei em uma cadeira de bar, ali mesmo na pra\u00e7a, para pesquisar na internet:<\/p>\n<p>\u201cNo mundo alienado em que vivemos, a realidade social precisa ser mostrada no seu mecanismo de aprisionamento. posta sob uma luz que devasse a \u201caliena\u00e7\u00e3o\u201d do tema e dos personagens. A obra de arte deve apoderar-se da plat\u00e9ia n\u00e3o atrav\u00e9s da identifica\u00e7\u00e3o passiva, mas atrav\u00e9s de um apelo \u00e0 raz\u00e3o que requeira a\u00e7\u00e3o e decis\u00e3o. As normas que fixam as rela\u00e7\u00f5es entre os homens h\u00e3o de ser tratadas no drama como \u201ctempor\u00e1rias e imperfeitas\u201d, de maneira que o espectador seja levado a algo mais produtivo do que a mera observa\u00e7\u00e3o, seja levado a pensar no curso da pe\u00e7a e incitado a formular um julgamento, afinal, quanto ao que viu: \u201cN\u00e3o era assim que devia ser. \u00c9 estranho, quase inacredit\u00e1vel. Precisa deixar de ser as- sim\u201d.\u201d<\/p>\n<p>Fiquei ali sentado, e aproveitei o pouso para pedir uma gelada, e continuei a observar o movimento da pra\u00e7a, o movimento das pessoas, o movimento das ideias. Pensei que provavelmente eu n\u00e3o seria o \u00fanico naquele momento sentado ou em p\u00e9 na pra\u00e7a a pensar o que estava pensando. E o que eu estava pensando era que seria \u00f3timo ter aquela pra\u00e7a cheia de teatro, de ideias, de pessoas, de identifica\u00e7\u00e3o ativa, de inconformismo, sempre. Dei uma golada na cerveja para hidratar o pensamento que logo articulou que a arte na periferia ser\u00e1 o gatilho da revolu\u00e7\u00e3o que acontecer\u00e1 antes do fim do mundo. E j\u00e1 agora ao levantar-me da cama e sentando a frente do meu computador com minha caneca de caf\u00e9 na m\u00e3o direita, me deparo com este texto. Parece-me que o dia de ontem foi um sonho, que deixou rastros materializados. Espero que ele se repita.<\/p>\n<p>.<\/p>\n<p><em><strong><a href=\"https:\/\/medium.com\/@osmarpaulino\" target=\"_blank\" rel=\"noopener noreferrer\">Osmar Paulino<\/a> (@osmar.paullino) \u00e9 ge\u00f3grafo e fundador do FAIM (@faimfestival)<\/strong><\/em><\/p>\n","protected":false},"excerpt":{"rendered":"<p>Pela fresta da cortina da sala exibia-se a luz daquela manh\u00e3 de domingo. E eu&#8230;<\/p>\n","protected":false},"author":66,"featured_media":8493,"comment_status":"open","ping_status":"closed","sticky":false,"template":"","format":"standard","meta":{"footnotes":""},"categories":[8,4],"tags":[],"class_list":["post-8491","post","type-post","status-publish","format-standard","has-post-thumbnail","hentry","category-evento","category-opiniao"],"yoast_head":"<!-- This site is optimized with the Yoast SEO plugin v27.5 - https:\/\/yoast.com\/product\/yoast-seo-wordpress\/ -->\n<title>Antes do fim do mundo a periferia far\u00e1 a sua revolu\u00e7\u00e3o atrav\u00e9s da arte - Lurdinha - Duque de Caxias para Est\u00f4magos Fortes<\/title>\n<meta name=\"robots\" content=\"index, follow, max-snippet:-1, max-image-preview:large, max-video-preview:-1\" \/>\n<link rel=\"canonical\" href=\"https:\/\/lurdinha.org\/site\/antes-do-fim-do-mundo-a-periferia-fara-a-sua-revolucao-atraves-da-arte\/\" \/>\n<meta property=\"og:locale\" content=\"pt_BR\" \/>\n<meta property=\"og:type\" content=\"article\" \/>\n<meta property=\"og:title\" content=\"Antes do fim do mundo a periferia far\u00e1 a sua revolu\u00e7\u00e3o atrav\u00e9s da arte - Lurdinha - Duque de Caxias para Est\u00f4magos Fortes\" \/>\n<meta property=\"og:description\" content=\"Pela fresta da cortina da sala exibia-se a luz daquela manh\u00e3 de domingo. E eu...\" \/>\n<meta property=\"og:url\" content=\"https:\/\/lurdinha.org\/site\/antes-do-fim-do-mundo-a-periferia-fara-a-sua-revolucao-atraves-da-arte\/\" \/>\n<meta property=\"og:site_name\" content=\"Lurdinha - Duque de Caxias para Est\u00f4magos Fortes\" \/>\n<meta property=\"article:publisher\" content=\"https:\/\/www.facebook.com\/LurdinhadeCaxias\" \/>\n<meta property=\"article:published_time\" content=\"2020-02-19T03:38:12+00:00\" \/>\n<meta property=\"article:modified_time\" content=\"2020-02-19T03:42:31+00:00\" \/>\n<meta property=\"og:image\" content=\"https:\/\/lurdinha.org\/site\/wp-content\/uploads\/2mostra-frente-teatro_OsmarPaulino.jpg\" \/>\n\t<meta property=\"og:image:width\" content=\"800\" \/>\n\t<meta property=\"og:image:height\" content=\"600\" \/>\n\t<meta property=\"og:image:type\" content=\"image\/jpeg\" \/>\n<meta name=\"author\" content=\"Osmar Paulino\" \/>\n<meta name=\"twitter:card\" content=\"summary_large_image\" \/>\n<meta name=\"twitter:label1\" content=\"Escrito por\" \/>\n\t<meta name=\"twitter:data1\" content=\"Osmar Paulino\" \/>\n\t<meta name=\"twitter:label2\" content=\"Est. tempo de leitura\" \/>\n\t<meta name=\"twitter:data2\" content=\"4 minutos\" \/>\n<script type=\"application\/ld+json\" class=\"yoast-schema-graph\">{\"@context\":\"https:\\\/\\\/schema.org\",\"@graph\":[{\"@type\":\"Article\",\"@id\":\"https:\\\/\\\/lurdinha.org\\\/site\\\/antes-do-fim-do-mundo-a-periferia-fara-a-sua-revolucao-atraves-da-arte\\\/#article\",\"isPartOf\":{\"@id\":\"https:\\\/\\\/lurdinha.org\\\/site\\\/antes-do-fim-do-mundo-a-periferia-fara-a-sua-revolucao-atraves-da-arte\\\/\"},\"author\":{\"name\":\"Osmar Paulino\",\"@id\":\"https:\\\/\\\/lurdinha.org\\\/site\\\/#\\\/schema\\\/person\\\/5cec0971ff0c87038009af187da88959\"},\"headline\":\"Antes do fim do mundo a periferia far\u00e1 a sua revolu\u00e7\u00e3o atrav\u00e9s da arte\",\"datePublished\":\"2020-02-19T03:38:12+00:00\",\"dateModified\":\"2020-02-19T03:42:31+00:00\",\"mainEntityOfPage\":{\"@id\":\"https:\\\/\\\/lurdinha.org\\\/site\\\/antes-do-fim-do-mundo-a-periferia-fara-a-sua-revolucao-atraves-da-arte\\\/\"},\"wordCount\":724,\"commentCount\":0,\"publisher\":{\"@id\":\"https:\\\/\\\/lurdinha.org\\\/site\\\/#organization\"},\"image\":{\"@id\":\"https:\\\/\\\/lurdinha.org\\\/site\\\/antes-do-fim-do-mundo-a-periferia-fara-a-sua-revolucao-atraves-da-arte\\\/#primaryimage\"},\"thumbnailUrl\":\"https:\\\/\\\/lurdinha.org\\\/site\\\/wp-content\\\/uploads\\\/2mostra-frente-teatro_OsmarPaulino.jpg\",\"articleSection\":[\"evento\",\"uma opini\u00e3o\"],\"inLanguage\":\"pt-BR\",\"potentialAction\":[{\"@type\":\"CommentAction\",\"name\":\"Comment\",\"target\":[\"https:\\\/\\\/lurdinha.org\\\/site\\\/antes-do-fim-do-mundo-a-periferia-fara-a-sua-revolucao-atraves-da-arte\\\/#respond\"]}]},{\"@type\":\"WebPage\",\"@id\":\"https:\\\/\\\/lurdinha.org\\\/site\\\/antes-do-fim-do-mundo-a-periferia-fara-a-sua-revolucao-atraves-da-arte\\\/\",\"url\":\"https:\\\/\\\/lurdinha.org\\\/site\\\/antes-do-fim-do-mundo-a-periferia-fara-a-sua-revolucao-atraves-da-arte\\\/\",\"name\":\"Antes do fim do mundo a periferia far\u00e1 a sua revolu\u00e7\u00e3o atrav\u00e9s da arte - Lurdinha - Duque de Caxias para Est\u00f4magos Fortes\",\"isPartOf\":{\"@id\":\"https:\\\/\\\/lurdinha.org\\\/site\\\/#website\"},\"primaryImageOfPage\":{\"@id\":\"https:\\\/\\\/lurdinha.org\\\/site\\\/antes-do-fim-do-mundo-a-periferia-fara-a-sua-revolucao-atraves-da-arte\\\/#primaryimage\"},\"image\":{\"@id\":\"https:\\\/\\\/lurdinha.org\\\/site\\\/antes-do-fim-do-mundo-a-periferia-fara-a-sua-revolucao-atraves-da-arte\\\/#primaryimage\"},\"thumbnailUrl\":\"https:\\\/\\\/lurdinha.org\\\/site\\\/wp-content\\\/uploads\\\/2mostra-frente-teatro_OsmarPaulino.jpg\",\"datePublished\":\"2020-02-19T03:38:12+00:00\",\"dateModified\":\"2020-02-19T03:42:31+00:00\",\"breadcrumb\":{\"@id\":\"https:\\\/\\\/lurdinha.org\\\/site\\\/antes-do-fim-do-mundo-a-periferia-fara-a-sua-revolucao-atraves-da-arte\\\/#breadcrumb\"},\"inLanguage\":\"pt-BR\",\"potentialAction\":[{\"@type\":\"ReadAction\",\"target\":[\"https:\\\/\\\/lurdinha.org\\\/site\\\/antes-do-fim-do-mundo-a-periferia-fara-a-sua-revolucao-atraves-da-arte\\\/\"]}]},{\"@type\":\"ImageObject\",\"inLanguage\":\"pt-BR\",\"@id\":\"https:\\\/\\\/lurdinha.org\\\/site\\\/antes-do-fim-do-mundo-a-periferia-fara-a-sua-revolucao-atraves-da-arte\\\/#primaryimage\",\"url\":\"https:\\\/\\\/lurdinha.org\\\/site\\\/wp-content\\\/uploads\\\/2mostra-frente-teatro_OsmarPaulino.jpg\",\"contentUrl\":\"https:\\\/\\\/lurdinha.org\\\/site\\\/wp-content\\\/uploads\\\/2mostra-frente-teatro_OsmarPaulino.jpg\",\"width\":800,\"height\":600,\"caption\":\"segunda mostra frente de teatro - duque de caxias 2020\"},{\"@type\":\"BreadcrumbList\",\"@id\":\"https:\\\/\\\/lurdinha.org\\\/site\\\/antes-do-fim-do-mundo-a-periferia-fara-a-sua-revolucao-atraves-da-arte\\\/#breadcrumb\",\"itemListElement\":[{\"@type\":\"ListItem\",\"position\":1,\"name\":\"In\u00edcio\",\"item\":\"https:\\\/\\\/lurdinha.org\\\/site\\\/\"},{\"@type\":\"ListItem\",\"position\":2,\"name\":\"Antes do fim do mundo a periferia far\u00e1 a sua revolu\u00e7\u00e3o atrav\u00e9s da arte\"}]},{\"@type\":\"WebSite\",\"@id\":\"https:\\\/\\\/lurdinha.org\\\/site\\\/#website\",\"url\":\"https:\\\/\\\/lurdinha.org\\\/site\\\/\",\"name\":\"Lurdinha - Duque de Caxias para Est\u00f4magos Fortes\",\"description\":\"Site sobre Arte, Cultura, Pol\u00edtica, Sociedade e curiosidades da cidade de Duque de Caxias, RJ\",\"publisher\":{\"@id\":\"https:\\\/\\\/lurdinha.org\\\/site\\\/#organization\"},\"alternateName\":\"Lurdinha\",\"potentialAction\":[{\"@type\":\"SearchAction\",\"target\":{\"@type\":\"EntryPoint\",\"urlTemplate\":\"https:\\\/\\\/lurdinha.org\\\/site\\\/?s={search_term_string}\"},\"query-input\":{\"@type\":\"PropertyValueSpecification\",\"valueRequired\":true,\"valueName\":\"search_term_string\"}}],\"inLanguage\":\"pt-BR\"},{\"@type\":\"Organization\",\"@id\":\"https:\\\/\\\/lurdinha.org\\\/site\\\/#organization\",\"name\":\"Lurdinha de Caxias\",\"url\":\"https:\\\/\\\/lurdinha.org\\\/site\\\/\",\"logo\":{\"@type\":\"ImageObject\",\"inLanguage\":\"pt-BR\",\"@id\":\"https:\\\/\\\/lurdinha.org\\\/site\\\/#\\\/schema\\\/logo\\\/image\\\/\",\"url\":\"https:\\\/\\\/lurdinha.org\\\/site\\\/wp-content\\\/uploads\\\/logo-lurdinha.jpg\",\"contentUrl\":\"https:\\\/\\\/lurdinha.org\\\/site\\\/wp-content\\\/uploads\\\/logo-lurdinha.jpg\",\"width\":640,\"height\":60,\"caption\":\"Lurdinha de Caxias\"},\"image\":{\"@id\":\"https:\\\/\\\/lurdinha.org\\\/site\\\/#\\\/schema\\\/logo\\\/image\\\/\"},\"sameAs\":[\"https:\\\/\\\/www.facebook.com\\\/LurdinhadeCaxias\",\"https:\\\/\\\/www.instagram.com\\\/lurdinhadecaxias\"]},{\"@type\":\"Person\",\"@id\":\"https:\\\/\\\/lurdinha.org\\\/site\\\/#\\\/schema\\\/person\\\/5cec0971ff0c87038009af187da88959\",\"name\":\"Osmar Paulino\",\"image\":{\"@type\":\"ImageObject\",\"inLanguage\":\"pt-BR\",\"@id\":\"https:\\\/\\\/secure.gravatar.com\\\/avatar\\\/2e2c581c998de61dcba522d0cd050c59fc5a6d45b9a078c583fff3301ef38702?s=96&d=mm&r=g\",\"url\":\"https:\\\/\\\/secure.gravatar.com\\\/avatar\\\/2e2c581c998de61dcba522d0cd050c59fc5a6d45b9a078c583fff3301ef38702?s=96&d=mm&r=g\",\"contentUrl\":\"https:\\\/\\\/secure.gravatar.com\\\/avatar\\\/2e2c581c998de61dcba522d0cd050c59fc5a6d45b9a078c583fff3301ef38702?s=96&d=mm&r=g\",\"caption\":\"Osmar Paulino\"},\"description\":\"Professor de Geografia, Articulador Cultural, Produtor do FAIM, Festival de Artes de Imbari\u00ea\",\"url\":\"https:\\\/\\\/lurdinha.org\\\/site\\\/author\\\/osmarpaulino\\\/\"}]}<\/script>\n<!-- \/ Yoast SEO plugin. -->","yoast_head_json":{"title":"Antes do fim do mundo a periferia far\u00e1 a sua revolu\u00e7\u00e3o atrav\u00e9s da arte - Lurdinha - Duque de Caxias para Est\u00f4magos Fortes","robots":{"index":"index","follow":"follow","max-snippet":"max-snippet:-1","max-image-preview":"max-image-preview:large","max-video-preview":"max-video-preview:-1"},"canonical":"https:\/\/lurdinha.org\/site\/antes-do-fim-do-mundo-a-periferia-fara-a-sua-revolucao-atraves-da-arte\/","og_locale":"pt_BR","og_type":"article","og_title":"Antes do fim do mundo a periferia far\u00e1 a sua revolu\u00e7\u00e3o atrav\u00e9s da arte - Lurdinha - Duque de Caxias para Est\u00f4magos Fortes","og_description":"Pela fresta da cortina da sala exibia-se a luz daquela manh\u00e3 de domingo. E eu...","og_url":"https:\/\/lurdinha.org\/site\/antes-do-fim-do-mundo-a-periferia-fara-a-sua-revolucao-atraves-da-arte\/","og_site_name":"Lurdinha - Duque de Caxias para Est\u00f4magos Fortes","article_publisher":"https:\/\/www.facebook.com\/LurdinhadeCaxias","article_published_time":"2020-02-19T03:38:12+00:00","article_modified_time":"2020-02-19T03:42:31+00:00","og_image":[{"width":800,"height":600,"url":"https:\/\/lurdinha.org\/site\/wp-content\/uploads\/2mostra-frente-teatro_OsmarPaulino.jpg","type":"image\/jpeg"}],"author":"Osmar Paulino","twitter_card":"summary_large_image","twitter_misc":{"Escrito por":"Osmar Paulino","Est. tempo de leitura":"4 minutos"},"schema":{"@context":"https:\/\/schema.org","@graph":[{"@type":"Article","@id":"https:\/\/lurdinha.org\/site\/antes-do-fim-do-mundo-a-periferia-fara-a-sua-revolucao-atraves-da-arte\/#article","isPartOf":{"@id":"https:\/\/lurdinha.org\/site\/antes-do-fim-do-mundo-a-periferia-fara-a-sua-revolucao-atraves-da-arte\/"},"author":{"name":"Osmar Paulino","@id":"https:\/\/lurdinha.org\/site\/#\/schema\/person\/5cec0971ff0c87038009af187da88959"},"headline":"Antes do fim do mundo a periferia far\u00e1 a sua revolu\u00e7\u00e3o atrav\u00e9s da arte","datePublished":"2020-02-19T03:38:12+00:00","dateModified":"2020-02-19T03:42:31+00:00","mainEntityOfPage":{"@id":"https:\/\/lurdinha.org\/site\/antes-do-fim-do-mundo-a-periferia-fara-a-sua-revolucao-atraves-da-arte\/"},"wordCount":724,"commentCount":0,"publisher":{"@id":"https:\/\/lurdinha.org\/site\/#organization"},"image":{"@id":"https:\/\/lurdinha.org\/site\/antes-do-fim-do-mundo-a-periferia-fara-a-sua-revolucao-atraves-da-arte\/#primaryimage"},"thumbnailUrl":"https:\/\/lurdinha.org\/site\/wp-content\/uploads\/2mostra-frente-teatro_OsmarPaulino.jpg","articleSection":["evento","uma opini\u00e3o"],"inLanguage":"pt-BR","potentialAction":[{"@type":"CommentAction","name":"Comment","target":["https:\/\/lurdinha.org\/site\/antes-do-fim-do-mundo-a-periferia-fara-a-sua-revolucao-atraves-da-arte\/#respond"]}]},{"@type":"WebPage","@id":"https:\/\/lurdinha.org\/site\/antes-do-fim-do-mundo-a-periferia-fara-a-sua-revolucao-atraves-da-arte\/","url":"https:\/\/lurdinha.org\/site\/antes-do-fim-do-mundo-a-periferia-fara-a-sua-revolucao-atraves-da-arte\/","name":"Antes do fim do mundo a periferia far\u00e1 a sua revolu\u00e7\u00e3o atrav\u00e9s da arte - Lurdinha - Duque de Caxias para Est\u00f4magos Fortes","isPartOf":{"@id":"https:\/\/lurdinha.org\/site\/#website"},"primaryImageOfPage":{"@id":"https:\/\/lurdinha.org\/site\/antes-do-fim-do-mundo-a-periferia-fara-a-sua-revolucao-atraves-da-arte\/#primaryimage"},"image":{"@id":"https:\/\/lurdinha.org\/site\/antes-do-fim-do-mundo-a-periferia-fara-a-sua-revolucao-atraves-da-arte\/#primaryimage"},"thumbnailUrl":"https:\/\/lurdinha.org\/site\/wp-content\/uploads\/2mostra-frente-teatro_OsmarPaulino.jpg","datePublished":"2020-02-19T03:38:12+00:00","dateModified":"2020-02-19T03:42:31+00:00","breadcrumb":{"@id":"https:\/\/lurdinha.org\/site\/antes-do-fim-do-mundo-a-periferia-fara-a-sua-revolucao-atraves-da-arte\/#breadcrumb"},"inLanguage":"pt-BR","potentialAction":[{"@type":"ReadAction","target":["https:\/\/lurdinha.org\/site\/antes-do-fim-do-mundo-a-periferia-fara-a-sua-revolucao-atraves-da-arte\/"]}]},{"@type":"ImageObject","inLanguage":"pt-BR","@id":"https:\/\/lurdinha.org\/site\/antes-do-fim-do-mundo-a-periferia-fara-a-sua-revolucao-atraves-da-arte\/#primaryimage","url":"https:\/\/lurdinha.org\/site\/wp-content\/uploads\/2mostra-frente-teatro_OsmarPaulino.jpg","contentUrl":"https:\/\/lurdinha.org\/site\/wp-content\/uploads\/2mostra-frente-teatro_OsmarPaulino.jpg","width":800,"height":600,"caption":"segunda mostra frente de teatro - duque de caxias 2020"},{"@type":"BreadcrumbList","@id":"https:\/\/lurdinha.org\/site\/antes-do-fim-do-mundo-a-periferia-fara-a-sua-revolucao-atraves-da-arte\/#breadcrumb","itemListElement":[{"@type":"ListItem","position":1,"name":"In\u00edcio","item":"https:\/\/lurdinha.org\/site\/"},{"@type":"ListItem","position":2,"name":"Antes do fim do mundo a periferia far\u00e1 a sua revolu\u00e7\u00e3o atrav\u00e9s da arte"}]},{"@type":"WebSite","@id":"https:\/\/lurdinha.org\/site\/#website","url":"https:\/\/lurdinha.org\/site\/","name":"Lurdinha - Duque de Caxias para Est\u00f4magos Fortes","description":"Site sobre Arte, Cultura, Pol\u00edtica, Sociedade e curiosidades da cidade de Duque de Caxias, RJ","publisher":{"@id":"https:\/\/lurdinha.org\/site\/#organization"},"alternateName":"Lurdinha","potentialAction":[{"@type":"SearchAction","target":{"@type":"EntryPoint","urlTemplate":"https:\/\/lurdinha.org\/site\/?s={search_term_string}"},"query-input":{"@type":"PropertyValueSpecification","valueRequired":true,"valueName":"search_term_string"}}],"inLanguage":"pt-BR"},{"@type":"Organization","@id":"https:\/\/lurdinha.org\/site\/#organization","name":"Lurdinha de Caxias","url":"https:\/\/lurdinha.org\/site\/","logo":{"@type":"ImageObject","inLanguage":"pt-BR","@id":"https:\/\/lurdinha.org\/site\/#\/schema\/logo\/image\/","url":"https:\/\/lurdinha.org\/site\/wp-content\/uploads\/logo-lurdinha.jpg","contentUrl":"https:\/\/lurdinha.org\/site\/wp-content\/uploads\/logo-lurdinha.jpg","width":640,"height":60,"caption":"Lurdinha de Caxias"},"image":{"@id":"https:\/\/lurdinha.org\/site\/#\/schema\/logo\/image\/"},"sameAs":["https:\/\/www.facebook.com\/LurdinhadeCaxias","https:\/\/www.instagram.com\/lurdinhadecaxias"]},{"@type":"Person","@id":"https:\/\/lurdinha.org\/site\/#\/schema\/person\/5cec0971ff0c87038009af187da88959","name":"Osmar Paulino","image":{"@type":"ImageObject","inLanguage":"pt-BR","@id":"https:\/\/secure.gravatar.com\/avatar\/2e2c581c998de61dcba522d0cd050c59fc5a6d45b9a078c583fff3301ef38702?s=96&d=mm&r=g","url":"https:\/\/secure.gravatar.com\/avatar\/2e2c581c998de61dcba522d0cd050c59fc5a6d45b9a078c583fff3301ef38702?s=96&d=mm&r=g","contentUrl":"https:\/\/secure.gravatar.com\/avatar\/2e2c581c998de61dcba522d0cd050c59fc5a6d45b9a078c583fff3301ef38702?s=96&d=mm&r=g","caption":"Osmar Paulino"},"description":"Professor de Geografia, Articulador Cultural, Produtor do FAIM, Festival de Artes de Imbari\u00ea","url":"https:\/\/lurdinha.org\/site\/author\/osmarpaulino\/"}]}},"views":1640,"_links":{"self":[{"href":"https:\/\/lurdinha.org\/site\/wp-json\/wp\/v2\/posts\/8491","targetHints":{"allow":["GET"]}}],"collection":[{"href":"https:\/\/lurdinha.org\/site\/wp-json\/wp\/v2\/posts"}],"about":[{"href":"https:\/\/lurdinha.org\/site\/wp-json\/wp\/v2\/types\/post"}],"author":[{"embeddable":true,"href":"https:\/\/lurdinha.org\/site\/wp-json\/wp\/v2\/users\/66"}],"replies":[{"embeddable":true,"href":"https:\/\/lurdinha.org\/site\/wp-json\/wp\/v2\/comments?post=8491"}],"version-history":[{"count":4,"href":"https:\/\/lurdinha.org\/site\/wp-json\/wp\/v2\/posts\/8491\/revisions"}],"predecessor-version":[{"id":8496,"href":"https:\/\/lurdinha.org\/site\/wp-json\/wp\/v2\/posts\/8491\/revisions\/8496"}],"wp:featuredmedia":[{"embeddable":true,"href":"https:\/\/lurdinha.org\/site\/wp-json\/wp\/v2\/media\/8493"}],"wp:attachment":[{"href":"https:\/\/lurdinha.org\/site\/wp-json\/wp\/v2\/media?parent=8491"}],"wp:term":[{"taxonomy":"category","embeddable":true,"href":"https:\/\/lurdinha.org\/site\/wp-json\/wp\/v2\/categories?post=8491"},{"taxonomy":"post_tag","embeddable":true,"href":"https:\/\/lurdinha.org\/site\/wp-json\/wp\/v2\/tags?post=8491"}],"curies":[{"name":"wp","href":"https:\/\/api.w.org\/{rel}","templated":true}]}}