{"id":8481,"date":"2020-02-16T05:24:15","date_gmt":"2020-02-16T05:24:15","guid":{"rendered":"https:\/\/lurdinha.org\/site\/?p=8481"},"modified":"2024-10-28T01:16:19","modified_gmt":"2024-10-28T01:16:19","slug":"teatro-de-frente-arrebenta-em-duque-de-caxias","status":"publish","type":"post","link":"https:\/\/lurdinha.org\/site\/teatro-de-frente-arrebenta-em-duque-de-caxias\/","title":{"rendered":"TEATRO DE FRENTE ARREBENTA EM DUQUE DE CAXIAS!"},"content":{"rendered":"<p>Uma coisa que volta e meia falo para uns e outros, \u00e9 que os deuses do Teatro s\u00e3o extremamente rigorosos, mas tamb\u00e9m, incalculavelmente generosos com todos aqueles que trabalham em prol do Teatro. N\u00f3s aqui no Rio de Janeiro e principalmente, em Duque de Caxias, Baixada Fluminense, viemos de quase tr\u00eas semanas de fortes chuvas e todos os envolvidos na Segunda Mostra Frente Teatro RJ, que se reuniram, pensaram e trabalharam incansav<span class=\"text_exposed_show\">elmente por pouco mais de um m\u00eas e que finalmente aconteceu nesta sexta e s\u00e1bado, no Teatro Municipal Raul Cortez, olh\u00e1vamos tanta \u00e1gua com certa apreens\u00e3o, por\u00e9m, sempre encontr\u00e1vamos um olhar de esperan\u00e7a que o tempo ficasse bom e n\u00e3o atrapalhasse a nossa programa\u00e7\u00e3o, que inclu\u00eda diversos coletivos apresentando diversas atra\u00e7\u00f5es gratuitas dentro e fora do Teatro, al\u00e9m de um maravilhoso cine clube na Biblioteca Leonel de Moura Brizola, que junto ao Raul Cortez, forma o Centro Cultural Oscar Niemeyer, na Pra\u00e7a do Pacificador. <\/span><\/p>\n<p><span class=\"text_exposed_show\">O tempo ficou firme, o sol deu as caras e todos os artistas puderam apresentar os seus espet\u00e1culos sem maiores problemas. E o p\u00fablico, que \u00e9 o maior desejo de qualquer artista, compareceu e fez filas para ver as atra\u00e7\u00f5es no palco interno do Teatro, como tamb\u00e9m para ver as atra\u00e7\u00f5es mais intimistas na Sala de Ensaio e tamb\u00e9m, prestigiaram os artistas no palco para a pra\u00e7a e as exibi\u00e7\u00f5es de curtas no Cine clube, como tamb\u00e9m a exposi\u00e7\u00e3o de quadros e outras atividades que aconteceram. <\/span><\/p>\n<p><span class=\"text_exposed_show\">A Segunda Mostra Frente Teatro RJ, mexeu com os formatos tradicionais de tudo que j\u00e1 foi feito em Duque de Caxias em termos de Cultura, pois mostrou com efici\u00eancia e energia, como \u00e9 poss\u00edvel realizar em apenas dois dias, um evento que consegue unir artistas e p\u00fablico de tantos lugares! Eram muitos espet\u00e1culos acontecendo simultaneamente, das 14:00 horas at\u00e9 aproximadamente 22:00 horas, ressaltando sempre, gratuitos! N\u00e3o foram poucos os elogios que ouvi em refer\u00eancia \u00e0 Mostra, como tamb\u00e9m foram muitas as aus\u00eancias de pessoas que se dizem criadoras de Cultura em Duque de Caxias. Acredito que algumas, tinham outros compromissos, mas tamb\u00e9m creio que para outras, seria poss\u00edvel encontrar um espa\u00e7o em suas agendas se realmente possu\u00edssem interesse! Entretanto, a Segunda Mostra Frente Teatro RJ, foi um maravilhoso sucesso e vale ressaltar que, partiu do convite apaixonado dos diretores art\u00edsticos do Teatro Municipal Raul Cortez, Alcemar Vieira e Carlos Mutalla, feito \u00e0 organiza\u00e7\u00e3o da Frente Teatro RJ e abra\u00e7ado carinhosamente pela Secretaria Municipal de Cultura e Turismo de Duque de Caxias, que sempre esteve atenta \u00e0 todas as solicita\u00e7\u00f5es! Foi um \u00f3timo evento Cultural onde todos sa\u00edram extremamente felizes! Viva ao Teatro e viva \u00e0 Cultura!<\/span><\/p>\n","protected":false},"excerpt":{"rendered":"<p>Uma coisa que volta e meia falo para uns e outros, \u00e9 que os deuses&#8230;<\/p>\n","protected":false},"author":21,"featured_media":0,"comment_status":"open","ping_status":"closed","sticky":false,"template":"","format":"standard","meta":{"footnotes":""},"categories":[8],"tags":[1392,1398,313],"class_list":["post-8481","post","type-post","status-publish","format-standard","hentry","category-evento","tag-raul-cortez","tag-teatro-de-frente","tag-teatro-em-caxias"],"yoast_head":"<!-- This site is optimized with the Yoast SEO plugin v27.5 - https:\/\/yoast.com\/product\/yoast-seo-wordpress\/ -->\n<title>TEATRO DE FRENTE ARREBENTA EM DUQUE DE CAXIAS! - Lurdinha - Duque de Caxias para Est\u00f4magos Fortes<\/title>\n<meta name=\"robots\" content=\"index, follow, max-snippet:-1, max-image-preview:large, max-video-preview:-1\" \/>\n<link rel=\"canonical\" href=\"https:\/\/lurdinha.org\/site\/teatro-de-frente-arrebenta-em-duque-de-caxias\/\" \/>\n<meta property=\"og:locale\" content=\"pt_BR\" \/>\n<meta property=\"og:type\" content=\"article\" \/>\n<meta property=\"og:title\" content=\"TEATRO DE FRENTE ARREBENTA EM DUQUE DE CAXIAS! - Lurdinha - Duque de Caxias para Est\u00f4magos Fortes\" \/>\n<meta property=\"og:description\" content=\"Uma coisa que volta e meia falo para uns e outros, \u00e9 que os deuses...\" \/>\n<meta property=\"og:url\" content=\"https:\/\/lurdinha.org\/site\/teatro-de-frente-arrebenta-em-duque-de-caxias\/\" \/>\n<meta property=\"og:site_name\" content=\"Lurdinha - Duque de Caxias para Est\u00f4magos Fortes\" \/>\n<meta property=\"article:publisher\" content=\"https:\/\/www.facebook.com\/LurdinhadeCaxias\" \/>\n<meta property=\"article:published_time\" content=\"2020-02-16T05:24:15+00:00\" \/>\n<meta property=\"article:modified_time\" content=\"2024-10-28T01:16:19+00:00\" \/>\n<meta name=\"author\" content=\"Gutemberg F. Loki Tubar\u00e3o\" \/>\n<meta name=\"twitter:card\" content=\"summary_large_image\" \/>\n<meta name=\"twitter:label1\" content=\"Escrito por\" \/>\n\t<meta name=\"twitter:data1\" content=\"Gutemberg F. Loki Tubar\u00e3o\" \/>\n\t<meta name=\"twitter:label2\" content=\"Est. tempo de leitura\" \/>\n\t<meta name=\"twitter:data2\" content=\"2 minutos\" \/>\n<script type=\"application\/ld+json\" class=\"yoast-schema-graph\">{\"@context\":\"https:\\\/\\\/schema.org\",\"@graph\":[{\"@type\":\"Article\",\"@id\":\"https:\\\/\\\/lurdinha.org\\\/site\\\/teatro-de-frente-arrebenta-em-duque-de-caxias\\\/#article\",\"isPartOf\":{\"@id\":\"https:\\\/\\\/lurdinha.org\\\/site\\\/teatro-de-frente-arrebenta-em-duque-de-caxias\\\/\"},\"author\":{\"name\":\"Gutemberg F. Loki Tubar\u00e3o\",\"@id\":\"https:\\\/\\\/lurdinha.org\\\/site\\\/#\\\/schema\\\/person\\\/dd61db89d6eedc094c289ca870cec2fd\"},\"headline\":\"TEATRO DE FRENTE ARREBENTA EM DUQUE DE CAXIAS!\",\"datePublished\":\"2020-02-16T05:24:15+00:00\",\"dateModified\":\"2024-10-28T01:16:19+00:00\",\"mainEntityOfPage\":{\"@id\":\"https:\\\/\\\/lurdinha.org\\\/site\\\/teatro-de-frente-arrebenta-em-duque-de-caxias\\\/\"},\"wordCount\":480,\"commentCount\":0,\"publisher\":{\"@id\":\"https:\\\/\\\/lurdinha.org\\\/site\\\/#organization\"},\"keywords\":[\"raul cortez\",\"teatro de frente\",\"Teatro em Caxias\"],\"articleSection\":[\"evento\"],\"inLanguage\":\"pt-BR\",\"potentialAction\":[{\"@type\":\"CommentAction\",\"name\":\"Comment\",\"target\":[\"https:\\\/\\\/lurdinha.org\\\/site\\\/teatro-de-frente-arrebenta-em-duque-de-caxias\\\/#respond\"]}]},{\"@type\":\"WebPage\",\"@id\":\"https:\\\/\\\/lurdinha.org\\\/site\\\/teatro-de-frente-arrebenta-em-duque-de-caxias\\\/\",\"url\":\"https:\\\/\\\/lurdinha.org\\\/site\\\/teatro-de-frente-arrebenta-em-duque-de-caxias\\\/\",\"name\":\"TEATRO DE FRENTE ARREBENTA EM DUQUE DE CAXIAS! - Lurdinha - Duque de Caxias para Est\u00f4magos Fortes\",\"isPartOf\":{\"@id\":\"https:\\\/\\\/lurdinha.org\\\/site\\\/#website\"},\"datePublished\":\"2020-02-16T05:24:15+00:00\",\"dateModified\":\"2024-10-28T01:16:19+00:00\",\"breadcrumb\":{\"@id\":\"https:\\\/\\\/lurdinha.org\\\/site\\\/teatro-de-frente-arrebenta-em-duque-de-caxias\\\/#breadcrumb\"},\"inLanguage\":\"pt-BR\",\"potentialAction\":[{\"@type\":\"ReadAction\",\"target\":[\"https:\\\/\\\/lurdinha.org\\\/site\\\/teatro-de-frente-arrebenta-em-duque-de-caxias\\\/\"]}]},{\"@type\":\"BreadcrumbList\",\"@id\":\"https:\\\/\\\/lurdinha.org\\\/site\\\/teatro-de-frente-arrebenta-em-duque-de-caxias\\\/#breadcrumb\",\"itemListElement\":[{\"@type\":\"ListItem\",\"position\":1,\"name\":\"In\u00edcio\",\"item\":\"https:\\\/\\\/lurdinha.org\\\/site\\\/\"},{\"@type\":\"ListItem\",\"position\":2,\"name\":\"TEATRO DE FRENTE ARREBENTA EM DUQUE DE CAXIAS!\"}]},{\"@type\":\"WebSite\",\"@id\":\"https:\\\/\\\/lurdinha.org\\\/site\\\/#website\",\"url\":\"https:\\\/\\\/lurdinha.org\\\/site\\\/\",\"name\":\"Lurdinha - Duque de Caxias para Est\u00f4magos Fortes\",\"description\":\"Site sobre Arte, Cultura, Pol\u00edtica, Sociedade e curiosidades da cidade de Duque de Caxias, RJ\",\"publisher\":{\"@id\":\"https:\\\/\\\/lurdinha.org\\\/site\\\/#organization\"},\"alternateName\":\"Lurdinha\",\"potentialAction\":[{\"@type\":\"SearchAction\",\"target\":{\"@type\":\"EntryPoint\",\"urlTemplate\":\"https:\\\/\\\/lurdinha.org\\\/site\\\/?s={search_term_string}\"},\"query-input\":{\"@type\":\"PropertyValueSpecification\",\"valueRequired\":true,\"valueName\":\"search_term_string\"}}],\"inLanguage\":\"pt-BR\"},{\"@type\":\"Organization\",\"@id\":\"https:\\\/\\\/lurdinha.org\\\/site\\\/#organization\",\"name\":\"Lurdinha de Caxias\",\"url\":\"https:\\\/\\\/lurdinha.org\\\/site\\\/\",\"logo\":{\"@type\":\"ImageObject\",\"inLanguage\":\"pt-BR\",\"@id\":\"https:\\\/\\\/lurdinha.org\\\/site\\\/#\\\/schema\\\/logo\\\/image\\\/\",\"url\":\"https:\\\/\\\/lurdinha.org\\\/site\\\/wp-content\\\/uploads\\\/logo-lurdinha.jpg\",\"contentUrl\":\"https:\\\/\\\/lurdinha.org\\\/site\\\/wp-content\\\/uploads\\\/logo-lurdinha.jpg\",\"width\":640,\"height\":60,\"caption\":\"Lurdinha de Caxias\"},\"image\":{\"@id\":\"https:\\\/\\\/lurdinha.org\\\/site\\\/#\\\/schema\\\/logo\\\/image\\\/\"},\"sameAs\":[\"https:\\\/\\\/www.facebook.com\\\/LurdinhadeCaxias\",\"https:\\\/\\\/www.instagram.com\\\/lurdinhadecaxias\"]},{\"@type\":\"Person\",\"@id\":\"https:\\\/\\\/lurdinha.org\\\/site\\\/#\\\/schema\\\/person\\\/dd61db89d6eedc094c289ca870cec2fd\",\"name\":\"Gutemberg F. Loki Tubar\u00e3o\",\"image\":{\"@type\":\"ImageObject\",\"inLanguage\":\"pt-BR\",\"@id\":\"https:\\\/\\\/secure.gravatar.com\\\/avatar\\\/c2608b4cfea1aad53235782dd69d82ec6f0ea838ec68bdc1490fab92d928b672?s=96&d=mm&r=g\",\"url\":\"https:\\\/\\\/secure.gravatar.com\\\/avatar\\\/c2608b4cfea1aad53235782dd69d82ec6f0ea838ec68bdc1490fab92d928b672?s=96&d=mm&r=g\",\"contentUrl\":\"https:\\\/\\\/secure.gravatar.com\\\/avatar\\\/c2608b4cfea1aad53235782dd69d82ec6f0ea838ec68bdc1490fab92d928b672?s=96&d=mm&r=g\",\"caption\":\"Gutemberg F. Loki Tubar\u00e3o\"},\"sameAs\":[\"http:\\\/\\\/respostacarioca.blogspot.com\\\/\"],\"url\":\"https:\\\/\\\/lurdinha.org\\\/site\\\/author\\\/tubarao\\\/\"}]}<\/script>\n<!-- \/ Yoast SEO plugin. -->","yoast_head_json":{"title":"TEATRO DE FRENTE ARREBENTA EM DUQUE DE CAXIAS! - Lurdinha - Duque de Caxias para Est\u00f4magos Fortes","robots":{"index":"index","follow":"follow","max-snippet":"max-snippet:-1","max-image-preview":"max-image-preview:large","max-video-preview":"max-video-preview:-1"},"canonical":"https:\/\/lurdinha.org\/site\/teatro-de-frente-arrebenta-em-duque-de-caxias\/","og_locale":"pt_BR","og_type":"article","og_title":"TEATRO DE FRENTE ARREBENTA EM DUQUE DE CAXIAS! - Lurdinha - Duque de Caxias para Est\u00f4magos Fortes","og_description":"Uma coisa que volta e meia falo para uns e outros, \u00e9 que os deuses...","og_url":"https:\/\/lurdinha.org\/site\/teatro-de-frente-arrebenta-em-duque-de-caxias\/","og_site_name":"Lurdinha - Duque de Caxias para Est\u00f4magos Fortes","article_publisher":"https:\/\/www.facebook.com\/LurdinhadeCaxias","article_published_time":"2020-02-16T05:24:15+00:00","article_modified_time":"2024-10-28T01:16:19+00:00","author":"Gutemberg F. Loki Tubar\u00e3o","twitter_card":"summary_large_image","twitter_misc":{"Escrito por":"Gutemberg F. Loki Tubar\u00e3o","Est. tempo de leitura":"2 minutos"},"schema":{"@context":"https:\/\/schema.org","@graph":[{"@type":"Article","@id":"https:\/\/lurdinha.org\/site\/teatro-de-frente-arrebenta-em-duque-de-caxias\/#article","isPartOf":{"@id":"https:\/\/lurdinha.org\/site\/teatro-de-frente-arrebenta-em-duque-de-caxias\/"},"author":{"name":"Gutemberg F. Loki Tubar\u00e3o","@id":"https:\/\/lurdinha.org\/site\/#\/schema\/person\/dd61db89d6eedc094c289ca870cec2fd"},"headline":"TEATRO DE FRENTE ARREBENTA EM DUQUE DE CAXIAS!","datePublished":"2020-02-16T05:24:15+00:00","dateModified":"2024-10-28T01:16:19+00:00","mainEntityOfPage":{"@id":"https:\/\/lurdinha.org\/site\/teatro-de-frente-arrebenta-em-duque-de-caxias\/"},"wordCount":480,"commentCount":0,"publisher":{"@id":"https:\/\/lurdinha.org\/site\/#organization"},"keywords":["raul cortez","teatro de frente","Teatro em Caxias"],"articleSection":["evento"],"inLanguage":"pt-BR","potentialAction":[{"@type":"CommentAction","name":"Comment","target":["https:\/\/lurdinha.org\/site\/teatro-de-frente-arrebenta-em-duque-de-caxias\/#respond"]}]},{"@type":"WebPage","@id":"https:\/\/lurdinha.org\/site\/teatro-de-frente-arrebenta-em-duque-de-caxias\/","url":"https:\/\/lurdinha.org\/site\/teatro-de-frente-arrebenta-em-duque-de-caxias\/","name":"TEATRO DE FRENTE ARREBENTA EM DUQUE DE CAXIAS! - Lurdinha - Duque de Caxias para Est\u00f4magos Fortes","isPartOf":{"@id":"https:\/\/lurdinha.org\/site\/#website"},"datePublished":"2020-02-16T05:24:15+00:00","dateModified":"2024-10-28T01:16:19+00:00","breadcrumb":{"@id":"https:\/\/lurdinha.org\/site\/teatro-de-frente-arrebenta-em-duque-de-caxias\/#breadcrumb"},"inLanguage":"pt-BR","potentialAction":[{"@type":"ReadAction","target":["https:\/\/lurdinha.org\/site\/teatro-de-frente-arrebenta-em-duque-de-caxias\/"]}]},{"@type":"BreadcrumbList","@id":"https:\/\/lurdinha.org\/site\/teatro-de-frente-arrebenta-em-duque-de-caxias\/#breadcrumb","itemListElement":[{"@type":"ListItem","position":1,"name":"In\u00edcio","item":"https:\/\/lurdinha.org\/site\/"},{"@type":"ListItem","position":2,"name":"TEATRO DE FRENTE ARREBENTA EM DUQUE DE CAXIAS!"}]},{"@type":"WebSite","@id":"https:\/\/lurdinha.org\/site\/#website","url":"https:\/\/lurdinha.org\/site\/","name":"Lurdinha - Duque de Caxias para Est\u00f4magos Fortes","description":"Site sobre Arte, Cultura, Pol\u00edtica, Sociedade e curiosidades da cidade de Duque de Caxias, RJ","publisher":{"@id":"https:\/\/lurdinha.org\/site\/#organization"},"alternateName":"Lurdinha","potentialAction":[{"@type":"SearchAction","target":{"@type":"EntryPoint","urlTemplate":"https:\/\/lurdinha.org\/site\/?s={search_term_string}"},"query-input":{"@type":"PropertyValueSpecification","valueRequired":true,"valueName":"search_term_string"}}],"inLanguage":"pt-BR"},{"@type":"Organization","@id":"https:\/\/lurdinha.org\/site\/#organization","name":"Lurdinha de Caxias","url":"https:\/\/lurdinha.org\/site\/","logo":{"@type":"ImageObject","inLanguage":"pt-BR","@id":"https:\/\/lurdinha.org\/site\/#\/schema\/logo\/image\/","url":"https:\/\/lurdinha.org\/site\/wp-content\/uploads\/logo-lurdinha.jpg","contentUrl":"https:\/\/lurdinha.org\/site\/wp-content\/uploads\/logo-lurdinha.jpg","width":640,"height":60,"caption":"Lurdinha de Caxias"},"image":{"@id":"https:\/\/lurdinha.org\/site\/#\/schema\/logo\/image\/"},"sameAs":["https:\/\/www.facebook.com\/LurdinhadeCaxias","https:\/\/www.instagram.com\/lurdinhadecaxias"]},{"@type":"Person","@id":"https:\/\/lurdinha.org\/site\/#\/schema\/person\/dd61db89d6eedc094c289ca870cec2fd","name":"Gutemberg F. Loki Tubar\u00e3o","image":{"@type":"ImageObject","inLanguage":"pt-BR","@id":"https:\/\/secure.gravatar.com\/avatar\/c2608b4cfea1aad53235782dd69d82ec6f0ea838ec68bdc1490fab92d928b672?s=96&d=mm&r=g","url":"https:\/\/secure.gravatar.com\/avatar\/c2608b4cfea1aad53235782dd69d82ec6f0ea838ec68bdc1490fab92d928b672?s=96&d=mm&r=g","contentUrl":"https:\/\/secure.gravatar.com\/avatar\/c2608b4cfea1aad53235782dd69d82ec6f0ea838ec68bdc1490fab92d928b672?s=96&d=mm&r=g","caption":"Gutemberg F. Loki Tubar\u00e3o"},"sameAs":["http:\/\/respostacarioca.blogspot.com\/"],"url":"https:\/\/lurdinha.org\/site\/author\/tubarao\/"}]}},"views":1342,"_links":{"self":[{"href":"https:\/\/lurdinha.org\/site\/wp-json\/wp\/v2\/posts\/8481","targetHints":{"allow":["GET"]}}],"collection":[{"href":"https:\/\/lurdinha.org\/site\/wp-json\/wp\/v2\/posts"}],"about":[{"href":"https:\/\/lurdinha.org\/site\/wp-json\/wp\/v2\/types\/post"}],"author":[{"embeddable":true,"href":"https:\/\/lurdinha.org\/site\/wp-json\/wp\/v2\/users\/21"}],"replies":[{"embeddable":true,"href":"https:\/\/lurdinha.org\/site\/wp-json\/wp\/v2\/comments?post=8481"}],"version-history":[{"count":1,"href":"https:\/\/lurdinha.org\/site\/wp-json\/wp\/v2\/posts\/8481\/revisions"}],"predecessor-version":[{"id":8482,"href":"https:\/\/lurdinha.org\/site\/wp-json\/wp\/v2\/posts\/8481\/revisions\/8482"}],"wp:attachment":[{"href":"https:\/\/lurdinha.org\/site\/wp-json\/wp\/v2\/media?parent=8481"}],"wp:term":[{"taxonomy":"category","embeddable":true,"href":"https:\/\/lurdinha.org\/site\/wp-json\/wp\/v2\/categories?post=8481"},{"taxonomy":"post_tag","embeddable":true,"href":"https:\/\/lurdinha.org\/site\/wp-json\/wp\/v2\/tags?post=8481"}],"curies":[{"name":"wp","href":"https:\/\/api.w.org\/{rel}","templated":true}]}}