{"id":8467,"date":"2020-02-17T22:22:20","date_gmt":"2020-02-17T22:22:20","guid":{"rendered":"https:\/\/lurdinha.org\/site\/?p=8467"},"modified":"2020-07-20T16:12:47","modified_gmt":"2020-07-20T16:12:47","slug":"gomeia-por-jucara-freire-e-canthidio-vallete-musica","status":"publish","type":"post","link":"https:\/\/lurdinha.org\/site\/gomeia-por-jucara-freire-e-canthidio-vallete-musica\/","title":{"rendered":"Gom\u00e9ia &#8211; por Ju\u00e7ara Freire e Cant\u00eddio [m\u00fasica]"},"content":{"rendered":"<p><iframe loading=\"lazy\" title=\"GOM\u00c9IA\" width=\"640\" height=\"360\" src=\"https:\/\/www.youtube.com\/embed\/R4_g8SxESN0?feature=oembed\" frameborder=\"0\" allow=\"accelerometer; autoplay; clipboard-write; encrypted-media; gyroscope; picture-in-picture; web-share\" referrerpolicy=\"strict-origin-when-cross-origin\" allowfullscreen><\/iframe><\/p>\n<p>GOM\u00c9IA<br \/>\nInt\u00e9rpretes: Ju\u00e7ara Freire e Canthidio Vallete<br \/>\nM\u00fasica de Vicente Portella, Pedro Afonso e Canthidio Vallete<br \/>\nPercuss\u00f5es: Marcelo Mendes (Macelaoo)<br \/>\nEst\u00fadio e apoio t\u00e9cnico: L\u00e9o Rebello<br \/>\nSetembro de 2019<\/p>\n","protected":false},"excerpt":{"rendered":"<p>GOM\u00c9IA Int\u00e9rpretes: Ju\u00e7ara Freire e Canthidio Vallete M\u00fasica de Vicente Portella, Pedro Afonso e Canthidio&#8230;<\/p>\n","protected":false},"author":2,"featured_media":5617,"comment_status":"open","ping_status":"closed","sticky":false,"template":"","format":"standard","meta":{"footnotes":""},"categories":[7,5],"tags":[1111,1122,239,814,660,1112,1113,26],"class_list":["post-8467","post","type-post","status-publish","format-standard","has-post-thumbnail","hentry","category-musica","category-umaboa","tag-canthidio","tag-cantidio","tag-caxias","tag-gomeia","tag-joaozinho-da-gomeia","tag-jucara-freire","tag-musica-autoral","tag-vicente-portella"],"yoast_head":"<!-- This site is optimized with the Yoast SEO plugin v27.3 - https:\/\/yoast.com\/product\/yoast-seo-wordpress\/ -->\n<title>Gom\u00e9ia - por Ju\u00e7ara Freire e Cant\u00eddio [m\u00fasica] - Lurdinha - Duque de Caxias para Est\u00f4magos Fortes<\/title>\n<meta name=\"robots\" content=\"index, follow, max-snippet:-1, max-image-preview:large, max-video-preview:-1\" \/>\n<link rel=\"canonical\" href=\"https:\/\/lurdinha.org\/site\/gomeia-por-jucara-freire-e-canthidio-vallete-musica\/\" \/>\n<meta property=\"og:locale\" content=\"pt_BR\" \/>\n<meta property=\"og:type\" content=\"article\" \/>\n<meta property=\"og:title\" content=\"Gom\u00e9ia - por Ju\u00e7ara Freire e Cant\u00eddio [m\u00fasica] - Lurdinha - Duque de Caxias para Est\u00f4magos Fortes\" \/>\n<meta property=\"og:description\" content=\"GOM\u00c9IA Int\u00e9rpretes: Ju\u00e7ara Freire e Canthidio Vallete M\u00fasica de Vicente Portella, Pedro Afonso e Canthidio...\" \/>\n<meta property=\"og:url\" content=\"https:\/\/lurdinha.org\/site\/gomeia-por-jucara-freire-e-canthidio-vallete-musica\/\" \/>\n<meta property=\"og:site_name\" content=\"Lurdinha - Duque de Caxias para Est\u00f4magos Fortes\" \/>\n<meta property=\"article:publisher\" content=\"https:\/\/www.facebook.com\/LurdinhadeCaxias\" \/>\n<meta property=\"article:author\" content=\"botocudo\" \/>\n<meta property=\"article:published_time\" content=\"2020-02-17T22:22:20+00:00\" \/>\n<meta property=\"article:modified_time\" content=\"2020-07-20T16:12:47+00:00\" \/>\n<meta property=\"og:image\" content=\"https:\/\/lurdinha.org\/site\/wp-content\/uploads\/joaozinho_da_gomeia.jpg\" \/>\n\t<meta property=\"og:image:width\" content=\"540\" \/>\n\t<meta property=\"og:image:height\" content=\"541\" \/>\n\t<meta property=\"og:image:type\" content=\"image\/jpeg\" \/>\n<meta name=\"author\" content=\"heraldo hb\" \/>\n<meta name=\"twitter:card\" content=\"summary_large_image\" \/>\n<meta name=\"twitter:label1\" content=\"Escrito por\" \/>\n\t<meta name=\"twitter:data1\" content=\"heraldo hb\" \/>\n<script type=\"application\/ld+json\" class=\"yoast-schema-graph\">{\"@context\":\"https:\\\/\\\/schema.org\",\"@graph\":[{\"@type\":\"Article\",\"@id\":\"https:\\\/\\\/lurdinha.org\\\/site\\\/gomeia-por-jucara-freire-e-canthidio-vallete-musica\\\/#article\",\"isPartOf\":{\"@id\":\"https:\\\/\\\/lurdinha.org\\\/site\\\/gomeia-por-jucara-freire-e-canthidio-vallete-musica\\\/\"},\"author\":{\"name\":\"heraldo hb\",\"@id\":\"https:\\\/\\\/lurdinha.org\\\/site\\\/#\\\/schema\\\/person\\\/b833bb6a7f82598bf0e95e4c30874251\"},\"headline\":\"Gom\u00e9ia &#8211; por Ju\u00e7ara Freire e Cant\u00eddio [m\u00fasica]\",\"datePublished\":\"2020-02-17T22:22:20+00:00\",\"dateModified\":\"2020-07-20T16:12:47+00:00\",\"mainEntityOfPage\":{\"@id\":\"https:\\\/\\\/lurdinha.org\\\/site\\\/gomeia-por-jucara-freire-e-canthidio-vallete-musica\\\/\"},\"wordCount\":57,\"commentCount\":0,\"publisher\":{\"@id\":\"https:\\\/\\\/lurdinha.org\\\/site\\\/#organization\"},\"image\":{\"@id\":\"https:\\\/\\\/lurdinha.org\\\/site\\\/gomeia-por-jucara-freire-e-canthidio-vallete-musica\\\/#primaryimage\"},\"thumbnailUrl\":\"https:\\\/\\\/lurdinha.org\\\/site\\\/wp-content\\\/uploads\\\/joaozinho_da_gomeia.jpg\",\"keywords\":[\"canthidio\",\"cant\u00eddio\",\"caxias\",\"Gomeia\",\"jo\u00e3ozinho da gomeia\",\"ju\u00e7ara freire\",\"m\u00fasica autoral\",\"vicente portella\"],\"articleSection\":[\"m\u00fasica\",\"uma boa\"],\"inLanguage\":\"pt-BR\",\"potentialAction\":[{\"@type\":\"CommentAction\",\"name\":\"Comment\",\"target\":[\"https:\\\/\\\/lurdinha.org\\\/site\\\/gomeia-por-jucara-freire-e-canthidio-vallete-musica\\\/#respond\"]}]},{\"@type\":\"WebPage\",\"@id\":\"https:\\\/\\\/lurdinha.org\\\/site\\\/gomeia-por-jucara-freire-e-canthidio-vallete-musica\\\/\",\"url\":\"https:\\\/\\\/lurdinha.org\\\/site\\\/gomeia-por-jucara-freire-e-canthidio-vallete-musica\\\/\",\"name\":\"Gom\u00e9ia - por Ju\u00e7ara Freire e Cant\u00eddio [m\u00fasica] - Lurdinha - Duque de Caxias para Est\u00f4magos Fortes\",\"isPartOf\":{\"@id\":\"https:\\\/\\\/lurdinha.org\\\/site\\\/#website\"},\"primaryImageOfPage\":{\"@id\":\"https:\\\/\\\/lurdinha.org\\\/site\\\/gomeia-por-jucara-freire-e-canthidio-vallete-musica\\\/#primaryimage\"},\"image\":{\"@id\":\"https:\\\/\\\/lurdinha.org\\\/site\\\/gomeia-por-jucara-freire-e-canthidio-vallete-musica\\\/#primaryimage\"},\"thumbnailUrl\":\"https:\\\/\\\/lurdinha.org\\\/site\\\/wp-content\\\/uploads\\\/joaozinho_da_gomeia.jpg\",\"datePublished\":\"2020-02-17T22:22:20+00:00\",\"dateModified\":\"2020-07-20T16:12:47+00:00\",\"breadcrumb\":{\"@id\":\"https:\\\/\\\/lurdinha.org\\\/site\\\/gomeia-por-jucara-freire-e-canthidio-vallete-musica\\\/#breadcrumb\"},\"inLanguage\":\"pt-BR\",\"potentialAction\":[{\"@type\":\"ReadAction\",\"target\":[\"https:\\\/\\\/lurdinha.org\\\/site\\\/gomeia-por-jucara-freire-e-canthidio-vallete-musica\\\/\"]}]},{\"@type\":\"ImageObject\",\"inLanguage\":\"pt-BR\",\"@id\":\"https:\\\/\\\/lurdinha.org\\\/site\\\/gomeia-por-jucara-freire-e-canthidio-vallete-musica\\\/#primaryimage\",\"url\":\"https:\\\/\\\/lurdinha.org\\\/site\\\/wp-content\\\/uploads\\\/joaozinho_da_gomeia.jpg\",\"contentUrl\":\"https:\\\/\\\/lurdinha.org\\\/site\\\/wp-content\\\/uploads\\\/joaozinho_da_gomeia.jpg\",\"width\":540,\"height\":541,\"caption\":\"Jo\u00e3o Alves de Torres Filho, o famoso babalorix\u00e1 Jo\u00e3ozinho da Gom\u00e9ia, que escolheu Duque de Caxias para viver.\"},{\"@type\":\"BreadcrumbList\",\"@id\":\"https:\\\/\\\/lurdinha.org\\\/site\\\/gomeia-por-jucara-freire-e-canthidio-vallete-musica\\\/#breadcrumb\",\"itemListElement\":[{\"@type\":\"ListItem\",\"position\":1,\"name\":\"In\u00edcio\",\"item\":\"https:\\\/\\\/lurdinha.org\\\/site\\\/\"},{\"@type\":\"ListItem\",\"position\":2,\"name\":\"Gom\u00e9ia &#8211; por Ju\u00e7ara Freire e Cant\u00eddio [m\u00fasica]\"}]},{\"@type\":\"WebSite\",\"@id\":\"https:\\\/\\\/lurdinha.org\\\/site\\\/#website\",\"url\":\"https:\\\/\\\/lurdinha.org\\\/site\\\/\",\"name\":\"Lurdinha - Duque de Caxias para Est\u00f4magos Fortes\",\"description\":\"Site sobre Arte, Cultura, Pol\u00edtica, Sociedade e curiosidades da cidade de Duque de Caxias, RJ\",\"publisher\":{\"@id\":\"https:\\\/\\\/lurdinha.org\\\/site\\\/#organization\"},\"alternateName\":\"Lurdinha\",\"potentialAction\":[{\"@type\":\"SearchAction\",\"target\":{\"@type\":\"EntryPoint\",\"urlTemplate\":\"https:\\\/\\\/lurdinha.org\\\/site\\\/?s={search_term_string}\"},\"query-input\":{\"@type\":\"PropertyValueSpecification\",\"valueRequired\":true,\"valueName\":\"search_term_string\"}}],\"inLanguage\":\"pt-BR\"},{\"@type\":\"Organization\",\"@id\":\"https:\\\/\\\/lurdinha.org\\\/site\\\/#organization\",\"name\":\"Lurdinha de Caxias\",\"url\":\"https:\\\/\\\/lurdinha.org\\\/site\\\/\",\"logo\":{\"@type\":\"ImageObject\",\"inLanguage\":\"pt-BR\",\"@id\":\"https:\\\/\\\/lurdinha.org\\\/site\\\/#\\\/schema\\\/logo\\\/image\\\/\",\"url\":\"https:\\\/\\\/lurdinha.org\\\/site\\\/wp-content\\\/uploads\\\/logo-lurdinha.jpg\",\"contentUrl\":\"https:\\\/\\\/lurdinha.org\\\/site\\\/wp-content\\\/uploads\\\/logo-lurdinha.jpg\",\"width\":640,\"height\":60,\"caption\":\"Lurdinha de Caxias\"},\"image\":{\"@id\":\"https:\\\/\\\/lurdinha.org\\\/site\\\/#\\\/schema\\\/logo\\\/image\\\/\"},\"sameAs\":[\"https:\\\/\\\/www.facebook.com\\\/LurdinhadeCaxias\",\"https:\\\/\\\/www.instagram.com\\\/lurdinhadecaxias\"]},{\"@type\":\"Person\",\"@id\":\"https:\\\/\\\/lurdinha.org\\\/site\\\/#\\\/schema\\\/person\\\/b833bb6a7f82598bf0e95e4c30874251\",\"name\":\"heraldo hb\",\"image\":{\"@type\":\"ImageObject\",\"inLanguage\":\"pt-BR\",\"@id\":\"https:\\\/\\\/secure.gravatar.com\\\/avatar\\\/5de9fe99c72cb6885bbdaa24b1c5738b0f673d265de18720fae7463d5f47b48d?s=96&d=mm&r=g\",\"url\":\"https:\\\/\\\/secure.gravatar.com\\\/avatar\\\/5de9fe99c72cb6885bbdaa24b1c5738b0f673d265de18720fae7463d5f47b48d?s=96&d=mm&r=g\",\"contentUrl\":\"https:\\\/\\\/secure.gravatar.com\\\/avatar\\\/5de9fe99c72cb6885bbdaa24b1c5738b0f673d265de18720fae7463d5f47b48d?s=96&d=mm&r=g\",\"caption\":\"heraldo hb\"},\"description\":\"Cineasta, animador cultural, escritor e educador nascido no s\u00e9culo XX\",\"sameAs\":[\"http:\\\/\\\/wwww.relinkare.org\",\"botocudo\",\"heraldohb\",\"relinkare\"],\"url\":\"https:\\\/\\\/lurdinha.org\\\/site\\\/author\\\/heraldohb\\\/\"}]}<\/script>\n<!-- \/ Yoast SEO plugin. -->","yoast_head_json":{"title":"Gom\u00e9ia - por Ju\u00e7ara Freire e Cant\u00eddio [m\u00fasica] - Lurdinha - Duque de Caxias para Est\u00f4magos Fortes","robots":{"index":"index","follow":"follow","max-snippet":"max-snippet:-1","max-image-preview":"max-image-preview:large","max-video-preview":"max-video-preview:-1"},"canonical":"https:\/\/lurdinha.org\/site\/gomeia-por-jucara-freire-e-canthidio-vallete-musica\/","og_locale":"pt_BR","og_type":"article","og_title":"Gom\u00e9ia - por Ju\u00e7ara Freire e Cant\u00eddio [m\u00fasica] - Lurdinha - Duque de Caxias para Est\u00f4magos Fortes","og_description":"GOM\u00c9IA Int\u00e9rpretes: Ju\u00e7ara Freire e Canthidio Vallete M\u00fasica de Vicente Portella, Pedro Afonso e Canthidio...","og_url":"https:\/\/lurdinha.org\/site\/gomeia-por-jucara-freire-e-canthidio-vallete-musica\/","og_site_name":"Lurdinha - Duque de Caxias para Est\u00f4magos Fortes","article_publisher":"https:\/\/www.facebook.com\/LurdinhadeCaxias","article_author":"botocudo","article_published_time":"2020-02-17T22:22:20+00:00","article_modified_time":"2020-07-20T16:12:47+00:00","og_image":[{"width":540,"height":541,"url":"https:\/\/lurdinha.org\/site\/wp-content\/uploads\/joaozinho_da_gomeia.jpg","type":"image\/jpeg"}],"author":"heraldo hb","twitter_card":"summary_large_image","twitter_misc":{"Escrito por":"heraldo hb"},"schema":{"@context":"https:\/\/schema.org","@graph":[{"@type":"Article","@id":"https:\/\/lurdinha.org\/site\/gomeia-por-jucara-freire-e-canthidio-vallete-musica\/#article","isPartOf":{"@id":"https:\/\/lurdinha.org\/site\/gomeia-por-jucara-freire-e-canthidio-vallete-musica\/"},"author":{"name":"heraldo hb","@id":"https:\/\/lurdinha.org\/site\/#\/schema\/person\/b833bb6a7f82598bf0e95e4c30874251"},"headline":"Gom\u00e9ia &#8211; por Ju\u00e7ara Freire e Cant\u00eddio [m\u00fasica]","datePublished":"2020-02-17T22:22:20+00:00","dateModified":"2020-07-20T16:12:47+00:00","mainEntityOfPage":{"@id":"https:\/\/lurdinha.org\/site\/gomeia-por-jucara-freire-e-canthidio-vallete-musica\/"},"wordCount":57,"commentCount":0,"publisher":{"@id":"https:\/\/lurdinha.org\/site\/#organization"},"image":{"@id":"https:\/\/lurdinha.org\/site\/gomeia-por-jucara-freire-e-canthidio-vallete-musica\/#primaryimage"},"thumbnailUrl":"https:\/\/lurdinha.org\/site\/wp-content\/uploads\/joaozinho_da_gomeia.jpg","keywords":["canthidio","cant\u00eddio","caxias","Gomeia","jo\u00e3ozinho da gomeia","ju\u00e7ara freire","m\u00fasica autoral","vicente portella"],"articleSection":["m\u00fasica","uma boa"],"inLanguage":"pt-BR","potentialAction":[{"@type":"CommentAction","name":"Comment","target":["https:\/\/lurdinha.org\/site\/gomeia-por-jucara-freire-e-canthidio-vallete-musica\/#respond"]}]},{"@type":"WebPage","@id":"https:\/\/lurdinha.org\/site\/gomeia-por-jucara-freire-e-canthidio-vallete-musica\/","url":"https:\/\/lurdinha.org\/site\/gomeia-por-jucara-freire-e-canthidio-vallete-musica\/","name":"Gom\u00e9ia - por Ju\u00e7ara Freire e Cant\u00eddio [m\u00fasica] - Lurdinha - Duque de Caxias para Est\u00f4magos Fortes","isPartOf":{"@id":"https:\/\/lurdinha.org\/site\/#website"},"primaryImageOfPage":{"@id":"https:\/\/lurdinha.org\/site\/gomeia-por-jucara-freire-e-canthidio-vallete-musica\/#primaryimage"},"image":{"@id":"https:\/\/lurdinha.org\/site\/gomeia-por-jucara-freire-e-canthidio-vallete-musica\/#primaryimage"},"thumbnailUrl":"https:\/\/lurdinha.org\/site\/wp-content\/uploads\/joaozinho_da_gomeia.jpg","datePublished":"2020-02-17T22:22:20+00:00","dateModified":"2020-07-20T16:12:47+00:00","breadcrumb":{"@id":"https:\/\/lurdinha.org\/site\/gomeia-por-jucara-freire-e-canthidio-vallete-musica\/#breadcrumb"},"inLanguage":"pt-BR","potentialAction":[{"@type":"ReadAction","target":["https:\/\/lurdinha.org\/site\/gomeia-por-jucara-freire-e-canthidio-vallete-musica\/"]}]},{"@type":"ImageObject","inLanguage":"pt-BR","@id":"https:\/\/lurdinha.org\/site\/gomeia-por-jucara-freire-e-canthidio-vallete-musica\/#primaryimage","url":"https:\/\/lurdinha.org\/site\/wp-content\/uploads\/joaozinho_da_gomeia.jpg","contentUrl":"https:\/\/lurdinha.org\/site\/wp-content\/uploads\/joaozinho_da_gomeia.jpg","width":540,"height":541,"caption":"Jo\u00e3o Alves de Torres Filho, o famoso babalorix\u00e1 Jo\u00e3ozinho da Gom\u00e9ia, que escolheu Duque de Caxias para viver."},{"@type":"BreadcrumbList","@id":"https:\/\/lurdinha.org\/site\/gomeia-por-jucara-freire-e-canthidio-vallete-musica\/#breadcrumb","itemListElement":[{"@type":"ListItem","position":1,"name":"In\u00edcio","item":"https:\/\/lurdinha.org\/site\/"},{"@type":"ListItem","position":2,"name":"Gom\u00e9ia &#8211; por Ju\u00e7ara Freire e Cant\u00eddio [m\u00fasica]"}]},{"@type":"WebSite","@id":"https:\/\/lurdinha.org\/site\/#website","url":"https:\/\/lurdinha.org\/site\/","name":"Lurdinha - Duque de Caxias para Est\u00f4magos Fortes","description":"Site sobre Arte, Cultura, Pol\u00edtica, Sociedade e curiosidades da cidade de Duque de Caxias, RJ","publisher":{"@id":"https:\/\/lurdinha.org\/site\/#organization"},"alternateName":"Lurdinha","potentialAction":[{"@type":"SearchAction","target":{"@type":"EntryPoint","urlTemplate":"https:\/\/lurdinha.org\/site\/?s={search_term_string}"},"query-input":{"@type":"PropertyValueSpecification","valueRequired":true,"valueName":"search_term_string"}}],"inLanguage":"pt-BR"},{"@type":"Organization","@id":"https:\/\/lurdinha.org\/site\/#organization","name":"Lurdinha de Caxias","url":"https:\/\/lurdinha.org\/site\/","logo":{"@type":"ImageObject","inLanguage":"pt-BR","@id":"https:\/\/lurdinha.org\/site\/#\/schema\/logo\/image\/","url":"https:\/\/lurdinha.org\/site\/wp-content\/uploads\/logo-lurdinha.jpg","contentUrl":"https:\/\/lurdinha.org\/site\/wp-content\/uploads\/logo-lurdinha.jpg","width":640,"height":60,"caption":"Lurdinha de Caxias"},"image":{"@id":"https:\/\/lurdinha.org\/site\/#\/schema\/logo\/image\/"},"sameAs":["https:\/\/www.facebook.com\/LurdinhadeCaxias","https:\/\/www.instagram.com\/lurdinhadecaxias"]},{"@type":"Person","@id":"https:\/\/lurdinha.org\/site\/#\/schema\/person\/b833bb6a7f82598bf0e95e4c30874251","name":"heraldo hb","image":{"@type":"ImageObject","inLanguage":"pt-BR","@id":"https:\/\/secure.gravatar.com\/avatar\/5de9fe99c72cb6885bbdaa24b1c5738b0f673d265de18720fae7463d5f47b48d?s=96&d=mm&r=g","url":"https:\/\/secure.gravatar.com\/avatar\/5de9fe99c72cb6885bbdaa24b1c5738b0f673d265de18720fae7463d5f47b48d?s=96&d=mm&r=g","contentUrl":"https:\/\/secure.gravatar.com\/avatar\/5de9fe99c72cb6885bbdaa24b1c5738b0f673d265de18720fae7463d5f47b48d?s=96&d=mm&r=g","caption":"heraldo hb"},"description":"Cineasta, animador cultural, escritor e educador nascido no s\u00e9culo XX","sameAs":["http:\/\/wwww.relinkare.org","botocudo","heraldohb","relinkare"],"url":"https:\/\/lurdinha.org\/site\/author\/heraldohb\/"}]}},"views":1607,"_links":{"self":[{"href":"https:\/\/lurdinha.org\/site\/wp-json\/wp\/v2\/posts\/8467","targetHints":{"allow":["GET"]}}],"collection":[{"href":"https:\/\/lurdinha.org\/site\/wp-json\/wp\/v2\/posts"}],"about":[{"href":"https:\/\/lurdinha.org\/site\/wp-json\/wp\/v2\/types\/post"}],"author":[{"embeddable":true,"href":"https:\/\/lurdinha.org\/site\/wp-json\/wp\/v2\/users\/2"}],"replies":[{"embeddable":true,"href":"https:\/\/lurdinha.org\/site\/wp-json\/wp\/v2\/comments?post=8467"}],"version-history":[{"count":3,"href":"https:\/\/lurdinha.org\/site\/wp-json\/wp\/v2\/posts\/8467\/revisions"}],"predecessor-version":[{"id":8660,"href":"https:\/\/lurdinha.org\/site\/wp-json\/wp\/v2\/posts\/8467\/revisions\/8660"}],"wp:featuredmedia":[{"embeddable":true,"href":"https:\/\/lurdinha.org\/site\/wp-json\/wp\/v2\/media\/5617"}],"wp:attachment":[{"href":"https:\/\/lurdinha.org\/site\/wp-json\/wp\/v2\/media?parent=8467"}],"wp:term":[{"taxonomy":"category","embeddable":true,"href":"https:\/\/lurdinha.org\/site\/wp-json\/wp\/v2\/categories?post=8467"},{"taxonomy":"post_tag","embeddable":true,"href":"https:\/\/lurdinha.org\/site\/wp-json\/wp\/v2\/tags?post=8467"}],"curies":[{"name":"wp","href":"https:\/\/api.w.org\/{rel}","templated":true}]}}