{"id":8420,"date":"2020-01-28T02:46:17","date_gmt":"2020-01-28T02:46:17","guid":{"rendered":"http:\/\/lurdinha.org\/site\/?p=8420"},"modified":"2020-01-28T02:46:35","modified_gmt":"2020-01-28T02:46:35","slug":"os-anos-80-duraram-ate-a-primeira-metade-dos-90","status":"publish","type":"post","link":"https:\/\/lurdinha.org\/site\/os-anos-80-duraram-ate-a-primeira-metade-dos-90\/","title":{"rendered":"OS ANOS 80 DURARAM AT\u00c9 A PRIMEIRA METADE DOS 90"},"content":{"rendered":"<p>Ter idade suficiente para ver as bandas que surgiam nos anos 80 e ver elas crescerem at\u00e9 a primeira metade dos anos 90, foi uma experi\u00eancia incr\u00edvel! Por que os anos 80, vieram com uma energia muito positiva, era o fim do per\u00edodo de castra\u00e7\u00e3o que a ditadura militar imp\u00f4s nesse pa\u00eds e v\u00e1rias pessoas que estavam exiladas voltaram. E a Arte estava de bra\u00e7os abertos querendo dar voz \u00e0 toda uma nova gera\u00e7\u00e3o que mudaria as coisas pela frente. No teatro, grupos como Asdr\u00fabal trouxe o trombone, que revelaria nomes como Regina Cas\u00e9, Lu\u00eds Fernando Magalh\u00e3es e Evandro Mesquita, traziam uma nova forma de humor que faria escola. Evandro tamb\u00e9m foi um dos protagonistas da banda fen\u00f4meno Blitz, que revelou Fernanda Abreu e teve como baterista o Lob\u00e3o. Nas areias do Arpoador, nasceu o Circo Voador, palco revolucion\u00e1rio que ap\u00f3s o ver\u00e3o de 82, voou at\u00e9 a Lapa e l\u00e1 em frente aos Arcos, pousou e abrigou nomes diversos que iam de Bar\u00e3o Vermelho \u00e0 Dercy Gon\u00e7alves, de Gilberto Gil \u00e0 Celso Blues Boy, de Ratos de Por\u00e3o \u00e0 Tim Maia!<br \/>\nE por falar de Ratos, como n\u00e3o lembrar das bandas Punks paulistas que bem ou mal, expandiram a id\u00e9ia de que no Brasil, tamb\u00e9m poderia haver garotos e garotas com alfinetes, correntes e moicanos? Eram o tempo de bandas como C\u00f3lera, Inocentes, Olho Seco e tamb\u00e9m, Garotos Podres, que mesmo direcionada \u00e0 outro movimento, sempre era colocada no balaio que veio \u00e0 ser chamado de Punk no Brasil. Mesmo assim, n\u00e3o deixou de chamar aten\u00e7\u00e3o e atrair muitos jovens inconformados que encontraram no Punk, um caminho \u00e0 seguir. E os Punks se espalharam, no Rio, tinham entre outros, Coquetel Molotov e Desordeiros, em Minas, o Atack Epil\u00e9ptico e na cena nordestina, a Karne Krua, que mostravam que longe da velha Londres, o Punk soube criar voz e personalidade, falando de Anarquia e dos diversos problemas que tinham que ser denunciados.<br \/>\nE se no Punk tinha barulho e berros, tamb\u00e9m haviam outros jovens que buscavam no peso das guitarras darem voz aos ensinamentos de bandas como Black Sabbath, Venom, Motorhead e Iron Maiden. Deste seguimento surgiram importantes nomes como Dorsal Atl\u00e2ntica, Metalmorphose, Korzus e Viper. Mas foi de Belo Horizonte, Minas Gerais, que a vers\u00e3o sombria do Clube da Esquina apareceu, as bandas de Metal mais extremo que chocaram os desinformados com o seu visual e som carregado! Bandas como Sepultura, Sarc\u00f3fago, Chakal e outras. Foi uma \u00e9poca rica, onde o underground n\u00e3o parava de crescer, apesar de todas as dificuldades. O pr\u00f3prio Sepultura, liderado pelo carism\u00e1tico Max Cavalera, ap\u00f3s tocarem nos mais distantes buracos brasileiros, seguiu numa carreira internacional de bastante sucesso, que s\u00f3 foi paralisada em dezembro de 96, com a sua sa\u00edda.<br \/>\nOs anos 80, tiveram o privil\u00e9gio de ter uma abertura que favoreceu \u00e0 muitos novos talentos. Para o Pop Rock Brasil, foi \u00f3timo ter programas como Cassino do Chacrinha ou Globo de Ouro, na Rede Globo, ou Perdidos na Noite, de Fausto Silva, na Bandeirantes, por que ao se misturar com outros artistas de estilos diferentes e tendo aval da m\u00eddia por tr\u00e1s disso, essas bandas ca\u00edram no gosto popular e venderam bastante! A edi\u00e7\u00e3o do primeiro Rock in Rio, tamb\u00e9m favoreceu essa popularidade, apesar do tratamento desfavor\u00e1vel que praticamente todos os artistas brasileiros reclamaram da produ\u00e7\u00e3o do festival. Outro bra\u00e7o forte \u00e0 dar apoio \u00e0s bandas nacionais, foi a MTV Brasil, que numa programa\u00e7\u00e3o totalmente musical, exibia direto os clipes em sua grade. N\u00e3o podemos esquecer tamb\u00e9m das revistas que traziam as novidades do meio musical e do cinema, como Bizz, Metal, Roll, Set, Rock Brigade, como tamb\u00e9m da fant\u00e1stica Chiclete com Banana, do Angeli, que apresentou pra muita gente, personagens como R\u00ea Bordosa, Bob Cuspe e Bibel\u00f4, como tamb\u00e9m outros cartunistas como Laerte e Glauco. Os anos 80 vieram cheio de g\u00e1s e energia, era a voz jovem botando a boca no trombone!<br \/>\nE S\u00e3o Paulo n\u00e3o tinha apenas Punks, de l\u00e1 tamb\u00e9m vieram nomes como Ira!, Tit\u00e3s, Violeta de Outono, Tokyo, que tinha como vocalista, um jovem rapaz chamado Supla. Em S\u00e3o Paulo, casas como Napalm, Aeroanta e Lira Paulistana, fizeram hist\u00f3ria. Inclusive, na Lira, a chamada Vanguarda Paulista praticamente nasceu. Eram artistas inclassific\u00e1veis como Arrigo Barnab\u00e9 e Itamar Assump\u00e7\u00e3o, por exemplo.<br \/>\nDessa \u00e9poca, ainda vieram nomes como Os Cascavelletes, TNT, De Falla e Engenheiros do Hawaii, que mostraram que o Rio Grande do Sul, tamb\u00e9m sabia de Rock, assim como a Bahia, que antes j\u00e1 nos tinha presenteiado com Raul Seixas, nos anos 80, arrega\u00e7ou com o Camisa de Venus, de Marcelo Nova. E no Planalto? L\u00e1 tamb\u00e9m teve gente antenada e talentosa que n\u00e3o podiam ficar na pra\u00e7a jogando milho aos pombos, de l\u00e1 vieram Legi\u00e3o Urbana, Plebe Rude e Capital Inicial. Mas esse esp\u00edrito inovador durou at\u00e9 o fim da primeira metade dos anos 90. Depois algumas coisas mudaram, os olhos da m\u00eddia e a economia em colapso iriam tentar fechar as portas para o Rock Brasil. Mas isso, amigos, \u00e9 uma outra hist\u00f3ria.<\/p>\n<p>Gutemberg F. Loki &#8220;Tubar\u00e3o&#8221;.<\/p>\n","protected":false},"excerpt":{"rendered":"<p>Ter idade suficiente para ver as bandas que surgiam nos anos 80 e ver elas&#8230;<\/p>\n","protected":false},"author":21,"featured_media":0,"comment_status":"open","ping_status":"closed","sticky":false,"template":"","format":"standard","meta":{"footnotes":""},"categories":[9,7,4],"tags":[],"class_list":["post-8420","post","type-post","status-publish","format-standard","hentry","category-historia","category-musica","category-opiniao"],"yoast_head":"<!-- This site is optimized with the Yoast SEO plugin v27.5 - https:\/\/yoast.com\/product\/yoast-seo-wordpress\/ -->\n<title>OS ANOS 80 DURARAM AT\u00c9 A PRIMEIRA METADE DOS 90 - Lurdinha - Duque de Caxias para Est\u00f4magos Fortes<\/title>\n<meta name=\"robots\" content=\"index, follow, max-snippet:-1, max-image-preview:large, max-video-preview:-1\" \/>\n<link rel=\"canonical\" href=\"https:\/\/lurdinha.org\/site\/os-anos-80-duraram-ate-a-primeira-metade-dos-90\/\" \/>\n<meta property=\"og:locale\" content=\"pt_BR\" \/>\n<meta property=\"og:type\" content=\"article\" \/>\n<meta property=\"og:title\" content=\"OS ANOS 80 DURARAM AT\u00c9 A PRIMEIRA METADE DOS 90 - Lurdinha - Duque de Caxias para Est\u00f4magos Fortes\" \/>\n<meta property=\"og:description\" content=\"Ter idade suficiente para ver as bandas que surgiam nos anos 80 e ver elas...\" \/>\n<meta property=\"og:url\" content=\"https:\/\/lurdinha.org\/site\/os-anos-80-duraram-ate-a-primeira-metade-dos-90\/\" \/>\n<meta property=\"og:site_name\" content=\"Lurdinha - Duque de Caxias para Est\u00f4magos Fortes\" \/>\n<meta property=\"article:publisher\" content=\"https:\/\/www.facebook.com\/LurdinhadeCaxias\" \/>\n<meta property=\"article:published_time\" content=\"2020-01-28T02:46:17+00:00\" \/>\n<meta property=\"article:modified_time\" content=\"2020-01-28T02:46:35+00:00\" \/>\n<meta name=\"author\" content=\"Gutemberg F. Loki Tubar\u00e3o\" \/>\n<meta name=\"twitter:card\" content=\"summary_large_image\" \/>\n<meta name=\"twitter:label1\" content=\"Escrito por\" \/>\n\t<meta name=\"twitter:data1\" content=\"Gutemberg F. Loki Tubar\u00e3o\" \/>\n\t<meta name=\"twitter:label2\" content=\"Est. tempo de leitura\" \/>\n\t<meta name=\"twitter:data2\" content=\"4 minutos\" \/>\n<script type=\"application\/ld+json\" class=\"yoast-schema-graph\">{\"@context\":\"https:\\\/\\\/schema.org\",\"@graph\":[{\"@type\":\"Article\",\"@id\":\"https:\\\/\\\/lurdinha.org\\\/site\\\/os-anos-80-duraram-ate-a-primeira-metade-dos-90\\\/#article\",\"isPartOf\":{\"@id\":\"https:\\\/\\\/lurdinha.org\\\/site\\\/os-anos-80-duraram-ate-a-primeira-metade-dos-90\\\/\"},\"author\":{\"name\":\"Gutemberg F. Loki Tubar\u00e3o\",\"@id\":\"https:\\\/\\\/lurdinha.org\\\/site\\\/#\\\/schema\\\/person\\\/dd61db89d6eedc094c289ca870cec2fd\"},\"headline\":\"OS ANOS 80 DURARAM AT\u00c9 A PRIMEIRA METADE DOS 90\",\"datePublished\":\"2020-01-28T02:46:17+00:00\",\"dateModified\":\"2020-01-28T02:46:35+00:00\",\"mainEntityOfPage\":{\"@id\":\"https:\\\/\\\/lurdinha.org\\\/site\\\/os-anos-80-duraram-ate-a-primeira-metade-dos-90\\\/\"},\"wordCount\":901,\"commentCount\":0,\"publisher\":{\"@id\":\"https:\\\/\\\/lurdinha.org\\\/site\\\/#organization\"},\"articleSection\":[\"hist\u00f3ria\",\"m\u00fasica\",\"uma opini\u00e3o\"],\"inLanguage\":\"pt-BR\",\"potentialAction\":[{\"@type\":\"CommentAction\",\"name\":\"Comment\",\"target\":[\"https:\\\/\\\/lurdinha.org\\\/site\\\/os-anos-80-duraram-ate-a-primeira-metade-dos-90\\\/#respond\"]}]},{\"@type\":\"WebPage\",\"@id\":\"https:\\\/\\\/lurdinha.org\\\/site\\\/os-anos-80-duraram-ate-a-primeira-metade-dos-90\\\/\",\"url\":\"https:\\\/\\\/lurdinha.org\\\/site\\\/os-anos-80-duraram-ate-a-primeira-metade-dos-90\\\/\",\"name\":\"OS ANOS 80 DURARAM AT\u00c9 A PRIMEIRA METADE DOS 90 - Lurdinha - Duque de Caxias para Est\u00f4magos Fortes\",\"isPartOf\":{\"@id\":\"https:\\\/\\\/lurdinha.org\\\/site\\\/#website\"},\"datePublished\":\"2020-01-28T02:46:17+00:00\",\"dateModified\":\"2020-01-28T02:46:35+00:00\",\"breadcrumb\":{\"@id\":\"https:\\\/\\\/lurdinha.org\\\/site\\\/os-anos-80-duraram-ate-a-primeira-metade-dos-90\\\/#breadcrumb\"},\"inLanguage\":\"pt-BR\",\"potentialAction\":[{\"@type\":\"ReadAction\",\"target\":[\"https:\\\/\\\/lurdinha.org\\\/site\\\/os-anos-80-duraram-ate-a-primeira-metade-dos-90\\\/\"]}]},{\"@type\":\"BreadcrumbList\",\"@id\":\"https:\\\/\\\/lurdinha.org\\\/site\\\/os-anos-80-duraram-ate-a-primeira-metade-dos-90\\\/#breadcrumb\",\"itemListElement\":[{\"@type\":\"ListItem\",\"position\":1,\"name\":\"In\u00edcio\",\"item\":\"https:\\\/\\\/lurdinha.org\\\/site\\\/\"},{\"@type\":\"ListItem\",\"position\":2,\"name\":\"OS ANOS 80 DURARAM AT\u00c9 A PRIMEIRA METADE DOS 90\"}]},{\"@type\":\"WebSite\",\"@id\":\"https:\\\/\\\/lurdinha.org\\\/site\\\/#website\",\"url\":\"https:\\\/\\\/lurdinha.org\\\/site\\\/\",\"name\":\"Lurdinha - Duque de Caxias para Est\u00f4magos Fortes\",\"description\":\"Site sobre Arte, Cultura, Pol\u00edtica, Sociedade e curiosidades da cidade de Duque de Caxias, RJ\",\"publisher\":{\"@id\":\"https:\\\/\\\/lurdinha.org\\\/site\\\/#organization\"},\"alternateName\":\"Lurdinha\",\"potentialAction\":[{\"@type\":\"SearchAction\",\"target\":{\"@type\":\"EntryPoint\",\"urlTemplate\":\"https:\\\/\\\/lurdinha.org\\\/site\\\/?s={search_term_string}\"},\"query-input\":{\"@type\":\"PropertyValueSpecification\",\"valueRequired\":true,\"valueName\":\"search_term_string\"}}],\"inLanguage\":\"pt-BR\"},{\"@type\":\"Organization\",\"@id\":\"https:\\\/\\\/lurdinha.org\\\/site\\\/#organization\",\"name\":\"Lurdinha de Caxias\",\"url\":\"https:\\\/\\\/lurdinha.org\\\/site\\\/\",\"logo\":{\"@type\":\"ImageObject\",\"inLanguage\":\"pt-BR\",\"@id\":\"https:\\\/\\\/lurdinha.org\\\/site\\\/#\\\/schema\\\/logo\\\/image\\\/\",\"url\":\"https:\\\/\\\/lurdinha.org\\\/site\\\/wp-content\\\/uploads\\\/logo-lurdinha.jpg\",\"contentUrl\":\"https:\\\/\\\/lurdinha.org\\\/site\\\/wp-content\\\/uploads\\\/logo-lurdinha.jpg\",\"width\":640,\"height\":60,\"caption\":\"Lurdinha de Caxias\"},\"image\":{\"@id\":\"https:\\\/\\\/lurdinha.org\\\/site\\\/#\\\/schema\\\/logo\\\/image\\\/\"},\"sameAs\":[\"https:\\\/\\\/www.facebook.com\\\/LurdinhadeCaxias\",\"https:\\\/\\\/www.instagram.com\\\/lurdinhadecaxias\"]},{\"@type\":\"Person\",\"@id\":\"https:\\\/\\\/lurdinha.org\\\/site\\\/#\\\/schema\\\/person\\\/dd61db89d6eedc094c289ca870cec2fd\",\"name\":\"Gutemberg F. Loki Tubar\u00e3o\",\"image\":{\"@type\":\"ImageObject\",\"inLanguage\":\"pt-BR\",\"@id\":\"https:\\\/\\\/secure.gravatar.com\\\/avatar\\\/c2608b4cfea1aad53235782dd69d82ec6f0ea838ec68bdc1490fab92d928b672?s=96&d=mm&r=g\",\"url\":\"https:\\\/\\\/secure.gravatar.com\\\/avatar\\\/c2608b4cfea1aad53235782dd69d82ec6f0ea838ec68bdc1490fab92d928b672?s=96&d=mm&r=g\",\"contentUrl\":\"https:\\\/\\\/secure.gravatar.com\\\/avatar\\\/c2608b4cfea1aad53235782dd69d82ec6f0ea838ec68bdc1490fab92d928b672?s=96&d=mm&r=g\",\"caption\":\"Gutemberg F. Loki Tubar\u00e3o\"},\"sameAs\":[\"http:\\\/\\\/respostacarioca.blogspot.com\\\/\"],\"url\":\"https:\\\/\\\/lurdinha.org\\\/site\\\/author\\\/tubarao\\\/\"}]}<\/script>\n<!-- \/ Yoast SEO plugin. -->","yoast_head_json":{"title":"OS ANOS 80 DURARAM AT\u00c9 A PRIMEIRA METADE DOS 90 - Lurdinha - Duque de Caxias para Est\u00f4magos Fortes","robots":{"index":"index","follow":"follow","max-snippet":"max-snippet:-1","max-image-preview":"max-image-preview:large","max-video-preview":"max-video-preview:-1"},"canonical":"https:\/\/lurdinha.org\/site\/os-anos-80-duraram-ate-a-primeira-metade-dos-90\/","og_locale":"pt_BR","og_type":"article","og_title":"OS ANOS 80 DURARAM AT\u00c9 A PRIMEIRA METADE DOS 90 - Lurdinha - Duque de Caxias para Est\u00f4magos Fortes","og_description":"Ter idade suficiente para ver as bandas que surgiam nos anos 80 e ver elas...","og_url":"https:\/\/lurdinha.org\/site\/os-anos-80-duraram-ate-a-primeira-metade-dos-90\/","og_site_name":"Lurdinha - Duque de Caxias para Est\u00f4magos Fortes","article_publisher":"https:\/\/www.facebook.com\/LurdinhadeCaxias","article_published_time":"2020-01-28T02:46:17+00:00","article_modified_time":"2020-01-28T02:46:35+00:00","author":"Gutemberg F. Loki Tubar\u00e3o","twitter_card":"summary_large_image","twitter_misc":{"Escrito por":"Gutemberg F. Loki Tubar\u00e3o","Est. tempo de leitura":"4 minutos"},"schema":{"@context":"https:\/\/schema.org","@graph":[{"@type":"Article","@id":"https:\/\/lurdinha.org\/site\/os-anos-80-duraram-ate-a-primeira-metade-dos-90\/#article","isPartOf":{"@id":"https:\/\/lurdinha.org\/site\/os-anos-80-duraram-ate-a-primeira-metade-dos-90\/"},"author":{"name":"Gutemberg F. Loki Tubar\u00e3o","@id":"https:\/\/lurdinha.org\/site\/#\/schema\/person\/dd61db89d6eedc094c289ca870cec2fd"},"headline":"OS ANOS 80 DURARAM AT\u00c9 A PRIMEIRA METADE DOS 90","datePublished":"2020-01-28T02:46:17+00:00","dateModified":"2020-01-28T02:46:35+00:00","mainEntityOfPage":{"@id":"https:\/\/lurdinha.org\/site\/os-anos-80-duraram-ate-a-primeira-metade-dos-90\/"},"wordCount":901,"commentCount":0,"publisher":{"@id":"https:\/\/lurdinha.org\/site\/#organization"},"articleSection":["hist\u00f3ria","m\u00fasica","uma opini\u00e3o"],"inLanguage":"pt-BR","potentialAction":[{"@type":"CommentAction","name":"Comment","target":["https:\/\/lurdinha.org\/site\/os-anos-80-duraram-ate-a-primeira-metade-dos-90\/#respond"]}]},{"@type":"WebPage","@id":"https:\/\/lurdinha.org\/site\/os-anos-80-duraram-ate-a-primeira-metade-dos-90\/","url":"https:\/\/lurdinha.org\/site\/os-anos-80-duraram-ate-a-primeira-metade-dos-90\/","name":"OS ANOS 80 DURARAM AT\u00c9 A PRIMEIRA METADE DOS 90 - Lurdinha - Duque de Caxias para Est\u00f4magos Fortes","isPartOf":{"@id":"https:\/\/lurdinha.org\/site\/#website"},"datePublished":"2020-01-28T02:46:17+00:00","dateModified":"2020-01-28T02:46:35+00:00","breadcrumb":{"@id":"https:\/\/lurdinha.org\/site\/os-anos-80-duraram-ate-a-primeira-metade-dos-90\/#breadcrumb"},"inLanguage":"pt-BR","potentialAction":[{"@type":"ReadAction","target":["https:\/\/lurdinha.org\/site\/os-anos-80-duraram-ate-a-primeira-metade-dos-90\/"]}]},{"@type":"BreadcrumbList","@id":"https:\/\/lurdinha.org\/site\/os-anos-80-duraram-ate-a-primeira-metade-dos-90\/#breadcrumb","itemListElement":[{"@type":"ListItem","position":1,"name":"In\u00edcio","item":"https:\/\/lurdinha.org\/site\/"},{"@type":"ListItem","position":2,"name":"OS ANOS 80 DURARAM AT\u00c9 A PRIMEIRA METADE DOS 90"}]},{"@type":"WebSite","@id":"https:\/\/lurdinha.org\/site\/#website","url":"https:\/\/lurdinha.org\/site\/","name":"Lurdinha - Duque de Caxias para Est\u00f4magos Fortes","description":"Site sobre Arte, Cultura, Pol\u00edtica, Sociedade e curiosidades da cidade de Duque de Caxias, RJ","publisher":{"@id":"https:\/\/lurdinha.org\/site\/#organization"},"alternateName":"Lurdinha","potentialAction":[{"@type":"SearchAction","target":{"@type":"EntryPoint","urlTemplate":"https:\/\/lurdinha.org\/site\/?s={search_term_string}"},"query-input":{"@type":"PropertyValueSpecification","valueRequired":true,"valueName":"search_term_string"}}],"inLanguage":"pt-BR"},{"@type":"Organization","@id":"https:\/\/lurdinha.org\/site\/#organization","name":"Lurdinha de Caxias","url":"https:\/\/lurdinha.org\/site\/","logo":{"@type":"ImageObject","inLanguage":"pt-BR","@id":"https:\/\/lurdinha.org\/site\/#\/schema\/logo\/image\/","url":"https:\/\/lurdinha.org\/site\/wp-content\/uploads\/logo-lurdinha.jpg","contentUrl":"https:\/\/lurdinha.org\/site\/wp-content\/uploads\/logo-lurdinha.jpg","width":640,"height":60,"caption":"Lurdinha de Caxias"},"image":{"@id":"https:\/\/lurdinha.org\/site\/#\/schema\/logo\/image\/"},"sameAs":["https:\/\/www.facebook.com\/LurdinhadeCaxias","https:\/\/www.instagram.com\/lurdinhadecaxias"]},{"@type":"Person","@id":"https:\/\/lurdinha.org\/site\/#\/schema\/person\/dd61db89d6eedc094c289ca870cec2fd","name":"Gutemberg F. Loki Tubar\u00e3o","image":{"@type":"ImageObject","inLanguage":"pt-BR","@id":"https:\/\/secure.gravatar.com\/avatar\/c2608b4cfea1aad53235782dd69d82ec6f0ea838ec68bdc1490fab92d928b672?s=96&d=mm&r=g","url":"https:\/\/secure.gravatar.com\/avatar\/c2608b4cfea1aad53235782dd69d82ec6f0ea838ec68bdc1490fab92d928b672?s=96&d=mm&r=g","contentUrl":"https:\/\/secure.gravatar.com\/avatar\/c2608b4cfea1aad53235782dd69d82ec6f0ea838ec68bdc1490fab92d928b672?s=96&d=mm&r=g","caption":"Gutemberg F. Loki Tubar\u00e3o"},"sameAs":["http:\/\/respostacarioca.blogspot.com\/"],"url":"https:\/\/lurdinha.org\/site\/author\/tubarao\/"}]}},"views":1676,"_links":{"self":[{"href":"https:\/\/lurdinha.org\/site\/wp-json\/wp\/v2\/posts\/8420","targetHints":{"allow":["GET"]}}],"collection":[{"href":"https:\/\/lurdinha.org\/site\/wp-json\/wp\/v2\/posts"}],"about":[{"href":"https:\/\/lurdinha.org\/site\/wp-json\/wp\/v2\/types\/post"}],"author":[{"embeddable":true,"href":"https:\/\/lurdinha.org\/site\/wp-json\/wp\/v2\/users\/21"}],"replies":[{"embeddable":true,"href":"https:\/\/lurdinha.org\/site\/wp-json\/wp\/v2\/comments?post=8420"}],"version-history":[{"count":1,"href":"https:\/\/lurdinha.org\/site\/wp-json\/wp\/v2\/posts\/8420\/revisions"}],"predecessor-version":[{"id":8421,"href":"https:\/\/lurdinha.org\/site\/wp-json\/wp\/v2\/posts\/8420\/revisions\/8421"}],"wp:attachment":[{"href":"https:\/\/lurdinha.org\/site\/wp-json\/wp\/v2\/media?parent=8420"}],"wp:term":[{"taxonomy":"category","embeddable":true,"href":"https:\/\/lurdinha.org\/site\/wp-json\/wp\/v2\/categories?post=8420"},{"taxonomy":"post_tag","embeddable":true,"href":"https:\/\/lurdinha.org\/site\/wp-json\/wp\/v2\/tags?post=8420"}],"curies":[{"name":"wp","href":"https:\/\/api.w.org\/{rel}","templated":true}]}}