{"id":8337,"date":"2019-11-26T05:10:48","date_gmt":"2019-11-26T05:10:48","guid":{"rendered":"http:\/\/lurdinha.org\/site\/?p=8337"},"modified":"2019-11-26T05:11:45","modified_gmt":"2019-11-26T05:11:45","slug":"verdade-e-reparacao","status":"publish","type":"post","link":"https:\/\/lurdinha.org\/site\/verdade-e-reparacao\/","title":{"rendered":"VERDADE E REPARA\u00c7\u00c3O"},"content":{"rendered":"<p><img loading=\"lazy\" decoding=\"async\" class=\"alignnone size-full wp-image-8338\" src=\"http:\/\/lurdinha.org\/site\/wp-content\/uploads\/comissao_verdade-reparacao-DuquedeCaxias.jpg\" alt=\"Comiss\u00e3o da Verdade e Repara\u00e7\u00e3o da Escravid\u00e3o Negra no Brasil - OAB\/DC\" width=\"800\" height=\"600\" srcset=\"https:\/\/lurdinha.org\/site\/wp-content\/uploads\/comissao_verdade-reparacao-DuquedeCaxias.jpg 800w, https:\/\/lurdinha.org\/site\/wp-content\/uploads\/comissao_verdade-reparacao-DuquedeCaxias-300x225.jpg 300w, https:\/\/lurdinha.org\/site\/wp-content\/uploads\/comissao_verdade-reparacao-DuquedeCaxias-610x458.jpg 610w, https:\/\/lurdinha.org\/site\/wp-content\/uploads\/comissao_verdade-reparacao-DuquedeCaxias-768x576.jpg 768w\" sizes=\"auto, (max-width: 800px) 100vw, 800px\" \/><\/p>\n<p><span id=\"fbPhotoSnowliftCaption\" class=\"fbPhotosPhotoCaption\" tabindex=\"0\" aria-live=\"polite\" data-ft=\"{&quot;tn&quot;:&quot;K&quot;}\"><span class=\"hasCaption\">No dia 29 de novembro, pr\u00f3xima sexta-feira, \u00e0s 15 horas, a <strong>Comiss\u00e3o da Verdade e Repara\u00e7\u00e3o da Escravid\u00e3o Negra no Brasil &#8211; OAB\/DC<\/strong> estar\u00e1 homenageando 22 mulheres negras residentes e atuantes em nosso munic\u00edpio, na sede da OAB.<\/p>\n<p>As ricas experi\u00eancias de vida dessas mulheres valorosas foram registradas em entrevistas coordenadas e realizadas por pesquisadores do Museu Vivo<span class=\"text_exposed_show\"> do S\u00e3o Bento, Instituto Hist\u00f3rico da CMDC e APPH-CLIO e passam a constituir um important\u00edssimo acervo revelador da trajet\u00f3ria da mulher negra de nossa cidade, nossa regi\u00e3o e de nosso pa\u00eds, delineando suas lutas e supera\u00e7\u00f5es numa constru\u00e7\u00e3o hist\u00f3rica que revela n\u00e3o apenas a bel\u00edssima hist\u00f3ria<br \/>\npessoal de cada uma, mas tamb\u00e9m a Hist\u00f3ria ainda invisibilizada de uma cidade negra e feminina, como \u00e9 a nossa, e que precisa urgentemente ser apresentada \u00e0s novas gera\u00e7\u00f5es.<\/p>\n<p>Esse bel\u00edssimo corol\u00e1rio de experi\u00eancias tamb\u00e9m se prop\u00f5e a debater o preconceito em nossas escolas.<\/p>\n<p>A proposta \u00e9, em 2020, organizar uma exposi\u00e7\u00e3o itinerante com esses perfis exemplares, que possam ser levados \u00e0s meninas e adolescentes negras de nossa cidade, por meio de sua rede escolar, e provocar a discuss\u00e3o da supera\u00e7\u00e3o do preconceito e da valoriza\u00e7\u00e3o da autoestima.<\/p>\n<p>Por fim, cabe ressaltar com essa cerim\u00f4nia, com a constru\u00e7\u00e3o do acervo e da exposi\u00e7\u00e3o, a valentia dessas mulheres e o poder transformador de seus exemplos.<\/p>\n<p>Afinal, com bem diz \u00c2ngela Deves, &#8221; quando a mulher negra se move a sociedade se move&#8221; e aqui em nossa cidade s\u00e3o essas mulheres que sempre fizeram e ainda fazem nossa Hist\u00f3ria caminhar a um custo alto e doloroso.<\/p>\n<p>J\u00e1 passou da hora de revelar essa poderosa identidade negra e feminina de nossa gente e \u00e9 isso que esse esfor\u00e7o de mostrar a Verdade atrav\u00e9s dessa pesquisa que a Comiss\u00e3o busca trazer, como in\u00edcio de uma muito necess\u00e1ria Repara\u00e7\u00e3o ainda muito longe de ser alcan\u00e7ada.<\/span><\/span><\/span><\/p>\n<p><span id=\"fbPhotoSnowliftCaption\" class=\"fbPhotosPhotoCaption\" tabindex=\"0\" aria-live=\"polite\" data-ft=\"{&quot;tn&quot;:&quot;K&quot;}\"><span class=\"hasCaption\"><span class=\"text_exposed_show\">&#8211;<\/p>\n<p><em><strong>Professor Antonio Augusto Braz<\/strong><\/em><\/span><\/span><\/span><\/p>\n","protected":false},"excerpt":{"rendered":"<p>No dia 29 de novembro, pr\u00f3xima sexta-feira, \u00e0s 15 horas, a Comiss\u00e3o da Verdade e&#8230;<\/p>\n","protected":false},"author":60,"featured_media":8338,"comment_status":"open","ping_status":"closed","sticky":false,"template":"","format":"standard","meta":{"footnotes":""},"categories":[4],"tags":[],"class_list":["post-8337","post","type-post","status-publish","format-standard","has-post-thumbnail","hentry","category-opiniao"],"yoast_head":"<!-- This site is optimized with the Yoast SEO plugin v27.3 - https:\/\/yoast.com\/product\/yoast-seo-wordpress\/ -->\n<title>VERDADE E REPARA\u00c7\u00c3O - Lurdinha - Duque de Caxias para Est\u00f4magos Fortes<\/title>\n<meta name=\"robots\" content=\"index, follow, max-snippet:-1, max-image-preview:large, max-video-preview:-1\" \/>\n<link rel=\"canonical\" href=\"https:\/\/lurdinha.org\/site\/verdade-e-reparacao\/\" \/>\n<meta property=\"og:locale\" content=\"pt_BR\" \/>\n<meta property=\"og:type\" content=\"article\" \/>\n<meta property=\"og:title\" content=\"VERDADE E REPARA\u00c7\u00c3O - Lurdinha - Duque de Caxias para Est\u00f4magos Fortes\" \/>\n<meta property=\"og:description\" content=\"No dia 29 de novembro, pr\u00f3xima sexta-feira, \u00e0s 15 horas, a Comiss\u00e3o da Verdade e...\" \/>\n<meta property=\"og:url\" content=\"https:\/\/lurdinha.org\/site\/verdade-e-reparacao\/\" \/>\n<meta property=\"og:site_name\" content=\"Lurdinha - Duque de Caxias para Est\u00f4magos Fortes\" \/>\n<meta property=\"article:publisher\" content=\"https:\/\/www.facebook.com\/LurdinhadeCaxias\" \/>\n<meta property=\"article:published_time\" content=\"2019-11-26T05:10:48+00:00\" \/>\n<meta property=\"article:modified_time\" content=\"2019-11-26T05:11:45+00:00\" \/>\n<meta property=\"og:image\" content=\"https:\/\/lurdinha.org\/site\/wp-content\/uploads\/comissao_verdade-reparacao-DuquedeCaxias.jpg\" \/>\n\t<meta property=\"og:image:width\" content=\"800\" \/>\n\t<meta property=\"og:image:height\" content=\"600\" \/>\n\t<meta property=\"og:image:type\" content=\"image\/jpeg\" \/>\n<meta name=\"author\" content=\"Ant\u00f4nio Augusto Braz\" \/>\n<meta name=\"twitter:card\" content=\"summary_large_image\" \/>\n<meta name=\"twitter:label1\" content=\"Escrito por\" \/>\n\t<meta name=\"twitter:data1\" content=\"Ant\u00f4nio Augusto Braz\" \/>\n\t<meta name=\"twitter:label2\" content=\"Est. tempo de leitura\" \/>\n\t<meta name=\"twitter:data2\" content=\"2 minutos\" \/>\n<script type=\"application\/ld+json\" class=\"yoast-schema-graph\">{\"@context\":\"https:\\\/\\\/schema.org\",\"@graph\":[{\"@type\":\"Article\",\"@id\":\"https:\\\/\\\/lurdinha.org\\\/site\\\/verdade-e-reparacao\\\/#article\",\"isPartOf\":{\"@id\":\"https:\\\/\\\/lurdinha.org\\\/site\\\/verdade-e-reparacao\\\/\"},\"author\":{\"name\":\"Ant\u00f4nio Augusto Braz\",\"@id\":\"https:\\\/\\\/lurdinha.org\\\/site\\\/#\\\/schema\\\/person\\\/b1762b9970417b58b4ac5d1736668be9\"},\"headline\":\"VERDADE E REPARA\u00c7\u00c3O\",\"datePublished\":\"2019-11-26T05:10:48+00:00\",\"dateModified\":\"2019-11-26T05:11:45+00:00\",\"mainEntityOfPage\":{\"@id\":\"https:\\\/\\\/lurdinha.org\\\/site\\\/verdade-e-reparacao\\\/\"},\"wordCount\":348,\"commentCount\":0,\"publisher\":{\"@id\":\"https:\\\/\\\/lurdinha.org\\\/site\\\/#organization\"},\"image\":{\"@id\":\"https:\\\/\\\/lurdinha.org\\\/site\\\/verdade-e-reparacao\\\/#primaryimage\"},\"thumbnailUrl\":\"https:\\\/\\\/lurdinha.org\\\/site\\\/wp-content\\\/uploads\\\/comissao_verdade-reparacao-DuquedeCaxias.jpg\",\"articleSection\":[\"uma opini\u00e3o\"],\"inLanguage\":\"pt-BR\",\"potentialAction\":[{\"@type\":\"CommentAction\",\"name\":\"Comment\",\"target\":[\"https:\\\/\\\/lurdinha.org\\\/site\\\/verdade-e-reparacao\\\/#respond\"]}]},{\"@type\":\"WebPage\",\"@id\":\"https:\\\/\\\/lurdinha.org\\\/site\\\/verdade-e-reparacao\\\/\",\"url\":\"https:\\\/\\\/lurdinha.org\\\/site\\\/verdade-e-reparacao\\\/\",\"name\":\"VERDADE E REPARA\u00c7\u00c3O - Lurdinha - Duque de Caxias para Est\u00f4magos Fortes\",\"isPartOf\":{\"@id\":\"https:\\\/\\\/lurdinha.org\\\/site\\\/#website\"},\"primaryImageOfPage\":{\"@id\":\"https:\\\/\\\/lurdinha.org\\\/site\\\/verdade-e-reparacao\\\/#primaryimage\"},\"image\":{\"@id\":\"https:\\\/\\\/lurdinha.org\\\/site\\\/verdade-e-reparacao\\\/#primaryimage\"},\"thumbnailUrl\":\"https:\\\/\\\/lurdinha.org\\\/site\\\/wp-content\\\/uploads\\\/comissao_verdade-reparacao-DuquedeCaxias.jpg\",\"datePublished\":\"2019-11-26T05:10:48+00:00\",\"dateModified\":\"2019-11-26T05:11:45+00:00\",\"breadcrumb\":{\"@id\":\"https:\\\/\\\/lurdinha.org\\\/site\\\/verdade-e-reparacao\\\/#breadcrumb\"},\"inLanguage\":\"pt-BR\",\"potentialAction\":[{\"@type\":\"ReadAction\",\"target\":[\"https:\\\/\\\/lurdinha.org\\\/site\\\/verdade-e-reparacao\\\/\"]}]},{\"@type\":\"ImageObject\",\"inLanguage\":\"pt-BR\",\"@id\":\"https:\\\/\\\/lurdinha.org\\\/site\\\/verdade-e-reparacao\\\/#primaryimage\",\"url\":\"https:\\\/\\\/lurdinha.org\\\/site\\\/wp-content\\\/uploads\\\/comissao_verdade-reparacao-DuquedeCaxias.jpg\",\"contentUrl\":\"https:\\\/\\\/lurdinha.org\\\/site\\\/wp-content\\\/uploads\\\/comissao_verdade-reparacao-DuquedeCaxias.jpg\",\"width\":800,\"height\":600,\"caption\":\"Comiss\u00e3o da Verdade e Repara\u00e7\u00e3o da Escravid\u00e3o Negra no Brasil - OAB\\\/DC\"},{\"@type\":\"BreadcrumbList\",\"@id\":\"https:\\\/\\\/lurdinha.org\\\/site\\\/verdade-e-reparacao\\\/#breadcrumb\",\"itemListElement\":[{\"@type\":\"ListItem\",\"position\":1,\"name\":\"In\u00edcio\",\"item\":\"https:\\\/\\\/lurdinha.org\\\/site\\\/\"},{\"@type\":\"ListItem\",\"position\":2,\"name\":\"VERDADE E REPARA\u00c7\u00c3O\"}]},{\"@type\":\"WebSite\",\"@id\":\"https:\\\/\\\/lurdinha.org\\\/site\\\/#website\",\"url\":\"https:\\\/\\\/lurdinha.org\\\/site\\\/\",\"name\":\"Lurdinha - Duque de Caxias para Est\u00f4magos Fortes\",\"description\":\"Site sobre Arte, Cultura, Pol\u00edtica, Sociedade e curiosidades da cidade de Duque de Caxias, RJ\",\"publisher\":{\"@id\":\"https:\\\/\\\/lurdinha.org\\\/site\\\/#organization\"},\"alternateName\":\"Lurdinha\",\"potentialAction\":[{\"@type\":\"SearchAction\",\"target\":{\"@type\":\"EntryPoint\",\"urlTemplate\":\"https:\\\/\\\/lurdinha.org\\\/site\\\/?s={search_term_string}\"},\"query-input\":{\"@type\":\"PropertyValueSpecification\",\"valueRequired\":true,\"valueName\":\"search_term_string\"}}],\"inLanguage\":\"pt-BR\"},{\"@type\":\"Organization\",\"@id\":\"https:\\\/\\\/lurdinha.org\\\/site\\\/#organization\",\"name\":\"Lurdinha de Caxias\",\"url\":\"https:\\\/\\\/lurdinha.org\\\/site\\\/\",\"logo\":{\"@type\":\"ImageObject\",\"inLanguage\":\"pt-BR\",\"@id\":\"https:\\\/\\\/lurdinha.org\\\/site\\\/#\\\/schema\\\/logo\\\/image\\\/\",\"url\":\"https:\\\/\\\/lurdinha.org\\\/site\\\/wp-content\\\/uploads\\\/logo-lurdinha.jpg\",\"contentUrl\":\"https:\\\/\\\/lurdinha.org\\\/site\\\/wp-content\\\/uploads\\\/logo-lurdinha.jpg\",\"width\":640,\"height\":60,\"caption\":\"Lurdinha de Caxias\"},\"image\":{\"@id\":\"https:\\\/\\\/lurdinha.org\\\/site\\\/#\\\/schema\\\/logo\\\/image\\\/\"},\"sameAs\":[\"https:\\\/\\\/www.facebook.com\\\/LurdinhadeCaxias\",\"https:\\\/\\\/www.instagram.com\\\/lurdinhadecaxias\"]},{\"@type\":\"Person\",\"@id\":\"https:\\\/\\\/lurdinha.org\\\/site\\\/#\\\/schema\\\/person\\\/b1762b9970417b58b4ac5d1736668be9\",\"name\":\"Ant\u00f4nio Augusto Braz\",\"image\":{\"@type\":\"ImageObject\",\"inLanguage\":\"pt-BR\",\"@id\":\"https:\\\/\\\/secure.gravatar.com\\\/avatar\\\/26b5372865103d4714c3eb56e26ed956ecbd19ad6993baeb2baf5ae75f05a076?s=96&d=mm&r=g\",\"url\":\"https:\\\/\\\/secure.gravatar.com\\\/avatar\\\/26b5372865103d4714c3eb56e26ed956ecbd19ad6993baeb2baf5ae75f05a076?s=96&d=mm&r=g\",\"contentUrl\":\"https:\\\/\\\/secure.gravatar.com\\\/avatar\\\/26b5372865103d4714c3eb56e26ed956ecbd19ad6993baeb2baf5ae75f05a076?s=96&d=mm&r=g\",\"caption\":\"Ant\u00f4nio Augusto Braz\"},\"url\":\"https:\\\/\\\/lurdinha.org\\\/site\\\/author\\\/antonioaugusto\\\/\"}]}<\/script>\n<!-- \/ Yoast SEO plugin. -->","yoast_head_json":{"title":"VERDADE E REPARA\u00c7\u00c3O - Lurdinha - Duque de Caxias para Est\u00f4magos Fortes","robots":{"index":"index","follow":"follow","max-snippet":"max-snippet:-1","max-image-preview":"max-image-preview:large","max-video-preview":"max-video-preview:-1"},"canonical":"https:\/\/lurdinha.org\/site\/verdade-e-reparacao\/","og_locale":"pt_BR","og_type":"article","og_title":"VERDADE E REPARA\u00c7\u00c3O - Lurdinha - Duque de Caxias para Est\u00f4magos Fortes","og_description":"No dia 29 de novembro, pr\u00f3xima sexta-feira, \u00e0s 15 horas, a Comiss\u00e3o da Verdade e...","og_url":"https:\/\/lurdinha.org\/site\/verdade-e-reparacao\/","og_site_name":"Lurdinha - Duque de Caxias para Est\u00f4magos Fortes","article_publisher":"https:\/\/www.facebook.com\/LurdinhadeCaxias","article_published_time":"2019-11-26T05:10:48+00:00","article_modified_time":"2019-11-26T05:11:45+00:00","og_image":[{"width":800,"height":600,"url":"https:\/\/lurdinha.org\/site\/wp-content\/uploads\/comissao_verdade-reparacao-DuquedeCaxias.jpg","type":"image\/jpeg"}],"author":"Ant\u00f4nio Augusto Braz","twitter_card":"summary_large_image","twitter_misc":{"Escrito por":"Ant\u00f4nio Augusto Braz","Est. tempo de leitura":"2 minutos"},"schema":{"@context":"https:\/\/schema.org","@graph":[{"@type":"Article","@id":"https:\/\/lurdinha.org\/site\/verdade-e-reparacao\/#article","isPartOf":{"@id":"https:\/\/lurdinha.org\/site\/verdade-e-reparacao\/"},"author":{"name":"Ant\u00f4nio Augusto Braz","@id":"https:\/\/lurdinha.org\/site\/#\/schema\/person\/b1762b9970417b58b4ac5d1736668be9"},"headline":"VERDADE E REPARA\u00c7\u00c3O","datePublished":"2019-11-26T05:10:48+00:00","dateModified":"2019-11-26T05:11:45+00:00","mainEntityOfPage":{"@id":"https:\/\/lurdinha.org\/site\/verdade-e-reparacao\/"},"wordCount":348,"commentCount":0,"publisher":{"@id":"https:\/\/lurdinha.org\/site\/#organization"},"image":{"@id":"https:\/\/lurdinha.org\/site\/verdade-e-reparacao\/#primaryimage"},"thumbnailUrl":"https:\/\/lurdinha.org\/site\/wp-content\/uploads\/comissao_verdade-reparacao-DuquedeCaxias.jpg","articleSection":["uma opini\u00e3o"],"inLanguage":"pt-BR","potentialAction":[{"@type":"CommentAction","name":"Comment","target":["https:\/\/lurdinha.org\/site\/verdade-e-reparacao\/#respond"]}]},{"@type":"WebPage","@id":"https:\/\/lurdinha.org\/site\/verdade-e-reparacao\/","url":"https:\/\/lurdinha.org\/site\/verdade-e-reparacao\/","name":"VERDADE E REPARA\u00c7\u00c3O - Lurdinha - Duque de Caxias para Est\u00f4magos Fortes","isPartOf":{"@id":"https:\/\/lurdinha.org\/site\/#website"},"primaryImageOfPage":{"@id":"https:\/\/lurdinha.org\/site\/verdade-e-reparacao\/#primaryimage"},"image":{"@id":"https:\/\/lurdinha.org\/site\/verdade-e-reparacao\/#primaryimage"},"thumbnailUrl":"https:\/\/lurdinha.org\/site\/wp-content\/uploads\/comissao_verdade-reparacao-DuquedeCaxias.jpg","datePublished":"2019-11-26T05:10:48+00:00","dateModified":"2019-11-26T05:11:45+00:00","breadcrumb":{"@id":"https:\/\/lurdinha.org\/site\/verdade-e-reparacao\/#breadcrumb"},"inLanguage":"pt-BR","potentialAction":[{"@type":"ReadAction","target":["https:\/\/lurdinha.org\/site\/verdade-e-reparacao\/"]}]},{"@type":"ImageObject","inLanguage":"pt-BR","@id":"https:\/\/lurdinha.org\/site\/verdade-e-reparacao\/#primaryimage","url":"https:\/\/lurdinha.org\/site\/wp-content\/uploads\/comissao_verdade-reparacao-DuquedeCaxias.jpg","contentUrl":"https:\/\/lurdinha.org\/site\/wp-content\/uploads\/comissao_verdade-reparacao-DuquedeCaxias.jpg","width":800,"height":600,"caption":"Comiss\u00e3o da Verdade e Repara\u00e7\u00e3o da Escravid\u00e3o Negra no Brasil - OAB\/DC"},{"@type":"BreadcrumbList","@id":"https:\/\/lurdinha.org\/site\/verdade-e-reparacao\/#breadcrumb","itemListElement":[{"@type":"ListItem","position":1,"name":"In\u00edcio","item":"https:\/\/lurdinha.org\/site\/"},{"@type":"ListItem","position":2,"name":"VERDADE E REPARA\u00c7\u00c3O"}]},{"@type":"WebSite","@id":"https:\/\/lurdinha.org\/site\/#website","url":"https:\/\/lurdinha.org\/site\/","name":"Lurdinha - Duque de Caxias para Est\u00f4magos Fortes","description":"Site sobre Arte, Cultura, Pol\u00edtica, Sociedade e curiosidades da cidade de Duque de Caxias, RJ","publisher":{"@id":"https:\/\/lurdinha.org\/site\/#organization"},"alternateName":"Lurdinha","potentialAction":[{"@type":"SearchAction","target":{"@type":"EntryPoint","urlTemplate":"https:\/\/lurdinha.org\/site\/?s={search_term_string}"},"query-input":{"@type":"PropertyValueSpecification","valueRequired":true,"valueName":"search_term_string"}}],"inLanguage":"pt-BR"},{"@type":"Organization","@id":"https:\/\/lurdinha.org\/site\/#organization","name":"Lurdinha de Caxias","url":"https:\/\/lurdinha.org\/site\/","logo":{"@type":"ImageObject","inLanguage":"pt-BR","@id":"https:\/\/lurdinha.org\/site\/#\/schema\/logo\/image\/","url":"https:\/\/lurdinha.org\/site\/wp-content\/uploads\/logo-lurdinha.jpg","contentUrl":"https:\/\/lurdinha.org\/site\/wp-content\/uploads\/logo-lurdinha.jpg","width":640,"height":60,"caption":"Lurdinha de Caxias"},"image":{"@id":"https:\/\/lurdinha.org\/site\/#\/schema\/logo\/image\/"},"sameAs":["https:\/\/www.facebook.com\/LurdinhadeCaxias","https:\/\/www.instagram.com\/lurdinhadecaxias"]},{"@type":"Person","@id":"https:\/\/lurdinha.org\/site\/#\/schema\/person\/b1762b9970417b58b4ac5d1736668be9","name":"Ant\u00f4nio Augusto Braz","image":{"@type":"ImageObject","inLanguage":"pt-BR","@id":"https:\/\/secure.gravatar.com\/avatar\/26b5372865103d4714c3eb56e26ed956ecbd19ad6993baeb2baf5ae75f05a076?s=96&d=mm&r=g","url":"https:\/\/secure.gravatar.com\/avatar\/26b5372865103d4714c3eb56e26ed956ecbd19ad6993baeb2baf5ae75f05a076?s=96&d=mm&r=g","contentUrl":"https:\/\/secure.gravatar.com\/avatar\/26b5372865103d4714c3eb56e26ed956ecbd19ad6993baeb2baf5ae75f05a076?s=96&d=mm&r=g","caption":"Ant\u00f4nio Augusto Braz"},"url":"https:\/\/lurdinha.org\/site\/author\/antonioaugusto\/"}]}},"views":2016,"_links":{"self":[{"href":"https:\/\/lurdinha.org\/site\/wp-json\/wp\/v2\/posts\/8337","targetHints":{"allow":["GET"]}}],"collection":[{"href":"https:\/\/lurdinha.org\/site\/wp-json\/wp\/v2\/posts"}],"about":[{"href":"https:\/\/lurdinha.org\/site\/wp-json\/wp\/v2\/types\/post"}],"author":[{"embeddable":true,"href":"https:\/\/lurdinha.org\/site\/wp-json\/wp\/v2\/users\/60"}],"replies":[{"embeddable":true,"href":"https:\/\/lurdinha.org\/site\/wp-json\/wp\/v2\/comments?post=8337"}],"version-history":[{"count":1,"href":"https:\/\/lurdinha.org\/site\/wp-json\/wp\/v2\/posts\/8337\/revisions"}],"predecessor-version":[{"id":8339,"href":"https:\/\/lurdinha.org\/site\/wp-json\/wp\/v2\/posts\/8337\/revisions\/8339"}],"wp:featuredmedia":[{"embeddable":true,"href":"https:\/\/lurdinha.org\/site\/wp-json\/wp\/v2\/media\/8338"}],"wp:attachment":[{"href":"https:\/\/lurdinha.org\/site\/wp-json\/wp\/v2\/media?parent=8337"}],"wp:term":[{"taxonomy":"category","embeddable":true,"href":"https:\/\/lurdinha.org\/site\/wp-json\/wp\/v2\/categories?post=8337"},{"taxonomy":"post_tag","embeddable":true,"href":"https:\/\/lurdinha.org\/site\/wp-json\/wp\/v2\/tags?post=8337"}],"curies":[{"name":"wp","href":"https:\/\/api.w.org\/{rel}","templated":true}]}}