{"id":8203,"date":"2019-09-06T20:41:38","date_gmt":"2019-09-06T20:41:38","guid":{"rendered":"http:\/\/lurdinha.org\/site\/?p=8203"},"modified":"2019-09-06T20:44:18","modified_gmt":"2019-09-06T20:44:18","slug":"o-pus-tem-mesmo-um-aspecto-repugnante","status":"publish","type":"post","link":"https:\/\/lurdinha.org\/site\/o-pus-tem-mesmo-um-aspecto-repugnante\/","title":{"rendered":"O PUS TEM MESMO UM ASPECTO REPUGNANTE"},"content":{"rendered":"<div id=\"js_1n\" class=\"_5pbx userContent _3ds9 _3576\" data-testid=\"post_message\" data-ft=\"{&quot;tn&quot;:&quot;K&quot;}\">\n<p>O tratamento midi\u00e1tico de dois epis\u00f3dios ocorridos em 2015 foram cruciais para minha triste constata\u00e7\u00e3o de que h\u00e1 algo de muito doente de verdade nas v\u00edsceras do pa\u00eds. Um deles foi o fechamento de uma lanchonete em Parada de Lucas, no Rio de Janeiro, por ser acusada de cometer dois crimes: vender carne de pombo em vez de carne de frango e manter trabalho escravo no estabelecimento. Lembro bem da indigna\u00e7\u00e3o p\u00fablica, dessas que duram vinte quatro horas e depois morrem sem nem se despedir. Um absurdo, como podem ter coragem pra isso, meu-deus, aonde j\u00e1 se viu vender carne de pombo em lugar de frango, malditos chineses, tem que fechar essa merda, cad\u00ea a justi\u00e7a. Lembro tamb\u00e9m das zoadas nos programas de r\u00e1dio e de TV, dos coment\u00e1rios na internet, nas filas de \u00f4nibus e nos bares. O pombo por frango, o gato por lebre. Mas sobre a acusa\u00e7\u00e3o de trabalho escravo\u2026 Nada. Sil\u00eancio total. Esse crime passou batido, sequer merecedor de um meme ou algo que valha. Ah, trabalho escravo n\u00e9, normal, segue a vida.<br \/>\nDepois foi o caso de uma crian\u00e7a ind\u00edgena degolada nos bra\u00e7os da m\u00e3e, em Santa Catarina. Li numa pequenina nota em um jornal enquanto esperava pra cortar o cabelo. Lembro do choro que me veio, lembro dos segundos em que pensei que talvez as pessoas n\u00e3o tivessem entendido a palavra degolar, que \u00e9 matar algu\u00e9m cortando a garganta, sei l\u00e1, ingenuidade, n\u00e3o sei, mas o fato \u00e9 que essa not\u00edcia que deveria paralisar o pa\u00eds surgiu como apenas mais um fato corriqueiro desses como um roubo de galinha, uma contrata\u00e7\u00e3o de um jogador em um clube de terceira divis\u00e3o, o novo namoro de uma subcelebridade, algo assim&#8230;<br \/>\nSempre desconfiei disso, mas nesse ano me veio com uma nitidez inc\u00f4moda e avassaladora a constata\u00e7\u00e3o de que h\u00e1 uma doen\u00e7a no pa\u00eds da qual nunca tratamos e que com o passar dos anos vai aumentando perigosamente rumo a uma met\u00e1stase imprevis\u00edvel. Uma ferida lancinante.<br \/>\nH\u00e1 uma por\u00e7\u00e3o de gente no pa\u00eds que tolera coisas que deveriam ser intoler\u00e1veis. Para uma parcela grande da sociedade brasileira o assassinato de cinquenta mil jovens por ano n\u00e3o tem muita import\u00e2ncia, n\u00e3o \u00e9 sequer um assunto. Pelo contr\u00e1rio, cresceu absurdamente o n\u00famero de gente que acha que \u00e9 isso mesmo. Tem que matar. Gente que comemora Natal, fala de Jesus, mas aprova a tortura; que deseja feliz dias das crian\u00e7as mas acha de boa a inf\u00e2ncia brasileira morrendo em carvoarias, quebrando pedras, vendendo o corpo, sem perspectivas de futuro.<br \/>\nExiste uma parcela do pa\u00eds que \u00e9 desumana e rumina seu ego\u00edsmo enquanto vomita as virtudes de uma dita meritocracia mascaradora e violenta. Gente que fecha os olhos para a realidade de que a coca\u00edna que movimenta milh\u00f5es de d\u00f3lares \u00e9 financiada por sorridentes senadores, pastores picaretas e agentes do poder p\u00fablico \u2013 mas acham que \u00e9 preciso mesmo metralhar as favelas. Um reduto de bandidos, vociferam essas pessoas que dizem ser contra a corrup\u00e7\u00e3o desde que hipocritamente n\u00e3o mexam com a corrup\u00e7\u00e3o delas.<br \/>\n\u201cCalma, sua tia n\u00e3o \u00e9 fascista&#8230;\u201d, come\u00e7ava um texto que circulou muito na \u00faltima campanha eleitoral. Olha, sei n\u00e3o&#8230; Talvez seja o caso de pensar na possibilidade de sua tia ser fascista, sim; tem muita chance de que aquele teu tio taxista fosse um dos que aplaudiriam Hitler queimando judeus em campos de concentra\u00e7\u00e3o ou que comprariam pipoca pra ver com prazer as fogueiras da ku-klux-klan. \u00c9 hora de admitir que h\u00e1 de fato um n\u00famero grande de gente que tem o fascismo escondido de boa l\u00e1 dentro do ser \u2013 e que agora, dada as condi\u00e7\u00f5es, t\u00eam colocado ele pra fora, sem culpa e com entusiasmo at\u00e9.<br \/>\nO pa\u00eds tem muitas mazelas, de v\u00e1rios matizes, mas \u00e9 preciso admitir que h\u00e1 uma doen\u00e7a que n\u00e3o foi tratada e que agora tem ganhado for\u00e7a, uma esp\u00e9cie de c\u00e2ncer social que nos amea\u00e7a perigosamente, alimentado pelas m\u00e1quinas de \u00f3dio movidas pelo jun\u00e7\u00e3o dos interesses do grande capital com o nosso passado violentamente colonial. Uma combina\u00e7\u00e3o doentia e adoecedora, uma f\u00e1brica de gente perversa, mesquinha, limpinha e que compartilha fotos de bichinhos fofos, mensagens motivacionais e putaria pesada em aplicativos, sem nem pensar muito.<br \/>\nE essa doen\u00e7a deu pra sentir com for\u00e7a na elei\u00e7\u00e3o passada, onde a onda que rolou n\u00e3o teve nada a ver com l\u00f3gica. E sim com essa doen\u00e7a social mesmo. Potencializada exponencialmente pela demoniza\u00e7\u00e3o do PT e pela m\u00e1quina do watizape bancada com caixa dois. Tudo bem, \u00e9 verdade, mas ainda sim, o irracional \u00e9 que foi o ponto. A m\u00e1quina do \u00f3dio apenas insuflou o que j\u00e1 existia por baixo do pano, por dentro das piadas, em sil\u00eancios, em aplausos, em linchamentos, em votos.<br \/>\n\u201cAh, mas o Lula&#8230;\u201d, \u201cAh, mas se o Ciro&#8230;\u201d, \u201cAh, mas a Marina&#8230;\u201d, n\u00e3o, gente. N\u00e3o teve a ver com l\u00f3gica. Foi o grande momento da doen\u00e7a manifestada no pa\u00eds; vitaminada e estimulada por uma estrat\u00e9gia s\u00f3rdida e eficiente, \u00f3bvio, mas era o momento. Lembro de muita gente que vi na campanha se desesperando pra explicar coisas \u00f3bvias e nada funcionando. Mulher tem que apanhar, tem que ganhar menos mesmo, fraquejada \u2013 e teve um monte de mulher votando com convic\u00e7\u00e3o. N\u00e3o servem nem pra procriar, deus me livre filho meu casar com uma negra \u2013 e teve um monte de negro defensor do cara. Gente pai de filhos com necessidades especiais, gente que trabalha com sa\u00fade p\u00fablica, uma porrada de professores. Parei naquele momento quando vi pais-de-santo defendendo o indefens\u00e1vel. Putz.<br \/>\nVamos ser honestos com a gente mesmo: n\u00e3o era um momento de raz\u00e3o, l\u00f3gica, \u00e9tica. Era a doen\u00e7a em seu grau m\u00e1ximo e seu cont\u00e1gio avassalador. A ferida nunca tratada, agora exposta com toda a sua repugn\u00e2ncia.<br \/>\n\u00c0s vezes tento imaginar o grau insuport\u00e1vel de viol\u00eancia numa vit\u00f3ria do Haddad, por exemplo: a horda de pitboys violentos, milicianos donos de currais eleitorais, imprensa golpista, sabotagens, histeria paneleira, o inferno que seria.<br \/>\n\u00c9 horr\u00edvel pensar isso, mas pode ser que a gente precisasse mesmo passar por essa trag\u00e9dia eleita. Eu sei, eu sei: \u00e9 horr\u00edvel pensar isso. \u00c9 horr\u00edvel pensar isso porque sabemos o custo dessa aventura insana em termos de soberania nacional, em quantidade de baixas que estamos tendo e teremos, nos danos para as pol\u00edticas p\u00fablicas sociais, na quantidade de mortos a mais em nossa trag\u00e9dia di\u00e1ria.<br \/>\nMas tamb\u00e9m fica uma fresta de possibilidade de pensar que esse momento de baixa seja uma oportunidade para purgar o m\u00e1ximo que der dessa nossa chaga nacional que \u00e9 a apatia, e em v\u00e1rios casos, a coniv\u00eancia t\u00e1cita com nossa barb\u00e1rie. As d\u00e9cadas de pano passado pra desigualdade social, pro racismo estrutural, pra viol\u00eancia contra os mais pobres, pro exterm\u00ednio dos povos origin\u00e1rios, pro assassinato da diversidade, pros chicoteamentos, pra trucul\u00eancia do latif\u00fandio. Essa metralhadora de merda, esse rod\u00edzio de tapa na cara, vai que pode ser uma chance de constru\u00e7\u00e3o, ou reconstru\u00e7\u00e3o sei l\u00e1, de algo, n\u00e3o sei bem ao certo. Que ajude a fortalecer a imensa parte do pa\u00eds que \u00e9 aquilo de mais humano, criativo, vibrante, espiritual e espirituoso do povo brasileiro.<br \/>\nA ferida \u00e9 feia e grande e a quantidade de pus \u00e9 proporcional. E o pus tem mesmo um aspecto repugnante. Resta saber se essa ferida ainda pode ser tratada ou uma gangrena das brabas pode nos levar ainda a indesej\u00e1veis extremos.<br \/>\nVamos precisar de muita respira\u00e7\u00e3o, a\u00e7\u00e3o e comunica\u00e7\u00e3o. Enquanto isso, o recomend\u00e1vel \u00e9 se cuidar e cuidar de quem est\u00e1 pr\u00f3ximo de voc\u00ea. Ainda h\u00e1 tempo.<\/p>\n<p><em><strong>[ heraldo hb \u2013 pitacol\u00e2ndia \u2013 setembro de 2019 ]<\/strong><\/em><\/p>\n<\/div>\n","protected":false},"excerpt":{"rendered":"<p>O tratamento midi\u00e1tico de dois epis\u00f3dios ocorridos em 2015 foram cruciais para minha triste constata\u00e7\u00e3o&#8230;<\/p>\n","protected":false},"author":2,"featured_media":0,"comment_status":"open","ping_status":"closed","sticky":false,"template":"","format":"standard","meta":{"footnotes":""},"categories":[208,4],"tags":[74,310],"class_list":["post-8203","post","type-post","status-publish","format-standard","hentry","category-picotes","category-opiniao","tag-heraldo-hb","tag-pitacolandia"],"yoast_head":"<!-- This site is optimized with the Yoast SEO plugin v27.5 - https:\/\/yoast.com\/product\/yoast-seo-wordpress\/ -->\n<title>O PUS TEM MESMO UM ASPECTO REPUGNANTE - Lurdinha - Duque de Caxias para Est\u00f4magos Fortes<\/title>\n<meta name=\"robots\" content=\"index, follow, max-snippet:-1, max-image-preview:large, max-video-preview:-1\" \/>\n<link rel=\"canonical\" href=\"https:\/\/lurdinha.org\/site\/o-pus-tem-mesmo-um-aspecto-repugnante\/\" \/>\n<meta property=\"og:locale\" content=\"pt_BR\" \/>\n<meta property=\"og:type\" content=\"article\" \/>\n<meta property=\"og:title\" content=\"O PUS TEM MESMO UM ASPECTO REPUGNANTE - Lurdinha - Duque de Caxias para Est\u00f4magos Fortes\" \/>\n<meta property=\"og:description\" content=\"O tratamento midi\u00e1tico de dois epis\u00f3dios ocorridos em 2015 foram cruciais para minha triste constata\u00e7\u00e3o...\" \/>\n<meta property=\"og:url\" content=\"https:\/\/lurdinha.org\/site\/o-pus-tem-mesmo-um-aspecto-repugnante\/\" \/>\n<meta property=\"og:site_name\" content=\"Lurdinha - Duque de Caxias para Est\u00f4magos Fortes\" \/>\n<meta property=\"article:publisher\" content=\"https:\/\/www.facebook.com\/LurdinhadeCaxias\" \/>\n<meta property=\"article:author\" content=\"botocudo\" \/>\n<meta property=\"article:published_time\" content=\"2019-09-06T20:41:38+00:00\" \/>\n<meta property=\"article:modified_time\" content=\"2019-09-06T20:44:18+00:00\" \/>\n<meta name=\"author\" content=\"heraldo hb\" \/>\n<meta name=\"twitter:card\" content=\"summary_large_image\" \/>\n<meta name=\"twitter:label1\" content=\"Escrito por\" \/>\n\t<meta name=\"twitter:data1\" content=\"heraldo hb\" \/>\n\t<meta name=\"twitter:label2\" content=\"Est. tempo de leitura\" \/>\n\t<meta name=\"twitter:data2\" content=\"7 minutos\" \/>\n<script type=\"application\/ld+json\" class=\"yoast-schema-graph\">{\"@context\":\"https:\\\/\\\/schema.org\",\"@graph\":[{\"@type\":\"Article\",\"@id\":\"https:\\\/\\\/lurdinha.org\\\/site\\\/o-pus-tem-mesmo-um-aspecto-repugnante\\\/#article\",\"isPartOf\":{\"@id\":\"https:\\\/\\\/lurdinha.org\\\/site\\\/o-pus-tem-mesmo-um-aspecto-repugnante\\\/\"},\"author\":{\"name\":\"heraldo hb\",\"@id\":\"https:\\\/\\\/lurdinha.org\\\/site\\\/#\\\/schema\\\/person\\\/b833bb6a7f82598bf0e95e4c30874251\"},\"headline\":\"O PUS TEM MESMO UM ASPECTO REPUGNANTE\",\"datePublished\":\"2019-09-06T20:41:38+00:00\",\"dateModified\":\"2019-09-06T20:44:18+00:00\",\"mainEntityOfPage\":{\"@id\":\"https:\\\/\\\/lurdinha.org\\\/site\\\/o-pus-tem-mesmo-um-aspecto-repugnante\\\/\"},\"wordCount\":1363,\"commentCount\":0,\"publisher\":{\"@id\":\"https:\\\/\\\/lurdinha.org\\\/site\\\/#organization\"},\"keywords\":[\"Heraldo HB\",\"pitacol\u00e2ndia\"],\"articleSection\":[\"pitacol\u00e2ndia\",\"uma opini\u00e3o\"],\"inLanguage\":\"pt-BR\",\"potentialAction\":[{\"@type\":\"CommentAction\",\"name\":\"Comment\",\"target\":[\"https:\\\/\\\/lurdinha.org\\\/site\\\/o-pus-tem-mesmo-um-aspecto-repugnante\\\/#respond\"]}]},{\"@type\":\"WebPage\",\"@id\":\"https:\\\/\\\/lurdinha.org\\\/site\\\/o-pus-tem-mesmo-um-aspecto-repugnante\\\/\",\"url\":\"https:\\\/\\\/lurdinha.org\\\/site\\\/o-pus-tem-mesmo-um-aspecto-repugnante\\\/\",\"name\":\"O PUS TEM MESMO UM ASPECTO REPUGNANTE - Lurdinha - Duque de Caxias para Est\u00f4magos Fortes\",\"isPartOf\":{\"@id\":\"https:\\\/\\\/lurdinha.org\\\/site\\\/#website\"},\"datePublished\":\"2019-09-06T20:41:38+00:00\",\"dateModified\":\"2019-09-06T20:44:18+00:00\",\"breadcrumb\":{\"@id\":\"https:\\\/\\\/lurdinha.org\\\/site\\\/o-pus-tem-mesmo-um-aspecto-repugnante\\\/#breadcrumb\"},\"inLanguage\":\"pt-BR\",\"potentialAction\":[{\"@type\":\"ReadAction\",\"target\":[\"https:\\\/\\\/lurdinha.org\\\/site\\\/o-pus-tem-mesmo-um-aspecto-repugnante\\\/\"]}]},{\"@type\":\"BreadcrumbList\",\"@id\":\"https:\\\/\\\/lurdinha.org\\\/site\\\/o-pus-tem-mesmo-um-aspecto-repugnante\\\/#breadcrumb\",\"itemListElement\":[{\"@type\":\"ListItem\",\"position\":1,\"name\":\"In\u00edcio\",\"item\":\"https:\\\/\\\/lurdinha.org\\\/site\\\/\"},{\"@type\":\"ListItem\",\"position\":2,\"name\":\"O PUS TEM MESMO UM ASPECTO REPUGNANTE\"}]},{\"@type\":\"WebSite\",\"@id\":\"https:\\\/\\\/lurdinha.org\\\/site\\\/#website\",\"url\":\"https:\\\/\\\/lurdinha.org\\\/site\\\/\",\"name\":\"Lurdinha - Duque de Caxias para Est\u00f4magos Fortes\",\"description\":\"Site sobre Arte, Cultura, Pol\u00edtica, Sociedade e curiosidades da cidade de Duque de Caxias, RJ\",\"publisher\":{\"@id\":\"https:\\\/\\\/lurdinha.org\\\/site\\\/#organization\"},\"alternateName\":\"Lurdinha\",\"potentialAction\":[{\"@type\":\"SearchAction\",\"target\":{\"@type\":\"EntryPoint\",\"urlTemplate\":\"https:\\\/\\\/lurdinha.org\\\/site\\\/?s={search_term_string}\"},\"query-input\":{\"@type\":\"PropertyValueSpecification\",\"valueRequired\":true,\"valueName\":\"search_term_string\"}}],\"inLanguage\":\"pt-BR\"},{\"@type\":\"Organization\",\"@id\":\"https:\\\/\\\/lurdinha.org\\\/site\\\/#organization\",\"name\":\"Lurdinha de Caxias\",\"url\":\"https:\\\/\\\/lurdinha.org\\\/site\\\/\",\"logo\":{\"@type\":\"ImageObject\",\"inLanguage\":\"pt-BR\",\"@id\":\"https:\\\/\\\/lurdinha.org\\\/site\\\/#\\\/schema\\\/logo\\\/image\\\/\",\"url\":\"https:\\\/\\\/lurdinha.org\\\/site\\\/wp-content\\\/uploads\\\/logo-lurdinha.jpg\",\"contentUrl\":\"https:\\\/\\\/lurdinha.org\\\/site\\\/wp-content\\\/uploads\\\/logo-lurdinha.jpg\",\"width\":640,\"height\":60,\"caption\":\"Lurdinha de Caxias\"},\"image\":{\"@id\":\"https:\\\/\\\/lurdinha.org\\\/site\\\/#\\\/schema\\\/logo\\\/image\\\/\"},\"sameAs\":[\"https:\\\/\\\/www.facebook.com\\\/LurdinhadeCaxias\",\"https:\\\/\\\/www.instagram.com\\\/lurdinhadecaxias\"]},{\"@type\":\"Person\",\"@id\":\"https:\\\/\\\/lurdinha.org\\\/site\\\/#\\\/schema\\\/person\\\/b833bb6a7f82598bf0e95e4c30874251\",\"name\":\"heraldo hb\",\"image\":{\"@type\":\"ImageObject\",\"inLanguage\":\"pt-BR\",\"@id\":\"https:\\\/\\\/secure.gravatar.com\\\/avatar\\\/5de9fe99c72cb6885bbdaa24b1c5738b0f673d265de18720fae7463d5f47b48d?s=96&d=mm&r=g\",\"url\":\"https:\\\/\\\/secure.gravatar.com\\\/avatar\\\/5de9fe99c72cb6885bbdaa24b1c5738b0f673d265de18720fae7463d5f47b48d?s=96&d=mm&r=g\",\"contentUrl\":\"https:\\\/\\\/secure.gravatar.com\\\/avatar\\\/5de9fe99c72cb6885bbdaa24b1c5738b0f673d265de18720fae7463d5f47b48d?s=96&d=mm&r=g\",\"caption\":\"heraldo hb\"},\"description\":\"Cineasta, animador cultural, escritor e educador nascido no s\u00e9culo XX\",\"sameAs\":[\"http:\\\/\\\/wwww.relinkare.org\",\"botocudo\",\"heraldohb\",\"relinkare\"],\"url\":\"https:\\\/\\\/lurdinha.org\\\/site\\\/author\\\/heraldohb\\\/\"}]}<\/script>\n<!-- \/ Yoast SEO plugin. -->","yoast_head_json":{"title":"O PUS TEM MESMO UM ASPECTO REPUGNANTE - Lurdinha - Duque de Caxias para Est\u00f4magos Fortes","robots":{"index":"index","follow":"follow","max-snippet":"max-snippet:-1","max-image-preview":"max-image-preview:large","max-video-preview":"max-video-preview:-1"},"canonical":"https:\/\/lurdinha.org\/site\/o-pus-tem-mesmo-um-aspecto-repugnante\/","og_locale":"pt_BR","og_type":"article","og_title":"O PUS TEM MESMO UM ASPECTO REPUGNANTE - Lurdinha - Duque de Caxias para Est\u00f4magos Fortes","og_description":"O tratamento midi\u00e1tico de dois epis\u00f3dios ocorridos em 2015 foram cruciais para minha triste constata\u00e7\u00e3o...","og_url":"https:\/\/lurdinha.org\/site\/o-pus-tem-mesmo-um-aspecto-repugnante\/","og_site_name":"Lurdinha - Duque de Caxias para Est\u00f4magos Fortes","article_publisher":"https:\/\/www.facebook.com\/LurdinhadeCaxias","article_author":"botocudo","article_published_time":"2019-09-06T20:41:38+00:00","article_modified_time":"2019-09-06T20:44:18+00:00","author":"heraldo hb","twitter_card":"summary_large_image","twitter_misc":{"Escrito por":"heraldo hb","Est. tempo de leitura":"7 minutos"},"schema":{"@context":"https:\/\/schema.org","@graph":[{"@type":"Article","@id":"https:\/\/lurdinha.org\/site\/o-pus-tem-mesmo-um-aspecto-repugnante\/#article","isPartOf":{"@id":"https:\/\/lurdinha.org\/site\/o-pus-tem-mesmo-um-aspecto-repugnante\/"},"author":{"name":"heraldo hb","@id":"https:\/\/lurdinha.org\/site\/#\/schema\/person\/b833bb6a7f82598bf0e95e4c30874251"},"headline":"O PUS TEM MESMO UM ASPECTO REPUGNANTE","datePublished":"2019-09-06T20:41:38+00:00","dateModified":"2019-09-06T20:44:18+00:00","mainEntityOfPage":{"@id":"https:\/\/lurdinha.org\/site\/o-pus-tem-mesmo-um-aspecto-repugnante\/"},"wordCount":1363,"commentCount":0,"publisher":{"@id":"https:\/\/lurdinha.org\/site\/#organization"},"keywords":["Heraldo HB","pitacol\u00e2ndia"],"articleSection":["pitacol\u00e2ndia","uma opini\u00e3o"],"inLanguage":"pt-BR","potentialAction":[{"@type":"CommentAction","name":"Comment","target":["https:\/\/lurdinha.org\/site\/o-pus-tem-mesmo-um-aspecto-repugnante\/#respond"]}]},{"@type":"WebPage","@id":"https:\/\/lurdinha.org\/site\/o-pus-tem-mesmo-um-aspecto-repugnante\/","url":"https:\/\/lurdinha.org\/site\/o-pus-tem-mesmo-um-aspecto-repugnante\/","name":"O PUS TEM MESMO UM ASPECTO REPUGNANTE - Lurdinha - Duque de Caxias para Est\u00f4magos Fortes","isPartOf":{"@id":"https:\/\/lurdinha.org\/site\/#website"},"datePublished":"2019-09-06T20:41:38+00:00","dateModified":"2019-09-06T20:44:18+00:00","breadcrumb":{"@id":"https:\/\/lurdinha.org\/site\/o-pus-tem-mesmo-um-aspecto-repugnante\/#breadcrumb"},"inLanguage":"pt-BR","potentialAction":[{"@type":"ReadAction","target":["https:\/\/lurdinha.org\/site\/o-pus-tem-mesmo-um-aspecto-repugnante\/"]}]},{"@type":"BreadcrumbList","@id":"https:\/\/lurdinha.org\/site\/o-pus-tem-mesmo-um-aspecto-repugnante\/#breadcrumb","itemListElement":[{"@type":"ListItem","position":1,"name":"In\u00edcio","item":"https:\/\/lurdinha.org\/site\/"},{"@type":"ListItem","position":2,"name":"O PUS TEM MESMO UM ASPECTO REPUGNANTE"}]},{"@type":"WebSite","@id":"https:\/\/lurdinha.org\/site\/#website","url":"https:\/\/lurdinha.org\/site\/","name":"Lurdinha - Duque de Caxias para Est\u00f4magos Fortes","description":"Site sobre Arte, Cultura, Pol\u00edtica, Sociedade e curiosidades da cidade de Duque de Caxias, RJ","publisher":{"@id":"https:\/\/lurdinha.org\/site\/#organization"},"alternateName":"Lurdinha","potentialAction":[{"@type":"SearchAction","target":{"@type":"EntryPoint","urlTemplate":"https:\/\/lurdinha.org\/site\/?s={search_term_string}"},"query-input":{"@type":"PropertyValueSpecification","valueRequired":true,"valueName":"search_term_string"}}],"inLanguage":"pt-BR"},{"@type":"Organization","@id":"https:\/\/lurdinha.org\/site\/#organization","name":"Lurdinha de Caxias","url":"https:\/\/lurdinha.org\/site\/","logo":{"@type":"ImageObject","inLanguage":"pt-BR","@id":"https:\/\/lurdinha.org\/site\/#\/schema\/logo\/image\/","url":"https:\/\/lurdinha.org\/site\/wp-content\/uploads\/logo-lurdinha.jpg","contentUrl":"https:\/\/lurdinha.org\/site\/wp-content\/uploads\/logo-lurdinha.jpg","width":640,"height":60,"caption":"Lurdinha de Caxias"},"image":{"@id":"https:\/\/lurdinha.org\/site\/#\/schema\/logo\/image\/"},"sameAs":["https:\/\/www.facebook.com\/LurdinhadeCaxias","https:\/\/www.instagram.com\/lurdinhadecaxias"]},{"@type":"Person","@id":"https:\/\/lurdinha.org\/site\/#\/schema\/person\/b833bb6a7f82598bf0e95e4c30874251","name":"heraldo hb","image":{"@type":"ImageObject","inLanguage":"pt-BR","@id":"https:\/\/secure.gravatar.com\/avatar\/5de9fe99c72cb6885bbdaa24b1c5738b0f673d265de18720fae7463d5f47b48d?s=96&d=mm&r=g","url":"https:\/\/secure.gravatar.com\/avatar\/5de9fe99c72cb6885bbdaa24b1c5738b0f673d265de18720fae7463d5f47b48d?s=96&d=mm&r=g","contentUrl":"https:\/\/secure.gravatar.com\/avatar\/5de9fe99c72cb6885bbdaa24b1c5738b0f673d265de18720fae7463d5f47b48d?s=96&d=mm&r=g","caption":"heraldo hb"},"description":"Cineasta, animador cultural, escritor e educador nascido no s\u00e9culo XX","sameAs":["http:\/\/wwww.relinkare.org","botocudo","heraldohb","relinkare"],"url":"https:\/\/lurdinha.org\/site\/author\/heraldohb\/"}]}},"views":1912,"_links":{"self":[{"href":"https:\/\/lurdinha.org\/site\/wp-json\/wp\/v2\/posts\/8203","targetHints":{"allow":["GET"]}}],"collection":[{"href":"https:\/\/lurdinha.org\/site\/wp-json\/wp\/v2\/posts"}],"about":[{"href":"https:\/\/lurdinha.org\/site\/wp-json\/wp\/v2\/types\/post"}],"author":[{"embeddable":true,"href":"https:\/\/lurdinha.org\/site\/wp-json\/wp\/v2\/users\/2"}],"replies":[{"embeddable":true,"href":"https:\/\/lurdinha.org\/site\/wp-json\/wp\/v2\/comments?post=8203"}],"version-history":[{"count":1,"href":"https:\/\/lurdinha.org\/site\/wp-json\/wp\/v2\/posts\/8203\/revisions"}],"predecessor-version":[{"id":8204,"href":"https:\/\/lurdinha.org\/site\/wp-json\/wp\/v2\/posts\/8203\/revisions\/8204"}],"wp:attachment":[{"href":"https:\/\/lurdinha.org\/site\/wp-json\/wp\/v2\/media?parent=8203"}],"wp:term":[{"taxonomy":"category","embeddable":true,"href":"https:\/\/lurdinha.org\/site\/wp-json\/wp\/v2\/categories?post=8203"},{"taxonomy":"post_tag","embeddable":true,"href":"https:\/\/lurdinha.org\/site\/wp-json\/wp\/v2\/tags?post=8203"}],"curies":[{"name":"wp","href":"https:\/\/api.w.org\/{rel}","templated":true}]}}