{"id":8195,"date":"2019-09-05T21:29:45","date_gmt":"2019-09-05T21:29:45","guid":{"rendered":"http:\/\/lurdinha.org\/site\/?p=8195"},"modified":"2019-09-05T21:56:59","modified_gmt":"2019-09-05T21:56:59","slug":"sesc-caxias-promove-mostra-regional-de-artes-cenicas-com-entrada-franca","status":"publish","type":"post","link":"https:\/\/lurdinha.org\/site\/sesc-caxias-promove-mostra-regional-de-artes-cenicas-com-entrada-franca\/","title":{"rendered":"Sesc Caxias promove Mostra Regional de Artes C\u00eanicas com entrada franca"},"content":{"rendered":"<p>Esse setemrbo tem a Mostra Regional de Artes C\u00eanicas, promovida pelo Sesc Caxias, aos s\u00e1bados, com entrada franca. Saca a programa\u00e7\u00e3o:<\/p>\n<p>14\/09, 15h &#8211; Neca Popstar | Cia Sol sem D\u00f3 &#8211; Duque de Caxias<\/p>\n<p>21\/09, 15h &#8211; Inqu\u00e9rito 5376 | Cia de Segunda &#8211; Nova Igua\u00e7u<\/p>\n<p>28\/09, 15h &#8211; Dandalua: Redes e Enredos | Grupo Dandalua &#8211; S\u00e3o Jo\u00e3o de Meriti.<\/p>\n<p>Mais informa\u00e7\u00f5es:<a href=\"http:\/\/sescrj.org.br\/category\/unidades\/sesc-duque-de-caxias\" target=\"_blank\" rel=\"noopener noreferrer\"> http:\/\/sescrj.org.br\/category\/unidades\/sesc-duque-de-caxias<\/a><\/p>\n<p><img loading=\"lazy\" decoding=\"async\" class=\"alignnone size-full wp-image-8196\" src=\"http:\/\/lurdinha.org\/site\/wp-content\/uploads\/mostra-regional-artes-cenicas.jpeg\" alt=\"Sesc Caxias promove Mostra Regional de Artes C\u00eanicas \" width=\"640\" height=\"906\" srcset=\"https:\/\/lurdinha.org\/site\/wp-content\/uploads\/mostra-regional-artes-cenicas.jpeg 640w, https:\/\/lurdinha.org\/site\/wp-content\/uploads\/mostra-regional-artes-cenicas-212x300.jpeg 212w, https:\/\/lurdinha.org\/site\/wp-content\/uploads\/mostra-regional-artes-cenicas-610x864.jpeg 610w\" sizes=\"auto, (max-width: 640px) 100vw, 640px\" \/><\/p>\n<p>&nbsp;<\/p>\n","protected":false},"excerpt":{"rendered":"<p>Esse setemrbo tem a Mostra Regional de Artes C\u00eanicas, promovida pelo Sesc Caxias, aos s\u00e1bados,&#8230;<\/p>\n","protected":false},"author":2,"featured_media":8196,"comment_status":"open","ping_status":"closed","sticky":false,"template":"","format":"standard","meta":{"footnotes":""},"categories":[4],"tags":[],"class_list":["post-8195","post","type-post","status-publish","format-standard","has-post-thumbnail","hentry","category-opiniao"],"yoast_head":"<!-- This site is optimized with the Yoast SEO plugin v27.5 - https:\/\/yoast.com\/product\/yoast-seo-wordpress\/ -->\n<title>Sesc Caxias promove Mostra Regional de Artes C\u00eanicas com entrada franca - Lurdinha - Duque de Caxias para Est\u00f4magos Fortes<\/title>\n<meta name=\"robots\" content=\"index, follow, max-snippet:-1, max-image-preview:large, max-video-preview:-1\" \/>\n<link rel=\"canonical\" href=\"https:\/\/lurdinha.org\/site\/sesc-caxias-promove-mostra-regional-de-artes-cenicas-com-entrada-franca\/\" \/>\n<meta property=\"og:locale\" content=\"pt_BR\" \/>\n<meta property=\"og:type\" content=\"article\" \/>\n<meta property=\"og:title\" content=\"Sesc Caxias promove Mostra Regional de Artes C\u00eanicas com entrada franca - Lurdinha - Duque de Caxias para Est\u00f4magos Fortes\" \/>\n<meta property=\"og:description\" content=\"Esse setemrbo tem a Mostra Regional de Artes C\u00eanicas, promovida pelo Sesc Caxias, aos s\u00e1bados,...\" \/>\n<meta property=\"og:url\" content=\"https:\/\/lurdinha.org\/site\/sesc-caxias-promove-mostra-regional-de-artes-cenicas-com-entrada-franca\/\" \/>\n<meta property=\"og:site_name\" content=\"Lurdinha - Duque de Caxias para Est\u00f4magos Fortes\" \/>\n<meta property=\"article:publisher\" content=\"https:\/\/www.facebook.com\/LurdinhadeCaxias\" \/>\n<meta property=\"article:author\" content=\"botocudo\" \/>\n<meta property=\"article:published_time\" content=\"2019-09-05T21:29:45+00:00\" \/>\n<meta property=\"article:modified_time\" content=\"2019-09-05T21:56:59+00:00\" \/>\n<meta property=\"og:image\" content=\"https:\/\/lurdinha.org\/site\/wp-content\/uploads\/mostra-regional-artes-cenicas.jpeg\" \/>\n\t<meta property=\"og:image:width\" content=\"640\" \/>\n\t<meta property=\"og:image:height\" content=\"906\" \/>\n\t<meta property=\"og:image:type\" content=\"image\/jpeg\" \/>\n<meta name=\"author\" content=\"heraldo hb\" \/>\n<meta name=\"twitter:card\" content=\"summary_large_image\" \/>\n<meta name=\"twitter:label1\" content=\"Escrito por\" \/>\n\t<meta name=\"twitter:data1\" content=\"heraldo hb\" \/>\n<script type=\"application\/ld+json\" class=\"yoast-schema-graph\">{\"@context\":\"https:\\\/\\\/schema.org\",\"@graph\":[{\"@type\":\"Article\",\"@id\":\"https:\\\/\\\/lurdinha.org\\\/site\\\/sesc-caxias-promove-mostra-regional-de-artes-cenicas-com-entrada-franca\\\/#article\",\"isPartOf\":{\"@id\":\"https:\\\/\\\/lurdinha.org\\\/site\\\/sesc-caxias-promove-mostra-regional-de-artes-cenicas-com-entrada-franca\\\/\"},\"author\":{\"name\":\"heraldo hb\",\"@id\":\"https:\\\/\\\/lurdinha.org\\\/site\\\/#\\\/schema\\\/person\\\/b833bb6a7f82598bf0e95e4c30874251\"},\"headline\":\"Sesc Caxias promove Mostra Regional de Artes C\u00eanicas com entrada franca\",\"datePublished\":\"2019-09-05T21:29:45+00:00\",\"dateModified\":\"2019-09-05T21:56:59+00:00\",\"mainEntityOfPage\":{\"@id\":\"https:\\\/\\\/lurdinha.org\\\/site\\\/sesc-caxias-promove-mostra-regional-de-artes-cenicas-com-entrada-franca\\\/\"},\"wordCount\":85,\"commentCount\":1,\"publisher\":{\"@id\":\"https:\\\/\\\/lurdinha.org\\\/site\\\/#organization\"},\"image\":{\"@id\":\"https:\\\/\\\/lurdinha.org\\\/site\\\/sesc-caxias-promove-mostra-regional-de-artes-cenicas-com-entrada-franca\\\/#primaryimage\"},\"thumbnailUrl\":\"https:\\\/\\\/lurdinha.org\\\/site\\\/wp-content\\\/uploads\\\/mostra-regional-artes-cenicas.jpeg\",\"articleSection\":[\"uma opini\u00e3o\"],\"inLanguage\":\"pt-BR\",\"potentialAction\":[{\"@type\":\"CommentAction\",\"name\":\"Comment\",\"target\":[\"https:\\\/\\\/lurdinha.org\\\/site\\\/sesc-caxias-promove-mostra-regional-de-artes-cenicas-com-entrada-franca\\\/#respond\"]}]},{\"@type\":\"WebPage\",\"@id\":\"https:\\\/\\\/lurdinha.org\\\/site\\\/sesc-caxias-promove-mostra-regional-de-artes-cenicas-com-entrada-franca\\\/\",\"url\":\"https:\\\/\\\/lurdinha.org\\\/site\\\/sesc-caxias-promove-mostra-regional-de-artes-cenicas-com-entrada-franca\\\/\",\"name\":\"Sesc Caxias promove Mostra Regional de Artes C\u00eanicas com entrada franca - Lurdinha - Duque de Caxias para Est\u00f4magos Fortes\",\"isPartOf\":{\"@id\":\"https:\\\/\\\/lurdinha.org\\\/site\\\/#website\"},\"primaryImageOfPage\":{\"@id\":\"https:\\\/\\\/lurdinha.org\\\/site\\\/sesc-caxias-promove-mostra-regional-de-artes-cenicas-com-entrada-franca\\\/#primaryimage\"},\"image\":{\"@id\":\"https:\\\/\\\/lurdinha.org\\\/site\\\/sesc-caxias-promove-mostra-regional-de-artes-cenicas-com-entrada-franca\\\/#primaryimage\"},\"thumbnailUrl\":\"https:\\\/\\\/lurdinha.org\\\/site\\\/wp-content\\\/uploads\\\/mostra-regional-artes-cenicas.jpeg\",\"datePublished\":\"2019-09-05T21:29:45+00:00\",\"dateModified\":\"2019-09-05T21:56:59+00:00\",\"breadcrumb\":{\"@id\":\"https:\\\/\\\/lurdinha.org\\\/site\\\/sesc-caxias-promove-mostra-regional-de-artes-cenicas-com-entrada-franca\\\/#breadcrumb\"},\"inLanguage\":\"pt-BR\",\"potentialAction\":[{\"@type\":\"ReadAction\",\"target\":[\"https:\\\/\\\/lurdinha.org\\\/site\\\/sesc-caxias-promove-mostra-regional-de-artes-cenicas-com-entrada-franca\\\/\"]}]},{\"@type\":\"ImageObject\",\"inLanguage\":\"pt-BR\",\"@id\":\"https:\\\/\\\/lurdinha.org\\\/site\\\/sesc-caxias-promove-mostra-regional-de-artes-cenicas-com-entrada-franca\\\/#primaryimage\",\"url\":\"https:\\\/\\\/lurdinha.org\\\/site\\\/wp-content\\\/uploads\\\/mostra-regional-artes-cenicas.jpeg\",\"contentUrl\":\"https:\\\/\\\/lurdinha.org\\\/site\\\/wp-content\\\/uploads\\\/mostra-regional-artes-cenicas.jpeg\",\"width\":640,\"height\":906,\"caption\":\"Sesc Caxias promove Mostra Regional de Artes C\u00eanicas\"},{\"@type\":\"BreadcrumbList\",\"@id\":\"https:\\\/\\\/lurdinha.org\\\/site\\\/sesc-caxias-promove-mostra-regional-de-artes-cenicas-com-entrada-franca\\\/#breadcrumb\",\"itemListElement\":[{\"@type\":\"ListItem\",\"position\":1,\"name\":\"In\u00edcio\",\"item\":\"https:\\\/\\\/lurdinha.org\\\/site\\\/\"},{\"@type\":\"ListItem\",\"position\":2,\"name\":\"Sesc Caxias promove Mostra Regional de Artes C\u00eanicas com entrada franca\"}]},{\"@type\":\"WebSite\",\"@id\":\"https:\\\/\\\/lurdinha.org\\\/site\\\/#website\",\"url\":\"https:\\\/\\\/lurdinha.org\\\/site\\\/\",\"name\":\"Lurdinha - Duque de Caxias para Est\u00f4magos Fortes\",\"description\":\"Site sobre Arte, Cultura, Pol\u00edtica, Sociedade e curiosidades da cidade de Duque de Caxias, RJ\",\"publisher\":{\"@id\":\"https:\\\/\\\/lurdinha.org\\\/site\\\/#organization\"},\"alternateName\":\"Lurdinha\",\"potentialAction\":[{\"@type\":\"SearchAction\",\"target\":{\"@type\":\"EntryPoint\",\"urlTemplate\":\"https:\\\/\\\/lurdinha.org\\\/site\\\/?s={search_term_string}\"},\"query-input\":{\"@type\":\"PropertyValueSpecification\",\"valueRequired\":true,\"valueName\":\"search_term_string\"}}],\"inLanguage\":\"pt-BR\"},{\"@type\":\"Organization\",\"@id\":\"https:\\\/\\\/lurdinha.org\\\/site\\\/#organization\",\"name\":\"Lurdinha de Caxias\",\"url\":\"https:\\\/\\\/lurdinha.org\\\/site\\\/\",\"logo\":{\"@type\":\"ImageObject\",\"inLanguage\":\"pt-BR\",\"@id\":\"https:\\\/\\\/lurdinha.org\\\/site\\\/#\\\/schema\\\/logo\\\/image\\\/\",\"url\":\"https:\\\/\\\/lurdinha.org\\\/site\\\/wp-content\\\/uploads\\\/logo-lurdinha.jpg\",\"contentUrl\":\"https:\\\/\\\/lurdinha.org\\\/site\\\/wp-content\\\/uploads\\\/logo-lurdinha.jpg\",\"width\":640,\"height\":60,\"caption\":\"Lurdinha de Caxias\"},\"image\":{\"@id\":\"https:\\\/\\\/lurdinha.org\\\/site\\\/#\\\/schema\\\/logo\\\/image\\\/\"},\"sameAs\":[\"https:\\\/\\\/www.facebook.com\\\/LurdinhadeCaxias\",\"https:\\\/\\\/www.instagram.com\\\/lurdinhadecaxias\"]},{\"@type\":\"Person\",\"@id\":\"https:\\\/\\\/lurdinha.org\\\/site\\\/#\\\/schema\\\/person\\\/b833bb6a7f82598bf0e95e4c30874251\",\"name\":\"heraldo hb\",\"image\":{\"@type\":\"ImageObject\",\"inLanguage\":\"pt-BR\",\"@id\":\"https:\\\/\\\/secure.gravatar.com\\\/avatar\\\/5de9fe99c72cb6885bbdaa24b1c5738b0f673d265de18720fae7463d5f47b48d?s=96&d=mm&r=g\",\"url\":\"https:\\\/\\\/secure.gravatar.com\\\/avatar\\\/5de9fe99c72cb6885bbdaa24b1c5738b0f673d265de18720fae7463d5f47b48d?s=96&d=mm&r=g\",\"contentUrl\":\"https:\\\/\\\/secure.gravatar.com\\\/avatar\\\/5de9fe99c72cb6885bbdaa24b1c5738b0f673d265de18720fae7463d5f47b48d?s=96&d=mm&r=g\",\"caption\":\"heraldo hb\"},\"description\":\"Cineasta, animador cultural, escritor e educador nascido no s\u00e9culo XX\",\"sameAs\":[\"http:\\\/\\\/wwww.relinkare.org\",\"botocudo\",\"heraldohb\",\"relinkare\"],\"url\":\"https:\\\/\\\/lurdinha.org\\\/site\\\/author\\\/heraldohb\\\/\"}]}<\/script>\n<!-- \/ Yoast SEO plugin. -->","yoast_head_json":{"title":"Sesc Caxias promove Mostra Regional de Artes C\u00eanicas com entrada franca - Lurdinha - Duque de Caxias para Est\u00f4magos Fortes","robots":{"index":"index","follow":"follow","max-snippet":"max-snippet:-1","max-image-preview":"max-image-preview:large","max-video-preview":"max-video-preview:-1"},"canonical":"https:\/\/lurdinha.org\/site\/sesc-caxias-promove-mostra-regional-de-artes-cenicas-com-entrada-franca\/","og_locale":"pt_BR","og_type":"article","og_title":"Sesc Caxias promove Mostra Regional de Artes C\u00eanicas com entrada franca - Lurdinha - Duque de Caxias para Est\u00f4magos Fortes","og_description":"Esse setemrbo tem a Mostra Regional de Artes C\u00eanicas, promovida pelo Sesc Caxias, aos s\u00e1bados,...","og_url":"https:\/\/lurdinha.org\/site\/sesc-caxias-promove-mostra-regional-de-artes-cenicas-com-entrada-franca\/","og_site_name":"Lurdinha - Duque de Caxias para Est\u00f4magos Fortes","article_publisher":"https:\/\/www.facebook.com\/LurdinhadeCaxias","article_author":"botocudo","article_published_time":"2019-09-05T21:29:45+00:00","article_modified_time":"2019-09-05T21:56:59+00:00","og_image":[{"width":640,"height":906,"url":"https:\/\/lurdinha.org\/site\/wp-content\/uploads\/mostra-regional-artes-cenicas.jpeg","type":"image\/jpeg"}],"author":"heraldo hb","twitter_card":"summary_large_image","twitter_misc":{"Escrito por":"heraldo hb"},"schema":{"@context":"https:\/\/schema.org","@graph":[{"@type":"Article","@id":"https:\/\/lurdinha.org\/site\/sesc-caxias-promove-mostra-regional-de-artes-cenicas-com-entrada-franca\/#article","isPartOf":{"@id":"https:\/\/lurdinha.org\/site\/sesc-caxias-promove-mostra-regional-de-artes-cenicas-com-entrada-franca\/"},"author":{"name":"heraldo hb","@id":"https:\/\/lurdinha.org\/site\/#\/schema\/person\/b833bb6a7f82598bf0e95e4c30874251"},"headline":"Sesc Caxias promove Mostra Regional de Artes C\u00eanicas com entrada franca","datePublished":"2019-09-05T21:29:45+00:00","dateModified":"2019-09-05T21:56:59+00:00","mainEntityOfPage":{"@id":"https:\/\/lurdinha.org\/site\/sesc-caxias-promove-mostra-regional-de-artes-cenicas-com-entrada-franca\/"},"wordCount":85,"commentCount":1,"publisher":{"@id":"https:\/\/lurdinha.org\/site\/#organization"},"image":{"@id":"https:\/\/lurdinha.org\/site\/sesc-caxias-promove-mostra-regional-de-artes-cenicas-com-entrada-franca\/#primaryimage"},"thumbnailUrl":"https:\/\/lurdinha.org\/site\/wp-content\/uploads\/mostra-regional-artes-cenicas.jpeg","articleSection":["uma opini\u00e3o"],"inLanguage":"pt-BR","potentialAction":[{"@type":"CommentAction","name":"Comment","target":["https:\/\/lurdinha.org\/site\/sesc-caxias-promove-mostra-regional-de-artes-cenicas-com-entrada-franca\/#respond"]}]},{"@type":"WebPage","@id":"https:\/\/lurdinha.org\/site\/sesc-caxias-promove-mostra-regional-de-artes-cenicas-com-entrada-franca\/","url":"https:\/\/lurdinha.org\/site\/sesc-caxias-promove-mostra-regional-de-artes-cenicas-com-entrada-franca\/","name":"Sesc Caxias promove Mostra Regional de Artes C\u00eanicas com entrada franca - Lurdinha - Duque de Caxias para Est\u00f4magos Fortes","isPartOf":{"@id":"https:\/\/lurdinha.org\/site\/#website"},"primaryImageOfPage":{"@id":"https:\/\/lurdinha.org\/site\/sesc-caxias-promove-mostra-regional-de-artes-cenicas-com-entrada-franca\/#primaryimage"},"image":{"@id":"https:\/\/lurdinha.org\/site\/sesc-caxias-promove-mostra-regional-de-artes-cenicas-com-entrada-franca\/#primaryimage"},"thumbnailUrl":"https:\/\/lurdinha.org\/site\/wp-content\/uploads\/mostra-regional-artes-cenicas.jpeg","datePublished":"2019-09-05T21:29:45+00:00","dateModified":"2019-09-05T21:56:59+00:00","breadcrumb":{"@id":"https:\/\/lurdinha.org\/site\/sesc-caxias-promove-mostra-regional-de-artes-cenicas-com-entrada-franca\/#breadcrumb"},"inLanguage":"pt-BR","potentialAction":[{"@type":"ReadAction","target":["https:\/\/lurdinha.org\/site\/sesc-caxias-promove-mostra-regional-de-artes-cenicas-com-entrada-franca\/"]}]},{"@type":"ImageObject","inLanguage":"pt-BR","@id":"https:\/\/lurdinha.org\/site\/sesc-caxias-promove-mostra-regional-de-artes-cenicas-com-entrada-franca\/#primaryimage","url":"https:\/\/lurdinha.org\/site\/wp-content\/uploads\/mostra-regional-artes-cenicas.jpeg","contentUrl":"https:\/\/lurdinha.org\/site\/wp-content\/uploads\/mostra-regional-artes-cenicas.jpeg","width":640,"height":906,"caption":"Sesc Caxias promove Mostra Regional de Artes C\u00eanicas"},{"@type":"BreadcrumbList","@id":"https:\/\/lurdinha.org\/site\/sesc-caxias-promove-mostra-regional-de-artes-cenicas-com-entrada-franca\/#breadcrumb","itemListElement":[{"@type":"ListItem","position":1,"name":"In\u00edcio","item":"https:\/\/lurdinha.org\/site\/"},{"@type":"ListItem","position":2,"name":"Sesc Caxias promove Mostra Regional de Artes C\u00eanicas com entrada franca"}]},{"@type":"WebSite","@id":"https:\/\/lurdinha.org\/site\/#website","url":"https:\/\/lurdinha.org\/site\/","name":"Lurdinha - Duque de Caxias para Est\u00f4magos Fortes","description":"Site sobre Arte, Cultura, Pol\u00edtica, Sociedade e curiosidades da cidade de Duque de Caxias, RJ","publisher":{"@id":"https:\/\/lurdinha.org\/site\/#organization"},"alternateName":"Lurdinha","potentialAction":[{"@type":"SearchAction","target":{"@type":"EntryPoint","urlTemplate":"https:\/\/lurdinha.org\/site\/?s={search_term_string}"},"query-input":{"@type":"PropertyValueSpecification","valueRequired":true,"valueName":"search_term_string"}}],"inLanguage":"pt-BR"},{"@type":"Organization","@id":"https:\/\/lurdinha.org\/site\/#organization","name":"Lurdinha de Caxias","url":"https:\/\/lurdinha.org\/site\/","logo":{"@type":"ImageObject","inLanguage":"pt-BR","@id":"https:\/\/lurdinha.org\/site\/#\/schema\/logo\/image\/","url":"https:\/\/lurdinha.org\/site\/wp-content\/uploads\/logo-lurdinha.jpg","contentUrl":"https:\/\/lurdinha.org\/site\/wp-content\/uploads\/logo-lurdinha.jpg","width":640,"height":60,"caption":"Lurdinha de Caxias"},"image":{"@id":"https:\/\/lurdinha.org\/site\/#\/schema\/logo\/image\/"},"sameAs":["https:\/\/www.facebook.com\/LurdinhadeCaxias","https:\/\/www.instagram.com\/lurdinhadecaxias"]},{"@type":"Person","@id":"https:\/\/lurdinha.org\/site\/#\/schema\/person\/b833bb6a7f82598bf0e95e4c30874251","name":"heraldo hb","image":{"@type":"ImageObject","inLanguage":"pt-BR","@id":"https:\/\/secure.gravatar.com\/avatar\/5de9fe99c72cb6885bbdaa24b1c5738b0f673d265de18720fae7463d5f47b48d?s=96&d=mm&r=g","url":"https:\/\/secure.gravatar.com\/avatar\/5de9fe99c72cb6885bbdaa24b1c5738b0f673d265de18720fae7463d5f47b48d?s=96&d=mm&r=g","contentUrl":"https:\/\/secure.gravatar.com\/avatar\/5de9fe99c72cb6885bbdaa24b1c5738b0f673d265de18720fae7463d5f47b48d?s=96&d=mm&r=g","caption":"heraldo hb"},"description":"Cineasta, animador cultural, escritor e educador nascido no s\u00e9culo XX","sameAs":["http:\/\/wwww.relinkare.org","botocudo","heraldohb","relinkare"],"url":"https:\/\/lurdinha.org\/site\/author\/heraldohb\/"}]}},"views":2767,"_links":{"self":[{"href":"https:\/\/lurdinha.org\/site\/wp-json\/wp\/v2\/posts\/8195","targetHints":{"allow":["GET"]}}],"collection":[{"href":"https:\/\/lurdinha.org\/site\/wp-json\/wp\/v2\/posts"}],"about":[{"href":"https:\/\/lurdinha.org\/site\/wp-json\/wp\/v2\/types\/post"}],"author":[{"embeddable":true,"href":"https:\/\/lurdinha.org\/site\/wp-json\/wp\/v2\/users\/2"}],"replies":[{"embeddable":true,"href":"https:\/\/lurdinha.org\/site\/wp-json\/wp\/v2\/comments?post=8195"}],"version-history":[{"count":3,"href":"https:\/\/lurdinha.org\/site\/wp-json\/wp\/v2\/posts\/8195\/revisions"}],"predecessor-version":[{"id":8199,"href":"https:\/\/lurdinha.org\/site\/wp-json\/wp\/v2\/posts\/8195\/revisions\/8199"}],"wp:featuredmedia":[{"embeddable":true,"href":"https:\/\/lurdinha.org\/site\/wp-json\/wp\/v2\/media\/8196"}],"wp:attachment":[{"href":"https:\/\/lurdinha.org\/site\/wp-json\/wp\/v2\/media?parent=8195"}],"wp:term":[{"taxonomy":"category","embeddable":true,"href":"https:\/\/lurdinha.org\/site\/wp-json\/wp\/v2\/categories?post=8195"},{"taxonomy":"post_tag","embeddable":true,"href":"https:\/\/lurdinha.org\/site\/wp-json\/wp\/v2\/tags?post=8195"}],"curies":[{"name":"wp","href":"https:\/\/api.w.org\/{rel}","templated":true}]}}