{"id":8163,"date":"2019-08-19T14:55:17","date_gmt":"2019-08-19T14:55:17","guid":{"rendered":"http:\/\/lurdinha.org\/site\/?p=8163"},"modified":"2019-08-20T14:56:15","modified_gmt":"2019-08-20T14:56:15","slug":"sarau-da-vila-aracy-a-coisa-no-momento-que-esta-sendo-coisada","status":"publish","type":"post","link":"https:\/\/lurdinha.org\/site\/sarau-da-vila-aracy-a-coisa-no-momento-que-esta-sendo-coisada\/","title":{"rendered":"Sarau da Vila Aracy &#8211; a coisa no momento que est\u00e1 sendo coisada"},"content":{"rendered":"<p><span id=\"fbPhotoSnowliftCaption\" class=\"fbPhotosPhotoCaption\" tabindex=\"0\" aria-live=\"polite\" data-ft=\"{&quot;tn&quot;:&quot;K&quot;}\"><span class=\"hasCaption\">Eu cheguei l\u00e1 \u00e0s 15:00h. J\u00e1 tinha uma galera falando sobre seus corres culturais nas periferias, j\u00e1 tinha um bit bom demais tocando, j\u00e1 tinha uma exposi\u00e7\u00e3o de fotografias e eu fiquei ali observando a pot\u00eancia daquele espa\u00e7o. <\/span><\/span><\/p>\n<p><span id=\"fbPhotoSnowliftCaption\" class=\"fbPhotosPhotoCaption\" tabindex=\"0\" aria-live=\"polite\" data-ft=\"{&quot;tn&quot;:&quot;K&quot;}\"><span class=\"hasCaption\">Aquelas pessoas estavam ai\u00ed, em um s\u00e1bado, a tarde para recitar poesia. Logo eles? Logo n\u00f3s que aos olhos da maioria ocupamos o n\u00e3o-lugar por sermos analisados como n\u00e3o-sujeit<span class=\"text_exposed_show\">os ou at\u00e9 sujeitos-menos. Menos por nossa causa e mais pela incapacidade de olhar o pr\u00f3ximo al\u00e9m dos bens que o nosso pr\u00f3ximo tem. Achei o movimento incr\u00edvel. <\/span><\/span><\/span><\/p>\n<p><span id=\"fbPhotoSnowliftCaption\" class=\"fbPhotosPhotoCaption\" tabindex=\"0\" aria-live=\"polite\" data-ft=\"{&quot;tn&quot;:&quot;K&quot;}\"><span class=\"hasCaption\"><span class=\"text_exposed_show\">Desde 2018, quando criei o @slampoeticorj junto com a galera do @laboratorioperiferico, nunca tive a ideia de me por a dist\u00e2ncia suficiente para analisar a coisa no momento que est\u00e1 sendo coisada, e a coisa \u00e9 que estamos construindo, devagar claro, um espa\u00e7o social incr\u00edvel. Afetuoso, potencializador e isto \u00e9 tudo.<\/span><\/span><\/span><\/p>\n<figure id=\"attachment_8165\" aria-describedby=\"caption-attachment-8165\" style=\"width: 800px\" class=\"wp-caption alignnone\"><img loading=\"lazy\" decoding=\"async\" class=\"size-full wp-image-8165\" src=\"http:\/\/lurdinha.org\/site\/wp-content\/uploads\/sarau-vila-aracy.jpg\" alt=\"\" width=\"800\" height=\"425\" srcset=\"https:\/\/lurdinha.org\/site\/wp-content\/uploads\/sarau-vila-aracy.jpg 800w, https:\/\/lurdinha.org\/site\/wp-content\/uploads\/sarau-vila-aracy-300x159.jpg 300w, https:\/\/lurdinha.org\/site\/wp-content\/uploads\/sarau-vila-aracy-768x408.jpg 768w, https:\/\/lurdinha.org\/site\/wp-content\/uploads\/sarau-vila-aracy-610x324.jpg 610w, https:\/\/lurdinha.org\/site\/wp-content\/uploads\/sarau-vila-aracy-733x390.jpg 733w\" sizes=\"auto, (max-width: 800px) 100vw, 800px\" \/><figcaption id=\"caption-attachment-8165\" class=\"wp-caption-text\">Galera do Sarau na Biblioteca Comunit\u00e1ria da Vila Aracy Foto: @lpalinceproducoesartisticas<\/figcaption><\/figure>\n","protected":false},"excerpt":{"rendered":"<p>Eu cheguei l\u00e1 \u00e0s 15:00h. J\u00e1 tinha uma galera falando sobre seus corres culturais nas&#8230;<\/p>\n","protected":false},"author":66,"featured_media":8165,"comment_status":"open","ping_status":"closed","sticky":false,"template":"","format":"standard","meta":{"footnotes":""},"categories":[3,8,5,4],"tags":[612,593,1098],"class_list":["post-8163","post","type-post","status-publish","format-standard","has-post-thumbnail","hentry","category-clique","category-evento","category-umaboa","category-opiniao","tag-biblioteca-comunitaria","tag-parada-angelica","tag-vila-aracy"],"yoast_head":"<!-- This site is optimized with the Yoast SEO plugin v27.5 - https:\/\/yoast.com\/product\/yoast-seo-wordpress\/ -->\n<title>Sarau da Vila Aracy - a coisa no momento que est\u00e1 sendo coisada - Lurdinha - Duque de Caxias para Est\u00f4magos Fortes<\/title>\n<meta name=\"robots\" content=\"index, follow, max-snippet:-1, max-image-preview:large, max-video-preview:-1\" \/>\n<link rel=\"canonical\" href=\"https:\/\/lurdinha.org\/site\/sarau-da-vila-aracy-a-coisa-no-momento-que-esta-sendo-coisada\/\" \/>\n<meta property=\"og:locale\" content=\"pt_BR\" \/>\n<meta property=\"og:type\" content=\"article\" \/>\n<meta property=\"og:title\" content=\"Sarau da Vila Aracy - a coisa no momento que est\u00e1 sendo coisada - Lurdinha - Duque de Caxias para Est\u00f4magos Fortes\" \/>\n<meta property=\"og:description\" content=\"Eu cheguei l\u00e1 \u00e0s 15:00h. J\u00e1 tinha uma galera falando sobre seus corres culturais nas...\" \/>\n<meta property=\"og:url\" content=\"https:\/\/lurdinha.org\/site\/sarau-da-vila-aracy-a-coisa-no-momento-que-esta-sendo-coisada\/\" \/>\n<meta property=\"og:site_name\" content=\"Lurdinha - Duque de Caxias para Est\u00f4magos Fortes\" \/>\n<meta property=\"article:publisher\" content=\"https:\/\/www.facebook.com\/LurdinhadeCaxias\" \/>\n<meta property=\"article:published_time\" content=\"2019-08-19T14:55:17+00:00\" \/>\n<meta property=\"article:modified_time\" content=\"2019-08-20T14:56:15+00:00\" \/>\n<meta property=\"og:image\" content=\"https:\/\/lurdinha.org\/site\/wp-content\/uploads\/sarau-vila-aracy.jpg\" \/>\n\t<meta property=\"og:image:width\" content=\"800\" \/>\n\t<meta property=\"og:image:height\" content=\"425\" \/>\n\t<meta property=\"og:image:type\" content=\"image\/jpeg\" \/>\n<meta name=\"author\" content=\"Osmar Paulino\" \/>\n<meta name=\"twitter:card\" content=\"summary_large_image\" \/>\n<meta name=\"twitter:label1\" content=\"Escrito por\" \/>\n\t<meta name=\"twitter:data1\" content=\"Osmar Paulino\" \/>\n\t<meta name=\"twitter:label2\" content=\"Est. tempo de leitura\" \/>\n\t<meta name=\"twitter:data2\" content=\"1 minuto\" \/>\n<script type=\"application\/ld+json\" class=\"yoast-schema-graph\">{\"@context\":\"https:\\\/\\\/schema.org\",\"@graph\":[{\"@type\":\"Article\",\"@id\":\"https:\\\/\\\/lurdinha.org\\\/site\\\/sarau-da-vila-aracy-a-coisa-no-momento-que-esta-sendo-coisada\\\/#article\",\"isPartOf\":{\"@id\":\"https:\\\/\\\/lurdinha.org\\\/site\\\/sarau-da-vila-aracy-a-coisa-no-momento-que-esta-sendo-coisada\\\/\"},\"author\":{\"name\":\"Osmar Paulino\",\"@id\":\"https:\\\/\\\/lurdinha.org\\\/site\\\/#\\\/schema\\\/person\\\/5cec0971ff0c87038009af187da88959\"},\"headline\":\"Sarau da Vila Aracy &#8211; a coisa no momento que est\u00e1 sendo coisada\",\"datePublished\":\"2019-08-19T14:55:17+00:00\",\"dateModified\":\"2019-08-20T14:56:15+00:00\",\"mainEntityOfPage\":{\"@id\":\"https:\\\/\\\/lurdinha.org\\\/site\\\/sarau-da-vila-aracy-a-coisa-no-momento-que-esta-sendo-coisada\\\/\"},\"wordCount\":188,\"commentCount\":0,\"publisher\":{\"@id\":\"https:\\\/\\\/lurdinha.org\\\/site\\\/#organization\"},\"image\":{\"@id\":\"https:\\\/\\\/lurdinha.org\\\/site\\\/sarau-da-vila-aracy-a-coisa-no-momento-que-esta-sendo-coisada\\\/#primaryimage\"},\"thumbnailUrl\":\"https:\\\/\\\/lurdinha.org\\\/site\\\/wp-content\\\/uploads\\\/sarau-vila-aracy.jpg\",\"keywords\":[\"biblioteca comunit\u00e1ria\",\"Parada Ang\u00e9lica\",\"vila aracy\"],\"articleSection\":[\"clique\",\"evento\",\"uma boa\",\"uma opini\u00e3o\"],\"inLanguage\":\"pt-BR\",\"potentialAction\":[{\"@type\":\"CommentAction\",\"name\":\"Comment\",\"target\":[\"https:\\\/\\\/lurdinha.org\\\/site\\\/sarau-da-vila-aracy-a-coisa-no-momento-que-esta-sendo-coisada\\\/#respond\"]}]},{\"@type\":\"WebPage\",\"@id\":\"https:\\\/\\\/lurdinha.org\\\/site\\\/sarau-da-vila-aracy-a-coisa-no-momento-que-esta-sendo-coisada\\\/\",\"url\":\"https:\\\/\\\/lurdinha.org\\\/site\\\/sarau-da-vila-aracy-a-coisa-no-momento-que-esta-sendo-coisada\\\/\",\"name\":\"Sarau da Vila Aracy - a coisa no momento que est\u00e1 sendo coisada - Lurdinha - Duque de Caxias para Est\u00f4magos Fortes\",\"isPartOf\":{\"@id\":\"https:\\\/\\\/lurdinha.org\\\/site\\\/#website\"},\"primaryImageOfPage\":{\"@id\":\"https:\\\/\\\/lurdinha.org\\\/site\\\/sarau-da-vila-aracy-a-coisa-no-momento-que-esta-sendo-coisada\\\/#primaryimage\"},\"image\":{\"@id\":\"https:\\\/\\\/lurdinha.org\\\/site\\\/sarau-da-vila-aracy-a-coisa-no-momento-que-esta-sendo-coisada\\\/#primaryimage\"},\"thumbnailUrl\":\"https:\\\/\\\/lurdinha.org\\\/site\\\/wp-content\\\/uploads\\\/sarau-vila-aracy.jpg\",\"datePublished\":\"2019-08-19T14:55:17+00:00\",\"dateModified\":\"2019-08-20T14:56:15+00:00\",\"breadcrumb\":{\"@id\":\"https:\\\/\\\/lurdinha.org\\\/site\\\/sarau-da-vila-aracy-a-coisa-no-momento-que-esta-sendo-coisada\\\/#breadcrumb\"},\"inLanguage\":\"pt-BR\",\"potentialAction\":[{\"@type\":\"ReadAction\",\"target\":[\"https:\\\/\\\/lurdinha.org\\\/site\\\/sarau-da-vila-aracy-a-coisa-no-momento-que-esta-sendo-coisada\\\/\"]}]},{\"@type\":\"ImageObject\",\"inLanguage\":\"pt-BR\",\"@id\":\"https:\\\/\\\/lurdinha.org\\\/site\\\/sarau-da-vila-aracy-a-coisa-no-momento-que-esta-sendo-coisada\\\/#primaryimage\",\"url\":\"https:\\\/\\\/lurdinha.org\\\/site\\\/wp-content\\\/uploads\\\/sarau-vila-aracy.jpg\",\"contentUrl\":\"https:\\\/\\\/lurdinha.org\\\/site\\\/wp-content\\\/uploads\\\/sarau-vila-aracy.jpg\",\"width\":800,\"height\":425,\"caption\":\"Foto: @lpalinceproducoesartisticas\"},{\"@type\":\"BreadcrumbList\",\"@id\":\"https:\\\/\\\/lurdinha.org\\\/site\\\/sarau-da-vila-aracy-a-coisa-no-momento-que-esta-sendo-coisada\\\/#breadcrumb\",\"itemListElement\":[{\"@type\":\"ListItem\",\"position\":1,\"name\":\"In\u00edcio\",\"item\":\"https:\\\/\\\/lurdinha.org\\\/site\\\/\"},{\"@type\":\"ListItem\",\"position\":2,\"name\":\"Sarau da Vila Aracy &#8211; a coisa no momento que est\u00e1 sendo coisada\"}]},{\"@type\":\"WebSite\",\"@id\":\"https:\\\/\\\/lurdinha.org\\\/site\\\/#website\",\"url\":\"https:\\\/\\\/lurdinha.org\\\/site\\\/\",\"name\":\"Lurdinha - Duque de Caxias para Est\u00f4magos Fortes\",\"description\":\"Site sobre Arte, Cultura, Pol\u00edtica, Sociedade e curiosidades da cidade de Duque de Caxias, RJ\",\"publisher\":{\"@id\":\"https:\\\/\\\/lurdinha.org\\\/site\\\/#organization\"},\"alternateName\":\"Lurdinha\",\"potentialAction\":[{\"@type\":\"SearchAction\",\"target\":{\"@type\":\"EntryPoint\",\"urlTemplate\":\"https:\\\/\\\/lurdinha.org\\\/site\\\/?s={search_term_string}\"},\"query-input\":{\"@type\":\"PropertyValueSpecification\",\"valueRequired\":true,\"valueName\":\"search_term_string\"}}],\"inLanguage\":\"pt-BR\"},{\"@type\":\"Organization\",\"@id\":\"https:\\\/\\\/lurdinha.org\\\/site\\\/#organization\",\"name\":\"Lurdinha de Caxias\",\"url\":\"https:\\\/\\\/lurdinha.org\\\/site\\\/\",\"logo\":{\"@type\":\"ImageObject\",\"inLanguage\":\"pt-BR\",\"@id\":\"https:\\\/\\\/lurdinha.org\\\/site\\\/#\\\/schema\\\/logo\\\/image\\\/\",\"url\":\"https:\\\/\\\/lurdinha.org\\\/site\\\/wp-content\\\/uploads\\\/logo-lurdinha.jpg\",\"contentUrl\":\"https:\\\/\\\/lurdinha.org\\\/site\\\/wp-content\\\/uploads\\\/logo-lurdinha.jpg\",\"width\":640,\"height\":60,\"caption\":\"Lurdinha de Caxias\"},\"image\":{\"@id\":\"https:\\\/\\\/lurdinha.org\\\/site\\\/#\\\/schema\\\/logo\\\/image\\\/\"},\"sameAs\":[\"https:\\\/\\\/www.facebook.com\\\/LurdinhadeCaxias\",\"https:\\\/\\\/www.instagram.com\\\/lurdinhadecaxias\"]},{\"@type\":\"Person\",\"@id\":\"https:\\\/\\\/lurdinha.org\\\/site\\\/#\\\/schema\\\/person\\\/5cec0971ff0c87038009af187da88959\",\"name\":\"Osmar Paulino\",\"image\":{\"@type\":\"ImageObject\",\"inLanguage\":\"pt-BR\",\"@id\":\"https:\\\/\\\/secure.gravatar.com\\\/avatar\\\/2e2c581c998de61dcba522d0cd050c59fc5a6d45b9a078c583fff3301ef38702?s=96&d=mm&r=g\",\"url\":\"https:\\\/\\\/secure.gravatar.com\\\/avatar\\\/2e2c581c998de61dcba522d0cd050c59fc5a6d45b9a078c583fff3301ef38702?s=96&d=mm&r=g\",\"contentUrl\":\"https:\\\/\\\/secure.gravatar.com\\\/avatar\\\/2e2c581c998de61dcba522d0cd050c59fc5a6d45b9a078c583fff3301ef38702?s=96&d=mm&r=g\",\"caption\":\"Osmar Paulino\"},\"description\":\"Professor de Geografia, Articulador Cultural, Produtor do FAIM, Festival de Artes de Imbari\u00ea\",\"url\":\"https:\\\/\\\/lurdinha.org\\\/site\\\/author\\\/osmarpaulino\\\/\"}]}<\/script>\n<!-- \/ Yoast SEO plugin. -->","yoast_head_json":{"title":"Sarau da Vila Aracy - a coisa no momento que est\u00e1 sendo coisada - Lurdinha - Duque de Caxias para Est\u00f4magos Fortes","robots":{"index":"index","follow":"follow","max-snippet":"max-snippet:-1","max-image-preview":"max-image-preview:large","max-video-preview":"max-video-preview:-1"},"canonical":"https:\/\/lurdinha.org\/site\/sarau-da-vila-aracy-a-coisa-no-momento-que-esta-sendo-coisada\/","og_locale":"pt_BR","og_type":"article","og_title":"Sarau da Vila Aracy - a coisa no momento que est\u00e1 sendo coisada - Lurdinha - Duque de Caxias para Est\u00f4magos Fortes","og_description":"Eu cheguei l\u00e1 \u00e0s 15:00h. J\u00e1 tinha uma galera falando sobre seus corres culturais nas...","og_url":"https:\/\/lurdinha.org\/site\/sarau-da-vila-aracy-a-coisa-no-momento-que-esta-sendo-coisada\/","og_site_name":"Lurdinha - Duque de Caxias para Est\u00f4magos Fortes","article_publisher":"https:\/\/www.facebook.com\/LurdinhadeCaxias","article_published_time":"2019-08-19T14:55:17+00:00","article_modified_time":"2019-08-20T14:56:15+00:00","og_image":[{"width":800,"height":425,"url":"https:\/\/lurdinha.org\/site\/wp-content\/uploads\/sarau-vila-aracy.jpg","type":"image\/jpeg"}],"author":"Osmar Paulino","twitter_card":"summary_large_image","twitter_misc":{"Escrito por":"Osmar Paulino","Est. tempo de leitura":"1 minuto"},"schema":{"@context":"https:\/\/schema.org","@graph":[{"@type":"Article","@id":"https:\/\/lurdinha.org\/site\/sarau-da-vila-aracy-a-coisa-no-momento-que-esta-sendo-coisada\/#article","isPartOf":{"@id":"https:\/\/lurdinha.org\/site\/sarau-da-vila-aracy-a-coisa-no-momento-que-esta-sendo-coisada\/"},"author":{"name":"Osmar Paulino","@id":"https:\/\/lurdinha.org\/site\/#\/schema\/person\/5cec0971ff0c87038009af187da88959"},"headline":"Sarau da Vila Aracy &#8211; a coisa no momento que est\u00e1 sendo coisada","datePublished":"2019-08-19T14:55:17+00:00","dateModified":"2019-08-20T14:56:15+00:00","mainEntityOfPage":{"@id":"https:\/\/lurdinha.org\/site\/sarau-da-vila-aracy-a-coisa-no-momento-que-esta-sendo-coisada\/"},"wordCount":188,"commentCount":0,"publisher":{"@id":"https:\/\/lurdinha.org\/site\/#organization"},"image":{"@id":"https:\/\/lurdinha.org\/site\/sarau-da-vila-aracy-a-coisa-no-momento-que-esta-sendo-coisada\/#primaryimage"},"thumbnailUrl":"https:\/\/lurdinha.org\/site\/wp-content\/uploads\/sarau-vila-aracy.jpg","keywords":["biblioteca comunit\u00e1ria","Parada Ang\u00e9lica","vila aracy"],"articleSection":["clique","evento","uma boa","uma opini\u00e3o"],"inLanguage":"pt-BR","potentialAction":[{"@type":"CommentAction","name":"Comment","target":["https:\/\/lurdinha.org\/site\/sarau-da-vila-aracy-a-coisa-no-momento-que-esta-sendo-coisada\/#respond"]}]},{"@type":"WebPage","@id":"https:\/\/lurdinha.org\/site\/sarau-da-vila-aracy-a-coisa-no-momento-que-esta-sendo-coisada\/","url":"https:\/\/lurdinha.org\/site\/sarau-da-vila-aracy-a-coisa-no-momento-que-esta-sendo-coisada\/","name":"Sarau da Vila Aracy - a coisa no momento que est\u00e1 sendo coisada - Lurdinha - Duque de Caxias para Est\u00f4magos Fortes","isPartOf":{"@id":"https:\/\/lurdinha.org\/site\/#website"},"primaryImageOfPage":{"@id":"https:\/\/lurdinha.org\/site\/sarau-da-vila-aracy-a-coisa-no-momento-que-esta-sendo-coisada\/#primaryimage"},"image":{"@id":"https:\/\/lurdinha.org\/site\/sarau-da-vila-aracy-a-coisa-no-momento-que-esta-sendo-coisada\/#primaryimage"},"thumbnailUrl":"https:\/\/lurdinha.org\/site\/wp-content\/uploads\/sarau-vila-aracy.jpg","datePublished":"2019-08-19T14:55:17+00:00","dateModified":"2019-08-20T14:56:15+00:00","breadcrumb":{"@id":"https:\/\/lurdinha.org\/site\/sarau-da-vila-aracy-a-coisa-no-momento-que-esta-sendo-coisada\/#breadcrumb"},"inLanguage":"pt-BR","potentialAction":[{"@type":"ReadAction","target":["https:\/\/lurdinha.org\/site\/sarau-da-vila-aracy-a-coisa-no-momento-que-esta-sendo-coisada\/"]}]},{"@type":"ImageObject","inLanguage":"pt-BR","@id":"https:\/\/lurdinha.org\/site\/sarau-da-vila-aracy-a-coisa-no-momento-que-esta-sendo-coisada\/#primaryimage","url":"https:\/\/lurdinha.org\/site\/wp-content\/uploads\/sarau-vila-aracy.jpg","contentUrl":"https:\/\/lurdinha.org\/site\/wp-content\/uploads\/sarau-vila-aracy.jpg","width":800,"height":425,"caption":"Foto: @lpalinceproducoesartisticas"},{"@type":"BreadcrumbList","@id":"https:\/\/lurdinha.org\/site\/sarau-da-vila-aracy-a-coisa-no-momento-que-esta-sendo-coisada\/#breadcrumb","itemListElement":[{"@type":"ListItem","position":1,"name":"In\u00edcio","item":"https:\/\/lurdinha.org\/site\/"},{"@type":"ListItem","position":2,"name":"Sarau da Vila Aracy &#8211; a coisa no momento que est\u00e1 sendo coisada"}]},{"@type":"WebSite","@id":"https:\/\/lurdinha.org\/site\/#website","url":"https:\/\/lurdinha.org\/site\/","name":"Lurdinha - Duque de Caxias para Est\u00f4magos Fortes","description":"Site sobre Arte, Cultura, Pol\u00edtica, Sociedade e curiosidades da cidade de Duque de Caxias, RJ","publisher":{"@id":"https:\/\/lurdinha.org\/site\/#organization"},"alternateName":"Lurdinha","potentialAction":[{"@type":"SearchAction","target":{"@type":"EntryPoint","urlTemplate":"https:\/\/lurdinha.org\/site\/?s={search_term_string}"},"query-input":{"@type":"PropertyValueSpecification","valueRequired":true,"valueName":"search_term_string"}}],"inLanguage":"pt-BR"},{"@type":"Organization","@id":"https:\/\/lurdinha.org\/site\/#organization","name":"Lurdinha de Caxias","url":"https:\/\/lurdinha.org\/site\/","logo":{"@type":"ImageObject","inLanguage":"pt-BR","@id":"https:\/\/lurdinha.org\/site\/#\/schema\/logo\/image\/","url":"https:\/\/lurdinha.org\/site\/wp-content\/uploads\/logo-lurdinha.jpg","contentUrl":"https:\/\/lurdinha.org\/site\/wp-content\/uploads\/logo-lurdinha.jpg","width":640,"height":60,"caption":"Lurdinha de Caxias"},"image":{"@id":"https:\/\/lurdinha.org\/site\/#\/schema\/logo\/image\/"},"sameAs":["https:\/\/www.facebook.com\/LurdinhadeCaxias","https:\/\/www.instagram.com\/lurdinhadecaxias"]},{"@type":"Person","@id":"https:\/\/lurdinha.org\/site\/#\/schema\/person\/5cec0971ff0c87038009af187da88959","name":"Osmar Paulino","image":{"@type":"ImageObject","inLanguage":"pt-BR","@id":"https:\/\/secure.gravatar.com\/avatar\/2e2c581c998de61dcba522d0cd050c59fc5a6d45b9a078c583fff3301ef38702?s=96&d=mm&r=g","url":"https:\/\/secure.gravatar.com\/avatar\/2e2c581c998de61dcba522d0cd050c59fc5a6d45b9a078c583fff3301ef38702?s=96&d=mm&r=g","contentUrl":"https:\/\/secure.gravatar.com\/avatar\/2e2c581c998de61dcba522d0cd050c59fc5a6d45b9a078c583fff3301ef38702?s=96&d=mm&r=g","caption":"Osmar Paulino"},"description":"Professor de Geografia, Articulador Cultural, Produtor do FAIM, Festival de Artes de Imbari\u00ea","url":"https:\/\/lurdinha.org\/site\/author\/osmarpaulino\/"}]}},"views":1669,"_links":{"self":[{"href":"https:\/\/lurdinha.org\/site\/wp-json\/wp\/v2\/posts\/8163","targetHints":{"allow":["GET"]}}],"collection":[{"href":"https:\/\/lurdinha.org\/site\/wp-json\/wp\/v2\/posts"}],"about":[{"href":"https:\/\/lurdinha.org\/site\/wp-json\/wp\/v2\/types\/post"}],"author":[{"embeddable":true,"href":"https:\/\/lurdinha.org\/site\/wp-json\/wp\/v2\/users\/66"}],"replies":[{"embeddable":true,"href":"https:\/\/lurdinha.org\/site\/wp-json\/wp\/v2\/comments?post=8163"}],"version-history":[{"count":2,"href":"https:\/\/lurdinha.org\/site\/wp-json\/wp\/v2\/posts\/8163\/revisions"}],"predecessor-version":[{"id":8166,"href":"https:\/\/lurdinha.org\/site\/wp-json\/wp\/v2\/posts\/8163\/revisions\/8166"}],"wp:featuredmedia":[{"embeddable":true,"href":"https:\/\/lurdinha.org\/site\/wp-json\/wp\/v2\/media\/8165"}],"wp:attachment":[{"href":"https:\/\/lurdinha.org\/site\/wp-json\/wp\/v2\/media?parent=8163"}],"wp:term":[{"taxonomy":"category","embeddable":true,"href":"https:\/\/lurdinha.org\/site\/wp-json\/wp\/v2\/categories?post=8163"},{"taxonomy":"post_tag","embeddable":true,"href":"https:\/\/lurdinha.org\/site\/wp-json\/wp\/v2\/tags?post=8163"}],"curies":[{"name":"wp","href":"https:\/\/api.w.org\/{rel}","templated":true}]}}