{"id":7945,"date":"2019-05-02T19:39:10","date_gmt":"2019-05-02T19:39:10","guid":{"rendered":"http:\/\/lurdinha.org\/site\/?p=7945"},"modified":"2019-05-02T19:39:53","modified_gmt":"2019-05-02T19:39:53","slug":"um-pouco-sobre-a-baixada-em-papo-com-a-professora-marlucia-santos-souza","status":"publish","type":"post","link":"https:\/\/lurdinha.org\/site\/um-pouco-sobre-a-baixada-em-papo-com-a-professora-marlucia-santos-souza\/","title":{"rendered":"Um pouco sobre a Baixada em papo com a Professora Marlucia Santos Souza"},"content":{"rendered":"<p><iframe loading=\"lazy\" style=\"border: none; overflow: hidden;\" src=\"https:\/\/web.facebook.com\/plugins\/video.php?href=https%3A%2F%2Fweb.facebook.com%2Fmuseuvivodosaobento%2Fvideos%2F439828956585554%2F&amp;show_text=0&amp;width=264\" width=\"264\" height=\"476\" frameborder=\"0\" scrolling=\"no\" allowfullscreen=\"allowfullscreen\"><\/iframe><\/p>\n<p>No dia 30 de abril, o Dia da Baixada, a Professora <strong>Marlucia Santos Souza<\/strong>, numa conversa informal, contou um pouco sobre a origem da data, os limites territoriais e as escolhas pol\u00edticas e sociais na defini\u00e7\u00e3o do territ\u00f3rio.<\/p>\n<p>Entrevista: Filipo Tardim e Risonete Nogueira<br \/>\nProdu\u00e7\u00e3o: <a href=\"https:\/\/web.facebook.com\/museuvivodosaobento\/\" target=\"_blank\" rel=\"noopener noreferrer\">Museu Vivo do S\u00e3o Bento<\/a><\/p>\n<p>h<\/p>\n","protected":false},"excerpt":{"rendered":"<p>No dia 30 de abril, o Dia da Baixada, a Professora Marlucia Santos Souza, numa&#8230;<\/p>\n","protected":false},"author":51,"featured_media":0,"comment_status":"open","ping_status":"closed","sticky":false,"template":"","format":"standard","meta":{"footnotes":""},"categories":[14,9,4],"tags":[],"class_list":["post-7945","post","type-post","status-publish","format-standard","hentry","category-gente","category-historia","category-opiniao"],"yoast_head":"<!-- This site is optimized with the Yoast SEO plugin v27.5 - https:\/\/yoast.com\/product\/yoast-seo-wordpress\/ -->\n<title>Um pouco sobre a Baixada em papo com a Professora Marlucia Santos Souza - Lurdinha - Duque de Caxias para Est\u00f4magos Fortes<\/title>\n<meta name=\"robots\" content=\"index, follow, max-snippet:-1, max-image-preview:large, max-video-preview:-1\" \/>\n<link rel=\"canonical\" href=\"https:\/\/lurdinha.org\/site\/um-pouco-sobre-a-baixada-em-papo-com-a-professora-marlucia-santos-souza\/\" \/>\n<meta property=\"og:locale\" content=\"pt_BR\" \/>\n<meta property=\"og:type\" content=\"article\" \/>\n<meta property=\"og:title\" content=\"Um pouco sobre a Baixada em papo com a Professora Marlucia Santos Souza - Lurdinha - Duque de Caxias para Est\u00f4magos Fortes\" \/>\n<meta property=\"og:description\" content=\"No dia 30 de abril, o Dia da Baixada, a Professora Marlucia Santos Souza, numa...\" \/>\n<meta property=\"og:url\" content=\"https:\/\/lurdinha.org\/site\/um-pouco-sobre-a-baixada-em-papo-com-a-professora-marlucia-santos-souza\/\" \/>\n<meta property=\"og:site_name\" content=\"Lurdinha - Duque de Caxias para Est\u00f4magos Fortes\" \/>\n<meta property=\"article:publisher\" content=\"https:\/\/www.facebook.com\/LurdinhadeCaxias\" \/>\n<meta property=\"article:author\" content=\"https:\/\/www.facebook.com\/filipotardim\" \/>\n<meta property=\"article:published_time\" content=\"2019-05-02T19:39:10+00:00\" \/>\n<meta property=\"article:modified_time\" content=\"2019-05-02T19:39:53+00:00\" \/>\n<meta name=\"author\" content=\"Filipo Tardim\" \/>\n<meta name=\"twitter:card\" content=\"summary_large_image\" \/>\n<meta name=\"twitter:label1\" content=\"Escrito por\" \/>\n\t<meta name=\"twitter:data1\" content=\"Filipo Tardim\" \/>\n<script type=\"application\/ld+json\" class=\"yoast-schema-graph\">{\"@context\":\"https:\\\/\\\/schema.org\",\"@graph\":[{\"@type\":\"Article\",\"@id\":\"https:\\\/\\\/lurdinha.org\\\/site\\\/um-pouco-sobre-a-baixada-em-papo-com-a-professora-marlucia-santos-souza\\\/#article\",\"isPartOf\":{\"@id\":\"https:\\\/\\\/lurdinha.org\\\/site\\\/um-pouco-sobre-a-baixada-em-papo-com-a-professora-marlucia-santos-souza\\\/\"},\"author\":{\"name\":\"Filipo Tardim\",\"@id\":\"https:\\\/\\\/lurdinha.org\\\/site\\\/#\\\/schema\\\/person\\\/9e6cb9994a30b287e5ef677b616a6d4f\"},\"headline\":\"Um pouco sobre a Baixada em papo com a Professora Marlucia Santos Souza\",\"datePublished\":\"2019-05-02T19:39:10+00:00\",\"dateModified\":\"2019-05-02T19:39:53+00:00\",\"mainEntityOfPage\":{\"@id\":\"https:\\\/\\\/lurdinha.org\\\/site\\\/um-pouco-sobre-a-baixada-em-papo-com-a-professora-marlucia-santos-souza\\\/\"},\"wordCount\":68,\"commentCount\":0,\"publisher\":{\"@id\":\"https:\\\/\\\/lurdinha.org\\\/site\\\/#organization\"},\"articleSection\":[\"gente\",\"hist\u00f3ria\",\"uma opini\u00e3o\"],\"inLanguage\":\"pt-BR\",\"potentialAction\":[{\"@type\":\"CommentAction\",\"name\":\"Comment\",\"target\":[\"https:\\\/\\\/lurdinha.org\\\/site\\\/um-pouco-sobre-a-baixada-em-papo-com-a-professora-marlucia-santos-souza\\\/#respond\"]}]},{\"@type\":\"WebPage\",\"@id\":\"https:\\\/\\\/lurdinha.org\\\/site\\\/um-pouco-sobre-a-baixada-em-papo-com-a-professora-marlucia-santos-souza\\\/\",\"url\":\"https:\\\/\\\/lurdinha.org\\\/site\\\/um-pouco-sobre-a-baixada-em-papo-com-a-professora-marlucia-santos-souza\\\/\",\"name\":\"Um pouco sobre a Baixada em papo com a Professora Marlucia Santos Souza - Lurdinha - Duque de Caxias para Est\u00f4magos Fortes\",\"isPartOf\":{\"@id\":\"https:\\\/\\\/lurdinha.org\\\/site\\\/#website\"},\"datePublished\":\"2019-05-02T19:39:10+00:00\",\"dateModified\":\"2019-05-02T19:39:53+00:00\",\"breadcrumb\":{\"@id\":\"https:\\\/\\\/lurdinha.org\\\/site\\\/um-pouco-sobre-a-baixada-em-papo-com-a-professora-marlucia-santos-souza\\\/#breadcrumb\"},\"inLanguage\":\"pt-BR\",\"potentialAction\":[{\"@type\":\"ReadAction\",\"target\":[\"https:\\\/\\\/lurdinha.org\\\/site\\\/um-pouco-sobre-a-baixada-em-papo-com-a-professora-marlucia-santos-souza\\\/\"]}]},{\"@type\":\"BreadcrumbList\",\"@id\":\"https:\\\/\\\/lurdinha.org\\\/site\\\/um-pouco-sobre-a-baixada-em-papo-com-a-professora-marlucia-santos-souza\\\/#breadcrumb\",\"itemListElement\":[{\"@type\":\"ListItem\",\"position\":1,\"name\":\"In\u00edcio\",\"item\":\"https:\\\/\\\/lurdinha.org\\\/site\\\/\"},{\"@type\":\"ListItem\",\"position\":2,\"name\":\"Um pouco sobre a Baixada em papo com a Professora Marlucia Santos Souza\"}]},{\"@type\":\"WebSite\",\"@id\":\"https:\\\/\\\/lurdinha.org\\\/site\\\/#website\",\"url\":\"https:\\\/\\\/lurdinha.org\\\/site\\\/\",\"name\":\"Lurdinha - Duque de Caxias para Est\u00f4magos Fortes\",\"description\":\"Site sobre Arte, Cultura, Pol\u00edtica, Sociedade e curiosidades da cidade de Duque de Caxias, RJ\",\"publisher\":{\"@id\":\"https:\\\/\\\/lurdinha.org\\\/site\\\/#organization\"},\"alternateName\":\"Lurdinha\",\"potentialAction\":[{\"@type\":\"SearchAction\",\"target\":{\"@type\":\"EntryPoint\",\"urlTemplate\":\"https:\\\/\\\/lurdinha.org\\\/site\\\/?s={search_term_string}\"},\"query-input\":{\"@type\":\"PropertyValueSpecification\",\"valueRequired\":true,\"valueName\":\"search_term_string\"}}],\"inLanguage\":\"pt-BR\"},{\"@type\":\"Organization\",\"@id\":\"https:\\\/\\\/lurdinha.org\\\/site\\\/#organization\",\"name\":\"Lurdinha de Caxias\",\"url\":\"https:\\\/\\\/lurdinha.org\\\/site\\\/\",\"logo\":{\"@type\":\"ImageObject\",\"inLanguage\":\"pt-BR\",\"@id\":\"https:\\\/\\\/lurdinha.org\\\/site\\\/#\\\/schema\\\/logo\\\/image\\\/\",\"url\":\"https:\\\/\\\/lurdinha.org\\\/site\\\/wp-content\\\/uploads\\\/logo-lurdinha.jpg\",\"contentUrl\":\"https:\\\/\\\/lurdinha.org\\\/site\\\/wp-content\\\/uploads\\\/logo-lurdinha.jpg\",\"width\":640,\"height\":60,\"caption\":\"Lurdinha de Caxias\"},\"image\":{\"@id\":\"https:\\\/\\\/lurdinha.org\\\/site\\\/#\\\/schema\\\/logo\\\/image\\\/\"},\"sameAs\":[\"https:\\\/\\\/www.facebook.com\\\/LurdinhadeCaxias\",\"https:\\\/\\\/www.instagram.com\\\/lurdinhadecaxias\"]},{\"@type\":\"Person\",\"@id\":\"https:\\\/\\\/lurdinha.org\\\/site\\\/#\\\/schema\\\/person\\\/9e6cb9994a30b287e5ef677b616a6d4f\",\"name\":\"Filipo Tardim\",\"image\":{\"@type\":\"ImageObject\",\"inLanguage\":\"pt-BR\",\"@id\":\"https:\\\/\\\/secure.gravatar.com\\\/avatar\\\/c3ce620e643873cc01217fa86fc236dcdceb2f57285b3dccf2da5c96be93d336?s=96&d=mm&r=g\",\"url\":\"https:\\\/\\\/secure.gravatar.com\\\/avatar\\\/c3ce620e643873cc01217fa86fc236dcdceb2f57285b3dccf2da5c96be93d336?s=96&d=mm&r=g\",\"contentUrl\":\"https:\\\/\\\/secure.gravatar.com\\\/avatar\\\/c3ce620e643873cc01217fa86fc236dcdceb2f57285b3dccf2da5c96be93d336?s=96&d=mm&r=g\",\"caption\":\"Filipo Tardim\"},\"sameAs\":[\"https:\\\/\\\/www.facebook.com\\\/filipotardim\"],\"url\":\"https:\\\/\\\/lurdinha.org\\\/site\\\/author\\\/filipo\\\/\"}]}<\/script>\n<!-- \/ Yoast SEO plugin. -->","yoast_head_json":{"title":"Um pouco sobre a Baixada em papo com a Professora Marlucia Santos Souza - Lurdinha - Duque de Caxias para Est\u00f4magos Fortes","robots":{"index":"index","follow":"follow","max-snippet":"max-snippet:-1","max-image-preview":"max-image-preview:large","max-video-preview":"max-video-preview:-1"},"canonical":"https:\/\/lurdinha.org\/site\/um-pouco-sobre-a-baixada-em-papo-com-a-professora-marlucia-santos-souza\/","og_locale":"pt_BR","og_type":"article","og_title":"Um pouco sobre a Baixada em papo com a Professora Marlucia Santos Souza - Lurdinha - Duque de Caxias para Est\u00f4magos Fortes","og_description":"No dia 30 de abril, o Dia da Baixada, a Professora Marlucia Santos Souza, numa...","og_url":"https:\/\/lurdinha.org\/site\/um-pouco-sobre-a-baixada-em-papo-com-a-professora-marlucia-santos-souza\/","og_site_name":"Lurdinha - Duque de Caxias para Est\u00f4magos Fortes","article_publisher":"https:\/\/www.facebook.com\/LurdinhadeCaxias","article_author":"https:\/\/www.facebook.com\/filipotardim","article_published_time":"2019-05-02T19:39:10+00:00","article_modified_time":"2019-05-02T19:39:53+00:00","author":"Filipo Tardim","twitter_card":"summary_large_image","twitter_misc":{"Escrito por":"Filipo Tardim"},"schema":{"@context":"https:\/\/schema.org","@graph":[{"@type":"Article","@id":"https:\/\/lurdinha.org\/site\/um-pouco-sobre-a-baixada-em-papo-com-a-professora-marlucia-santos-souza\/#article","isPartOf":{"@id":"https:\/\/lurdinha.org\/site\/um-pouco-sobre-a-baixada-em-papo-com-a-professora-marlucia-santos-souza\/"},"author":{"name":"Filipo Tardim","@id":"https:\/\/lurdinha.org\/site\/#\/schema\/person\/9e6cb9994a30b287e5ef677b616a6d4f"},"headline":"Um pouco sobre a Baixada em papo com a Professora Marlucia Santos Souza","datePublished":"2019-05-02T19:39:10+00:00","dateModified":"2019-05-02T19:39:53+00:00","mainEntityOfPage":{"@id":"https:\/\/lurdinha.org\/site\/um-pouco-sobre-a-baixada-em-papo-com-a-professora-marlucia-santos-souza\/"},"wordCount":68,"commentCount":0,"publisher":{"@id":"https:\/\/lurdinha.org\/site\/#organization"},"articleSection":["gente","hist\u00f3ria","uma opini\u00e3o"],"inLanguage":"pt-BR","potentialAction":[{"@type":"CommentAction","name":"Comment","target":["https:\/\/lurdinha.org\/site\/um-pouco-sobre-a-baixada-em-papo-com-a-professora-marlucia-santos-souza\/#respond"]}]},{"@type":"WebPage","@id":"https:\/\/lurdinha.org\/site\/um-pouco-sobre-a-baixada-em-papo-com-a-professora-marlucia-santos-souza\/","url":"https:\/\/lurdinha.org\/site\/um-pouco-sobre-a-baixada-em-papo-com-a-professora-marlucia-santos-souza\/","name":"Um pouco sobre a Baixada em papo com a Professora Marlucia Santos Souza - Lurdinha - Duque de Caxias para Est\u00f4magos Fortes","isPartOf":{"@id":"https:\/\/lurdinha.org\/site\/#website"},"datePublished":"2019-05-02T19:39:10+00:00","dateModified":"2019-05-02T19:39:53+00:00","breadcrumb":{"@id":"https:\/\/lurdinha.org\/site\/um-pouco-sobre-a-baixada-em-papo-com-a-professora-marlucia-santos-souza\/#breadcrumb"},"inLanguage":"pt-BR","potentialAction":[{"@type":"ReadAction","target":["https:\/\/lurdinha.org\/site\/um-pouco-sobre-a-baixada-em-papo-com-a-professora-marlucia-santos-souza\/"]}]},{"@type":"BreadcrumbList","@id":"https:\/\/lurdinha.org\/site\/um-pouco-sobre-a-baixada-em-papo-com-a-professora-marlucia-santos-souza\/#breadcrumb","itemListElement":[{"@type":"ListItem","position":1,"name":"In\u00edcio","item":"https:\/\/lurdinha.org\/site\/"},{"@type":"ListItem","position":2,"name":"Um pouco sobre a Baixada em papo com a Professora Marlucia Santos Souza"}]},{"@type":"WebSite","@id":"https:\/\/lurdinha.org\/site\/#website","url":"https:\/\/lurdinha.org\/site\/","name":"Lurdinha - Duque de Caxias para Est\u00f4magos Fortes","description":"Site sobre Arte, Cultura, Pol\u00edtica, Sociedade e curiosidades da cidade de Duque de Caxias, RJ","publisher":{"@id":"https:\/\/lurdinha.org\/site\/#organization"},"alternateName":"Lurdinha","potentialAction":[{"@type":"SearchAction","target":{"@type":"EntryPoint","urlTemplate":"https:\/\/lurdinha.org\/site\/?s={search_term_string}"},"query-input":{"@type":"PropertyValueSpecification","valueRequired":true,"valueName":"search_term_string"}}],"inLanguage":"pt-BR"},{"@type":"Organization","@id":"https:\/\/lurdinha.org\/site\/#organization","name":"Lurdinha de Caxias","url":"https:\/\/lurdinha.org\/site\/","logo":{"@type":"ImageObject","inLanguage":"pt-BR","@id":"https:\/\/lurdinha.org\/site\/#\/schema\/logo\/image\/","url":"https:\/\/lurdinha.org\/site\/wp-content\/uploads\/logo-lurdinha.jpg","contentUrl":"https:\/\/lurdinha.org\/site\/wp-content\/uploads\/logo-lurdinha.jpg","width":640,"height":60,"caption":"Lurdinha de Caxias"},"image":{"@id":"https:\/\/lurdinha.org\/site\/#\/schema\/logo\/image\/"},"sameAs":["https:\/\/www.facebook.com\/LurdinhadeCaxias","https:\/\/www.instagram.com\/lurdinhadecaxias"]},{"@type":"Person","@id":"https:\/\/lurdinha.org\/site\/#\/schema\/person\/9e6cb9994a30b287e5ef677b616a6d4f","name":"Filipo Tardim","image":{"@type":"ImageObject","inLanguage":"pt-BR","@id":"https:\/\/secure.gravatar.com\/avatar\/c3ce620e643873cc01217fa86fc236dcdceb2f57285b3dccf2da5c96be93d336?s=96&d=mm&r=g","url":"https:\/\/secure.gravatar.com\/avatar\/c3ce620e643873cc01217fa86fc236dcdceb2f57285b3dccf2da5c96be93d336?s=96&d=mm&r=g","contentUrl":"https:\/\/secure.gravatar.com\/avatar\/c3ce620e643873cc01217fa86fc236dcdceb2f57285b3dccf2da5c96be93d336?s=96&d=mm&r=g","caption":"Filipo Tardim"},"sameAs":["https:\/\/www.facebook.com\/filipotardim"],"url":"https:\/\/lurdinha.org\/site\/author\/filipo\/"}]}},"views":2218,"_links":{"self":[{"href":"https:\/\/lurdinha.org\/site\/wp-json\/wp\/v2\/posts\/7945","targetHints":{"allow":["GET"]}}],"collection":[{"href":"https:\/\/lurdinha.org\/site\/wp-json\/wp\/v2\/posts"}],"about":[{"href":"https:\/\/lurdinha.org\/site\/wp-json\/wp\/v2\/types\/post"}],"author":[{"embeddable":true,"href":"https:\/\/lurdinha.org\/site\/wp-json\/wp\/v2\/users\/51"}],"replies":[{"embeddable":true,"href":"https:\/\/lurdinha.org\/site\/wp-json\/wp\/v2\/comments?post=7945"}],"version-history":[{"count":3,"href":"https:\/\/lurdinha.org\/site\/wp-json\/wp\/v2\/posts\/7945\/revisions"}],"predecessor-version":[{"id":7948,"href":"https:\/\/lurdinha.org\/site\/wp-json\/wp\/v2\/posts\/7945\/revisions\/7948"}],"wp:attachment":[{"href":"https:\/\/lurdinha.org\/site\/wp-json\/wp\/v2\/media?parent=7945"}],"wp:term":[{"taxonomy":"category","embeddable":true,"href":"https:\/\/lurdinha.org\/site\/wp-json\/wp\/v2\/categories?post=7945"},{"taxonomy":"post_tag","embeddable":true,"href":"https:\/\/lurdinha.org\/site\/wp-json\/wp\/v2\/tags?post=7945"}],"curies":[{"name":"wp","href":"https:\/\/api.w.org\/{rel}","templated":true}]}}