{"id":7892,"date":"2019-04-12T17:16:19","date_gmt":"2019-04-12T17:16:19","guid":{"rendered":"http:\/\/lurdinha.org\/site\/?p=7892"},"modified":"2019-04-12T17:34:52","modified_gmt":"2019-04-12T17:34:52","slug":"fique-ligado-no-varal-bxd-fotografico","status":"publish","type":"post","link":"https:\/\/lurdinha.org\/site\/fique-ligado-no-varal-bxd-fotografico\/","title":{"rendered":"Fique ligado no Varal BXD Fotogr\u00e1fico ;)"},"content":{"rendered":"<p>N\u00f3s do <strong>Varal BXD Fotogr\u00e1fico<\/strong>, ficamos muito felizes com o resultado da nossa convocat\u00f3ria e temos certeza que a exposi\u00e7\u00e3o ser\u00e1 um sucesso durante o Dia Mundial da Criatividade.<\/p>\n<p><img loading=\"lazy\" decoding=\"async\" class=\"alignnone size-full wp-image-7898\" src=\"http:\/\/lurdinha.org\/site\/wp-content\/uploads\/varal-bxd-fotografico.jpg\" alt=\"Varal BXD Fotogr\u00e1fico\" width=\"600\" height=\"315\" srcset=\"https:\/\/lurdinha.org\/site\/wp-content\/uploads\/varal-bxd-fotografico.jpg 600w, https:\/\/lurdinha.org\/site\/wp-content\/uploads\/varal-bxd-fotografico-300x158.jpg 300w\" sizes=\"auto, (max-width: 600px) 100vw, 600px\" \/><\/p>\n<p><strong>O que \u00e9 Varal BXD Fotogr\u00e1fico?<\/strong><\/p>\n<p>O Varal BXD Fotogr\u00e1fico \u00e9 uma exposi\u00e7\u00e3o de fotografias que busca trazer fot\u00f3grafos da baixada fluminense e seus diversos olhares, dispondo seus trabalhos atrav\u00e9s de varal nos diversos espa\u00e7os.<\/p>\n<p>Com o projeto queremos valorizar os artistas da baixada, sendo uma forma de divulga\u00e7\u00e3o do seu trabalho e assim contribuir para a economia criativa de nossa regi\u00e3o, ocupar os diversos espa\u00e7os com arte e ser uma op\u00e7\u00e3o para a popula\u00e7\u00e3o local de acesso a arte e cultura.<\/p>\n<p>Estamos nas redes:<br \/>\n<a href=\"https:\/\/www.instagram.com\/varalbxd\/?fbclid=IwAR1dlqTZS7EBl9M0oh-qY95OqDLIYaOvoMugXM6Qd9ZjgSkrblyCzhbTFP8\" target=\"_blank\" rel=\"nofollow noopener noreferrer\" data-lynx-mode=\"hover\" data-lynx-uri=\"https:\/\/l.facebook.com\/l.php?u=https%3A%2F%2Fwww.instagram.com%2Fvaralbxd%2F%3Ffbclid%3DIwAR1dlqTZS7EBl9M0oh-qY95OqDLIYaOvoMugXM6Qd9ZjgSkrblyCzhbTFP8&amp;h=AT0MKaFkiYqlGVGP1elulVLf75IT-WneOtSu7CfK8OvKpg1yXOTtk6IumY2mpIYsbpnt1gEclCV6pVWlGe3k-6aqgQvcT249R49ohyIOLVyVCX8NM3oSbyP6dmZE\">https:\/\/www.instagram.com\/varalbxd\/<\/a><\/p>\n<p>Tem uma p\u00e1gina do evento tamb\u00e9m: <a href=\"https:\/\/facebook.com\/events\/2181084992204981\/\" target=\"_blank\" rel=\"noopener noreferrer\">https:\/\/facebook.com\/events\/2181084992204981\/<\/a><\/p>\n<p><strong>Fot\u00f3grafxs selecionados:<\/strong><\/p>\n<p>Isabella Tavares &#8211; <a href=\"https:\/\/www.instagram.com\/isabella.tavares.sena\/?fbclid=IwAR1dlqTZS7EBl9M0oh-qY95OqDLIYaOvoMugXM6Qd9ZjgSkrblyCzhbTFP8\" target=\"_blank\" rel=\"nofollow noopener noreferrer\" data-lynx-mode=\"hover\" data-lynx-uri=\"https:\/\/l.facebook.com\/l.php?u=https%3A%2F%2Fwww.instagram.com%2Fisabella.tavares.sena%2F%3Ffbclid%3DIwAR1dlqTZS7EBl9M0oh-qY95OqDLIYaOvoMugXM6Qd9ZjgSkrblyCzhbTFP8&amp;h=AT14mTm1FnwKiyy2CAHqGdQcQMawC5qGtH62G1AEI9S2fO0ahvizusTSkOS1SzsYTudTEHFijRZz-15KDu-1doOd_ovZ01QX8OG3FymESr5ShlDTKQOxngF14zGU\">https:\/\/www.instagram.com\/isabella.tavares.sena\/<\/a><br \/>\nIgor Freitas &#8211; <a href=\"https:\/\/www.instagram.com\/igorfreitaslima\/?fbclid=IwAR1BChMd67XZ7r4y4UpjXDUhqP_GoLdlF__H6j14BgpqfJe_PuKNfs9Ar4Y\" target=\"_blank\" rel=\"nofollow noopener noreferrer\" data-lynx-mode=\"hover\" data-lynx-uri=\"https:\/\/l.facebook.com\/l.php?u=https%3A%2F%2Fwww.instagram.com%2Figorfreitaslima%2F%3Ffbclid%3DIwAR1BChMd67XZ7r4y4UpjXDUhqP_GoLdlF__H6j14BgpqfJe_PuKNfs9Ar4Y&amp;h=AT375ZAwH_n5e4qmi5HDUZsli2SxsSSZlgZJdjRfA_CwuGeAcjCvLm3E6zq2pqLS8ag_neWwLwzenRlXvP-AN78OQbTieqGX6rKTWvzj64LXYsVYcQUeUtTc_Ao1\">https:\/\/www.instagram.com\/igorfreitaslima\/<\/a><br \/>\nJota Santos &#8211; <a href=\"https:\/\/www.instagram.com\/eujotasantos\/?fbclid=IwAR1UNig6c7hTnn-phSkgW6jy4METOwTh47YcmEqm2ZCss-eLOO0xa-0NenE\" target=\"_blank\" rel=\"nofollow noopener noreferrer\" data-lynx-mode=\"hover\" data-lynx-uri=\"https:\/\/l.facebook.com\/l.php?u=https%3A%2F%2Fwww.instagram.com%2Feujotasantos%2F%3Ffbclid%3DIwAR1UNig6c7hTnn-phSkgW6jy4METOwTh47YcmEqm2ZCss-eLOO0xa-0NenE&amp;h=AT3PdJI5GDSbGfgUG7ZXewlqBGW1w9RI6hoV867xviAMfZnucQuXSG_3uANGIHY2leuNUDzSWbEzdOnBEcpxgQYAa4nnuWGZbX4TFoi6wjQknPaXTSmO6nT1uKYG\">https:\/\/www.instagram.com\/eujotasantos\/<\/a><br \/>\nLarissa Eval &#8211; <a href=\"https:\/\/www.instagram.com\/lariseval\/?fbclid=IwAR1jwltFp9dvQhdV6jxL-slRA-DKTcohQ-22XvdWM39lqA7DPVw4PfmjEQA\" target=\"_blank\" rel=\"nofollow noopener noreferrer\" data-lynx-mode=\"hover\" data-lynx-uri=\"https:\/\/l.facebook.com\/l.php?u=https%3A%2F%2Fwww.instagram.com%2Flariseval%2F%3Ffbclid%3DIwAR1jwltFp9dvQhdV6jxL-slRA-DKTcohQ-22XvdWM39lqA7DPVw4PfmjEQA&amp;h=AT0sY3OhQo5HTWXAK1MyhVXX8K67KfffpKwY7EXWT5yWnH9G_89fxsbpeMwTKPhYpN9-L1yDrDKB9l2qQbGm6Kv-OH82MbZeyPuMzpzk0zl6EN5l6Jm-Kfl23euG\">https:\/\/www.instagram.com\/lariseval\/<\/a><br \/>\nVictor Vieira &#8211; <a href=\"https:\/\/www.instagram.com\/victorvieiraph\/?fbclid=IwAR1BChMd67XZ7r4y4UpjXDUhqP_GoLdlF__H6j14BgpqfJe_PuKNfs9Ar4Y\" target=\"_blank\" rel=\"nofollow noopener noreferrer\" data-lynx-mode=\"hover\" data-lynx-uri=\"https:\/\/l.facebook.com\/l.php?u=https%3A%2F%2Fwww.instagram.com%2Fvictorvieiraph%2F%3Ffbclid%3DIwAR1BChMd67XZ7r4y4UpjXDUhqP_GoLdlF__H6j14BgpqfJe_PuKNfs9Ar4Y&amp;h=AT2IDCCw2sc5IPH3RcRhfn9-SCu-GECN0uN5f9Qt4a777CtMfx-kvI2YTCp892aVFpDoaZReb2_bsEZRO-U8HpFh9HfnBqBID9uCRyytlJTSvvfNxMvVPmWtuZj-\">https:\/\/www.instagram.com\/victorvieiraph\/<\/a><br \/>\nLuan Gesteira &#8211; <a href=\"https:\/\/web.facebook.com\/luangesteira\" target=\"_blank\" rel=\"noopener noreferrer\">https:\/\/www.facebook.com\/luangesteira<\/a><br \/>\nOsmar Paulino &#8211; <a href=\"https:\/\/www.instagram.com\/imbarie_in_photos\/?fbclid=IwAR3zYHBCtYTlayrFOQZMMrVuktG4gFYqUggJfF_xL8PT6ovSs5qF50e7I_k\" target=\"_blank\" rel=\"nofollow noopener noreferrer\" data-lynx-mode=\"hover\" data-lynx-uri=\"https:\/\/l.facebook.com\/l.php?u=https%3A%2F%2Fwww.instagram.com%2Fimbarie_in_photos%2F%3Ffbclid%3DIwAR3zYHBCtYTlayrFOQZMMrVuktG4gFYqUggJfF_xL8PT6ovSs5qF50e7I_k&amp;h=AT2GNcCDQBSlxqUdydXzoBlPR7_sTfTFoZ04EaB6Fb4eyJ_MU4-bVp0flx_kl5_k9K2Q417P48QO_2B90le7fZLj6PT2DQwxLLxhnjJDDfXzS0aCC7zoqOTiR4Jp\">https:\/\/www.instagram.com\/imbarie_in_photos\/<\/a><\/p>\n<p>O que \u00e9 o Dia Mundial da Criatividade?<\/p>\n<p>Em 2017, a ONU &#8211; Organiza\u00e7\u00e3o das Na\u00e7\u00f5es Unidas, reconheceu o dia 21 de abril como data oficial para celebrar a criatividade em todo o mundo. Em 2018, Lucas Foster ativou, atrav\u00e9s da ProjectHub e LabCriativo, 13 cidades brasileiras para celebrarem a criatividade atrav\u00e9s de diversas atividades acontecendo ao mesmo tempo, em todo o territ\u00f3rio nacional.<br \/>\n<a href=\"https:\/\/www.worldcreativityday.com\/brazil\/duque-de-caxias\/atividades?fbclid=IwAR13c59rY_sKT0QnXstG-TpypbLjseKzgsGTTj5Wh9vI0aLaHxyJumNXgPk\" target=\"_blank\" rel=\"nofollow noopener noreferrer\" data-lynx-mode=\"hover\" data-lynx-uri=\"https:\/\/l.facebook.com\/l.php?u=https%3A%2F%2Fwww.worldcreativityday.com%2Fbrazil%2Fduque-de-caxias%2Fatividades%3Ffbclid%3DIwAR13c59rY_sKT0QnXstG-TpypbLjseKzgsGTTj5Wh9vI0aLaHxyJumNXgPk&amp;h=AT0RiR3Q20fpLYN1RR6z3QXQda3H3ZRf_03vt9V5RR4qcW_dNKqDLZ-_pGRbVJ0HyilHq8lb338fS4iz_kwIoZG5pL2SG0FKzip8cOgV6LCqLZVQos0peR6q4Bu-\">https:\/\/www.worldcreativityday.com\/brazil\/duque-de-caxias\/atividades<\/a><\/p>\n<p><a href=\"https:\/\/web.facebook.com\/hashtag\/varalbxd\" target=\"_blank\" rel=\"noopener noreferrer\">#Varalbxd<\/a> <a href=\"https:\/\/web.facebook.com\/hashtag\/culturanostrilhos\" target=\"_blank\" rel=\"noopener noreferrer\">#culturanostrilhos<\/a><\/p>\n","protected":false},"excerpt":{"rendered":"<p>N\u00f3s do Varal BXD Fotogr\u00e1fico, ficamos muito felizes com o resultado da nossa convocat\u00f3ria e&#8230;<\/p>\n","protected":false},"author":63,"featured_media":7898,"comment_status":"open","ping_status":"closed","sticky":false,"template":"","format":"standard","meta":{"footnotes":""},"categories":[3,8,5],"tags":[12,1049,1048],"class_list":["post-7892","post","type-post","status-publish","format-standard","has-post-thumbnail","hentry","category-clique","category-evento","category-umaboa","tag-baixada-fluminense","tag-fotografia-baixada","tag-varal-bxd-fotografico"],"yoast_head":"<!-- This site is optimized with the Yoast SEO plugin v27.5 - https:\/\/yoast.com\/product\/yoast-seo-wordpress\/ -->\n<title>Fique ligado no Varal BXD Fotogr\u00e1fico ;) - Lurdinha - Duque de Caxias para Est\u00f4magos Fortes<\/title>\n<meta name=\"robots\" content=\"index, follow, max-snippet:-1, max-image-preview:large, max-video-preview:-1\" \/>\n<link rel=\"canonical\" href=\"https:\/\/lurdinha.org\/site\/fique-ligado-no-varal-bxd-fotografico\/\" \/>\n<meta property=\"og:locale\" content=\"pt_BR\" \/>\n<meta property=\"og:type\" content=\"article\" \/>\n<meta property=\"og:title\" content=\"Fique ligado no Varal BXD Fotogr\u00e1fico ;) - Lurdinha - Duque de Caxias para Est\u00f4magos Fortes\" \/>\n<meta property=\"og:description\" content=\"N\u00f3s do Varal BXD Fotogr\u00e1fico, ficamos muito felizes com o resultado da nossa convocat\u00f3ria e...\" \/>\n<meta property=\"og:url\" content=\"https:\/\/lurdinha.org\/site\/fique-ligado-no-varal-bxd-fotografico\/\" \/>\n<meta property=\"og:site_name\" content=\"Lurdinha - Duque de Caxias para Est\u00f4magos Fortes\" \/>\n<meta property=\"article:publisher\" content=\"https:\/\/www.facebook.com\/LurdinhadeCaxias\" \/>\n<meta property=\"article:published_time\" content=\"2019-04-12T17:16:19+00:00\" \/>\n<meta property=\"article:modified_time\" content=\"2019-04-12T17:34:52+00:00\" \/>\n<meta property=\"og:image\" content=\"https:\/\/lurdinha.org\/site\/wp-content\/uploads\/varal-bxd-fotografico.jpg\" \/>\n\t<meta property=\"og:image:width\" content=\"600\" \/>\n\t<meta property=\"og:image:height\" content=\"315\" \/>\n\t<meta property=\"og:image:type\" content=\"image\/jpeg\" \/>\n<meta name=\"author\" content=\"Marcos Maciel\" \/>\n<meta name=\"twitter:card\" content=\"summary_large_image\" \/>\n<meta name=\"twitter:label1\" content=\"Escrito por\" \/>\n\t<meta name=\"twitter:data1\" content=\"Marcos Maciel\" \/>\n\t<meta name=\"twitter:label2\" content=\"Est. tempo de leitura\" \/>\n\t<meta name=\"twitter:data2\" content=\"1 minuto\" \/>\n<script type=\"application\/ld+json\" class=\"yoast-schema-graph\">{\"@context\":\"https:\\\/\\\/schema.org\",\"@graph\":[{\"@type\":\"Article\",\"@id\":\"https:\\\/\\\/lurdinha.org\\\/site\\\/fique-ligado-no-varal-bxd-fotografico\\\/#article\",\"isPartOf\":{\"@id\":\"https:\\\/\\\/lurdinha.org\\\/site\\\/fique-ligado-no-varal-bxd-fotografico\\\/\"},\"author\":{\"name\":\"Marcos Maciel\",\"@id\":\"https:\\\/\\\/lurdinha.org\\\/site\\\/#\\\/schema\\\/person\\\/10cedd39fe29318084e62744dbba8458\"},\"headline\":\"Fique ligado no Varal BXD Fotogr\u00e1fico ;)\",\"datePublished\":\"2019-04-12T17:16:19+00:00\",\"dateModified\":\"2019-04-12T17:34:52+00:00\",\"mainEntityOfPage\":{\"@id\":\"https:\\\/\\\/lurdinha.org\\\/site\\\/fique-ligado-no-varal-bxd-fotografico\\\/\"},\"wordCount\":287,\"commentCount\":0,\"publisher\":{\"@id\":\"https:\\\/\\\/lurdinha.org\\\/site\\\/#organization\"},\"image\":{\"@id\":\"https:\\\/\\\/lurdinha.org\\\/site\\\/fique-ligado-no-varal-bxd-fotografico\\\/#primaryimage\"},\"thumbnailUrl\":\"https:\\\/\\\/lurdinha.org\\\/site\\\/wp-content\\\/uploads\\\/varal-bxd-fotografico.jpg\",\"keywords\":[\"baixada-fluminense\",\"fotografia baixada\",\"varal bxd fotografico\"],\"articleSection\":[\"clique\",\"evento\",\"uma boa\"],\"inLanguage\":\"pt-BR\",\"potentialAction\":[{\"@type\":\"CommentAction\",\"name\":\"Comment\",\"target\":[\"https:\\\/\\\/lurdinha.org\\\/site\\\/fique-ligado-no-varal-bxd-fotografico\\\/#respond\"]}]},{\"@type\":\"WebPage\",\"@id\":\"https:\\\/\\\/lurdinha.org\\\/site\\\/fique-ligado-no-varal-bxd-fotografico\\\/\",\"url\":\"https:\\\/\\\/lurdinha.org\\\/site\\\/fique-ligado-no-varal-bxd-fotografico\\\/\",\"name\":\"Fique ligado no Varal BXD Fotogr\u00e1fico ;) - Lurdinha - Duque de Caxias para Est\u00f4magos Fortes\",\"isPartOf\":{\"@id\":\"https:\\\/\\\/lurdinha.org\\\/site\\\/#website\"},\"primaryImageOfPage\":{\"@id\":\"https:\\\/\\\/lurdinha.org\\\/site\\\/fique-ligado-no-varal-bxd-fotografico\\\/#primaryimage\"},\"image\":{\"@id\":\"https:\\\/\\\/lurdinha.org\\\/site\\\/fique-ligado-no-varal-bxd-fotografico\\\/#primaryimage\"},\"thumbnailUrl\":\"https:\\\/\\\/lurdinha.org\\\/site\\\/wp-content\\\/uploads\\\/varal-bxd-fotografico.jpg\",\"datePublished\":\"2019-04-12T17:16:19+00:00\",\"dateModified\":\"2019-04-12T17:34:52+00:00\",\"breadcrumb\":{\"@id\":\"https:\\\/\\\/lurdinha.org\\\/site\\\/fique-ligado-no-varal-bxd-fotografico\\\/#breadcrumb\"},\"inLanguage\":\"pt-BR\",\"potentialAction\":[{\"@type\":\"ReadAction\",\"target\":[\"https:\\\/\\\/lurdinha.org\\\/site\\\/fique-ligado-no-varal-bxd-fotografico\\\/\"]}]},{\"@type\":\"ImageObject\",\"inLanguage\":\"pt-BR\",\"@id\":\"https:\\\/\\\/lurdinha.org\\\/site\\\/fique-ligado-no-varal-bxd-fotografico\\\/#primaryimage\",\"url\":\"https:\\\/\\\/lurdinha.org\\\/site\\\/wp-content\\\/uploads\\\/varal-bxd-fotografico.jpg\",\"contentUrl\":\"https:\\\/\\\/lurdinha.org\\\/site\\\/wp-content\\\/uploads\\\/varal-bxd-fotografico.jpg\",\"width\":600,\"height\":315,\"caption\":\"Varal BXD Fotogr\u00e1fico\"},{\"@type\":\"BreadcrumbList\",\"@id\":\"https:\\\/\\\/lurdinha.org\\\/site\\\/fique-ligado-no-varal-bxd-fotografico\\\/#breadcrumb\",\"itemListElement\":[{\"@type\":\"ListItem\",\"position\":1,\"name\":\"In\u00edcio\",\"item\":\"https:\\\/\\\/lurdinha.org\\\/site\\\/\"},{\"@type\":\"ListItem\",\"position\":2,\"name\":\"Fique ligado no Varal BXD Fotogr\u00e1fico ;)\"}]},{\"@type\":\"WebSite\",\"@id\":\"https:\\\/\\\/lurdinha.org\\\/site\\\/#website\",\"url\":\"https:\\\/\\\/lurdinha.org\\\/site\\\/\",\"name\":\"Lurdinha - Duque de Caxias para Est\u00f4magos Fortes\",\"description\":\"Site sobre Arte, Cultura, Pol\u00edtica, Sociedade e curiosidades da cidade de Duque de Caxias, RJ\",\"publisher\":{\"@id\":\"https:\\\/\\\/lurdinha.org\\\/site\\\/#organization\"},\"alternateName\":\"Lurdinha\",\"potentialAction\":[{\"@type\":\"SearchAction\",\"target\":{\"@type\":\"EntryPoint\",\"urlTemplate\":\"https:\\\/\\\/lurdinha.org\\\/site\\\/?s={search_term_string}\"},\"query-input\":{\"@type\":\"PropertyValueSpecification\",\"valueRequired\":true,\"valueName\":\"search_term_string\"}}],\"inLanguage\":\"pt-BR\"},{\"@type\":\"Organization\",\"@id\":\"https:\\\/\\\/lurdinha.org\\\/site\\\/#organization\",\"name\":\"Lurdinha de Caxias\",\"url\":\"https:\\\/\\\/lurdinha.org\\\/site\\\/\",\"logo\":{\"@type\":\"ImageObject\",\"inLanguage\":\"pt-BR\",\"@id\":\"https:\\\/\\\/lurdinha.org\\\/site\\\/#\\\/schema\\\/logo\\\/image\\\/\",\"url\":\"https:\\\/\\\/lurdinha.org\\\/site\\\/wp-content\\\/uploads\\\/logo-lurdinha.jpg\",\"contentUrl\":\"https:\\\/\\\/lurdinha.org\\\/site\\\/wp-content\\\/uploads\\\/logo-lurdinha.jpg\",\"width\":640,\"height\":60,\"caption\":\"Lurdinha de Caxias\"},\"image\":{\"@id\":\"https:\\\/\\\/lurdinha.org\\\/site\\\/#\\\/schema\\\/logo\\\/image\\\/\"},\"sameAs\":[\"https:\\\/\\\/www.facebook.com\\\/LurdinhadeCaxias\",\"https:\\\/\\\/www.instagram.com\\\/lurdinhadecaxias\"]},{\"@type\":\"Person\",\"@id\":\"https:\\\/\\\/lurdinha.org\\\/site\\\/#\\\/schema\\\/person\\\/10cedd39fe29318084e62744dbba8458\",\"name\":\"Marcos Maciel\",\"image\":{\"@type\":\"ImageObject\",\"inLanguage\":\"pt-BR\",\"@id\":\"https:\\\/\\\/secure.gravatar.com\\\/avatar\\\/1db77ebf40368c563009da0832fc7d5799bb6ac4d436bb26b515768c55058585?s=96&d=mm&r=g\",\"url\":\"https:\\\/\\\/secure.gravatar.com\\\/avatar\\\/1db77ebf40368c563009da0832fc7d5799bb6ac4d436bb26b515768c55058585?s=96&d=mm&r=g\",\"contentUrl\":\"https:\\\/\\\/secure.gravatar.com\\\/avatar\\\/1db77ebf40368c563009da0832fc7d5799bb6ac4d436bb26b515768c55058585?s=96&d=mm&r=g\",\"caption\":\"Marcos Maciel\"},\"url\":\"https:\\\/\\\/lurdinha.org\\\/site\\\/author\\\/marcosmaciel\\\/\"}]}<\/script>\n<!-- \/ Yoast SEO plugin. -->","yoast_head_json":{"title":"Fique ligado no Varal BXD Fotogr\u00e1fico ;) - Lurdinha - Duque de Caxias para Est\u00f4magos Fortes","robots":{"index":"index","follow":"follow","max-snippet":"max-snippet:-1","max-image-preview":"max-image-preview:large","max-video-preview":"max-video-preview:-1"},"canonical":"https:\/\/lurdinha.org\/site\/fique-ligado-no-varal-bxd-fotografico\/","og_locale":"pt_BR","og_type":"article","og_title":"Fique ligado no Varal BXD Fotogr\u00e1fico ;) - Lurdinha - Duque de Caxias para Est\u00f4magos Fortes","og_description":"N\u00f3s do Varal BXD Fotogr\u00e1fico, ficamos muito felizes com o resultado da nossa convocat\u00f3ria e...","og_url":"https:\/\/lurdinha.org\/site\/fique-ligado-no-varal-bxd-fotografico\/","og_site_name":"Lurdinha - Duque de Caxias para Est\u00f4magos Fortes","article_publisher":"https:\/\/www.facebook.com\/LurdinhadeCaxias","article_published_time":"2019-04-12T17:16:19+00:00","article_modified_time":"2019-04-12T17:34:52+00:00","og_image":[{"width":600,"height":315,"url":"https:\/\/lurdinha.org\/site\/wp-content\/uploads\/varal-bxd-fotografico.jpg","type":"image\/jpeg"}],"author":"Marcos Maciel","twitter_card":"summary_large_image","twitter_misc":{"Escrito por":"Marcos Maciel","Est. tempo de leitura":"1 minuto"},"schema":{"@context":"https:\/\/schema.org","@graph":[{"@type":"Article","@id":"https:\/\/lurdinha.org\/site\/fique-ligado-no-varal-bxd-fotografico\/#article","isPartOf":{"@id":"https:\/\/lurdinha.org\/site\/fique-ligado-no-varal-bxd-fotografico\/"},"author":{"name":"Marcos Maciel","@id":"https:\/\/lurdinha.org\/site\/#\/schema\/person\/10cedd39fe29318084e62744dbba8458"},"headline":"Fique ligado no Varal BXD Fotogr\u00e1fico ;)","datePublished":"2019-04-12T17:16:19+00:00","dateModified":"2019-04-12T17:34:52+00:00","mainEntityOfPage":{"@id":"https:\/\/lurdinha.org\/site\/fique-ligado-no-varal-bxd-fotografico\/"},"wordCount":287,"commentCount":0,"publisher":{"@id":"https:\/\/lurdinha.org\/site\/#organization"},"image":{"@id":"https:\/\/lurdinha.org\/site\/fique-ligado-no-varal-bxd-fotografico\/#primaryimage"},"thumbnailUrl":"https:\/\/lurdinha.org\/site\/wp-content\/uploads\/varal-bxd-fotografico.jpg","keywords":["baixada-fluminense","fotografia baixada","varal bxd fotografico"],"articleSection":["clique","evento","uma boa"],"inLanguage":"pt-BR","potentialAction":[{"@type":"CommentAction","name":"Comment","target":["https:\/\/lurdinha.org\/site\/fique-ligado-no-varal-bxd-fotografico\/#respond"]}]},{"@type":"WebPage","@id":"https:\/\/lurdinha.org\/site\/fique-ligado-no-varal-bxd-fotografico\/","url":"https:\/\/lurdinha.org\/site\/fique-ligado-no-varal-bxd-fotografico\/","name":"Fique ligado no Varal BXD Fotogr\u00e1fico ;) - Lurdinha - Duque de Caxias para Est\u00f4magos Fortes","isPartOf":{"@id":"https:\/\/lurdinha.org\/site\/#website"},"primaryImageOfPage":{"@id":"https:\/\/lurdinha.org\/site\/fique-ligado-no-varal-bxd-fotografico\/#primaryimage"},"image":{"@id":"https:\/\/lurdinha.org\/site\/fique-ligado-no-varal-bxd-fotografico\/#primaryimage"},"thumbnailUrl":"https:\/\/lurdinha.org\/site\/wp-content\/uploads\/varal-bxd-fotografico.jpg","datePublished":"2019-04-12T17:16:19+00:00","dateModified":"2019-04-12T17:34:52+00:00","breadcrumb":{"@id":"https:\/\/lurdinha.org\/site\/fique-ligado-no-varal-bxd-fotografico\/#breadcrumb"},"inLanguage":"pt-BR","potentialAction":[{"@type":"ReadAction","target":["https:\/\/lurdinha.org\/site\/fique-ligado-no-varal-bxd-fotografico\/"]}]},{"@type":"ImageObject","inLanguage":"pt-BR","@id":"https:\/\/lurdinha.org\/site\/fique-ligado-no-varal-bxd-fotografico\/#primaryimage","url":"https:\/\/lurdinha.org\/site\/wp-content\/uploads\/varal-bxd-fotografico.jpg","contentUrl":"https:\/\/lurdinha.org\/site\/wp-content\/uploads\/varal-bxd-fotografico.jpg","width":600,"height":315,"caption":"Varal BXD Fotogr\u00e1fico"},{"@type":"BreadcrumbList","@id":"https:\/\/lurdinha.org\/site\/fique-ligado-no-varal-bxd-fotografico\/#breadcrumb","itemListElement":[{"@type":"ListItem","position":1,"name":"In\u00edcio","item":"https:\/\/lurdinha.org\/site\/"},{"@type":"ListItem","position":2,"name":"Fique ligado no Varal BXD Fotogr\u00e1fico ;)"}]},{"@type":"WebSite","@id":"https:\/\/lurdinha.org\/site\/#website","url":"https:\/\/lurdinha.org\/site\/","name":"Lurdinha - Duque de Caxias para Est\u00f4magos Fortes","description":"Site sobre Arte, Cultura, Pol\u00edtica, Sociedade e curiosidades da cidade de Duque de Caxias, RJ","publisher":{"@id":"https:\/\/lurdinha.org\/site\/#organization"},"alternateName":"Lurdinha","potentialAction":[{"@type":"SearchAction","target":{"@type":"EntryPoint","urlTemplate":"https:\/\/lurdinha.org\/site\/?s={search_term_string}"},"query-input":{"@type":"PropertyValueSpecification","valueRequired":true,"valueName":"search_term_string"}}],"inLanguage":"pt-BR"},{"@type":"Organization","@id":"https:\/\/lurdinha.org\/site\/#organization","name":"Lurdinha de Caxias","url":"https:\/\/lurdinha.org\/site\/","logo":{"@type":"ImageObject","inLanguage":"pt-BR","@id":"https:\/\/lurdinha.org\/site\/#\/schema\/logo\/image\/","url":"https:\/\/lurdinha.org\/site\/wp-content\/uploads\/logo-lurdinha.jpg","contentUrl":"https:\/\/lurdinha.org\/site\/wp-content\/uploads\/logo-lurdinha.jpg","width":640,"height":60,"caption":"Lurdinha de Caxias"},"image":{"@id":"https:\/\/lurdinha.org\/site\/#\/schema\/logo\/image\/"},"sameAs":["https:\/\/www.facebook.com\/LurdinhadeCaxias","https:\/\/www.instagram.com\/lurdinhadecaxias"]},{"@type":"Person","@id":"https:\/\/lurdinha.org\/site\/#\/schema\/person\/10cedd39fe29318084e62744dbba8458","name":"Marcos Maciel","image":{"@type":"ImageObject","inLanguage":"pt-BR","@id":"https:\/\/secure.gravatar.com\/avatar\/1db77ebf40368c563009da0832fc7d5799bb6ac4d436bb26b515768c55058585?s=96&d=mm&r=g","url":"https:\/\/secure.gravatar.com\/avatar\/1db77ebf40368c563009da0832fc7d5799bb6ac4d436bb26b515768c55058585?s=96&d=mm&r=g","contentUrl":"https:\/\/secure.gravatar.com\/avatar\/1db77ebf40368c563009da0832fc7d5799bb6ac4d436bb26b515768c55058585?s=96&d=mm&r=g","caption":"Marcos Maciel"},"url":"https:\/\/lurdinha.org\/site\/author\/marcosmaciel\/"}]}},"views":2645,"_links":{"self":[{"href":"https:\/\/lurdinha.org\/site\/wp-json\/wp\/v2\/posts\/7892","targetHints":{"allow":["GET"]}}],"collection":[{"href":"https:\/\/lurdinha.org\/site\/wp-json\/wp\/v2\/posts"}],"about":[{"href":"https:\/\/lurdinha.org\/site\/wp-json\/wp\/v2\/types\/post"}],"author":[{"embeddable":true,"href":"https:\/\/lurdinha.org\/site\/wp-json\/wp\/v2\/users\/63"}],"replies":[{"embeddable":true,"href":"https:\/\/lurdinha.org\/site\/wp-json\/wp\/v2\/comments?post=7892"}],"version-history":[{"count":3,"href":"https:\/\/lurdinha.org\/site\/wp-json\/wp\/v2\/posts\/7892\/revisions"}],"predecessor-version":[{"id":7900,"href":"https:\/\/lurdinha.org\/site\/wp-json\/wp\/v2\/posts\/7892\/revisions\/7900"}],"wp:featuredmedia":[{"embeddable":true,"href":"https:\/\/lurdinha.org\/site\/wp-json\/wp\/v2\/media\/7898"}],"wp:attachment":[{"href":"https:\/\/lurdinha.org\/site\/wp-json\/wp\/v2\/media?parent=7892"}],"wp:term":[{"taxonomy":"category","embeddable":true,"href":"https:\/\/lurdinha.org\/site\/wp-json\/wp\/v2\/categories?post=7892"},{"taxonomy":"post_tag","embeddable":true,"href":"https:\/\/lurdinha.org\/site\/wp-json\/wp\/v2\/tags?post=7892"}],"curies":[{"name":"wp","href":"https:\/\/api.w.org\/{rel}","templated":true}]}}