{"id":7848,"date":"2019-03-13T18:02:07","date_gmt":"2019-03-13T18:02:07","guid":{"rendered":"http:\/\/lurdinha.org\/site\/?p=7848"},"modified":"2019-03-14T18:04:33","modified_gmt":"2019-03-14T18:04:33","slug":"cineclube-imbarie-nos-trilhos-exibe-o-documentario-nosso-sagrado","status":"publish","type":"post","link":"https:\/\/lurdinha.org\/site\/cineclube-imbarie-nos-trilhos-exibe-o-documentario-nosso-sagrado\/","title":{"rendered":"Cineclube Imbari\u00ea Nos Trilhos exibe o document\u00e1rio Nosso Sagrado"},"content":{"rendered":"<p><img loading=\"lazy\" decoding=\"async\" class=\"size-full wp-image-7849 alignnone\" src=\"http:\/\/lurdinha.org\/site\/wp-content\/uploads\/nossosagrado-imbarienostrilhos.jpg\" alt=\"Cineclube Imbari\u00ea Nos Trilhos nosso sagrado\" width=\"600\" height=\"315\" srcset=\"https:\/\/lurdinha.org\/site\/wp-content\/uploads\/nossosagrado-imbarienostrilhos.jpg 600w, https:\/\/lurdinha.org\/site\/wp-content\/uploads\/nossosagrado-imbarienostrilhos-300x158.jpg 300w\" sizes=\"auto, (max-width: 600px) 100vw, 600px\" \/><\/p>\n<p>A pr\u00f3xima edi\u00e7\u00e3o do <strong>Cineclube Imbari\u00ea Nos Trilhos<\/strong> vai trazer o incr\u00edvel e necess\u00e1rio document\u00e1rio <strong>Nosso Sagrado<\/strong>, produzido pela <strong>Quiproc\u00f3 Filmes<\/strong>.<\/p>\n<p>E no p\u00f3s-sess\u00e3o, vai ter o do j\u00e1 tradicional e quente bate-papo, dessa vez com dois dos diretores, Fernando Sousa e Gabriel Barbosa, e diversos l\u00edderes religiosos da \u00e1rea.<\/p>\n<p>Rola at\u00e9 de aproveitar e ainda dar um confere no Slam Po\u00e9tico tocado pela galera do<strong> FAIM, Festival de Artes em Imbari\u00ea<\/strong>, que \u00e9 logo depois.<\/p>\n<p>J\u00e1 ando chato de tanto falar isso, mas dos v\u00e1rios focos de guerrilha cultural do Rio hoje, a cena de Imbari\u00ea tem sido uma das mais especiais. Leva f\u00e9 nessa parada.<\/p>\n<p>Mais informa\u00e7\u00f5es tem nessa p\u00e1gina: <a href=\"https:\/\/facebook.com\/events\/297696940914052\/\" target=\"_blank\" rel=\"noopener\">https:\/\/facebook.com\/events\/297696940914052\/<\/a><\/p>\n<p>&nbsp;<\/p>\n<p><strong>NOSSO SAGRADO<\/strong><br \/>\nDir. Fernando Sousa, Gabriel Barbosa e Jorge Santana.<br \/>\n[60 min. 2018. RJ.]<br \/>\nCLASSIFICA\u00c7\u00c3O 12 ANOS<\/p>\n<p><strong>SINOPSE<\/strong><br \/>\nO document\u00e1rio investiga a persegui\u00e7\u00e3o e o racismo religioso contra o Candombl\u00e9 e a Umbanda, que foram criminalizadas na Primeira Rep\u00fablica e na Era Vargas. Durante esse per\u00edodo mais de 200 objetos foram apreendidos pela pol\u00edcia. As pe\u00e7as sagrados da Umbanda e Candombl\u00e9 foram expostas como \u201cCole\u00e7\u00e3o Magia Negra\u201d e ainda hoje encontram-se sob a posse do Museu da Pol\u00edcia Civil do Estado do Rio de Janeiro. A partir da fala de religiosos, pesquisadores e militantes, buscamos entender a import\u00e2ncia do acervo sagrado afro-brasileiro, a luta pela sua liberta\u00e7\u00e3o e os efeitos do racismo religioso.<\/p>\n<p><a href=\"https:\/\/web.facebook.com\/hashtag\/culturanostrilhos\" target=\"_blank\" rel=\"noopener\">#culturanostrilhos<\/a> <a href=\"https:\/\/web.facebook.com\/hashtag\/nossosagrado\" target=\"_blank\" rel=\"noopener\">#nossosagrado<\/a> <a href=\"https:\/\/web.facebook.com\/hashtag\/libertenossosagrado\" target=\"_blank\" rel=\"noopener\">#libertenossosagrado<\/a><\/p>\n<p><strong>Programa\u00e7\u00e3o:<\/strong><br \/>\n14h00 &#8211; Caf\u00e9 coletivo e troca de livros.<br \/>\n15h00 &#8211; Exibi\u00e7\u00e3o dos Filmes.<br \/>\n16h00 &#8211; Roda de conversa.<br \/>\n18h00 &#8211; Encerramento.<\/p>\n","protected":false},"excerpt":{"rendered":"<p>A pr\u00f3xima edi\u00e7\u00e3o do Cineclube Imbari\u00ea Nos Trilhos vai trazer o incr\u00edvel e necess\u00e1rio document\u00e1rio&#8230;<\/p>\n","protected":false},"author":2,"featured_media":7849,"comment_status":"open","ping_status":"closed","sticky":false,"template":"","format":"standard","meta":{"footnotes":""},"categories":[5],"tags":[721,1045,11,192,1043,1044],"class_list":["post-7848","post","type-post","status-publish","format-standard","has-post-thumbnail","hentry","category-umaboa","tag-audiovisual-da-baixada","tag-baixadafilma","tag-duque-de-caxias","tag-imbarie","tag-imbarie-nos-trilhos","tag-quiproco-fillmes"],"yoast_head":"<!-- This site is optimized with the Yoast SEO plugin v27.5 - https:\/\/yoast.com\/product\/yoast-seo-wordpress\/ -->\n<title>Cineclube Imbari\u00ea Nos Trilhos exibe o document\u00e1rio Nosso Sagrado - Lurdinha - Duque de Caxias para Est\u00f4magos Fortes<\/title>\n<meta name=\"robots\" content=\"index, follow, max-snippet:-1, max-image-preview:large, max-video-preview:-1\" \/>\n<link rel=\"canonical\" href=\"https:\/\/lurdinha.org\/site\/cineclube-imbarie-nos-trilhos-exibe-o-documentario-nosso-sagrado\/\" \/>\n<meta property=\"og:locale\" content=\"pt_BR\" \/>\n<meta property=\"og:type\" content=\"article\" \/>\n<meta property=\"og:title\" content=\"Cineclube Imbari\u00ea Nos Trilhos exibe o document\u00e1rio Nosso Sagrado - Lurdinha - Duque de Caxias para Est\u00f4magos Fortes\" \/>\n<meta property=\"og:description\" content=\"A pr\u00f3xima edi\u00e7\u00e3o do Cineclube Imbari\u00ea Nos Trilhos vai trazer o incr\u00edvel e necess\u00e1rio document\u00e1rio...\" \/>\n<meta property=\"og:url\" content=\"https:\/\/lurdinha.org\/site\/cineclube-imbarie-nos-trilhos-exibe-o-documentario-nosso-sagrado\/\" \/>\n<meta property=\"og:site_name\" content=\"Lurdinha - Duque de Caxias para Est\u00f4magos Fortes\" \/>\n<meta property=\"article:publisher\" content=\"https:\/\/www.facebook.com\/LurdinhadeCaxias\" \/>\n<meta property=\"article:author\" content=\"botocudo\" \/>\n<meta property=\"article:published_time\" content=\"2019-03-13T18:02:07+00:00\" \/>\n<meta property=\"article:modified_time\" content=\"2019-03-14T18:04:33+00:00\" \/>\n<meta property=\"og:image\" content=\"https:\/\/lurdinha.org\/site\/wp-content\/uploads\/nossosagrado-imbarienostrilhos.jpg\" \/>\n\t<meta property=\"og:image:width\" content=\"600\" \/>\n\t<meta property=\"og:image:height\" content=\"315\" \/>\n\t<meta property=\"og:image:type\" content=\"image\/jpeg\" \/>\n<meta name=\"author\" content=\"heraldo hb\" \/>\n<meta name=\"twitter:card\" content=\"summary_large_image\" \/>\n<meta name=\"twitter:label1\" content=\"Escrito por\" \/>\n\t<meta name=\"twitter:data1\" content=\"heraldo hb\" \/>\n\t<meta name=\"twitter:label2\" content=\"Est. tempo de leitura\" \/>\n\t<meta name=\"twitter:data2\" content=\"1 minuto\" \/>\n<script type=\"application\/ld+json\" class=\"yoast-schema-graph\">{\"@context\":\"https:\\\/\\\/schema.org\",\"@graph\":[{\"@type\":\"Article\",\"@id\":\"https:\\\/\\\/lurdinha.org\\\/site\\\/cineclube-imbarie-nos-trilhos-exibe-o-documentario-nosso-sagrado\\\/#article\",\"isPartOf\":{\"@id\":\"https:\\\/\\\/lurdinha.org\\\/site\\\/cineclube-imbarie-nos-trilhos-exibe-o-documentario-nosso-sagrado\\\/\"},\"author\":{\"name\":\"heraldo hb\",\"@id\":\"https:\\\/\\\/lurdinha.org\\\/site\\\/#\\\/schema\\\/person\\\/b833bb6a7f82598bf0e95e4c30874251\"},\"headline\":\"Cineclube Imbari\u00ea Nos Trilhos exibe o document\u00e1rio Nosso Sagrado\",\"datePublished\":\"2019-03-13T18:02:07+00:00\",\"dateModified\":\"2019-03-14T18:04:33+00:00\",\"mainEntityOfPage\":{\"@id\":\"https:\\\/\\\/lurdinha.org\\\/site\\\/cineclube-imbarie-nos-trilhos-exibe-o-documentario-nosso-sagrado\\\/\"},\"wordCount\":285,\"commentCount\":0,\"publisher\":{\"@id\":\"https:\\\/\\\/lurdinha.org\\\/site\\\/#organization\"},\"image\":{\"@id\":\"https:\\\/\\\/lurdinha.org\\\/site\\\/cineclube-imbarie-nos-trilhos-exibe-o-documentario-nosso-sagrado\\\/#primaryimage\"},\"thumbnailUrl\":\"https:\\\/\\\/lurdinha.org\\\/site\\\/wp-content\\\/uploads\\\/nossosagrado-imbarienostrilhos.jpg\",\"keywords\":[\"audiovisual da baixada\",\"baixadafilma\",\"duque-de-caxias\",\"Imbari\u00ea\",\"imbarie nos trilhos\",\"quiproco fillmes\"],\"articleSection\":[\"uma boa\"],\"inLanguage\":\"pt-BR\",\"potentialAction\":[{\"@type\":\"CommentAction\",\"name\":\"Comment\",\"target\":[\"https:\\\/\\\/lurdinha.org\\\/site\\\/cineclube-imbarie-nos-trilhos-exibe-o-documentario-nosso-sagrado\\\/#respond\"]}]},{\"@type\":\"WebPage\",\"@id\":\"https:\\\/\\\/lurdinha.org\\\/site\\\/cineclube-imbarie-nos-trilhos-exibe-o-documentario-nosso-sagrado\\\/\",\"url\":\"https:\\\/\\\/lurdinha.org\\\/site\\\/cineclube-imbarie-nos-trilhos-exibe-o-documentario-nosso-sagrado\\\/\",\"name\":\"Cineclube Imbari\u00ea Nos Trilhos exibe o document\u00e1rio Nosso Sagrado - Lurdinha - Duque de Caxias para Est\u00f4magos Fortes\",\"isPartOf\":{\"@id\":\"https:\\\/\\\/lurdinha.org\\\/site\\\/#website\"},\"primaryImageOfPage\":{\"@id\":\"https:\\\/\\\/lurdinha.org\\\/site\\\/cineclube-imbarie-nos-trilhos-exibe-o-documentario-nosso-sagrado\\\/#primaryimage\"},\"image\":{\"@id\":\"https:\\\/\\\/lurdinha.org\\\/site\\\/cineclube-imbarie-nos-trilhos-exibe-o-documentario-nosso-sagrado\\\/#primaryimage\"},\"thumbnailUrl\":\"https:\\\/\\\/lurdinha.org\\\/site\\\/wp-content\\\/uploads\\\/nossosagrado-imbarienostrilhos.jpg\",\"datePublished\":\"2019-03-13T18:02:07+00:00\",\"dateModified\":\"2019-03-14T18:04:33+00:00\",\"breadcrumb\":{\"@id\":\"https:\\\/\\\/lurdinha.org\\\/site\\\/cineclube-imbarie-nos-trilhos-exibe-o-documentario-nosso-sagrado\\\/#breadcrumb\"},\"inLanguage\":\"pt-BR\",\"potentialAction\":[{\"@type\":\"ReadAction\",\"target\":[\"https:\\\/\\\/lurdinha.org\\\/site\\\/cineclube-imbarie-nos-trilhos-exibe-o-documentario-nosso-sagrado\\\/\"]}]},{\"@type\":\"ImageObject\",\"inLanguage\":\"pt-BR\",\"@id\":\"https:\\\/\\\/lurdinha.org\\\/site\\\/cineclube-imbarie-nos-trilhos-exibe-o-documentario-nosso-sagrado\\\/#primaryimage\",\"url\":\"https:\\\/\\\/lurdinha.org\\\/site\\\/wp-content\\\/uploads\\\/nossosagrado-imbarienostrilhos.jpg\",\"contentUrl\":\"https:\\\/\\\/lurdinha.org\\\/site\\\/wp-content\\\/uploads\\\/nossosagrado-imbarienostrilhos.jpg\",\"width\":600,\"height\":315,\"caption\":\"Cineclube Imbari\u00ea Nos Trilhos nosso sagrado\"},{\"@type\":\"BreadcrumbList\",\"@id\":\"https:\\\/\\\/lurdinha.org\\\/site\\\/cineclube-imbarie-nos-trilhos-exibe-o-documentario-nosso-sagrado\\\/#breadcrumb\",\"itemListElement\":[{\"@type\":\"ListItem\",\"position\":1,\"name\":\"In\u00edcio\",\"item\":\"https:\\\/\\\/lurdinha.org\\\/site\\\/\"},{\"@type\":\"ListItem\",\"position\":2,\"name\":\"Cineclube Imbari\u00ea Nos Trilhos exibe o document\u00e1rio Nosso Sagrado\"}]},{\"@type\":\"WebSite\",\"@id\":\"https:\\\/\\\/lurdinha.org\\\/site\\\/#website\",\"url\":\"https:\\\/\\\/lurdinha.org\\\/site\\\/\",\"name\":\"Lurdinha - Duque de Caxias para Est\u00f4magos Fortes\",\"description\":\"Site sobre Arte, Cultura, Pol\u00edtica, Sociedade e curiosidades da cidade de Duque de Caxias, RJ\",\"publisher\":{\"@id\":\"https:\\\/\\\/lurdinha.org\\\/site\\\/#organization\"},\"alternateName\":\"Lurdinha\",\"potentialAction\":[{\"@type\":\"SearchAction\",\"target\":{\"@type\":\"EntryPoint\",\"urlTemplate\":\"https:\\\/\\\/lurdinha.org\\\/site\\\/?s={search_term_string}\"},\"query-input\":{\"@type\":\"PropertyValueSpecification\",\"valueRequired\":true,\"valueName\":\"search_term_string\"}}],\"inLanguage\":\"pt-BR\"},{\"@type\":\"Organization\",\"@id\":\"https:\\\/\\\/lurdinha.org\\\/site\\\/#organization\",\"name\":\"Lurdinha de Caxias\",\"url\":\"https:\\\/\\\/lurdinha.org\\\/site\\\/\",\"logo\":{\"@type\":\"ImageObject\",\"inLanguage\":\"pt-BR\",\"@id\":\"https:\\\/\\\/lurdinha.org\\\/site\\\/#\\\/schema\\\/logo\\\/image\\\/\",\"url\":\"https:\\\/\\\/lurdinha.org\\\/site\\\/wp-content\\\/uploads\\\/logo-lurdinha.jpg\",\"contentUrl\":\"https:\\\/\\\/lurdinha.org\\\/site\\\/wp-content\\\/uploads\\\/logo-lurdinha.jpg\",\"width\":640,\"height\":60,\"caption\":\"Lurdinha de Caxias\"},\"image\":{\"@id\":\"https:\\\/\\\/lurdinha.org\\\/site\\\/#\\\/schema\\\/logo\\\/image\\\/\"},\"sameAs\":[\"https:\\\/\\\/www.facebook.com\\\/LurdinhadeCaxias\",\"https:\\\/\\\/www.instagram.com\\\/lurdinhadecaxias\"]},{\"@type\":\"Person\",\"@id\":\"https:\\\/\\\/lurdinha.org\\\/site\\\/#\\\/schema\\\/person\\\/b833bb6a7f82598bf0e95e4c30874251\",\"name\":\"heraldo hb\",\"image\":{\"@type\":\"ImageObject\",\"inLanguage\":\"pt-BR\",\"@id\":\"https:\\\/\\\/secure.gravatar.com\\\/avatar\\\/5de9fe99c72cb6885bbdaa24b1c5738b0f673d265de18720fae7463d5f47b48d?s=96&d=mm&r=g\",\"url\":\"https:\\\/\\\/secure.gravatar.com\\\/avatar\\\/5de9fe99c72cb6885bbdaa24b1c5738b0f673d265de18720fae7463d5f47b48d?s=96&d=mm&r=g\",\"contentUrl\":\"https:\\\/\\\/secure.gravatar.com\\\/avatar\\\/5de9fe99c72cb6885bbdaa24b1c5738b0f673d265de18720fae7463d5f47b48d?s=96&d=mm&r=g\",\"caption\":\"heraldo hb\"},\"description\":\"Cineasta, animador cultural, escritor e educador nascido no s\u00e9culo XX\",\"sameAs\":[\"http:\\\/\\\/wwww.relinkare.org\",\"botocudo\",\"heraldohb\",\"relinkare\"],\"url\":\"https:\\\/\\\/lurdinha.org\\\/site\\\/author\\\/heraldohb\\\/\"}]}<\/script>\n<!-- \/ Yoast SEO plugin. -->","yoast_head_json":{"title":"Cineclube Imbari\u00ea Nos Trilhos exibe o document\u00e1rio Nosso Sagrado - Lurdinha - Duque de Caxias para Est\u00f4magos Fortes","robots":{"index":"index","follow":"follow","max-snippet":"max-snippet:-1","max-image-preview":"max-image-preview:large","max-video-preview":"max-video-preview:-1"},"canonical":"https:\/\/lurdinha.org\/site\/cineclube-imbarie-nos-trilhos-exibe-o-documentario-nosso-sagrado\/","og_locale":"pt_BR","og_type":"article","og_title":"Cineclube Imbari\u00ea Nos Trilhos exibe o document\u00e1rio Nosso Sagrado - Lurdinha - Duque de Caxias para Est\u00f4magos Fortes","og_description":"A pr\u00f3xima edi\u00e7\u00e3o do Cineclube Imbari\u00ea Nos Trilhos vai trazer o incr\u00edvel e necess\u00e1rio document\u00e1rio...","og_url":"https:\/\/lurdinha.org\/site\/cineclube-imbarie-nos-trilhos-exibe-o-documentario-nosso-sagrado\/","og_site_name":"Lurdinha - Duque de Caxias para Est\u00f4magos Fortes","article_publisher":"https:\/\/www.facebook.com\/LurdinhadeCaxias","article_author":"botocudo","article_published_time":"2019-03-13T18:02:07+00:00","article_modified_time":"2019-03-14T18:04:33+00:00","og_image":[{"width":600,"height":315,"url":"https:\/\/lurdinha.org\/site\/wp-content\/uploads\/nossosagrado-imbarienostrilhos.jpg","type":"image\/jpeg"}],"author":"heraldo hb","twitter_card":"summary_large_image","twitter_misc":{"Escrito por":"heraldo hb","Est. tempo de leitura":"1 minuto"},"schema":{"@context":"https:\/\/schema.org","@graph":[{"@type":"Article","@id":"https:\/\/lurdinha.org\/site\/cineclube-imbarie-nos-trilhos-exibe-o-documentario-nosso-sagrado\/#article","isPartOf":{"@id":"https:\/\/lurdinha.org\/site\/cineclube-imbarie-nos-trilhos-exibe-o-documentario-nosso-sagrado\/"},"author":{"name":"heraldo hb","@id":"https:\/\/lurdinha.org\/site\/#\/schema\/person\/b833bb6a7f82598bf0e95e4c30874251"},"headline":"Cineclube Imbari\u00ea Nos Trilhos exibe o document\u00e1rio Nosso Sagrado","datePublished":"2019-03-13T18:02:07+00:00","dateModified":"2019-03-14T18:04:33+00:00","mainEntityOfPage":{"@id":"https:\/\/lurdinha.org\/site\/cineclube-imbarie-nos-trilhos-exibe-o-documentario-nosso-sagrado\/"},"wordCount":285,"commentCount":0,"publisher":{"@id":"https:\/\/lurdinha.org\/site\/#organization"},"image":{"@id":"https:\/\/lurdinha.org\/site\/cineclube-imbarie-nos-trilhos-exibe-o-documentario-nosso-sagrado\/#primaryimage"},"thumbnailUrl":"https:\/\/lurdinha.org\/site\/wp-content\/uploads\/nossosagrado-imbarienostrilhos.jpg","keywords":["audiovisual da baixada","baixadafilma","duque-de-caxias","Imbari\u00ea","imbarie nos trilhos","quiproco fillmes"],"articleSection":["uma boa"],"inLanguage":"pt-BR","potentialAction":[{"@type":"CommentAction","name":"Comment","target":["https:\/\/lurdinha.org\/site\/cineclube-imbarie-nos-trilhos-exibe-o-documentario-nosso-sagrado\/#respond"]}]},{"@type":"WebPage","@id":"https:\/\/lurdinha.org\/site\/cineclube-imbarie-nos-trilhos-exibe-o-documentario-nosso-sagrado\/","url":"https:\/\/lurdinha.org\/site\/cineclube-imbarie-nos-trilhos-exibe-o-documentario-nosso-sagrado\/","name":"Cineclube Imbari\u00ea Nos Trilhos exibe o document\u00e1rio Nosso Sagrado - Lurdinha - Duque de Caxias para Est\u00f4magos Fortes","isPartOf":{"@id":"https:\/\/lurdinha.org\/site\/#website"},"primaryImageOfPage":{"@id":"https:\/\/lurdinha.org\/site\/cineclube-imbarie-nos-trilhos-exibe-o-documentario-nosso-sagrado\/#primaryimage"},"image":{"@id":"https:\/\/lurdinha.org\/site\/cineclube-imbarie-nos-trilhos-exibe-o-documentario-nosso-sagrado\/#primaryimage"},"thumbnailUrl":"https:\/\/lurdinha.org\/site\/wp-content\/uploads\/nossosagrado-imbarienostrilhos.jpg","datePublished":"2019-03-13T18:02:07+00:00","dateModified":"2019-03-14T18:04:33+00:00","breadcrumb":{"@id":"https:\/\/lurdinha.org\/site\/cineclube-imbarie-nos-trilhos-exibe-o-documentario-nosso-sagrado\/#breadcrumb"},"inLanguage":"pt-BR","potentialAction":[{"@type":"ReadAction","target":["https:\/\/lurdinha.org\/site\/cineclube-imbarie-nos-trilhos-exibe-o-documentario-nosso-sagrado\/"]}]},{"@type":"ImageObject","inLanguage":"pt-BR","@id":"https:\/\/lurdinha.org\/site\/cineclube-imbarie-nos-trilhos-exibe-o-documentario-nosso-sagrado\/#primaryimage","url":"https:\/\/lurdinha.org\/site\/wp-content\/uploads\/nossosagrado-imbarienostrilhos.jpg","contentUrl":"https:\/\/lurdinha.org\/site\/wp-content\/uploads\/nossosagrado-imbarienostrilhos.jpg","width":600,"height":315,"caption":"Cineclube Imbari\u00ea Nos Trilhos nosso sagrado"},{"@type":"BreadcrumbList","@id":"https:\/\/lurdinha.org\/site\/cineclube-imbarie-nos-trilhos-exibe-o-documentario-nosso-sagrado\/#breadcrumb","itemListElement":[{"@type":"ListItem","position":1,"name":"In\u00edcio","item":"https:\/\/lurdinha.org\/site\/"},{"@type":"ListItem","position":2,"name":"Cineclube Imbari\u00ea Nos Trilhos exibe o document\u00e1rio Nosso Sagrado"}]},{"@type":"WebSite","@id":"https:\/\/lurdinha.org\/site\/#website","url":"https:\/\/lurdinha.org\/site\/","name":"Lurdinha - Duque de Caxias para Est\u00f4magos Fortes","description":"Site sobre Arte, Cultura, Pol\u00edtica, Sociedade e curiosidades da cidade de Duque de Caxias, RJ","publisher":{"@id":"https:\/\/lurdinha.org\/site\/#organization"},"alternateName":"Lurdinha","potentialAction":[{"@type":"SearchAction","target":{"@type":"EntryPoint","urlTemplate":"https:\/\/lurdinha.org\/site\/?s={search_term_string}"},"query-input":{"@type":"PropertyValueSpecification","valueRequired":true,"valueName":"search_term_string"}}],"inLanguage":"pt-BR"},{"@type":"Organization","@id":"https:\/\/lurdinha.org\/site\/#organization","name":"Lurdinha de Caxias","url":"https:\/\/lurdinha.org\/site\/","logo":{"@type":"ImageObject","inLanguage":"pt-BR","@id":"https:\/\/lurdinha.org\/site\/#\/schema\/logo\/image\/","url":"https:\/\/lurdinha.org\/site\/wp-content\/uploads\/logo-lurdinha.jpg","contentUrl":"https:\/\/lurdinha.org\/site\/wp-content\/uploads\/logo-lurdinha.jpg","width":640,"height":60,"caption":"Lurdinha de Caxias"},"image":{"@id":"https:\/\/lurdinha.org\/site\/#\/schema\/logo\/image\/"},"sameAs":["https:\/\/www.facebook.com\/LurdinhadeCaxias","https:\/\/www.instagram.com\/lurdinhadecaxias"]},{"@type":"Person","@id":"https:\/\/lurdinha.org\/site\/#\/schema\/person\/b833bb6a7f82598bf0e95e4c30874251","name":"heraldo hb","image":{"@type":"ImageObject","inLanguage":"pt-BR","@id":"https:\/\/secure.gravatar.com\/avatar\/5de9fe99c72cb6885bbdaa24b1c5738b0f673d265de18720fae7463d5f47b48d?s=96&d=mm&r=g","url":"https:\/\/secure.gravatar.com\/avatar\/5de9fe99c72cb6885bbdaa24b1c5738b0f673d265de18720fae7463d5f47b48d?s=96&d=mm&r=g","contentUrl":"https:\/\/secure.gravatar.com\/avatar\/5de9fe99c72cb6885bbdaa24b1c5738b0f673d265de18720fae7463d5f47b48d?s=96&d=mm&r=g","caption":"heraldo hb"},"description":"Cineasta, animador cultural, escritor e educador nascido no s\u00e9culo XX","sameAs":["http:\/\/wwww.relinkare.org","botocudo","heraldohb","relinkare"],"url":"https:\/\/lurdinha.org\/site\/author\/heraldohb\/"}]}},"views":2206,"_links":{"self":[{"href":"https:\/\/lurdinha.org\/site\/wp-json\/wp\/v2\/posts\/7848","targetHints":{"allow":["GET"]}}],"collection":[{"href":"https:\/\/lurdinha.org\/site\/wp-json\/wp\/v2\/posts"}],"about":[{"href":"https:\/\/lurdinha.org\/site\/wp-json\/wp\/v2\/types\/post"}],"author":[{"embeddable":true,"href":"https:\/\/lurdinha.org\/site\/wp-json\/wp\/v2\/users\/2"}],"replies":[{"embeddable":true,"href":"https:\/\/lurdinha.org\/site\/wp-json\/wp\/v2\/comments?post=7848"}],"version-history":[{"count":2,"href":"https:\/\/lurdinha.org\/site\/wp-json\/wp\/v2\/posts\/7848\/revisions"}],"predecessor-version":[{"id":7851,"href":"https:\/\/lurdinha.org\/site\/wp-json\/wp\/v2\/posts\/7848\/revisions\/7851"}],"wp:featuredmedia":[{"embeddable":true,"href":"https:\/\/lurdinha.org\/site\/wp-json\/wp\/v2\/media\/7849"}],"wp:attachment":[{"href":"https:\/\/lurdinha.org\/site\/wp-json\/wp\/v2\/media?parent=7848"}],"wp:term":[{"taxonomy":"category","embeddable":true,"href":"https:\/\/lurdinha.org\/site\/wp-json\/wp\/v2\/categories?post=7848"},{"taxonomy":"post_tag","embeddable":true,"href":"https:\/\/lurdinha.org\/site\/wp-json\/wp\/v2\/tags?post=7848"}],"curies":[{"name":"wp","href":"https:\/\/api.w.org\/{rel}","templated":true}]}}