{"id":7818,"date":"2019-03-12T04:47:42","date_gmt":"2019-03-12T04:47:42","guid":{"rendered":"http:\/\/lurdinha.org\/site\/?p=7818"},"modified":"2019-03-12T04:48:29","modified_gmt":"2019-03-12T04:48:29","slug":"no-jardim-gramacho-cliques","status":"publish","type":"post","link":"https:\/\/lurdinha.org\/site\/no-jardim-gramacho-cliques\/","title":{"rendered":"No Jardim Gramacho [cliques]"},"content":{"rendered":"<figure id=\"attachment_7821\" aria-describedby=\"caption-attachment-7821\" style=\"width: 800px\" class=\"wp-caption alignnone\"><img loading=\"lazy\" decoding=\"async\" class=\"wp-image-7821 size-full\" src=\"http:\/\/lurdinha.org\/site\/wp-content\/uploads\/jardim-gramacho4-IgorFreitasLima-1.jpg\" alt=\"Olhar triste de quem vive no sub do sub mundo do Jardim Gramacho. Nesse final de semana estive tocando com @barracao.grupo no Jardim Gramacho em Duque de Caxias. Percebi que o local onde ensaiamos e estudamos m\u00fasica no S\u00e3o Bento \u00e9 pobre, mas o Jardim Gramacho \u00e9 miser\u00e1vel. Se torna claro o olhar daquelas crian\u00e7as, a mistura da felicidade com a falta de perspectiva. Um mundo devastado e constru\u00eddo na base do racismo, do fascismo, do \u00f3dio, da falta perce\u00e7\u00e3o de quem olha apenas para si mesmo.\" width=\"800\" height=\"661\" srcset=\"https:\/\/lurdinha.org\/site\/wp-content\/uploads\/jardim-gramacho4-IgorFreitasLima-1.jpg 800w, https:\/\/lurdinha.org\/site\/wp-content\/uploads\/jardim-gramacho4-IgorFreitasLima-1-300x248.jpg 300w, https:\/\/lurdinha.org\/site\/wp-content\/uploads\/jardim-gramacho4-IgorFreitasLima-1-768x635.jpg 768w, https:\/\/lurdinha.org\/site\/wp-content\/uploads\/jardim-gramacho4-IgorFreitasLima-1-610x504.jpg 610w\" sizes=\"auto, (max-width: 800px) 100vw, 800px\" \/><figcaption id=\"caption-attachment-7821\" class=\"wp-caption-text\">Olhar triste de quem vive no sub do sub mundo do Jardim Gramacho. Nesse final de semana estive tocando com @barracao.grupo no Jardim Gramacho em Duque de Caxias. Percebi que o local onde ensaiamos e estudamos m\u00fasica no S\u00e3o Bento \u00e9 pobre, mas o Jardim Gramacho \u00e9 miser\u00e1vel. Se torna claro o olhar daquelas crian\u00e7as, a mistura da felicidade com a falta de perspectiva. Um mundo devastado e constru\u00eddo na base do racismo, do fascismo, do \u00f3dio, da falta percep\u00e7\u00e3o de quem olha apenas para si mesmo.<\/figcaption><\/figure>\n<p>&nbsp;<\/p>\n<figure id=\"attachment_7824\" aria-describedby=\"caption-attachment-7824\" style=\"width: 800px\" class=\"wp-caption alignnone\"><img loading=\"lazy\" decoding=\"async\" class=\"size-full wp-image-7824\" src=\"http:\/\/lurdinha.org\/site\/wp-content\/uploads\/jardim-gramacho2-IgorFreitasLima.jpg\" alt=\"Jardim Gramacho, cen\u00e1rio da extrema pobreza, do improviso, das migalhas, da sobreviv\u00eancia do desconforto. E pensar que que estamos no mesmo Estado do Rio de Janeiro onde temos Leblon e Ipanema.\" width=\"800\" height=\"594\" srcset=\"https:\/\/lurdinha.org\/site\/wp-content\/uploads\/jardim-gramacho2-IgorFreitasLima.jpg 800w, https:\/\/lurdinha.org\/site\/wp-content\/uploads\/jardim-gramacho2-IgorFreitasLima-300x223.jpg 300w, https:\/\/lurdinha.org\/site\/wp-content\/uploads\/jardim-gramacho2-IgorFreitasLima-768x570.jpg 768w, https:\/\/lurdinha.org\/site\/wp-content\/uploads\/jardim-gramacho2-IgorFreitasLima-610x453.jpg 610w, https:\/\/lurdinha.org\/site\/wp-content\/uploads\/jardim-gramacho2-IgorFreitasLima-177x130.jpg 177w\" sizes=\"auto, (max-width: 800px) 100vw, 800px\" \/><figcaption id=\"caption-attachment-7824\" class=\"wp-caption-text\">Jardim Gramacho, cen\u00e1rio da extrema pobreza, do improviso, das migalhas, da sobreviv\u00eancia do desconforto. E pensar que que estamos no mesmo Estado do Rio de Janeiro onde temos Leblon e Ipanema.<\/figcaption><\/figure>\n<p>&nbsp;<\/p>\n<figure id=\"attachment_7823\" aria-describedby=\"caption-attachment-7823\" style=\"width: 800px\" class=\"wp-caption alignnone\"><img loading=\"lazy\" decoding=\"async\" class=\"size-full wp-image-7823\" src=\"http:\/\/lurdinha.org\/site\/wp-content\/uploads\/jardim-gramacho3-IgorFreitasLima.jpg\" alt=\"\u00d4 Sorte! ???  Sorte pra quem? Um povo que vive na linha da mis\u00e9ria, na linha da viol\u00eancia, da descrimina\u00e7\u00e3o, do racismo, da falta de oportunidades.  Sorte \u00e9 tudo com o que os moradores do Jardim Gramacho podem contar e essa sorte, nunca \u00e9 a favor do pobres.\" width=\"800\" height=\"480\" srcset=\"https:\/\/lurdinha.org\/site\/wp-content\/uploads\/jardim-gramacho3-IgorFreitasLima.jpg 800w, https:\/\/lurdinha.org\/site\/wp-content\/uploads\/jardim-gramacho3-IgorFreitasLima-300x180.jpg 300w, https:\/\/lurdinha.org\/site\/wp-content\/uploads\/jardim-gramacho3-IgorFreitasLima-768x461.jpg 768w, https:\/\/lurdinha.org\/site\/wp-content\/uploads\/jardim-gramacho3-IgorFreitasLima-610x366.jpg 610w\" sizes=\"auto, (max-width: 800px) 100vw, 800px\" \/><figcaption id=\"caption-attachment-7823\" class=\"wp-caption-text\">\u00d4 Sorte! ???<br \/>Sorte pra quem? Um povo que vive na linha da mis\u00e9ria, na linha da viol\u00eancia, da descrimina\u00e7\u00e3o, do racismo, da falta de oportunidades.<br \/>Sorte \u00e9 tudo com o que os moradores do Jardim Gramacho podem contar e essa sorte, nunca \u00e9 a favor do pobres.<\/figcaption><\/figure>\n<p>&nbsp;<\/p>\n<figure id=\"attachment_7825\" aria-describedby=\"caption-attachment-7825\" style=\"width: 800px\" class=\"wp-caption alignnone\"><img loading=\"lazy\" decoding=\"async\" class=\"size-full wp-image-7825\" src=\"http:\/\/lurdinha.org\/site\/wp-content\/uploads\/jardim-gramacho-IgorFreitasLima.jpg\" alt=\"Talvez apenas um olhar, talvez olhando al\u00e9m de um futuro, al\u00e9m de uma for\u00e7a, al\u00e9m da mar\u00e9 que vai contra. Sabemos que para essas pessoas o caminho \u00e9 estreito, poucos passam, n\u00e3o por falta de vontade, mas sim por falta de oportunidades. Essas pessoas n\u00e3o vivem de heran\u00e7as de fam\u00edlia rica, a ultima heran\u00e7a desse povo foi o Lix\u00e3o do Jardim Gramacho.\" width=\"800\" height=\"532\" srcset=\"https:\/\/lurdinha.org\/site\/wp-content\/uploads\/jardim-gramacho-IgorFreitasLima.jpg 800w, https:\/\/lurdinha.org\/site\/wp-content\/uploads\/jardim-gramacho-IgorFreitasLima-300x200.jpg 300w, https:\/\/lurdinha.org\/site\/wp-content\/uploads\/jardim-gramacho-IgorFreitasLima-768x511.jpg 768w, https:\/\/lurdinha.org\/site\/wp-content\/uploads\/jardim-gramacho-IgorFreitasLima-610x406.jpg 610w\" sizes=\"auto, (max-width: 800px) 100vw, 800px\" \/><figcaption id=\"caption-attachment-7825\" class=\"wp-caption-text\">Talvez apenas um olhar, talvez olhando al\u00e9m de um futuro, al\u00e9m de uma for\u00e7a, al\u00e9m da mar\u00e9 que vai contra. Sabemos que para essas pessoas o caminho \u00e9 estreito, poucos passam, n\u00e3o por falta de vontade, mas sim por falta de oportunidades. Essas pessoas n\u00e3o vivem de heran\u00e7as de fam\u00edlia rica, a ultima heran\u00e7a desse povo foi o Lix\u00e3o do Jardim Gramacho.<\/figcaption><\/figure>\n<p>&nbsp;<\/p>\n<p><em><strong>Fotos: Igor Freitas Lima &#8211; imagens de fevereiro de 2019<\/strong><\/em><a href=\"https:\/\/web.facebook.com\/hashtag\/jardimgramacho?source=feed_text&amp;epa=HASHTAG\">#jardimgramacho<\/a> <a href=\"https:\/\/web.facebook.com\/hashtag\/duquedecaxias?source=feed_text&amp;epa=HASHTAG\">#duquedecaxias<\/a> <a href=\"https:\/\/web.facebook.com\/hashtag\/caxias?source=feed_text&amp;epa=HASHTAG\">#caxias<\/a> <a href=\"https:\/\/web.facebook.com\/hashtag\/baixada?source=feed_text&amp;epa=HASHTAG\">#baixada<\/a> <a href=\"https:\/\/web.facebook.com\/hashtag\/baixadafluminense?source=feed_text&amp;epa=HASHTAG\">#baixadafluminense<\/a> <a href=\"https:\/\/web.facebook.com\/hashtag\/caostidianofluminense?source=feed_text&amp;epa=HASHTAG\">#caostidianofluminense<\/a> <a href=\"https:\/\/web.facebook.com\/hashtag\/caostidiano?source=feed_text&amp;epa=HASHTAG\">#caostidiano<\/a><br \/>\n<a href=\"https:\/\/web.facebook.com\/hashtag\/mobgraphia?source=feed_text&amp;epa=HASHTAG\">#mobgraphia<\/a> <a href=\"https:\/\/web.facebook.com\/hashtag\/igorfreitaslima?source=feed_text&amp;epa=HASHTAG\">#igorfreitaslima<\/a> <a href=\"https:\/\/web.facebook.com\/hashtag\/cenaurbana?source=feed_text&amp;epa=HASHTAG\">#cenaurbana<\/a> <a href=\"https:\/\/web.facebook.com\/hashtag\/shootermag_brasil?source=feed_text&amp;epa=HASHTAG\">#shootermag_brasil<\/a> <a href=\"https:\/\/web.facebook.com\/hashtag\/everydaybrasil?source=feed_text&amp;epa=HASHTAG\">#everydaybrasil<\/a> <a href=\"https:\/\/web.facebook.com\/hashtag\/rj?source=feed_text&amp;epa=HASHTAG\">#rj<\/a> <a href=\"https:\/\/web.facebook.com\/hashtag\/riodejaneiro?source=feed_text&amp;epa=HASHTAG\">#riodejaneiro<\/a> <a href=\"https:\/\/web.facebook.com\/hashtag\/brasil?source=feed_text&amp;epa=HASHTAG\">#brasil<\/a> <a href=\"https:\/\/web.facebook.com\/hashtag\/brazil?source=feed_text&amp;epa=HASHTAG\">#brazil<\/a> <a href=\"https:\/\/web.facebook.com\/hashtag\/everydaylatinoamerica?source=feed_text&amp;epa=HASHTAG\">#everydaylatinoamerica<\/a> <a href=\"https:\/\/web.facebook.com\/hashtag\/jornalistasdeimagens?source=feed_text&amp;epa=HASHTAG\">#jornalistasdeimagens<\/a> <a href=\"https:\/\/web.facebook.com\/hashtag\/documental?source=feed_text&amp;epa=HASHTAG\">#documental<\/a> <a href=\"https:\/\/web.facebook.com\/hashtag\/fotojornalismo?source=feed_text&amp;epa=HASHTAG\">#fotojornalismo<\/a> <a href=\"https:\/\/web.facebook.com\/hashtag\/streetphoto_brasil?source=feed_text&amp;epa=HASHTAG\">#streetphoto_brasil<\/a> <a href=\"https:\/\/web.facebook.com\/hashtag\/streetphotography?source=feed_text&amp;epa=HASHTAG\">#streetphotography<\/a> <a href=\"https:\/\/web.facebook.com\/hashtag\/streetphoto?source=feed_text&amp;epa=HASHTAG\">#streetphoto<\/a> <a href=\"https:\/\/web.facebook.com\/hashtag\/streetbr?source=feed_text&amp;epa=HASHTAG\">#streetbr<\/a> #streetphotography <a href=\"https:\/\/web.facebook.com\/hashtag\/seuolharsuacidade?source=feed_text&amp;epa=HASHTAG\">#seuolharsuacidade<\/a><\/p>\n","protected":false},"excerpt":{"rendered":"<p>&nbsp; &nbsp; &nbsp; &nbsp; Fotos: Igor Freitas Lima &#8211; imagens de fevereiro de 2019#jardimgramacho #duquedecaxias&#8230;<\/p>\n","protected":false},"author":48,"featured_media":7824,"comment_status":"open","ping_status":"closed","sticky":false,"template":"","format":"standard","meta":{"footnotes":""},"categories":[3,4],"tags":[318,11,92,549],"class_list":["post-7818","post","type-post","status-publish","format-standard","has-post-thumbnail","hentry","category-clique","category-opiniao","tag-baixada-flumimense","tag-duque-de-caxias","tag-fotografia","tag-jardim-gramacho"],"yoast_head":"<!-- This site is optimized with the Yoast SEO plugin v27.5 - https:\/\/yoast.com\/product\/yoast-seo-wordpress\/ -->\n<title>No Jardim Gramacho [cliques] - Lurdinha - Duque de Caxias para Est\u00f4magos Fortes<\/title>\n<meta name=\"robots\" content=\"index, follow, max-snippet:-1, max-image-preview:large, max-video-preview:-1\" \/>\n<link rel=\"canonical\" href=\"https:\/\/lurdinha.org\/site\/no-jardim-gramacho-cliques\/\" \/>\n<meta property=\"og:locale\" content=\"pt_BR\" \/>\n<meta property=\"og:type\" content=\"article\" \/>\n<meta property=\"og:title\" content=\"No Jardim Gramacho [cliques] - Lurdinha - Duque de Caxias para Est\u00f4magos Fortes\" \/>\n<meta property=\"og:description\" content=\"&nbsp; &nbsp; &nbsp; &nbsp; Fotos: Igor Freitas Lima &#8211; imagens de fevereiro de 2019#jardimgramacho #duquedecaxias...\" \/>\n<meta property=\"og:url\" content=\"https:\/\/lurdinha.org\/site\/no-jardim-gramacho-cliques\/\" \/>\n<meta property=\"og:site_name\" content=\"Lurdinha - Duque de Caxias para Est\u00f4magos Fortes\" \/>\n<meta property=\"article:publisher\" content=\"https:\/\/www.facebook.com\/LurdinhadeCaxias\" \/>\n<meta property=\"article:author\" content=\"igor.f.lima.3\" \/>\n<meta property=\"article:published_time\" content=\"2019-03-12T04:47:42+00:00\" \/>\n<meta property=\"article:modified_time\" content=\"2019-03-12T04:48:29+00:00\" \/>\n<meta property=\"og:image\" content=\"https:\/\/lurdinha.org\/site\/wp-content\/uploads\/jardim-gramacho2-IgorFreitasLima.jpg\" \/>\n\t<meta property=\"og:image:width\" content=\"800\" \/>\n\t<meta property=\"og:image:height\" content=\"594\" \/>\n\t<meta property=\"og:image:type\" content=\"image\/jpeg\" \/>\n<meta name=\"author\" content=\"Igor Freitas Lima\" \/>\n<meta name=\"twitter:card\" content=\"summary_large_image\" \/>\n<meta name=\"twitter:label1\" content=\"Escrito por\" \/>\n\t<meta name=\"twitter:data1\" content=\"Igor Freitas Lima\" \/>\n\t<meta name=\"twitter:label2\" content=\"Est. tempo de leitura\" \/>\n\t<meta name=\"twitter:data2\" content=\"2 minutos\" \/>\n<script type=\"application\/ld+json\" class=\"yoast-schema-graph\">{\"@context\":\"https:\\\/\\\/schema.org\",\"@graph\":[{\"@type\":\"Article\",\"@id\":\"https:\\\/\\\/lurdinha.org\\\/site\\\/no-jardim-gramacho-cliques\\\/#article\",\"isPartOf\":{\"@id\":\"https:\\\/\\\/lurdinha.org\\\/site\\\/no-jardim-gramacho-cliques\\\/\"},\"author\":{\"name\":\"Igor Freitas Lima\",\"@id\":\"https:\\\/\\\/lurdinha.org\\\/site\\\/#\\\/schema\\\/person\\\/25ede176617af6b572f2f01289e72526\"},\"headline\":\"No Jardim Gramacho [cliques]\",\"datePublished\":\"2019-03-12T04:47:42+00:00\",\"dateModified\":\"2019-03-12T04:48:29+00:00\",\"mainEntityOfPage\":{\"@id\":\"https:\\\/\\\/lurdinha.org\\\/site\\\/no-jardim-gramacho-cliques\\\/\"},\"wordCount\":316,\"commentCount\":0,\"publisher\":{\"@id\":\"https:\\\/\\\/lurdinha.org\\\/site\\\/#organization\"},\"image\":{\"@id\":\"https:\\\/\\\/lurdinha.org\\\/site\\\/no-jardim-gramacho-cliques\\\/#primaryimage\"},\"thumbnailUrl\":\"https:\\\/\\\/lurdinha.org\\\/site\\\/wp-content\\\/uploads\\\/jardim-gramacho2-IgorFreitasLima.jpg\",\"keywords\":[\"Baixada Flumimense\",\"duque-de-caxias\",\"Fotografia\",\"jardim gramacho\"],\"articleSection\":[\"clique\",\"uma opini\u00e3o\"],\"inLanguage\":\"pt-BR\",\"potentialAction\":[{\"@type\":\"CommentAction\",\"name\":\"Comment\",\"target\":[\"https:\\\/\\\/lurdinha.org\\\/site\\\/no-jardim-gramacho-cliques\\\/#respond\"]}]},{\"@type\":\"WebPage\",\"@id\":\"https:\\\/\\\/lurdinha.org\\\/site\\\/no-jardim-gramacho-cliques\\\/\",\"url\":\"https:\\\/\\\/lurdinha.org\\\/site\\\/no-jardim-gramacho-cliques\\\/\",\"name\":\"No Jardim Gramacho [cliques] - Lurdinha - Duque de Caxias para Est\u00f4magos Fortes\",\"isPartOf\":{\"@id\":\"https:\\\/\\\/lurdinha.org\\\/site\\\/#website\"},\"primaryImageOfPage\":{\"@id\":\"https:\\\/\\\/lurdinha.org\\\/site\\\/no-jardim-gramacho-cliques\\\/#primaryimage\"},\"image\":{\"@id\":\"https:\\\/\\\/lurdinha.org\\\/site\\\/no-jardim-gramacho-cliques\\\/#primaryimage\"},\"thumbnailUrl\":\"https:\\\/\\\/lurdinha.org\\\/site\\\/wp-content\\\/uploads\\\/jardim-gramacho2-IgorFreitasLima.jpg\",\"datePublished\":\"2019-03-12T04:47:42+00:00\",\"dateModified\":\"2019-03-12T04:48:29+00:00\",\"breadcrumb\":{\"@id\":\"https:\\\/\\\/lurdinha.org\\\/site\\\/no-jardim-gramacho-cliques\\\/#breadcrumb\"},\"inLanguage\":\"pt-BR\",\"potentialAction\":[{\"@type\":\"ReadAction\",\"target\":[\"https:\\\/\\\/lurdinha.org\\\/site\\\/no-jardim-gramacho-cliques\\\/\"]}]},{\"@type\":\"ImageObject\",\"inLanguage\":\"pt-BR\",\"@id\":\"https:\\\/\\\/lurdinha.org\\\/site\\\/no-jardim-gramacho-cliques\\\/#primaryimage\",\"url\":\"https:\\\/\\\/lurdinha.org\\\/site\\\/wp-content\\\/uploads\\\/jardim-gramacho2-IgorFreitasLima.jpg\",\"contentUrl\":\"https:\\\/\\\/lurdinha.org\\\/site\\\/wp-content\\\/uploads\\\/jardim-gramacho2-IgorFreitasLima.jpg\",\"width\":800,\"height\":594,\"caption\":\"Jardim Gramacho, cen\u00e1rio da extrema pobreza, do improviso, das migalhas, da sobreviv\u00eancia do desconforto. E pensar que que estamos no mesmo Estado do Rio de Janeiro onde temos Leblon e Ipanema.\"},{\"@type\":\"BreadcrumbList\",\"@id\":\"https:\\\/\\\/lurdinha.org\\\/site\\\/no-jardim-gramacho-cliques\\\/#breadcrumb\",\"itemListElement\":[{\"@type\":\"ListItem\",\"position\":1,\"name\":\"In\u00edcio\",\"item\":\"https:\\\/\\\/lurdinha.org\\\/site\\\/\"},{\"@type\":\"ListItem\",\"position\":2,\"name\":\"No Jardim Gramacho [cliques]\"}]},{\"@type\":\"WebSite\",\"@id\":\"https:\\\/\\\/lurdinha.org\\\/site\\\/#website\",\"url\":\"https:\\\/\\\/lurdinha.org\\\/site\\\/\",\"name\":\"Lurdinha - Duque de Caxias para Est\u00f4magos Fortes\",\"description\":\"Site sobre Arte, Cultura, Pol\u00edtica, Sociedade e curiosidades da cidade de Duque de Caxias, RJ\",\"publisher\":{\"@id\":\"https:\\\/\\\/lurdinha.org\\\/site\\\/#organization\"},\"alternateName\":\"Lurdinha\",\"potentialAction\":[{\"@type\":\"SearchAction\",\"target\":{\"@type\":\"EntryPoint\",\"urlTemplate\":\"https:\\\/\\\/lurdinha.org\\\/site\\\/?s={search_term_string}\"},\"query-input\":{\"@type\":\"PropertyValueSpecification\",\"valueRequired\":true,\"valueName\":\"search_term_string\"}}],\"inLanguage\":\"pt-BR\"},{\"@type\":\"Organization\",\"@id\":\"https:\\\/\\\/lurdinha.org\\\/site\\\/#organization\",\"name\":\"Lurdinha de Caxias\",\"url\":\"https:\\\/\\\/lurdinha.org\\\/site\\\/\",\"logo\":{\"@type\":\"ImageObject\",\"inLanguage\":\"pt-BR\",\"@id\":\"https:\\\/\\\/lurdinha.org\\\/site\\\/#\\\/schema\\\/logo\\\/image\\\/\",\"url\":\"https:\\\/\\\/lurdinha.org\\\/site\\\/wp-content\\\/uploads\\\/logo-lurdinha.jpg\",\"contentUrl\":\"https:\\\/\\\/lurdinha.org\\\/site\\\/wp-content\\\/uploads\\\/logo-lurdinha.jpg\",\"width\":640,\"height\":60,\"caption\":\"Lurdinha de Caxias\"},\"image\":{\"@id\":\"https:\\\/\\\/lurdinha.org\\\/site\\\/#\\\/schema\\\/logo\\\/image\\\/\"},\"sameAs\":[\"https:\\\/\\\/www.facebook.com\\\/LurdinhadeCaxias\",\"https:\\\/\\\/www.instagram.com\\\/lurdinhadecaxias\"]},{\"@type\":\"Person\",\"@id\":\"https:\\\/\\\/lurdinha.org\\\/site\\\/#\\\/schema\\\/person\\\/25ede176617af6b572f2f01289e72526\",\"name\":\"Igor Freitas Lima\",\"image\":{\"@type\":\"ImageObject\",\"inLanguage\":\"pt-BR\",\"@id\":\"https:\\\/\\\/secure.gravatar.com\\\/avatar\\\/ef2bed1b1c66f48b331c8f358b5c1f0e3ad42c5eaebbfa2417e39351fe95a793?s=96&d=mm&r=g\",\"url\":\"https:\\\/\\\/secure.gravatar.com\\\/avatar\\\/ef2bed1b1c66f48b331c8f358b5c1f0e3ad42c5eaebbfa2417e39351fe95a793?s=96&d=mm&r=g\",\"contentUrl\":\"https:\\\/\\\/secure.gravatar.com\\\/avatar\\\/ef2bed1b1c66f48b331c8f358b5c1f0e3ad42c5eaebbfa2417e39351fe95a793?s=96&d=mm&r=g\",\"caption\":\"Igor Freitas Lima\"},\"description\":\"Fot\u00f3grafo e m\u00fasico. Integra o Coletivo Fala e o Barrac\u00e3o.\",\"sameAs\":[\"igor.f.lima.3\",\"https:\\\/\\\/www.instagram.com\\\/igorfreitasbxd\"],\"url\":\"https:\\\/\\\/lurdinha.org\\\/site\\\/author\\\/igorfreitas\\\/\"}]}<\/script>\n<!-- \/ Yoast SEO plugin. -->","yoast_head_json":{"title":"No Jardim Gramacho [cliques] - Lurdinha - Duque de Caxias para Est\u00f4magos Fortes","robots":{"index":"index","follow":"follow","max-snippet":"max-snippet:-1","max-image-preview":"max-image-preview:large","max-video-preview":"max-video-preview:-1"},"canonical":"https:\/\/lurdinha.org\/site\/no-jardim-gramacho-cliques\/","og_locale":"pt_BR","og_type":"article","og_title":"No Jardim Gramacho [cliques] - Lurdinha - Duque de Caxias para Est\u00f4magos Fortes","og_description":"&nbsp; &nbsp; &nbsp; &nbsp; Fotos: Igor Freitas Lima &#8211; imagens de fevereiro de 2019#jardimgramacho #duquedecaxias...","og_url":"https:\/\/lurdinha.org\/site\/no-jardim-gramacho-cliques\/","og_site_name":"Lurdinha - Duque de Caxias para Est\u00f4magos Fortes","article_publisher":"https:\/\/www.facebook.com\/LurdinhadeCaxias","article_author":"igor.f.lima.3","article_published_time":"2019-03-12T04:47:42+00:00","article_modified_time":"2019-03-12T04:48:29+00:00","og_image":[{"width":800,"height":594,"url":"https:\/\/lurdinha.org\/site\/wp-content\/uploads\/jardim-gramacho2-IgorFreitasLima.jpg","type":"image\/jpeg"}],"author":"Igor Freitas Lima","twitter_card":"summary_large_image","twitter_misc":{"Escrito por":"Igor Freitas Lima","Est. tempo de leitura":"2 minutos"},"schema":{"@context":"https:\/\/schema.org","@graph":[{"@type":"Article","@id":"https:\/\/lurdinha.org\/site\/no-jardim-gramacho-cliques\/#article","isPartOf":{"@id":"https:\/\/lurdinha.org\/site\/no-jardim-gramacho-cliques\/"},"author":{"name":"Igor Freitas Lima","@id":"https:\/\/lurdinha.org\/site\/#\/schema\/person\/25ede176617af6b572f2f01289e72526"},"headline":"No Jardim Gramacho [cliques]","datePublished":"2019-03-12T04:47:42+00:00","dateModified":"2019-03-12T04:48:29+00:00","mainEntityOfPage":{"@id":"https:\/\/lurdinha.org\/site\/no-jardim-gramacho-cliques\/"},"wordCount":316,"commentCount":0,"publisher":{"@id":"https:\/\/lurdinha.org\/site\/#organization"},"image":{"@id":"https:\/\/lurdinha.org\/site\/no-jardim-gramacho-cliques\/#primaryimage"},"thumbnailUrl":"https:\/\/lurdinha.org\/site\/wp-content\/uploads\/jardim-gramacho2-IgorFreitasLima.jpg","keywords":["Baixada Flumimense","duque-de-caxias","Fotografia","jardim gramacho"],"articleSection":["clique","uma opini\u00e3o"],"inLanguage":"pt-BR","potentialAction":[{"@type":"CommentAction","name":"Comment","target":["https:\/\/lurdinha.org\/site\/no-jardim-gramacho-cliques\/#respond"]}]},{"@type":"WebPage","@id":"https:\/\/lurdinha.org\/site\/no-jardim-gramacho-cliques\/","url":"https:\/\/lurdinha.org\/site\/no-jardim-gramacho-cliques\/","name":"No Jardim Gramacho [cliques] - Lurdinha - Duque de Caxias para Est\u00f4magos Fortes","isPartOf":{"@id":"https:\/\/lurdinha.org\/site\/#website"},"primaryImageOfPage":{"@id":"https:\/\/lurdinha.org\/site\/no-jardim-gramacho-cliques\/#primaryimage"},"image":{"@id":"https:\/\/lurdinha.org\/site\/no-jardim-gramacho-cliques\/#primaryimage"},"thumbnailUrl":"https:\/\/lurdinha.org\/site\/wp-content\/uploads\/jardim-gramacho2-IgorFreitasLima.jpg","datePublished":"2019-03-12T04:47:42+00:00","dateModified":"2019-03-12T04:48:29+00:00","breadcrumb":{"@id":"https:\/\/lurdinha.org\/site\/no-jardim-gramacho-cliques\/#breadcrumb"},"inLanguage":"pt-BR","potentialAction":[{"@type":"ReadAction","target":["https:\/\/lurdinha.org\/site\/no-jardim-gramacho-cliques\/"]}]},{"@type":"ImageObject","inLanguage":"pt-BR","@id":"https:\/\/lurdinha.org\/site\/no-jardim-gramacho-cliques\/#primaryimage","url":"https:\/\/lurdinha.org\/site\/wp-content\/uploads\/jardim-gramacho2-IgorFreitasLima.jpg","contentUrl":"https:\/\/lurdinha.org\/site\/wp-content\/uploads\/jardim-gramacho2-IgorFreitasLima.jpg","width":800,"height":594,"caption":"Jardim Gramacho, cen\u00e1rio da extrema pobreza, do improviso, das migalhas, da sobreviv\u00eancia do desconforto. E pensar que que estamos no mesmo Estado do Rio de Janeiro onde temos Leblon e Ipanema."},{"@type":"BreadcrumbList","@id":"https:\/\/lurdinha.org\/site\/no-jardim-gramacho-cliques\/#breadcrumb","itemListElement":[{"@type":"ListItem","position":1,"name":"In\u00edcio","item":"https:\/\/lurdinha.org\/site\/"},{"@type":"ListItem","position":2,"name":"No Jardim Gramacho [cliques]"}]},{"@type":"WebSite","@id":"https:\/\/lurdinha.org\/site\/#website","url":"https:\/\/lurdinha.org\/site\/","name":"Lurdinha - Duque de Caxias para Est\u00f4magos Fortes","description":"Site sobre Arte, Cultura, Pol\u00edtica, Sociedade e curiosidades da cidade de Duque de Caxias, RJ","publisher":{"@id":"https:\/\/lurdinha.org\/site\/#organization"},"alternateName":"Lurdinha","potentialAction":[{"@type":"SearchAction","target":{"@type":"EntryPoint","urlTemplate":"https:\/\/lurdinha.org\/site\/?s={search_term_string}"},"query-input":{"@type":"PropertyValueSpecification","valueRequired":true,"valueName":"search_term_string"}}],"inLanguage":"pt-BR"},{"@type":"Organization","@id":"https:\/\/lurdinha.org\/site\/#organization","name":"Lurdinha de Caxias","url":"https:\/\/lurdinha.org\/site\/","logo":{"@type":"ImageObject","inLanguage":"pt-BR","@id":"https:\/\/lurdinha.org\/site\/#\/schema\/logo\/image\/","url":"https:\/\/lurdinha.org\/site\/wp-content\/uploads\/logo-lurdinha.jpg","contentUrl":"https:\/\/lurdinha.org\/site\/wp-content\/uploads\/logo-lurdinha.jpg","width":640,"height":60,"caption":"Lurdinha de Caxias"},"image":{"@id":"https:\/\/lurdinha.org\/site\/#\/schema\/logo\/image\/"},"sameAs":["https:\/\/www.facebook.com\/LurdinhadeCaxias","https:\/\/www.instagram.com\/lurdinhadecaxias"]},{"@type":"Person","@id":"https:\/\/lurdinha.org\/site\/#\/schema\/person\/25ede176617af6b572f2f01289e72526","name":"Igor Freitas Lima","image":{"@type":"ImageObject","inLanguage":"pt-BR","@id":"https:\/\/secure.gravatar.com\/avatar\/ef2bed1b1c66f48b331c8f358b5c1f0e3ad42c5eaebbfa2417e39351fe95a793?s=96&d=mm&r=g","url":"https:\/\/secure.gravatar.com\/avatar\/ef2bed1b1c66f48b331c8f358b5c1f0e3ad42c5eaebbfa2417e39351fe95a793?s=96&d=mm&r=g","contentUrl":"https:\/\/secure.gravatar.com\/avatar\/ef2bed1b1c66f48b331c8f358b5c1f0e3ad42c5eaebbfa2417e39351fe95a793?s=96&d=mm&r=g","caption":"Igor Freitas Lima"},"description":"Fot\u00f3grafo e m\u00fasico. Integra o Coletivo Fala e o Barrac\u00e3o.","sameAs":["igor.f.lima.3","https:\/\/www.instagram.com\/igorfreitasbxd"],"url":"https:\/\/lurdinha.org\/site\/author\/igorfreitas\/"}]}},"views":4686,"_links":{"self":[{"href":"https:\/\/lurdinha.org\/site\/wp-json\/wp\/v2\/posts\/7818","targetHints":{"allow":["GET"]}}],"collection":[{"href":"https:\/\/lurdinha.org\/site\/wp-json\/wp\/v2\/posts"}],"about":[{"href":"https:\/\/lurdinha.org\/site\/wp-json\/wp\/v2\/types\/post"}],"author":[{"embeddable":true,"href":"https:\/\/lurdinha.org\/site\/wp-json\/wp\/v2\/users\/48"}],"replies":[{"embeddable":true,"href":"https:\/\/lurdinha.org\/site\/wp-json\/wp\/v2\/comments?post=7818"}],"version-history":[{"count":3,"href":"https:\/\/lurdinha.org\/site\/wp-json\/wp\/v2\/posts\/7818\/revisions"}],"predecessor-version":[{"id":7826,"href":"https:\/\/lurdinha.org\/site\/wp-json\/wp\/v2\/posts\/7818\/revisions\/7826"}],"wp:featuredmedia":[{"embeddable":true,"href":"https:\/\/lurdinha.org\/site\/wp-json\/wp\/v2\/media\/7824"}],"wp:attachment":[{"href":"https:\/\/lurdinha.org\/site\/wp-json\/wp\/v2\/media?parent=7818"}],"wp:term":[{"taxonomy":"category","embeddable":true,"href":"https:\/\/lurdinha.org\/site\/wp-json\/wp\/v2\/categories?post=7818"},{"taxonomy":"post_tag","embeddable":true,"href":"https:\/\/lurdinha.org\/site\/wp-json\/wp\/v2\/tags?post=7818"}],"curies":[{"name":"wp","href":"https:\/\/api.w.org\/{rel}","templated":true}]}}