{"id":7532,"date":"2018-10-15T04:07:42","date_gmt":"2018-10-15T04:07:42","guid":{"rendered":"http:\/\/lurdinha.org\/site\/?p=7532"},"modified":"2018-10-15T04:27:23","modified_gmt":"2018-10-15T04:27:23","slug":"integracao-metropolitana","status":"publish","type":"post","link":"https:\/\/lurdinha.org\/site\/integracao-metropolitana\/","title":{"rendered":"Integra\u00e7\u00e3o metropolitana"},"content":{"rendered":"<p><strong>O novo governador tem o desafio de continuar o trabalho iniciado pela C\u00e2mara Metropolitana e lan\u00e7ar um novo padr\u00e3o de desenvolvimento<\/strong><\/p>\n<p><em>Henrique Silveira e Vitor Mihessen<\/em><br \/>\n12\/10\/2018<\/p>\n<p>Novamente vamos \u00e0s urnas decidir quem nos representar\u00e1 nos governos estaduais e federal. No Rio, as candidaturas precisam apresentar caminhos para superarmos a grave crise que atinge o pa\u00eds e o estado. A urg\u00eancia de coordena\u00e7\u00e3o pol\u00edtica e a necessidade de planejamento das pol\u00edticas p\u00fablicas podem ser o impulso para a retomada da governan\u00e7a metropolitana no Rio, conforme determina o Estatuto da Metr\u00f3pole.<\/p>\n<p>A boa not\u00edcia \u00e9 que alguns passos j\u00e1 foram dados. Em junho, o governo do estado entregou o Plano Metropolitano, que apresenta uma vis\u00e3o de futuro para a metr\u00f3pole fluminense. O documento foi coordenado pela C\u00e2mara Metropolitana e produzido pelos escrit\u00f3rios Jaime Lerner e Quanta Consultoria.<\/p>\n<p>O Rio tem o maior tempo m\u00e9dio de deslocamento casa-trabalho no Brasil. O diagn\u00f3stico do Plano Metropolitano revela a necessidade de estimular o desenvolvimento das centralidades urbanas e tratar as profundas desigualdades sociais e espaciais. A mensagem central \u00e9 a constru\u00e7\u00e3o de uma estrutura urbana polinucleada, que aproxime a moradia dos locais com maior oferta de emprego e servi\u00e7os. Priorizar programas de desenvolvimento urbano, social e econ\u00f4mico na Zona Oeste, na Baixada e em S\u00e3o Gon\u00e7alo, assim como a produ\u00e7\u00e3o de habita\u00e7\u00e3o social em \u00e1reas centrais, pode reduzir a necessidade dos longos deslocamentos di\u00e1rios.<\/p>\n<p>O novo governador tem o desafio de continuar o trabalho iniciado pela C\u00e2mara Metropolitana e lan\u00e7ar as bases para um novo padr\u00e3o de desenvolvimento urbano no Rio, mais compacto, inclusivo e sustent\u00e1vel.<br \/>\nCom esse olhar metropolitano, a Casa Fluminense e sua rede de parceiros da sociedade civil v\u00eam trabalhando na constru\u00e7\u00e3o coletiva de uma agenda comum que propague essa vis\u00e3o e estimule a\u00e7\u00f5es do poder p\u00fablico. A Agenda Rio 2030 \u00e9 a s\u00edntese deste conjunto de propostas e uma das ferramentas do movimento Rio por Inteiro, que visa a fomentar a participa\u00e7\u00e3o social nas elei\u00e7\u00f5es. O passo seguinte \u00e9 monitorar esses compromissos, exigindo transpar\u00eancia e participa\u00e7\u00e3o social.<\/p>\n<p><em><strong><a href=\"http:\/\/lurdinha.org\/site\/author\/henriquesilveira\/\">Henrique Silveira<\/a> \u00e9 coordenador executivo da Casa Fluminense, e Vitor Mihessen \u00e9 coordenador de informa\u00e7\u00e3o da Casa Fluminense<\/strong><\/em><\/p>\n<p>.<\/p>\n<p><em>Publicado originalmente na se\u00e7\u00e3o Opini\u00e3o do Jornal O Globo. <a href=\"https:\/\/oglobo.globo.com\/opiniao\/integracao-metropolitana-1-23150868\" target=\"_blank\" rel=\"noopener\">https:\/\/oglobo.globo.com\/opiniao\/integracao-metropolitana-1-23150868<\/a><\/em><\/p>\n","protected":false},"excerpt":{"rendered":"<p>O novo governador tem o desafio de continuar o trabalho iniciado pela C\u00e2mara Metropolitana e&#8230;<\/p>\n","protected":false},"author":16,"featured_media":0,"comment_status":"open","ping_status":"closed","sticky":false,"template":"","format":"standard","meta":{"footnotes":""},"categories":[4],"tags":[506,736,22,1010],"class_list":["post-7532","post","type-post","status-publish","format-standard","hentry","category-opiniao","tag-casa-fluminense","tag-regiao-metropolitana","tag-rio-de-janeiro","tag-rio-metropolitano"],"yoast_head":"<!-- This site is optimized with the Yoast SEO plugin v27.5 - https:\/\/yoast.com\/product\/yoast-seo-wordpress\/ -->\n<title>Integra\u00e7\u00e3o metropolitana - Lurdinha - Duque de Caxias para Est\u00f4magos Fortes<\/title>\n<meta name=\"robots\" content=\"index, follow, max-snippet:-1, max-image-preview:large, max-video-preview:-1\" \/>\n<link rel=\"canonical\" href=\"https:\/\/lurdinha.org\/site\/integracao-metropolitana\/\" \/>\n<meta property=\"og:locale\" content=\"pt_BR\" \/>\n<meta property=\"og:type\" content=\"article\" \/>\n<meta property=\"og:title\" content=\"Integra\u00e7\u00e3o metropolitana - Lurdinha - Duque de Caxias para Est\u00f4magos Fortes\" \/>\n<meta property=\"og:description\" content=\"O novo governador tem o desafio de continuar o trabalho iniciado pela C\u00e2mara Metropolitana e...\" \/>\n<meta property=\"og:url\" content=\"https:\/\/lurdinha.org\/site\/integracao-metropolitana\/\" \/>\n<meta property=\"og:site_name\" content=\"Lurdinha - Duque de Caxias para Est\u00f4magos Fortes\" \/>\n<meta property=\"article:publisher\" content=\"https:\/\/www.facebook.com\/LurdinhadeCaxias\" \/>\n<meta property=\"article:author\" content=\"henrique.silveira.319\" \/>\n<meta property=\"article:published_time\" content=\"2018-10-15T04:07:42+00:00\" \/>\n<meta property=\"article:modified_time\" content=\"2018-10-15T04:27:23+00:00\" \/>\n<meta name=\"author\" content=\"Henrique Silveira\" \/>\n<meta name=\"twitter:card\" content=\"summary_large_image\" \/>\n<meta name=\"twitter:label1\" content=\"Escrito por\" \/>\n\t<meta name=\"twitter:data1\" content=\"Henrique Silveira\" \/>\n\t<meta name=\"twitter:label2\" content=\"Est. tempo de leitura\" \/>\n\t<meta name=\"twitter:data2\" content=\"2 minutos\" \/>\n<script type=\"application\/ld+json\" class=\"yoast-schema-graph\">{\"@context\":\"https:\\\/\\\/schema.org\",\"@graph\":[{\"@type\":\"Article\",\"@id\":\"https:\\\/\\\/lurdinha.org\\\/site\\\/integracao-metropolitana\\\/#article\",\"isPartOf\":{\"@id\":\"https:\\\/\\\/lurdinha.org\\\/site\\\/integracao-metropolitana\\\/\"},\"author\":{\"name\":\"Henrique Silveira\",\"@id\":\"https:\\\/\\\/lurdinha.org\\\/site\\\/#\\\/schema\\\/person\\\/b7f36739e477fd3809ed9f880d85ba89\"},\"headline\":\"Integra\u00e7\u00e3o metropolitana\",\"datePublished\":\"2018-10-15T04:07:42+00:00\",\"dateModified\":\"2018-10-15T04:27:23+00:00\",\"mainEntityOfPage\":{\"@id\":\"https:\\\/\\\/lurdinha.org\\\/site\\\/integracao-metropolitana\\\/\"},\"wordCount\":409,\"commentCount\":0,\"publisher\":{\"@id\":\"https:\\\/\\\/lurdinha.org\\\/site\\\/#organization\"},\"keywords\":[\"Casa Fluminense\",\"regi\u00e3o metropolitana\",\"rio de janeiro\",\"rio metropolitano\"],\"articleSection\":[\"uma opini\u00e3o\"],\"inLanguage\":\"pt-BR\",\"potentialAction\":[{\"@type\":\"CommentAction\",\"name\":\"Comment\",\"target\":[\"https:\\\/\\\/lurdinha.org\\\/site\\\/integracao-metropolitana\\\/#respond\"]}]},{\"@type\":\"WebPage\",\"@id\":\"https:\\\/\\\/lurdinha.org\\\/site\\\/integracao-metropolitana\\\/\",\"url\":\"https:\\\/\\\/lurdinha.org\\\/site\\\/integracao-metropolitana\\\/\",\"name\":\"Integra\u00e7\u00e3o metropolitana - Lurdinha - Duque de Caxias para Est\u00f4magos Fortes\",\"isPartOf\":{\"@id\":\"https:\\\/\\\/lurdinha.org\\\/site\\\/#website\"},\"datePublished\":\"2018-10-15T04:07:42+00:00\",\"dateModified\":\"2018-10-15T04:27:23+00:00\",\"breadcrumb\":{\"@id\":\"https:\\\/\\\/lurdinha.org\\\/site\\\/integracao-metropolitana\\\/#breadcrumb\"},\"inLanguage\":\"pt-BR\",\"potentialAction\":[{\"@type\":\"ReadAction\",\"target\":[\"https:\\\/\\\/lurdinha.org\\\/site\\\/integracao-metropolitana\\\/\"]}]},{\"@type\":\"BreadcrumbList\",\"@id\":\"https:\\\/\\\/lurdinha.org\\\/site\\\/integracao-metropolitana\\\/#breadcrumb\",\"itemListElement\":[{\"@type\":\"ListItem\",\"position\":1,\"name\":\"In\u00edcio\",\"item\":\"https:\\\/\\\/lurdinha.org\\\/site\\\/\"},{\"@type\":\"ListItem\",\"position\":2,\"name\":\"Integra\u00e7\u00e3o metropolitana\"}]},{\"@type\":\"WebSite\",\"@id\":\"https:\\\/\\\/lurdinha.org\\\/site\\\/#website\",\"url\":\"https:\\\/\\\/lurdinha.org\\\/site\\\/\",\"name\":\"Lurdinha - Duque de Caxias para Est\u00f4magos Fortes\",\"description\":\"Site sobre Arte, Cultura, Pol\u00edtica, Sociedade e curiosidades da cidade de Duque de Caxias, RJ\",\"publisher\":{\"@id\":\"https:\\\/\\\/lurdinha.org\\\/site\\\/#organization\"},\"alternateName\":\"Lurdinha\",\"potentialAction\":[{\"@type\":\"SearchAction\",\"target\":{\"@type\":\"EntryPoint\",\"urlTemplate\":\"https:\\\/\\\/lurdinha.org\\\/site\\\/?s={search_term_string}\"},\"query-input\":{\"@type\":\"PropertyValueSpecification\",\"valueRequired\":true,\"valueName\":\"search_term_string\"}}],\"inLanguage\":\"pt-BR\"},{\"@type\":\"Organization\",\"@id\":\"https:\\\/\\\/lurdinha.org\\\/site\\\/#organization\",\"name\":\"Lurdinha de Caxias\",\"url\":\"https:\\\/\\\/lurdinha.org\\\/site\\\/\",\"logo\":{\"@type\":\"ImageObject\",\"inLanguage\":\"pt-BR\",\"@id\":\"https:\\\/\\\/lurdinha.org\\\/site\\\/#\\\/schema\\\/logo\\\/image\\\/\",\"url\":\"https:\\\/\\\/lurdinha.org\\\/site\\\/wp-content\\\/uploads\\\/logo-lurdinha.jpg\",\"contentUrl\":\"https:\\\/\\\/lurdinha.org\\\/site\\\/wp-content\\\/uploads\\\/logo-lurdinha.jpg\",\"width\":640,\"height\":60,\"caption\":\"Lurdinha de Caxias\"},\"image\":{\"@id\":\"https:\\\/\\\/lurdinha.org\\\/site\\\/#\\\/schema\\\/logo\\\/image\\\/\"},\"sameAs\":[\"https:\\\/\\\/www.facebook.com\\\/LurdinhadeCaxias\",\"https:\\\/\\\/www.instagram.com\\\/lurdinhadecaxias\"]},{\"@type\":\"Person\",\"@id\":\"https:\\\/\\\/lurdinha.org\\\/site\\\/#\\\/schema\\\/person\\\/b7f36739e477fd3809ed9f880d85ba89\",\"name\":\"Henrique Silveira\",\"image\":{\"@type\":\"ImageObject\",\"inLanguage\":\"pt-BR\",\"@id\":\"https:\\\/\\\/secure.gravatar.com\\\/avatar\\\/65ed9674651bf1e369939454eea465de6a6b2c680f11e9374ce65b4952afaefc?s=96&d=mm&r=g\",\"url\":\"https:\\\/\\\/secure.gravatar.com\\\/avatar\\\/65ed9674651bf1e369939454eea465de6a6b2c680f11e9374ce65b4952afaefc?s=96&d=mm&r=g\",\"contentUrl\":\"https:\\\/\\\/secure.gravatar.com\\\/avatar\\\/65ed9674651bf1e369939454eea465de6a6b2c680f11e9374ce65b4952afaefc?s=96&d=mm&r=g\",\"caption\":\"Henrique Silveira\"},\"description\":\"Henrique Silveira \u00e9 ge\u00f3grafo, cofundador da Casa Fluminense e autor do livro \u201cRio por Inteiro: reflex\u00f5es sobre a cidade metropolitana\u201d.\",\"sameAs\":[\"henrique.silveira.319\"],\"url\":\"https:\\\/\\\/lurdinha.org\\\/site\\\/author\\\/henriquesilveira\\\/\"}]}<\/script>\n<!-- \/ Yoast SEO plugin. -->","yoast_head_json":{"title":"Integra\u00e7\u00e3o metropolitana - Lurdinha - Duque de Caxias para Est\u00f4magos Fortes","robots":{"index":"index","follow":"follow","max-snippet":"max-snippet:-1","max-image-preview":"max-image-preview:large","max-video-preview":"max-video-preview:-1"},"canonical":"https:\/\/lurdinha.org\/site\/integracao-metropolitana\/","og_locale":"pt_BR","og_type":"article","og_title":"Integra\u00e7\u00e3o metropolitana - Lurdinha - Duque de Caxias para Est\u00f4magos Fortes","og_description":"O novo governador tem o desafio de continuar o trabalho iniciado pela C\u00e2mara Metropolitana e...","og_url":"https:\/\/lurdinha.org\/site\/integracao-metropolitana\/","og_site_name":"Lurdinha - Duque de Caxias para Est\u00f4magos Fortes","article_publisher":"https:\/\/www.facebook.com\/LurdinhadeCaxias","article_author":"henrique.silveira.319","article_published_time":"2018-10-15T04:07:42+00:00","article_modified_time":"2018-10-15T04:27:23+00:00","author":"Henrique Silveira","twitter_card":"summary_large_image","twitter_misc":{"Escrito por":"Henrique Silveira","Est. tempo de leitura":"2 minutos"},"schema":{"@context":"https:\/\/schema.org","@graph":[{"@type":"Article","@id":"https:\/\/lurdinha.org\/site\/integracao-metropolitana\/#article","isPartOf":{"@id":"https:\/\/lurdinha.org\/site\/integracao-metropolitana\/"},"author":{"name":"Henrique Silveira","@id":"https:\/\/lurdinha.org\/site\/#\/schema\/person\/b7f36739e477fd3809ed9f880d85ba89"},"headline":"Integra\u00e7\u00e3o metropolitana","datePublished":"2018-10-15T04:07:42+00:00","dateModified":"2018-10-15T04:27:23+00:00","mainEntityOfPage":{"@id":"https:\/\/lurdinha.org\/site\/integracao-metropolitana\/"},"wordCount":409,"commentCount":0,"publisher":{"@id":"https:\/\/lurdinha.org\/site\/#organization"},"keywords":["Casa Fluminense","regi\u00e3o metropolitana","rio de janeiro","rio metropolitano"],"articleSection":["uma opini\u00e3o"],"inLanguage":"pt-BR","potentialAction":[{"@type":"CommentAction","name":"Comment","target":["https:\/\/lurdinha.org\/site\/integracao-metropolitana\/#respond"]}]},{"@type":"WebPage","@id":"https:\/\/lurdinha.org\/site\/integracao-metropolitana\/","url":"https:\/\/lurdinha.org\/site\/integracao-metropolitana\/","name":"Integra\u00e7\u00e3o metropolitana - Lurdinha - Duque de Caxias para Est\u00f4magos Fortes","isPartOf":{"@id":"https:\/\/lurdinha.org\/site\/#website"},"datePublished":"2018-10-15T04:07:42+00:00","dateModified":"2018-10-15T04:27:23+00:00","breadcrumb":{"@id":"https:\/\/lurdinha.org\/site\/integracao-metropolitana\/#breadcrumb"},"inLanguage":"pt-BR","potentialAction":[{"@type":"ReadAction","target":["https:\/\/lurdinha.org\/site\/integracao-metropolitana\/"]}]},{"@type":"BreadcrumbList","@id":"https:\/\/lurdinha.org\/site\/integracao-metropolitana\/#breadcrumb","itemListElement":[{"@type":"ListItem","position":1,"name":"In\u00edcio","item":"https:\/\/lurdinha.org\/site\/"},{"@type":"ListItem","position":2,"name":"Integra\u00e7\u00e3o metropolitana"}]},{"@type":"WebSite","@id":"https:\/\/lurdinha.org\/site\/#website","url":"https:\/\/lurdinha.org\/site\/","name":"Lurdinha - Duque de Caxias para Est\u00f4magos Fortes","description":"Site sobre Arte, Cultura, Pol\u00edtica, Sociedade e curiosidades da cidade de Duque de Caxias, RJ","publisher":{"@id":"https:\/\/lurdinha.org\/site\/#organization"},"alternateName":"Lurdinha","potentialAction":[{"@type":"SearchAction","target":{"@type":"EntryPoint","urlTemplate":"https:\/\/lurdinha.org\/site\/?s={search_term_string}"},"query-input":{"@type":"PropertyValueSpecification","valueRequired":true,"valueName":"search_term_string"}}],"inLanguage":"pt-BR"},{"@type":"Organization","@id":"https:\/\/lurdinha.org\/site\/#organization","name":"Lurdinha de Caxias","url":"https:\/\/lurdinha.org\/site\/","logo":{"@type":"ImageObject","inLanguage":"pt-BR","@id":"https:\/\/lurdinha.org\/site\/#\/schema\/logo\/image\/","url":"https:\/\/lurdinha.org\/site\/wp-content\/uploads\/logo-lurdinha.jpg","contentUrl":"https:\/\/lurdinha.org\/site\/wp-content\/uploads\/logo-lurdinha.jpg","width":640,"height":60,"caption":"Lurdinha de Caxias"},"image":{"@id":"https:\/\/lurdinha.org\/site\/#\/schema\/logo\/image\/"},"sameAs":["https:\/\/www.facebook.com\/LurdinhadeCaxias","https:\/\/www.instagram.com\/lurdinhadecaxias"]},{"@type":"Person","@id":"https:\/\/lurdinha.org\/site\/#\/schema\/person\/b7f36739e477fd3809ed9f880d85ba89","name":"Henrique Silveira","image":{"@type":"ImageObject","inLanguage":"pt-BR","@id":"https:\/\/secure.gravatar.com\/avatar\/65ed9674651bf1e369939454eea465de6a6b2c680f11e9374ce65b4952afaefc?s=96&d=mm&r=g","url":"https:\/\/secure.gravatar.com\/avatar\/65ed9674651bf1e369939454eea465de6a6b2c680f11e9374ce65b4952afaefc?s=96&d=mm&r=g","contentUrl":"https:\/\/secure.gravatar.com\/avatar\/65ed9674651bf1e369939454eea465de6a6b2c680f11e9374ce65b4952afaefc?s=96&d=mm&r=g","caption":"Henrique Silveira"},"description":"Henrique Silveira \u00e9 ge\u00f3grafo, cofundador da Casa Fluminense e autor do livro \u201cRio por Inteiro: reflex\u00f5es sobre a cidade metropolitana\u201d.","sameAs":["henrique.silveira.319"],"url":"https:\/\/lurdinha.org\/site\/author\/henriquesilveira\/"}]}},"views":1930,"_links":{"self":[{"href":"https:\/\/lurdinha.org\/site\/wp-json\/wp\/v2\/posts\/7532","targetHints":{"allow":["GET"]}}],"collection":[{"href":"https:\/\/lurdinha.org\/site\/wp-json\/wp\/v2\/posts"}],"about":[{"href":"https:\/\/lurdinha.org\/site\/wp-json\/wp\/v2\/types\/post"}],"author":[{"embeddable":true,"href":"https:\/\/lurdinha.org\/site\/wp-json\/wp\/v2\/users\/16"}],"replies":[{"embeddable":true,"href":"https:\/\/lurdinha.org\/site\/wp-json\/wp\/v2\/comments?post=7532"}],"version-history":[{"count":3,"href":"https:\/\/lurdinha.org\/site\/wp-json\/wp\/v2\/posts\/7532\/revisions"}],"predecessor-version":[{"id":7535,"href":"https:\/\/lurdinha.org\/site\/wp-json\/wp\/v2\/posts\/7532\/revisions\/7535"}],"wp:attachment":[{"href":"https:\/\/lurdinha.org\/site\/wp-json\/wp\/v2\/media?parent=7532"}],"wp:term":[{"taxonomy":"category","embeddable":true,"href":"https:\/\/lurdinha.org\/site\/wp-json\/wp\/v2\/categories?post=7532"},{"taxonomy":"post_tag","embeddable":true,"href":"https:\/\/lurdinha.org\/site\/wp-json\/wp\/v2\/tags?post=7532"}],"curies":[{"name":"wp","href":"https:\/\/api.w.org\/{rel}","templated":true}]}}