{"id":7500,"date":"2018-09-21T14:54:37","date_gmt":"2018-09-21T14:54:37","guid":{"rendered":"http:\/\/lurdinha.org\/site\/?p=7500"},"modified":"2018-09-21T15:00:15","modified_gmt":"2018-09-21T15:00:15","slug":"programacao-cultural-intensa-no-sarau-janelas-floridas-dia-21-09","status":"publish","type":"post","link":"https:\/\/lurdinha.org\/site\/programacao-cultural-intensa-no-sarau-janelas-floridas-dia-21-09\/","title":{"rendered":"Programa\u00e7\u00e3o cultural intensa no Sarau Janelas Floridas, dia 21\/09"},"content":{"rendered":"<p><img loading=\"lazy\" decoding=\"async\" class=\"alignnone size-large wp-image-7504\" src=\"http:\/\/lurdinha.org\/site\/wp-content\/uploads\/sarau-janelas-floridas-610x715.jpg\" alt=\"Sarau Janelas Floridas Escola \u00c1lvaro Alberto, nossa querida Mate com AnguSarau Janelas Floridas Escola \u00c1lvaro Alberto, nossa querida Mate com Angu\" width=\"610\" height=\"715\" srcset=\"https:\/\/lurdinha.org\/site\/wp-content\/uploads\/sarau-janelas-floridas-610x715.jpg 610w, https:\/\/lurdinha.org\/site\/wp-content\/uploads\/sarau-janelas-floridas-256x300.jpg 256w, https:\/\/lurdinha.org\/site\/wp-content\/uploads\/sarau-janelas-floridas-768x900.jpg 768w, https:\/\/lurdinha.org\/site\/wp-content\/uploads\/sarau-janelas-floridas.jpg 819w\" sizes=\"auto, (max-width: 610px) 100vw, 610px\" \/><\/p>\n<p>Momentos de muitas celebra\u00e7\u00f5es em mais uma edi\u00e7\u00e3o do Sarau Janelas Floridas Escola na Escola Dr. \u00c1lvaro Alberto, a lend\u00e1ria Escola Regional de Meriti, tamb\u00e9m conhecida como Mate com Angu.<\/p>\n<p>Al\u00e9m de m\u00fasica e microfone aberto para a poesia, vai acontecer o relan\u00e7amento do livro &#8220;<strong>A Escola Regional de Meriti (Document\u00e1rio)<\/strong>&#8220;, publica\u00e7\u00e3o organizada pela pr\u00f3pria fundadora da Escola, a Dona Armanda \u00c1lvaro Alberto. O livro \u00e9 uma raridade e o relan\u00e7amento \u00e9 fruto de uma mobiliza\u00e7\u00e3o da sociedade civil da cidade.<\/p>\n<p>Tamb\u00e9m fazem parte da programa\u00e7\u00e3o uma homenagem \u00e0 professora e pintora <strong>Martha Rossi<\/strong>, falecida recentemente aos 96 anos de idade, e uma troca de ideias para a revitaliza\u00e7\u00e3o da Escola como Patrim\u00f4nio Hist\u00f3rico<\/p>\n<p>A atra\u00e7\u00e3o musical fica por conta do cantor e compositor Beto Gaspari e v\u00e1rios poetas confirmaram presen\u00e7a para o momento tradicional de microfone aberto.<\/p>\n<p>A Escola Dr. Alvaro Alberto fica na rua Deputado Romeiro Junior, 273, Centro de Caxias, atr\u00e1s da Catedral de Santo Ant\u00f4nio.<\/p>\n<p>Mais informa\u00e7\u00f5es tem na p\u00e1gina do evento: <a href=\"https:\/\/web.facebook.com\/events\/2171264203129838\/\" target=\"_blank\" rel=\"noopener\">https:\/\/web.facebook.com\/events\/2171264203129838\/<\/a><\/p>\n<p>&nbsp;<\/p>\n","protected":false},"excerpt":{"rendered":"<p>Momentos de muitas celebra\u00e7\u00f5es em mais uma edi\u00e7\u00e3o do Sarau Janelas Floridas Escola na Escola&#8230;<\/p>\n","protected":false},"author":2,"featured_media":7504,"comment_status":"open","ping_status":"closed","sticky":false,"template":"","format":"standard","meta":{"footnotes":""},"categories":[8,9,5,4],"tags":[45,46,68,1001],"class_list":["post-7500","post","type-post","status-publish","format-standard","has-post-thumbnail","hentry","category-evento","category-historia","category-umaboa","category-opiniao","tag-armanda-alvaro-alberto","tag-escola-regional-de-meriti","tag-mate-com-angu","tag-sarau-janelas-floridas"],"yoast_head":"<!-- This site is optimized with the Yoast SEO plugin v27.5 - https:\/\/yoast.com\/product\/yoast-seo-wordpress\/ -->\n<title>Programa\u00e7\u00e3o cultural intensa no Sarau Janelas Floridas, dia 21\/09 - Lurdinha - Duque de Caxias para Est\u00f4magos Fortes<\/title>\n<meta name=\"robots\" content=\"index, follow, max-snippet:-1, max-image-preview:large, max-video-preview:-1\" \/>\n<link rel=\"canonical\" href=\"https:\/\/lurdinha.org\/site\/programacao-cultural-intensa-no-sarau-janelas-floridas-dia-21-09\/\" \/>\n<meta property=\"og:locale\" content=\"pt_BR\" \/>\n<meta property=\"og:type\" content=\"article\" \/>\n<meta property=\"og:title\" content=\"Programa\u00e7\u00e3o cultural intensa no Sarau Janelas Floridas, dia 21\/09 - Lurdinha - Duque de Caxias para Est\u00f4magos Fortes\" \/>\n<meta property=\"og:description\" content=\"Momentos de muitas celebra\u00e7\u00f5es em mais uma edi\u00e7\u00e3o do Sarau Janelas Floridas Escola na Escola...\" \/>\n<meta property=\"og:url\" content=\"https:\/\/lurdinha.org\/site\/programacao-cultural-intensa-no-sarau-janelas-floridas-dia-21-09\/\" \/>\n<meta property=\"og:site_name\" content=\"Lurdinha - Duque de Caxias para Est\u00f4magos Fortes\" \/>\n<meta property=\"article:publisher\" content=\"https:\/\/www.facebook.com\/LurdinhadeCaxias\" \/>\n<meta property=\"article:author\" content=\"botocudo\" \/>\n<meta property=\"article:published_time\" content=\"2018-09-21T14:54:37+00:00\" \/>\n<meta property=\"article:modified_time\" content=\"2018-09-21T15:00:15+00:00\" \/>\n<meta property=\"og:image\" content=\"https:\/\/lurdinha.org\/site\/wp-content\/uploads\/sarau-janelas-floridas.jpg\" \/>\n\t<meta property=\"og:image:width\" content=\"819\" \/>\n\t<meta property=\"og:image:height\" content=\"960\" \/>\n\t<meta property=\"og:image:type\" content=\"image\/jpeg\" \/>\n<meta name=\"author\" content=\"heraldo hb\" \/>\n<meta name=\"twitter:card\" content=\"summary_large_image\" \/>\n<meta name=\"twitter:label1\" content=\"Escrito por\" \/>\n\t<meta name=\"twitter:data1\" content=\"heraldo hb\" \/>\n\t<meta name=\"twitter:label2\" content=\"Est. tempo de leitura\" \/>\n\t<meta name=\"twitter:data2\" content=\"1 minuto\" \/>\n<script type=\"application\/ld+json\" class=\"yoast-schema-graph\">{\"@context\":\"https:\\\/\\\/schema.org\",\"@graph\":[{\"@type\":\"Article\",\"@id\":\"https:\\\/\\\/lurdinha.org\\\/site\\\/programacao-cultural-intensa-no-sarau-janelas-floridas-dia-21-09\\\/#article\",\"isPartOf\":{\"@id\":\"https:\\\/\\\/lurdinha.org\\\/site\\\/programacao-cultural-intensa-no-sarau-janelas-floridas-dia-21-09\\\/\"},\"author\":{\"name\":\"heraldo hb\",\"@id\":\"https:\\\/\\\/lurdinha.org\\\/site\\\/#\\\/schema\\\/person\\\/b833bb6a7f82598bf0e95e4c30874251\"},\"headline\":\"Programa\u00e7\u00e3o cultural intensa no Sarau Janelas Floridas, dia 21\\\/09\",\"datePublished\":\"2018-09-21T14:54:37+00:00\",\"dateModified\":\"2018-09-21T15:00:15+00:00\",\"mainEntityOfPage\":{\"@id\":\"https:\\\/\\\/lurdinha.org\\\/site\\\/programacao-cultural-intensa-no-sarau-janelas-floridas-dia-21-09\\\/\"},\"wordCount\":200,\"commentCount\":0,\"publisher\":{\"@id\":\"https:\\\/\\\/lurdinha.org\\\/site\\\/#organization\"},\"image\":{\"@id\":\"https:\\\/\\\/lurdinha.org\\\/site\\\/programacao-cultural-intensa-no-sarau-janelas-floridas-dia-21-09\\\/#primaryimage\"},\"thumbnailUrl\":\"https:\\\/\\\/lurdinha.org\\\/site\\\/wp-content\\\/uploads\\\/sarau-janelas-floridas.jpg\",\"keywords\":[\"armanda alvaro alberto\",\"escola regional de meriti\",\"Mate Com Angu\",\"Sarau Janelas Floridas\"],\"articleSection\":[\"evento\",\"hist\u00f3ria\",\"uma boa\",\"uma opini\u00e3o\"],\"inLanguage\":\"pt-BR\",\"potentialAction\":[{\"@type\":\"CommentAction\",\"name\":\"Comment\",\"target\":[\"https:\\\/\\\/lurdinha.org\\\/site\\\/programacao-cultural-intensa-no-sarau-janelas-floridas-dia-21-09\\\/#respond\"]}]},{\"@type\":\"WebPage\",\"@id\":\"https:\\\/\\\/lurdinha.org\\\/site\\\/programacao-cultural-intensa-no-sarau-janelas-floridas-dia-21-09\\\/\",\"url\":\"https:\\\/\\\/lurdinha.org\\\/site\\\/programacao-cultural-intensa-no-sarau-janelas-floridas-dia-21-09\\\/\",\"name\":\"Programa\u00e7\u00e3o cultural intensa no Sarau Janelas Floridas, dia 21\\\/09 - Lurdinha - Duque de Caxias para Est\u00f4magos Fortes\",\"isPartOf\":{\"@id\":\"https:\\\/\\\/lurdinha.org\\\/site\\\/#website\"},\"primaryImageOfPage\":{\"@id\":\"https:\\\/\\\/lurdinha.org\\\/site\\\/programacao-cultural-intensa-no-sarau-janelas-floridas-dia-21-09\\\/#primaryimage\"},\"image\":{\"@id\":\"https:\\\/\\\/lurdinha.org\\\/site\\\/programacao-cultural-intensa-no-sarau-janelas-floridas-dia-21-09\\\/#primaryimage\"},\"thumbnailUrl\":\"https:\\\/\\\/lurdinha.org\\\/site\\\/wp-content\\\/uploads\\\/sarau-janelas-floridas.jpg\",\"datePublished\":\"2018-09-21T14:54:37+00:00\",\"dateModified\":\"2018-09-21T15:00:15+00:00\",\"breadcrumb\":{\"@id\":\"https:\\\/\\\/lurdinha.org\\\/site\\\/programacao-cultural-intensa-no-sarau-janelas-floridas-dia-21-09\\\/#breadcrumb\"},\"inLanguage\":\"pt-BR\",\"potentialAction\":[{\"@type\":\"ReadAction\",\"target\":[\"https:\\\/\\\/lurdinha.org\\\/site\\\/programacao-cultural-intensa-no-sarau-janelas-floridas-dia-21-09\\\/\"]}]},{\"@type\":\"ImageObject\",\"inLanguage\":\"pt-BR\",\"@id\":\"https:\\\/\\\/lurdinha.org\\\/site\\\/programacao-cultural-intensa-no-sarau-janelas-floridas-dia-21-09\\\/#primaryimage\",\"url\":\"https:\\\/\\\/lurdinha.org\\\/site\\\/wp-content\\\/uploads\\\/sarau-janelas-floridas.jpg\",\"contentUrl\":\"https:\\\/\\\/lurdinha.org\\\/site\\\/wp-content\\\/uploads\\\/sarau-janelas-floridas.jpg\",\"width\":819,\"height\":960,\"caption\":\"Sarau Janelas Floridas Escola \u00c1lvaro Alberto, nossa querida Mate com AnguSarau Janelas Floridas Escola \u00c1lvaro Alberto, nossa querida Mate com Angu\"},{\"@type\":\"BreadcrumbList\",\"@id\":\"https:\\\/\\\/lurdinha.org\\\/site\\\/programacao-cultural-intensa-no-sarau-janelas-floridas-dia-21-09\\\/#breadcrumb\",\"itemListElement\":[{\"@type\":\"ListItem\",\"position\":1,\"name\":\"In\u00edcio\",\"item\":\"https:\\\/\\\/lurdinha.org\\\/site\\\/\"},{\"@type\":\"ListItem\",\"position\":2,\"name\":\"Programa\u00e7\u00e3o cultural intensa no Sarau Janelas Floridas, dia 21\\\/09\"}]},{\"@type\":\"WebSite\",\"@id\":\"https:\\\/\\\/lurdinha.org\\\/site\\\/#website\",\"url\":\"https:\\\/\\\/lurdinha.org\\\/site\\\/\",\"name\":\"Lurdinha - Duque de Caxias para Est\u00f4magos Fortes\",\"description\":\"Site sobre Arte, Cultura, Pol\u00edtica, Sociedade e curiosidades da cidade de Duque de Caxias, RJ\",\"publisher\":{\"@id\":\"https:\\\/\\\/lurdinha.org\\\/site\\\/#organization\"},\"alternateName\":\"Lurdinha\",\"potentialAction\":[{\"@type\":\"SearchAction\",\"target\":{\"@type\":\"EntryPoint\",\"urlTemplate\":\"https:\\\/\\\/lurdinha.org\\\/site\\\/?s={search_term_string}\"},\"query-input\":{\"@type\":\"PropertyValueSpecification\",\"valueRequired\":true,\"valueName\":\"search_term_string\"}}],\"inLanguage\":\"pt-BR\"},{\"@type\":\"Organization\",\"@id\":\"https:\\\/\\\/lurdinha.org\\\/site\\\/#organization\",\"name\":\"Lurdinha de Caxias\",\"url\":\"https:\\\/\\\/lurdinha.org\\\/site\\\/\",\"logo\":{\"@type\":\"ImageObject\",\"inLanguage\":\"pt-BR\",\"@id\":\"https:\\\/\\\/lurdinha.org\\\/site\\\/#\\\/schema\\\/logo\\\/image\\\/\",\"url\":\"https:\\\/\\\/lurdinha.org\\\/site\\\/wp-content\\\/uploads\\\/logo-lurdinha.jpg\",\"contentUrl\":\"https:\\\/\\\/lurdinha.org\\\/site\\\/wp-content\\\/uploads\\\/logo-lurdinha.jpg\",\"width\":640,\"height\":60,\"caption\":\"Lurdinha de Caxias\"},\"image\":{\"@id\":\"https:\\\/\\\/lurdinha.org\\\/site\\\/#\\\/schema\\\/logo\\\/image\\\/\"},\"sameAs\":[\"https:\\\/\\\/www.facebook.com\\\/LurdinhadeCaxias\",\"https:\\\/\\\/www.instagram.com\\\/lurdinhadecaxias\"]},{\"@type\":\"Person\",\"@id\":\"https:\\\/\\\/lurdinha.org\\\/site\\\/#\\\/schema\\\/person\\\/b833bb6a7f82598bf0e95e4c30874251\",\"name\":\"heraldo hb\",\"image\":{\"@type\":\"ImageObject\",\"inLanguage\":\"pt-BR\",\"@id\":\"https:\\\/\\\/secure.gravatar.com\\\/avatar\\\/5de9fe99c72cb6885bbdaa24b1c5738b0f673d265de18720fae7463d5f47b48d?s=96&d=mm&r=g\",\"url\":\"https:\\\/\\\/secure.gravatar.com\\\/avatar\\\/5de9fe99c72cb6885bbdaa24b1c5738b0f673d265de18720fae7463d5f47b48d?s=96&d=mm&r=g\",\"contentUrl\":\"https:\\\/\\\/secure.gravatar.com\\\/avatar\\\/5de9fe99c72cb6885bbdaa24b1c5738b0f673d265de18720fae7463d5f47b48d?s=96&d=mm&r=g\",\"caption\":\"heraldo hb\"},\"description\":\"Cineasta, animador cultural, escritor e educador nascido no s\u00e9culo XX\",\"sameAs\":[\"http:\\\/\\\/wwww.relinkare.org\",\"botocudo\",\"heraldohb\",\"relinkare\"],\"url\":\"https:\\\/\\\/lurdinha.org\\\/site\\\/author\\\/heraldohb\\\/\"}]}<\/script>\n<!-- \/ Yoast SEO plugin. -->","yoast_head_json":{"title":"Programa\u00e7\u00e3o cultural intensa no Sarau Janelas Floridas, dia 21\/09 - Lurdinha - Duque de Caxias para Est\u00f4magos Fortes","robots":{"index":"index","follow":"follow","max-snippet":"max-snippet:-1","max-image-preview":"max-image-preview:large","max-video-preview":"max-video-preview:-1"},"canonical":"https:\/\/lurdinha.org\/site\/programacao-cultural-intensa-no-sarau-janelas-floridas-dia-21-09\/","og_locale":"pt_BR","og_type":"article","og_title":"Programa\u00e7\u00e3o cultural intensa no Sarau Janelas Floridas, dia 21\/09 - Lurdinha - Duque de Caxias para Est\u00f4magos Fortes","og_description":"Momentos de muitas celebra\u00e7\u00f5es em mais uma edi\u00e7\u00e3o do Sarau Janelas Floridas Escola na Escola...","og_url":"https:\/\/lurdinha.org\/site\/programacao-cultural-intensa-no-sarau-janelas-floridas-dia-21-09\/","og_site_name":"Lurdinha - Duque de Caxias para Est\u00f4magos Fortes","article_publisher":"https:\/\/www.facebook.com\/LurdinhadeCaxias","article_author":"botocudo","article_published_time":"2018-09-21T14:54:37+00:00","article_modified_time":"2018-09-21T15:00:15+00:00","og_image":[{"width":819,"height":960,"url":"https:\/\/lurdinha.org\/site\/wp-content\/uploads\/sarau-janelas-floridas.jpg","type":"image\/jpeg"}],"author":"heraldo hb","twitter_card":"summary_large_image","twitter_misc":{"Escrito por":"heraldo hb","Est. tempo de leitura":"1 minuto"},"schema":{"@context":"https:\/\/schema.org","@graph":[{"@type":"Article","@id":"https:\/\/lurdinha.org\/site\/programacao-cultural-intensa-no-sarau-janelas-floridas-dia-21-09\/#article","isPartOf":{"@id":"https:\/\/lurdinha.org\/site\/programacao-cultural-intensa-no-sarau-janelas-floridas-dia-21-09\/"},"author":{"name":"heraldo hb","@id":"https:\/\/lurdinha.org\/site\/#\/schema\/person\/b833bb6a7f82598bf0e95e4c30874251"},"headline":"Programa\u00e7\u00e3o cultural intensa no Sarau Janelas Floridas, dia 21\/09","datePublished":"2018-09-21T14:54:37+00:00","dateModified":"2018-09-21T15:00:15+00:00","mainEntityOfPage":{"@id":"https:\/\/lurdinha.org\/site\/programacao-cultural-intensa-no-sarau-janelas-floridas-dia-21-09\/"},"wordCount":200,"commentCount":0,"publisher":{"@id":"https:\/\/lurdinha.org\/site\/#organization"},"image":{"@id":"https:\/\/lurdinha.org\/site\/programacao-cultural-intensa-no-sarau-janelas-floridas-dia-21-09\/#primaryimage"},"thumbnailUrl":"https:\/\/lurdinha.org\/site\/wp-content\/uploads\/sarau-janelas-floridas.jpg","keywords":["armanda alvaro alberto","escola regional de meriti","Mate Com Angu","Sarau Janelas Floridas"],"articleSection":["evento","hist\u00f3ria","uma boa","uma opini\u00e3o"],"inLanguage":"pt-BR","potentialAction":[{"@type":"CommentAction","name":"Comment","target":["https:\/\/lurdinha.org\/site\/programacao-cultural-intensa-no-sarau-janelas-floridas-dia-21-09\/#respond"]}]},{"@type":"WebPage","@id":"https:\/\/lurdinha.org\/site\/programacao-cultural-intensa-no-sarau-janelas-floridas-dia-21-09\/","url":"https:\/\/lurdinha.org\/site\/programacao-cultural-intensa-no-sarau-janelas-floridas-dia-21-09\/","name":"Programa\u00e7\u00e3o cultural intensa no Sarau Janelas Floridas, dia 21\/09 - Lurdinha - Duque de Caxias para Est\u00f4magos Fortes","isPartOf":{"@id":"https:\/\/lurdinha.org\/site\/#website"},"primaryImageOfPage":{"@id":"https:\/\/lurdinha.org\/site\/programacao-cultural-intensa-no-sarau-janelas-floridas-dia-21-09\/#primaryimage"},"image":{"@id":"https:\/\/lurdinha.org\/site\/programacao-cultural-intensa-no-sarau-janelas-floridas-dia-21-09\/#primaryimage"},"thumbnailUrl":"https:\/\/lurdinha.org\/site\/wp-content\/uploads\/sarau-janelas-floridas.jpg","datePublished":"2018-09-21T14:54:37+00:00","dateModified":"2018-09-21T15:00:15+00:00","breadcrumb":{"@id":"https:\/\/lurdinha.org\/site\/programacao-cultural-intensa-no-sarau-janelas-floridas-dia-21-09\/#breadcrumb"},"inLanguage":"pt-BR","potentialAction":[{"@type":"ReadAction","target":["https:\/\/lurdinha.org\/site\/programacao-cultural-intensa-no-sarau-janelas-floridas-dia-21-09\/"]}]},{"@type":"ImageObject","inLanguage":"pt-BR","@id":"https:\/\/lurdinha.org\/site\/programacao-cultural-intensa-no-sarau-janelas-floridas-dia-21-09\/#primaryimage","url":"https:\/\/lurdinha.org\/site\/wp-content\/uploads\/sarau-janelas-floridas.jpg","contentUrl":"https:\/\/lurdinha.org\/site\/wp-content\/uploads\/sarau-janelas-floridas.jpg","width":819,"height":960,"caption":"Sarau Janelas Floridas Escola \u00c1lvaro Alberto, nossa querida Mate com AnguSarau Janelas Floridas Escola \u00c1lvaro Alberto, nossa querida Mate com Angu"},{"@type":"BreadcrumbList","@id":"https:\/\/lurdinha.org\/site\/programacao-cultural-intensa-no-sarau-janelas-floridas-dia-21-09\/#breadcrumb","itemListElement":[{"@type":"ListItem","position":1,"name":"In\u00edcio","item":"https:\/\/lurdinha.org\/site\/"},{"@type":"ListItem","position":2,"name":"Programa\u00e7\u00e3o cultural intensa no Sarau Janelas Floridas, dia 21\/09"}]},{"@type":"WebSite","@id":"https:\/\/lurdinha.org\/site\/#website","url":"https:\/\/lurdinha.org\/site\/","name":"Lurdinha - Duque de Caxias para Est\u00f4magos Fortes","description":"Site sobre Arte, Cultura, Pol\u00edtica, Sociedade e curiosidades da cidade de Duque de Caxias, RJ","publisher":{"@id":"https:\/\/lurdinha.org\/site\/#organization"},"alternateName":"Lurdinha","potentialAction":[{"@type":"SearchAction","target":{"@type":"EntryPoint","urlTemplate":"https:\/\/lurdinha.org\/site\/?s={search_term_string}"},"query-input":{"@type":"PropertyValueSpecification","valueRequired":true,"valueName":"search_term_string"}}],"inLanguage":"pt-BR"},{"@type":"Organization","@id":"https:\/\/lurdinha.org\/site\/#organization","name":"Lurdinha de Caxias","url":"https:\/\/lurdinha.org\/site\/","logo":{"@type":"ImageObject","inLanguage":"pt-BR","@id":"https:\/\/lurdinha.org\/site\/#\/schema\/logo\/image\/","url":"https:\/\/lurdinha.org\/site\/wp-content\/uploads\/logo-lurdinha.jpg","contentUrl":"https:\/\/lurdinha.org\/site\/wp-content\/uploads\/logo-lurdinha.jpg","width":640,"height":60,"caption":"Lurdinha de Caxias"},"image":{"@id":"https:\/\/lurdinha.org\/site\/#\/schema\/logo\/image\/"},"sameAs":["https:\/\/www.facebook.com\/LurdinhadeCaxias","https:\/\/www.instagram.com\/lurdinhadecaxias"]},{"@type":"Person","@id":"https:\/\/lurdinha.org\/site\/#\/schema\/person\/b833bb6a7f82598bf0e95e4c30874251","name":"heraldo hb","image":{"@type":"ImageObject","inLanguage":"pt-BR","@id":"https:\/\/secure.gravatar.com\/avatar\/5de9fe99c72cb6885bbdaa24b1c5738b0f673d265de18720fae7463d5f47b48d?s=96&d=mm&r=g","url":"https:\/\/secure.gravatar.com\/avatar\/5de9fe99c72cb6885bbdaa24b1c5738b0f673d265de18720fae7463d5f47b48d?s=96&d=mm&r=g","contentUrl":"https:\/\/secure.gravatar.com\/avatar\/5de9fe99c72cb6885bbdaa24b1c5738b0f673d265de18720fae7463d5f47b48d?s=96&d=mm&r=g","caption":"heraldo hb"},"description":"Cineasta, animador cultural, escritor e educador nascido no s\u00e9culo XX","sameAs":["http:\/\/wwww.relinkare.org","botocudo","heraldohb","relinkare"],"url":"https:\/\/lurdinha.org\/site\/author\/heraldohb\/"}]}},"views":2705,"_links":{"self":[{"href":"https:\/\/lurdinha.org\/site\/wp-json\/wp\/v2\/posts\/7500","targetHints":{"allow":["GET"]}}],"collection":[{"href":"https:\/\/lurdinha.org\/site\/wp-json\/wp\/v2\/posts"}],"about":[{"href":"https:\/\/lurdinha.org\/site\/wp-json\/wp\/v2\/types\/post"}],"author":[{"embeddable":true,"href":"https:\/\/lurdinha.org\/site\/wp-json\/wp\/v2\/users\/2"}],"replies":[{"embeddable":true,"href":"https:\/\/lurdinha.org\/site\/wp-json\/wp\/v2\/comments?post=7500"}],"version-history":[{"count":6,"href":"https:\/\/lurdinha.org\/site\/wp-json\/wp\/v2\/posts\/7500\/revisions"}],"predecessor-version":[{"id":7509,"href":"https:\/\/lurdinha.org\/site\/wp-json\/wp\/v2\/posts\/7500\/revisions\/7509"}],"wp:featuredmedia":[{"embeddable":true,"href":"https:\/\/lurdinha.org\/site\/wp-json\/wp\/v2\/media\/7504"}],"wp:attachment":[{"href":"https:\/\/lurdinha.org\/site\/wp-json\/wp\/v2\/media?parent=7500"}],"wp:term":[{"taxonomy":"category","embeddable":true,"href":"https:\/\/lurdinha.org\/site\/wp-json\/wp\/v2\/categories?post=7500"},{"taxonomy":"post_tag","embeddable":true,"href":"https:\/\/lurdinha.org\/site\/wp-json\/wp\/v2\/tags?post=7500"}],"curies":[{"name":"wp","href":"https:\/\/api.w.org\/{rel}","templated":true}]}}