{"id":7311,"date":"2018-05-17T15:09:42","date_gmt":"2018-05-17T15:09:42","guid":{"rendered":"http:\/\/lurdinha.org\/site\/?p=7311"},"modified":"2018-05-17T15:12:37","modified_gmt":"2018-05-17T15:12:37","slug":"participacao-social-e-renovacao-politica-no-rio","status":"publish","type":"post","link":"https:\/\/lurdinha.org\/site\/participacao-social-e-renovacao-politica-no-rio\/","title":{"rendered":"Participa\u00e7\u00e3o social e renova\u00e7\u00e3o pol\u00edtica no Rio"},"content":{"rendered":"<div id=\"geral\">\n<section id=\"content\">\n<article>\n<div id=\"HOTWordsTxt\">\n<p>O desfile da Para\u00edso do Tuiuti, durante o carnaval de 2018, foi o abre-alas para um ano que j\u00e1 nasceu hist\u00f3rico. Uma s\u00edntese pl\u00e1stica dos 130 anos da aboli\u00e7\u00e3o, partindo de nossa heran\u00e7a escravagista e autorit\u00e1ria, passando pelas diversas formas de submiss\u00e3o e de resist\u00eancia dos negros ao longo do s\u00e9culo 20 at\u00e9 chegar ao \u201cimpeachment\u201d de 2016. Uma obra-prima da cultura popular brasileira. Ela refor\u00e7ou a import\u00e2ncia da luta por igualdade racial e a necessidade de novas lideran\u00e7as pol\u00edticas que trabalhem por justi\u00e7a social no Brasil. Mas o que ningu\u00e9m imaginaria \u00e9 que, antes do desfile das campe\u00e3s, menos de uma semana depois daquela hist\u00f3rica apresenta\u00e7\u00e3o, o Rio enfrentaria uma interven\u00e7\u00e3o federal, fruto de uma manobra do governo Temer diante do v\u00e1cuo de lideran\u00e7a pol\u00edtica no estado.<\/p>\n<p>O v\u00e1cuo de lideran\u00e7a no Rio vem aumentando nos \u00faltimos anos. De um lado, crise fiscal, econ\u00f4mica e pol\u00edtica do estado reduziram a p\u00f3 o capital pol\u00edtico do governador Pez\u00e3o. De outro, o prefeito Marcelo Crivella poderia assumir maior protagonismo na coordena\u00e7\u00e3o de uma agenda positiva, com planejamento, transpar\u00eancia e participa\u00e7\u00e3o social, mas o Plano Estrat\u00e9gico da Prefeitura (2017-2020) sequer foi finalizado. A interven\u00e7\u00e3o federal no Rio \u00e9 o s\u00edmbolo de nossa incapacidade coletiva de produzir solu\u00e7\u00f5es para nossos pr\u00f3prios problemas. Foi em meio ao vazio e \u00e0s incertezas sobre os rumos da interven\u00e7\u00e3o que a vereadora Marielle Franco foi brutalmente assassinada. Marielle representava a renova\u00e7\u00e3o e a diversidade pol\u00edtica que nosso pa\u00eds precisa: mulher, negra, favelada e bissexual. O impacto de sua morte possui m\u00faltiplas consequ\u00eancias, uma delas \u00e9 o medo com o qual as jovens lideran\u00e7as populares passaram a conviver na sua atua\u00e7\u00e3o pol\u00edtica.<\/p>\n<p>Diante dessa conjuntura complexa \u00e9 que precisam emergir movimentos cidad\u00e3os e suprapartid\u00e1rios, com capacidade de aglutinar diversos setores da sociedade em torno do debate democr\u00e1tico e plural sobre o desenvolvimento da Regi\u00e3o Metropolitana do Rio de Janeiro (RMRJ). Nesse contexto, a Casa Fluminense, a Funda\u00e7\u00e3o Cidadania Inteligente e um conjunto de organiza\u00e7\u00f5es da sociedade civil est\u00e3o organizando o movimento \u201cRio por Inteiro\u201d para atua\u00e7\u00e3o nas elei\u00e7\u00f5es de 2018. Entre as a\u00e7\u00f5es previstas, haver\u00e1 a utiliza\u00e7\u00e3o da \u201cPlataforma Vota Inteligente\u201d, que foi usada nas elei\u00e7\u00f5es nacionais do Chile em 2017 e teve 2 milh\u00f5es de acessos. No Rio, a plataforma ser\u00e1 lan\u00e7ada em junho e as organiza\u00e7\u00f5es da sociedade civil ter\u00e3o at\u00e9 o dia 15 de agosto para apresentar propostas.<\/p>\n<p>Um calend\u00e1rio de mobiliza\u00e7\u00e3o ser\u00e1 aberto \u00e0 colabora\u00e7\u00e3o de todos que quiserem participar da iniciativa. Cidad\u00e3os e organiza\u00e7\u00f5es poder\u00e3o inscrever atividades como debates tem\u00e1ticos, mobiliza\u00e7\u00f5es nos territ\u00f3rios da periferia do Rio, oficinas de propostas, entre outros. A combina\u00e7\u00e3o entre os encontros presenciais e a\u00a0plataforma digital pode criar um ambiente favor\u00e1vel \u00e0 constru\u00e7\u00e3o de consensos em torno de algumas prioridades na metr\u00f3pole fluminense. A partir do dia 16 de agosto, quando come\u00e7a oficialmente a campanha, os candidatos a governador, senador, deputado estadual e federal poder\u00e3o se comprometer publicamente com as propostas da sociedade civil. O lastro do movimento \u201cRio por Inteiro\u201d pode ser uma das bases de di\u00e1logo entre os novos parlamentares eleitos e os cidad\u00e3os.<\/p>\n<p>A sociedade civil precisa fortalecer sua atua\u00e7\u00e3o na defesa e no monitoramento de pol\u00edticas p\u00fablicas capazes de reduzir desigualdades e ampliar oportunidades. Em paralelo, as tradicionais for\u00e7as pol\u00edticas que comandaram o estado nos \u00faltimos anos est\u00e3o se reagrupando, e a sociedade deve atuar para que novas candidaturas, com pessoas \u00edntegras e \u00e9ticas, sejam competitivas e capazes de furar a bolha da representa\u00e7\u00e3o pol\u00edtica. A Assembleia Legislativa do Estado do Rio de Janeiro (Alerj) possui 70 cadeiras. Quantas dessas vagas ser\u00e3o ocupadas por mandatos de jovens, de mulheres, de negros, de LGBTs? Qual ser\u00e1 o impacto dos novos movimentos no parlamento fluminense? Nesse cen\u00e1rio, o movimento \u201cRio por Inteiro\u201d busca se articular com iniciativas que visem ampliar a participa\u00e7\u00e3o social e a renova\u00e7\u00e3o pol\u00edtica, pois ser\u00e1 na converg\u00eancia entre ambos que poder\u00e1 surgir alguma novidade no v\u00e1cuo de lideran\u00e7a vivenciado pelo Rio.<\/p>\n<p><i><a href=\"http:\/\/lurdinha.org\/site\/author\/henriquesilveira\/\">Henrique Silveira<\/a> \u00e9 Coordenador-executivo da Casa Fluminense<\/i><\/p>\n<\/div>\n<\/article>\n<\/section>\n<\/div>\n<aside class=\"publicidade arroba\">\n<div>\u00a0<em>* Artigo publicado originalmente no Jornal do Brasil, dia 15\/05\/18<\/em><\/div>\n<\/aside>\n","protected":false},"excerpt":{"rendered":"<p>O desfile da Para\u00edso do Tuiuti, durante o carnaval de 2018, foi o abre-alas para&#8230;<\/p>\n","protected":false},"author":16,"featured_media":0,"comment_status":"open","ping_status":"closed","sticky":false,"template":"","format":"standard","meta":{"footnotes":""},"categories":[4],"tags":[],"class_list":["post-7311","post","type-post","status-publish","format-standard","hentry","category-opiniao"],"yoast_head":"<!-- This site is optimized with the Yoast SEO plugin v27.3 - https:\/\/yoast.com\/product\/yoast-seo-wordpress\/ -->\n<title>Participa\u00e7\u00e3o social e renova\u00e7\u00e3o pol\u00edtica no Rio - Lurdinha - Duque de Caxias para Est\u00f4magos Fortes<\/title>\n<meta name=\"robots\" content=\"index, follow, max-snippet:-1, max-image-preview:large, max-video-preview:-1\" \/>\n<link rel=\"canonical\" href=\"https:\/\/lurdinha.org\/site\/participacao-social-e-renovacao-politica-no-rio\/\" \/>\n<meta property=\"og:locale\" content=\"pt_BR\" \/>\n<meta property=\"og:type\" content=\"article\" \/>\n<meta property=\"og:title\" content=\"Participa\u00e7\u00e3o social e renova\u00e7\u00e3o pol\u00edtica no Rio - Lurdinha - Duque de Caxias para Est\u00f4magos Fortes\" \/>\n<meta property=\"og:description\" content=\"O desfile da Para\u00edso do Tuiuti, durante o carnaval de 2018, foi o abre-alas para...\" \/>\n<meta property=\"og:url\" content=\"https:\/\/lurdinha.org\/site\/participacao-social-e-renovacao-politica-no-rio\/\" \/>\n<meta property=\"og:site_name\" content=\"Lurdinha - Duque de Caxias para Est\u00f4magos Fortes\" \/>\n<meta property=\"article:publisher\" content=\"https:\/\/www.facebook.com\/LurdinhadeCaxias\" \/>\n<meta property=\"article:author\" content=\"henrique.silveira.319\" \/>\n<meta property=\"article:published_time\" content=\"2018-05-17T15:09:42+00:00\" \/>\n<meta property=\"article:modified_time\" content=\"2018-05-17T15:12:37+00:00\" \/>\n<meta name=\"author\" content=\"Henrique Silveira\" \/>\n<meta name=\"twitter:card\" content=\"summary_large_image\" \/>\n<meta name=\"twitter:label1\" content=\"Escrito por\" \/>\n\t<meta name=\"twitter:data1\" content=\"Henrique Silveira\" \/>\n\t<meta name=\"twitter:label2\" content=\"Est. tempo de leitura\" \/>\n\t<meta name=\"twitter:data2\" content=\"4 minutos\" \/>\n<script type=\"application\/ld+json\" class=\"yoast-schema-graph\">{\"@context\":\"https:\\\/\\\/schema.org\",\"@graph\":[{\"@type\":\"Article\",\"@id\":\"https:\\\/\\\/lurdinha.org\\\/site\\\/participacao-social-e-renovacao-politica-no-rio\\\/#article\",\"isPartOf\":{\"@id\":\"https:\\\/\\\/lurdinha.org\\\/site\\\/participacao-social-e-renovacao-politica-no-rio\\\/\"},\"author\":{\"name\":\"Henrique Silveira\",\"@id\":\"https:\\\/\\\/lurdinha.org\\\/site\\\/#\\\/schema\\\/person\\\/b7f36739e477fd3809ed9f880d85ba89\"},\"headline\":\"Participa\u00e7\u00e3o social e renova\u00e7\u00e3o pol\u00edtica no Rio\",\"datePublished\":\"2018-05-17T15:09:42+00:00\",\"dateModified\":\"2018-05-17T15:12:37+00:00\",\"mainEntityOfPage\":{\"@id\":\"https:\\\/\\\/lurdinha.org\\\/site\\\/participacao-social-e-renovacao-politica-no-rio\\\/\"},\"wordCount\":753,\"commentCount\":0,\"publisher\":{\"@id\":\"https:\\\/\\\/lurdinha.org\\\/site\\\/#organization\"},\"articleSection\":[\"uma opini\u00e3o\"],\"inLanguage\":\"pt-BR\",\"potentialAction\":[{\"@type\":\"CommentAction\",\"name\":\"Comment\",\"target\":[\"https:\\\/\\\/lurdinha.org\\\/site\\\/participacao-social-e-renovacao-politica-no-rio\\\/#respond\"]}]},{\"@type\":\"WebPage\",\"@id\":\"https:\\\/\\\/lurdinha.org\\\/site\\\/participacao-social-e-renovacao-politica-no-rio\\\/\",\"url\":\"https:\\\/\\\/lurdinha.org\\\/site\\\/participacao-social-e-renovacao-politica-no-rio\\\/\",\"name\":\"Participa\u00e7\u00e3o social e renova\u00e7\u00e3o pol\u00edtica no Rio - Lurdinha - Duque de Caxias para Est\u00f4magos Fortes\",\"isPartOf\":{\"@id\":\"https:\\\/\\\/lurdinha.org\\\/site\\\/#website\"},\"datePublished\":\"2018-05-17T15:09:42+00:00\",\"dateModified\":\"2018-05-17T15:12:37+00:00\",\"breadcrumb\":{\"@id\":\"https:\\\/\\\/lurdinha.org\\\/site\\\/participacao-social-e-renovacao-politica-no-rio\\\/#breadcrumb\"},\"inLanguage\":\"pt-BR\",\"potentialAction\":[{\"@type\":\"ReadAction\",\"target\":[\"https:\\\/\\\/lurdinha.org\\\/site\\\/participacao-social-e-renovacao-politica-no-rio\\\/\"]}]},{\"@type\":\"BreadcrumbList\",\"@id\":\"https:\\\/\\\/lurdinha.org\\\/site\\\/participacao-social-e-renovacao-politica-no-rio\\\/#breadcrumb\",\"itemListElement\":[{\"@type\":\"ListItem\",\"position\":1,\"name\":\"In\u00edcio\",\"item\":\"https:\\\/\\\/lurdinha.org\\\/site\\\/\"},{\"@type\":\"ListItem\",\"position\":2,\"name\":\"Participa\u00e7\u00e3o social e renova\u00e7\u00e3o pol\u00edtica no Rio\"}]},{\"@type\":\"WebSite\",\"@id\":\"https:\\\/\\\/lurdinha.org\\\/site\\\/#website\",\"url\":\"https:\\\/\\\/lurdinha.org\\\/site\\\/\",\"name\":\"Lurdinha - Duque de Caxias para Est\u00f4magos Fortes\",\"description\":\"Site sobre Arte, Cultura, Pol\u00edtica, Sociedade e curiosidades da cidade de Duque de Caxias, RJ\",\"publisher\":{\"@id\":\"https:\\\/\\\/lurdinha.org\\\/site\\\/#organization\"},\"alternateName\":\"Lurdinha\",\"potentialAction\":[{\"@type\":\"SearchAction\",\"target\":{\"@type\":\"EntryPoint\",\"urlTemplate\":\"https:\\\/\\\/lurdinha.org\\\/site\\\/?s={search_term_string}\"},\"query-input\":{\"@type\":\"PropertyValueSpecification\",\"valueRequired\":true,\"valueName\":\"search_term_string\"}}],\"inLanguage\":\"pt-BR\"},{\"@type\":\"Organization\",\"@id\":\"https:\\\/\\\/lurdinha.org\\\/site\\\/#organization\",\"name\":\"Lurdinha de Caxias\",\"url\":\"https:\\\/\\\/lurdinha.org\\\/site\\\/\",\"logo\":{\"@type\":\"ImageObject\",\"inLanguage\":\"pt-BR\",\"@id\":\"https:\\\/\\\/lurdinha.org\\\/site\\\/#\\\/schema\\\/logo\\\/image\\\/\",\"url\":\"https:\\\/\\\/lurdinha.org\\\/site\\\/wp-content\\\/uploads\\\/logo-lurdinha.jpg\",\"contentUrl\":\"https:\\\/\\\/lurdinha.org\\\/site\\\/wp-content\\\/uploads\\\/logo-lurdinha.jpg\",\"width\":640,\"height\":60,\"caption\":\"Lurdinha de Caxias\"},\"image\":{\"@id\":\"https:\\\/\\\/lurdinha.org\\\/site\\\/#\\\/schema\\\/logo\\\/image\\\/\"},\"sameAs\":[\"https:\\\/\\\/www.facebook.com\\\/LurdinhadeCaxias\",\"https:\\\/\\\/www.instagram.com\\\/lurdinhadecaxias\"]},{\"@type\":\"Person\",\"@id\":\"https:\\\/\\\/lurdinha.org\\\/site\\\/#\\\/schema\\\/person\\\/b7f36739e477fd3809ed9f880d85ba89\",\"name\":\"Henrique Silveira\",\"image\":{\"@type\":\"ImageObject\",\"inLanguage\":\"pt-BR\",\"@id\":\"https:\\\/\\\/secure.gravatar.com\\\/avatar\\\/65ed9674651bf1e369939454eea465de6a6b2c680f11e9374ce65b4952afaefc?s=96&d=mm&r=g\",\"url\":\"https:\\\/\\\/secure.gravatar.com\\\/avatar\\\/65ed9674651bf1e369939454eea465de6a6b2c680f11e9374ce65b4952afaefc?s=96&d=mm&r=g\",\"contentUrl\":\"https:\\\/\\\/secure.gravatar.com\\\/avatar\\\/65ed9674651bf1e369939454eea465de6a6b2c680f11e9374ce65b4952afaefc?s=96&d=mm&r=g\",\"caption\":\"Henrique Silveira\"},\"description\":\"Henrique Silveira \u00e9 ge\u00f3grafo, cofundador da Casa Fluminense e autor do livro \u201cRio por Inteiro: reflex\u00f5es sobre a cidade metropolitana\u201d.\",\"sameAs\":[\"henrique.silveira.319\"],\"url\":\"https:\\\/\\\/lurdinha.org\\\/site\\\/author\\\/henriquesilveira\\\/\"}]}<\/script>\n<!-- \/ Yoast SEO plugin. -->","yoast_head_json":{"title":"Participa\u00e7\u00e3o social e renova\u00e7\u00e3o pol\u00edtica no Rio - Lurdinha - Duque de Caxias para Est\u00f4magos Fortes","robots":{"index":"index","follow":"follow","max-snippet":"max-snippet:-1","max-image-preview":"max-image-preview:large","max-video-preview":"max-video-preview:-1"},"canonical":"https:\/\/lurdinha.org\/site\/participacao-social-e-renovacao-politica-no-rio\/","og_locale":"pt_BR","og_type":"article","og_title":"Participa\u00e7\u00e3o social e renova\u00e7\u00e3o pol\u00edtica no Rio - Lurdinha - Duque de Caxias para Est\u00f4magos Fortes","og_description":"O desfile da Para\u00edso do Tuiuti, durante o carnaval de 2018, foi o abre-alas para...","og_url":"https:\/\/lurdinha.org\/site\/participacao-social-e-renovacao-politica-no-rio\/","og_site_name":"Lurdinha - Duque de Caxias para Est\u00f4magos Fortes","article_publisher":"https:\/\/www.facebook.com\/LurdinhadeCaxias","article_author":"henrique.silveira.319","article_published_time":"2018-05-17T15:09:42+00:00","article_modified_time":"2018-05-17T15:12:37+00:00","author":"Henrique Silveira","twitter_card":"summary_large_image","twitter_misc":{"Escrito por":"Henrique Silveira","Est. tempo de leitura":"4 minutos"},"schema":{"@context":"https:\/\/schema.org","@graph":[{"@type":"Article","@id":"https:\/\/lurdinha.org\/site\/participacao-social-e-renovacao-politica-no-rio\/#article","isPartOf":{"@id":"https:\/\/lurdinha.org\/site\/participacao-social-e-renovacao-politica-no-rio\/"},"author":{"name":"Henrique Silveira","@id":"https:\/\/lurdinha.org\/site\/#\/schema\/person\/b7f36739e477fd3809ed9f880d85ba89"},"headline":"Participa\u00e7\u00e3o social e renova\u00e7\u00e3o pol\u00edtica no Rio","datePublished":"2018-05-17T15:09:42+00:00","dateModified":"2018-05-17T15:12:37+00:00","mainEntityOfPage":{"@id":"https:\/\/lurdinha.org\/site\/participacao-social-e-renovacao-politica-no-rio\/"},"wordCount":753,"commentCount":0,"publisher":{"@id":"https:\/\/lurdinha.org\/site\/#organization"},"articleSection":["uma opini\u00e3o"],"inLanguage":"pt-BR","potentialAction":[{"@type":"CommentAction","name":"Comment","target":["https:\/\/lurdinha.org\/site\/participacao-social-e-renovacao-politica-no-rio\/#respond"]}]},{"@type":"WebPage","@id":"https:\/\/lurdinha.org\/site\/participacao-social-e-renovacao-politica-no-rio\/","url":"https:\/\/lurdinha.org\/site\/participacao-social-e-renovacao-politica-no-rio\/","name":"Participa\u00e7\u00e3o social e renova\u00e7\u00e3o pol\u00edtica no Rio - Lurdinha - Duque de Caxias para Est\u00f4magos Fortes","isPartOf":{"@id":"https:\/\/lurdinha.org\/site\/#website"},"datePublished":"2018-05-17T15:09:42+00:00","dateModified":"2018-05-17T15:12:37+00:00","breadcrumb":{"@id":"https:\/\/lurdinha.org\/site\/participacao-social-e-renovacao-politica-no-rio\/#breadcrumb"},"inLanguage":"pt-BR","potentialAction":[{"@type":"ReadAction","target":["https:\/\/lurdinha.org\/site\/participacao-social-e-renovacao-politica-no-rio\/"]}]},{"@type":"BreadcrumbList","@id":"https:\/\/lurdinha.org\/site\/participacao-social-e-renovacao-politica-no-rio\/#breadcrumb","itemListElement":[{"@type":"ListItem","position":1,"name":"In\u00edcio","item":"https:\/\/lurdinha.org\/site\/"},{"@type":"ListItem","position":2,"name":"Participa\u00e7\u00e3o social e renova\u00e7\u00e3o pol\u00edtica no Rio"}]},{"@type":"WebSite","@id":"https:\/\/lurdinha.org\/site\/#website","url":"https:\/\/lurdinha.org\/site\/","name":"Lurdinha - Duque de Caxias para Est\u00f4magos Fortes","description":"Site sobre Arte, Cultura, Pol\u00edtica, Sociedade e curiosidades da cidade de Duque de Caxias, RJ","publisher":{"@id":"https:\/\/lurdinha.org\/site\/#organization"},"alternateName":"Lurdinha","potentialAction":[{"@type":"SearchAction","target":{"@type":"EntryPoint","urlTemplate":"https:\/\/lurdinha.org\/site\/?s={search_term_string}"},"query-input":{"@type":"PropertyValueSpecification","valueRequired":true,"valueName":"search_term_string"}}],"inLanguage":"pt-BR"},{"@type":"Organization","@id":"https:\/\/lurdinha.org\/site\/#organization","name":"Lurdinha de Caxias","url":"https:\/\/lurdinha.org\/site\/","logo":{"@type":"ImageObject","inLanguage":"pt-BR","@id":"https:\/\/lurdinha.org\/site\/#\/schema\/logo\/image\/","url":"https:\/\/lurdinha.org\/site\/wp-content\/uploads\/logo-lurdinha.jpg","contentUrl":"https:\/\/lurdinha.org\/site\/wp-content\/uploads\/logo-lurdinha.jpg","width":640,"height":60,"caption":"Lurdinha de Caxias"},"image":{"@id":"https:\/\/lurdinha.org\/site\/#\/schema\/logo\/image\/"},"sameAs":["https:\/\/www.facebook.com\/LurdinhadeCaxias","https:\/\/www.instagram.com\/lurdinhadecaxias"]},{"@type":"Person","@id":"https:\/\/lurdinha.org\/site\/#\/schema\/person\/b7f36739e477fd3809ed9f880d85ba89","name":"Henrique Silveira","image":{"@type":"ImageObject","inLanguage":"pt-BR","@id":"https:\/\/secure.gravatar.com\/avatar\/65ed9674651bf1e369939454eea465de6a6b2c680f11e9374ce65b4952afaefc?s=96&d=mm&r=g","url":"https:\/\/secure.gravatar.com\/avatar\/65ed9674651bf1e369939454eea465de6a6b2c680f11e9374ce65b4952afaefc?s=96&d=mm&r=g","contentUrl":"https:\/\/secure.gravatar.com\/avatar\/65ed9674651bf1e369939454eea465de6a6b2c680f11e9374ce65b4952afaefc?s=96&d=mm&r=g","caption":"Henrique Silveira"},"description":"Henrique Silveira \u00e9 ge\u00f3grafo, cofundador da Casa Fluminense e autor do livro \u201cRio por Inteiro: reflex\u00f5es sobre a cidade metropolitana\u201d.","sameAs":["henrique.silveira.319"],"url":"https:\/\/lurdinha.org\/site\/author\/henriquesilveira\/"}]}},"views":1863,"_links":{"self":[{"href":"https:\/\/lurdinha.org\/site\/wp-json\/wp\/v2\/posts\/7311","targetHints":{"allow":["GET"]}}],"collection":[{"href":"https:\/\/lurdinha.org\/site\/wp-json\/wp\/v2\/posts"}],"about":[{"href":"https:\/\/lurdinha.org\/site\/wp-json\/wp\/v2\/types\/post"}],"author":[{"embeddable":true,"href":"https:\/\/lurdinha.org\/site\/wp-json\/wp\/v2\/users\/16"}],"replies":[{"embeddable":true,"href":"https:\/\/lurdinha.org\/site\/wp-json\/wp\/v2\/comments?post=7311"}],"version-history":[{"count":3,"href":"https:\/\/lurdinha.org\/site\/wp-json\/wp\/v2\/posts\/7311\/revisions"}],"predecessor-version":[{"id":7314,"href":"https:\/\/lurdinha.org\/site\/wp-json\/wp\/v2\/posts\/7311\/revisions\/7314"}],"wp:attachment":[{"href":"https:\/\/lurdinha.org\/site\/wp-json\/wp\/v2\/media?parent=7311"}],"wp:term":[{"taxonomy":"category","embeddable":true,"href":"https:\/\/lurdinha.org\/site\/wp-json\/wp\/v2\/categories?post=7311"},{"taxonomy":"post_tag","embeddable":true,"href":"https:\/\/lurdinha.org\/site\/wp-json\/wp\/v2\/tags?post=7311"}],"curies":[{"name":"wp","href":"https:\/\/api.w.org\/{rel}","templated":true}]}}