{"id":6952,"date":"2018-01-06T00:18:24","date_gmt":"2018-01-06T00:18:24","guid":{"rendered":"http:\/\/lurdinha.org\/site\/?p=6952"},"modified":"2018-01-06T00:27:15","modified_gmt":"2018-01-06T00:27:15","slug":"eu-e-duque-de-caxias","status":"publish","type":"post","link":"https:\/\/lurdinha.org\/site\/eu-e-duque-de-caxias\/","title":{"rendered":"Eu e Duque de Caxias"},"content":{"rendered":"<div id=\"js_1o\" class=\"_5pbx userContent _3576\" data-ft=\"{&quot;tn&quot;:&quot;K&quot;}\">\n<p>Quando me mudei do Morro do Parque Prolet\u00e1rio da Penha, em 1969, pra Duque de Caxias, Vila S\u00e3o Jos\u00e9, o munic\u00edpio tinha apenas 26 anos que se emancipara de Nova Igua\u00e7u. Tinha A REDUC, a FNM, tinha a f\u00e1brica de Tecidos Uni\u00e3o e grande pujan\u00e7a. Era conhecida como cidade dormit\u00f3rio mas tudo come\u00e7ava a mudar. Lembro tamb\u00e9m que havia grande descrimina\u00e7\u00e3o. Os jornais e r\u00e1dios, em qualquer crime ou problema, noticiavam sempre entre par\u00eanteses, &#8220;Duque de Caxias&#8221;. In\u00fameras vezes o ocorrido era em outro munic\u00edpio mas o saudoso Samuel Corr\u00eaa, o &#8220;Samuca&#8221;, falava na &#8220;Patrulha da Cidade&#8221;: &#8220;Foi em Caxias, Geg\u00ea, a terra onde galinha cisca pra frente!&#8221; e todos riam.<br \/>\nAo chegar com 10 anos na rua 20, casa 8, fui vizinho do lend\u00e1rio Ten\u00f3rio Cavalcanti e desfrutei de sua amizade. Todos falavam na famosa &#8220;Lurdinha&#8221; uma metralhadora dada a ele por um amigo do Ex\u00e9rcito. Mas ningu\u00e9m falava de suas a\u00e7\u00f5es sociais nem da imensa Biblioteca no sub solo de sua casa na Ch\u00e1cara.<br \/>\nNunca tive o que me queixar de Duque de Caxias. Meus amigos de sempre foram feitos aqui. Minha raiz est\u00e1 aqui. Foi<br \/>\nDuque de Caxias quem me acolheu com apenas 10 anos de idade. Trabalhei numa barraca de feira perto do Shopping Center de Caxias com 13 anos. Trabalhei na Cantina do Educand\u00e1rio Maria Ten\u00f3rio.Escolhia cinemas pra ir. Santa Rosa I e II. Paz, Central, Brasil, River e de l\u00e1 sa\u00ed muitas vezes imitando golpes de Kung Fu. No Teatro Armando Melo conheci Barboza Leite, Pintor, Poeta, Ator, Diretor e quem fez o hino de Duque de Caxias. Depois outro craque das artes pl\u00e1sticas; Paulo Ramos.; Depois O Ator e Diretor de Teatro Edi\u00e9lio Mendon\u00e7a(meu Professor de Hist\u00f3ria no Maria Ten\u00f3rio) e toda galera que at\u00e9 hoje brilha por aqui e pelo mundo. Ces\u00e1rio Candhi, Guedes Ferraz, Reynaldo Lisboa e Marcia Aicram, Eve Penha, Pedro Lages, Beto Gaspari, Cleo Rodrigues, Cristiane Agnes, Jos\u00e9 Montteiro, Ronaldo Bellardo, Alex Fabiani,Nancy Calixto. Vi pe\u00e7as fant\u00e1sticas dessa turma no Teatro Proc\u00f3pio Ferreira.<br \/>\nA efervesc\u00eancia Cultural de um Centro Educacional S\u00e3o Jos\u00e9(onde fiz o Segundo Grau), de um Casimiro de Abreu, de um S\u00e3o Felix, de um Col\u00e9gio Duque,Elaine Cardoso(no Parque S\u00e3o Jos\u00e9),de uma FEUDUC e de uma Maria Ten\u00f3rio em seus grandes momentos.<br \/>\nMestres inesquec\u00edveis como Carlos Trindade(Literatura) Jane (Literatura-Duque), Edi\u00e9lio (Hist\u00f3ria), Portela (Contabilidade-S\u00e3o Jos\u00e9), Prof.Cozzolino, Prof.Mois\u00e9s Trajano(Maria Ten\u00f3rio), Julio, Celeda, Gra\u00e7a,Ana Margarida,Amorim,Cod\u00e1(Todos Maria Ten\u00f3rio). O brilhante Aquino de Ara\u00fajo.<br \/>\nE como n\u00e3o lembrar de seus campos de futebol que mais tarde foram criminosamente ocupados por CIEPS privando uma s\u00e9rie de comunidades de suas \u00fanicas formas de lazer. Campo do OSA, Panamericano, Rio-Minas, Dos Eucaliptos(na Vila S\u00e3o Jos\u00e9), Cer\u00e2mica e Brasil (Morro do Sossego), Huracan e tantos outros.<br \/>\nEm jogos mais s\u00e9rios, o campeonato municipal no \u00b4Maracan\u00e3zinho. Grandes times como o Am\u00e9rica, Cruz de Malta, Uni\u00e3o, Nacional, Tricolor, Gramacho, S\u00e3o Bento, Manufatura,Funda\u00e7\u00e3o S\u00e3o Jos\u00e9 etc&#8230;<br \/>\nCraques que dava gosto ver jogar. Bab\u00e1, Lut\u00e9rcio, Paulinho Binha, Pardal, Nen\u00e9m Piranha, Bol\u00e3o, Osmir, Baquinha, Cesinha, Nen\u00e9m, Ces\u00e1rio Para\u00edba, Neca,Chico,Leno, Carlinhos Rosquinha, Dila, Silva&#8230;E Roberto, que depois virou &#8220;Dinamite&#8221;, sa\u00eddo do S\u00e3o Bento e Quinha, seu irm\u00e3o, melhor mas com menos sorte.<\/p>\n<p>N\u00e3o sei explicar mas um dia acordei Poeta e escrevendo livros pra esse mundo de meu Deus. Por raz\u00f5es de Estudo e trabalho fui exilado em Copacabana, Ipanema, Catete e Brasilia por 10 anos. Nesses 10 anos, nem um verso sequer, fiz. Ah&#8230;mas quando voltei pra Duque de Caxias, 20 anos atr\u00e1s trazendo comigo minha filha , meus cadernos e l\u00e1pis&#8230;ah, seu mo\u00e7o, foi um tal de sorrir. De voltar a jogar bola, de dan\u00e1 a escrever livros de nunca mais parar. J\u00e1 s\u00e3o 20 at\u00e9 agora e tem mais um monte prontinho pra botar a cara no mundo!<br \/>\nCoisa de Alma e de Raiz. Coisa de amor e agradecimento.<br \/>\nAh, com certeza, nesse improviso, esqueci pessoas, lugares, mas depois tem a parte II e eu corrijo.<br \/>\nMeio atrasado, Feliz anivers\u00e1rio, Duque de Caxias e seu filho adotivo segue pra lhe orgulhar.<\/p>\n<p>&#8211;<\/p>\n<p><em>Publicada originalmente na p\u00e1gina Dias de Vila S\u00e3o Jos\u00e9<\/em><\/p>\n<p>&#8211;<\/p>\n<figure id=\"attachment_6014\" aria-describedby=\"caption-attachment-6014\" style=\"width: 450px\" class=\"wp-caption alignnone\"><img loading=\"lazy\" decoding=\"async\" class=\"wp-image-6014 size-full\" src=\"http:\/\/lurdinha.org\/site\/wp-content\/uploads\/estacao-de-trem-de-caxias-anos70.jpg\" alt=\"\" width=\"450\" height=\"337\" srcset=\"https:\/\/lurdinha.org\/site\/wp-content\/uploads\/estacao-de-trem-de-caxias-anos70.jpg 450w, https:\/\/lurdinha.org\/site\/wp-content\/uploads\/estacao-de-trem-de-caxias-anos70-300x225.jpg 300w\" sizes=\"auto, (max-width: 450px) 100vw, 450px\" \/><figcaption id=\"caption-attachment-6014\" class=\"wp-caption-text\">Velha passarela da Esta\u00e7\u00e3o Duque de Caxias.<\/figcaption><\/figure>\n<figure id=\"attachment_6956\" aria-describedby=\"caption-attachment-6956\" style=\"width: 610px\" class=\"wp-caption alignnone\"><img loading=\"lazy\" decoding=\"async\" class=\"wp-image-6956 size-large\" src=\"http:\/\/lurdinha.org\/site\/wp-content\/uploads\/texto-ClaudioAragao-sobre-BarbosaLeite-610x839.jpg\" alt=\"\" width=\"610\" height=\"839\" srcset=\"https:\/\/lurdinha.org\/site\/wp-content\/uploads\/texto-ClaudioAragao-sobre-BarbosaLeite-610x839.jpg 610w, https:\/\/lurdinha.org\/site\/wp-content\/uploads\/texto-ClaudioAragao-sobre-BarbosaLeite-218x300.jpg 218w, https:\/\/lurdinha.org\/site\/wp-content\/uploads\/texto-ClaudioAragao-sobre-BarbosaLeite.jpg 698w\" sizes=\"auto, (max-width: 610px) 100vw, 610px\" \/><figcaption id=\"caption-attachment-6956\" class=\"wp-caption-text\">Uma mat\u00e9ria (cr\u00edtica) sobre meu livro de 1989, ANJO FEIO, escrita por Barboza Leite(na foto), pra revista de Carlos de S\u00e1 Bezerra &#8220;Caxias Magazine&#8221;.<\/figcaption><\/figure>\n<\/div>\n","protected":false},"excerpt":{"rendered":"<p>Quando me mudei do Morro do Parque Prolet\u00e1rio da Penha, em 1969, pra Duque de&#8230;<\/p>\n","protected":false},"author":61,"featured_media":6014,"comment_status":"open","ping_status":"closed","sticky":false,"template":"","format":"standard","meta":{"footnotes":""},"categories":[4],"tags":[],"class_list":["post-6952","post","type-post","status-publish","format-standard","has-post-thumbnail","hentry","category-opiniao"],"yoast_head":"<!-- This site is optimized with the Yoast SEO plugin v27.5 - https:\/\/yoast.com\/product\/yoast-seo-wordpress\/ -->\n<title>Eu e Duque de Caxias - Lurdinha - Duque de Caxias para Est\u00f4magos Fortes<\/title>\n<meta name=\"robots\" content=\"index, follow, max-snippet:-1, max-image-preview:large, max-video-preview:-1\" \/>\n<link rel=\"canonical\" href=\"https:\/\/lurdinha.org\/site\/eu-e-duque-de-caxias\/\" \/>\n<meta property=\"og:locale\" content=\"pt_BR\" \/>\n<meta property=\"og:type\" content=\"article\" \/>\n<meta property=\"og:title\" content=\"Eu e Duque de Caxias - Lurdinha - Duque de Caxias para Est\u00f4magos Fortes\" \/>\n<meta property=\"og:description\" content=\"Quando me mudei do Morro do Parque Prolet\u00e1rio da Penha, em 1969, pra Duque de...\" \/>\n<meta property=\"og:url\" content=\"https:\/\/lurdinha.org\/site\/eu-e-duque-de-caxias\/\" \/>\n<meta property=\"og:site_name\" content=\"Lurdinha - Duque de Caxias para Est\u00f4magos Fortes\" \/>\n<meta property=\"article:publisher\" content=\"https:\/\/www.facebook.com\/LurdinhadeCaxias\" \/>\n<meta property=\"article:author\" content=\"https:\/\/www.facebook.com\/claudio.aragao.560\" \/>\n<meta property=\"article:published_time\" content=\"2018-01-06T00:18:24+00:00\" \/>\n<meta property=\"article:modified_time\" content=\"2018-01-06T00:27:15+00:00\" \/>\n<meta property=\"og:image\" content=\"https:\/\/lurdinha.org\/site\/wp-content\/uploads\/estacao-de-trem-de-caxias-anos70.jpg\" \/>\n\t<meta property=\"og:image:width\" content=\"450\" \/>\n\t<meta property=\"og:image:height\" content=\"337\" \/>\n\t<meta property=\"og:image:type\" content=\"image\/jpeg\" \/>\n<meta name=\"author\" content=\"Cl\u00e1udio Arag\u00e3o\" \/>\n<meta name=\"twitter:card\" content=\"summary_large_image\" \/>\n<meta name=\"twitter:label1\" content=\"Escrito por\" \/>\n\t<meta name=\"twitter:data1\" content=\"Cl\u00e1udio Arag\u00e3o\" \/>\n\t<meta name=\"twitter:label2\" content=\"Est. tempo de leitura\" \/>\n\t<meta name=\"twitter:data2\" content=\"4 minutos\" \/>\n<script type=\"application\/ld+json\" class=\"yoast-schema-graph\">{\"@context\":\"https:\\\/\\\/schema.org\",\"@graph\":[{\"@type\":\"Article\",\"@id\":\"https:\\\/\\\/lurdinha.org\\\/site\\\/eu-e-duque-de-caxias\\\/#article\",\"isPartOf\":{\"@id\":\"https:\\\/\\\/lurdinha.org\\\/site\\\/eu-e-duque-de-caxias\\\/\"},\"author\":{\"name\":\"Cl\u00e1udio Arag\u00e3o\",\"@id\":\"https:\\\/\\\/lurdinha.org\\\/site\\\/#\\\/schema\\\/person\\\/f6c487a1a7c1d5f3eeea9ba82346129d\"},\"headline\":\"Eu e Duque de Caxias\",\"datePublished\":\"2018-01-06T00:18:24+00:00\",\"dateModified\":\"2018-01-06T00:27:15+00:00\",\"mainEntityOfPage\":{\"@id\":\"https:\\\/\\\/lurdinha.org\\\/site\\\/eu-e-duque-de-caxias\\\/\"},\"wordCount\":813,\"commentCount\":0,\"publisher\":{\"@id\":\"https:\\\/\\\/lurdinha.org\\\/site\\\/#organization\"},\"image\":{\"@id\":\"https:\\\/\\\/lurdinha.org\\\/site\\\/eu-e-duque-de-caxias\\\/#primaryimage\"},\"thumbnailUrl\":\"https:\\\/\\\/lurdinha.org\\\/site\\\/wp-content\\\/uploads\\\/estacao-de-trem-de-caxias-anos70.jpg\",\"articleSection\":[\"uma opini\u00e3o\"],\"inLanguage\":\"pt-BR\",\"potentialAction\":[{\"@type\":\"CommentAction\",\"name\":\"Comment\",\"target\":[\"https:\\\/\\\/lurdinha.org\\\/site\\\/eu-e-duque-de-caxias\\\/#respond\"]}]},{\"@type\":\"WebPage\",\"@id\":\"https:\\\/\\\/lurdinha.org\\\/site\\\/eu-e-duque-de-caxias\\\/\",\"url\":\"https:\\\/\\\/lurdinha.org\\\/site\\\/eu-e-duque-de-caxias\\\/\",\"name\":\"Eu e Duque de Caxias - Lurdinha - Duque de Caxias para Est\u00f4magos Fortes\",\"isPartOf\":{\"@id\":\"https:\\\/\\\/lurdinha.org\\\/site\\\/#website\"},\"primaryImageOfPage\":{\"@id\":\"https:\\\/\\\/lurdinha.org\\\/site\\\/eu-e-duque-de-caxias\\\/#primaryimage\"},\"image\":{\"@id\":\"https:\\\/\\\/lurdinha.org\\\/site\\\/eu-e-duque-de-caxias\\\/#primaryimage\"},\"thumbnailUrl\":\"https:\\\/\\\/lurdinha.org\\\/site\\\/wp-content\\\/uploads\\\/estacao-de-trem-de-caxias-anos70.jpg\",\"datePublished\":\"2018-01-06T00:18:24+00:00\",\"dateModified\":\"2018-01-06T00:27:15+00:00\",\"breadcrumb\":{\"@id\":\"https:\\\/\\\/lurdinha.org\\\/site\\\/eu-e-duque-de-caxias\\\/#breadcrumb\"},\"inLanguage\":\"pt-BR\",\"potentialAction\":[{\"@type\":\"ReadAction\",\"target\":[\"https:\\\/\\\/lurdinha.org\\\/site\\\/eu-e-duque-de-caxias\\\/\"]}]},{\"@type\":\"ImageObject\",\"inLanguage\":\"pt-BR\",\"@id\":\"https:\\\/\\\/lurdinha.org\\\/site\\\/eu-e-duque-de-caxias\\\/#primaryimage\",\"url\":\"https:\\\/\\\/lurdinha.org\\\/site\\\/wp-content\\\/uploads\\\/estacao-de-trem-de-caxias-anos70.jpg\",\"contentUrl\":\"https:\\\/\\\/lurdinha.org\\\/site\\\/wp-content\\\/uploads\\\/estacao-de-trem-de-caxias-anos70.jpg\",\"width\":450,\"height\":337},{\"@type\":\"BreadcrumbList\",\"@id\":\"https:\\\/\\\/lurdinha.org\\\/site\\\/eu-e-duque-de-caxias\\\/#breadcrumb\",\"itemListElement\":[{\"@type\":\"ListItem\",\"position\":1,\"name\":\"In\u00edcio\",\"item\":\"https:\\\/\\\/lurdinha.org\\\/site\\\/\"},{\"@type\":\"ListItem\",\"position\":2,\"name\":\"Eu e Duque de Caxias\"}]},{\"@type\":\"WebSite\",\"@id\":\"https:\\\/\\\/lurdinha.org\\\/site\\\/#website\",\"url\":\"https:\\\/\\\/lurdinha.org\\\/site\\\/\",\"name\":\"Lurdinha - Duque de Caxias para Est\u00f4magos Fortes\",\"description\":\"Site sobre Arte, Cultura, Pol\u00edtica, Sociedade e curiosidades da cidade de Duque de Caxias, RJ\",\"publisher\":{\"@id\":\"https:\\\/\\\/lurdinha.org\\\/site\\\/#organization\"},\"alternateName\":\"Lurdinha\",\"potentialAction\":[{\"@type\":\"SearchAction\",\"target\":{\"@type\":\"EntryPoint\",\"urlTemplate\":\"https:\\\/\\\/lurdinha.org\\\/site\\\/?s={search_term_string}\"},\"query-input\":{\"@type\":\"PropertyValueSpecification\",\"valueRequired\":true,\"valueName\":\"search_term_string\"}}],\"inLanguage\":\"pt-BR\"},{\"@type\":\"Organization\",\"@id\":\"https:\\\/\\\/lurdinha.org\\\/site\\\/#organization\",\"name\":\"Lurdinha de Caxias\",\"url\":\"https:\\\/\\\/lurdinha.org\\\/site\\\/\",\"logo\":{\"@type\":\"ImageObject\",\"inLanguage\":\"pt-BR\",\"@id\":\"https:\\\/\\\/lurdinha.org\\\/site\\\/#\\\/schema\\\/logo\\\/image\\\/\",\"url\":\"https:\\\/\\\/lurdinha.org\\\/site\\\/wp-content\\\/uploads\\\/logo-lurdinha.jpg\",\"contentUrl\":\"https:\\\/\\\/lurdinha.org\\\/site\\\/wp-content\\\/uploads\\\/logo-lurdinha.jpg\",\"width\":640,\"height\":60,\"caption\":\"Lurdinha de Caxias\"},\"image\":{\"@id\":\"https:\\\/\\\/lurdinha.org\\\/site\\\/#\\\/schema\\\/logo\\\/image\\\/\"},\"sameAs\":[\"https:\\\/\\\/www.facebook.com\\\/LurdinhadeCaxias\",\"https:\\\/\\\/www.instagram.com\\\/lurdinhadecaxias\"]},{\"@type\":\"Person\",\"@id\":\"https:\\\/\\\/lurdinha.org\\\/site\\\/#\\\/schema\\\/person\\\/f6c487a1a7c1d5f3eeea9ba82346129d\",\"name\":\"Cl\u00e1udio Arag\u00e3o\",\"image\":{\"@type\":\"ImageObject\",\"inLanguage\":\"pt-BR\",\"@id\":\"https:\\\/\\\/secure.gravatar.com\\\/avatar\\\/c7942157adfd04dc45485d03bc42f72e1afdf42fabba08ddeba3d343f8a5e41e?s=96&d=mm&r=g\",\"url\":\"https:\\\/\\\/secure.gravatar.com\\\/avatar\\\/c7942157adfd04dc45485d03bc42f72e1afdf42fabba08ddeba3d343f8a5e41e?s=96&d=mm&r=g\",\"contentUrl\":\"https:\\\/\\\/secure.gravatar.com\\\/avatar\\\/c7942157adfd04dc45485d03bc42f72e1afdf42fabba08ddeba3d343f8a5e41e?s=96&d=mm&r=g\",\"caption\":\"Cl\u00e1udio Arag\u00e3o\"},\"description\":\"Escritor com mais de 15 livros publicados\",\"sameAs\":[\"https:\\\/\\\/www.facebook.com\\\/Dias-de-vila-s\u00e3o-jos\u00e9-250746165124223\",\"https:\\\/\\\/www.facebook.com\\\/claudio.aragao.560\"],\"url\":\"https:\\\/\\\/lurdinha.org\\\/site\\\/author\\\/claudioaragao\\\/\"}]}<\/script>\n<!-- \/ Yoast SEO plugin. -->","yoast_head_json":{"title":"Eu e Duque de Caxias - Lurdinha - Duque de Caxias para Est\u00f4magos Fortes","robots":{"index":"index","follow":"follow","max-snippet":"max-snippet:-1","max-image-preview":"max-image-preview:large","max-video-preview":"max-video-preview:-1"},"canonical":"https:\/\/lurdinha.org\/site\/eu-e-duque-de-caxias\/","og_locale":"pt_BR","og_type":"article","og_title":"Eu e Duque de Caxias - Lurdinha - Duque de Caxias para Est\u00f4magos Fortes","og_description":"Quando me mudei do Morro do Parque Prolet\u00e1rio da Penha, em 1969, pra Duque de...","og_url":"https:\/\/lurdinha.org\/site\/eu-e-duque-de-caxias\/","og_site_name":"Lurdinha - Duque de Caxias para Est\u00f4magos Fortes","article_publisher":"https:\/\/www.facebook.com\/LurdinhadeCaxias","article_author":"https:\/\/www.facebook.com\/claudio.aragao.560","article_published_time":"2018-01-06T00:18:24+00:00","article_modified_time":"2018-01-06T00:27:15+00:00","og_image":[{"width":450,"height":337,"url":"https:\/\/lurdinha.org\/site\/wp-content\/uploads\/estacao-de-trem-de-caxias-anos70.jpg","type":"image\/jpeg"}],"author":"Cl\u00e1udio Arag\u00e3o","twitter_card":"summary_large_image","twitter_misc":{"Escrito por":"Cl\u00e1udio Arag\u00e3o","Est. tempo de leitura":"4 minutos"},"schema":{"@context":"https:\/\/schema.org","@graph":[{"@type":"Article","@id":"https:\/\/lurdinha.org\/site\/eu-e-duque-de-caxias\/#article","isPartOf":{"@id":"https:\/\/lurdinha.org\/site\/eu-e-duque-de-caxias\/"},"author":{"name":"Cl\u00e1udio Arag\u00e3o","@id":"https:\/\/lurdinha.org\/site\/#\/schema\/person\/f6c487a1a7c1d5f3eeea9ba82346129d"},"headline":"Eu e Duque de Caxias","datePublished":"2018-01-06T00:18:24+00:00","dateModified":"2018-01-06T00:27:15+00:00","mainEntityOfPage":{"@id":"https:\/\/lurdinha.org\/site\/eu-e-duque-de-caxias\/"},"wordCount":813,"commentCount":0,"publisher":{"@id":"https:\/\/lurdinha.org\/site\/#organization"},"image":{"@id":"https:\/\/lurdinha.org\/site\/eu-e-duque-de-caxias\/#primaryimage"},"thumbnailUrl":"https:\/\/lurdinha.org\/site\/wp-content\/uploads\/estacao-de-trem-de-caxias-anos70.jpg","articleSection":["uma opini\u00e3o"],"inLanguage":"pt-BR","potentialAction":[{"@type":"CommentAction","name":"Comment","target":["https:\/\/lurdinha.org\/site\/eu-e-duque-de-caxias\/#respond"]}]},{"@type":"WebPage","@id":"https:\/\/lurdinha.org\/site\/eu-e-duque-de-caxias\/","url":"https:\/\/lurdinha.org\/site\/eu-e-duque-de-caxias\/","name":"Eu e Duque de Caxias - Lurdinha - Duque de Caxias para Est\u00f4magos Fortes","isPartOf":{"@id":"https:\/\/lurdinha.org\/site\/#website"},"primaryImageOfPage":{"@id":"https:\/\/lurdinha.org\/site\/eu-e-duque-de-caxias\/#primaryimage"},"image":{"@id":"https:\/\/lurdinha.org\/site\/eu-e-duque-de-caxias\/#primaryimage"},"thumbnailUrl":"https:\/\/lurdinha.org\/site\/wp-content\/uploads\/estacao-de-trem-de-caxias-anos70.jpg","datePublished":"2018-01-06T00:18:24+00:00","dateModified":"2018-01-06T00:27:15+00:00","breadcrumb":{"@id":"https:\/\/lurdinha.org\/site\/eu-e-duque-de-caxias\/#breadcrumb"},"inLanguage":"pt-BR","potentialAction":[{"@type":"ReadAction","target":["https:\/\/lurdinha.org\/site\/eu-e-duque-de-caxias\/"]}]},{"@type":"ImageObject","inLanguage":"pt-BR","@id":"https:\/\/lurdinha.org\/site\/eu-e-duque-de-caxias\/#primaryimage","url":"https:\/\/lurdinha.org\/site\/wp-content\/uploads\/estacao-de-trem-de-caxias-anos70.jpg","contentUrl":"https:\/\/lurdinha.org\/site\/wp-content\/uploads\/estacao-de-trem-de-caxias-anos70.jpg","width":450,"height":337},{"@type":"BreadcrumbList","@id":"https:\/\/lurdinha.org\/site\/eu-e-duque-de-caxias\/#breadcrumb","itemListElement":[{"@type":"ListItem","position":1,"name":"In\u00edcio","item":"https:\/\/lurdinha.org\/site\/"},{"@type":"ListItem","position":2,"name":"Eu e Duque de Caxias"}]},{"@type":"WebSite","@id":"https:\/\/lurdinha.org\/site\/#website","url":"https:\/\/lurdinha.org\/site\/","name":"Lurdinha - Duque de Caxias para Est\u00f4magos Fortes","description":"Site sobre Arte, Cultura, Pol\u00edtica, Sociedade e curiosidades da cidade de Duque de Caxias, RJ","publisher":{"@id":"https:\/\/lurdinha.org\/site\/#organization"},"alternateName":"Lurdinha","potentialAction":[{"@type":"SearchAction","target":{"@type":"EntryPoint","urlTemplate":"https:\/\/lurdinha.org\/site\/?s={search_term_string}"},"query-input":{"@type":"PropertyValueSpecification","valueRequired":true,"valueName":"search_term_string"}}],"inLanguage":"pt-BR"},{"@type":"Organization","@id":"https:\/\/lurdinha.org\/site\/#organization","name":"Lurdinha de Caxias","url":"https:\/\/lurdinha.org\/site\/","logo":{"@type":"ImageObject","inLanguage":"pt-BR","@id":"https:\/\/lurdinha.org\/site\/#\/schema\/logo\/image\/","url":"https:\/\/lurdinha.org\/site\/wp-content\/uploads\/logo-lurdinha.jpg","contentUrl":"https:\/\/lurdinha.org\/site\/wp-content\/uploads\/logo-lurdinha.jpg","width":640,"height":60,"caption":"Lurdinha de Caxias"},"image":{"@id":"https:\/\/lurdinha.org\/site\/#\/schema\/logo\/image\/"},"sameAs":["https:\/\/www.facebook.com\/LurdinhadeCaxias","https:\/\/www.instagram.com\/lurdinhadecaxias"]},{"@type":"Person","@id":"https:\/\/lurdinha.org\/site\/#\/schema\/person\/f6c487a1a7c1d5f3eeea9ba82346129d","name":"Cl\u00e1udio Arag\u00e3o","image":{"@type":"ImageObject","inLanguage":"pt-BR","@id":"https:\/\/secure.gravatar.com\/avatar\/c7942157adfd04dc45485d03bc42f72e1afdf42fabba08ddeba3d343f8a5e41e?s=96&d=mm&r=g","url":"https:\/\/secure.gravatar.com\/avatar\/c7942157adfd04dc45485d03bc42f72e1afdf42fabba08ddeba3d343f8a5e41e?s=96&d=mm&r=g","contentUrl":"https:\/\/secure.gravatar.com\/avatar\/c7942157adfd04dc45485d03bc42f72e1afdf42fabba08ddeba3d343f8a5e41e?s=96&d=mm&r=g","caption":"Cl\u00e1udio Arag\u00e3o"},"description":"Escritor com mais de 15 livros publicados","sameAs":["https:\/\/www.facebook.com\/Dias-de-vila-s\u00e3o-jos\u00e9-250746165124223","https:\/\/www.facebook.com\/claudio.aragao.560"],"url":"https:\/\/lurdinha.org\/site\/author\/claudioaragao\/"}]}},"views":4663,"_links":{"self":[{"href":"https:\/\/lurdinha.org\/site\/wp-json\/wp\/v2\/posts\/6952","targetHints":{"allow":["GET"]}}],"collection":[{"href":"https:\/\/lurdinha.org\/site\/wp-json\/wp\/v2\/posts"}],"about":[{"href":"https:\/\/lurdinha.org\/site\/wp-json\/wp\/v2\/types\/post"}],"author":[{"embeddable":true,"href":"https:\/\/lurdinha.org\/site\/wp-json\/wp\/v2\/users\/61"}],"replies":[{"embeddable":true,"href":"https:\/\/lurdinha.org\/site\/wp-json\/wp\/v2\/comments?post=6952"}],"version-history":[{"count":5,"href":"https:\/\/lurdinha.org\/site\/wp-json\/wp\/v2\/posts\/6952\/revisions"}],"predecessor-version":[{"id":6958,"href":"https:\/\/lurdinha.org\/site\/wp-json\/wp\/v2\/posts\/6952\/revisions\/6958"}],"wp:featuredmedia":[{"embeddable":true,"href":"https:\/\/lurdinha.org\/site\/wp-json\/wp\/v2\/media\/6014"}],"wp:attachment":[{"href":"https:\/\/lurdinha.org\/site\/wp-json\/wp\/v2\/media?parent=6952"}],"wp:term":[{"taxonomy":"category","embeddable":true,"href":"https:\/\/lurdinha.org\/site\/wp-json\/wp\/v2\/categories?post=6952"},{"taxonomy":"post_tag","embeddable":true,"href":"https:\/\/lurdinha.org\/site\/wp-json\/wp\/v2\/tags?post=6952"}],"curies":[{"name":"wp","href":"https:\/\/api.w.org\/{rel}","templated":true}]}}