{"id":6912,"date":"2017-12-10T19:08:10","date_gmt":"2017-12-10T19:08:10","guid":{"rendered":"http:\/\/lurdinha.org\/site\/?p=6912"},"modified":"2017-12-13T19:14:22","modified_gmt":"2017-12-13T19:14:22","slug":"1o-marcha-pela-democracia-e-cidadania-em-caxias","status":"publish","type":"post","link":"https:\/\/lurdinha.org\/site\/1o-marcha-pela-democracia-e-cidadania-em-caxias\/","title":{"rendered":"1\u00ba Marcha pela Democracia e Cidadania em Caxias"},"content":{"rendered":"<p><img loading=\"lazy\" decoding=\"async\" class=\"alignnone size-full wp-image-6915\" src=\"http:\/\/lurdinha.org\/site\/wp-content\/uploads\/marcaha-pela-cidadania-direitos-duquedecaxias.jpg\" alt=\"Marcha pela Democracia e Cidadania em Caxias\" width=\"589\" height=\"296\" srcset=\"https:\/\/lurdinha.org\/site\/wp-content\/uploads\/marcaha-pela-cidadania-direitos-duquedecaxias.jpg 589w, https:\/\/lurdinha.org\/site\/wp-content\/uploads\/marcaha-pela-cidadania-direitos-duquedecaxias-300x151.jpg 300w\" sizes=\"auto, (max-width: 589px) 100vw, 589px\" \/><\/p>\n<p><span class=\"_4n-j _3cht fsl\" data-testid=\"event-permalink-details\">Representantes de diferentes associa\u00e7\u00f5es, partidos, sindicatos e institui\u00e7\u00f5es sociais convocam a popula\u00e7\u00e3o de Duque de Caxias para a grande marcha em defesa da cidadania, dos direitos e da democracia em nosso munic\u00edpio. O ato tem como objetivo revelar o quadro de persegui\u00e7\u00e3o, amea\u00e7a e constrangimento que o atual prefeito do PMDB, Washington Reis, tem exercido sobre lideran\u00e7as sociais, servidores p\u00fablicos e todos aqueles que fazem cr\u00edticas a sua gest\u00e3o. Caxias replica as a\u00e7\u00f5es do governo, golpista, federal e adota medidas antidemocr\u00e1ticas, conservadoras e clientelistas que fazem da prefeitura falida um balc\u00e3o de neg\u00f3cios que privilegia os amigos do prefeito e condenam os servidor<span class=\"text_exposed_show\">es a pen\u00faria..<\/span><\/span><\/p>\n<p>J\u00e1 faz um ano que a cidade de Duque de Caxias est\u00e1 mergulhada em um cen\u00e1rio de calamidades.<br \/>\nDesde o in\u00edcio da gest\u00e3o do atual governo, os problemas se multiplicam e t\u00eam afetado, cada dia mais, a vida dos cidad\u00e3os de nosso munic\u00edpio. Em meio ao desgoverno, os gestores t\u00eam adotado posturas conflituosas, antidemocr\u00e1ticas e amea\u00e7adoras em rela\u00e7\u00e3o aos servidores e lideran\u00e7as sociais que ocupam lugar nos conselhos e nas entidades de representa\u00e7\u00e3o popular no munic\u00edpio.<\/p>\n<p>Escolhas desastrosas e de grande impacto ambiental, como a constru\u00e7\u00e3o do Cemit\u00e9rio, a beira da Rodovia Washington Lu\u00eds, o falso galp\u00e3o do CEASA, o lix\u00e3o de Xer\u00e9m, est\u00e3o evidenciando o despreparo e falta de planejamento da gest\u00e3o municipal em meio ao cen\u00e1rio de crise, para aprovar esses desmandos fecha o conselho das APA&#8217;s. A Mesma coisa foi feita ao Conselho Municipal dos Direitos das Mulheres.<\/p>\n<p>No entanto, \u00e9 com o servidor p\u00fablico que o atual prefeito tem adotado as piores medidas, tais como os crescentes atrasos nos sal\u00e1rios, corte de benef\u00edcios e uma pol\u00edtica de persegui\u00e7\u00e3o e humilha\u00e7\u00e3o aos funcion\u00e1rios da administra\u00e7\u00e3o com objetivo de preencher a m\u00e1quina com seus cabos eleitorais contratados por empresas terceirizadas.<\/p>\n<p>O prefeito CONDENADO e ficha suja e reponde por uma s\u00e9rie de processos na justi\u00e7a e \u00e9 um dos alvos das investiga\u00e7\u00f5es da c\u00fapula do PMDB em fun\u00e7\u00e3o de ter ocupado cargo de confian\u00e7a junto ao seu amigo e ex-governador S\u00c9RGIO CABRAL. Em verdade, o prefeito de Caxias \u00e9 um ass\u00edduo frequentador e visitante do pres\u00eddio onde o S\u00e9rgio Cabral e da c\u00fapula do PMDB fluminense se encontra. Com longa ficha corrida, o atual prefeito de Caxias tem como principais aliados: Eduardo Cunha (PMDB), S\u00e9rgio Cabral (PMDB) e Temer (PMDB). O envolvimento com os esc\u00e2ndalos da DELTA, o superfaturamento do Mergulh\u00e3o de Caxias e as a\u00e7\u00f5es de grilagem, superfaturamento e desvios de verbas p\u00fablicas no Arco Metropolitano colocaram o governante da cidade como uma esp\u00e9cie de pol\u00edtico campe\u00e3o de processos criminosos entre os pol\u00edticos do Rio de Janeiro.<\/p>\n<p>A marcha pela cidadania e democracia \u00e9 uma demonstra\u00e7\u00e3o de unidade, for\u00e7a e resist\u00eancia dos movimentos sociais organizados da cidade de Duque de Caxias contra os desmandos do prefeito condenado pela justi\u00e7a. Os argumentos da atual administra\u00e7\u00e3o de crise financeira tem sido analisada pelos movimentos sociais que exigem a abertura das contas p\u00fablicas da cidade e audit\u00f3ria imediata sobre as d\u00edvidas, pagamentos de juros, contratos e licita\u00e7\u00f5es como forma de estancar a sangria promovida pelo prefeito e que tem provocado o atraso de meses de sal\u00e1rio.<\/p>\n<p>As entidades convocam, tamb\u00e9m, o MPF, MPE, a OAB Nacional e entidades de direitos humanos para acompanharem o cen\u00e1rio de desmonte das entidades de representa\u00e7\u00e3o popular e controle social atrav\u00e9s de manipula\u00e7\u00e3o de reuni\u00f5es, amea\u00e7as as lideran\u00e7as locais e grande constrangimento \u00e0s a\u00e7\u00f5es que promovam a transpar\u00eancia e a informa\u00e7\u00e3o em rela\u00e7\u00e3o ao desgoverno da cidade.<\/p>\n<p>A MARCHA pela CIDADANIA E DEMOCRACIA \u00e9 fundamentada em uma grande frente suprapartid\u00e1ria e com a participa\u00e7\u00e3o de entidades sociais de representa\u00e7\u00e3o popular, sindicatos, estudantes, professores, profissionais liberais, trabalhadores do setor petroqu\u00edmico, mulheres e dos os cidad\u00e3os que n\u00e3o admitem as amea\u00e7as e viol\u00eancia que inibem a manifesta\u00e7\u00e3o de nossa cidadania.<\/p>\n<p>Dia 13\/12, com concentra\u00e7\u00e3o \u00e0s 16h na Pra\u00e7a Roberto Silveira, na 25 de Agosto.<\/p>\n<p>P\u00e1gina em rede social: <a href=\"https:\/\/www.facebook.com\/events\/475043466229835\/\" target=\"_blank\" rel=\"noopener\">https:\/\/www.facebook.com\/events\/475043466229835\/<\/a><\/p>\n<p>Site do Manifesto: <a href=\"http:\/\/democraciaecidadania.com\/\" target=\"_blank\" rel=\"noopener\">http:\/\/democraciaecidadania.com\/<\/a><\/p>\n","protected":false},"excerpt":{"rendered":"<p>Representantes de diferentes associa\u00e7\u00f5es, partidos, sindicatos e institui\u00e7\u00f5es sociais convocam a popula\u00e7\u00e3o de Duque de&#8230;<\/p>\n","protected":false},"author":2,"featured_media":6915,"comment_status":"open","ping_status":"closed","sticky":false,"template":"","format":"standard","meta":{"footnotes":""},"categories":[1,4],"tags":[],"class_list":["post-6912","post","type-post","status-publish","format-standard","has-post-thumbnail","hentry","category-botinada","category-opiniao"],"yoast_head":"<!-- This site is optimized with the Yoast SEO plugin v27.5 - https:\/\/yoast.com\/product\/yoast-seo-wordpress\/ -->\n<title>1\u00ba Marcha pela Democracia e Cidadania em Caxias - Lurdinha - Duque de Caxias para Est\u00f4magos Fortes<\/title>\n<meta name=\"robots\" content=\"index, follow, max-snippet:-1, max-image-preview:large, max-video-preview:-1\" \/>\n<link rel=\"canonical\" href=\"https:\/\/lurdinha.org\/site\/1o-marcha-pela-democracia-e-cidadania-em-caxias\/\" \/>\n<meta property=\"og:locale\" content=\"pt_BR\" \/>\n<meta property=\"og:type\" content=\"article\" \/>\n<meta property=\"og:title\" content=\"1\u00ba Marcha pela Democracia e Cidadania em Caxias - Lurdinha - Duque de Caxias para Est\u00f4magos Fortes\" \/>\n<meta property=\"og:description\" content=\"Representantes de diferentes associa\u00e7\u00f5es, partidos, sindicatos e institui\u00e7\u00f5es sociais convocam a popula\u00e7\u00e3o de Duque de...\" \/>\n<meta property=\"og:url\" content=\"https:\/\/lurdinha.org\/site\/1o-marcha-pela-democracia-e-cidadania-em-caxias\/\" \/>\n<meta property=\"og:site_name\" content=\"Lurdinha - Duque de Caxias para Est\u00f4magos Fortes\" \/>\n<meta property=\"article:publisher\" content=\"https:\/\/www.facebook.com\/LurdinhadeCaxias\" \/>\n<meta property=\"article:author\" content=\"botocudo\" \/>\n<meta property=\"article:published_time\" content=\"2017-12-10T19:08:10+00:00\" \/>\n<meta property=\"article:modified_time\" content=\"2017-12-13T19:14:22+00:00\" \/>\n<meta property=\"og:image\" content=\"https:\/\/lurdinha.org\/site\/wp-content\/uploads\/marcaha-pela-cidadania-direitos-duquedecaxias.jpg\" \/>\n\t<meta property=\"og:image:width\" content=\"589\" \/>\n\t<meta property=\"og:image:height\" content=\"296\" \/>\n\t<meta property=\"og:image:type\" content=\"image\/jpeg\" \/>\n<meta name=\"author\" content=\"heraldo hb\" \/>\n<meta name=\"twitter:card\" content=\"summary_large_image\" \/>\n<meta name=\"twitter:label1\" content=\"Escrito por\" \/>\n\t<meta name=\"twitter:data1\" content=\"heraldo hb\" \/>\n\t<meta name=\"twitter:label2\" content=\"Est. tempo de leitura\" \/>\n\t<meta name=\"twitter:data2\" content=\"4 minutos\" \/>\n<script type=\"application\/ld+json\" class=\"yoast-schema-graph\">{\"@context\":\"https:\\\/\\\/schema.org\",\"@graph\":[{\"@type\":\"Article\",\"@id\":\"https:\\\/\\\/lurdinha.org\\\/site\\\/1o-marcha-pela-democracia-e-cidadania-em-caxias\\\/#article\",\"isPartOf\":{\"@id\":\"https:\\\/\\\/lurdinha.org\\\/site\\\/1o-marcha-pela-democracia-e-cidadania-em-caxias\\\/\"},\"author\":{\"name\":\"heraldo hb\",\"@id\":\"https:\\\/\\\/lurdinha.org\\\/site\\\/#\\\/schema\\\/person\\\/b833bb6a7f82598bf0e95e4c30874251\"},\"headline\":\"1\u00ba Marcha pela Democracia e Cidadania em Caxias\",\"datePublished\":\"2017-12-10T19:08:10+00:00\",\"dateModified\":\"2017-12-13T19:14:22+00:00\",\"mainEntityOfPage\":{\"@id\":\"https:\\\/\\\/lurdinha.org\\\/site\\\/1o-marcha-pela-democracia-e-cidadania-em-caxias\\\/\"},\"wordCount\":758,\"commentCount\":0,\"publisher\":{\"@id\":\"https:\\\/\\\/lurdinha.org\\\/site\\\/#organization\"},\"image\":{\"@id\":\"https:\\\/\\\/lurdinha.org\\\/site\\\/1o-marcha-pela-democracia-e-cidadania-em-caxias\\\/#primaryimage\"},\"thumbnailUrl\":\"https:\\\/\\\/lurdinha.org\\\/site\\\/wp-content\\\/uploads\\\/marcaha-pela-cidadania-direitos-duquedecaxias.jpg\",\"articleSection\":[\"botinada\",\"uma opini\u00e3o\"],\"inLanguage\":\"pt-BR\",\"potentialAction\":[{\"@type\":\"CommentAction\",\"name\":\"Comment\",\"target\":[\"https:\\\/\\\/lurdinha.org\\\/site\\\/1o-marcha-pela-democracia-e-cidadania-em-caxias\\\/#respond\"]}]},{\"@type\":\"WebPage\",\"@id\":\"https:\\\/\\\/lurdinha.org\\\/site\\\/1o-marcha-pela-democracia-e-cidadania-em-caxias\\\/\",\"url\":\"https:\\\/\\\/lurdinha.org\\\/site\\\/1o-marcha-pela-democracia-e-cidadania-em-caxias\\\/\",\"name\":\"1\u00ba Marcha pela Democracia e Cidadania em Caxias - Lurdinha - Duque de Caxias para Est\u00f4magos Fortes\",\"isPartOf\":{\"@id\":\"https:\\\/\\\/lurdinha.org\\\/site\\\/#website\"},\"primaryImageOfPage\":{\"@id\":\"https:\\\/\\\/lurdinha.org\\\/site\\\/1o-marcha-pela-democracia-e-cidadania-em-caxias\\\/#primaryimage\"},\"image\":{\"@id\":\"https:\\\/\\\/lurdinha.org\\\/site\\\/1o-marcha-pela-democracia-e-cidadania-em-caxias\\\/#primaryimage\"},\"thumbnailUrl\":\"https:\\\/\\\/lurdinha.org\\\/site\\\/wp-content\\\/uploads\\\/marcaha-pela-cidadania-direitos-duquedecaxias.jpg\",\"datePublished\":\"2017-12-10T19:08:10+00:00\",\"dateModified\":\"2017-12-13T19:14:22+00:00\",\"breadcrumb\":{\"@id\":\"https:\\\/\\\/lurdinha.org\\\/site\\\/1o-marcha-pela-democracia-e-cidadania-em-caxias\\\/#breadcrumb\"},\"inLanguage\":\"pt-BR\",\"potentialAction\":[{\"@type\":\"ReadAction\",\"target\":[\"https:\\\/\\\/lurdinha.org\\\/site\\\/1o-marcha-pela-democracia-e-cidadania-em-caxias\\\/\"]}]},{\"@type\":\"ImageObject\",\"inLanguage\":\"pt-BR\",\"@id\":\"https:\\\/\\\/lurdinha.org\\\/site\\\/1o-marcha-pela-democracia-e-cidadania-em-caxias\\\/#primaryimage\",\"url\":\"https:\\\/\\\/lurdinha.org\\\/site\\\/wp-content\\\/uploads\\\/marcaha-pela-cidadania-direitos-duquedecaxias.jpg\",\"contentUrl\":\"https:\\\/\\\/lurdinha.org\\\/site\\\/wp-content\\\/uploads\\\/marcaha-pela-cidadania-direitos-duquedecaxias.jpg\",\"width\":589,\"height\":296,\"caption\":\"Marcha pela Democracia e Cidadania em Caxias\"},{\"@type\":\"BreadcrumbList\",\"@id\":\"https:\\\/\\\/lurdinha.org\\\/site\\\/1o-marcha-pela-democracia-e-cidadania-em-caxias\\\/#breadcrumb\",\"itemListElement\":[{\"@type\":\"ListItem\",\"position\":1,\"name\":\"In\u00edcio\",\"item\":\"https:\\\/\\\/lurdinha.org\\\/site\\\/\"},{\"@type\":\"ListItem\",\"position\":2,\"name\":\"1\u00ba Marcha pela Democracia e Cidadania em Caxias\"}]},{\"@type\":\"WebSite\",\"@id\":\"https:\\\/\\\/lurdinha.org\\\/site\\\/#website\",\"url\":\"https:\\\/\\\/lurdinha.org\\\/site\\\/\",\"name\":\"Lurdinha - Duque de Caxias para Est\u00f4magos Fortes\",\"description\":\"Site sobre Arte, Cultura, Pol\u00edtica, Sociedade e curiosidades da cidade de Duque de Caxias, RJ\",\"publisher\":{\"@id\":\"https:\\\/\\\/lurdinha.org\\\/site\\\/#organization\"},\"alternateName\":\"Lurdinha\",\"potentialAction\":[{\"@type\":\"SearchAction\",\"target\":{\"@type\":\"EntryPoint\",\"urlTemplate\":\"https:\\\/\\\/lurdinha.org\\\/site\\\/?s={search_term_string}\"},\"query-input\":{\"@type\":\"PropertyValueSpecification\",\"valueRequired\":true,\"valueName\":\"search_term_string\"}}],\"inLanguage\":\"pt-BR\"},{\"@type\":\"Organization\",\"@id\":\"https:\\\/\\\/lurdinha.org\\\/site\\\/#organization\",\"name\":\"Lurdinha de Caxias\",\"url\":\"https:\\\/\\\/lurdinha.org\\\/site\\\/\",\"logo\":{\"@type\":\"ImageObject\",\"inLanguage\":\"pt-BR\",\"@id\":\"https:\\\/\\\/lurdinha.org\\\/site\\\/#\\\/schema\\\/logo\\\/image\\\/\",\"url\":\"https:\\\/\\\/lurdinha.org\\\/site\\\/wp-content\\\/uploads\\\/logo-lurdinha.jpg\",\"contentUrl\":\"https:\\\/\\\/lurdinha.org\\\/site\\\/wp-content\\\/uploads\\\/logo-lurdinha.jpg\",\"width\":640,\"height\":60,\"caption\":\"Lurdinha de Caxias\"},\"image\":{\"@id\":\"https:\\\/\\\/lurdinha.org\\\/site\\\/#\\\/schema\\\/logo\\\/image\\\/\"},\"sameAs\":[\"https:\\\/\\\/www.facebook.com\\\/LurdinhadeCaxias\",\"https:\\\/\\\/www.instagram.com\\\/lurdinhadecaxias\"]},{\"@type\":\"Person\",\"@id\":\"https:\\\/\\\/lurdinha.org\\\/site\\\/#\\\/schema\\\/person\\\/b833bb6a7f82598bf0e95e4c30874251\",\"name\":\"heraldo hb\",\"image\":{\"@type\":\"ImageObject\",\"inLanguage\":\"pt-BR\",\"@id\":\"https:\\\/\\\/secure.gravatar.com\\\/avatar\\\/5de9fe99c72cb6885bbdaa24b1c5738b0f673d265de18720fae7463d5f47b48d?s=96&d=mm&r=g\",\"url\":\"https:\\\/\\\/secure.gravatar.com\\\/avatar\\\/5de9fe99c72cb6885bbdaa24b1c5738b0f673d265de18720fae7463d5f47b48d?s=96&d=mm&r=g\",\"contentUrl\":\"https:\\\/\\\/secure.gravatar.com\\\/avatar\\\/5de9fe99c72cb6885bbdaa24b1c5738b0f673d265de18720fae7463d5f47b48d?s=96&d=mm&r=g\",\"caption\":\"heraldo hb\"},\"description\":\"Cineasta, animador cultural, escritor e educador nascido no s\u00e9culo XX\",\"sameAs\":[\"http:\\\/\\\/wwww.relinkare.org\",\"botocudo\",\"heraldohb\",\"relinkare\"],\"url\":\"https:\\\/\\\/lurdinha.org\\\/site\\\/author\\\/heraldohb\\\/\"}]}<\/script>\n<!-- \/ Yoast SEO plugin. -->","yoast_head_json":{"title":"1\u00ba Marcha pela Democracia e Cidadania em Caxias - Lurdinha - Duque de Caxias para Est\u00f4magos Fortes","robots":{"index":"index","follow":"follow","max-snippet":"max-snippet:-1","max-image-preview":"max-image-preview:large","max-video-preview":"max-video-preview:-1"},"canonical":"https:\/\/lurdinha.org\/site\/1o-marcha-pela-democracia-e-cidadania-em-caxias\/","og_locale":"pt_BR","og_type":"article","og_title":"1\u00ba Marcha pela Democracia e Cidadania em Caxias - Lurdinha - Duque de Caxias para Est\u00f4magos Fortes","og_description":"Representantes de diferentes associa\u00e7\u00f5es, partidos, sindicatos e institui\u00e7\u00f5es sociais convocam a popula\u00e7\u00e3o de Duque de...","og_url":"https:\/\/lurdinha.org\/site\/1o-marcha-pela-democracia-e-cidadania-em-caxias\/","og_site_name":"Lurdinha - Duque de Caxias para Est\u00f4magos Fortes","article_publisher":"https:\/\/www.facebook.com\/LurdinhadeCaxias","article_author":"botocudo","article_published_time":"2017-12-10T19:08:10+00:00","article_modified_time":"2017-12-13T19:14:22+00:00","og_image":[{"width":589,"height":296,"url":"https:\/\/lurdinha.org\/site\/wp-content\/uploads\/marcaha-pela-cidadania-direitos-duquedecaxias.jpg","type":"image\/jpeg"}],"author":"heraldo hb","twitter_card":"summary_large_image","twitter_misc":{"Escrito por":"heraldo hb","Est. tempo de leitura":"4 minutos"},"schema":{"@context":"https:\/\/schema.org","@graph":[{"@type":"Article","@id":"https:\/\/lurdinha.org\/site\/1o-marcha-pela-democracia-e-cidadania-em-caxias\/#article","isPartOf":{"@id":"https:\/\/lurdinha.org\/site\/1o-marcha-pela-democracia-e-cidadania-em-caxias\/"},"author":{"name":"heraldo hb","@id":"https:\/\/lurdinha.org\/site\/#\/schema\/person\/b833bb6a7f82598bf0e95e4c30874251"},"headline":"1\u00ba Marcha pela Democracia e Cidadania em Caxias","datePublished":"2017-12-10T19:08:10+00:00","dateModified":"2017-12-13T19:14:22+00:00","mainEntityOfPage":{"@id":"https:\/\/lurdinha.org\/site\/1o-marcha-pela-democracia-e-cidadania-em-caxias\/"},"wordCount":758,"commentCount":0,"publisher":{"@id":"https:\/\/lurdinha.org\/site\/#organization"},"image":{"@id":"https:\/\/lurdinha.org\/site\/1o-marcha-pela-democracia-e-cidadania-em-caxias\/#primaryimage"},"thumbnailUrl":"https:\/\/lurdinha.org\/site\/wp-content\/uploads\/marcaha-pela-cidadania-direitos-duquedecaxias.jpg","articleSection":["botinada","uma opini\u00e3o"],"inLanguage":"pt-BR","potentialAction":[{"@type":"CommentAction","name":"Comment","target":["https:\/\/lurdinha.org\/site\/1o-marcha-pela-democracia-e-cidadania-em-caxias\/#respond"]}]},{"@type":"WebPage","@id":"https:\/\/lurdinha.org\/site\/1o-marcha-pela-democracia-e-cidadania-em-caxias\/","url":"https:\/\/lurdinha.org\/site\/1o-marcha-pela-democracia-e-cidadania-em-caxias\/","name":"1\u00ba Marcha pela Democracia e Cidadania em Caxias - Lurdinha - Duque de Caxias para Est\u00f4magos Fortes","isPartOf":{"@id":"https:\/\/lurdinha.org\/site\/#website"},"primaryImageOfPage":{"@id":"https:\/\/lurdinha.org\/site\/1o-marcha-pela-democracia-e-cidadania-em-caxias\/#primaryimage"},"image":{"@id":"https:\/\/lurdinha.org\/site\/1o-marcha-pela-democracia-e-cidadania-em-caxias\/#primaryimage"},"thumbnailUrl":"https:\/\/lurdinha.org\/site\/wp-content\/uploads\/marcaha-pela-cidadania-direitos-duquedecaxias.jpg","datePublished":"2017-12-10T19:08:10+00:00","dateModified":"2017-12-13T19:14:22+00:00","breadcrumb":{"@id":"https:\/\/lurdinha.org\/site\/1o-marcha-pela-democracia-e-cidadania-em-caxias\/#breadcrumb"},"inLanguage":"pt-BR","potentialAction":[{"@type":"ReadAction","target":["https:\/\/lurdinha.org\/site\/1o-marcha-pela-democracia-e-cidadania-em-caxias\/"]}]},{"@type":"ImageObject","inLanguage":"pt-BR","@id":"https:\/\/lurdinha.org\/site\/1o-marcha-pela-democracia-e-cidadania-em-caxias\/#primaryimage","url":"https:\/\/lurdinha.org\/site\/wp-content\/uploads\/marcaha-pela-cidadania-direitos-duquedecaxias.jpg","contentUrl":"https:\/\/lurdinha.org\/site\/wp-content\/uploads\/marcaha-pela-cidadania-direitos-duquedecaxias.jpg","width":589,"height":296,"caption":"Marcha pela Democracia e Cidadania em Caxias"},{"@type":"BreadcrumbList","@id":"https:\/\/lurdinha.org\/site\/1o-marcha-pela-democracia-e-cidadania-em-caxias\/#breadcrumb","itemListElement":[{"@type":"ListItem","position":1,"name":"In\u00edcio","item":"https:\/\/lurdinha.org\/site\/"},{"@type":"ListItem","position":2,"name":"1\u00ba Marcha pela Democracia e Cidadania em Caxias"}]},{"@type":"WebSite","@id":"https:\/\/lurdinha.org\/site\/#website","url":"https:\/\/lurdinha.org\/site\/","name":"Lurdinha - Duque de Caxias para Est\u00f4magos Fortes","description":"Site sobre Arte, Cultura, Pol\u00edtica, Sociedade e curiosidades da cidade de Duque de Caxias, RJ","publisher":{"@id":"https:\/\/lurdinha.org\/site\/#organization"},"alternateName":"Lurdinha","potentialAction":[{"@type":"SearchAction","target":{"@type":"EntryPoint","urlTemplate":"https:\/\/lurdinha.org\/site\/?s={search_term_string}"},"query-input":{"@type":"PropertyValueSpecification","valueRequired":true,"valueName":"search_term_string"}}],"inLanguage":"pt-BR"},{"@type":"Organization","@id":"https:\/\/lurdinha.org\/site\/#organization","name":"Lurdinha de Caxias","url":"https:\/\/lurdinha.org\/site\/","logo":{"@type":"ImageObject","inLanguage":"pt-BR","@id":"https:\/\/lurdinha.org\/site\/#\/schema\/logo\/image\/","url":"https:\/\/lurdinha.org\/site\/wp-content\/uploads\/logo-lurdinha.jpg","contentUrl":"https:\/\/lurdinha.org\/site\/wp-content\/uploads\/logo-lurdinha.jpg","width":640,"height":60,"caption":"Lurdinha de Caxias"},"image":{"@id":"https:\/\/lurdinha.org\/site\/#\/schema\/logo\/image\/"},"sameAs":["https:\/\/www.facebook.com\/LurdinhadeCaxias","https:\/\/www.instagram.com\/lurdinhadecaxias"]},{"@type":"Person","@id":"https:\/\/lurdinha.org\/site\/#\/schema\/person\/b833bb6a7f82598bf0e95e4c30874251","name":"heraldo hb","image":{"@type":"ImageObject","inLanguage":"pt-BR","@id":"https:\/\/secure.gravatar.com\/avatar\/5de9fe99c72cb6885bbdaa24b1c5738b0f673d265de18720fae7463d5f47b48d?s=96&d=mm&r=g","url":"https:\/\/secure.gravatar.com\/avatar\/5de9fe99c72cb6885bbdaa24b1c5738b0f673d265de18720fae7463d5f47b48d?s=96&d=mm&r=g","contentUrl":"https:\/\/secure.gravatar.com\/avatar\/5de9fe99c72cb6885bbdaa24b1c5738b0f673d265de18720fae7463d5f47b48d?s=96&d=mm&r=g","caption":"heraldo hb"},"description":"Cineasta, animador cultural, escritor e educador nascido no s\u00e9culo XX","sameAs":["http:\/\/wwww.relinkare.org","botocudo","heraldohb","relinkare"],"url":"https:\/\/lurdinha.org\/site\/author\/heraldohb\/"}]}},"views":2750,"_links":{"self":[{"href":"https:\/\/lurdinha.org\/site\/wp-json\/wp\/v2\/posts\/6912","targetHints":{"allow":["GET"]}}],"collection":[{"href":"https:\/\/lurdinha.org\/site\/wp-json\/wp\/v2\/posts"}],"about":[{"href":"https:\/\/lurdinha.org\/site\/wp-json\/wp\/v2\/types\/post"}],"author":[{"embeddable":true,"href":"https:\/\/lurdinha.org\/site\/wp-json\/wp\/v2\/users\/2"}],"replies":[{"embeddable":true,"href":"https:\/\/lurdinha.org\/site\/wp-json\/wp\/v2\/comments?post=6912"}],"version-history":[{"count":5,"href":"https:\/\/lurdinha.org\/site\/wp-json\/wp\/v2\/posts\/6912\/revisions"}],"predecessor-version":[{"id":6918,"href":"https:\/\/lurdinha.org\/site\/wp-json\/wp\/v2\/posts\/6912\/revisions\/6918"}],"wp:featuredmedia":[{"embeddable":true,"href":"https:\/\/lurdinha.org\/site\/wp-json\/wp\/v2\/media\/6915"}],"wp:attachment":[{"href":"https:\/\/lurdinha.org\/site\/wp-json\/wp\/v2\/media?parent=6912"}],"wp:term":[{"taxonomy":"category","embeddable":true,"href":"https:\/\/lurdinha.org\/site\/wp-json\/wp\/v2\/categories?post=6912"},{"taxonomy":"post_tag","embeddable":true,"href":"https:\/\/lurdinha.org\/site\/wp-json\/wp\/v2\/tags?post=6912"}],"curies":[{"name":"wp","href":"https:\/\/api.w.org\/{rel}","templated":true}]}}