{"id":6870,"date":"2017-11-19T17:08:37","date_gmt":"2017-11-19T17:08:37","guid":{"rendered":"http:\/\/lurdinha.org\/site\/?p=6870"},"modified":"2017-11-23T17:15:47","modified_gmt":"2017-11-23T17:15:47","slug":"apas-em-perigo","status":"publish","type":"post","link":"https:\/\/lurdinha.org\/site\/apas-em-perigo\/","title":{"rendered":"APAs da cidade em perigo"},"content":{"rendered":"<p>Desde agosto n\u00e3o h\u00e1 reuni\u00e3o do Conselho da Rebio Equitativa, quando o presidente das Unidades de Conserva\u00e7\u00e3o, Wilson, chamou os conselheiros das unidades para uma reuni\u00e3o onde foi deliberado que, por falta de qu\u00f3rum, os conselhos se unificariam num \u00fanico &#8220;conselh\u00e3o&#8221;. Eu e meus companheiros da APA S\u00e3o Bento fomos contra. Tal medida n\u00e3o est\u00e1 prevista em nenhum regimento das Unidades. No m\u00eas seguinte, setembro, fui perguntar se n\u00e3o haveria reuni\u00e3o ordin\u00e1ria da Rebio e fui informado que estavam aguardando o prefeito sancionar a cria\u00e7\u00e3o do &#8220;conselh\u00e3o&#8221;. Enquanto isso o governo anuncia a vinda do Ceasa dentro da APA S\u00e3o Bento e hoje tomo conhecimento dessa den\u00fancia no Parque Equitativa.<\/p>\n<p>Numa cidade governada por um prefeito condenado por crime ambiental, se a sociedade civil n\u00e3o se unir, n\u00e3o haver\u00e1 mais unidades de conserva\u00e7\u00e3o em Duque de Caxias, cujo meio ambiente j\u00e1 vem sofrendo desde o governo anterior, como eu cansei de denunciar.<\/p>\n<p><img loading=\"lazy\" decoding=\"async\" class=\"alignnone size-large wp-image-6872\" src=\"http:\/\/lurdinha.org\/site\/wp-content\/uploads\/fogo-noequitativa-610x356.jpg\" alt=\"\" width=\"610\" height=\"356\" srcset=\"https:\/\/lurdinha.org\/site\/wp-content\/uploads\/fogo-noequitativa-610x356.jpg 610w, https:\/\/lurdinha.org\/site\/wp-content\/uploads\/fogo-noequitativa-300x175.jpg 300w, https:\/\/lurdinha.org\/site\/wp-content\/uploads\/fogo-noequitativa-768x448.jpg 768w, https:\/\/lurdinha.org\/site\/wp-content\/uploads\/fogo-noequitativa.jpg 913w\" sizes=\"auto, (max-width: 610px) 100vw, 610px\" \/><\/p>\n","protected":false},"excerpt":{"rendered":"<p>Desde agosto n\u00e3o h\u00e1 reuni\u00e3o do Conselho da Rebio Equitativa, quando o presidente das Unidades&#8230;<\/p>\n","protected":false},"author":51,"featured_media":6872,"comment_status":"open","ping_status":"closed","sticky":false,"template":"","format":"standard","meta":{"footnotes":""},"categories":[4],"tags":[],"class_list":["post-6870","post","type-post","status-publish","format-standard","has-post-thumbnail","hentry","category-opiniao"],"yoast_head":"<!-- This site is optimized with the Yoast SEO plugin v27.5 - https:\/\/yoast.com\/product\/yoast-seo-wordpress\/ -->\n<title>APAs da cidade em perigo - Lurdinha - Duque de Caxias para Est\u00f4magos Fortes<\/title>\n<meta name=\"robots\" content=\"index, follow, max-snippet:-1, max-image-preview:large, max-video-preview:-1\" \/>\n<link rel=\"canonical\" href=\"https:\/\/lurdinha.org\/site\/apas-em-perigo\/\" \/>\n<meta property=\"og:locale\" content=\"pt_BR\" \/>\n<meta property=\"og:type\" content=\"article\" \/>\n<meta property=\"og:title\" content=\"APAs da cidade em perigo - Lurdinha - Duque de Caxias para Est\u00f4magos Fortes\" \/>\n<meta property=\"og:description\" content=\"Desde agosto n\u00e3o h\u00e1 reuni\u00e3o do Conselho da Rebio Equitativa, quando o presidente das Unidades...\" \/>\n<meta property=\"og:url\" content=\"https:\/\/lurdinha.org\/site\/apas-em-perigo\/\" \/>\n<meta property=\"og:site_name\" content=\"Lurdinha - Duque de Caxias para Est\u00f4magos Fortes\" \/>\n<meta property=\"article:publisher\" content=\"https:\/\/www.facebook.com\/LurdinhadeCaxias\" \/>\n<meta property=\"article:author\" content=\"https:\/\/www.facebook.com\/filipotardim\" \/>\n<meta property=\"article:published_time\" content=\"2017-11-19T17:08:37+00:00\" \/>\n<meta property=\"article:modified_time\" content=\"2017-11-23T17:15:47+00:00\" \/>\n<meta property=\"og:image\" content=\"https:\/\/lurdinha.org\/site\/wp-content\/uploads\/fogo-noequitativa.jpg\" \/>\n\t<meta property=\"og:image:width\" content=\"913\" \/>\n\t<meta property=\"og:image:height\" content=\"533\" \/>\n\t<meta property=\"og:image:type\" content=\"image\/jpeg\" \/>\n<meta name=\"author\" content=\"Filipo Tardim\" \/>\n<meta name=\"twitter:card\" content=\"summary_large_image\" \/>\n<meta name=\"twitter:label1\" content=\"Escrito por\" \/>\n\t<meta name=\"twitter:data1\" content=\"Filipo Tardim\" \/>\n\t<meta name=\"twitter:label2\" content=\"Est. tempo de leitura\" \/>\n\t<meta name=\"twitter:data2\" content=\"1 minuto\" \/>\n<script type=\"application\/ld+json\" class=\"yoast-schema-graph\">{\"@context\":\"https:\\\/\\\/schema.org\",\"@graph\":[{\"@type\":\"Article\",\"@id\":\"https:\\\/\\\/lurdinha.org\\\/site\\\/apas-em-perigo\\\/#article\",\"isPartOf\":{\"@id\":\"https:\\\/\\\/lurdinha.org\\\/site\\\/apas-em-perigo\\\/\"},\"author\":{\"name\":\"Filipo Tardim\",\"@id\":\"https:\\\/\\\/lurdinha.org\\\/site\\\/#\\\/schema\\\/person\\\/9e6cb9994a30b287e5ef677b616a6d4f\"},\"headline\":\"APAs da cidade em perigo\",\"datePublished\":\"2017-11-19T17:08:37+00:00\",\"dateModified\":\"2017-11-23T17:15:47+00:00\",\"mainEntityOfPage\":{\"@id\":\"https:\\\/\\\/lurdinha.org\\\/site\\\/apas-em-perigo\\\/\"},\"wordCount\":176,\"commentCount\":0,\"publisher\":{\"@id\":\"https:\\\/\\\/lurdinha.org\\\/site\\\/#organization\"},\"image\":{\"@id\":\"https:\\\/\\\/lurdinha.org\\\/site\\\/apas-em-perigo\\\/#primaryimage\"},\"thumbnailUrl\":\"https:\\\/\\\/lurdinha.org\\\/site\\\/wp-content\\\/uploads\\\/fogo-noequitativa.jpg\",\"articleSection\":[\"uma opini\u00e3o\"],\"inLanguage\":\"pt-BR\",\"potentialAction\":[{\"@type\":\"CommentAction\",\"name\":\"Comment\",\"target\":[\"https:\\\/\\\/lurdinha.org\\\/site\\\/apas-em-perigo\\\/#respond\"]}]},{\"@type\":\"WebPage\",\"@id\":\"https:\\\/\\\/lurdinha.org\\\/site\\\/apas-em-perigo\\\/\",\"url\":\"https:\\\/\\\/lurdinha.org\\\/site\\\/apas-em-perigo\\\/\",\"name\":\"APAs da cidade em perigo - Lurdinha - Duque de Caxias para Est\u00f4magos Fortes\",\"isPartOf\":{\"@id\":\"https:\\\/\\\/lurdinha.org\\\/site\\\/#website\"},\"primaryImageOfPage\":{\"@id\":\"https:\\\/\\\/lurdinha.org\\\/site\\\/apas-em-perigo\\\/#primaryimage\"},\"image\":{\"@id\":\"https:\\\/\\\/lurdinha.org\\\/site\\\/apas-em-perigo\\\/#primaryimage\"},\"thumbnailUrl\":\"https:\\\/\\\/lurdinha.org\\\/site\\\/wp-content\\\/uploads\\\/fogo-noequitativa.jpg\",\"datePublished\":\"2017-11-19T17:08:37+00:00\",\"dateModified\":\"2017-11-23T17:15:47+00:00\",\"breadcrumb\":{\"@id\":\"https:\\\/\\\/lurdinha.org\\\/site\\\/apas-em-perigo\\\/#breadcrumb\"},\"inLanguage\":\"pt-BR\",\"potentialAction\":[{\"@type\":\"ReadAction\",\"target\":[\"https:\\\/\\\/lurdinha.org\\\/site\\\/apas-em-perigo\\\/\"]}]},{\"@type\":\"ImageObject\",\"inLanguage\":\"pt-BR\",\"@id\":\"https:\\\/\\\/lurdinha.org\\\/site\\\/apas-em-perigo\\\/#primaryimage\",\"url\":\"https:\\\/\\\/lurdinha.org\\\/site\\\/wp-content\\\/uploads\\\/fogo-noequitativa.jpg\",\"contentUrl\":\"https:\\\/\\\/lurdinha.org\\\/site\\\/wp-content\\\/uploads\\\/fogo-noequitativa.jpg\",\"width\":913,\"height\":533},{\"@type\":\"BreadcrumbList\",\"@id\":\"https:\\\/\\\/lurdinha.org\\\/site\\\/apas-em-perigo\\\/#breadcrumb\",\"itemListElement\":[{\"@type\":\"ListItem\",\"position\":1,\"name\":\"In\u00edcio\",\"item\":\"https:\\\/\\\/lurdinha.org\\\/site\\\/\"},{\"@type\":\"ListItem\",\"position\":2,\"name\":\"APAs da cidade em perigo\"}]},{\"@type\":\"WebSite\",\"@id\":\"https:\\\/\\\/lurdinha.org\\\/site\\\/#website\",\"url\":\"https:\\\/\\\/lurdinha.org\\\/site\\\/\",\"name\":\"Lurdinha - Duque de Caxias para Est\u00f4magos Fortes\",\"description\":\"Site sobre Arte, Cultura, Pol\u00edtica, Sociedade e curiosidades da cidade de Duque de Caxias, RJ\",\"publisher\":{\"@id\":\"https:\\\/\\\/lurdinha.org\\\/site\\\/#organization\"},\"alternateName\":\"Lurdinha\",\"potentialAction\":[{\"@type\":\"SearchAction\",\"target\":{\"@type\":\"EntryPoint\",\"urlTemplate\":\"https:\\\/\\\/lurdinha.org\\\/site\\\/?s={search_term_string}\"},\"query-input\":{\"@type\":\"PropertyValueSpecification\",\"valueRequired\":true,\"valueName\":\"search_term_string\"}}],\"inLanguage\":\"pt-BR\"},{\"@type\":\"Organization\",\"@id\":\"https:\\\/\\\/lurdinha.org\\\/site\\\/#organization\",\"name\":\"Lurdinha de Caxias\",\"url\":\"https:\\\/\\\/lurdinha.org\\\/site\\\/\",\"logo\":{\"@type\":\"ImageObject\",\"inLanguage\":\"pt-BR\",\"@id\":\"https:\\\/\\\/lurdinha.org\\\/site\\\/#\\\/schema\\\/logo\\\/image\\\/\",\"url\":\"https:\\\/\\\/lurdinha.org\\\/site\\\/wp-content\\\/uploads\\\/logo-lurdinha.jpg\",\"contentUrl\":\"https:\\\/\\\/lurdinha.org\\\/site\\\/wp-content\\\/uploads\\\/logo-lurdinha.jpg\",\"width\":640,\"height\":60,\"caption\":\"Lurdinha de Caxias\"},\"image\":{\"@id\":\"https:\\\/\\\/lurdinha.org\\\/site\\\/#\\\/schema\\\/logo\\\/image\\\/\"},\"sameAs\":[\"https:\\\/\\\/www.facebook.com\\\/LurdinhadeCaxias\",\"https:\\\/\\\/www.instagram.com\\\/lurdinhadecaxias\"]},{\"@type\":\"Person\",\"@id\":\"https:\\\/\\\/lurdinha.org\\\/site\\\/#\\\/schema\\\/person\\\/9e6cb9994a30b287e5ef677b616a6d4f\",\"name\":\"Filipo Tardim\",\"image\":{\"@type\":\"ImageObject\",\"inLanguage\":\"pt-BR\",\"@id\":\"https:\\\/\\\/secure.gravatar.com\\\/avatar\\\/c3ce620e643873cc01217fa86fc236dcdceb2f57285b3dccf2da5c96be93d336?s=96&d=mm&r=g\",\"url\":\"https:\\\/\\\/secure.gravatar.com\\\/avatar\\\/c3ce620e643873cc01217fa86fc236dcdceb2f57285b3dccf2da5c96be93d336?s=96&d=mm&r=g\",\"contentUrl\":\"https:\\\/\\\/secure.gravatar.com\\\/avatar\\\/c3ce620e643873cc01217fa86fc236dcdceb2f57285b3dccf2da5c96be93d336?s=96&d=mm&r=g\",\"caption\":\"Filipo Tardim\"},\"sameAs\":[\"https:\\\/\\\/www.facebook.com\\\/filipotardim\"],\"url\":\"https:\\\/\\\/lurdinha.org\\\/site\\\/author\\\/filipo\\\/\"}]}<\/script>\n<!-- \/ Yoast SEO plugin. -->","yoast_head_json":{"title":"APAs da cidade em perigo - Lurdinha - Duque de Caxias para Est\u00f4magos Fortes","robots":{"index":"index","follow":"follow","max-snippet":"max-snippet:-1","max-image-preview":"max-image-preview:large","max-video-preview":"max-video-preview:-1"},"canonical":"https:\/\/lurdinha.org\/site\/apas-em-perigo\/","og_locale":"pt_BR","og_type":"article","og_title":"APAs da cidade em perigo - Lurdinha - Duque de Caxias para Est\u00f4magos Fortes","og_description":"Desde agosto n\u00e3o h\u00e1 reuni\u00e3o do Conselho da Rebio Equitativa, quando o presidente das Unidades...","og_url":"https:\/\/lurdinha.org\/site\/apas-em-perigo\/","og_site_name":"Lurdinha - Duque de Caxias para Est\u00f4magos Fortes","article_publisher":"https:\/\/www.facebook.com\/LurdinhadeCaxias","article_author":"https:\/\/www.facebook.com\/filipotardim","article_published_time":"2017-11-19T17:08:37+00:00","article_modified_time":"2017-11-23T17:15:47+00:00","og_image":[{"width":913,"height":533,"url":"https:\/\/lurdinha.org\/site\/wp-content\/uploads\/fogo-noequitativa.jpg","type":"image\/jpeg"}],"author":"Filipo Tardim","twitter_card":"summary_large_image","twitter_misc":{"Escrito por":"Filipo Tardim","Est. tempo de leitura":"1 minuto"},"schema":{"@context":"https:\/\/schema.org","@graph":[{"@type":"Article","@id":"https:\/\/lurdinha.org\/site\/apas-em-perigo\/#article","isPartOf":{"@id":"https:\/\/lurdinha.org\/site\/apas-em-perigo\/"},"author":{"name":"Filipo Tardim","@id":"https:\/\/lurdinha.org\/site\/#\/schema\/person\/9e6cb9994a30b287e5ef677b616a6d4f"},"headline":"APAs da cidade em perigo","datePublished":"2017-11-19T17:08:37+00:00","dateModified":"2017-11-23T17:15:47+00:00","mainEntityOfPage":{"@id":"https:\/\/lurdinha.org\/site\/apas-em-perigo\/"},"wordCount":176,"commentCount":0,"publisher":{"@id":"https:\/\/lurdinha.org\/site\/#organization"},"image":{"@id":"https:\/\/lurdinha.org\/site\/apas-em-perigo\/#primaryimage"},"thumbnailUrl":"https:\/\/lurdinha.org\/site\/wp-content\/uploads\/fogo-noequitativa.jpg","articleSection":["uma opini\u00e3o"],"inLanguage":"pt-BR","potentialAction":[{"@type":"CommentAction","name":"Comment","target":["https:\/\/lurdinha.org\/site\/apas-em-perigo\/#respond"]}]},{"@type":"WebPage","@id":"https:\/\/lurdinha.org\/site\/apas-em-perigo\/","url":"https:\/\/lurdinha.org\/site\/apas-em-perigo\/","name":"APAs da cidade em perigo - Lurdinha - Duque de Caxias para Est\u00f4magos Fortes","isPartOf":{"@id":"https:\/\/lurdinha.org\/site\/#website"},"primaryImageOfPage":{"@id":"https:\/\/lurdinha.org\/site\/apas-em-perigo\/#primaryimage"},"image":{"@id":"https:\/\/lurdinha.org\/site\/apas-em-perigo\/#primaryimage"},"thumbnailUrl":"https:\/\/lurdinha.org\/site\/wp-content\/uploads\/fogo-noequitativa.jpg","datePublished":"2017-11-19T17:08:37+00:00","dateModified":"2017-11-23T17:15:47+00:00","breadcrumb":{"@id":"https:\/\/lurdinha.org\/site\/apas-em-perigo\/#breadcrumb"},"inLanguage":"pt-BR","potentialAction":[{"@type":"ReadAction","target":["https:\/\/lurdinha.org\/site\/apas-em-perigo\/"]}]},{"@type":"ImageObject","inLanguage":"pt-BR","@id":"https:\/\/lurdinha.org\/site\/apas-em-perigo\/#primaryimage","url":"https:\/\/lurdinha.org\/site\/wp-content\/uploads\/fogo-noequitativa.jpg","contentUrl":"https:\/\/lurdinha.org\/site\/wp-content\/uploads\/fogo-noequitativa.jpg","width":913,"height":533},{"@type":"BreadcrumbList","@id":"https:\/\/lurdinha.org\/site\/apas-em-perigo\/#breadcrumb","itemListElement":[{"@type":"ListItem","position":1,"name":"In\u00edcio","item":"https:\/\/lurdinha.org\/site\/"},{"@type":"ListItem","position":2,"name":"APAs da cidade em perigo"}]},{"@type":"WebSite","@id":"https:\/\/lurdinha.org\/site\/#website","url":"https:\/\/lurdinha.org\/site\/","name":"Lurdinha - Duque de Caxias para Est\u00f4magos Fortes","description":"Site sobre Arte, Cultura, Pol\u00edtica, Sociedade e curiosidades da cidade de Duque de Caxias, RJ","publisher":{"@id":"https:\/\/lurdinha.org\/site\/#organization"},"alternateName":"Lurdinha","potentialAction":[{"@type":"SearchAction","target":{"@type":"EntryPoint","urlTemplate":"https:\/\/lurdinha.org\/site\/?s={search_term_string}"},"query-input":{"@type":"PropertyValueSpecification","valueRequired":true,"valueName":"search_term_string"}}],"inLanguage":"pt-BR"},{"@type":"Organization","@id":"https:\/\/lurdinha.org\/site\/#organization","name":"Lurdinha de Caxias","url":"https:\/\/lurdinha.org\/site\/","logo":{"@type":"ImageObject","inLanguage":"pt-BR","@id":"https:\/\/lurdinha.org\/site\/#\/schema\/logo\/image\/","url":"https:\/\/lurdinha.org\/site\/wp-content\/uploads\/logo-lurdinha.jpg","contentUrl":"https:\/\/lurdinha.org\/site\/wp-content\/uploads\/logo-lurdinha.jpg","width":640,"height":60,"caption":"Lurdinha de Caxias"},"image":{"@id":"https:\/\/lurdinha.org\/site\/#\/schema\/logo\/image\/"},"sameAs":["https:\/\/www.facebook.com\/LurdinhadeCaxias","https:\/\/www.instagram.com\/lurdinhadecaxias"]},{"@type":"Person","@id":"https:\/\/lurdinha.org\/site\/#\/schema\/person\/9e6cb9994a30b287e5ef677b616a6d4f","name":"Filipo Tardim","image":{"@type":"ImageObject","inLanguage":"pt-BR","@id":"https:\/\/secure.gravatar.com\/avatar\/c3ce620e643873cc01217fa86fc236dcdceb2f57285b3dccf2da5c96be93d336?s=96&d=mm&r=g","url":"https:\/\/secure.gravatar.com\/avatar\/c3ce620e643873cc01217fa86fc236dcdceb2f57285b3dccf2da5c96be93d336?s=96&d=mm&r=g","contentUrl":"https:\/\/secure.gravatar.com\/avatar\/c3ce620e643873cc01217fa86fc236dcdceb2f57285b3dccf2da5c96be93d336?s=96&d=mm&r=g","caption":"Filipo Tardim"},"sameAs":["https:\/\/www.facebook.com\/filipotardim"],"url":"https:\/\/lurdinha.org\/site\/author\/filipo\/"}]}},"views":3398,"_links":{"self":[{"href":"https:\/\/lurdinha.org\/site\/wp-json\/wp\/v2\/posts\/6870","targetHints":{"allow":["GET"]}}],"collection":[{"href":"https:\/\/lurdinha.org\/site\/wp-json\/wp\/v2\/posts"}],"about":[{"href":"https:\/\/lurdinha.org\/site\/wp-json\/wp\/v2\/types\/post"}],"author":[{"embeddable":true,"href":"https:\/\/lurdinha.org\/site\/wp-json\/wp\/v2\/users\/51"}],"replies":[{"embeddable":true,"href":"https:\/\/lurdinha.org\/site\/wp-json\/wp\/v2\/comments?post=6870"}],"version-history":[{"count":4,"href":"https:\/\/lurdinha.org\/site\/wp-json\/wp\/v2\/posts\/6870\/revisions"}],"predecessor-version":[{"id":6875,"href":"https:\/\/lurdinha.org\/site\/wp-json\/wp\/v2\/posts\/6870\/revisions\/6875"}],"wp:featuredmedia":[{"embeddable":true,"href":"https:\/\/lurdinha.org\/site\/wp-json\/wp\/v2\/media\/6872"}],"wp:attachment":[{"href":"https:\/\/lurdinha.org\/site\/wp-json\/wp\/v2\/media?parent=6870"}],"wp:term":[{"taxonomy":"category","embeddable":true,"href":"https:\/\/lurdinha.org\/site\/wp-json\/wp\/v2\/categories?post=6870"},{"taxonomy":"post_tag","embeddable":true,"href":"https:\/\/lurdinha.org\/site\/wp-json\/wp\/v2\/tags?post=6870"}],"curies":[{"name":"wp","href":"https:\/\/api.w.org\/{rel}","templated":true}]}}