{"id":6588,"date":"2017-07-04T00:11:09","date_gmt":"2017-07-04T00:11:09","guid":{"rendered":"http:\/\/lurdinha.org\/site\/?p=6588"},"modified":"2022-09-11T18:16:51","modified_gmt":"2022-09-11T18:16:51","slug":"ponto-de-cultura-lira-de-ouro-comemora-60-anos-com-grande-festa-cultural","status":"publish","type":"post","link":"https:\/\/lurdinha.org\/site\/ponto-de-cultura-lira-de-ouro-comemora-60-anos-com-grande-festa-cultural\/","title":{"rendered":"Ponto de Cultura Lira de Ouro comemora 60 anos com grande festa cultural"},"content":{"rendered":"<p>A Arte e a Cultura da Baixada Fluminense estar\u00e3o em festa no pr\u00f3ximo domingo, dia 09 de julho, por conta da comemora\u00e7\u00e3o de anivers\u00e1rio dos 60 anos da Sociedade Musical e Art\u00edstica Lira de Ouro, umas das institui\u00e7\u00f5es mais importantes da regi\u00e3o no segmento.<\/p>\n<p>Fundada em 1957, a Lira de Ouro \u00e9 um Ponto de Cultura bastante plural, que come\u00e7ou como banda de M\u00fasica e desde o ano 2000 vem reunindo eventos tamb\u00e9m de Poesia, Cinema, Dan\u00e7a, Teatro e Capoeira, em v\u00e1rias vertentes, do samba ao rock, passando pelo Hip Hop e dan\u00e7a de sal\u00e3o. Al\u00e9m de ser um dos principais pontos de encontro dos artistas e amantes das Artes.<\/p>\n<p>Animando a festa cultural de domingo haver\u00e1 um show com diversos m\u00fasicos que j\u00e1 confirmaram presen\u00e7a, uma lista grande que conta com nomes como Edinho do Samba, Paulinho Balthazar, Sergio Meirelles, Beto Gaspari, Elvis Marlon, Heraldo HB, Emira Ramos, a fanfarra Locomotiva da Baixada e a Companhia Palha\u00e7os Sol Sem D\u00f3. Al\u00e9m das atra\u00e7\u00f5es musicais, o evento vai contar com poesia, exposi\u00e7\u00f5es de artesato e de literatura. E uma apetitosa feijoada que j\u00e1 \u00e9 tradicional nas festas da institui\u00e7\u00e3o.<\/p>\n<p>A Festa Cultural da Lira ser\u00e1 no pr\u00f3ximo domingo, 09\/07\/17, a partir das 13h, na sede da institui\u00e7\u00e3o, na rua Jos\u00e9 Ver\u00edssimo, 72, centro de Duque de Caxias. Com entrada franca.<br \/>\nQuem quiser confirmar presen\u00e7a, \u00e9 s\u00f3 dar um pulo na p\u00e1gina do evento no Facebook: <a href=\"https:\/\/www.facebook.com\/events\/306553356443367\/\" target=\"_blank\" rel=\"noopener\">https:\/\/www.facebook.com\/events\/306553356443367\/\u00a0<\/a><\/p>\n<p><img loading=\"lazy\" decoding=\"async\" class=\"alignnone size-full wp-image-6590\" src=\"http:\/\/lurdinha.org\/site\/wp-content\/uploads\/liradeouro-60-anos.jpg\" alt=\"Ponto de Cultura Lira de Ouro comemora 60 anos \" width=\"640\" height=\"640\" srcset=\"https:\/\/lurdinha.org\/site\/wp-content\/uploads\/liradeouro-60-anos.jpg 640w, https:\/\/lurdinha.org\/site\/wp-content\/uploads\/liradeouro-60-anos-150x150.jpg 150w, https:\/\/lurdinha.org\/site\/wp-content\/uploads\/liradeouro-60-anos-300x300.jpg 300w, https:\/\/lurdinha.org\/site\/wp-content\/uploads\/liradeouro-60-anos-610x610.jpg 610w\" sizes=\"auto, (max-width: 640px) 100vw, 640px\" \/><\/p>\n","protected":false},"excerpt":{"rendered":"<p>A Arte e a Cultura da Baixada Fluminense estar\u00e3o em festa no pr\u00f3ximo domingo, dia&#8230;<\/p>\n","protected":false},"author":87,"featured_media":6590,"comment_status":"open","ping_status":"closed","sticky":false,"template":"","format":"standard","meta":{"footnotes":""},"categories":[8,5],"tags":[],"class_list":["post-6588","post","type-post","status-publish","format-standard","has-post-thumbnail","hentry","category-evento","category-umaboa"],"yoast_head":"<!-- This site is optimized with the Yoast SEO plugin v27.5 - https:\/\/yoast.com\/product\/yoast-seo-wordpress\/ -->\n<title>Ponto de Cultura Lira de Ouro comemora 60 anos com grande festa cultural - Lurdinha - Duque de Caxias para Est\u00f4magos Fortes<\/title>\n<meta name=\"robots\" content=\"index, follow, max-snippet:-1, max-image-preview:large, max-video-preview:-1\" \/>\n<link rel=\"canonical\" href=\"https:\/\/lurdinha.org\/site\/ponto-de-cultura-lira-de-ouro-comemora-60-anos-com-grande-festa-cultural\/\" \/>\n<meta property=\"og:locale\" content=\"pt_BR\" \/>\n<meta property=\"og:type\" content=\"article\" \/>\n<meta property=\"og:title\" content=\"Ponto de Cultura Lira de Ouro comemora 60 anos com grande festa cultural - Lurdinha - Duque de Caxias para Est\u00f4magos Fortes\" \/>\n<meta property=\"og:description\" content=\"A Arte e a Cultura da Baixada Fluminense estar\u00e3o em festa no pr\u00f3ximo domingo, dia...\" \/>\n<meta property=\"og:url\" content=\"https:\/\/lurdinha.org\/site\/ponto-de-cultura-lira-de-ouro-comemora-60-anos-com-grande-festa-cultural\/\" \/>\n<meta property=\"og:site_name\" content=\"Lurdinha - Duque de Caxias para Est\u00f4magos Fortes\" \/>\n<meta property=\"article:publisher\" content=\"https:\/\/www.facebook.com\/LurdinhadeCaxias\" \/>\n<meta property=\"article:published_time\" content=\"2017-07-04T00:11:09+00:00\" \/>\n<meta property=\"article:modified_time\" content=\"2022-09-11T18:16:51+00:00\" \/>\n<meta property=\"og:image\" content=\"https:\/\/lurdinha.org\/site\/wp-content\/uploads\/liradeouro-60-anos.jpg\" \/>\n\t<meta property=\"og:image:width\" content=\"640\" \/>\n\t<meta property=\"og:image:height\" content=\"640\" \/>\n\t<meta property=\"og:image:type\" content=\"image\/jpeg\" \/>\n<meta name=\"author\" content=\"Editoria\" \/>\n<meta name=\"twitter:card\" content=\"summary_large_image\" \/>\n<meta name=\"twitter:label1\" content=\"Escrito por\" \/>\n\t<meta name=\"twitter:data1\" content=\"Editoria\" \/>\n\t<meta name=\"twitter:label2\" content=\"Est. tempo de leitura\" \/>\n\t<meta name=\"twitter:data2\" content=\"1 minuto\" \/>\n<script type=\"application\/ld+json\" class=\"yoast-schema-graph\">{\"@context\":\"https:\\\/\\\/schema.org\",\"@graph\":[{\"@type\":\"Article\",\"@id\":\"https:\\\/\\\/lurdinha.org\\\/site\\\/ponto-de-cultura-lira-de-ouro-comemora-60-anos-com-grande-festa-cultural\\\/#article\",\"isPartOf\":{\"@id\":\"https:\\\/\\\/lurdinha.org\\\/site\\\/ponto-de-cultura-lira-de-ouro-comemora-60-anos-com-grande-festa-cultural\\\/\"},\"author\":{\"name\":\"Editoria\",\"@id\":\"https:\\\/\\\/lurdinha.org\\\/site\\\/#\\\/schema\\\/person\\\/6b0b6b83043cbaf7707ee275576b00ea\"},\"headline\":\"Ponto de Cultura Lira de Ouro comemora 60 anos com grande festa cultural\",\"datePublished\":\"2017-07-04T00:11:09+00:00\",\"dateModified\":\"2022-09-11T18:16:51+00:00\",\"mainEntityOfPage\":{\"@id\":\"https:\\\/\\\/lurdinha.org\\\/site\\\/ponto-de-cultura-lira-de-ouro-comemora-60-anos-com-grande-festa-cultural\\\/\"},\"wordCount\":270,\"commentCount\":0,\"publisher\":{\"@id\":\"https:\\\/\\\/lurdinha.org\\\/site\\\/#organization\"},\"image\":{\"@id\":\"https:\\\/\\\/lurdinha.org\\\/site\\\/ponto-de-cultura-lira-de-ouro-comemora-60-anos-com-grande-festa-cultural\\\/#primaryimage\"},\"thumbnailUrl\":\"https:\\\/\\\/lurdinha.org\\\/site\\\/wp-content\\\/uploads\\\/liradeouro-60-anos.jpg\",\"articleSection\":[\"evento\",\"uma boa\"],\"inLanguage\":\"pt-BR\",\"potentialAction\":[{\"@type\":\"CommentAction\",\"name\":\"Comment\",\"target\":[\"https:\\\/\\\/lurdinha.org\\\/site\\\/ponto-de-cultura-lira-de-ouro-comemora-60-anos-com-grande-festa-cultural\\\/#respond\"]}]},{\"@type\":\"WebPage\",\"@id\":\"https:\\\/\\\/lurdinha.org\\\/site\\\/ponto-de-cultura-lira-de-ouro-comemora-60-anos-com-grande-festa-cultural\\\/\",\"url\":\"https:\\\/\\\/lurdinha.org\\\/site\\\/ponto-de-cultura-lira-de-ouro-comemora-60-anos-com-grande-festa-cultural\\\/\",\"name\":\"Ponto de Cultura Lira de Ouro comemora 60 anos com grande festa cultural - Lurdinha - Duque de Caxias para Est\u00f4magos Fortes\",\"isPartOf\":{\"@id\":\"https:\\\/\\\/lurdinha.org\\\/site\\\/#website\"},\"primaryImageOfPage\":{\"@id\":\"https:\\\/\\\/lurdinha.org\\\/site\\\/ponto-de-cultura-lira-de-ouro-comemora-60-anos-com-grande-festa-cultural\\\/#primaryimage\"},\"image\":{\"@id\":\"https:\\\/\\\/lurdinha.org\\\/site\\\/ponto-de-cultura-lira-de-ouro-comemora-60-anos-com-grande-festa-cultural\\\/#primaryimage\"},\"thumbnailUrl\":\"https:\\\/\\\/lurdinha.org\\\/site\\\/wp-content\\\/uploads\\\/liradeouro-60-anos.jpg\",\"datePublished\":\"2017-07-04T00:11:09+00:00\",\"dateModified\":\"2022-09-11T18:16:51+00:00\",\"breadcrumb\":{\"@id\":\"https:\\\/\\\/lurdinha.org\\\/site\\\/ponto-de-cultura-lira-de-ouro-comemora-60-anos-com-grande-festa-cultural\\\/#breadcrumb\"},\"inLanguage\":\"pt-BR\",\"potentialAction\":[{\"@type\":\"ReadAction\",\"target\":[\"https:\\\/\\\/lurdinha.org\\\/site\\\/ponto-de-cultura-lira-de-ouro-comemora-60-anos-com-grande-festa-cultural\\\/\"]}]},{\"@type\":\"ImageObject\",\"inLanguage\":\"pt-BR\",\"@id\":\"https:\\\/\\\/lurdinha.org\\\/site\\\/ponto-de-cultura-lira-de-ouro-comemora-60-anos-com-grande-festa-cultural\\\/#primaryimage\",\"url\":\"https:\\\/\\\/lurdinha.org\\\/site\\\/wp-content\\\/uploads\\\/liradeouro-60-anos.jpg\",\"contentUrl\":\"https:\\\/\\\/lurdinha.org\\\/site\\\/wp-content\\\/uploads\\\/liradeouro-60-anos.jpg\",\"width\":640,\"height\":640,\"caption\":\"Ponto de Cultura Lira de Ouro comemora 60 anos\"},{\"@type\":\"BreadcrumbList\",\"@id\":\"https:\\\/\\\/lurdinha.org\\\/site\\\/ponto-de-cultura-lira-de-ouro-comemora-60-anos-com-grande-festa-cultural\\\/#breadcrumb\",\"itemListElement\":[{\"@type\":\"ListItem\",\"position\":1,\"name\":\"In\u00edcio\",\"item\":\"https:\\\/\\\/lurdinha.org\\\/site\\\/\"},{\"@type\":\"ListItem\",\"position\":2,\"name\":\"Ponto de Cultura Lira de Ouro comemora 60 anos com grande festa cultural\"}]},{\"@type\":\"WebSite\",\"@id\":\"https:\\\/\\\/lurdinha.org\\\/site\\\/#website\",\"url\":\"https:\\\/\\\/lurdinha.org\\\/site\\\/\",\"name\":\"Lurdinha - Duque de Caxias para Est\u00f4magos Fortes\",\"description\":\"Site sobre Arte, Cultura, Pol\u00edtica, Sociedade e curiosidades da cidade de Duque de Caxias, RJ\",\"publisher\":{\"@id\":\"https:\\\/\\\/lurdinha.org\\\/site\\\/#organization\"},\"alternateName\":\"Lurdinha\",\"potentialAction\":[{\"@type\":\"SearchAction\",\"target\":{\"@type\":\"EntryPoint\",\"urlTemplate\":\"https:\\\/\\\/lurdinha.org\\\/site\\\/?s={search_term_string}\"},\"query-input\":{\"@type\":\"PropertyValueSpecification\",\"valueRequired\":true,\"valueName\":\"search_term_string\"}}],\"inLanguage\":\"pt-BR\"},{\"@type\":\"Organization\",\"@id\":\"https:\\\/\\\/lurdinha.org\\\/site\\\/#organization\",\"name\":\"Lurdinha de Caxias\",\"url\":\"https:\\\/\\\/lurdinha.org\\\/site\\\/\",\"logo\":{\"@type\":\"ImageObject\",\"inLanguage\":\"pt-BR\",\"@id\":\"https:\\\/\\\/lurdinha.org\\\/site\\\/#\\\/schema\\\/logo\\\/image\\\/\",\"url\":\"https:\\\/\\\/lurdinha.org\\\/site\\\/wp-content\\\/uploads\\\/logo-lurdinha.jpg\",\"contentUrl\":\"https:\\\/\\\/lurdinha.org\\\/site\\\/wp-content\\\/uploads\\\/logo-lurdinha.jpg\",\"width\":640,\"height\":60,\"caption\":\"Lurdinha de Caxias\"},\"image\":{\"@id\":\"https:\\\/\\\/lurdinha.org\\\/site\\\/#\\\/schema\\\/logo\\\/image\\\/\"},\"sameAs\":[\"https:\\\/\\\/www.facebook.com\\\/LurdinhadeCaxias\",\"https:\\\/\\\/www.instagram.com\\\/lurdinhadecaxias\"]},{\"@type\":\"Person\",\"@id\":\"https:\\\/\\\/lurdinha.org\\\/site\\\/#\\\/schema\\\/person\\\/6b0b6b83043cbaf7707ee275576b00ea\",\"name\":\"Editoria\",\"image\":{\"@type\":\"ImageObject\",\"inLanguage\":\"pt-BR\",\"@id\":\"https:\\\/\\\/secure.gravatar.com\\\/avatar\\\/0ba27ca5462d63e6c810ae4debe7159a69befcd2e33516be5bad4700d2dbfa72?s=96&d=mm&r=g\",\"url\":\"https:\\\/\\\/secure.gravatar.com\\\/avatar\\\/0ba27ca5462d63e6c810ae4debe7159a69befcd2e33516be5bad4700d2dbfa72?s=96&d=mm&r=g\",\"contentUrl\":\"https:\\\/\\\/secure.gravatar.com\\\/avatar\\\/0ba27ca5462d63e6c810ae4debe7159a69befcd2e33516be5bad4700d2dbfa72?s=96&d=mm&r=g\",\"caption\":\"Editoria\"},\"url\":\"https:\\\/\\\/lurdinha.org\\\/site\\\/author\\\/editoria\\\/\"}]}<\/script>\n<!-- \/ Yoast SEO plugin. -->","yoast_head_json":{"title":"Ponto de Cultura Lira de Ouro comemora 60 anos com grande festa cultural - Lurdinha - Duque de Caxias para Est\u00f4magos Fortes","robots":{"index":"index","follow":"follow","max-snippet":"max-snippet:-1","max-image-preview":"max-image-preview:large","max-video-preview":"max-video-preview:-1"},"canonical":"https:\/\/lurdinha.org\/site\/ponto-de-cultura-lira-de-ouro-comemora-60-anos-com-grande-festa-cultural\/","og_locale":"pt_BR","og_type":"article","og_title":"Ponto de Cultura Lira de Ouro comemora 60 anos com grande festa cultural - Lurdinha - Duque de Caxias para Est\u00f4magos Fortes","og_description":"A Arte e a Cultura da Baixada Fluminense estar\u00e3o em festa no pr\u00f3ximo domingo, dia...","og_url":"https:\/\/lurdinha.org\/site\/ponto-de-cultura-lira-de-ouro-comemora-60-anos-com-grande-festa-cultural\/","og_site_name":"Lurdinha - Duque de Caxias para Est\u00f4magos Fortes","article_publisher":"https:\/\/www.facebook.com\/LurdinhadeCaxias","article_published_time":"2017-07-04T00:11:09+00:00","article_modified_time":"2022-09-11T18:16:51+00:00","og_image":[{"width":640,"height":640,"url":"https:\/\/lurdinha.org\/site\/wp-content\/uploads\/liradeouro-60-anos.jpg","type":"image\/jpeg"}],"author":"Editoria","twitter_card":"summary_large_image","twitter_misc":{"Escrito por":"Editoria","Est. tempo de leitura":"1 minuto"},"schema":{"@context":"https:\/\/schema.org","@graph":[{"@type":"Article","@id":"https:\/\/lurdinha.org\/site\/ponto-de-cultura-lira-de-ouro-comemora-60-anos-com-grande-festa-cultural\/#article","isPartOf":{"@id":"https:\/\/lurdinha.org\/site\/ponto-de-cultura-lira-de-ouro-comemora-60-anos-com-grande-festa-cultural\/"},"author":{"name":"Editoria","@id":"https:\/\/lurdinha.org\/site\/#\/schema\/person\/6b0b6b83043cbaf7707ee275576b00ea"},"headline":"Ponto de Cultura Lira de Ouro comemora 60 anos com grande festa cultural","datePublished":"2017-07-04T00:11:09+00:00","dateModified":"2022-09-11T18:16:51+00:00","mainEntityOfPage":{"@id":"https:\/\/lurdinha.org\/site\/ponto-de-cultura-lira-de-ouro-comemora-60-anos-com-grande-festa-cultural\/"},"wordCount":270,"commentCount":0,"publisher":{"@id":"https:\/\/lurdinha.org\/site\/#organization"},"image":{"@id":"https:\/\/lurdinha.org\/site\/ponto-de-cultura-lira-de-ouro-comemora-60-anos-com-grande-festa-cultural\/#primaryimage"},"thumbnailUrl":"https:\/\/lurdinha.org\/site\/wp-content\/uploads\/liradeouro-60-anos.jpg","articleSection":["evento","uma boa"],"inLanguage":"pt-BR","potentialAction":[{"@type":"CommentAction","name":"Comment","target":["https:\/\/lurdinha.org\/site\/ponto-de-cultura-lira-de-ouro-comemora-60-anos-com-grande-festa-cultural\/#respond"]}]},{"@type":"WebPage","@id":"https:\/\/lurdinha.org\/site\/ponto-de-cultura-lira-de-ouro-comemora-60-anos-com-grande-festa-cultural\/","url":"https:\/\/lurdinha.org\/site\/ponto-de-cultura-lira-de-ouro-comemora-60-anos-com-grande-festa-cultural\/","name":"Ponto de Cultura Lira de Ouro comemora 60 anos com grande festa cultural - Lurdinha - Duque de Caxias para Est\u00f4magos Fortes","isPartOf":{"@id":"https:\/\/lurdinha.org\/site\/#website"},"primaryImageOfPage":{"@id":"https:\/\/lurdinha.org\/site\/ponto-de-cultura-lira-de-ouro-comemora-60-anos-com-grande-festa-cultural\/#primaryimage"},"image":{"@id":"https:\/\/lurdinha.org\/site\/ponto-de-cultura-lira-de-ouro-comemora-60-anos-com-grande-festa-cultural\/#primaryimage"},"thumbnailUrl":"https:\/\/lurdinha.org\/site\/wp-content\/uploads\/liradeouro-60-anos.jpg","datePublished":"2017-07-04T00:11:09+00:00","dateModified":"2022-09-11T18:16:51+00:00","breadcrumb":{"@id":"https:\/\/lurdinha.org\/site\/ponto-de-cultura-lira-de-ouro-comemora-60-anos-com-grande-festa-cultural\/#breadcrumb"},"inLanguage":"pt-BR","potentialAction":[{"@type":"ReadAction","target":["https:\/\/lurdinha.org\/site\/ponto-de-cultura-lira-de-ouro-comemora-60-anos-com-grande-festa-cultural\/"]}]},{"@type":"ImageObject","inLanguage":"pt-BR","@id":"https:\/\/lurdinha.org\/site\/ponto-de-cultura-lira-de-ouro-comemora-60-anos-com-grande-festa-cultural\/#primaryimage","url":"https:\/\/lurdinha.org\/site\/wp-content\/uploads\/liradeouro-60-anos.jpg","contentUrl":"https:\/\/lurdinha.org\/site\/wp-content\/uploads\/liradeouro-60-anos.jpg","width":640,"height":640,"caption":"Ponto de Cultura Lira de Ouro comemora 60 anos"},{"@type":"BreadcrumbList","@id":"https:\/\/lurdinha.org\/site\/ponto-de-cultura-lira-de-ouro-comemora-60-anos-com-grande-festa-cultural\/#breadcrumb","itemListElement":[{"@type":"ListItem","position":1,"name":"In\u00edcio","item":"https:\/\/lurdinha.org\/site\/"},{"@type":"ListItem","position":2,"name":"Ponto de Cultura Lira de Ouro comemora 60 anos com grande festa cultural"}]},{"@type":"WebSite","@id":"https:\/\/lurdinha.org\/site\/#website","url":"https:\/\/lurdinha.org\/site\/","name":"Lurdinha - Duque de Caxias para Est\u00f4magos Fortes","description":"Site sobre Arte, Cultura, Pol\u00edtica, Sociedade e curiosidades da cidade de Duque de Caxias, RJ","publisher":{"@id":"https:\/\/lurdinha.org\/site\/#organization"},"alternateName":"Lurdinha","potentialAction":[{"@type":"SearchAction","target":{"@type":"EntryPoint","urlTemplate":"https:\/\/lurdinha.org\/site\/?s={search_term_string}"},"query-input":{"@type":"PropertyValueSpecification","valueRequired":true,"valueName":"search_term_string"}}],"inLanguage":"pt-BR"},{"@type":"Organization","@id":"https:\/\/lurdinha.org\/site\/#organization","name":"Lurdinha de Caxias","url":"https:\/\/lurdinha.org\/site\/","logo":{"@type":"ImageObject","inLanguage":"pt-BR","@id":"https:\/\/lurdinha.org\/site\/#\/schema\/logo\/image\/","url":"https:\/\/lurdinha.org\/site\/wp-content\/uploads\/logo-lurdinha.jpg","contentUrl":"https:\/\/lurdinha.org\/site\/wp-content\/uploads\/logo-lurdinha.jpg","width":640,"height":60,"caption":"Lurdinha de Caxias"},"image":{"@id":"https:\/\/lurdinha.org\/site\/#\/schema\/logo\/image\/"},"sameAs":["https:\/\/www.facebook.com\/LurdinhadeCaxias","https:\/\/www.instagram.com\/lurdinhadecaxias"]},{"@type":"Person","@id":"https:\/\/lurdinha.org\/site\/#\/schema\/person\/6b0b6b83043cbaf7707ee275576b00ea","name":"Editoria","image":{"@type":"ImageObject","inLanguage":"pt-BR","@id":"https:\/\/secure.gravatar.com\/avatar\/0ba27ca5462d63e6c810ae4debe7159a69befcd2e33516be5bad4700d2dbfa72?s=96&d=mm&r=g","url":"https:\/\/secure.gravatar.com\/avatar\/0ba27ca5462d63e6c810ae4debe7159a69befcd2e33516be5bad4700d2dbfa72?s=96&d=mm&r=g","contentUrl":"https:\/\/secure.gravatar.com\/avatar\/0ba27ca5462d63e6c810ae4debe7159a69befcd2e33516be5bad4700d2dbfa72?s=96&d=mm&r=g","caption":"Editoria"},"url":"https:\/\/lurdinha.org\/site\/author\/editoria\/"}]}},"views":3202,"_links":{"self":[{"href":"https:\/\/lurdinha.org\/site\/wp-json\/wp\/v2\/posts\/6588","targetHints":{"allow":["GET"]}}],"collection":[{"href":"https:\/\/lurdinha.org\/site\/wp-json\/wp\/v2\/posts"}],"about":[{"href":"https:\/\/lurdinha.org\/site\/wp-json\/wp\/v2\/types\/post"}],"author":[{"embeddable":true,"href":"https:\/\/lurdinha.org\/site\/wp-json\/wp\/v2\/users\/87"}],"replies":[{"embeddable":true,"href":"https:\/\/lurdinha.org\/site\/wp-json\/wp\/v2\/comments?post=6588"}],"version-history":[{"count":3,"href":"https:\/\/lurdinha.org\/site\/wp-json\/wp\/v2\/posts\/6588\/revisions"}],"predecessor-version":[{"id":6592,"href":"https:\/\/lurdinha.org\/site\/wp-json\/wp\/v2\/posts\/6588\/revisions\/6592"}],"wp:featuredmedia":[{"embeddable":true,"href":"https:\/\/lurdinha.org\/site\/wp-json\/wp\/v2\/media\/6590"}],"wp:attachment":[{"href":"https:\/\/lurdinha.org\/site\/wp-json\/wp\/v2\/media?parent=6588"}],"wp:term":[{"taxonomy":"category","embeddable":true,"href":"https:\/\/lurdinha.org\/site\/wp-json\/wp\/v2\/categories?post=6588"},{"taxonomy":"post_tag","embeddable":true,"href":"https:\/\/lurdinha.org\/site\/wp-json\/wp\/v2\/tags?post=6588"}],"curies":[{"name":"wp","href":"https:\/\/api.w.org\/{rel}","templated":true}]}}